{"id":22661,"date":"2022-02-01T20:49:44","date_gmt":"2022-02-01T23:49:44","guid":{"rendered":"https:\/\/redenoticiaz.com.br\/litoralsp\/?p=22661"},"modified":"2022-02-01T20:50:55","modified_gmt":"2022-02-01T23:50:55","slug":"mais-de-700-cameras-serao-instaladas-em-predios-publicos-de-itanhaem","status":"publish","type":"post","link":"https:\/\/redenoticiaz.com.br\/litoralsp\/2022\/02\/01\/mais-de-700-cameras-serao-instaladas-em-predios-publicos-de-itanhaem","title":{"rendered":"Mais de 700 c\u00e2meras ser\u00e3o instaladas em pr\u00e9dios p\u00fablicos de Itanha\u00e9m"},"content":{"rendered":"<p>A seguran\u00e7a de <a href=\"http:\/\/www2.itanhaem.sp.gov.br\/\">Itanha\u00e9m<\/a> ser\u00e1 mais refor\u00e7ada gra\u00e7as \u00e0s c\u00e2meras de monitoramento. O sistema de seguran\u00e7a contar\u00e1 com <strong>mais de 700 equipamentos<\/strong> de vigil\u00e2ncia e todos estar\u00e3o instalados em pr\u00e9dios p\u00fablicos da cidade.<\/p>\n<p>Segundo a prefeitura, al\u00e9m das 761 novas c\u00e2meras de monitoramento, tamb\u00e9m ser\u00e3o instalados 912 sensores de presen\u00e7a passivos, 280 sensores dual semi-externos e 537 sensores de barreira ativo. O investimento foi realizado com recursos pr\u00f3prios do munic\u00edpio.<\/p>\n<div class=\"mc-column content-text active-extra-styles \" data-block-type=\"unstyled\" data-block-weight=\"26\" data-block-id=\"4\">\n<p class=\"content-text__container \" data-track-category=\"Link no Texto\" data-track-links=\"\">O pacote contratado por meio de preg\u00e3o presencial compreende os equipamentos em comodato, instala\u00e7\u00e3o, manuten\u00e7\u00e3o, monitoramento e respostas de pronto atendimento a ocorr\u00eancias derivadas deste sistema.<\/p>\n<\/div>\n<div class=\"mc-column content-text active-extra-styles \" data-block-type=\"unstyled\" data-block-weight=\"37\" data-block-id=\"5\">\n<p class=\"content-text__container \" data-track-category=\"Link no Texto\" data-track-links=\"\">Ser\u00e3o beneficiados, no total, 114 pr\u00e9dios da administra\u00e7\u00e3o municipal. Entre elas, escolas e creches municipais, Unidades de Sa\u00fade da Fam\u00edlia, Centro de Refer\u00eancia de Assist\u00eancia e Desenvolvimento Social, Regionais nos bairros. Al\u00e9m disso, elas tamb\u00e9m ser\u00e3o instaladas em Postos de Informa\u00e7\u00f5es Tur\u00edsticas, Cemit\u00e9rio, entre outros.<\/p>\n<p data-track-category=\"Link no Texto\" data-track-links=\"\"><strong>LEIA TAMB\u00c9M<\/strong><\/p>\n<\/div>\n<div class=\"content-ads content-ads--reveal\" data-block-type=\"ads\" data-block-id=\"6\"><\/div>\n<div class=\"block-podcast\"><a href=\"https:\/\/redenoticiaz.com.br\/litoralsp\/2022\/02\/01\/santos-inaugura-creche-de-ensino-infantil-integral\">Santos inaugura creche de ensino infantil integral<\/a><\/div>\n","protected":false},"excerpt":{"rendered":"<p>A seguran\u00e7a de Itanha\u00e9m ser\u00e1 mais refor\u00e7ada gra\u00e7as \u00e0s c\u00e2meras de monitoramento. O sistema de seguran\u00e7a contar\u00e1 com mais de 700 equipamentos de vigil\u00e2ncia e todos estar\u00e3o instalados em pr\u00e9dios p\u00fablicos da cidade. Segundo a prefeitura, al\u00e9m das 761 novas c\u00e2meras de monitoramento, tamb\u00e9m ser\u00e3o instalados 912 sensores de presen\u00e7a passivos, 280 sensores dual semi-externos &hellip;<\/p>\n","protected":false},"author":6,"featured_media":22662,"comment_status":"open","ping_status":"closed","sticky":false,"template":"","format":"standard","meta":{"footnotes":""},"categories":[184,10,937],"tags":[9590,1068,11384,9462],"class_list":["post-22661","post","type-post","status-publish","format-standard","has-post-thumbnail","hentry","category-itanhaem","category-policia","category-tecnologia","tag-cameras-de-monitoramento","tag-itanhaem","tag-seguranca","tag-tecnologia"],"yoast_head":"<!-- This site is optimized with the Yoast SEO plugin v27.4 - https:\/\/yoast.com\/product\/yoast-seo-wordpress\/ -->\n<title>Mais de 700 c\u00e2meras ser\u00e3o instaladas em pr\u00e9dios p\u00fablicos de Itanha\u00e9m - Litoral SP<\/title>\n<meta name=\"description\" content=\"de Itanha\u00e9m ser\u00e1 mais refor\u00e7ada gra\u00e7as \u00e0s c\u00e2meras de monitoramento. O sistema de seguran\u00e7a contar\u00e1 com mais de 700 equipamentos de\" \/>\n<meta name=\"robots\" content=\"index, follow, max-snippet:-1, max-image-preview:large, max-video-preview:-1\" \/>\n<link rel=\"canonical\" href=\"https:\/\/redenoticiaz.com.br\/litoralsp\/2022\/02\/01\/mais-de-700-cameras-serao-instaladas-em-predios-publicos-de-itanhaem\" \/>\n<meta property=\"og:locale\" content=\"pt_BR\" \/>\n<meta property=\"og:type\" content=\"article\" \/>\n<meta property=\"og:title\" content=\"Mais de 700 c\u00e2meras ser\u00e3o instaladas em pr\u00e9dios p\u00fablicos de Itanha\u00e9m - Litoral SP\" \/>\n<meta property=\"og:description\" content=\"de Itanha\u00e9m ser\u00e1 mais refor\u00e7ada gra\u00e7as \u00e0s c\u00e2meras de monitoramento. O sistema de seguran\u00e7a contar\u00e1 com mais de 700 equipamentos de\" \/>\n<meta property=\"og:url\" content=\"https:\/\/redenoticiaz.com.br\/litoralsp\/2022\/02\/01\/mais-de-700-cameras-serao-instaladas-em-predios-publicos-de-itanhaem\" \/>\n<meta property=\"og:site_name\" content=\"Litoral SP\" \/>\n<meta property=\"article:published_time\" content=\"2022-02-01T23:49:44+00:00\" \/>\n<meta property=\"article:modified_time\" content=\"2022-02-01T23:50:55+00:00\" \/>\n<meta property=\"og:image\" content=\"https:\/\/redenoticiaz.com.br\/litoralsp\/wp-content\/uploads\/sites\/3\/2022\/02\/40795-1.jpg\" \/>\n\t<meta property=\"og:image:width\" content=\"984\" \/>\n\t<meta property=\"og:image:height\" content=\"612\" \/>\n\t<meta property=\"og:image:type\" content=\"image\/jpeg\" \/>\n<meta name=\"author\" content=\"Leonardo Francisco\" \/>\n<meta name=\"twitter:card\" content=\"summary_large_image\" \/>\n<meta name=\"twitter:label1\" content=\"Escrito por\" \/>\n\t<meta name=\"twitter:data1\" content=\"Leonardo Francisco\" \/>\n\t<meta name=\"twitter:label2\" content=\"Est. tempo de leitura\" \/>\n\t<meta name=\"twitter:data2\" content=\"1 minuto\" \/>\n<script type=\"application\/ld+json\" class=\"yoast-schema-graph\">{\"@context\":\"https:\\\/\\\/schema.org\",\"@graph\":[{\"@type\":\"Article\",\"@id\":\"https:\\\/\\\/redenoticiaz.com.br\\\/litoralsp\\\/2022\\\/02\\\/01\\\/mais-de-700-cameras-serao-instaladas-em-predios-publicos-de-itanhaem#article\",\"isPartOf\":{\"@id\":\"https:\\\/\\\/redenoticiaz.com.br\\\/litoralsp\\\/2022\\\/02\\\/01\\\/mais-de-700-cameras-serao-instaladas-em-predios-publicos-de-itanhaem\"},\"author\":{\"name\":\"Leonardo Francisco\",\"@id\":\"https:\\\/\\\/redenoticiaz.com.br\\\/litoralsp\\\/#\\\/schema\\\/person\\\/0f0b8a5bdafefe82841e07ae8d81ecb3\"},\"headline\":\"Mais de 700 c\u00e2meras ser\u00e3o instaladas em pr\u00e9dios p\u00fablicos de Itanha\u00e9m\",\"datePublished\":\"2022-02-01T23:49:44+00:00\",\"dateModified\":\"2022-02-01T23:50:55+00:00\",\"mainEntityOfPage\":{\"@id\":\"https:\\\/\\\/redenoticiaz.com.br\\\/litoralsp\\\/2022\\\/02\\\/01\\\/mais-de-700-cameras-serao-instaladas-em-predios-publicos-de-itanhaem\"},\"wordCount\":194,\"commentCount\":0,\"publisher\":{\"@id\":\"https:\\\/\\\/redenoticiaz.com.br\\\/litoralsp\\\/#organization\"},\"image\":{\"@id\":\"https:\\\/\\\/redenoticiaz.com.br\\\/litoralsp\\\/2022\\\/02\\\/01\\\/mais-de-700-cameras-serao-instaladas-em-predios-publicos-de-itanhaem#primaryimage\"},\"thumbnailUrl\":\"https:\\\/\\\/redenoticiaz.com.br\\\/litoralsp\\\/wp-content\\\/uploads\\\/sites\\\/3\\\/2022\\\/02\\\/40795-1.jpg\",\"keywords\":[\"C\u00c2MERAS DE MONITORAMENTO\",\"ITANHA\u00c9M\",\"seguran\u00e7a\",\"tecnologia\"],\"articleSection\":[\"Itanha\u00e9m\",\"Pol\u00edcia\",\"Tecnologia\"],\"inLanguage\":\"pt-BR\",\"potentialAction\":[{\"@type\":\"CommentAction\",\"name\":\"Comment\",\"target\":[\"https:\\\/\\\/redenoticiaz.com.br\\\/litoralsp\\\/2022\\\/02\\\/01\\\/mais-de-700-cameras-serao-instaladas-em-predios-publicos-de-itanhaem#respond\"]}]},{\"@type\":\"WebPage\",\"@id\":\"https:\\\/\\\/redenoticiaz.com.br\\\/litoralsp\\\/2022\\\/02\\\/01\\\/mais-de-700-cameras-serao-instaladas-em-predios-publicos-de-itanhaem\",\"url\":\"https:\\\/\\\/redenoticiaz.com.br\\\/litoralsp\\\/2022\\\/02\\\/01\\\/mais-de-700-cameras-serao-instaladas-em-predios-publicos-de-itanhaem\",\"name\":\"Mais de 700 c\u00e2meras ser\u00e3o instaladas em pr\u00e9dios p\u00fablicos de Itanha\u00e9m - Litoral SP\",\"isPartOf\":{\"@id\":\"https:\\\/\\\/redenoticiaz.com.br\\\/litoralsp\\\/#website\"},\"primaryImageOfPage\":{\"@id\":\"https:\\\/\\\/redenoticiaz.com.br\\\/litoralsp\\\/2022\\\/02\\\/01\\\/mais-de-700-cameras-serao-instaladas-em-predios-publicos-de-itanhaem#primaryimage\"},\"image\":{\"@id\":\"https:\\\/\\\/redenoticiaz.com.br\\\/litoralsp\\\/2022\\\/02\\\/01\\\/mais-de-700-cameras-serao-instaladas-em-predios-publicos-de-itanhaem#primaryimage\"},\"thumbnailUrl\":\"https:\\\/\\\/redenoticiaz.com.br\\\/litoralsp\\\/wp-content\\\/uploads\\\/sites\\\/3\\\/2022\\\/02\\\/40795-1.jpg\",\"datePublished\":\"2022-02-01T23:49:44+00:00\",\"dateModified\":\"2022-02-01T23:50:55+00:00\",\"description\":\"de Itanha\u00e9m ser\u00e1 mais refor\u00e7ada gra\u00e7as \u00e0s c\u00e2meras de monitoramento. O sistema de seguran\u00e7a contar\u00e1 com mais de 700 equipamentos de\",\"inLanguage\":\"pt-BR\",\"potentialAction\":[{\"@type\":\"ReadAction\",\"target\":[\"https:\\\/\\\/redenoticiaz.com.br\\\/litoralsp\\\/2022\\\/02\\\/01\\\/mais-de-700-cameras-serao-instaladas-em-predios-publicos-de-itanhaem\"]}]},{\"@type\":\"ImageObject\",\"inLanguage\":\"pt-BR\",\"@id\":\"https:\\\/\\\/redenoticiaz.com.br\\\/litoralsp\\\/2022\\\/02\\\/01\\\/mais-de-700-cameras-serao-instaladas-em-predios-publicos-de-itanhaem#primaryimage\",\"url\":\"https:\\\/\\\/redenoticiaz.com.br\\\/litoralsp\\\/wp-content\\\/uploads\\\/sites\\\/3\\\/2022\\\/02\\\/40795-1.jpg\",\"contentUrl\":\"https:\\\/\\\/redenoticiaz.com.br\\\/litoralsp\\\/wp-content\\\/uploads\\\/sites\\\/3\\\/2022\\\/02\\\/40795-1.jpg\",\"width\":984,\"height\":612,\"caption\":\"Cr\u00e9ditos: Reprodu\u00e7\u00e3o.\"},{\"@type\":\"WebSite\",\"@id\":\"https:\\\/\\\/redenoticiaz.com.br\\\/litoralsp\\\/#website\",\"url\":\"https:\\\/\\\/redenoticiaz.com.br\\\/litoralsp\\\/\",\"name\":\"Litoral SP\",\"description\":\"Rede NoticiaZ\",\"publisher\":{\"@id\":\"https:\\\/\\\/redenoticiaz.com.br\\\/litoralsp\\\/#organization\"},\"potentialAction\":[{\"@type\":\"SearchAction\",\"target\":{\"@type\":\"EntryPoint\",\"urlTemplate\":\"https:\\\/\\\/redenoticiaz.com.br\\\/litoralsp\\\/?s={search_term_string}\"},\"query-input\":{\"@type\":\"PropertyValueSpecification\",\"valueRequired\":true,\"valueName\":\"search_term_string\"}}],\"inLanguage\":\"pt-BR\"},{\"@type\":\"Organization\",\"@id\":\"https:\\\/\\\/redenoticiaz.com.br\\\/litoralsp\\\/#organization\",\"name\":\"Litoral SP\",\"url\":\"https:\\\/\\\/redenoticiaz.com.br\\\/litoralsp\\\/\",\"logo\":{\"@type\":\"ImageObject\",\"inLanguage\":\"pt-BR\",\"@id\":\"https:\\\/\\\/redenoticiaz.com.br\\\/litoralsp\\\/#\\\/schema\\\/logo\\\/image\\\/\",\"url\":\"https:\\\/\\\/redenoticiaz.com.br\\\/litoralsp\\\/wp-content\\\/uploads\\\/sites\\\/3\\\/2020\\\/11\\\/logo.jpg\",\"contentUrl\":\"https:\\\/\\\/redenoticiaz.com.br\\\/litoralsp\\\/wp-content\\\/uploads\\\/sites\\\/3\\\/2020\\\/11\\\/logo.jpg\",\"width\":400,\"height\":250,\"caption\":\"Litoral SP\"},\"image\":{\"@id\":\"https:\\\/\\\/redenoticiaz.com.br\\\/litoralsp\\\/#\\\/schema\\\/logo\\\/image\\\/\"}},{\"@type\":\"Person\",\"@id\":\"https:\\\/\\\/redenoticiaz.com.br\\\/litoralsp\\\/#\\\/schema\\\/person\\\/0f0b8a5bdafefe82841e07ae8d81ecb3\",\"name\":\"Leonardo Francisco\",\"image\":{\"@type\":\"ImageObject\",\"inLanguage\":\"pt-BR\",\"@id\":\"https:\\\/\\\/secure.gravatar.com\\\/avatar\\\/a7358cb406a99b682ec6df1e77e31ae82e63601f6784e8a3df411d72b37864da?s=96&d=mm&r=g\",\"url\":\"https:\\\/\\\/secure.gravatar.com\\\/avatar\\\/a7358cb406a99b682ec6df1e77e31ae82e63601f6784e8a3df411d72b37864da?s=96&d=mm&r=g\",\"contentUrl\":\"https:\\\/\\\/secure.gravatar.com\\\/avatar\\\/a7358cb406a99b682ec6df1e77e31ae82e63601f6784e8a3df411d72b37864da?s=96&d=mm&r=g\",\"caption\":\"Leonardo Francisco\"},\"url\":\"https:\\\/\\\/redenoticiaz.com.br\\\/litoralsp\\\/author\\\/leonardo-francisco\"}]}<\/script>\n<!-- \/ Yoast SEO plugin. -->","yoast_head_json":{"title":"Mais de 700 c\u00e2meras ser\u00e3o instaladas em pr\u00e9dios p\u00fablicos de Itanha\u00e9m - Litoral SP","description":"de Itanha\u00e9m ser\u00e1 mais refor\u00e7ada gra\u00e7as \u00e0s c\u00e2meras de monitoramento. O sistema de seguran\u00e7a contar\u00e1 com mais de 700 equipamentos de","robots":{"index":"index","follow":"follow","max-snippet":"max-snippet:-1","max-image-preview":"max-image-preview:large","max-video-preview":"max-video-preview:-1"},"canonical":"https:\/\/redenoticiaz.com.br\/litoralsp\/2022\/02\/01\/mais-de-700-cameras-serao-instaladas-em-predios-publicos-de-itanhaem","og_locale":"pt_BR","og_type":"article","og_title":"Mais de 700 c\u00e2meras ser\u00e3o instaladas em pr\u00e9dios p\u00fablicos de Itanha\u00e9m - Litoral SP","og_description":"de Itanha\u00e9m ser\u00e1 mais refor\u00e7ada gra\u00e7as \u00e0s c\u00e2meras de monitoramento. O sistema de seguran\u00e7a contar\u00e1 com mais de 700 equipamentos de","og_url":"https:\/\/redenoticiaz.com.br\/litoralsp\/2022\/02\/01\/mais-de-700-cameras-serao-instaladas-em-predios-publicos-de-itanhaem","og_site_name":"Litoral SP","article_published_time":"2022-02-01T23:49:44+00:00","article_modified_time":"2022-02-01T23:50:55+00:00","og_image":[{"width":984,"height":612,"url":"https:\/\/redenoticiaz.com.br\/litoralsp\/wp-content\/uploads\/sites\/3\/2022\/02\/40795-1.jpg","type":"image\/jpeg"}],"author":"Leonardo Francisco","twitter_card":"summary_large_image","twitter_misc":{"Escrito por":"Leonardo Francisco","Est. tempo de leitura":"1 minuto"},"schema":{"@context":"https:\/\/schema.org","@graph":[{"@type":"Article","@id":"https:\/\/redenoticiaz.com.br\/litoralsp\/2022\/02\/01\/mais-de-700-cameras-serao-instaladas-em-predios-publicos-de-itanhaem#article","isPartOf":{"@id":"https:\/\/redenoticiaz.com.br\/litoralsp\/2022\/02\/01\/mais-de-700-cameras-serao-instaladas-em-predios-publicos-de-itanhaem"},"author":{"name":"Leonardo Francisco","@id":"https:\/\/redenoticiaz.com.br\/litoralsp\/#\/schema\/person\/0f0b8a5bdafefe82841e07ae8d81ecb3"},"headline":"Mais de 700 c\u00e2meras ser\u00e3o instaladas em pr\u00e9dios p\u00fablicos de Itanha\u00e9m","datePublished":"2022-02-01T23:49:44+00:00","dateModified":"2022-02-01T23:50:55+00:00","mainEntityOfPage":{"@id":"https:\/\/redenoticiaz.com.br\/litoralsp\/2022\/02\/01\/mais-de-700-cameras-serao-instaladas-em-predios-publicos-de-itanhaem"},"wordCount":194,"commentCount":0,"publisher":{"@id":"https:\/\/redenoticiaz.com.br\/litoralsp\/#organization"},"image":{"@id":"https:\/\/redenoticiaz.com.br\/litoralsp\/2022\/02\/01\/mais-de-700-cameras-serao-instaladas-em-predios-publicos-de-itanhaem#primaryimage"},"thumbnailUrl":"https:\/\/redenoticiaz.com.br\/litoralsp\/wp-content\/uploads\/sites\/3\/2022\/02\/40795-1.jpg","keywords":["C\u00c2MERAS DE MONITORAMENTO","ITANHA\u00c9M","seguran\u00e7a","tecnologia"],"articleSection":["Itanha\u00e9m","Pol\u00edcia","Tecnologia"],"inLanguage":"pt-BR","potentialAction":[{"@type":"CommentAction","name":"Comment","target":["https:\/\/redenoticiaz.com.br\/litoralsp\/2022\/02\/01\/mais-de-700-cameras-serao-instaladas-em-predios-publicos-de-itanhaem#respond"]}]},{"@type":"WebPage","@id":"https:\/\/redenoticiaz.com.br\/litoralsp\/2022\/02\/01\/mais-de-700-cameras-serao-instaladas-em-predios-publicos-de-itanhaem","url":"https:\/\/redenoticiaz.com.br\/litoralsp\/2022\/02\/01\/mais-de-700-cameras-serao-instaladas-em-predios-publicos-de-itanhaem","name":"Mais de 700 c\u00e2meras ser\u00e3o instaladas em pr\u00e9dios p\u00fablicos de Itanha\u00e9m - Litoral SP","isPartOf":{"@id":"https:\/\/redenoticiaz.com.br\/litoralsp\/#website"},"primaryImageOfPage":{"@id":"https:\/\/redenoticiaz.com.br\/litoralsp\/2022\/02\/01\/mais-de-700-cameras-serao-instaladas-em-predios-publicos-de-itanhaem#primaryimage"},"image":{"@id":"https:\/\/redenoticiaz.com.br\/litoralsp\/2022\/02\/01\/mais-de-700-cameras-serao-instaladas-em-predios-publicos-de-itanhaem#primaryimage"},"thumbnailUrl":"https:\/\/redenoticiaz.com.br\/litoralsp\/wp-content\/uploads\/sites\/3\/2022\/02\/40795-1.jpg","datePublished":"2022-02-01T23:49:44+00:00","dateModified":"2022-02-01T23:50:55+00:00","description":"de Itanha\u00e9m ser\u00e1 mais refor\u00e7ada gra\u00e7as \u00e0s c\u00e2meras de monitoramento. O sistema de seguran\u00e7a contar\u00e1 com mais de 700 equipamentos de","inLanguage":"pt-BR","potentialAction":[{"@type":"ReadAction","target":["https:\/\/redenoticiaz.com.br\/litoralsp\/2022\/02\/01\/mais-de-700-cameras-serao-instaladas-em-predios-publicos-de-itanhaem"]}]},{"@type":"ImageObject","inLanguage":"pt-BR","@id":"https:\/\/redenoticiaz.com.br\/litoralsp\/2022\/02\/01\/mais-de-700-cameras-serao-instaladas-em-predios-publicos-de-itanhaem#primaryimage","url":"https:\/\/redenoticiaz.com.br\/litoralsp\/wp-content\/uploads\/sites\/3\/2022\/02\/40795-1.jpg","contentUrl":"https:\/\/redenoticiaz.com.br\/litoralsp\/wp-content\/uploads\/sites\/3\/2022\/02\/40795-1.jpg","width":984,"height":612,"caption":"Cr\u00e9ditos: Reprodu\u00e7\u00e3o."},{"@type":"WebSite","@id":"https:\/\/redenoticiaz.com.br\/litoralsp\/#website","url":"https:\/\/redenoticiaz.com.br\/litoralsp\/","name":"Litoral SP","description":"Rede NoticiaZ","publisher":{"@id":"https:\/\/redenoticiaz.com.br\/litoralsp\/#organization"},"potentialAction":[{"@type":"SearchAction","target":{"@type":"EntryPoint","urlTemplate":"https:\/\/redenoticiaz.com.br\/litoralsp\/?s={search_term_string}"},"query-input":{"@type":"PropertyValueSpecification","valueRequired":true,"valueName":"search_term_string"}}],"inLanguage":"pt-BR"},{"@type":"Organization","@id":"https:\/\/redenoticiaz.com.br\/litoralsp\/#organization","name":"Litoral SP","url":"https:\/\/redenoticiaz.com.br\/litoralsp\/","logo":{"@type":"ImageObject","inLanguage":"pt-BR","@id":"https:\/\/redenoticiaz.com.br\/litoralsp\/#\/schema\/logo\/image\/","url":"https:\/\/redenoticiaz.com.br\/litoralsp\/wp-content\/uploads\/sites\/3\/2020\/11\/logo.jpg","contentUrl":"https:\/\/redenoticiaz.com.br\/litoralsp\/wp-content\/uploads\/sites\/3\/2020\/11\/logo.jpg","width":400,"height":250,"caption":"Litoral SP"},"image":{"@id":"https:\/\/redenoticiaz.com.br\/litoralsp\/#\/schema\/logo\/image\/"}},{"@type":"Person","@id":"https:\/\/redenoticiaz.com.br\/litoralsp\/#\/schema\/person\/0f0b8a5bdafefe82841e07ae8d81ecb3","name":"Leonardo Francisco","image":{"@type":"ImageObject","inLanguage":"pt-BR","@id":"https:\/\/secure.gravatar.com\/avatar\/a7358cb406a99b682ec6df1e77e31ae82e63601f6784e8a3df411d72b37864da?s=96&d=mm&r=g","url":"https:\/\/secure.gravatar.com\/avatar\/a7358cb406a99b682ec6df1e77e31ae82e63601f6784e8a3df411d72b37864da?s=96&d=mm&r=g","contentUrl":"https:\/\/secure.gravatar.com\/avatar\/a7358cb406a99b682ec6df1e77e31ae82e63601f6784e8a3df411d72b37864da?s=96&d=mm&r=g","caption":"Leonardo Francisco"},"url":"https:\/\/redenoticiaz.com.br\/litoralsp\/author\/leonardo-francisco"}]}},"_links":{"self":[{"href":"https:\/\/redenoticiaz.com.br\/litoralsp\/wp-json\/wp\/v2\/posts\/22661","targetHints":{"allow":["GET"]}}],"collection":[{"href":"https:\/\/redenoticiaz.com.br\/litoralsp\/wp-json\/wp\/v2\/posts"}],"about":[{"href":"https:\/\/redenoticiaz.com.br\/litoralsp\/wp-json\/wp\/v2\/types\/post"}],"author":[{"embeddable":true,"href":"https:\/\/redenoticiaz.com.br\/litoralsp\/wp-json\/wp\/v2\/users\/6"}],"replies":[{"embeddable":true,"href":"https:\/\/redenoticiaz.com.br\/litoralsp\/wp-json\/wp\/v2\/comments?post=22661"}],"version-history":[{"count":1,"href":"https:\/\/redenoticiaz.com.br\/litoralsp\/wp-json\/wp\/v2\/posts\/22661\/revisions"}],"predecessor-version":[{"id":22663,"href":"https:\/\/redenoticiaz.com.br\/litoralsp\/wp-json\/wp\/v2\/posts\/22661\/revisions\/22663"}],"wp:featuredmedia":[{"embeddable":true,"href":"https:\/\/redenoticiaz.com.br\/litoralsp\/wp-json\/wp\/v2\/media\/22662"}],"wp:attachment":[{"href":"https:\/\/redenoticiaz.com.br\/litoralsp\/wp-json\/wp\/v2\/media?parent=22661"}],"wp:term":[{"taxonomy":"category","embeddable":true,"href":"https:\/\/redenoticiaz.com.br\/litoralsp\/wp-json\/wp\/v2\/categories?post=22661"},{"taxonomy":"post_tag","embeddable":true,"href":"https:\/\/redenoticiaz.com.br\/litoralsp\/wp-json\/wp\/v2\/tags?post=22661"}],"curies":[{"name":"wp","href":"https:\/\/api.w.org\/{rel}","templated":true}]}}