{"id":22758,"date":"2022-02-03T11:30:24","date_gmt":"2022-02-03T14:30:24","guid":{"rendered":"https:\/\/redenoticiaz.com.br\/litoralsp\/2022\/02\/03\/argentina-registra-mortes-e-pessoas-hospitalizadas-por-cocaina-envenenada"},"modified":"2022-02-03T11:35:29","modified_gmt":"2022-02-03T14:35:29","slug":"argentina-registra-mortes-e-pessoas-hospitalizadas-por-cocaina-envenenada","status":"publish","type":"post","link":"https:\/\/redenoticiaz.com.br\/litoralsp\/2022\/02\/03\/argentina-registra-mortes-e-pessoas-hospitalizadas-por-cocaina-envenenada","title":{"rendered":"Argentina registra mortes e pessoas hospitalizadas por coca\u00edna envenenada"},"content":{"rendered":"<p><strong>Vinte pessoas morreram<\/strong> em virtude de uma coca\u00edna envenenada na <a href=\"https:\/\/www.argentina.gob.ar\/\">Argentina<\/a>. Outras 74 pessoas est\u00e3o hospitalizadas e o caso est\u00e1 sendo investigado pela policia local. O que se sabe \u00e9 que a droga passou por mistura de veneno de rato.<\/p>\n<p>A imprensa argentina noticiou estes n\u00fameros, mas de acordo com o governo, o n\u00famero real pode ser ainda maior. As mais de 70 pessoas internadas tiveram sintomas de dificuldades de respiira\u00e7\u00e3o, de permanecer em p\u00e9, mas tmab\u00e9m convuls\u00f5es.<\/p>\n<div class=\"mc-column content-text active-extra-styles \" data-block-type=\"unstyled\" data-block-weight=\"39\" data-block-id=\"9\">\n<p class=\"content-text__container \" data-track-category=\"Link no Texto\" data-track-links=\"\">&#8220;O que est\u00e1 acontecendo \u00e9 in\u00e9dito.\u00a0<span class=\"highlight highlighted\">Pe\u00e7o a quem comprou [coca\u00edna] nas \u00faltimas 24 horas que a descarte. \u00c9 fulminante. Esta droga tem subst\u00e2ncia extremamente mortal<\/span>&#8220;, disse o secret\u00e1rio de Seguran\u00e7a da prov\u00edncia de Buenos Aires, Sergio Berni.<\/p>\n<\/div>\n<div class=\"mc-column content-text active-extra-styles \" data-block-type=\"unstyled\" data-block-weight=\"22\" data-block-id=\"10\">\n<p class=\"content-text__container \" data-track-category=\"Link no Texto\" data-track-links=\"\">Segundo ele, entre os que consumiram do que chamou de &#8220;coca\u00edna envenenada&#8221; est\u00e3o pessoas com diferentes n\u00edveis de intoxica\u00e7\u00e3o, incluindo &#8220;muito graves&#8221;.<\/p>\n<h3 data-track-category=\"Link no Texto\">A intoxica\u00e7\u00e3o<\/h3>\n<p data-track-category=\"Link no Texto\" data-track-links=\"\">Em entrevista \u00e0 BBC News Brasil, assessores do governo provincial da Argentina informaram que o n\u00famero de mortes pode ser ainda maior. Toda a Argentina est\u00e1 comovida e cobra por respostas. Por enquanto nove pessoas s\u00e3o presas durante opera\u00e7\u00e3o que apreendeu papelotes, mas as investiga\u00e7\u00f5es prosseguem.<\/p>\n<div class=\"mc-column content-text active-extra-styles \" data-block-type=\"unstyled\" data-block-weight=\"44\" data-block-id=\"18\">\n<p class=\"content-text__container \" data-track-category=\"Link no Texto\" data-track-links=\"\">A ex-ministra de Seguran\u00e7a, Patricia Bullrich, opositora do governo atual, disse que &#8220;\u00e9 um dia triste na hist\u00f3ria\u00a0argentina&#8221;. Especialistas em toxicologia disseram que a situa\u00e7\u00e3o representava um &#8220;alerta epidemiol\u00f3gico&#8221;, j\u00e1 que n\u00e3o se sabia quantas pessoas podem ter consumido a coca\u00edna adulterada.<\/p>\n<\/div>\n<div class=\"mc-column content-text active-extra-styles \" data-block-type=\"unstyled\" data-block-weight=\"60\" data-block-id=\"19\">\n<p class=\"content-text__container \" data-track-category=\"Link no Texto\" data-track-links=\"\">&#8220;O sistema de sa\u00fade deveria estar atento e preparado para receber estas pessoas de forma urgente, n\u00e3o se sabe quantos podem estar nesta situa\u00e7\u00e3o cr\u00edtica. Esta situa\u00e7\u00e3o deve ser enfrentada como uma crise sanit\u00e1ria de surto epidemiol\u00f3gico, como recomenda o CDC [Centro de Controle e Preven\u00e7\u00e3o de Doen\u00e7as]&#8221;, disse o presidente da Sociedade Latino-Americana de Infectologia Pedi\u00e1trica, Roberto Debbag.<\/p>\n<\/div>\n<div class=\"mc-column content-text active-extra-styles\" data-block-type=\"raw\" data-block-weight=\"2\" data-block-id=\"20\">\n<div class=\"content-intertitle\">\n<h2>Pacote rosa<\/h2>\n<\/div>\n<\/div>\n<div class=\"mc-column content-text active-extra-styles \" data-block-type=\"unstyled\" data-block-weight=\"48\" data-block-id=\"21\">\n<p class=\"content-text__container \" data-track-category=\"Link no Texto\" data-track-links=\"\"><span class=\"highlight highlighted\">Os envelopes com o conte\u00fado rosado eram vendidos a 200 pesos (R$ 10) na localidade de casas simples e inacabadas de Puerto 8<\/span>, segundo a pol\u00edcia local. A pol\u00edcia e os investigadores n\u00e3o descartam que a venda da droga possa ser parte da briga entre quadrilhas de traficantes.<\/p>\n<\/div>\n<div class=\"mc-column content-text active-extra-styles \" data-block-type=\"unstyled\" data-block-weight=\"49\" data-block-id=\"22\">\n<p class=\"content-text__container \" data-track-category=\"Link no Texto\" data-track-links=\"\">&#8220;Na pandemia, aumentou muito o consumo de bebidas alco\u00f3licas e tamb\u00e9m de drogas&#8221;, disse a toxic\u00f3loga M\u00f3nica N\u00e1poli. O debate p\u00fablico, entre autoridades dos governos e toxic\u00f3logos, era sobre que tipo de &#8220;veneno&#8221; poderia ter sido inserido na coca\u00edna e se a a\u00e7\u00e3o teria sido acidental ou proposital.<\/p>\n<\/div>\n<div class=\"content-ads content-ads--reveal\" data-block-type=\"ads\" data-block-id=\"23\"><\/div>\n<div class=\"mc-column content-text active-extra-styles \" data-block-type=\"unstyled\" data-block-weight=\"26\" data-block-id=\"24\">\n<p class=\"content-text__container \" data-track-category=\"Link no Texto\" data-track-links=\"\">O toxic\u00f3logo Carlos Dam\u00edn disse \u00e0 emissora de televis\u00e3o TN, de Buenos Aires, que a coca\u00edna costuma ser &#8220;adulterada&#8221; na\u00a0Argentina\u00a0com &#8220;talcos e medicamentos anti-inflamat\u00f3rios&#8221;.<\/p>\n<p data-track-category=\"Link no Texto\" data-track-links=\"\"><strong>LEIA TAMB\u00c9M<\/strong><\/p>\n<p data-track-category=\"Link no Texto\" data-track-links=\"\"><a href=\"https:\/\/redenoticiaz.com.br\/blog\/2022\/02\/03\/chefe-do-estado-islamico-e-morto-na-siria-diz-joe-biden\">Chefe do Estado Isl\u00e2mico \u00e9 morto na S\u00edria, diz Joe Biden<\/a><\/p>\n<\/div>\n<\/div>\n","protected":false},"excerpt":{"rendered":"<p>Vinte pessoas morreram em virtude de uma coca\u00edna envenenada na Argentina. Outras 74 pessoas est\u00e3o hospitalizadas e o caso est\u00e1 sendo investigado pela policia local. O que se sabe \u00e9 que a droga passou por mistura de veneno de rato. A imprensa argentina noticiou estes n\u00fameros, mas de acordo com o governo, o n\u00famero real &hellip;<\/p>\n","protected":false},"author":6,"featured_media":22759,"comment_status":"open","ping_status":"closed","sticky":false,"template":"","format":"standard","meta":{"footnotes":""},"categories":[84],"tags":[2171,49297,79,49298],"class_list":["post-22758","post","type-post","status-publish","format-standard","has-post-thumbnail","hentry","category-mundo","tag-argentina","tag-cocaina-enveneada","tag-mortes","tag-pacientes-hospitalizados"],"yoast_head":"<!-- This site is optimized with the Yoast SEO plugin v27.4 - https:\/\/yoast.com\/product\/yoast-seo-wordpress\/ -->\n<title>Argentina registra mortes e pessoas hospitalizadas por coca\u00edna envenenada - Litoral SP<\/title>\n<meta name=\"description\" content=\"Vinte pessoas morreram em virtude de uma coca\u00edna envenenada na Argentina. Outras 74 pessoas est\u00e3o hospitalizadas e o caso\" \/>\n<meta name=\"robots\" content=\"index, follow, max-snippet:-1, max-image-preview:large, max-video-preview:-1\" \/>\n<link rel=\"canonical\" href=\"https:\/\/redenoticiaz.com.br\/litoralsp\/2022\/02\/03\/argentina-registra-mortes-e-pessoas-hospitalizadas-por-cocaina-envenenada\" \/>\n<meta property=\"og:locale\" content=\"pt_BR\" \/>\n<meta property=\"og:type\" content=\"article\" \/>\n<meta property=\"og:title\" content=\"Argentina registra mortes e pessoas hospitalizadas por coca\u00edna envenenada - Litoral SP\" \/>\n<meta property=\"og:description\" content=\"Vinte pessoas morreram em virtude de uma coca\u00edna envenenada na Argentina. Outras 74 pessoas est\u00e3o hospitalizadas e o caso\" \/>\n<meta property=\"og:url\" content=\"https:\/\/redenoticiaz.com.br\/litoralsp\/2022\/02\/03\/argentina-registra-mortes-e-pessoas-hospitalizadas-por-cocaina-envenenada\" \/>\n<meta property=\"og:site_name\" content=\"Litoral SP\" \/>\n<meta property=\"article:published_time\" content=\"2022-02-03T14:30:24+00:00\" \/>\n<meta property=\"article:modified_time\" content=\"2022-02-03T14:35:29+00:00\" \/>\n<meta property=\"og:image\" content=\"https:\/\/redenoticiaz.com.br\/litoralsp\/wp-content\/uploads\/sites\/3\/2022\/02\/argentina.jpg\" \/>\n\t<meta property=\"og:image:width\" content=\"984\" \/>\n\t<meta property=\"og:image:height\" content=\"620\" \/>\n\t<meta property=\"og:image:type\" content=\"image\/jpeg\" \/>\n<meta name=\"author\" content=\"Leonardo Francisco\" \/>\n<meta name=\"twitter:card\" content=\"summary_large_image\" \/>\n<meta name=\"twitter:label1\" content=\"Escrito por\" \/>\n\t<meta name=\"twitter:data1\" content=\"Leonardo Francisco\" \/>\n\t<meta name=\"twitter:label2\" content=\"Est. tempo de leitura\" \/>\n\t<meta name=\"twitter:data2\" content=\"2 minutos\" \/>\n<script type=\"application\/ld+json\" class=\"yoast-schema-graph\">{\"@context\":\"https:\\\/\\\/schema.org\",\"@graph\":[{\"@type\":\"Article\",\"@id\":\"https:\\\/\\\/redenoticiaz.com.br\\\/litoralsp\\\/2022\\\/02\\\/03\\\/argentina-registra-mortes-e-pessoas-hospitalizadas-por-cocaina-envenenada#article\",\"isPartOf\":{\"@id\":\"https:\\\/\\\/redenoticiaz.com.br\\\/litoralsp\\\/2022\\\/02\\\/03\\\/argentina-registra-mortes-e-pessoas-hospitalizadas-por-cocaina-envenenada\"},\"author\":{\"name\":\"Leonardo Francisco\",\"@id\":\"https:\\\/\\\/redenoticiaz.com.br\\\/litoralsp\\\/#\\\/schema\\\/person\\\/0f0b8a5bdafefe82841e07ae8d81ecb3\"},\"headline\":\"Argentina registra mortes e pessoas hospitalizadas por coca\u00edna envenenada\",\"datePublished\":\"2022-02-03T14:30:24+00:00\",\"dateModified\":\"2022-02-03T14:35:29+00:00\",\"mainEntityOfPage\":{\"@id\":\"https:\\\/\\\/redenoticiaz.com.br\\\/litoralsp\\\/2022\\\/02\\\/03\\\/argentina-registra-mortes-e-pessoas-hospitalizadas-por-cocaina-envenenada\"},\"wordCount\":482,\"commentCount\":0,\"publisher\":{\"@id\":\"https:\\\/\\\/redenoticiaz.com.br\\\/litoralsp\\\/#organization\"},\"image\":{\"@id\":\"https:\\\/\\\/redenoticiaz.com.br\\\/litoralsp\\\/2022\\\/02\\\/03\\\/argentina-registra-mortes-e-pessoas-hospitalizadas-por-cocaina-envenenada#primaryimage\"},\"thumbnailUrl\":\"https:\\\/\\\/redenoticiaz.com.br\\\/litoralsp\\\/wp-content\\\/uploads\\\/sites\\\/3\\\/2022\\\/02\\\/argentina.jpg\",\"keywords\":[\"Argentina\",\"COCA\u00cdNA ENVENEADA\",\"MORTES\",\"PACIENTES HOSPITALIZADOS\"],\"articleSection\":[\"Mundo\"],\"inLanguage\":\"pt-BR\",\"potentialAction\":[{\"@type\":\"CommentAction\",\"name\":\"Comment\",\"target\":[\"https:\\\/\\\/redenoticiaz.com.br\\\/litoralsp\\\/2022\\\/02\\\/03\\\/argentina-registra-mortes-e-pessoas-hospitalizadas-por-cocaina-envenenada#respond\"]}]},{\"@type\":\"WebPage\",\"@id\":\"https:\\\/\\\/redenoticiaz.com.br\\\/litoralsp\\\/2022\\\/02\\\/03\\\/argentina-registra-mortes-e-pessoas-hospitalizadas-por-cocaina-envenenada\",\"url\":\"https:\\\/\\\/redenoticiaz.com.br\\\/litoralsp\\\/2022\\\/02\\\/03\\\/argentina-registra-mortes-e-pessoas-hospitalizadas-por-cocaina-envenenada\",\"name\":\"Argentina registra mortes e pessoas hospitalizadas por coca\u00edna envenenada - Litoral SP\",\"isPartOf\":{\"@id\":\"https:\\\/\\\/redenoticiaz.com.br\\\/litoralsp\\\/#website\"},\"primaryImageOfPage\":{\"@id\":\"https:\\\/\\\/redenoticiaz.com.br\\\/litoralsp\\\/2022\\\/02\\\/03\\\/argentina-registra-mortes-e-pessoas-hospitalizadas-por-cocaina-envenenada#primaryimage\"},\"image\":{\"@id\":\"https:\\\/\\\/redenoticiaz.com.br\\\/litoralsp\\\/2022\\\/02\\\/03\\\/argentina-registra-mortes-e-pessoas-hospitalizadas-por-cocaina-envenenada#primaryimage\"},\"thumbnailUrl\":\"https:\\\/\\\/redenoticiaz.com.br\\\/litoralsp\\\/wp-content\\\/uploads\\\/sites\\\/3\\\/2022\\\/02\\\/argentina.jpg\",\"datePublished\":\"2022-02-03T14:30:24+00:00\",\"dateModified\":\"2022-02-03T14:35:29+00:00\",\"description\":\"Vinte pessoas morreram em virtude de uma coca\u00edna envenenada na Argentina. Outras 74 pessoas est\u00e3o hospitalizadas e o caso\",\"inLanguage\":\"pt-BR\",\"potentialAction\":[{\"@type\":\"ReadAction\",\"target\":[\"https:\\\/\\\/redenoticiaz.com.br\\\/litoralsp\\\/2022\\\/02\\\/03\\\/argentina-registra-mortes-e-pessoas-hospitalizadas-por-cocaina-envenenada\"]}]},{\"@type\":\"ImageObject\",\"inLanguage\":\"pt-BR\",\"@id\":\"https:\\\/\\\/redenoticiaz.com.br\\\/litoralsp\\\/2022\\\/02\\\/03\\\/argentina-registra-mortes-e-pessoas-hospitalizadas-por-cocaina-envenenada#primaryimage\",\"url\":\"https:\\\/\\\/redenoticiaz.com.br\\\/litoralsp\\\/wp-content\\\/uploads\\\/sites\\\/3\\\/2022\\\/02\\\/argentina.jpg\",\"contentUrl\":\"https:\\\/\\\/redenoticiaz.com.br\\\/litoralsp\\\/wp-content\\\/uploads\\\/sites\\\/3\\\/2022\\\/02\\\/argentina.jpg\",\"width\":984,\"height\":620,\"caption\":\"Cr\u00e9ditos: Secretaria de Seguran\u00e7a de Buenos Aires.\"},{\"@type\":\"WebSite\",\"@id\":\"https:\\\/\\\/redenoticiaz.com.br\\\/litoralsp\\\/#website\",\"url\":\"https:\\\/\\\/redenoticiaz.com.br\\\/litoralsp\\\/\",\"name\":\"Litoral SP\",\"description\":\"Rede NoticiaZ\",\"publisher\":{\"@id\":\"https:\\\/\\\/redenoticiaz.com.br\\\/litoralsp\\\/#organization\"},\"potentialAction\":[{\"@type\":\"SearchAction\",\"target\":{\"@type\":\"EntryPoint\",\"urlTemplate\":\"https:\\\/\\\/redenoticiaz.com.br\\\/litoralsp\\\/?s={search_term_string}\"},\"query-input\":{\"@type\":\"PropertyValueSpecification\",\"valueRequired\":true,\"valueName\":\"search_term_string\"}}],\"inLanguage\":\"pt-BR\"},{\"@type\":\"Organization\",\"@id\":\"https:\\\/\\\/redenoticiaz.com.br\\\/litoralsp\\\/#organization\",\"name\":\"Litoral SP\",\"url\":\"https:\\\/\\\/redenoticiaz.com.br\\\/litoralsp\\\/\",\"logo\":{\"@type\":\"ImageObject\",\"inLanguage\":\"pt-BR\",\"@id\":\"https:\\\/\\\/redenoticiaz.com.br\\\/litoralsp\\\/#\\\/schema\\\/logo\\\/image\\\/\",\"url\":\"https:\\\/\\\/redenoticiaz.com.br\\\/litoralsp\\\/wp-content\\\/uploads\\\/sites\\\/3\\\/2020\\\/11\\\/logo.jpg\",\"contentUrl\":\"https:\\\/\\\/redenoticiaz.com.br\\\/litoralsp\\\/wp-content\\\/uploads\\\/sites\\\/3\\\/2020\\\/11\\\/logo.jpg\",\"width\":400,\"height\":250,\"caption\":\"Litoral SP\"},\"image\":{\"@id\":\"https:\\\/\\\/redenoticiaz.com.br\\\/litoralsp\\\/#\\\/schema\\\/logo\\\/image\\\/\"}},{\"@type\":\"Person\",\"@id\":\"https:\\\/\\\/redenoticiaz.com.br\\\/litoralsp\\\/#\\\/schema\\\/person\\\/0f0b8a5bdafefe82841e07ae8d81ecb3\",\"name\":\"Leonardo Francisco\",\"image\":{\"@type\":\"ImageObject\",\"inLanguage\":\"pt-BR\",\"@id\":\"https:\\\/\\\/secure.gravatar.com\\\/avatar\\\/a7358cb406a99b682ec6df1e77e31ae82e63601f6784e8a3df411d72b37864da?s=96&d=mm&r=g\",\"url\":\"https:\\\/\\\/secure.gravatar.com\\\/avatar\\\/a7358cb406a99b682ec6df1e77e31ae82e63601f6784e8a3df411d72b37864da?s=96&d=mm&r=g\",\"contentUrl\":\"https:\\\/\\\/secure.gravatar.com\\\/avatar\\\/a7358cb406a99b682ec6df1e77e31ae82e63601f6784e8a3df411d72b37864da?s=96&d=mm&r=g\",\"caption\":\"Leonardo Francisco\"},\"url\":\"https:\\\/\\\/redenoticiaz.com.br\\\/litoralsp\\\/author\\\/leonardo-francisco\"}]}<\/script>\n<!-- \/ Yoast SEO plugin. -->","yoast_head_json":{"title":"Argentina registra mortes e pessoas hospitalizadas por coca\u00edna envenenada - Litoral SP","description":"Vinte pessoas morreram em virtude de uma coca\u00edna envenenada na Argentina. Outras 74 pessoas est\u00e3o hospitalizadas e o caso","robots":{"index":"index","follow":"follow","max-snippet":"max-snippet:-1","max-image-preview":"max-image-preview:large","max-video-preview":"max-video-preview:-1"},"canonical":"https:\/\/redenoticiaz.com.br\/litoralsp\/2022\/02\/03\/argentina-registra-mortes-e-pessoas-hospitalizadas-por-cocaina-envenenada","og_locale":"pt_BR","og_type":"article","og_title":"Argentina registra mortes e pessoas hospitalizadas por coca\u00edna envenenada - Litoral SP","og_description":"Vinte pessoas morreram em virtude de uma coca\u00edna envenenada na Argentina. Outras 74 pessoas est\u00e3o hospitalizadas e o caso","og_url":"https:\/\/redenoticiaz.com.br\/litoralsp\/2022\/02\/03\/argentina-registra-mortes-e-pessoas-hospitalizadas-por-cocaina-envenenada","og_site_name":"Litoral SP","article_published_time":"2022-02-03T14:30:24+00:00","article_modified_time":"2022-02-03T14:35:29+00:00","og_image":[{"width":984,"height":620,"url":"https:\/\/redenoticiaz.com.br\/litoralsp\/wp-content\/uploads\/sites\/3\/2022\/02\/argentina.jpg","type":"image\/jpeg"}],"author":"Leonardo Francisco","twitter_card":"summary_large_image","twitter_misc":{"Escrito por":"Leonardo Francisco","Est. tempo de leitura":"2 minutos"},"schema":{"@context":"https:\/\/schema.org","@graph":[{"@type":"Article","@id":"https:\/\/redenoticiaz.com.br\/litoralsp\/2022\/02\/03\/argentina-registra-mortes-e-pessoas-hospitalizadas-por-cocaina-envenenada#article","isPartOf":{"@id":"https:\/\/redenoticiaz.com.br\/litoralsp\/2022\/02\/03\/argentina-registra-mortes-e-pessoas-hospitalizadas-por-cocaina-envenenada"},"author":{"name":"Leonardo Francisco","@id":"https:\/\/redenoticiaz.com.br\/litoralsp\/#\/schema\/person\/0f0b8a5bdafefe82841e07ae8d81ecb3"},"headline":"Argentina registra mortes e pessoas hospitalizadas por coca\u00edna envenenada","datePublished":"2022-02-03T14:30:24+00:00","dateModified":"2022-02-03T14:35:29+00:00","mainEntityOfPage":{"@id":"https:\/\/redenoticiaz.com.br\/litoralsp\/2022\/02\/03\/argentina-registra-mortes-e-pessoas-hospitalizadas-por-cocaina-envenenada"},"wordCount":482,"commentCount":0,"publisher":{"@id":"https:\/\/redenoticiaz.com.br\/litoralsp\/#organization"},"image":{"@id":"https:\/\/redenoticiaz.com.br\/litoralsp\/2022\/02\/03\/argentina-registra-mortes-e-pessoas-hospitalizadas-por-cocaina-envenenada#primaryimage"},"thumbnailUrl":"https:\/\/redenoticiaz.com.br\/litoralsp\/wp-content\/uploads\/sites\/3\/2022\/02\/argentina.jpg","keywords":["Argentina","COCA\u00cdNA ENVENEADA","MORTES","PACIENTES HOSPITALIZADOS"],"articleSection":["Mundo"],"inLanguage":"pt-BR","potentialAction":[{"@type":"CommentAction","name":"Comment","target":["https:\/\/redenoticiaz.com.br\/litoralsp\/2022\/02\/03\/argentina-registra-mortes-e-pessoas-hospitalizadas-por-cocaina-envenenada#respond"]}]},{"@type":"WebPage","@id":"https:\/\/redenoticiaz.com.br\/litoralsp\/2022\/02\/03\/argentina-registra-mortes-e-pessoas-hospitalizadas-por-cocaina-envenenada","url":"https:\/\/redenoticiaz.com.br\/litoralsp\/2022\/02\/03\/argentina-registra-mortes-e-pessoas-hospitalizadas-por-cocaina-envenenada","name":"Argentina registra mortes e pessoas hospitalizadas por coca\u00edna envenenada - Litoral SP","isPartOf":{"@id":"https:\/\/redenoticiaz.com.br\/litoralsp\/#website"},"primaryImageOfPage":{"@id":"https:\/\/redenoticiaz.com.br\/litoralsp\/2022\/02\/03\/argentina-registra-mortes-e-pessoas-hospitalizadas-por-cocaina-envenenada#primaryimage"},"image":{"@id":"https:\/\/redenoticiaz.com.br\/litoralsp\/2022\/02\/03\/argentina-registra-mortes-e-pessoas-hospitalizadas-por-cocaina-envenenada#primaryimage"},"thumbnailUrl":"https:\/\/redenoticiaz.com.br\/litoralsp\/wp-content\/uploads\/sites\/3\/2022\/02\/argentina.jpg","datePublished":"2022-02-03T14:30:24+00:00","dateModified":"2022-02-03T14:35:29+00:00","description":"Vinte pessoas morreram em virtude de uma coca\u00edna envenenada na Argentina. Outras 74 pessoas est\u00e3o hospitalizadas e o caso","inLanguage":"pt-BR","potentialAction":[{"@type":"ReadAction","target":["https:\/\/redenoticiaz.com.br\/litoralsp\/2022\/02\/03\/argentina-registra-mortes-e-pessoas-hospitalizadas-por-cocaina-envenenada"]}]},{"@type":"ImageObject","inLanguage":"pt-BR","@id":"https:\/\/redenoticiaz.com.br\/litoralsp\/2022\/02\/03\/argentina-registra-mortes-e-pessoas-hospitalizadas-por-cocaina-envenenada#primaryimage","url":"https:\/\/redenoticiaz.com.br\/litoralsp\/wp-content\/uploads\/sites\/3\/2022\/02\/argentina.jpg","contentUrl":"https:\/\/redenoticiaz.com.br\/litoralsp\/wp-content\/uploads\/sites\/3\/2022\/02\/argentina.jpg","width":984,"height":620,"caption":"Cr\u00e9ditos: Secretaria de Seguran\u00e7a de Buenos Aires."},{"@type":"WebSite","@id":"https:\/\/redenoticiaz.com.br\/litoralsp\/#website","url":"https:\/\/redenoticiaz.com.br\/litoralsp\/","name":"Litoral SP","description":"Rede NoticiaZ","publisher":{"@id":"https:\/\/redenoticiaz.com.br\/litoralsp\/#organization"},"potentialAction":[{"@type":"SearchAction","target":{"@type":"EntryPoint","urlTemplate":"https:\/\/redenoticiaz.com.br\/litoralsp\/?s={search_term_string}"},"query-input":{"@type":"PropertyValueSpecification","valueRequired":true,"valueName":"search_term_string"}}],"inLanguage":"pt-BR"},{"@type":"Organization","@id":"https:\/\/redenoticiaz.com.br\/litoralsp\/#organization","name":"Litoral SP","url":"https:\/\/redenoticiaz.com.br\/litoralsp\/","logo":{"@type":"ImageObject","inLanguage":"pt-BR","@id":"https:\/\/redenoticiaz.com.br\/litoralsp\/#\/schema\/logo\/image\/","url":"https:\/\/redenoticiaz.com.br\/litoralsp\/wp-content\/uploads\/sites\/3\/2020\/11\/logo.jpg","contentUrl":"https:\/\/redenoticiaz.com.br\/litoralsp\/wp-content\/uploads\/sites\/3\/2020\/11\/logo.jpg","width":400,"height":250,"caption":"Litoral SP"},"image":{"@id":"https:\/\/redenoticiaz.com.br\/litoralsp\/#\/schema\/logo\/image\/"}},{"@type":"Person","@id":"https:\/\/redenoticiaz.com.br\/litoralsp\/#\/schema\/person\/0f0b8a5bdafefe82841e07ae8d81ecb3","name":"Leonardo Francisco","image":{"@type":"ImageObject","inLanguage":"pt-BR","@id":"https:\/\/secure.gravatar.com\/avatar\/a7358cb406a99b682ec6df1e77e31ae82e63601f6784e8a3df411d72b37864da?s=96&d=mm&r=g","url":"https:\/\/secure.gravatar.com\/avatar\/a7358cb406a99b682ec6df1e77e31ae82e63601f6784e8a3df411d72b37864da?s=96&d=mm&r=g","contentUrl":"https:\/\/secure.gravatar.com\/avatar\/a7358cb406a99b682ec6df1e77e31ae82e63601f6784e8a3df411d72b37864da?s=96&d=mm&r=g","caption":"Leonardo Francisco"},"url":"https:\/\/redenoticiaz.com.br\/litoralsp\/author\/leonardo-francisco"}]}},"_links":{"self":[{"href":"https:\/\/redenoticiaz.com.br\/litoralsp\/wp-json\/wp\/v2\/posts\/22758","targetHints":{"allow":["GET"]}}],"collection":[{"href":"https:\/\/redenoticiaz.com.br\/litoralsp\/wp-json\/wp\/v2\/posts"}],"about":[{"href":"https:\/\/redenoticiaz.com.br\/litoralsp\/wp-json\/wp\/v2\/types\/post"}],"author":[{"embeddable":true,"href":"https:\/\/redenoticiaz.com.br\/litoralsp\/wp-json\/wp\/v2\/users\/6"}],"replies":[{"embeddable":true,"href":"https:\/\/redenoticiaz.com.br\/litoralsp\/wp-json\/wp\/v2\/comments?post=22758"}],"version-history":[{"count":1,"href":"https:\/\/redenoticiaz.com.br\/litoralsp\/wp-json\/wp\/v2\/posts\/22758\/revisions"}],"predecessor-version":[{"id":22760,"href":"https:\/\/redenoticiaz.com.br\/litoralsp\/wp-json\/wp\/v2\/posts\/22758\/revisions\/22760"}],"wp:featuredmedia":[{"embeddable":true,"href":"https:\/\/redenoticiaz.com.br\/litoralsp\/wp-json\/wp\/v2\/media\/22759"}],"wp:attachment":[{"href":"https:\/\/redenoticiaz.com.br\/litoralsp\/wp-json\/wp\/v2\/media?parent=22758"}],"wp:term":[{"taxonomy":"category","embeddable":true,"href":"https:\/\/redenoticiaz.com.br\/litoralsp\/wp-json\/wp\/v2\/categories?post=22758"},{"taxonomy":"post_tag","embeddable":true,"href":"https:\/\/redenoticiaz.com.br\/litoralsp\/wp-json\/wp\/v2\/tags?post=22758"}],"curies":[{"name":"wp","href":"https:\/\/api.w.org\/{rel}","templated":true}]}}