{"id":22761,"date":"2022-02-03T11:47:54","date_gmt":"2022-02-03T14:47:54","guid":{"rendered":"https:\/\/redenoticiaz.com.br\/litoralsp\/?p=22761"},"modified":"2022-02-03T11:47:54","modified_gmt":"2022-02-03T14:47:54","slug":"homem-assalta-e-agride-advogado-e-vai-preso-em-santos","status":"publish","type":"post","link":"https:\/\/redenoticiaz.com.br\/litoralsp\/2022\/02\/03\/homem-assalta-e-agride-advogado-e-vai-preso-em-santos","title":{"rendered":"Homem assalta e agride advogado e vai preso em Santos"},"content":{"rendered":"<p>Um homem de 22 anos foi <strong>preso ap\u00f3s tentar amarrar um advogado de 75 anos durante assalto<\/strong> em <a href=\"https:\/\/www.santos.sp.gov.br\/\">Santos<\/a>. A v\u00edtima sa\u00eda de casa e foi abordado pelo suspeito, que ainda o agrediu. O crime aconteceu na \u00faltima segunda-feira (31) e ele ainda tentou se esconder dos policiais, mas foi encontrado e preso.<\/p>\n<p>A Pol\u00edcia Civil informa que o advogado estava saindo da resid\u00eancia dele, localizada na Rua S\u00e3o Paulo, na Vila Belmiro, quando foi abordado e rendido pelo suspeito, que portava uma arma. A v\u00edtima afirmou no boletim de ocorr\u00eancia que foi agredida e levada para o im\u00f3vel.<\/p>\n<div class=\"content-ads content-ads--reveal\" data-block-type=\"ads\" data-block-id=\"4\"><\/div>\n<div class=\"mc-column content-text active-extra-styles \" data-block-type=\"unstyled\" data-block-weight=\"56\" data-block-id=\"5\">\n<figure id=\"attachment_22762\" aria-describedby=\"caption-attachment-22762\" style=\"width: 198px\" class=\"wp-caption alignleft\"><img loading=\"lazy\" decoding=\"async\" class=\"size-medium wp-image-22762\" src=\"https:\/\/redenoticiaz.com.br\/litoralsp\/wp-content\/uploads\/sites\/3\/2022\/02\/apreensao-forca-tatica-198x300.jpeg\" alt=\"\" width=\"198\" height=\"300\" srcset=\"https:\/\/redenoticiaz.com.br\/litoralsp\/wp-content\/uploads\/sites\/3\/2022\/02\/apreensao-forca-tatica-198x300.jpeg 198w, https:\/\/redenoticiaz.com.br\/litoralsp\/wp-content\/uploads\/sites\/3\/2022\/02\/apreensao-forca-tatica-675x1024.jpeg 675w, https:\/\/redenoticiaz.com.br\/litoralsp\/wp-content\/uploads\/sites\/3\/2022\/02\/apreensao-forca-tatica-768x1165.jpeg 768w, https:\/\/redenoticiaz.com.br\/litoralsp\/wp-content\/uploads\/sites\/3\/2022\/02\/apreensao-forca-tatica.jpeg 712w\" sizes=\"auto, (max-width: 198px) 100vw, 198px\" \/><figcaption id=\"caption-attachment-22762\" class=\"wp-caption-text\">Cr\u00e9ditos: Divulga\u00e7\u00e3o\/For\u00e7a T\u00e1tica.<\/figcaption><\/figure>\n<p class=\"content-text__container \" data-track-category=\"Link no Texto\" data-track-links=\"\">Dentro da resid\u00eancia, o advogado foi espancado e o suspeito tentou amarr\u00e1-lo com uma extens\u00e3o el\u00e9trica, por\u00e9m a v\u00edtima resistiu. O agressor roubou mais de R$ 1 mil do advogado. Segundo o relato dele, o assaltante tentou fugir pelo port\u00e3o, mas encontrou uma viatura policial em patrulha. Por isso, ele retornou ao im\u00f3vel para se esconder.<\/p>\n<h3 data-track-category=\"Link no Texto\">Buscas<\/h3>\n<\/div>\n<div class=\"mc-column content-text active-extra-styles \" data-block-type=\"unstyled\" data-block-weight=\"53\" data-block-id=\"6\">\n<p class=\"content-text__container \" data-track-category=\"Link no Texto\" data-track-links=\"\">A equipe da For\u00e7a T\u00e1tica, que realizava uma patrulha pelo bairro, avistou um carro estacionado, com as lanternas ligadas e sem qualquer condutor. Os policiais se aproximaram e viram que o port\u00e3o do im\u00f3vel estava aberto. Logo, o assaltante apareceu e, ao encontrar com a viatura, retornou ao estabelecimento e fechou a porta.<\/p>\n<\/div>\n<div class=\"mc-column content-text active-extra-styles \" data-block-type=\"unstyled\" data-block-weight=\"45\" data-block-id=\"7\">\n<p class=\"content-text__container \" data-track-category=\"Link no Texto\" data-track-links=\"\">Os policiais desconfiaram da atitude do homem e foram averiguar o local. Segundo eles, ao adentrar na resid\u00eancia, eles encontraram a v\u00edtima com diversas les\u00f5es por todo o corpo. O advogado conseguiu apenas dizer que o agressor havia corrido para se esconder no pr\u00e9dio.<\/p>\n<div class=\"mc-column content-text active-extra-styles \" data-block-type=\"unstyled\" data-block-weight=\"33\" data-block-id=\"10\">\n<p class=\"content-text__container \" data-track-category=\"Link no Texto\" data-track-links=\"\">A equipe iniciou a varredura e encontrou o homem nos fundos do im\u00f3vel. Com ele, os policiais encontraram uma r\u00e9plica de arma de fogo e R$1.099, dinheiro que foi roubado da v\u00edtima. O caso foi registrado na Central de Pol\u00edcia Judici\u00e1ria de Santos. O homem foi preso em flagrante e \u00e9 acusado de roubo com reten\u00e7\u00e3o de v\u00edtima.<\/p>\n<p data-track-category=\"Link no Texto\" data-track-links=\"\"><strong>LEIA TAMB\u00c9M<\/strong><\/p>\n<p data-track-category=\"Link no Texto\" data-track-links=\"\"><a href=\"https:\/\/redenoticiaz.com.br\/litoralsp\/2022\/02\/02\/policia-realiza-prisao-e-apreensao-devido-ao-trafico-de-drogas-em-sao-vicente\">Pol\u00edcia realiza pris\u00e3o e apreens\u00e3o devido ao tr\u00e1fico de drogas em S\u00e3o Vicente<\/a><\/p>\n<\/div>\n<\/div>\n","protected":false},"excerpt":{"rendered":"<p>Um homem de 22 anos foi preso ap\u00f3s tentar amarrar um advogado de 75 anos durante assalto em Santos. A v\u00edtima sa\u00eda de casa e foi abordado pelo suspeito, que ainda o agrediu. O crime aconteceu na \u00faltima segunda-feira (31) e ele ainda tentou se esconder dos policiais, mas foi encontrado e preso. A Pol\u00edcia &hellip;<\/p>\n","protected":false},"author":6,"featured_media":22763,"comment_status":"open","ping_status":"closed","sticky":false,"template":"","format":"standard","meta":{"footnotes":""},"categories":[10,180],"tags":[49304,6342,986,6429],"class_list":["post-22761","post","type-post","status-publish","format-standard","has-post-thumbnail","hentry","category-policia","category-santos","tag-assalto-a-advogado","tag-homem-preso","tag-santos","tag-vila-belmiro"],"yoast_head":"<!-- This site is optimized with the Yoast SEO plugin v27.5 - https:\/\/yoast.com\/product\/yoast-seo-wordpress\/ -->\n<title>Homem assalta e agride advogado e vai preso em Santos - Litoral SP<\/title>\n<meta name=\"description\" content=\"Um homem de 22 anos foi preso ap\u00f3s tentar amarrar um advogado de 75 anos durante assalto em Santos. A v\u00edtima sa\u00eda de casa\" \/>\n<meta name=\"robots\" content=\"index, follow, max-snippet:-1, max-image-preview:large, max-video-preview:-1\" \/>\n<link rel=\"canonical\" href=\"https:\/\/redenoticiaz.com.br\/litoralsp\/2022\/02\/03\/homem-assalta-e-agride-advogado-e-vai-preso-em-santos\" \/>\n<meta property=\"og:locale\" content=\"pt_BR\" \/>\n<meta property=\"og:type\" content=\"article\" \/>\n<meta property=\"og:title\" content=\"Homem assalta e agride advogado e vai preso em Santos - Litoral SP\" \/>\n<meta property=\"og:description\" content=\"Um homem de 22 anos foi preso ap\u00f3s tentar amarrar um advogado de 75 anos durante assalto em Santos. A v\u00edtima sa\u00eda de casa\" \/>\n<meta property=\"og:url\" content=\"https:\/\/redenoticiaz.com.br\/litoralsp\/2022\/02\/03\/homem-assalta-e-agride-advogado-e-vai-preso-em-santos\" \/>\n<meta property=\"og:site_name\" content=\"Litoral SP\" \/>\n<meta property=\"article:published_time\" content=\"2022-02-03T14:47:54+00:00\" \/>\n<meta property=\"og:image\" content=\"https:\/\/redenoticiaz.com.br\/litoralsp\/wp-content\/uploads\/sites\/3\/2022\/02\/viatura-forca-tatica.jpeg\" \/>\n\t<meta property=\"og:image:width\" content=\"984\" \/>\n\t<meta property=\"og:image:height\" content=\"415\" \/>\n\t<meta property=\"og:image:type\" content=\"image\/jpeg\" \/>\n<meta name=\"author\" content=\"Leonardo Francisco\" \/>\n<meta name=\"twitter:card\" content=\"summary_large_image\" \/>\n<meta name=\"twitter:label1\" content=\"Escrito por\" \/>\n\t<meta name=\"twitter:data1\" content=\"Leonardo Francisco\" \/>\n\t<meta name=\"twitter:label2\" content=\"Est. tempo de leitura\" \/>\n\t<meta name=\"twitter:data2\" content=\"2 minutos\" \/>\n<script type=\"application\/ld+json\" class=\"yoast-schema-graph\">{\"@context\":\"https:\\\/\\\/schema.org\",\"@graph\":[{\"@type\":\"Article\",\"@id\":\"https:\\\/\\\/redenoticiaz.com.br\\\/litoralsp\\\/2022\\\/02\\\/03\\\/homem-assalta-e-agride-advogado-e-vai-preso-em-santos#article\",\"isPartOf\":{\"@id\":\"https:\\\/\\\/redenoticiaz.com.br\\\/litoralsp\\\/2022\\\/02\\\/03\\\/homem-assalta-e-agride-advogado-e-vai-preso-em-santos\"},\"author\":{\"name\":\"Leonardo Francisco\",\"@id\":\"https:\\\/\\\/redenoticiaz.com.br\\\/litoralsp\\\/#\\\/schema\\\/person\\\/0f0b8a5bdafefe82841e07ae8d81ecb3\"},\"headline\":\"Homem assalta e agride advogado e vai preso em Santos\",\"datePublished\":\"2022-02-03T14:47:54+00:00\",\"mainEntityOfPage\":{\"@id\":\"https:\\\/\\\/redenoticiaz.com.br\\\/litoralsp\\\/2022\\\/02\\\/03\\\/homem-assalta-e-agride-advogado-e-vai-preso-em-santos\"},\"wordCount\":384,\"commentCount\":0,\"publisher\":{\"@id\":\"https:\\\/\\\/redenoticiaz.com.br\\\/litoralsp\\\/#organization\"},\"image\":{\"@id\":\"https:\\\/\\\/redenoticiaz.com.br\\\/litoralsp\\\/2022\\\/02\\\/03\\\/homem-assalta-e-agride-advogado-e-vai-preso-em-santos#primaryimage\"},\"thumbnailUrl\":\"https:\\\/\\\/redenoticiaz.com.br\\\/litoralsp\\\/wp-content\\\/uploads\\\/sites\\\/3\\\/2022\\\/02\\\/viatura-forca-tatica.jpeg\",\"keywords\":[\"ASSALTO A ADVOGADO\",\"HOMEM PRESO\",\"Santos\",\"Vila Belmiro\"],\"articleSection\":[\"Pol\u00edcia\",\"Santos\"],\"inLanguage\":\"pt-BR\",\"potentialAction\":[{\"@type\":\"CommentAction\",\"name\":\"Comment\",\"target\":[\"https:\\\/\\\/redenoticiaz.com.br\\\/litoralsp\\\/2022\\\/02\\\/03\\\/homem-assalta-e-agride-advogado-e-vai-preso-em-santos#respond\"]}]},{\"@type\":\"WebPage\",\"@id\":\"https:\\\/\\\/redenoticiaz.com.br\\\/litoralsp\\\/2022\\\/02\\\/03\\\/homem-assalta-e-agride-advogado-e-vai-preso-em-santos\",\"url\":\"https:\\\/\\\/redenoticiaz.com.br\\\/litoralsp\\\/2022\\\/02\\\/03\\\/homem-assalta-e-agride-advogado-e-vai-preso-em-santos\",\"name\":\"Homem assalta e agride advogado e vai preso em Santos - Litoral SP\",\"isPartOf\":{\"@id\":\"https:\\\/\\\/redenoticiaz.com.br\\\/litoralsp\\\/#website\"},\"primaryImageOfPage\":{\"@id\":\"https:\\\/\\\/redenoticiaz.com.br\\\/litoralsp\\\/2022\\\/02\\\/03\\\/homem-assalta-e-agride-advogado-e-vai-preso-em-santos#primaryimage\"},\"image\":{\"@id\":\"https:\\\/\\\/redenoticiaz.com.br\\\/litoralsp\\\/2022\\\/02\\\/03\\\/homem-assalta-e-agride-advogado-e-vai-preso-em-santos#primaryimage\"},\"thumbnailUrl\":\"https:\\\/\\\/redenoticiaz.com.br\\\/litoralsp\\\/wp-content\\\/uploads\\\/sites\\\/3\\\/2022\\\/02\\\/viatura-forca-tatica.jpeg\",\"datePublished\":\"2022-02-03T14:47:54+00:00\",\"description\":\"Um homem de 22 anos foi preso ap\u00f3s tentar amarrar um advogado de 75 anos durante assalto em Santos. A v\u00edtima sa\u00eda de casa\",\"inLanguage\":\"pt-BR\",\"potentialAction\":[{\"@type\":\"ReadAction\",\"target\":[\"https:\\\/\\\/redenoticiaz.com.br\\\/litoralsp\\\/2022\\\/02\\\/03\\\/homem-assalta-e-agride-advogado-e-vai-preso-em-santos\"]}]},{\"@type\":\"ImageObject\",\"inLanguage\":\"pt-BR\",\"@id\":\"https:\\\/\\\/redenoticiaz.com.br\\\/litoralsp\\\/2022\\\/02\\\/03\\\/homem-assalta-e-agride-advogado-e-vai-preso-em-santos#primaryimage\",\"url\":\"https:\\\/\\\/redenoticiaz.com.br\\\/litoralsp\\\/wp-content\\\/uploads\\\/sites\\\/3\\\/2022\\\/02\\\/viatura-forca-tatica.jpeg\",\"contentUrl\":\"https:\\\/\\\/redenoticiaz.com.br\\\/litoralsp\\\/wp-content\\\/uploads\\\/sites\\\/3\\\/2022\\\/02\\\/viatura-forca-tatica.jpeg\",\"width\":984,\"height\":415,\"caption\":\"Equipe foi acionada e conseguiu prender o suspeito. Cr\u00e9ditos: Divulga\u00e7\u00e3o\\\/For\u00e7a T\u00e1tica.\"},{\"@type\":\"WebSite\",\"@id\":\"https:\\\/\\\/redenoticiaz.com.br\\\/litoralsp\\\/#website\",\"url\":\"https:\\\/\\\/redenoticiaz.com.br\\\/litoralsp\\\/\",\"name\":\"Litoral SP\",\"description\":\"Rede NoticiaZ\",\"publisher\":{\"@id\":\"https:\\\/\\\/redenoticiaz.com.br\\\/litoralsp\\\/#organization\"},\"potentialAction\":[{\"@type\":\"SearchAction\",\"target\":{\"@type\":\"EntryPoint\",\"urlTemplate\":\"https:\\\/\\\/redenoticiaz.com.br\\\/litoralsp\\\/?s={search_term_string}\"},\"query-input\":{\"@type\":\"PropertyValueSpecification\",\"valueRequired\":true,\"valueName\":\"search_term_string\"}}],\"inLanguage\":\"pt-BR\"},{\"@type\":\"Organization\",\"@id\":\"https:\\\/\\\/redenoticiaz.com.br\\\/litoralsp\\\/#organization\",\"name\":\"Litoral SP\",\"url\":\"https:\\\/\\\/redenoticiaz.com.br\\\/litoralsp\\\/\",\"logo\":{\"@type\":\"ImageObject\",\"inLanguage\":\"pt-BR\",\"@id\":\"https:\\\/\\\/redenoticiaz.com.br\\\/litoralsp\\\/#\\\/schema\\\/logo\\\/image\\\/\",\"url\":\"https:\\\/\\\/redenoticiaz.com.br\\\/litoralsp\\\/wp-content\\\/uploads\\\/sites\\\/3\\\/2020\\\/11\\\/logo.jpg\",\"contentUrl\":\"https:\\\/\\\/redenoticiaz.com.br\\\/litoralsp\\\/wp-content\\\/uploads\\\/sites\\\/3\\\/2020\\\/11\\\/logo.jpg\",\"width\":400,\"height\":250,\"caption\":\"Litoral SP\"},\"image\":{\"@id\":\"https:\\\/\\\/redenoticiaz.com.br\\\/litoralsp\\\/#\\\/schema\\\/logo\\\/image\\\/\"}},{\"@type\":\"Person\",\"@id\":\"https:\\\/\\\/redenoticiaz.com.br\\\/litoralsp\\\/#\\\/schema\\\/person\\\/0f0b8a5bdafefe82841e07ae8d81ecb3\",\"name\":\"Leonardo Francisco\",\"image\":{\"@type\":\"ImageObject\",\"inLanguage\":\"pt-BR\",\"@id\":\"https:\\\/\\\/secure.gravatar.com\\\/avatar\\\/a7358cb406a99b682ec6df1e77e31ae82e63601f6784e8a3df411d72b37864da?s=96&d=mm&r=g\",\"url\":\"https:\\\/\\\/secure.gravatar.com\\\/avatar\\\/a7358cb406a99b682ec6df1e77e31ae82e63601f6784e8a3df411d72b37864da?s=96&d=mm&r=g\",\"contentUrl\":\"https:\\\/\\\/secure.gravatar.com\\\/avatar\\\/a7358cb406a99b682ec6df1e77e31ae82e63601f6784e8a3df411d72b37864da?s=96&d=mm&r=g\",\"caption\":\"Leonardo Francisco\"},\"url\":\"https:\\\/\\\/redenoticiaz.com.br\\\/litoralsp\\\/author\\\/leonardo-francisco\"}]}<\/script>\n<!-- \/ Yoast SEO plugin. -->","yoast_head_json":{"title":"Homem assalta e agride advogado e vai preso em Santos - Litoral SP","description":"Um homem de 22 anos foi preso ap\u00f3s tentar amarrar um advogado de 75 anos durante assalto em Santos. A v\u00edtima sa\u00eda de casa","robots":{"index":"index","follow":"follow","max-snippet":"max-snippet:-1","max-image-preview":"max-image-preview:large","max-video-preview":"max-video-preview:-1"},"canonical":"https:\/\/redenoticiaz.com.br\/litoralsp\/2022\/02\/03\/homem-assalta-e-agride-advogado-e-vai-preso-em-santos","og_locale":"pt_BR","og_type":"article","og_title":"Homem assalta e agride advogado e vai preso em Santos - Litoral SP","og_description":"Um homem de 22 anos foi preso ap\u00f3s tentar amarrar um advogado de 75 anos durante assalto em Santos. A v\u00edtima sa\u00eda de casa","og_url":"https:\/\/redenoticiaz.com.br\/litoralsp\/2022\/02\/03\/homem-assalta-e-agride-advogado-e-vai-preso-em-santos","og_site_name":"Litoral SP","article_published_time":"2022-02-03T14:47:54+00:00","og_image":[{"width":984,"height":415,"url":"https:\/\/redenoticiaz.com.br\/litoralsp\/wp-content\/uploads\/sites\/3\/2022\/02\/viatura-forca-tatica.jpeg","type":"image\/jpeg"}],"author":"Leonardo Francisco","twitter_card":"summary_large_image","twitter_misc":{"Escrito por":"Leonardo Francisco","Est. tempo de leitura":"2 minutos"},"schema":{"@context":"https:\/\/schema.org","@graph":[{"@type":"Article","@id":"https:\/\/redenoticiaz.com.br\/litoralsp\/2022\/02\/03\/homem-assalta-e-agride-advogado-e-vai-preso-em-santos#article","isPartOf":{"@id":"https:\/\/redenoticiaz.com.br\/litoralsp\/2022\/02\/03\/homem-assalta-e-agride-advogado-e-vai-preso-em-santos"},"author":{"name":"Leonardo Francisco","@id":"https:\/\/redenoticiaz.com.br\/litoralsp\/#\/schema\/person\/0f0b8a5bdafefe82841e07ae8d81ecb3"},"headline":"Homem assalta e agride advogado e vai preso em Santos","datePublished":"2022-02-03T14:47:54+00:00","mainEntityOfPage":{"@id":"https:\/\/redenoticiaz.com.br\/litoralsp\/2022\/02\/03\/homem-assalta-e-agride-advogado-e-vai-preso-em-santos"},"wordCount":384,"commentCount":0,"publisher":{"@id":"https:\/\/redenoticiaz.com.br\/litoralsp\/#organization"},"image":{"@id":"https:\/\/redenoticiaz.com.br\/litoralsp\/2022\/02\/03\/homem-assalta-e-agride-advogado-e-vai-preso-em-santos#primaryimage"},"thumbnailUrl":"https:\/\/redenoticiaz.com.br\/litoralsp\/wp-content\/uploads\/sites\/3\/2022\/02\/viatura-forca-tatica.jpeg","keywords":["ASSALTO A ADVOGADO","HOMEM PRESO","Santos","Vila Belmiro"],"articleSection":["Pol\u00edcia","Santos"],"inLanguage":"pt-BR","potentialAction":[{"@type":"CommentAction","name":"Comment","target":["https:\/\/redenoticiaz.com.br\/litoralsp\/2022\/02\/03\/homem-assalta-e-agride-advogado-e-vai-preso-em-santos#respond"]}]},{"@type":"WebPage","@id":"https:\/\/redenoticiaz.com.br\/litoralsp\/2022\/02\/03\/homem-assalta-e-agride-advogado-e-vai-preso-em-santos","url":"https:\/\/redenoticiaz.com.br\/litoralsp\/2022\/02\/03\/homem-assalta-e-agride-advogado-e-vai-preso-em-santos","name":"Homem assalta e agride advogado e vai preso em Santos - Litoral SP","isPartOf":{"@id":"https:\/\/redenoticiaz.com.br\/litoralsp\/#website"},"primaryImageOfPage":{"@id":"https:\/\/redenoticiaz.com.br\/litoralsp\/2022\/02\/03\/homem-assalta-e-agride-advogado-e-vai-preso-em-santos#primaryimage"},"image":{"@id":"https:\/\/redenoticiaz.com.br\/litoralsp\/2022\/02\/03\/homem-assalta-e-agride-advogado-e-vai-preso-em-santos#primaryimage"},"thumbnailUrl":"https:\/\/redenoticiaz.com.br\/litoralsp\/wp-content\/uploads\/sites\/3\/2022\/02\/viatura-forca-tatica.jpeg","datePublished":"2022-02-03T14:47:54+00:00","description":"Um homem de 22 anos foi preso ap\u00f3s tentar amarrar um advogado de 75 anos durante assalto em Santos. A v\u00edtima sa\u00eda de casa","inLanguage":"pt-BR","potentialAction":[{"@type":"ReadAction","target":["https:\/\/redenoticiaz.com.br\/litoralsp\/2022\/02\/03\/homem-assalta-e-agride-advogado-e-vai-preso-em-santos"]}]},{"@type":"ImageObject","inLanguage":"pt-BR","@id":"https:\/\/redenoticiaz.com.br\/litoralsp\/2022\/02\/03\/homem-assalta-e-agride-advogado-e-vai-preso-em-santos#primaryimage","url":"https:\/\/redenoticiaz.com.br\/litoralsp\/wp-content\/uploads\/sites\/3\/2022\/02\/viatura-forca-tatica.jpeg","contentUrl":"https:\/\/redenoticiaz.com.br\/litoralsp\/wp-content\/uploads\/sites\/3\/2022\/02\/viatura-forca-tatica.jpeg","width":984,"height":415,"caption":"Equipe foi acionada e conseguiu prender o suspeito. Cr\u00e9ditos: Divulga\u00e7\u00e3o\/For\u00e7a T\u00e1tica."},{"@type":"WebSite","@id":"https:\/\/redenoticiaz.com.br\/litoralsp\/#website","url":"https:\/\/redenoticiaz.com.br\/litoralsp\/","name":"Litoral SP","description":"Rede NoticiaZ","publisher":{"@id":"https:\/\/redenoticiaz.com.br\/litoralsp\/#organization"},"potentialAction":[{"@type":"SearchAction","target":{"@type":"EntryPoint","urlTemplate":"https:\/\/redenoticiaz.com.br\/litoralsp\/?s={search_term_string}"},"query-input":{"@type":"PropertyValueSpecification","valueRequired":true,"valueName":"search_term_string"}}],"inLanguage":"pt-BR"},{"@type":"Organization","@id":"https:\/\/redenoticiaz.com.br\/litoralsp\/#organization","name":"Litoral SP","url":"https:\/\/redenoticiaz.com.br\/litoralsp\/","logo":{"@type":"ImageObject","inLanguage":"pt-BR","@id":"https:\/\/redenoticiaz.com.br\/litoralsp\/#\/schema\/logo\/image\/","url":"https:\/\/redenoticiaz.com.br\/litoralsp\/wp-content\/uploads\/sites\/3\/2020\/11\/logo.jpg","contentUrl":"https:\/\/redenoticiaz.com.br\/litoralsp\/wp-content\/uploads\/sites\/3\/2020\/11\/logo.jpg","width":400,"height":250,"caption":"Litoral SP"},"image":{"@id":"https:\/\/redenoticiaz.com.br\/litoralsp\/#\/schema\/logo\/image\/"}},{"@type":"Person","@id":"https:\/\/redenoticiaz.com.br\/litoralsp\/#\/schema\/person\/0f0b8a5bdafefe82841e07ae8d81ecb3","name":"Leonardo Francisco","image":{"@type":"ImageObject","inLanguage":"pt-BR","@id":"https:\/\/secure.gravatar.com\/avatar\/a7358cb406a99b682ec6df1e77e31ae82e63601f6784e8a3df411d72b37864da?s=96&d=mm&r=g","url":"https:\/\/secure.gravatar.com\/avatar\/a7358cb406a99b682ec6df1e77e31ae82e63601f6784e8a3df411d72b37864da?s=96&d=mm&r=g","contentUrl":"https:\/\/secure.gravatar.com\/avatar\/a7358cb406a99b682ec6df1e77e31ae82e63601f6784e8a3df411d72b37864da?s=96&d=mm&r=g","caption":"Leonardo Francisco"},"url":"https:\/\/redenoticiaz.com.br\/litoralsp\/author\/leonardo-francisco"}]}},"_links":{"self":[{"href":"https:\/\/redenoticiaz.com.br\/litoralsp\/wp-json\/wp\/v2\/posts\/22761","targetHints":{"allow":["GET"]}}],"collection":[{"href":"https:\/\/redenoticiaz.com.br\/litoralsp\/wp-json\/wp\/v2\/posts"}],"about":[{"href":"https:\/\/redenoticiaz.com.br\/litoralsp\/wp-json\/wp\/v2\/types\/post"}],"author":[{"embeddable":true,"href":"https:\/\/redenoticiaz.com.br\/litoralsp\/wp-json\/wp\/v2\/users\/6"}],"replies":[{"embeddable":true,"href":"https:\/\/redenoticiaz.com.br\/litoralsp\/wp-json\/wp\/v2\/comments?post=22761"}],"version-history":[{"count":1,"href":"https:\/\/redenoticiaz.com.br\/litoralsp\/wp-json\/wp\/v2\/posts\/22761\/revisions"}],"predecessor-version":[{"id":22764,"href":"https:\/\/redenoticiaz.com.br\/litoralsp\/wp-json\/wp\/v2\/posts\/22761\/revisions\/22764"}],"wp:featuredmedia":[{"embeddable":true,"href":"https:\/\/redenoticiaz.com.br\/litoralsp\/wp-json\/wp\/v2\/media\/22763"}],"wp:attachment":[{"href":"https:\/\/redenoticiaz.com.br\/litoralsp\/wp-json\/wp\/v2\/media?parent=22761"}],"wp:term":[{"taxonomy":"category","embeddable":true,"href":"https:\/\/redenoticiaz.com.br\/litoralsp\/wp-json\/wp\/v2\/categories?post=22761"},{"taxonomy":"post_tag","embeddable":true,"href":"https:\/\/redenoticiaz.com.br\/litoralsp\/wp-json\/wp\/v2\/tags?post=22761"}],"curies":[{"name":"wp","href":"https:\/\/api.w.org\/{rel}","templated":true}]}}