{"id":22777,"date":"2022-02-03T13:00:35","date_gmt":"2022-02-03T16:00:35","guid":{"rendered":"https:\/\/redenoticiaz.com.br\/litoralsp\/2022\/02\/03\/vacina-e-uma-das-regras-para-a-prova-de-vida-do-inss"},"modified":"2022-02-03T13:18:07","modified_gmt":"2022-02-03T16:18:07","slug":"vacina-e-uma-das-regras-para-a-prova-de-vida-do-inss","status":"publish","type":"post","link":"https:\/\/redenoticiaz.com.br\/litoralsp\/2022\/02\/03\/vacina-e-uma-das-regras-para-a-prova-de-vida-do-inss","title":{"rendered":"Vacina \u00e9 uma das regras para a prova de vida do INSS"},"content":{"rendered":"<p>O Instituto Nacional do Seguro Social (<a href=\"https:\/\/meu.inss.gov.br\/#\/login\">INSS<\/a>) publicou, nesta quinta-feira (3), a portaria com <strong>novas regras<\/strong> para a prova de vida. Agora os segurados n\u00e3o v\u00e3o mais precisar sair de casa para comprovar que t\u00eam direito ao benef\u00edcio. As mudan\u00e7as valer\u00e3o para os anivers\u00e1rios dos segurados que ocorrerem j\u00e1 a partir de hoje. E uma das regras \u00e9 a pessoa estar vacinada contra a Covid-19.<\/p>\n<div class=\"mc-column content-text active-extra-styles \" data-block-type=\"unstyled\" data-block-weight=\"14\" data-block-id=\"4\">\n<p class=\"content-text__container \" data-track-category=\"Link no Texto\" data-track-links=\"\">De acordo com a portaria, ser\u00e3o considerados v\u00e1lidos como prova de vida realizada:<\/p>\n<\/div>\n<div class=\"mc-column content-text active-extra-styles\" data-block-type=\"raw\" data-block-weight=\"142\" data-block-id=\"5\">\n<ul class=\"content-unordered-list\">\n<li><strong>acesso ao aplicativo Meu\u00a0<\/strong><strong>INSS<\/strong><strong>\u00a0<\/strong>com o selo ouro ou outros aplicativos e sistemas dos \u00f3rg\u00e3os e entidades p\u00fablicas que possuam certifica\u00e7\u00e3o e controle de acesso, no Brasil ou no exterior;<\/li>\n<li><strong>realiza\u00e7\u00e3o de empr\u00e9stimo consignado<\/strong>, efetuado por reconhecimento biom\u00e9trico;<\/li>\n<li><strong>atendimento presencial nas ag\u00eancias do\u00a0<\/strong><strong>INSS<\/strong><strong>,<\/strong>\u00a0ou por reconhecimento biom\u00e9trico nas entidades ou institui\u00e7\u00f5es parceiras;<\/li>\n<li><strong>per\u00edcia m\u00e9dica por telemedicina ou presencial\u00a0<\/strong>e no sistema p\u00fablico de sa\u00fade ou rede conveniada;<\/li>\n<li><strong>vacina\u00e7\u00e3o;<\/strong><\/li>\n<li>cadastro ou recadastramento nos<strong>\u00a0\u00f3rg\u00e3os de tr\u00e2nsito ou seguran\u00e7a p\u00fablica;<\/strong><\/li>\n<li><strong>atualiza\u00e7\u00f5es no Cadastro \u00danico,\u00a0<\/strong>somente quando for efetuada pelo respons\u00e1vel pelo grupo;<\/li>\n<li><strong>vota\u00e7\u00e3o nas elei\u00e7\u00f5es;<\/strong><\/li>\n<li>emiss\u00e3o\/renova\u00e7\u00e3o de documentos como\u00a0<strong>passaporte, carteira de identidade, carteira de motorista, carteira de trabalho, alistamento militar<\/strong>\u00a0ou<strong>\u00a0<\/strong>outros documentos oficiais que necessitem da presen\u00e7a f\u00edsica do usu\u00e1rio ou reconhecimento biom\u00e9trico;<\/li>\n<li>recebimento do\u00a0<strong>pagamento de benef\u00edcio com reconhecimento biom\u00e9trico<\/strong>;<\/li>\n<li>declara\u00e7\u00e3o de<strong>\u00a0Imposto de Renda\u00a0<\/strong>como titular ou dependente<\/li>\n<\/ul>\n<h3>Entenda o que \u00e9 a prova de vida<\/h3>\n<div class=\"mc-column content-text active-extra-styles \" data-block-type=\"unstyled\" data-block-weight=\"37\" data-block-id=\"7\">\n<p class=\"content-text__container \" data-track-category=\"Link no Texto\" data-track-links=\"\">A prova de vida\u00a0\u00e9 obrigat\u00f3ria para aposentados, pensionistas e para quem recebe benef\u00edcios\u00a0do\u00a0INSS\u00a0por meio de conta corrente, poupan\u00e7a ou cart\u00e3o magn\u00e9tico. O procedimento serve para evitar fraudes e garante a manuten\u00e7\u00e3o do pagamento.<\/p>\n<\/div>\n<div class=\"mc-column content-text active-extra-styles \" data-block-type=\"unstyled\" data-block-weight=\"47\" data-block-id=\"8\">\n<p class=\"content-text__container \" data-track-category=\"Link no Texto\" data-track-links=\"\">O\u00a0INSS\u00a0far\u00e1 um cruzamento de informa\u00e7\u00f5es para confirmar que o titular do benef\u00edcio, nos 10 meses posteriores ao seu \u00faltimo anivers\u00e1rio, realizou algum ato registrado em bases de dados pr\u00f3prias da autarquia ou mantidas e administradas pelos \u00f3rg\u00e3os p\u00fablicos federais, al\u00e9m de estaduais e municipais.<\/p>\n<\/div>\n<div class=\"mc-column content-text active-extra-styles \" data-block-type=\"unstyled\" data-block-weight=\"33\" data-block-id=\"9\">\n<p class=\"content-text__container \" data-track-category=\"Link no Texto\" data-track-links=\"\"><span class=\"highlight highlighted\">Somente quando n\u00e3o for poss\u00edvel essa comprova\u00e7\u00e3o de vida, o benefici\u00e1rio ser\u00e1 notificado, no m\u00eas anterior ao de seu anivers\u00e1rio, sobre a necessidade de realiza\u00e7\u00e3o da prova de vida, preferencialmente, por meio eletr\u00f4nico.<\/span><\/p>\n<\/div>\n<div class=\"mc-column content-text active-extra-styles \" data-block-type=\"unstyled\" data-block-weight=\"66\" data-block-id=\"10\">\n<p class=\"content-text__container \" data-track-category=\"Link no Texto\" data-track-links=\"\">Excepcionalmente, quando houver a necessidade de realizar a prova de vida de maneira presencial,\u00a0<span class=\"highlight highlighted\">o\u00a0<\/span><span class=\"highlight highlighted\">INSS<\/span><span class=\"highlight highlighted\">\u00a0dever\u00e1 oferecer ao benefici\u00e1rio (independentemente da sua idade) meios para que a prova de vida seja realizada sem a necessidade de deslocamento da pr\u00f3pria resid\u00eancia<\/span>, utilizando, para tanto, seus servidores ou entidades conveniadas e parceiras, bem como as institui\u00e7\u00f5es financeiras pagadoras dos benef\u00edcios. Os detalhes ainda ser\u00e3o definidos pelo instituto.<\/p>\n<\/div>\n<div class=\"mc-column content-text active-extra-styles \" data-block-type=\"unstyled\" data-block-weight=\"31\" data-block-id=\"11\">\n<p class=\"content-text__container \" data-track-category=\"Link no Texto\" data-track-links=\"\">De acordo com o\u00a0INSS os segurados podem continuar realizando a prova de vida nos bancos, como de costume. A institui\u00e7\u00e3o financeira n\u00e3o pode recusar a realiza\u00e7\u00e3o do procedimento. Antes da portaria, a prova de vida era realizada presencialmente pelos segurados junto aos bancos, em que cada institui\u00e7\u00e3o podia definir o modelo de convoca\u00e7\u00e3o dos segurados.<\/p>\n<p data-track-category=\"Link no Texto\" data-track-links=\"\"><strong>LEIA TAMB\u00c9M<\/strong><\/p>\n<p data-track-category=\"Link no Texto\" data-track-links=\"\"><a href=\"https:\/\/redenoticiaz.com.br\/blog\/2022\/02\/02\/laudo-aponta-que-medica-encontrada-morta-no-banheiro-de-hospital-sofreu-infarto\">Laudo aponta que m\u00e9dica encontrada morta no banheiro de hospital sofreu infarto<\/a><\/p>\n<\/div>\n<\/div>\n","protected":false},"excerpt":{"rendered":"<p>O Instituto Nacional do Seguro Social (INSS) publicou, nesta quinta-feira (3), a portaria com novas regras para a prova de vida. Agora os segurados n\u00e3o v\u00e3o mais precisar sair de casa para comprovar que t\u00eam direito ao benef\u00edcio. As mudan\u00e7as valer\u00e3o para os anivers\u00e1rios dos segurados que ocorrerem j\u00e1 a partir de hoje. E uma &hellip;<\/p>\n","protected":false},"author":6,"featured_media":22778,"comment_status":"open","ping_status":"closed","sticky":false,"template":"","format":"standard","meta":{"footnotes":""},"categories":[10278,97],"tags":[9855,173,1833,4110,33956],"class_list":["post-22777","post","type-post","status-publish","format-standard","has-post-thumbnail","hentry","category-cidadania","category-economia","tag-aposentadoria","tag-brasil","tag-inss","tag-novas-regras","tag-prova-de-vida"],"yoast_head":"<!-- This site is optimized with the Yoast SEO plugin v27.5 - https:\/\/yoast.com\/product\/yoast-seo-wordpress\/ -->\n<title>Vacina \u00e9 uma das regras para a prova de vida do INSS - Litoral SP<\/title>\n<meta name=\"description\" content=\"O Instituto Nacional do Seguro Social (INSS) publicou, nesta quinta-feira (3), a portaria com novas regras para a prova de vida. Agora\" \/>\n<meta name=\"robots\" content=\"index, follow, max-snippet:-1, max-image-preview:large, max-video-preview:-1\" \/>\n<link rel=\"canonical\" href=\"https:\/\/redenoticiaz.com.br\/litoralsp\/2022\/02\/03\/vacina-e-uma-das-regras-para-a-prova-de-vida-do-inss\" \/>\n<meta property=\"og:locale\" content=\"pt_BR\" \/>\n<meta property=\"og:type\" content=\"article\" \/>\n<meta property=\"og:title\" content=\"Vacina \u00e9 uma das regras para a prova de vida do INSS - Litoral SP\" \/>\n<meta property=\"og:description\" content=\"O Instituto Nacional do Seguro Social (INSS) publicou, nesta quinta-feira (3), a portaria com novas regras para a prova de vida. Agora\" \/>\n<meta property=\"og:url\" content=\"https:\/\/redenoticiaz.com.br\/litoralsp\/2022\/02\/03\/vacina-e-uma-das-regras-para-a-prova-de-vida-do-inss\" \/>\n<meta property=\"og:site_name\" content=\"Litoral SP\" \/>\n<meta property=\"article:published_time\" content=\"2022-02-03T16:00:35+00:00\" \/>\n<meta property=\"article:modified_time\" content=\"2022-02-03T16:18:07+00:00\" \/>\n<meta property=\"og:image\" content=\"https:\/\/redenoticiaz.com.br\/litoralsp\/wp-content\/uploads\/sites\/3\/2022\/02\/inss.jpeg\" \/>\n\t<meta property=\"og:image:width\" content=\"984\" \/>\n\t<meta property=\"og:image:height\" content=\"618\" \/>\n\t<meta property=\"og:image:type\" content=\"image\/jpeg\" \/>\n<meta name=\"author\" content=\"Leonardo Francisco\" \/>\n<meta name=\"twitter:card\" content=\"summary_large_image\" \/>\n<meta name=\"twitter:label1\" content=\"Escrito por\" \/>\n\t<meta name=\"twitter:data1\" content=\"Leonardo Francisco\" \/>\n\t<meta name=\"twitter:label2\" content=\"Est. tempo de leitura\" \/>\n\t<meta name=\"twitter:data2\" content=\"3 minutos\" \/>\n<script type=\"application\/ld+json\" class=\"yoast-schema-graph\">{\"@context\":\"https:\\\/\\\/schema.org\",\"@graph\":[{\"@type\":\"Article\",\"@id\":\"https:\\\/\\\/redenoticiaz.com.br\\\/litoralsp\\\/2022\\\/02\\\/03\\\/vacina-e-uma-das-regras-para-a-prova-de-vida-do-inss#article\",\"isPartOf\":{\"@id\":\"https:\\\/\\\/redenoticiaz.com.br\\\/litoralsp\\\/2022\\\/02\\\/03\\\/vacina-e-uma-das-regras-para-a-prova-de-vida-do-inss\"},\"author\":{\"name\":\"Leonardo Francisco\",\"@id\":\"https:\\\/\\\/redenoticiaz.com.br\\\/litoralsp\\\/#\\\/schema\\\/person\\\/0f0b8a5bdafefe82841e07ae8d81ecb3\"},\"headline\":\"Vacina \u00e9 uma das regras para a prova de vida do INSS\",\"datePublished\":\"2022-02-03T16:00:35+00:00\",\"dateModified\":\"2022-02-03T16:18:07+00:00\",\"mainEntityOfPage\":{\"@id\":\"https:\\\/\\\/redenoticiaz.com.br\\\/litoralsp\\\/2022\\\/02\\\/03\\\/vacina-e-uma-das-regras-para-a-prova-de-vida-do-inss\"},\"wordCount\":561,\"commentCount\":0,\"publisher\":{\"@id\":\"https:\\\/\\\/redenoticiaz.com.br\\\/litoralsp\\\/#organization\"},\"image\":{\"@id\":\"https:\\\/\\\/redenoticiaz.com.br\\\/litoralsp\\\/2022\\\/02\\\/03\\\/vacina-e-uma-das-regras-para-a-prova-de-vida-do-inss#primaryimage\"},\"thumbnailUrl\":\"https:\\\/\\\/redenoticiaz.com.br\\\/litoralsp\\\/wp-content\\\/uploads\\\/sites\\\/3\\\/2022\\\/02\\\/inss.jpeg\",\"keywords\":[\"Aposentadoria\",\"Brasil\",\"INSS\",\"NOVAS REGRAS\",\"PROVA DE VIDA\"],\"articleSection\":[\"Cidadania\",\"Economia\"],\"inLanguage\":\"pt-BR\",\"potentialAction\":[{\"@type\":\"CommentAction\",\"name\":\"Comment\",\"target\":[\"https:\\\/\\\/redenoticiaz.com.br\\\/litoralsp\\\/2022\\\/02\\\/03\\\/vacina-e-uma-das-regras-para-a-prova-de-vida-do-inss#respond\"]}]},{\"@type\":\"WebPage\",\"@id\":\"https:\\\/\\\/redenoticiaz.com.br\\\/litoralsp\\\/2022\\\/02\\\/03\\\/vacina-e-uma-das-regras-para-a-prova-de-vida-do-inss\",\"url\":\"https:\\\/\\\/redenoticiaz.com.br\\\/litoralsp\\\/2022\\\/02\\\/03\\\/vacina-e-uma-das-regras-para-a-prova-de-vida-do-inss\",\"name\":\"Vacina \u00e9 uma das regras para a prova de vida do INSS - Litoral SP\",\"isPartOf\":{\"@id\":\"https:\\\/\\\/redenoticiaz.com.br\\\/litoralsp\\\/#website\"},\"primaryImageOfPage\":{\"@id\":\"https:\\\/\\\/redenoticiaz.com.br\\\/litoralsp\\\/2022\\\/02\\\/03\\\/vacina-e-uma-das-regras-para-a-prova-de-vida-do-inss#primaryimage\"},\"image\":{\"@id\":\"https:\\\/\\\/redenoticiaz.com.br\\\/litoralsp\\\/2022\\\/02\\\/03\\\/vacina-e-uma-das-regras-para-a-prova-de-vida-do-inss#primaryimage\"},\"thumbnailUrl\":\"https:\\\/\\\/redenoticiaz.com.br\\\/litoralsp\\\/wp-content\\\/uploads\\\/sites\\\/3\\\/2022\\\/02\\\/inss.jpeg\",\"datePublished\":\"2022-02-03T16:00:35+00:00\",\"dateModified\":\"2022-02-03T16:18:07+00:00\",\"description\":\"O Instituto Nacional do Seguro Social (INSS) publicou, nesta quinta-feira (3), a portaria com novas regras para a prova de vida. Agora\",\"inLanguage\":\"pt-BR\",\"potentialAction\":[{\"@type\":\"ReadAction\",\"target\":[\"https:\\\/\\\/redenoticiaz.com.br\\\/litoralsp\\\/2022\\\/02\\\/03\\\/vacina-e-uma-das-regras-para-a-prova-de-vida-do-inss\"]}]},{\"@type\":\"ImageObject\",\"inLanguage\":\"pt-BR\",\"@id\":\"https:\\\/\\\/redenoticiaz.com.br\\\/litoralsp\\\/2022\\\/02\\\/03\\\/vacina-e-uma-das-regras-para-a-prova-de-vida-do-inss#primaryimage\",\"url\":\"https:\\\/\\\/redenoticiaz.com.br\\\/litoralsp\\\/wp-content\\\/uploads\\\/sites\\\/3\\\/2022\\\/02\\\/inss.jpeg\",\"contentUrl\":\"https:\\\/\\\/redenoticiaz.com.br\\\/litoralsp\\\/wp-content\\\/uploads\\\/sites\\\/3\\\/2022\\\/02\\\/inss.jpeg\",\"width\":984,\"height\":618,\"caption\":\"Apenas em casos espec\u00edficos que a pessoa deve ir presencialmente. Cr\u00e9ditos: Divulga\u00e7\u00e3o.\"},{\"@type\":\"WebSite\",\"@id\":\"https:\\\/\\\/redenoticiaz.com.br\\\/litoralsp\\\/#website\",\"url\":\"https:\\\/\\\/redenoticiaz.com.br\\\/litoralsp\\\/\",\"name\":\"Litoral SP\",\"description\":\"Rede NoticiaZ\",\"publisher\":{\"@id\":\"https:\\\/\\\/redenoticiaz.com.br\\\/litoralsp\\\/#organization\"},\"potentialAction\":[{\"@type\":\"SearchAction\",\"target\":{\"@type\":\"EntryPoint\",\"urlTemplate\":\"https:\\\/\\\/redenoticiaz.com.br\\\/litoralsp\\\/?s={search_term_string}\"},\"query-input\":{\"@type\":\"PropertyValueSpecification\",\"valueRequired\":true,\"valueName\":\"search_term_string\"}}],\"inLanguage\":\"pt-BR\"},{\"@type\":\"Organization\",\"@id\":\"https:\\\/\\\/redenoticiaz.com.br\\\/litoralsp\\\/#organization\",\"name\":\"Litoral SP\",\"url\":\"https:\\\/\\\/redenoticiaz.com.br\\\/litoralsp\\\/\",\"logo\":{\"@type\":\"ImageObject\",\"inLanguage\":\"pt-BR\",\"@id\":\"https:\\\/\\\/redenoticiaz.com.br\\\/litoralsp\\\/#\\\/schema\\\/logo\\\/image\\\/\",\"url\":\"https:\\\/\\\/redenoticiaz.com.br\\\/litoralsp\\\/wp-content\\\/uploads\\\/sites\\\/3\\\/2020\\\/11\\\/logo.jpg\",\"contentUrl\":\"https:\\\/\\\/redenoticiaz.com.br\\\/litoralsp\\\/wp-content\\\/uploads\\\/sites\\\/3\\\/2020\\\/11\\\/logo.jpg\",\"width\":400,\"height\":250,\"caption\":\"Litoral SP\"},\"image\":{\"@id\":\"https:\\\/\\\/redenoticiaz.com.br\\\/litoralsp\\\/#\\\/schema\\\/logo\\\/image\\\/\"}},{\"@type\":\"Person\",\"@id\":\"https:\\\/\\\/redenoticiaz.com.br\\\/litoralsp\\\/#\\\/schema\\\/person\\\/0f0b8a5bdafefe82841e07ae8d81ecb3\",\"name\":\"Leonardo Francisco\",\"image\":{\"@type\":\"ImageObject\",\"inLanguage\":\"pt-BR\",\"@id\":\"https:\\\/\\\/secure.gravatar.com\\\/avatar\\\/a7358cb406a99b682ec6df1e77e31ae82e63601f6784e8a3df411d72b37864da?s=96&d=mm&r=g\",\"url\":\"https:\\\/\\\/secure.gravatar.com\\\/avatar\\\/a7358cb406a99b682ec6df1e77e31ae82e63601f6784e8a3df411d72b37864da?s=96&d=mm&r=g\",\"contentUrl\":\"https:\\\/\\\/secure.gravatar.com\\\/avatar\\\/a7358cb406a99b682ec6df1e77e31ae82e63601f6784e8a3df411d72b37864da?s=96&d=mm&r=g\",\"caption\":\"Leonardo Francisco\"},\"url\":\"https:\\\/\\\/redenoticiaz.com.br\\\/litoralsp\\\/author\\\/leonardo-francisco\"}]}<\/script>\n<!-- \/ Yoast SEO plugin. -->","yoast_head_json":{"title":"Vacina \u00e9 uma das regras para a prova de vida do INSS - Litoral SP","description":"O Instituto Nacional do Seguro Social (INSS) publicou, nesta quinta-feira (3), a portaria com novas regras para a prova de vida. Agora","robots":{"index":"index","follow":"follow","max-snippet":"max-snippet:-1","max-image-preview":"max-image-preview:large","max-video-preview":"max-video-preview:-1"},"canonical":"https:\/\/redenoticiaz.com.br\/litoralsp\/2022\/02\/03\/vacina-e-uma-das-regras-para-a-prova-de-vida-do-inss","og_locale":"pt_BR","og_type":"article","og_title":"Vacina \u00e9 uma das regras para a prova de vida do INSS - Litoral SP","og_description":"O Instituto Nacional do Seguro Social (INSS) publicou, nesta quinta-feira (3), a portaria com novas regras para a prova de vida. Agora","og_url":"https:\/\/redenoticiaz.com.br\/litoralsp\/2022\/02\/03\/vacina-e-uma-das-regras-para-a-prova-de-vida-do-inss","og_site_name":"Litoral SP","article_published_time":"2022-02-03T16:00:35+00:00","article_modified_time":"2022-02-03T16:18:07+00:00","og_image":[{"width":984,"height":618,"url":"https:\/\/redenoticiaz.com.br\/litoralsp\/wp-content\/uploads\/sites\/3\/2022\/02\/inss.jpeg","type":"image\/jpeg"}],"author":"Leonardo Francisco","twitter_card":"summary_large_image","twitter_misc":{"Escrito por":"Leonardo Francisco","Est. tempo de leitura":"3 minutos"},"schema":{"@context":"https:\/\/schema.org","@graph":[{"@type":"Article","@id":"https:\/\/redenoticiaz.com.br\/litoralsp\/2022\/02\/03\/vacina-e-uma-das-regras-para-a-prova-de-vida-do-inss#article","isPartOf":{"@id":"https:\/\/redenoticiaz.com.br\/litoralsp\/2022\/02\/03\/vacina-e-uma-das-regras-para-a-prova-de-vida-do-inss"},"author":{"name":"Leonardo Francisco","@id":"https:\/\/redenoticiaz.com.br\/litoralsp\/#\/schema\/person\/0f0b8a5bdafefe82841e07ae8d81ecb3"},"headline":"Vacina \u00e9 uma das regras para a prova de vida do INSS","datePublished":"2022-02-03T16:00:35+00:00","dateModified":"2022-02-03T16:18:07+00:00","mainEntityOfPage":{"@id":"https:\/\/redenoticiaz.com.br\/litoralsp\/2022\/02\/03\/vacina-e-uma-das-regras-para-a-prova-de-vida-do-inss"},"wordCount":561,"commentCount":0,"publisher":{"@id":"https:\/\/redenoticiaz.com.br\/litoralsp\/#organization"},"image":{"@id":"https:\/\/redenoticiaz.com.br\/litoralsp\/2022\/02\/03\/vacina-e-uma-das-regras-para-a-prova-de-vida-do-inss#primaryimage"},"thumbnailUrl":"https:\/\/redenoticiaz.com.br\/litoralsp\/wp-content\/uploads\/sites\/3\/2022\/02\/inss.jpeg","keywords":["Aposentadoria","Brasil","INSS","NOVAS REGRAS","PROVA DE VIDA"],"articleSection":["Cidadania","Economia"],"inLanguage":"pt-BR","potentialAction":[{"@type":"CommentAction","name":"Comment","target":["https:\/\/redenoticiaz.com.br\/litoralsp\/2022\/02\/03\/vacina-e-uma-das-regras-para-a-prova-de-vida-do-inss#respond"]}]},{"@type":"WebPage","@id":"https:\/\/redenoticiaz.com.br\/litoralsp\/2022\/02\/03\/vacina-e-uma-das-regras-para-a-prova-de-vida-do-inss","url":"https:\/\/redenoticiaz.com.br\/litoralsp\/2022\/02\/03\/vacina-e-uma-das-regras-para-a-prova-de-vida-do-inss","name":"Vacina \u00e9 uma das regras para a prova de vida do INSS - Litoral SP","isPartOf":{"@id":"https:\/\/redenoticiaz.com.br\/litoralsp\/#website"},"primaryImageOfPage":{"@id":"https:\/\/redenoticiaz.com.br\/litoralsp\/2022\/02\/03\/vacina-e-uma-das-regras-para-a-prova-de-vida-do-inss#primaryimage"},"image":{"@id":"https:\/\/redenoticiaz.com.br\/litoralsp\/2022\/02\/03\/vacina-e-uma-das-regras-para-a-prova-de-vida-do-inss#primaryimage"},"thumbnailUrl":"https:\/\/redenoticiaz.com.br\/litoralsp\/wp-content\/uploads\/sites\/3\/2022\/02\/inss.jpeg","datePublished":"2022-02-03T16:00:35+00:00","dateModified":"2022-02-03T16:18:07+00:00","description":"O Instituto Nacional do Seguro Social (INSS) publicou, nesta quinta-feira (3), a portaria com novas regras para a prova de vida. Agora","inLanguage":"pt-BR","potentialAction":[{"@type":"ReadAction","target":["https:\/\/redenoticiaz.com.br\/litoralsp\/2022\/02\/03\/vacina-e-uma-das-regras-para-a-prova-de-vida-do-inss"]}]},{"@type":"ImageObject","inLanguage":"pt-BR","@id":"https:\/\/redenoticiaz.com.br\/litoralsp\/2022\/02\/03\/vacina-e-uma-das-regras-para-a-prova-de-vida-do-inss#primaryimage","url":"https:\/\/redenoticiaz.com.br\/litoralsp\/wp-content\/uploads\/sites\/3\/2022\/02\/inss.jpeg","contentUrl":"https:\/\/redenoticiaz.com.br\/litoralsp\/wp-content\/uploads\/sites\/3\/2022\/02\/inss.jpeg","width":984,"height":618,"caption":"Apenas em casos espec\u00edficos que a pessoa deve ir presencialmente. Cr\u00e9ditos: Divulga\u00e7\u00e3o."},{"@type":"WebSite","@id":"https:\/\/redenoticiaz.com.br\/litoralsp\/#website","url":"https:\/\/redenoticiaz.com.br\/litoralsp\/","name":"Litoral SP","description":"Rede NoticiaZ","publisher":{"@id":"https:\/\/redenoticiaz.com.br\/litoralsp\/#organization"},"potentialAction":[{"@type":"SearchAction","target":{"@type":"EntryPoint","urlTemplate":"https:\/\/redenoticiaz.com.br\/litoralsp\/?s={search_term_string}"},"query-input":{"@type":"PropertyValueSpecification","valueRequired":true,"valueName":"search_term_string"}}],"inLanguage":"pt-BR"},{"@type":"Organization","@id":"https:\/\/redenoticiaz.com.br\/litoralsp\/#organization","name":"Litoral SP","url":"https:\/\/redenoticiaz.com.br\/litoralsp\/","logo":{"@type":"ImageObject","inLanguage":"pt-BR","@id":"https:\/\/redenoticiaz.com.br\/litoralsp\/#\/schema\/logo\/image\/","url":"https:\/\/redenoticiaz.com.br\/litoralsp\/wp-content\/uploads\/sites\/3\/2020\/11\/logo.jpg","contentUrl":"https:\/\/redenoticiaz.com.br\/litoralsp\/wp-content\/uploads\/sites\/3\/2020\/11\/logo.jpg","width":400,"height":250,"caption":"Litoral SP"},"image":{"@id":"https:\/\/redenoticiaz.com.br\/litoralsp\/#\/schema\/logo\/image\/"}},{"@type":"Person","@id":"https:\/\/redenoticiaz.com.br\/litoralsp\/#\/schema\/person\/0f0b8a5bdafefe82841e07ae8d81ecb3","name":"Leonardo Francisco","image":{"@type":"ImageObject","inLanguage":"pt-BR","@id":"https:\/\/secure.gravatar.com\/avatar\/a7358cb406a99b682ec6df1e77e31ae82e63601f6784e8a3df411d72b37864da?s=96&d=mm&r=g","url":"https:\/\/secure.gravatar.com\/avatar\/a7358cb406a99b682ec6df1e77e31ae82e63601f6784e8a3df411d72b37864da?s=96&d=mm&r=g","contentUrl":"https:\/\/secure.gravatar.com\/avatar\/a7358cb406a99b682ec6df1e77e31ae82e63601f6784e8a3df411d72b37864da?s=96&d=mm&r=g","caption":"Leonardo Francisco"},"url":"https:\/\/redenoticiaz.com.br\/litoralsp\/author\/leonardo-francisco"}]}},"_links":{"self":[{"href":"https:\/\/redenoticiaz.com.br\/litoralsp\/wp-json\/wp\/v2\/posts\/22777","targetHints":{"allow":["GET"]}}],"collection":[{"href":"https:\/\/redenoticiaz.com.br\/litoralsp\/wp-json\/wp\/v2\/posts"}],"about":[{"href":"https:\/\/redenoticiaz.com.br\/litoralsp\/wp-json\/wp\/v2\/types\/post"}],"author":[{"embeddable":true,"href":"https:\/\/redenoticiaz.com.br\/litoralsp\/wp-json\/wp\/v2\/users\/6"}],"replies":[{"embeddable":true,"href":"https:\/\/redenoticiaz.com.br\/litoralsp\/wp-json\/wp\/v2\/comments?post=22777"}],"version-history":[{"count":1,"href":"https:\/\/redenoticiaz.com.br\/litoralsp\/wp-json\/wp\/v2\/posts\/22777\/revisions"}],"predecessor-version":[{"id":22779,"href":"https:\/\/redenoticiaz.com.br\/litoralsp\/wp-json\/wp\/v2\/posts\/22777\/revisions\/22779"}],"wp:featuredmedia":[{"embeddable":true,"href":"https:\/\/redenoticiaz.com.br\/litoralsp\/wp-json\/wp\/v2\/media\/22778"}],"wp:attachment":[{"href":"https:\/\/redenoticiaz.com.br\/litoralsp\/wp-json\/wp\/v2\/media?parent=22777"}],"wp:term":[{"taxonomy":"category","embeddable":true,"href":"https:\/\/redenoticiaz.com.br\/litoralsp\/wp-json\/wp\/v2\/categories?post=22777"},{"taxonomy":"post_tag","embeddable":true,"href":"https:\/\/redenoticiaz.com.br\/litoralsp\/wp-json\/wp\/v2\/tags?post=22777"}],"curies":[{"name":"wp","href":"https:\/\/api.w.org\/{rel}","templated":true}]}}