{"id":22786,"date":"2022-02-03T15:10:57","date_gmt":"2022-02-03T18:10:57","guid":{"rendered":"https:\/\/redenoticiaz.com.br\/litoralsp\/?p=22786"},"modified":"2022-02-03T15:11:18","modified_gmt":"2022-02-03T18:11:18","slug":"procurado-da-justica-e-preso-apos-ser-perseguido-e-baleado-em-praia-grande","status":"publish","type":"post","link":"https:\/\/redenoticiaz.com.br\/litoralsp\/2022\/02\/03\/procurado-da-justica-e-preso-apos-ser-perseguido-e-baleado-em-praia-grande","title":{"rendered":"Procurado da Justi\u00e7a \u00e9 preso ap\u00f3s ser perseguido e baleado em Praia Grande"},"content":{"rendered":"<p>A Pol\u00edcia Militar prendeu um homem de 33 anos ap\u00f3s uma persegui\u00e7\u00e3o e troca de tiros em <a href=\"https:\/\/www.praiagrande.sp.gov.br\/HomePortal-.asp?cd_pagina=71\">Praia Grande<\/a>. O caso ocorreu na noite de quarta-feira (2) na Avenida Gulhermina e com o suspeito, uma mulher estava na garupa. Na abordagem, foi descoberto que ele era <strong>procurado da Justi\u00e7a<\/strong>.<\/p>\n<p>A Secretaria de Seguran\u00e7a P\u00fablica (SSP) informou que os policiais militares que estavam em patrulhamento desconfiaram de um casal em uma moto, que trafegava sem rumo pela regi\u00e3o. Ao tentarem abordar os suspeitos, o motorista fugiu.<\/p>\n<div class=\"mc-column content-text active-extra-styles \" data-block-type=\"unstyled\" data-block-weight=\"38\" data-block-id=\"4\">\n<p class=\"content-text__container \" data-track-category=\"Link no Texto\" data-track-links=\"\">Por isso, os policiais comunicaram outras viaturas da regi\u00e3o para auxiliarem na a\u00e7\u00e3o. Ao ser parado por outra equipe, o homem tentou jogar a moto contra os agentes, que reagiram efetuando disparos em dire\u00e7\u00e3o \u00e0 ele.<\/p>\n<\/div>\n<div class=\"content-ads content-ads--reveal\" data-block-type=\"ads\" data-block-id=\"5\"><\/div>\n<div class=\"mc-column content-text active-extra-styles \" data-block-type=\"unstyled\" data-block-weight=\"31\" data-block-id=\"6\">\n<p class=\"content-text__container \" data-track-category=\"Link no Texto\" data-track-links=\"\">Segundo a SSP, a mulher que estava na garupa da moto foi ferida no bra\u00e7o, medicada e liberada. J\u00e1 o motorista foi ferido no abd\u00f4men e permaneceu sob cuidados m\u00e9dicos.<\/p>\n<\/div>\n<div class=\"mc-column content-text active-extra-styles \" data-block-type=\"unstyled\" data-block-weight=\"33\" data-block-id=\"7\">\n<p class=\"content-text__container \" data-track-category=\"Link no Texto\" data-track-links=\"\">O caso foi registrado como les\u00e3o corporal decorrente de oposi\u00e7\u00e3o \u00e0 interven\u00e7\u00e3o policial, tentativa de les\u00e3o corporal, captura de procurado e leg\u00edtima defesa na Central de Pol\u00edcia Judici\u00e1ria (CPJ) de Praia Grande.<\/p>\n<p data-track-category=\"Link no Texto\" data-track-links=\"\"><strong>LEIA TAMB\u00c9M<\/strong><\/p>\n<p data-track-category=\"Link no Texto\" data-track-links=\"\"><a href=\"https:\/\/redenoticiaz.com.br\/litoralsp\/2022\/02\/03\/homem-que-matou-marido-de-amante-em-sao-sebastiao-pega-18-anos-de-prisao\">Homem que matou marido de amante em S\u00e3o Sebasti\u00e3o pega 18 anos de pris\u00e3o<\/a><\/p>\n<\/div>\n","protected":false},"excerpt":{"rendered":"<p>A Pol\u00edcia Militar prendeu um homem de 33 anos ap\u00f3s uma persegui\u00e7\u00e3o e troca de tiros em Praia Grande. O caso ocorreu na noite de quarta-feira (2) na Avenida Gulhermina e com o suspeito, uma mulher estava na garupa. Na abordagem, foi descoberto que ele era procurado da Justi\u00e7a. A Secretaria de Seguran\u00e7a P\u00fablica (SSP) &hellip;<\/p>\n","protected":false},"author":6,"featured_media":22787,"comment_status":"open","ping_status":"closed","sticky":false,"template":"","format":"standard","meta":{"footnotes":""},"categories":[10,182],"tags":[6342,1766,1101,12209,3150],"class_list":["post-22786","post","type-post","status-publish","format-standard","has-post-thumbnail","hentry","category-policia","category-praia-grande","tag-homem-preso","tag-policia-militar","tag-praia-grande","tag-procurado-da-justica","tag-secretaria-de-seguranca-publica"],"yoast_head":"<!-- This site is optimized with the Yoast SEO plugin v27.5 - https:\/\/yoast.com\/product\/yoast-seo-wordpress\/ -->\n<title>Procurado da Justi\u00e7a \u00e9 preso ap\u00f3s ser perseguido e baleado em Praia Grande - Litoral SP<\/title>\n<meta name=\"description\" content=\"A Pol\u00edcia Militar prendeu um homem de 33 anos ap\u00f3s uma persegui\u00e7\u00e3o e troca de tiros em Praia Grande. O caso ocorreu na noite\" \/>\n<meta name=\"robots\" content=\"index, follow, max-snippet:-1, max-image-preview:large, max-video-preview:-1\" \/>\n<link rel=\"canonical\" href=\"https:\/\/redenoticiaz.com.br\/litoralsp\/2022\/02\/03\/procurado-da-justica-e-preso-apos-ser-perseguido-e-baleado-em-praia-grande\" \/>\n<meta property=\"og:locale\" content=\"pt_BR\" \/>\n<meta property=\"og:type\" content=\"article\" \/>\n<meta property=\"og:title\" content=\"Procurado da Justi\u00e7a \u00e9 preso ap\u00f3s ser perseguido e baleado em Praia Grande - Litoral SP\" \/>\n<meta property=\"og:description\" content=\"A Pol\u00edcia Militar prendeu um homem de 33 anos ap\u00f3s uma persegui\u00e7\u00e3o e troca de tiros em Praia Grande. O caso ocorreu na noite\" \/>\n<meta property=\"og:url\" content=\"https:\/\/redenoticiaz.com.br\/litoralsp\/2022\/02\/03\/procurado-da-justica-e-preso-apos-ser-perseguido-e-baleado-em-praia-grande\" \/>\n<meta property=\"og:site_name\" content=\"Litoral SP\" \/>\n<meta property=\"article:published_time\" content=\"2022-02-03T18:10:57+00:00\" \/>\n<meta property=\"article:modified_time\" content=\"2022-02-03T18:11:18+00:00\" \/>\n<meta property=\"og:image\" content=\"https:\/\/redenoticiaz.com.br\/litoralsp\/wp-content\/uploads\/sites\/3\/2022\/02\/perseguicao-praia-grande.jpeg\" \/>\n\t<meta property=\"og:image:width\" content=\"984\" \/>\n\t<meta property=\"og:image:height\" content=\"553\" \/>\n\t<meta property=\"og:image:type\" content=\"image\/jpeg\" \/>\n<meta name=\"author\" content=\"Leonardo Francisco\" \/>\n<meta name=\"twitter:card\" content=\"summary_large_image\" \/>\n<meta name=\"twitter:label1\" content=\"Escrito por\" \/>\n\t<meta name=\"twitter:data1\" content=\"Leonardo Francisco\" \/>\n\t<meta name=\"twitter:label2\" content=\"Est. tempo de leitura\" \/>\n\t<meta name=\"twitter:data2\" content=\"1 minuto\" \/>\n<script type=\"application\/ld+json\" class=\"yoast-schema-graph\">{\"@context\":\"https:\\\/\\\/schema.org\",\"@graph\":[{\"@type\":\"Article\",\"@id\":\"https:\\\/\\\/redenoticiaz.com.br\\\/litoralsp\\\/2022\\\/02\\\/03\\\/procurado-da-justica-e-preso-apos-ser-perseguido-e-baleado-em-praia-grande#article\",\"isPartOf\":{\"@id\":\"https:\\\/\\\/redenoticiaz.com.br\\\/litoralsp\\\/2022\\\/02\\\/03\\\/procurado-da-justica-e-preso-apos-ser-perseguido-e-baleado-em-praia-grande\"},\"author\":{\"name\":\"Leonardo Francisco\",\"@id\":\"https:\\\/\\\/redenoticiaz.com.br\\\/litoralsp\\\/#\\\/schema\\\/person\\\/0f0b8a5bdafefe82841e07ae8d81ecb3\"},\"headline\":\"Procurado da Justi\u00e7a \u00e9 preso ap\u00f3s ser perseguido e baleado em Praia Grande\",\"datePublished\":\"2022-02-03T18:10:57+00:00\",\"dateModified\":\"2022-02-03T18:11:18+00:00\",\"mainEntityOfPage\":{\"@id\":\"https:\\\/\\\/redenoticiaz.com.br\\\/litoralsp\\\/2022\\\/02\\\/03\\\/procurado-da-justica-e-preso-apos-ser-perseguido-e-baleado-em-praia-grande\"},\"wordCount\":232,\"commentCount\":0,\"publisher\":{\"@id\":\"https:\\\/\\\/redenoticiaz.com.br\\\/litoralsp\\\/#organization\"},\"image\":{\"@id\":\"https:\\\/\\\/redenoticiaz.com.br\\\/litoralsp\\\/2022\\\/02\\\/03\\\/procurado-da-justica-e-preso-apos-ser-perseguido-e-baleado-em-praia-grande#primaryimage\"},\"thumbnailUrl\":\"https:\\\/\\\/redenoticiaz.com.br\\\/litoralsp\\\/wp-content\\\/uploads\\\/sites\\\/3\\\/2022\\\/02\\\/perseguicao-praia-grande.jpeg\",\"keywords\":[\"HOMEM PRESO\",\"policia militar\",\"PRAIA GRANDE\",\"PROCURADO DA JUSTI\u00c7A\",\"SECRETARIA DE SEGURAN\u00c7A P\u00daBLICA\"],\"articleSection\":[\"Pol\u00edcia\",\"Praia Grande\"],\"inLanguage\":\"pt-BR\",\"potentialAction\":[{\"@type\":\"CommentAction\",\"name\":\"Comment\",\"target\":[\"https:\\\/\\\/redenoticiaz.com.br\\\/litoralsp\\\/2022\\\/02\\\/03\\\/procurado-da-justica-e-preso-apos-ser-perseguido-e-baleado-em-praia-grande#respond\"]}]},{\"@type\":\"WebPage\",\"@id\":\"https:\\\/\\\/redenoticiaz.com.br\\\/litoralsp\\\/2022\\\/02\\\/03\\\/procurado-da-justica-e-preso-apos-ser-perseguido-e-baleado-em-praia-grande\",\"url\":\"https:\\\/\\\/redenoticiaz.com.br\\\/litoralsp\\\/2022\\\/02\\\/03\\\/procurado-da-justica-e-preso-apos-ser-perseguido-e-baleado-em-praia-grande\",\"name\":\"Procurado da Justi\u00e7a \u00e9 preso ap\u00f3s ser perseguido e baleado em Praia Grande - Litoral SP\",\"isPartOf\":{\"@id\":\"https:\\\/\\\/redenoticiaz.com.br\\\/litoralsp\\\/#website\"},\"primaryImageOfPage\":{\"@id\":\"https:\\\/\\\/redenoticiaz.com.br\\\/litoralsp\\\/2022\\\/02\\\/03\\\/procurado-da-justica-e-preso-apos-ser-perseguido-e-baleado-em-praia-grande#primaryimage\"},\"image\":{\"@id\":\"https:\\\/\\\/redenoticiaz.com.br\\\/litoralsp\\\/2022\\\/02\\\/03\\\/procurado-da-justica-e-preso-apos-ser-perseguido-e-baleado-em-praia-grande#primaryimage\"},\"thumbnailUrl\":\"https:\\\/\\\/redenoticiaz.com.br\\\/litoralsp\\\/wp-content\\\/uploads\\\/sites\\\/3\\\/2022\\\/02\\\/perseguicao-praia-grande.jpeg\",\"datePublished\":\"2022-02-03T18:10:57+00:00\",\"dateModified\":\"2022-02-03T18:11:18+00:00\",\"description\":\"A Pol\u00edcia Militar prendeu um homem de 33 anos ap\u00f3s uma persegui\u00e7\u00e3o e troca de tiros em Praia Grande. O caso ocorreu na noite\",\"inLanguage\":\"pt-BR\",\"potentialAction\":[{\"@type\":\"ReadAction\",\"target\":[\"https:\\\/\\\/redenoticiaz.com.br\\\/litoralsp\\\/2022\\\/02\\\/03\\\/procurado-da-justica-e-preso-apos-ser-perseguido-e-baleado-em-praia-grande\"]}]},{\"@type\":\"ImageObject\",\"inLanguage\":\"pt-BR\",\"@id\":\"https:\\\/\\\/redenoticiaz.com.br\\\/litoralsp\\\/2022\\\/02\\\/03\\\/procurado-da-justica-e-preso-apos-ser-perseguido-e-baleado-em-praia-grande#primaryimage\",\"url\":\"https:\\\/\\\/redenoticiaz.com.br\\\/litoralsp\\\/wp-content\\\/uploads\\\/sites\\\/3\\\/2022\\\/02\\\/perseguicao-praia-grande.jpeg\",\"contentUrl\":\"https:\\\/\\\/redenoticiaz.com.br\\\/litoralsp\\\/wp-content\\\/uploads\\\/sites\\\/3\\\/2022\\\/02\\\/perseguicao-praia-grande.jpeg\",\"width\":984,\"height\":553,\"caption\":\"Cr\u00e9ditos: Reprodu\u00e7\u00e3o\\\/Praia Grande Mil Grau.\"},{\"@type\":\"WebSite\",\"@id\":\"https:\\\/\\\/redenoticiaz.com.br\\\/litoralsp\\\/#website\",\"url\":\"https:\\\/\\\/redenoticiaz.com.br\\\/litoralsp\\\/\",\"name\":\"Litoral SP\",\"description\":\"Rede NoticiaZ\",\"publisher\":{\"@id\":\"https:\\\/\\\/redenoticiaz.com.br\\\/litoralsp\\\/#organization\"},\"potentialAction\":[{\"@type\":\"SearchAction\",\"target\":{\"@type\":\"EntryPoint\",\"urlTemplate\":\"https:\\\/\\\/redenoticiaz.com.br\\\/litoralsp\\\/?s={search_term_string}\"},\"query-input\":{\"@type\":\"PropertyValueSpecification\",\"valueRequired\":true,\"valueName\":\"search_term_string\"}}],\"inLanguage\":\"pt-BR\"},{\"@type\":\"Organization\",\"@id\":\"https:\\\/\\\/redenoticiaz.com.br\\\/litoralsp\\\/#organization\",\"name\":\"Litoral SP\",\"url\":\"https:\\\/\\\/redenoticiaz.com.br\\\/litoralsp\\\/\",\"logo\":{\"@type\":\"ImageObject\",\"inLanguage\":\"pt-BR\",\"@id\":\"https:\\\/\\\/redenoticiaz.com.br\\\/litoralsp\\\/#\\\/schema\\\/logo\\\/image\\\/\",\"url\":\"https:\\\/\\\/redenoticiaz.com.br\\\/litoralsp\\\/wp-content\\\/uploads\\\/sites\\\/3\\\/2020\\\/11\\\/logo.jpg\",\"contentUrl\":\"https:\\\/\\\/redenoticiaz.com.br\\\/litoralsp\\\/wp-content\\\/uploads\\\/sites\\\/3\\\/2020\\\/11\\\/logo.jpg\",\"width\":400,\"height\":250,\"caption\":\"Litoral SP\"},\"image\":{\"@id\":\"https:\\\/\\\/redenoticiaz.com.br\\\/litoralsp\\\/#\\\/schema\\\/logo\\\/image\\\/\"}},{\"@type\":\"Person\",\"@id\":\"https:\\\/\\\/redenoticiaz.com.br\\\/litoralsp\\\/#\\\/schema\\\/person\\\/0f0b8a5bdafefe82841e07ae8d81ecb3\",\"name\":\"Leonardo Francisco\",\"image\":{\"@type\":\"ImageObject\",\"inLanguage\":\"pt-BR\",\"@id\":\"https:\\\/\\\/secure.gravatar.com\\\/avatar\\\/a7358cb406a99b682ec6df1e77e31ae82e63601f6784e8a3df411d72b37864da?s=96&d=mm&r=g\",\"url\":\"https:\\\/\\\/secure.gravatar.com\\\/avatar\\\/a7358cb406a99b682ec6df1e77e31ae82e63601f6784e8a3df411d72b37864da?s=96&d=mm&r=g\",\"contentUrl\":\"https:\\\/\\\/secure.gravatar.com\\\/avatar\\\/a7358cb406a99b682ec6df1e77e31ae82e63601f6784e8a3df411d72b37864da?s=96&d=mm&r=g\",\"caption\":\"Leonardo Francisco\"},\"url\":\"https:\\\/\\\/redenoticiaz.com.br\\\/litoralsp\\\/author\\\/leonardo-francisco\"}]}<\/script>\n<!-- \/ Yoast SEO plugin. -->","yoast_head_json":{"title":"Procurado da Justi\u00e7a \u00e9 preso ap\u00f3s ser perseguido e baleado em Praia Grande - Litoral SP","description":"A Pol\u00edcia Militar prendeu um homem de 33 anos ap\u00f3s uma persegui\u00e7\u00e3o e troca de tiros em Praia Grande. O caso ocorreu na noite","robots":{"index":"index","follow":"follow","max-snippet":"max-snippet:-1","max-image-preview":"max-image-preview:large","max-video-preview":"max-video-preview:-1"},"canonical":"https:\/\/redenoticiaz.com.br\/litoralsp\/2022\/02\/03\/procurado-da-justica-e-preso-apos-ser-perseguido-e-baleado-em-praia-grande","og_locale":"pt_BR","og_type":"article","og_title":"Procurado da Justi\u00e7a \u00e9 preso ap\u00f3s ser perseguido e baleado em Praia Grande - Litoral SP","og_description":"A Pol\u00edcia Militar prendeu um homem de 33 anos ap\u00f3s uma persegui\u00e7\u00e3o e troca de tiros em Praia Grande. O caso ocorreu na noite","og_url":"https:\/\/redenoticiaz.com.br\/litoralsp\/2022\/02\/03\/procurado-da-justica-e-preso-apos-ser-perseguido-e-baleado-em-praia-grande","og_site_name":"Litoral SP","article_published_time":"2022-02-03T18:10:57+00:00","article_modified_time":"2022-02-03T18:11:18+00:00","og_image":[{"width":984,"height":553,"url":"https:\/\/redenoticiaz.com.br\/litoralsp\/wp-content\/uploads\/sites\/3\/2022\/02\/perseguicao-praia-grande.jpeg","type":"image\/jpeg"}],"author":"Leonardo Francisco","twitter_card":"summary_large_image","twitter_misc":{"Escrito por":"Leonardo Francisco","Est. tempo de leitura":"1 minuto"},"schema":{"@context":"https:\/\/schema.org","@graph":[{"@type":"Article","@id":"https:\/\/redenoticiaz.com.br\/litoralsp\/2022\/02\/03\/procurado-da-justica-e-preso-apos-ser-perseguido-e-baleado-em-praia-grande#article","isPartOf":{"@id":"https:\/\/redenoticiaz.com.br\/litoralsp\/2022\/02\/03\/procurado-da-justica-e-preso-apos-ser-perseguido-e-baleado-em-praia-grande"},"author":{"name":"Leonardo Francisco","@id":"https:\/\/redenoticiaz.com.br\/litoralsp\/#\/schema\/person\/0f0b8a5bdafefe82841e07ae8d81ecb3"},"headline":"Procurado da Justi\u00e7a \u00e9 preso ap\u00f3s ser perseguido e baleado em Praia Grande","datePublished":"2022-02-03T18:10:57+00:00","dateModified":"2022-02-03T18:11:18+00:00","mainEntityOfPage":{"@id":"https:\/\/redenoticiaz.com.br\/litoralsp\/2022\/02\/03\/procurado-da-justica-e-preso-apos-ser-perseguido-e-baleado-em-praia-grande"},"wordCount":232,"commentCount":0,"publisher":{"@id":"https:\/\/redenoticiaz.com.br\/litoralsp\/#organization"},"image":{"@id":"https:\/\/redenoticiaz.com.br\/litoralsp\/2022\/02\/03\/procurado-da-justica-e-preso-apos-ser-perseguido-e-baleado-em-praia-grande#primaryimage"},"thumbnailUrl":"https:\/\/redenoticiaz.com.br\/litoralsp\/wp-content\/uploads\/sites\/3\/2022\/02\/perseguicao-praia-grande.jpeg","keywords":["HOMEM PRESO","policia militar","PRAIA GRANDE","PROCURADO DA JUSTI\u00c7A","SECRETARIA DE SEGURAN\u00c7A P\u00daBLICA"],"articleSection":["Pol\u00edcia","Praia Grande"],"inLanguage":"pt-BR","potentialAction":[{"@type":"CommentAction","name":"Comment","target":["https:\/\/redenoticiaz.com.br\/litoralsp\/2022\/02\/03\/procurado-da-justica-e-preso-apos-ser-perseguido-e-baleado-em-praia-grande#respond"]}]},{"@type":"WebPage","@id":"https:\/\/redenoticiaz.com.br\/litoralsp\/2022\/02\/03\/procurado-da-justica-e-preso-apos-ser-perseguido-e-baleado-em-praia-grande","url":"https:\/\/redenoticiaz.com.br\/litoralsp\/2022\/02\/03\/procurado-da-justica-e-preso-apos-ser-perseguido-e-baleado-em-praia-grande","name":"Procurado da Justi\u00e7a \u00e9 preso ap\u00f3s ser perseguido e baleado em Praia Grande - Litoral SP","isPartOf":{"@id":"https:\/\/redenoticiaz.com.br\/litoralsp\/#website"},"primaryImageOfPage":{"@id":"https:\/\/redenoticiaz.com.br\/litoralsp\/2022\/02\/03\/procurado-da-justica-e-preso-apos-ser-perseguido-e-baleado-em-praia-grande#primaryimage"},"image":{"@id":"https:\/\/redenoticiaz.com.br\/litoralsp\/2022\/02\/03\/procurado-da-justica-e-preso-apos-ser-perseguido-e-baleado-em-praia-grande#primaryimage"},"thumbnailUrl":"https:\/\/redenoticiaz.com.br\/litoralsp\/wp-content\/uploads\/sites\/3\/2022\/02\/perseguicao-praia-grande.jpeg","datePublished":"2022-02-03T18:10:57+00:00","dateModified":"2022-02-03T18:11:18+00:00","description":"A Pol\u00edcia Militar prendeu um homem de 33 anos ap\u00f3s uma persegui\u00e7\u00e3o e troca de tiros em Praia Grande. O caso ocorreu na noite","inLanguage":"pt-BR","potentialAction":[{"@type":"ReadAction","target":["https:\/\/redenoticiaz.com.br\/litoralsp\/2022\/02\/03\/procurado-da-justica-e-preso-apos-ser-perseguido-e-baleado-em-praia-grande"]}]},{"@type":"ImageObject","inLanguage":"pt-BR","@id":"https:\/\/redenoticiaz.com.br\/litoralsp\/2022\/02\/03\/procurado-da-justica-e-preso-apos-ser-perseguido-e-baleado-em-praia-grande#primaryimage","url":"https:\/\/redenoticiaz.com.br\/litoralsp\/wp-content\/uploads\/sites\/3\/2022\/02\/perseguicao-praia-grande.jpeg","contentUrl":"https:\/\/redenoticiaz.com.br\/litoralsp\/wp-content\/uploads\/sites\/3\/2022\/02\/perseguicao-praia-grande.jpeg","width":984,"height":553,"caption":"Cr\u00e9ditos: Reprodu\u00e7\u00e3o\/Praia Grande Mil Grau."},{"@type":"WebSite","@id":"https:\/\/redenoticiaz.com.br\/litoralsp\/#website","url":"https:\/\/redenoticiaz.com.br\/litoralsp\/","name":"Litoral SP","description":"Rede NoticiaZ","publisher":{"@id":"https:\/\/redenoticiaz.com.br\/litoralsp\/#organization"},"potentialAction":[{"@type":"SearchAction","target":{"@type":"EntryPoint","urlTemplate":"https:\/\/redenoticiaz.com.br\/litoralsp\/?s={search_term_string}"},"query-input":{"@type":"PropertyValueSpecification","valueRequired":true,"valueName":"search_term_string"}}],"inLanguage":"pt-BR"},{"@type":"Organization","@id":"https:\/\/redenoticiaz.com.br\/litoralsp\/#organization","name":"Litoral SP","url":"https:\/\/redenoticiaz.com.br\/litoralsp\/","logo":{"@type":"ImageObject","inLanguage":"pt-BR","@id":"https:\/\/redenoticiaz.com.br\/litoralsp\/#\/schema\/logo\/image\/","url":"https:\/\/redenoticiaz.com.br\/litoralsp\/wp-content\/uploads\/sites\/3\/2020\/11\/logo.jpg","contentUrl":"https:\/\/redenoticiaz.com.br\/litoralsp\/wp-content\/uploads\/sites\/3\/2020\/11\/logo.jpg","width":400,"height":250,"caption":"Litoral SP"},"image":{"@id":"https:\/\/redenoticiaz.com.br\/litoralsp\/#\/schema\/logo\/image\/"}},{"@type":"Person","@id":"https:\/\/redenoticiaz.com.br\/litoralsp\/#\/schema\/person\/0f0b8a5bdafefe82841e07ae8d81ecb3","name":"Leonardo Francisco","image":{"@type":"ImageObject","inLanguage":"pt-BR","@id":"https:\/\/secure.gravatar.com\/avatar\/a7358cb406a99b682ec6df1e77e31ae82e63601f6784e8a3df411d72b37864da?s=96&d=mm&r=g","url":"https:\/\/secure.gravatar.com\/avatar\/a7358cb406a99b682ec6df1e77e31ae82e63601f6784e8a3df411d72b37864da?s=96&d=mm&r=g","contentUrl":"https:\/\/secure.gravatar.com\/avatar\/a7358cb406a99b682ec6df1e77e31ae82e63601f6784e8a3df411d72b37864da?s=96&d=mm&r=g","caption":"Leonardo Francisco"},"url":"https:\/\/redenoticiaz.com.br\/litoralsp\/author\/leonardo-francisco"}]}},"_links":{"self":[{"href":"https:\/\/redenoticiaz.com.br\/litoralsp\/wp-json\/wp\/v2\/posts\/22786","targetHints":{"allow":["GET"]}}],"collection":[{"href":"https:\/\/redenoticiaz.com.br\/litoralsp\/wp-json\/wp\/v2\/posts"}],"about":[{"href":"https:\/\/redenoticiaz.com.br\/litoralsp\/wp-json\/wp\/v2\/types\/post"}],"author":[{"embeddable":true,"href":"https:\/\/redenoticiaz.com.br\/litoralsp\/wp-json\/wp\/v2\/users\/6"}],"replies":[{"embeddable":true,"href":"https:\/\/redenoticiaz.com.br\/litoralsp\/wp-json\/wp\/v2\/comments?post=22786"}],"version-history":[{"count":1,"href":"https:\/\/redenoticiaz.com.br\/litoralsp\/wp-json\/wp\/v2\/posts\/22786\/revisions"}],"predecessor-version":[{"id":22788,"href":"https:\/\/redenoticiaz.com.br\/litoralsp\/wp-json\/wp\/v2\/posts\/22786\/revisions\/22788"}],"wp:featuredmedia":[{"embeddable":true,"href":"https:\/\/redenoticiaz.com.br\/litoralsp\/wp-json\/wp\/v2\/media\/22787"}],"wp:attachment":[{"href":"https:\/\/redenoticiaz.com.br\/litoralsp\/wp-json\/wp\/v2\/media?parent=22786"}],"wp:term":[{"taxonomy":"category","embeddable":true,"href":"https:\/\/redenoticiaz.com.br\/litoralsp\/wp-json\/wp\/v2\/categories?post=22786"},{"taxonomy":"post_tag","embeddable":true,"href":"https:\/\/redenoticiaz.com.br\/litoralsp\/wp-json\/wp\/v2\/tags?post=22786"}],"curies":[{"name":"wp","href":"https:\/\/api.w.org\/{rel}","templated":true}]}}