{"id":22875,"date":"2022-02-04T19:51:35","date_gmt":"2022-02-04T22:51:35","guid":{"rendered":"https:\/\/redenoticiaz.com.br\/litoralsp\/?p=22875"},"modified":"2022-02-04T19:52:16","modified_gmt":"2022-02-04T22:52:16","slug":"turista-morre-afogado-em-praia-de-guaruja","status":"publish","type":"post","link":"https:\/\/redenoticiaz.com.br\/litoralsp\/2022\/02\/04\/turista-morre-afogado-em-praia-de-guaruja","title":{"rendered":"Turista morre afogado em praia de Guaruj\u00e1"},"content":{"rendered":"<p>Morreu nesta sexta-feira (4) um <strong>turista de 47 anos<\/strong> no <a href=\"https:\/\/www.guaruja.sp.gov.br\/\">Guaruj\u00e1<\/a>. Ele se afogou na Praia de Pitangueiras e de acordo com o Grupamento de Bombeiros Mar\u00edtimo (GBMar), a v\u00edtima foi resgatada em parada cardiorrespirat\u00f3ria, mas o \u00f3bito foi constatado pelo Servi\u00e7o de Atendimento M\u00f3vel de Urg\u00eancia (Samu) ainda no local.<\/p>\n<p>De acordo com GBMar, um guarda-vidas foi acionado para atender a uma ocorr\u00eancia de afogamento em curso, e de imediato solicitou uma embarca\u00e7\u00e3o de apoio para o resgate no mar.<\/p>\n<div class=\"mc-column content-text active-extra-styles \" data-block-type=\"unstyled\" data-block-weight=\"43\" data-block-id=\"4\">\n<p class=\"content-text__container \" data-track-category=\"Link no Texto\" data-track-links=\"\">Aina segundo o Grupamento de Bombeiros Mar\u00edtimos, o guarda-vidas acessou a v\u00edtima com o uso de um pranch\u00e3o, e conseguiu mant\u00ea-la acima da superf\u00edcie da \u00e1gua at\u00e9 a chegada do bote infl\u00e1vel. Com o bote, a v\u00edtima foi retirada da \u00e1gua j\u00e1 em parada cardiorrespirat\u00f3ria.<\/p>\n<\/div>\n<div class=\"content-ads content-ads--reveal\" data-block-type=\"ads\" data-block-id=\"5\"><\/div>\n<div class=\"mc-column content-text active-extra-styles \" data-block-type=\"unstyled\" data-block-weight=\"36\" data-block-id=\"6\">\n<p class=\"content-text__container \" data-track-category=\"Link no Texto\" data-track-links=\"\">Na faixa de areia, a Unidade de Resgate e Salvamento Aqu\u00e1tico deu prosseguimento ao atendimento. Foram feitas manobras de reanima\u00e7\u00e3o, at\u00e9 a chegada do Samu. No entanto, o m\u00e9dico do Atendimento M\u00f3vel constatou o \u00f3bito da v\u00edtima no local.<\/p>\n<\/div>\n<div class=\"mc-column content-text active-extra-styles \" data-block-type=\"unstyled\" data-block-weight=\"49\" data-block-id=\"7\">\n<p class=\"content-text__container \" data-track-category=\"Link no Texto\" data-track-links=\"\">Em nota, a Prefeitura de\u00a0Guaruj\u00e1\u00a0confirmou que funcion\u00e1rios do Ve\u00edculo de Interven\u00e7\u00e3o R\u00e1pida (VIR) do Samu estavam na regi\u00e3o quando avistaram o GBMar saindo do mar com um homem afogado. A equipe do Samu, ent\u00e3o, prestou apoio ao grupamento, mas a v\u00edtima, em parada cardiorrespirat\u00f3ria, veio a \u00f3bito.<\/p>\n<p data-track-category=\"Link no Texto\" data-track-links=\"\"><strong>LEIA TAMB\u00c9M<\/strong><\/p>\n<p data-track-category=\"Link no Texto\" data-track-links=\"\"><a href=\"https:\/\/redenoticiaz.com.br\/litoralsp\/2022\/02\/03\/mulher-vitima-de-incendio-no-monte-serrat-morre-appos-uma-semana-internada\">Mulher v\u00edtima de inc\u00eandio no Monte Serrat morre app\u00f3s uma semana internada<\/a><\/p>\n<\/div>\n","protected":false},"excerpt":{"rendered":"<p>Morreu nesta sexta-feira (4) um turista de 47 anos no Guaruj\u00e1. Ele se afogou na Praia de Pitangueiras e de acordo com o Grupamento de Bombeiros Mar\u00edtimo (GBMar), a v\u00edtima foi resgatada em parada cardiorrespirat\u00f3ria, mas o \u00f3bito foi constatado pelo Servi\u00e7o de Atendimento M\u00f3vel de Urg\u00eancia (Samu) ainda no local. De acordo com GBMar, &hellip;<\/p>\n","protected":false},"author":6,"featured_media":22876,"comment_status":"open","ping_status":"closed","sticky":false,"template":"","format":"standard","meta":{"footnotes":""},"categories":[187,10,45592],"tags":[7600,10574,1006,23865,30953],"class_list":["post-22875","post","type-post","status-publish","format-standard","has-post-thumbnail","hentry","category-guaruja","category-policia","category-praia","tag-afogamento","tag-grupamento-de-bombeiros-maritimos","tag-guaruja","tag-praia-de-pitangueiras","tag-turista-morto"],"yoast_head":"<!-- This site is optimized with the Yoast SEO plugin v27.5 - https:\/\/yoast.com\/product\/yoast-seo-wordpress\/ -->\n<title>Turista morre afogado em praia de Guaruj\u00e1 - Litoral SP<\/title>\n<meta name=\"description\" content=\"Morreu nesta sexta-feira (4) um turista de 47 anos no Guaruj\u00e1. Ele se afogou na Praia de Pitangueiras e de acordo com o Grupamento\" \/>\n<meta name=\"robots\" content=\"index, follow, max-snippet:-1, max-image-preview:large, max-video-preview:-1\" \/>\n<link rel=\"canonical\" href=\"https:\/\/redenoticiaz.com.br\/litoralsp\/2022\/02\/04\/turista-morre-afogado-em-praia-de-guaruja\" \/>\n<meta property=\"og:locale\" content=\"pt_BR\" \/>\n<meta property=\"og:type\" content=\"article\" \/>\n<meta property=\"og:title\" content=\"Turista morre afogado em praia de Guaruj\u00e1 - Litoral SP\" \/>\n<meta property=\"og:description\" content=\"Morreu nesta sexta-feira (4) um turista de 47 anos no Guaruj\u00e1. Ele se afogou na Praia de Pitangueiras e de acordo com o Grupamento\" \/>\n<meta property=\"og:url\" content=\"https:\/\/redenoticiaz.com.br\/litoralsp\/2022\/02\/04\/turista-morre-afogado-em-praia-de-guaruja\" \/>\n<meta property=\"og:site_name\" content=\"Litoral SP\" \/>\n<meta property=\"article:published_time\" content=\"2022-02-04T22:51:35+00:00\" \/>\n<meta property=\"article:modified_time\" content=\"2022-02-04T22:52:16+00:00\" \/>\n<meta property=\"og:image\" content=\"https:\/\/redenoticiaz.com.br\/litoralsp\/wp-content\/uploads\/sites\/3\/2022\/02\/turista-morre-apos-se-afogar-na-praia-de-pitangueiras-em-guaruja.jpg\" \/>\n\t<meta property=\"og:image:width\" content=\"984\" \/>\n\t<meta property=\"og:image:height\" content=\"662\" \/>\n\t<meta property=\"og:image:type\" content=\"image\/jpeg\" \/>\n<meta name=\"author\" content=\"Leonardo Francisco\" \/>\n<meta name=\"twitter:card\" content=\"summary_large_image\" \/>\n<meta name=\"twitter:label1\" content=\"Escrito por\" \/>\n\t<meta name=\"twitter:data1\" content=\"Leonardo Francisco\" \/>\n\t<meta name=\"twitter:label2\" content=\"Est. tempo de leitura\" \/>\n\t<meta name=\"twitter:data2\" content=\"1 minuto\" \/>\n<script type=\"application\/ld+json\" class=\"yoast-schema-graph\">{\"@context\":\"https:\\\/\\\/schema.org\",\"@graph\":[{\"@type\":\"Article\",\"@id\":\"https:\\\/\\\/redenoticiaz.com.br\\\/litoralsp\\\/2022\\\/02\\\/04\\\/turista-morre-afogado-em-praia-de-guaruja#article\",\"isPartOf\":{\"@id\":\"https:\\\/\\\/redenoticiaz.com.br\\\/litoralsp\\\/2022\\\/02\\\/04\\\/turista-morre-afogado-em-praia-de-guaruja\"},\"author\":{\"name\":\"Leonardo Francisco\",\"@id\":\"https:\\\/\\\/redenoticiaz.com.br\\\/litoralsp\\\/#\\\/schema\\\/person\\\/0f0b8a5bdafefe82841e07ae8d81ecb3\"},\"headline\":\"Turista morre afogado em praia de Guaruj\u00e1\",\"datePublished\":\"2022-02-04T22:51:35+00:00\",\"dateModified\":\"2022-02-04T22:52:16+00:00\",\"mainEntityOfPage\":{\"@id\":\"https:\\\/\\\/redenoticiaz.com.br\\\/litoralsp\\\/2022\\\/02\\\/04\\\/turista-morre-afogado-em-praia-de-guaruja\"},\"wordCount\":266,\"commentCount\":0,\"publisher\":{\"@id\":\"https:\\\/\\\/redenoticiaz.com.br\\\/litoralsp\\\/#organization\"},\"image\":{\"@id\":\"https:\\\/\\\/redenoticiaz.com.br\\\/litoralsp\\\/2022\\\/02\\\/04\\\/turista-morre-afogado-em-praia-de-guaruja#primaryimage\"},\"thumbnailUrl\":\"https:\\\/\\\/redenoticiaz.com.br\\\/litoralsp\\\/wp-content\\\/uploads\\\/sites\\\/3\\\/2022\\\/02\\\/turista-morre-apos-se-afogar-na-praia-de-pitangueiras-em-guaruja.jpg\",\"keywords\":[\"AFOGAMENTO\",\"GRUPAMENTO DE BOMBEIROS MAR\u00cdTIMOS\",\"GUARUJ\u00c1\",\"PRAIA DE PITANGUEIRAS\",\"TURISTA MORTO\"],\"articleSection\":[\"Guaruj\u00e1\",\"Pol\u00edcia\",\"Praia\"],\"inLanguage\":\"pt-BR\",\"potentialAction\":[{\"@type\":\"CommentAction\",\"name\":\"Comment\",\"target\":[\"https:\\\/\\\/redenoticiaz.com.br\\\/litoralsp\\\/2022\\\/02\\\/04\\\/turista-morre-afogado-em-praia-de-guaruja#respond\"]}]},{\"@type\":\"WebPage\",\"@id\":\"https:\\\/\\\/redenoticiaz.com.br\\\/litoralsp\\\/2022\\\/02\\\/04\\\/turista-morre-afogado-em-praia-de-guaruja\",\"url\":\"https:\\\/\\\/redenoticiaz.com.br\\\/litoralsp\\\/2022\\\/02\\\/04\\\/turista-morre-afogado-em-praia-de-guaruja\",\"name\":\"Turista morre afogado em praia de Guaruj\u00e1 - Litoral SP\",\"isPartOf\":{\"@id\":\"https:\\\/\\\/redenoticiaz.com.br\\\/litoralsp\\\/#website\"},\"primaryImageOfPage\":{\"@id\":\"https:\\\/\\\/redenoticiaz.com.br\\\/litoralsp\\\/2022\\\/02\\\/04\\\/turista-morre-afogado-em-praia-de-guaruja#primaryimage\"},\"image\":{\"@id\":\"https:\\\/\\\/redenoticiaz.com.br\\\/litoralsp\\\/2022\\\/02\\\/04\\\/turista-morre-afogado-em-praia-de-guaruja#primaryimage\"},\"thumbnailUrl\":\"https:\\\/\\\/redenoticiaz.com.br\\\/litoralsp\\\/wp-content\\\/uploads\\\/sites\\\/3\\\/2022\\\/02\\\/turista-morre-apos-se-afogar-na-praia-de-pitangueiras-em-guaruja.jpg\",\"datePublished\":\"2022-02-04T22:51:35+00:00\",\"dateModified\":\"2022-02-04T22:52:16+00:00\",\"description\":\"Morreu nesta sexta-feira (4) um turista de 47 anos no Guaruj\u00e1. Ele se afogou na Praia de Pitangueiras e de acordo com o Grupamento\",\"inLanguage\":\"pt-BR\",\"potentialAction\":[{\"@type\":\"ReadAction\",\"target\":[\"https:\\\/\\\/redenoticiaz.com.br\\\/litoralsp\\\/2022\\\/02\\\/04\\\/turista-morre-afogado-em-praia-de-guaruja\"]}]},{\"@type\":\"ImageObject\",\"inLanguage\":\"pt-BR\",\"@id\":\"https:\\\/\\\/redenoticiaz.com.br\\\/litoralsp\\\/2022\\\/02\\\/04\\\/turista-morre-afogado-em-praia-de-guaruja#primaryimage\",\"url\":\"https:\\\/\\\/redenoticiaz.com.br\\\/litoralsp\\\/wp-content\\\/uploads\\\/sites\\\/3\\\/2022\\\/02\\\/turista-morre-apos-se-afogar-na-praia-de-pitangueiras-em-guaruja.jpg\",\"contentUrl\":\"https:\\\/\\\/redenoticiaz.com.br\\\/litoralsp\\\/wp-content\\\/uploads\\\/sites\\\/3\\\/2022\\\/02\\\/turista-morre-apos-se-afogar-na-praia-de-pitangueiras-em-guaruja.jpg\",\"width\":984,\"height\":662,\"caption\":\"Cr\u00e9ditos: Reprodu\u00e7\u00e3o\\\/Arquivo Pessoal.\"},{\"@type\":\"WebSite\",\"@id\":\"https:\\\/\\\/redenoticiaz.com.br\\\/litoralsp\\\/#website\",\"url\":\"https:\\\/\\\/redenoticiaz.com.br\\\/litoralsp\\\/\",\"name\":\"Litoral SP\",\"description\":\"Rede NoticiaZ\",\"publisher\":{\"@id\":\"https:\\\/\\\/redenoticiaz.com.br\\\/litoralsp\\\/#organization\"},\"potentialAction\":[{\"@type\":\"SearchAction\",\"target\":{\"@type\":\"EntryPoint\",\"urlTemplate\":\"https:\\\/\\\/redenoticiaz.com.br\\\/litoralsp\\\/?s={search_term_string}\"},\"query-input\":{\"@type\":\"PropertyValueSpecification\",\"valueRequired\":true,\"valueName\":\"search_term_string\"}}],\"inLanguage\":\"pt-BR\"},{\"@type\":\"Organization\",\"@id\":\"https:\\\/\\\/redenoticiaz.com.br\\\/litoralsp\\\/#organization\",\"name\":\"Litoral SP\",\"url\":\"https:\\\/\\\/redenoticiaz.com.br\\\/litoralsp\\\/\",\"logo\":{\"@type\":\"ImageObject\",\"inLanguage\":\"pt-BR\",\"@id\":\"https:\\\/\\\/redenoticiaz.com.br\\\/litoralsp\\\/#\\\/schema\\\/logo\\\/image\\\/\",\"url\":\"https:\\\/\\\/redenoticiaz.com.br\\\/litoralsp\\\/wp-content\\\/uploads\\\/sites\\\/3\\\/2020\\\/11\\\/logo.jpg\",\"contentUrl\":\"https:\\\/\\\/redenoticiaz.com.br\\\/litoralsp\\\/wp-content\\\/uploads\\\/sites\\\/3\\\/2020\\\/11\\\/logo.jpg\",\"width\":400,\"height\":250,\"caption\":\"Litoral SP\"},\"image\":{\"@id\":\"https:\\\/\\\/redenoticiaz.com.br\\\/litoralsp\\\/#\\\/schema\\\/logo\\\/image\\\/\"}},{\"@type\":\"Person\",\"@id\":\"https:\\\/\\\/redenoticiaz.com.br\\\/litoralsp\\\/#\\\/schema\\\/person\\\/0f0b8a5bdafefe82841e07ae8d81ecb3\",\"name\":\"Leonardo Francisco\",\"image\":{\"@type\":\"ImageObject\",\"inLanguage\":\"pt-BR\",\"@id\":\"https:\\\/\\\/secure.gravatar.com\\\/avatar\\\/a7358cb406a99b682ec6df1e77e31ae82e63601f6784e8a3df411d72b37864da?s=96&d=mm&r=g\",\"url\":\"https:\\\/\\\/secure.gravatar.com\\\/avatar\\\/a7358cb406a99b682ec6df1e77e31ae82e63601f6784e8a3df411d72b37864da?s=96&d=mm&r=g\",\"contentUrl\":\"https:\\\/\\\/secure.gravatar.com\\\/avatar\\\/a7358cb406a99b682ec6df1e77e31ae82e63601f6784e8a3df411d72b37864da?s=96&d=mm&r=g\",\"caption\":\"Leonardo Francisco\"},\"url\":\"https:\\\/\\\/redenoticiaz.com.br\\\/litoralsp\\\/author\\\/leonardo-francisco\"}]}<\/script>\n<!-- \/ Yoast SEO plugin. -->","yoast_head_json":{"title":"Turista morre afogado em praia de Guaruj\u00e1 - Litoral SP","description":"Morreu nesta sexta-feira (4) um turista de 47 anos no Guaruj\u00e1. Ele se afogou na Praia de Pitangueiras e de acordo com o Grupamento","robots":{"index":"index","follow":"follow","max-snippet":"max-snippet:-1","max-image-preview":"max-image-preview:large","max-video-preview":"max-video-preview:-1"},"canonical":"https:\/\/redenoticiaz.com.br\/litoralsp\/2022\/02\/04\/turista-morre-afogado-em-praia-de-guaruja","og_locale":"pt_BR","og_type":"article","og_title":"Turista morre afogado em praia de Guaruj\u00e1 - Litoral SP","og_description":"Morreu nesta sexta-feira (4) um turista de 47 anos no Guaruj\u00e1. Ele se afogou na Praia de Pitangueiras e de acordo com o Grupamento","og_url":"https:\/\/redenoticiaz.com.br\/litoralsp\/2022\/02\/04\/turista-morre-afogado-em-praia-de-guaruja","og_site_name":"Litoral SP","article_published_time":"2022-02-04T22:51:35+00:00","article_modified_time":"2022-02-04T22:52:16+00:00","og_image":[{"width":984,"height":662,"url":"https:\/\/redenoticiaz.com.br\/litoralsp\/wp-content\/uploads\/sites\/3\/2022\/02\/turista-morre-apos-se-afogar-na-praia-de-pitangueiras-em-guaruja.jpg","type":"image\/jpeg"}],"author":"Leonardo Francisco","twitter_card":"summary_large_image","twitter_misc":{"Escrito por":"Leonardo Francisco","Est. tempo de leitura":"1 minuto"},"schema":{"@context":"https:\/\/schema.org","@graph":[{"@type":"Article","@id":"https:\/\/redenoticiaz.com.br\/litoralsp\/2022\/02\/04\/turista-morre-afogado-em-praia-de-guaruja#article","isPartOf":{"@id":"https:\/\/redenoticiaz.com.br\/litoralsp\/2022\/02\/04\/turista-morre-afogado-em-praia-de-guaruja"},"author":{"name":"Leonardo Francisco","@id":"https:\/\/redenoticiaz.com.br\/litoralsp\/#\/schema\/person\/0f0b8a5bdafefe82841e07ae8d81ecb3"},"headline":"Turista morre afogado em praia de Guaruj\u00e1","datePublished":"2022-02-04T22:51:35+00:00","dateModified":"2022-02-04T22:52:16+00:00","mainEntityOfPage":{"@id":"https:\/\/redenoticiaz.com.br\/litoralsp\/2022\/02\/04\/turista-morre-afogado-em-praia-de-guaruja"},"wordCount":266,"commentCount":0,"publisher":{"@id":"https:\/\/redenoticiaz.com.br\/litoralsp\/#organization"},"image":{"@id":"https:\/\/redenoticiaz.com.br\/litoralsp\/2022\/02\/04\/turista-morre-afogado-em-praia-de-guaruja#primaryimage"},"thumbnailUrl":"https:\/\/redenoticiaz.com.br\/litoralsp\/wp-content\/uploads\/sites\/3\/2022\/02\/turista-morre-apos-se-afogar-na-praia-de-pitangueiras-em-guaruja.jpg","keywords":["AFOGAMENTO","GRUPAMENTO DE BOMBEIROS MAR\u00cdTIMOS","GUARUJ\u00c1","PRAIA DE PITANGUEIRAS","TURISTA MORTO"],"articleSection":["Guaruj\u00e1","Pol\u00edcia","Praia"],"inLanguage":"pt-BR","potentialAction":[{"@type":"CommentAction","name":"Comment","target":["https:\/\/redenoticiaz.com.br\/litoralsp\/2022\/02\/04\/turista-morre-afogado-em-praia-de-guaruja#respond"]}]},{"@type":"WebPage","@id":"https:\/\/redenoticiaz.com.br\/litoralsp\/2022\/02\/04\/turista-morre-afogado-em-praia-de-guaruja","url":"https:\/\/redenoticiaz.com.br\/litoralsp\/2022\/02\/04\/turista-morre-afogado-em-praia-de-guaruja","name":"Turista morre afogado em praia de Guaruj\u00e1 - Litoral SP","isPartOf":{"@id":"https:\/\/redenoticiaz.com.br\/litoralsp\/#website"},"primaryImageOfPage":{"@id":"https:\/\/redenoticiaz.com.br\/litoralsp\/2022\/02\/04\/turista-morre-afogado-em-praia-de-guaruja#primaryimage"},"image":{"@id":"https:\/\/redenoticiaz.com.br\/litoralsp\/2022\/02\/04\/turista-morre-afogado-em-praia-de-guaruja#primaryimage"},"thumbnailUrl":"https:\/\/redenoticiaz.com.br\/litoralsp\/wp-content\/uploads\/sites\/3\/2022\/02\/turista-morre-apos-se-afogar-na-praia-de-pitangueiras-em-guaruja.jpg","datePublished":"2022-02-04T22:51:35+00:00","dateModified":"2022-02-04T22:52:16+00:00","description":"Morreu nesta sexta-feira (4) um turista de 47 anos no Guaruj\u00e1. Ele se afogou na Praia de Pitangueiras e de acordo com o Grupamento","inLanguage":"pt-BR","potentialAction":[{"@type":"ReadAction","target":["https:\/\/redenoticiaz.com.br\/litoralsp\/2022\/02\/04\/turista-morre-afogado-em-praia-de-guaruja"]}]},{"@type":"ImageObject","inLanguage":"pt-BR","@id":"https:\/\/redenoticiaz.com.br\/litoralsp\/2022\/02\/04\/turista-morre-afogado-em-praia-de-guaruja#primaryimage","url":"https:\/\/redenoticiaz.com.br\/litoralsp\/wp-content\/uploads\/sites\/3\/2022\/02\/turista-morre-apos-se-afogar-na-praia-de-pitangueiras-em-guaruja.jpg","contentUrl":"https:\/\/redenoticiaz.com.br\/litoralsp\/wp-content\/uploads\/sites\/3\/2022\/02\/turista-morre-apos-se-afogar-na-praia-de-pitangueiras-em-guaruja.jpg","width":984,"height":662,"caption":"Cr\u00e9ditos: Reprodu\u00e7\u00e3o\/Arquivo Pessoal."},{"@type":"WebSite","@id":"https:\/\/redenoticiaz.com.br\/litoralsp\/#website","url":"https:\/\/redenoticiaz.com.br\/litoralsp\/","name":"Litoral SP","description":"Rede NoticiaZ","publisher":{"@id":"https:\/\/redenoticiaz.com.br\/litoralsp\/#organization"},"potentialAction":[{"@type":"SearchAction","target":{"@type":"EntryPoint","urlTemplate":"https:\/\/redenoticiaz.com.br\/litoralsp\/?s={search_term_string}"},"query-input":{"@type":"PropertyValueSpecification","valueRequired":true,"valueName":"search_term_string"}}],"inLanguage":"pt-BR"},{"@type":"Organization","@id":"https:\/\/redenoticiaz.com.br\/litoralsp\/#organization","name":"Litoral SP","url":"https:\/\/redenoticiaz.com.br\/litoralsp\/","logo":{"@type":"ImageObject","inLanguage":"pt-BR","@id":"https:\/\/redenoticiaz.com.br\/litoralsp\/#\/schema\/logo\/image\/","url":"https:\/\/redenoticiaz.com.br\/litoralsp\/wp-content\/uploads\/sites\/3\/2020\/11\/logo.jpg","contentUrl":"https:\/\/redenoticiaz.com.br\/litoralsp\/wp-content\/uploads\/sites\/3\/2020\/11\/logo.jpg","width":400,"height":250,"caption":"Litoral SP"},"image":{"@id":"https:\/\/redenoticiaz.com.br\/litoralsp\/#\/schema\/logo\/image\/"}},{"@type":"Person","@id":"https:\/\/redenoticiaz.com.br\/litoralsp\/#\/schema\/person\/0f0b8a5bdafefe82841e07ae8d81ecb3","name":"Leonardo Francisco","image":{"@type":"ImageObject","inLanguage":"pt-BR","@id":"https:\/\/secure.gravatar.com\/avatar\/a7358cb406a99b682ec6df1e77e31ae82e63601f6784e8a3df411d72b37864da?s=96&d=mm&r=g","url":"https:\/\/secure.gravatar.com\/avatar\/a7358cb406a99b682ec6df1e77e31ae82e63601f6784e8a3df411d72b37864da?s=96&d=mm&r=g","contentUrl":"https:\/\/secure.gravatar.com\/avatar\/a7358cb406a99b682ec6df1e77e31ae82e63601f6784e8a3df411d72b37864da?s=96&d=mm&r=g","caption":"Leonardo Francisco"},"url":"https:\/\/redenoticiaz.com.br\/litoralsp\/author\/leonardo-francisco"}]}},"_links":{"self":[{"href":"https:\/\/redenoticiaz.com.br\/litoralsp\/wp-json\/wp\/v2\/posts\/22875","targetHints":{"allow":["GET"]}}],"collection":[{"href":"https:\/\/redenoticiaz.com.br\/litoralsp\/wp-json\/wp\/v2\/posts"}],"about":[{"href":"https:\/\/redenoticiaz.com.br\/litoralsp\/wp-json\/wp\/v2\/types\/post"}],"author":[{"embeddable":true,"href":"https:\/\/redenoticiaz.com.br\/litoralsp\/wp-json\/wp\/v2\/users\/6"}],"replies":[{"embeddable":true,"href":"https:\/\/redenoticiaz.com.br\/litoralsp\/wp-json\/wp\/v2\/comments?post=22875"}],"version-history":[{"count":1,"href":"https:\/\/redenoticiaz.com.br\/litoralsp\/wp-json\/wp\/v2\/posts\/22875\/revisions"}],"predecessor-version":[{"id":22877,"href":"https:\/\/redenoticiaz.com.br\/litoralsp\/wp-json\/wp\/v2\/posts\/22875\/revisions\/22877"}],"wp:featuredmedia":[{"embeddable":true,"href":"https:\/\/redenoticiaz.com.br\/litoralsp\/wp-json\/wp\/v2\/media\/22876"}],"wp:attachment":[{"href":"https:\/\/redenoticiaz.com.br\/litoralsp\/wp-json\/wp\/v2\/media?parent=22875"}],"wp:term":[{"taxonomy":"category","embeddable":true,"href":"https:\/\/redenoticiaz.com.br\/litoralsp\/wp-json\/wp\/v2\/categories?post=22875"},{"taxonomy":"post_tag","embeddable":true,"href":"https:\/\/redenoticiaz.com.br\/litoralsp\/wp-json\/wp\/v2\/tags?post=22875"}],"curies":[{"name":"wp","href":"https:\/\/api.w.org\/{rel}","templated":true}]}}