{"id":22882,"date":"2022-02-04T20:08:20","date_gmt":"2022-02-04T23:08:20","guid":{"rendered":"https:\/\/redenoticiaz.com.br\/litoralsp\/?p=22882"},"modified":"2022-02-04T20:08:39","modified_gmt":"2022-02-04T23:08:39","slug":"luto-em-peruibe-ex-prefeito-benedito-marcondes-morre-aos-93-anos","status":"publish","type":"post","link":"https:\/\/redenoticiaz.com.br\/litoralsp\/2022\/02\/04\/luto-em-peruibe-ex-prefeito-benedito-marcondes-morre-aos-93-anos","title":{"rendered":"Luto em Peru\u00edbe. Ex-prefeito Benedito Marcondes morre aos 93 anos"},"content":{"rendered":"<p>A cidade de<a href=\"http:\/\/www.peruibe.sp.gov.br\/\"> Peru\u00edbe<\/a> est\u00e1 em luto nesta sexta-feira (4). <strong>Morreu o ex-prefeito do munic\u00edpio, Benedito Marcondes Sodr\u00e9, aos 93 anos<\/strong>. Ele tinha mais de 60 anos de vida p\u00fablica e comandou o Executivo por quatro mandatos. Por isso, recebeu o t\u00edtulo de Eterno Prefeito de Peru\u00edbe em 2017.<\/p>\n<p>V\u00e1rios mun\u00edcipes fizeram quest\u00e3o de homenage\u00e1-lo nas redes sociais. J\u00e1 a Prefeitura de Peru\u00edbe informou, em nota, que o \u00f3bito foi constatado por volta do meio-dia, por causas naturais. O vel\u00f3rio coem\u00e7ou \u00e0s 19h desta sexta-feira, na C\u00e2mara Municipal.<\/p>\n<div class=\"mc-column content-text active-extra-styles \" data-block-type=\"unstyled\" data-block-weight=\"41\" data-block-id=\"8\">\n<p class=\"content-text__container \" data-track-category=\"Link no Texto\" data-track-links=\"\">Segundo a prefeitura, Sodr\u00e9 foi eleito gestor de\u00a0Peru\u00edbe\u00a0quatro vezes, e iniciou a atua\u00e7\u00e3o como chefe do Executivo em 1968. Al\u00e9m de prefeito, o pol\u00edtico tamb\u00e9m atuou como vereador, vice-prefeito, assessor e funcion\u00e1rio do Departamento de Estradas de Rodagem (DER).<\/p>\n<\/div>\n<div class=\"mc-column content-text active-extra-styles \" data-block-type=\"unstyled\" data-block-weight=\"31\" data-block-id=\"9\">\n<p class=\"content-text__container \" data-track-category=\"Link no Texto\" data-track-links=\"\">Em 2017, a C\u00e2mara Municipal realizou uma sess\u00e3o solene para entregar o t\u00edtulo de Eterno Prefeito de\u00a0Peru\u00edbe\u00a0a Benedito. A homenagem serviu para reconhecer a atua\u00e7\u00e3o dele enquanto gestor municipal.<\/p>\n<\/div>\n<div class=\"mc-column content-text active-extra-styles \" data-block-type=\"unstyled\" data-block-weight=\"42\" data-block-id=\"10\">\n<p class=\"content-text__container \" data-track-category=\"Link no Texto\" data-track-links=\"\">\u00c0 \u00e9poca, a C\u00e2mara ressaltou que Sodr\u00e9 faz parte da hist\u00f3ria do munic\u00edpio, com participa\u00e7\u00e3o ativa no processo de emancipa\u00e7\u00e3o de\u00a0Peru\u00edbe, em 1959. Al\u00e9m disso, o pol\u00edtico fez parte da primeira Legislatura da C\u00e2mara Municipal, como vereador, no cargo de vice-presidente.<\/p>\n<p data-track-category=\"Link no Texto\" data-track-links=\"\"><strong>LEIA TAMB\u00c9M<\/strong><\/p>\n<p data-track-category=\"Link no Texto\" data-track-links=\"\"><a href=\"https:\/\/redenoticiaz.com.br\/litoralsp\/2022\/02\/03\/vacina-e-uma-das-regras-para-a-prova-de-vida-do-inss\">Vacina \u00e9 uma das regras para a prova de vida do INSS<\/a><\/p>\n<\/div>\n","protected":false},"excerpt":{"rendered":"<p>A cidade de Peru\u00edbe est\u00e1 em luto nesta sexta-feira (4). Morreu o ex-prefeito do munic\u00edpio, Benedito Marcondes Sodr\u00e9, aos 93 anos. Ele tinha mais de 60 anos de vida p\u00fablica e comandou o Executivo por quatro mandatos. Por isso, recebeu o t\u00edtulo de Eterno Prefeito de Peru\u00edbe em 2017. V\u00e1rios mun\u00edcipes fizeram quest\u00e3o de homenage\u00e1-lo &hellip;<\/p>\n","protected":false},"author":6,"featured_media":22883,"comment_status":"open","ping_status":"closed","sticky":false,"template":"","format":"standard","meta":{"footnotes":""},"categories":[185,15],"tags":[49499,39921,49498,13341,1060],"class_list":["post-22882","post","type-post","status-publish","format-standard","has-post-thumbnail","hentry","category-peruibe","category-politica","tag-benedito-marcondes","tag-camara-municipal-de-peruibe","tag-ex-prefeito-morre","tag-luto","tag-peruibe"],"yoast_head":"<!-- This site is optimized with the Yoast SEO plugin v27.5 - https:\/\/yoast.com\/product\/yoast-seo-wordpress\/ -->\n<title>Luto em Peru\u00edbe. Ex-prefeito Benedito Marcondes morre aos 93 anos - Litoral SP<\/title>\n<meta name=\"description\" content=\"de Peru\u00edbe est\u00e1 em luto nesta sexta-feira (4). Morreu o ex-prefeito do munic\u00edpio, Benedito Marcondes Sodr\u00e9, aos 93 anos. Ele\" \/>\n<meta name=\"robots\" content=\"index, follow, max-snippet:-1, max-image-preview:large, max-video-preview:-1\" \/>\n<link rel=\"canonical\" href=\"https:\/\/redenoticiaz.com.br\/litoralsp\/2022\/02\/04\/luto-em-peruibe-ex-prefeito-benedito-marcondes-morre-aos-93-anos\" \/>\n<meta property=\"og:locale\" content=\"pt_BR\" \/>\n<meta property=\"og:type\" content=\"article\" \/>\n<meta property=\"og:title\" content=\"Luto em Peru\u00edbe. Ex-prefeito Benedito Marcondes morre aos 93 anos - Litoral SP\" \/>\n<meta property=\"og:description\" content=\"de Peru\u00edbe est\u00e1 em luto nesta sexta-feira (4). Morreu o ex-prefeito do munic\u00edpio, Benedito Marcondes Sodr\u00e9, aos 93 anos. Ele\" \/>\n<meta property=\"og:url\" content=\"https:\/\/redenoticiaz.com.br\/litoralsp\/2022\/02\/04\/luto-em-peruibe-ex-prefeito-benedito-marcondes-morre-aos-93-anos\" \/>\n<meta property=\"og:site_name\" content=\"Litoral SP\" \/>\n<meta property=\"article:published_time\" content=\"2022-02-04T23:08:20+00:00\" \/>\n<meta property=\"article:modified_time\" content=\"2022-02-04T23:08:39+00:00\" \/>\n<meta property=\"og:image\" content=\"https:\/\/redenoticiaz.com.br\/litoralsp\/wp-content\/uploads\/sites\/3\/2022\/02\/velorio-sera-na-camara-municipal-nesta-sexta-4-a-partir-das-19h.jpg\" \/>\n\t<meta property=\"og:image:width\" content=\"890\" \/>\n\t<meta property=\"og:image:height\" content=\"1080\" \/>\n\t<meta property=\"og:image:type\" content=\"image\/jpeg\" \/>\n<meta name=\"author\" content=\"Leonardo Francisco\" \/>\n<meta name=\"twitter:card\" content=\"summary_large_image\" \/>\n<meta name=\"twitter:label1\" content=\"Escrito por\" \/>\n\t<meta name=\"twitter:data1\" content=\"Leonardo Francisco\" \/>\n\t<meta name=\"twitter:label2\" content=\"Est. tempo de leitura\" \/>\n\t<meta name=\"twitter:data2\" content=\"1 minuto\" \/>\n<script type=\"application\/ld+json\" class=\"yoast-schema-graph\">{\"@context\":\"https:\\\/\\\/schema.org\",\"@graph\":[{\"@type\":\"Article\",\"@id\":\"https:\\\/\\\/redenoticiaz.com.br\\\/litoralsp\\\/2022\\\/02\\\/04\\\/luto-em-peruibe-ex-prefeito-benedito-marcondes-morre-aos-93-anos#article\",\"isPartOf\":{\"@id\":\"https:\\\/\\\/redenoticiaz.com.br\\\/litoralsp\\\/2022\\\/02\\\/04\\\/luto-em-peruibe-ex-prefeito-benedito-marcondes-morre-aos-93-anos\"},\"author\":{\"name\":\"Leonardo Francisco\",\"@id\":\"https:\\\/\\\/redenoticiaz.com.br\\\/litoralsp\\\/#\\\/schema\\\/person\\\/0f0b8a5bdafefe82841e07ae8d81ecb3\"},\"headline\":\"Luto em Peru\u00edbe. Ex-prefeito Benedito Marcondes morre aos 93 anos\",\"datePublished\":\"2022-02-04T23:08:20+00:00\",\"dateModified\":\"2022-02-04T23:08:39+00:00\",\"mainEntityOfPage\":{\"@id\":\"https:\\\/\\\/redenoticiaz.com.br\\\/litoralsp\\\/2022\\\/02\\\/04\\\/luto-em-peruibe-ex-prefeito-benedito-marcondes-morre-aos-93-anos\"},\"wordCount\":251,\"commentCount\":0,\"publisher\":{\"@id\":\"https:\\\/\\\/redenoticiaz.com.br\\\/litoralsp\\\/#organization\"},\"image\":{\"@id\":\"https:\\\/\\\/redenoticiaz.com.br\\\/litoralsp\\\/2022\\\/02\\\/04\\\/luto-em-peruibe-ex-prefeito-benedito-marcondes-morre-aos-93-anos#primaryimage\"},\"thumbnailUrl\":\"https:\\\/\\\/redenoticiaz.com.br\\\/litoralsp\\\/wp-content\\\/uploads\\\/sites\\\/3\\\/2022\\\/02\\\/velorio-sera-na-camara-municipal-nesta-sexta-4-a-partir-das-19h.jpg\",\"keywords\":[\"BENEDITO MARCONDES\",\"C\u00c2MARA MUNICIPAL DE PERU\u00cdBE\",\"EX-PREFEITO MORRE\",\"LUTO\",\"PERU\u00cdBE\"],\"articleSection\":[\"Peru\u00edbe\",\"Pol\u00edtica\"],\"inLanguage\":\"pt-BR\",\"potentialAction\":[{\"@type\":\"CommentAction\",\"name\":\"Comment\",\"target\":[\"https:\\\/\\\/redenoticiaz.com.br\\\/litoralsp\\\/2022\\\/02\\\/04\\\/luto-em-peruibe-ex-prefeito-benedito-marcondes-morre-aos-93-anos#respond\"]}]},{\"@type\":\"WebPage\",\"@id\":\"https:\\\/\\\/redenoticiaz.com.br\\\/litoralsp\\\/2022\\\/02\\\/04\\\/luto-em-peruibe-ex-prefeito-benedito-marcondes-morre-aos-93-anos\",\"url\":\"https:\\\/\\\/redenoticiaz.com.br\\\/litoralsp\\\/2022\\\/02\\\/04\\\/luto-em-peruibe-ex-prefeito-benedito-marcondes-morre-aos-93-anos\",\"name\":\"Luto em Peru\u00edbe. Ex-prefeito Benedito Marcondes morre aos 93 anos - Litoral SP\",\"isPartOf\":{\"@id\":\"https:\\\/\\\/redenoticiaz.com.br\\\/litoralsp\\\/#website\"},\"primaryImageOfPage\":{\"@id\":\"https:\\\/\\\/redenoticiaz.com.br\\\/litoralsp\\\/2022\\\/02\\\/04\\\/luto-em-peruibe-ex-prefeito-benedito-marcondes-morre-aos-93-anos#primaryimage\"},\"image\":{\"@id\":\"https:\\\/\\\/redenoticiaz.com.br\\\/litoralsp\\\/2022\\\/02\\\/04\\\/luto-em-peruibe-ex-prefeito-benedito-marcondes-morre-aos-93-anos#primaryimage\"},\"thumbnailUrl\":\"https:\\\/\\\/redenoticiaz.com.br\\\/litoralsp\\\/wp-content\\\/uploads\\\/sites\\\/3\\\/2022\\\/02\\\/velorio-sera-na-camara-municipal-nesta-sexta-4-a-partir-das-19h.jpg\",\"datePublished\":\"2022-02-04T23:08:20+00:00\",\"dateModified\":\"2022-02-04T23:08:39+00:00\",\"description\":\"de Peru\u00edbe est\u00e1 em luto nesta sexta-feira (4). Morreu o ex-prefeito do munic\u00edpio, Benedito Marcondes Sodr\u00e9, aos 93 anos. Ele\",\"inLanguage\":\"pt-BR\",\"potentialAction\":[{\"@type\":\"ReadAction\",\"target\":[\"https:\\\/\\\/redenoticiaz.com.br\\\/litoralsp\\\/2022\\\/02\\\/04\\\/luto-em-peruibe-ex-prefeito-benedito-marcondes-morre-aos-93-anos\"]}]},{\"@type\":\"ImageObject\",\"inLanguage\":\"pt-BR\",\"@id\":\"https:\\\/\\\/redenoticiaz.com.br\\\/litoralsp\\\/2022\\\/02\\\/04\\\/luto-em-peruibe-ex-prefeito-benedito-marcondes-morre-aos-93-anos#primaryimage\",\"url\":\"https:\\\/\\\/redenoticiaz.com.br\\\/litoralsp\\\/wp-content\\\/uploads\\\/sites\\\/3\\\/2022\\\/02\\\/velorio-sera-na-camara-municipal-nesta-sexta-4-a-partir-das-19h.jpg\",\"contentUrl\":\"https:\\\/\\\/redenoticiaz.com.br\\\/litoralsp\\\/wp-content\\\/uploads\\\/sites\\\/3\\\/2022\\\/02\\\/velorio-sera-na-camara-municipal-nesta-sexta-4-a-partir-das-19h.jpg\",\"width\":890,\"height\":1080,\"caption\":\"Cr\u00e9ditos: Divulga\u00e7\u00e3o\\\/Prefeitura de Bertioga.\"},{\"@type\":\"WebSite\",\"@id\":\"https:\\\/\\\/redenoticiaz.com.br\\\/litoralsp\\\/#website\",\"url\":\"https:\\\/\\\/redenoticiaz.com.br\\\/litoralsp\\\/\",\"name\":\"Litoral SP\",\"description\":\"Rede NoticiaZ\",\"publisher\":{\"@id\":\"https:\\\/\\\/redenoticiaz.com.br\\\/litoralsp\\\/#organization\"},\"potentialAction\":[{\"@type\":\"SearchAction\",\"target\":{\"@type\":\"EntryPoint\",\"urlTemplate\":\"https:\\\/\\\/redenoticiaz.com.br\\\/litoralsp\\\/?s={search_term_string}\"},\"query-input\":{\"@type\":\"PropertyValueSpecification\",\"valueRequired\":true,\"valueName\":\"search_term_string\"}}],\"inLanguage\":\"pt-BR\"},{\"@type\":\"Organization\",\"@id\":\"https:\\\/\\\/redenoticiaz.com.br\\\/litoralsp\\\/#organization\",\"name\":\"Litoral SP\",\"url\":\"https:\\\/\\\/redenoticiaz.com.br\\\/litoralsp\\\/\",\"logo\":{\"@type\":\"ImageObject\",\"inLanguage\":\"pt-BR\",\"@id\":\"https:\\\/\\\/redenoticiaz.com.br\\\/litoralsp\\\/#\\\/schema\\\/logo\\\/image\\\/\",\"url\":\"https:\\\/\\\/redenoticiaz.com.br\\\/litoralsp\\\/wp-content\\\/uploads\\\/sites\\\/3\\\/2020\\\/11\\\/logo.jpg\",\"contentUrl\":\"https:\\\/\\\/redenoticiaz.com.br\\\/litoralsp\\\/wp-content\\\/uploads\\\/sites\\\/3\\\/2020\\\/11\\\/logo.jpg\",\"width\":400,\"height\":250,\"caption\":\"Litoral SP\"},\"image\":{\"@id\":\"https:\\\/\\\/redenoticiaz.com.br\\\/litoralsp\\\/#\\\/schema\\\/logo\\\/image\\\/\"}},{\"@type\":\"Person\",\"@id\":\"https:\\\/\\\/redenoticiaz.com.br\\\/litoralsp\\\/#\\\/schema\\\/person\\\/0f0b8a5bdafefe82841e07ae8d81ecb3\",\"name\":\"Leonardo Francisco\",\"image\":{\"@type\":\"ImageObject\",\"inLanguage\":\"pt-BR\",\"@id\":\"https:\\\/\\\/secure.gravatar.com\\\/avatar\\\/a7358cb406a99b682ec6df1e77e31ae82e63601f6784e8a3df411d72b37864da?s=96&d=mm&r=g\",\"url\":\"https:\\\/\\\/secure.gravatar.com\\\/avatar\\\/a7358cb406a99b682ec6df1e77e31ae82e63601f6784e8a3df411d72b37864da?s=96&d=mm&r=g\",\"contentUrl\":\"https:\\\/\\\/secure.gravatar.com\\\/avatar\\\/a7358cb406a99b682ec6df1e77e31ae82e63601f6784e8a3df411d72b37864da?s=96&d=mm&r=g\",\"caption\":\"Leonardo Francisco\"},\"url\":\"https:\\\/\\\/redenoticiaz.com.br\\\/litoralsp\\\/author\\\/leonardo-francisco\"}]}<\/script>\n<!-- \/ Yoast SEO plugin. -->","yoast_head_json":{"title":"Luto em Peru\u00edbe. Ex-prefeito Benedito Marcondes morre aos 93 anos - Litoral SP","description":"de Peru\u00edbe est\u00e1 em luto nesta sexta-feira (4). Morreu o ex-prefeito do munic\u00edpio, Benedito Marcondes Sodr\u00e9, aos 93 anos. Ele","robots":{"index":"index","follow":"follow","max-snippet":"max-snippet:-1","max-image-preview":"max-image-preview:large","max-video-preview":"max-video-preview:-1"},"canonical":"https:\/\/redenoticiaz.com.br\/litoralsp\/2022\/02\/04\/luto-em-peruibe-ex-prefeito-benedito-marcondes-morre-aos-93-anos","og_locale":"pt_BR","og_type":"article","og_title":"Luto em Peru\u00edbe. Ex-prefeito Benedito Marcondes morre aos 93 anos - Litoral SP","og_description":"de Peru\u00edbe est\u00e1 em luto nesta sexta-feira (4). Morreu o ex-prefeito do munic\u00edpio, Benedito Marcondes Sodr\u00e9, aos 93 anos. Ele","og_url":"https:\/\/redenoticiaz.com.br\/litoralsp\/2022\/02\/04\/luto-em-peruibe-ex-prefeito-benedito-marcondes-morre-aos-93-anos","og_site_name":"Litoral SP","article_published_time":"2022-02-04T23:08:20+00:00","article_modified_time":"2022-02-04T23:08:39+00:00","og_image":[{"width":890,"height":1080,"url":"https:\/\/redenoticiaz.com.br\/litoralsp\/wp-content\/uploads\/sites\/3\/2022\/02\/velorio-sera-na-camara-municipal-nesta-sexta-4-a-partir-das-19h.jpg","type":"image\/jpeg"}],"author":"Leonardo Francisco","twitter_card":"summary_large_image","twitter_misc":{"Escrito por":"Leonardo Francisco","Est. tempo de leitura":"1 minuto"},"schema":{"@context":"https:\/\/schema.org","@graph":[{"@type":"Article","@id":"https:\/\/redenoticiaz.com.br\/litoralsp\/2022\/02\/04\/luto-em-peruibe-ex-prefeito-benedito-marcondes-morre-aos-93-anos#article","isPartOf":{"@id":"https:\/\/redenoticiaz.com.br\/litoralsp\/2022\/02\/04\/luto-em-peruibe-ex-prefeito-benedito-marcondes-morre-aos-93-anos"},"author":{"name":"Leonardo Francisco","@id":"https:\/\/redenoticiaz.com.br\/litoralsp\/#\/schema\/person\/0f0b8a5bdafefe82841e07ae8d81ecb3"},"headline":"Luto em Peru\u00edbe. Ex-prefeito Benedito Marcondes morre aos 93 anos","datePublished":"2022-02-04T23:08:20+00:00","dateModified":"2022-02-04T23:08:39+00:00","mainEntityOfPage":{"@id":"https:\/\/redenoticiaz.com.br\/litoralsp\/2022\/02\/04\/luto-em-peruibe-ex-prefeito-benedito-marcondes-morre-aos-93-anos"},"wordCount":251,"commentCount":0,"publisher":{"@id":"https:\/\/redenoticiaz.com.br\/litoralsp\/#organization"},"image":{"@id":"https:\/\/redenoticiaz.com.br\/litoralsp\/2022\/02\/04\/luto-em-peruibe-ex-prefeito-benedito-marcondes-morre-aos-93-anos#primaryimage"},"thumbnailUrl":"https:\/\/redenoticiaz.com.br\/litoralsp\/wp-content\/uploads\/sites\/3\/2022\/02\/velorio-sera-na-camara-municipal-nesta-sexta-4-a-partir-das-19h.jpg","keywords":["BENEDITO MARCONDES","C\u00c2MARA MUNICIPAL DE PERU\u00cdBE","EX-PREFEITO MORRE","LUTO","PERU\u00cdBE"],"articleSection":["Peru\u00edbe","Pol\u00edtica"],"inLanguage":"pt-BR","potentialAction":[{"@type":"CommentAction","name":"Comment","target":["https:\/\/redenoticiaz.com.br\/litoralsp\/2022\/02\/04\/luto-em-peruibe-ex-prefeito-benedito-marcondes-morre-aos-93-anos#respond"]}]},{"@type":"WebPage","@id":"https:\/\/redenoticiaz.com.br\/litoralsp\/2022\/02\/04\/luto-em-peruibe-ex-prefeito-benedito-marcondes-morre-aos-93-anos","url":"https:\/\/redenoticiaz.com.br\/litoralsp\/2022\/02\/04\/luto-em-peruibe-ex-prefeito-benedito-marcondes-morre-aos-93-anos","name":"Luto em Peru\u00edbe. Ex-prefeito Benedito Marcondes morre aos 93 anos - Litoral SP","isPartOf":{"@id":"https:\/\/redenoticiaz.com.br\/litoralsp\/#website"},"primaryImageOfPage":{"@id":"https:\/\/redenoticiaz.com.br\/litoralsp\/2022\/02\/04\/luto-em-peruibe-ex-prefeito-benedito-marcondes-morre-aos-93-anos#primaryimage"},"image":{"@id":"https:\/\/redenoticiaz.com.br\/litoralsp\/2022\/02\/04\/luto-em-peruibe-ex-prefeito-benedito-marcondes-morre-aos-93-anos#primaryimage"},"thumbnailUrl":"https:\/\/redenoticiaz.com.br\/litoralsp\/wp-content\/uploads\/sites\/3\/2022\/02\/velorio-sera-na-camara-municipal-nesta-sexta-4-a-partir-das-19h.jpg","datePublished":"2022-02-04T23:08:20+00:00","dateModified":"2022-02-04T23:08:39+00:00","description":"de Peru\u00edbe est\u00e1 em luto nesta sexta-feira (4). Morreu o ex-prefeito do munic\u00edpio, Benedito Marcondes Sodr\u00e9, aos 93 anos. Ele","inLanguage":"pt-BR","potentialAction":[{"@type":"ReadAction","target":["https:\/\/redenoticiaz.com.br\/litoralsp\/2022\/02\/04\/luto-em-peruibe-ex-prefeito-benedito-marcondes-morre-aos-93-anos"]}]},{"@type":"ImageObject","inLanguage":"pt-BR","@id":"https:\/\/redenoticiaz.com.br\/litoralsp\/2022\/02\/04\/luto-em-peruibe-ex-prefeito-benedito-marcondes-morre-aos-93-anos#primaryimage","url":"https:\/\/redenoticiaz.com.br\/litoralsp\/wp-content\/uploads\/sites\/3\/2022\/02\/velorio-sera-na-camara-municipal-nesta-sexta-4-a-partir-das-19h.jpg","contentUrl":"https:\/\/redenoticiaz.com.br\/litoralsp\/wp-content\/uploads\/sites\/3\/2022\/02\/velorio-sera-na-camara-municipal-nesta-sexta-4-a-partir-das-19h.jpg","width":890,"height":1080,"caption":"Cr\u00e9ditos: Divulga\u00e7\u00e3o\/Prefeitura de Bertioga."},{"@type":"WebSite","@id":"https:\/\/redenoticiaz.com.br\/litoralsp\/#website","url":"https:\/\/redenoticiaz.com.br\/litoralsp\/","name":"Litoral SP","description":"Rede NoticiaZ","publisher":{"@id":"https:\/\/redenoticiaz.com.br\/litoralsp\/#organization"},"potentialAction":[{"@type":"SearchAction","target":{"@type":"EntryPoint","urlTemplate":"https:\/\/redenoticiaz.com.br\/litoralsp\/?s={search_term_string}"},"query-input":{"@type":"PropertyValueSpecification","valueRequired":true,"valueName":"search_term_string"}}],"inLanguage":"pt-BR"},{"@type":"Organization","@id":"https:\/\/redenoticiaz.com.br\/litoralsp\/#organization","name":"Litoral SP","url":"https:\/\/redenoticiaz.com.br\/litoralsp\/","logo":{"@type":"ImageObject","inLanguage":"pt-BR","@id":"https:\/\/redenoticiaz.com.br\/litoralsp\/#\/schema\/logo\/image\/","url":"https:\/\/redenoticiaz.com.br\/litoralsp\/wp-content\/uploads\/sites\/3\/2020\/11\/logo.jpg","contentUrl":"https:\/\/redenoticiaz.com.br\/litoralsp\/wp-content\/uploads\/sites\/3\/2020\/11\/logo.jpg","width":400,"height":250,"caption":"Litoral SP"},"image":{"@id":"https:\/\/redenoticiaz.com.br\/litoralsp\/#\/schema\/logo\/image\/"}},{"@type":"Person","@id":"https:\/\/redenoticiaz.com.br\/litoralsp\/#\/schema\/person\/0f0b8a5bdafefe82841e07ae8d81ecb3","name":"Leonardo Francisco","image":{"@type":"ImageObject","inLanguage":"pt-BR","@id":"https:\/\/secure.gravatar.com\/avatar\/a7358cb406a99b682ec6df1e77e31ae82e63601f6784e8a3df411d72b37864da?s=96&d=mm&r=g","url":"https:\/\/secure.gravatar.com\/avatar\/a7358cb406a99b682ec6df1e77e31ae82e63601f6784e8a3df411d72b37864da?s=96&d=mm&r=g","contentUrl":"https:\/\/secure.gravatar.com\/avatar\/a7358cb406a99b682ec6df1e77e31ae82e63601f6784e8a3df411d72b37864da?s=96&d=mm&r=g","caption":"Leonardo Francisco"},"url":"https:\/\/redenoticiaz.com.br\/litoralsp\/author\/leonardo-francisco"}]}},"_links":{"self":[{"href":"https:\/\/redenoticiaz.com.br\/litoralsp\/wp-json\/wp\/v2\/posts\/22882","targetHints":{"allow":["GET"]}}],"collection":[{"href":"https:\/\/redenoticiaz.com.br\/litoralsp\/wp-json\/wp\/v2\/posts"}],"about":[{"href":"https:\/\/redenoticiaz.com.br\/litoralsp\/wp-json\/wp\/v2\/types\/post"}],"author":[{"embeddable":true,"href":"https:\/\/redenoticiaz.com.br\/litoralsp\/wp-json\/wp\/v2\/users\/6"}],"replies":[{"embeddable":true,"href":"https:\/\/redenoticiaz.com.br\/litoralsp\/wp-json\/wp\/v2\/comments?post=22882"}],"version-history":[{"count":1,"href":"https:\/\/redenoticiaz.com.br\/litoralsp\/wp-json\/wp\/v2\/posts\/22882\/revisions"}],"predecessor-version":[{"id":22884,"href":"https:\/\/redenoticiaz.com.br\/litoralsp\/wp-json\/wp\/v2\/posts\/22882\/revisions\/22884"}],"wp:featuredmedia":[{"embeddable":true,"href":"https:\/\/redenoticiaz.com.br\/litoralsp\/wp-json\/wp\/v2\/media\/22883"}],"wp:attachment":[{"href":"https:\/\/redenoticiaz.com.br\/litoralsp\/wp-json\/wp\/v2\/media?parent=22882"}],"wp:term":[{"taxonomy":"category","embeddable":true,"href":"https:\/\/redenoticiaz.com.br\/litoralsp\/wp-json\/wp\/v2\/categories?post=22882"},{"taxonomy":"post_tag","embeddable":true,"href":"https:\/\/redenoticiaz.com.br\/litoralsp\/wp-json\/wp\/v2\/tags?post=22882"}],"curies":[{"name":"wp","href":"https:\/\/api.w.org\/{rel}","templated":true}]}}