{"id":22885,"date":"2022-02-04T20:21:55","date_gmt":"2022-02-04T23:21:55","guid":{"rendered":"https:\/\/redenoticiaz.com.br\/litoralsp\/?p=22885"},"modified":"2022-02-04T20:22:36","modified_gmt":"2022-02-04T23:22:36","slug":"tres-pessoas-sao-detidas-por-envolvimento-com-o-trafico-de-drogas-em-itanhaem","status":"publish","type":"post","link":"https:\/\/redenoticiaz.com.br\/litoralsp\/2022\/02\/04\/tres-pessoas-sao-detidas-por-envolvimento-com-o-trafico-de-drogas-em-itanhaem","title":{"rendered":"Tr\u00eas pessoas s\u00e3o detidas por envolvimento com o tr\u00e1fico de drogas em Itanha\u00e9m"},"content":{"rendered":"<p>Nesta sexta-feira (4), dois homens, de 19 e 20 anos, foram presos e um adolescente de 16 anos foi apreendido por policiais da Delegacia de Investiga\u00e7\u00f5es Sobre Entorpecentes (Dise) de <a href=\"http:\/\/www2.itanhaem.sp.gov.br\/\">Itanha\u00e9m<\/a>. Eles s\u00e3o acusados de <strong>envolvimento com o tr\u00e1fico de drogas<\/strong> na cidade.<\/p>\n<p>Segundo a Pol\u00edcia Civil, eles foram detidos no bairro Ivoty ap\u00f3s intensa a\u00e7\u00e3o de campo. A equipe apurou que tr\u00eas pessoas se associavam para comercializar e distribuir drogas em Itanha\u00e9m. Mas para despistar qualquer suspeita, eles guardavam as drogas em dois endere\u00e7os diferentes.<\/p>\n<p>Ap\u00f3s obterem a llibera\u00e7\u00e3o do Poder Judici\u00e1rio, do mandado de busca domiciliar na resid\u00eancia dos suspeitos, os policiais foram at\u00e9 os endere\u00e7os apurados. No primeiro, dois dos indiv\u00edduos foram encontrados. Nas buscas, foram localizadas subst\u00e2ncias para a fabrica\u00e7\u00e3o da droga e uma balan\u00e7a de precis\u00e3o.<\/p>\n<p>J\u00e1 no segundo endere\u00e7o, os agentes foram at\u00e9 o im\u00f3vel, e ao chegarem no local. Os policiais perceberam que o adolescente que ali estava tentou fechar porta. No entanto, a equipe conseguiu chegar antes. No local tamb\u00e9m foram localizadas v\u00e1rias por\u00e7\u00f5es de drogas.<\/p>\n<p>Ao todo a Pol\u00edcia Civil apreendeu 1860 eppendors de coca\u00edna, 580 papelotes de maconha, 20 por\u00e7\u00f5es de skunk e uma por\u00e7\u00e3o de crack. Al\u00e9m disso, dois aparelhos de telefone celular utilizados para o com\u00e9rcio ilegal tamb\u00e9m foram apreendidos.<\/p>\n<p>Questionados, os suspeitos assumiram serem respons\u00e1veis pelo tr\u00e1fico de drogas. Foi dada voz de pris\u00e3o em flagrante delito aos dois homens e de apreens\u00e3o do menor infrator por ato an\u00e1logo ao tr\u00e1fico de drogas e associa\u00e7\u00e3o ao tr\u00e1fico.<\/p>\n<p>Al\u00e9m do crime de tr\u00e1fico, os dois homens responder\u00e3o por corrup\u00e7\u00e3o de menores. Ap\u00f3s os registros de praxe na unidade policial, os homens foram recolhidos ao c\u00e1rcere o e menor para casa de cust\u00f3dia competente.<\/p>\n<p><strong>LEIA TAMB\u00c9M<\/strong><\/p>\n<p><a href=\"https:\/\/redenoticiaz.com.br\/litoralsp\/2022\/02\/04\/trave-atinge-menino-durante-futebol-e-o-deixa-em-coma-no-litoral\">Trave atinge menino durante futebol e o deixa em coma no Litoral<\/a><\/p>\n","protected":false},"excerpt":{"rendered":"<p>Nesta sexta-feira (4), dois homens, de 19 e 20 anos, foram presos e um adolescente de 16 anos foi apreendido por policiais da Delegacia de Investiga\u00e7\u00f5es Sobre Entorpecentes (Dise) de Itanha\u00e9m. Eles s\u00e3o acusados de envolvimento com o tr\u00e1fico de drogas na cidade. Segundo a Pol\u00edcia Civil, eles foram detidos no bairro Ivoty ap\u00f3s intensa &hellip;<\/p>\n","protected":false},"author":6,"featured_media":22886,"comment_status":"open","ping_status":"closed","sticky":false,"template":"","format":"standard","meta":{"footnotes":""},"categories":[184,10],"tags":[1214,25993,1068,1762,1432,61],"class_list":["post-22885","post","type-post","status-publish","format-standard","has-post-thumbnail","hentry","category-itanhaem","category-policia","tag-apreensao","tag-dise-de-itanhaem","tag-itanhaem","tag-policia-civil","tag-prisoes","tag-trafico-de-drogas"],"yoast_head":"<!-- This site is optimized with the Yoast SEO plugin v27.5 - https:\/\/yoast.com\/product\/yoast-seo-wordpress\/ -->\n<title>Tr\u00eas pessoas s\u00e3o detidas por envolvimento com o tr\u00e1fico de drogas em Itanha\u00e9m - Litoral SP<\/title>\n<meta name=\"description\" content=\"um adolescente de 16 anos foi apreendido por policiais da Delegacia de Investiga\u00e7\u00f5es Sobre Entorpecentes (Dise) de Itanha\u00e9m. Eles\" \/>\n<meta name=\"robots\" content=\"index, follow, max-snippet:-1, max-image-preview:large, max-video-preview:-1\" \/>\n<link rel=\"canonical\" href=\"https:\/\/redenoticiaz.com.br\/litoralsp\/2022\/02\/04\/tres-pessoas-sao-detidas-por-envolvimento-com-o-trafico-de-drogas-em-itanhaem\" \/>\n<meta property=\"og:locale\" content=\"pt_BR\" \/>\n<meta property=\"og:type\" content=\"article\" \/>\n<meta property=\"og:title\" content=\"Tr\u00eas pessoas s\u00e3o detidas por envolvimento com o tr\u00e1fico de drogas em Itanha\u00e9m - Litoral SP\" \/>\n<meta property=\"og:description\" content=\"um adolescente de 16 anos foi apreendido por policiais da Delegacia de Investiga\u00e7\u00f5es Sobre Entorpecentes (Dise) de Itanha\u00e9m. Eles\" \/>\n<meta property=\"og:url\" content=\"https:\/\/redenoticiaz.com.br\/litoralsp\/2022\/02\/04\/tres-pessoas-sao-detidas-por-envolvimento-com-o-trafico-de-drogas-em-itanhaem\" \/>\n<meta property=\"og:site_name\" content=\"Litoral SP\" \/>\n<meta property=\"article:published_time\" content=\"2022-02-04T23:21:55+00:00\" \/>\n<meta property=\"article:modified_time\" content=\"2022-02-04T23:22:36+00:00\" \/>\n<meta property=\"og:image\" content=\"https:\/\/redenoticiaz.com.br\/litoralsp\/wp-content\/uploads\/sites\/3\/2022\/02\/whatsapp-image-2022-02-04-at-19-25-42.jpeg\" \/>\n\t<meta property=\"og:image:width\" content=\"810\" \/>\n\t<meta property=\"og:image:height\" content=\"1080\" \/>\n\t<meta property=\"og:image:type\" content=\"image\/jpeg\" \/>\n<meta name=\"author\" content=\"Leonardo Francisco\" \/>\n<meta name=\"twitter:card\" content=\"summary_large_image\" \/>\n<meta name=\"twitter:label1\" content=\"Escrito por\" \/>\n\t<meta name=\"twitter:data1\" content=\"Leonardo Francisco\" \/>\n\t<meta name=\"twitter:label2\" content=\"Est. tempo de leitura\" \/>\n\t<meta name=\"twitter:data2\" content=\"2 minutos\" \/>\n<script type=\"application\/ld+json\" class=\"yoast-schema-graph\">{\"@context\":\"https:\\\/\\\/schema.org\",\"@graph\":[{\"@type\":\"Article\",\"@id\":\"https:\\\/\\\/redenoticiaz.com.br\\\/litoralsp\\\/2022\\\/02\\\/04\\\/tres-pessoas-sao-detidas-por-envolvimento-com-o-trafico-de-drogas-em-itanhaem#article\",\"isPartOf\":{\"@id\":\"https:\\\/\\\/redenoticiaz.com.br\\\/litoralsp\\\/2022\\\/02\\\/04\\\/tres-pessoas-sao-detidas-por-envolvimento-com-o-trafico-de-drogas-em-itanhaem\"},\"author\":{\"name\":\"Leonardo Francisco\",\"@id\":\"https:\\\/\\\/redenoticiaz.com.br\\\/litoralsp\\\/#\\\/schema\\\/person\\\/0f0b8a5bdafefe82841e07ae8d81ecb3\"},\"headline\":\"Tr\u00eas pessoas s\u00e3o detidas por envolvimento com o tr\u00e1fico de drogas em Itanha\u00e9m\",\"datePublished\":\"2022-02-04T23:21:55+00:00\",\"dateModified\":\"2022-02-04T23:22:36+00:00\",\"mainEntityOfPage\":{\"@id\":\"https:\\\/\\\/redenoticiaz.com.br\\\/litoralsp\\\/2022\\\/02\\\/04\\\/tres-pessoas-sao-detidas-por-envolvimento-com-o-trafico-de-drogas-em-itanhaem\"},\"wordCount\":357,\"commentCount\":0,\"publisher\":{\"@id\":\"https:\\\/\\\/redenoticiaz.com.br\\\/litoralsp\\\/#organization\"},\"image\":{\"@id\":\"https:\\\/\\\/redenoticiaz.com.br\\\/litoralsp\\\/2022\\\/02\\\/04\\\/tres-pessoas-sao-detidas-por-envolvimento-com-o-trafico-de-drogas-em-itanhaem#primaryimage\"},\"thumbnailUrl\":\"https:\\\/\\\/redenoticiaz.com.br\\\/litoralsp\\\/wp-content\\\/uploads\\\/sites\\\/3\\\/2022\\\/02\\\/whatsapp-image-2022-02-04-at-19-25-42.jpeg\",\"keywords\":[\"apreens\u00e3o\",\"DISE DE ITANHA\u00c9M\",\"ITANHA\u00c9M\",\"POL\u00cdCIA CIVIL\",\"PRIS\u00d5ES\",\"TR\u00c1FICO DE DROGAS\"],\"articleSection\":[\"Itanha\u00e9m\",\"Pol\u00edcia\"],\"inLanguage\":\"pt-BR\",\"potentialAction\":[{\"@type\":\"CommentAction\",\"name\":\"Comment\",\"target\":[\"https:\\\/\\\/redenoticiaz.com.br\\\/litoralsp\\\/2022\\\/02\\\/04\\\/tres-pessoas-sao-detidas-por-envolvimento-com-o-trafico-de-drogas-em-itanhaem#respond\"]}]},{\"@type\":\"WebPage\",\"@id\":\"https:\\\/\\\/redenoticiaz.com.br\\\/litoralsp\\\/2022\\\/02\\\/04\\\/tres-pessoas-sao-detidas-por-envolvimento-com-o-trafico-de-drogas-em-itanhaem\",\"url\":\"https:\\\/\\\/redenoticiaz.com.br\\\/litoralsp\\\/2022\\\/02\\\/04\\\/tres-pessoas-sao-detidas-por-envolvimento-com-o-trafico-de-drogas-em-itanhaem\",\"name\":\"Tr\u00eas pessoas s\u00e3o detidas por envolvimento com o tr\u00e1fico de drogas em Itanha\u00e9m - Litoral SP\",\"isPartOf\":{\"@id\":\"https:\\\/\\\/redenoticiaz.com.br\\\/litoralsp\\\/#website\"},\"primaryImageOfPage\":{\"@id\":\"https:\\\/\\\/redenoticiaz.com.br\\\/litoralsp\\\/2022\\\/02\\\/04\\\/tres-pessoas-sao-detidas-por-envolvimento-com-o-trafico-de-drogas-em-itanhaem#primaryimage\"},\"image\":{\"@id\":\"https:\\\/\\\/redenoticiaz.com.br\\\/litoralsp\\\/2022\\\/02\\\/04\\\/tres-pessoas-sao-detidas-por-envolvimento-com-o-trafico-de-drogas-em-itanhaem#primaryimage\"},\"thumbnailUrl\":\"https:\\\/\\\/redenoticiaz.com.br\\\/litoralsp\\\/wp-content\\\/uploads\\\/sites\\\/3\\\/2022\\\/02\\\/whatsapp-image-2022-02-04-at-19-25-42.jpeg\",\"datePublished\":\"2022-02-04T23:21:55+00:00\",\"dateModified\":\"2022-02-04T23:22:36+00:00\",\"description\":\"um adolescente de 16 anos foi apreendido por policiais da Delegacia de Investiga\u00e7\u00f5es Sobre Entorpecentes (Dise) de Itanha\u00e9m. Eles\",\"inLanguage\":\"pt-BR\",\"potentialAction\":[{\"@type\":\"ReadAction\",\"target\":[\"https:\\\/\\\/redenoticiaz.com.br\\\/litoralsp\\\/2022\\\/02\\\/04\\\/tres-pessoas-sao-detidas-por-envolvimento-com-o-trafico-de-drogas-em-itanhaem\"]}]},{\"@type\":\"ImageObject\",\"inLanguage\":\"pt-BR\",\"@id\":\"https:\\\/\\\/redenoticiaz.com.br\\\/litoralsp\\\/2022\\\/02\\\/04\\\/tres-pessoas-sao-detidas-por-envolvimento-com-o-trafico-de-drogas-em-itanhaem#primaryimage\",\"url\":\"https:\\\/\\\/redenoticiaz.com.br\\\/litoralsp\\\/wp-content\\\/uploads\\\/sites\\\/3\\\/2022\\\/02\\\/whatsapp-image-2022-02-04-at-19-25-42.jpeg\",\"contentUrl\":\"https:\\\/\\\/redenoticiaz.com.br\\\/litoralsp\\\/wp-content\\\/uploads\\\/sites\\\/3\\\/2022\\\/02\\\/whatsapp-image-2022-02-04-at-19-25-42.jpeg\",\"width\":810,\"height\":1080,\"caption\":\"Cr\u00e9ditos: Divulga\u00e7\u00e3o\\\/Pol\u00edcia Civil.\"},{\"@type\":\"WebSite\",\"@id\":\"https:\\\/\\\/redenoticiaz.com.br\\\/litoralsp\\\/#website\",\"url\":\"https:\\\/\\\/redenoticiaz.com.br\\\/litoralsp\\\/\",\"name\":\"Litoral SP\",\"description\":\"Rede NoticiaZ\",\"publisher\":{\"@id\":\"https:\\\/\\\/redenoticiaz.com.br\\\/litoralsp\\\/#organization\"},\"potentialAction\":[{\"@type\":\"SearchAction\",\"target\":{\"@type\":\"EntryPoint\",\"urlTemplate\":\"https:\\\/\\\/redenoticiaz.com.br\\\/litoralsp\\\/?s={search_term_string}\"},\"query-input\":{\"@type\":\"PropertyValueSpecification\",\"valueRequired\":true,\"valueName\":\"search_term_string\"}}],\"inLanguage\":\"pt-BR\"},{\"@type\":\"Organization\",\"@id\":\"https:\\\/\\\/redenoticiaz.com.br\\\/litoralsp\\\/#organization\",\"name\":\"Litoral SP\",\"url\":\"https:\\\/\\\/redenoticiaz.com.br\\\/litoralsp\\\/\",\"logo\":{\"@type\":\"ImageObject\",\"inLanguage\":\"pt-BR\",\"@id\":\"https:\\\/\\\/redenoticiaz.com.br\\\/litoralsp\\\/#\\\/schema\\\/logo\\\/image\\\/\",\"url\":\"https:\\\/\\\/redenoticiaz.com.br\\\/litoralsp\\\/wp-content\\\/uploads\\\/sites\\\/3\\\/2020\\\/11\\\/logo.jpg\",\"contentUrl\":\"https:\\\/\\\/redenoticiaz.com.br\\\/litoralsp\\\/wp-content\\\/uploads\\\/sites\\\/3\\\/2020\\\/11\\\/logo.jpg\",\"width\":400,\"height\":250,\"caption\":\"Litoral SP\"},\"image\":{\"@id\":\"https:\\\/\\\/redenoticiaz.com.br\\\/litoralsp\\\/#\\\/schema\\\/logo\\\/image\\\/\"}},{\"@type\":\"Person\",\"@id\":\"https:\\\/\\\/redenoticiaz.com.br\\\/litoralsp\\\/#\\\/schema\\\/person\\\/0f0b8a5bdafefe82841e07ae8d81ecb3\",\"name\":\"Leonardo Francisco\",\"image\":{\"@type\":\"ImageObject\",\"inLanguage\":\"pt-BR\",\"@id\":\"https:\\\/\\\/secure.gravatar.com\\\/avatar\\\/a7358cb406a99b682ec6df1e77e31ae82e63601f6784e8a3df411d72b37864da?s=96&d=mm&r=g\",\"url\":\"https:\\\/\\\/secure.gravatar.com\\\/avatar\\\/a7358cb406a99b682ec6df1e77e31ae82e63601f6784e8a3df411d72b37864da?s=96&d=mm&r=g\",\"contentUrl\":\"https:\\\/\\\/secure.gravatar.com\\\/avatar\\\/a7358cb406a99b682ec6df1e77e31ae82e63601f6784e8a3df411d72b37864da?s=96&d=mm&r=g\",\"caption\":\"Leonardo Francisco\"},\"url\":\"https:\\\/\\\/redenoticiaz.com.br\\\/litoralsp\\\/author\\\/leonardo-francisco\"}]}<\/script>\n<!-- \/ Yoast SEO plugin. -->","yoast_head_json":{"title":"Tr\u00eas pessoas s\u00e3o detidas por envolvimento com o tr\u00e1fico de drogas em Itanha\u00e9m - Litoral SP","description":"um adolescente de 16 anos foi apreendido por policiais da Delegacia de Investiga\u00e7\u00f5es Sobre Entorpecentes (Dise) de Itanha\u00e9m. Eles","robots":{"index":"index","follow":"follow","max-snippet":"max-snippet:-1","max-image-preview":"max-image-preview:large","max-video-preview":"max-video-preview:-1"},"canonical":"https:\/\/redenoticiaz.com.br\/litoralsp\/2022\/02\/04\/tres-pessoas-sao-detidas-por-envolvimento-com-o-trafico-de-drogas-em-itanhaem","og_locale":"pt_BR","og_type":"article","og_title":"Tr\u00eas pessoas s\u00e3o detidas por envolvimento com o tr\u00e1fico de drogas em Itanha\u00e9m - Litoral SP","og_description":"um adolescente de 16 anos foi apreendido por policiais da Delegacia de Investiga\u00e7\u00f5es Sobre Entorpecentes (Dise) de Itanha\u00e9m. Eles","og_url":"https:\/\/redenoticiaz.com.br\/litoralsp\/2022\/02\/04\/tres-pessoas-sao-detidas-por-envolvimento-com-o-trafico-de-drogas-em-itanhaem","og_site_name":"Litoral SP","article_published_time":"2022-02-04T23:21:55+00:00","article_modified_time":"2022-02-04T23:22:36+00:00","og_image":[{"width":810,"height":1080,"url":"https:\/\/redenoticiaz.com.br\/litoralsp\/wp-content\/uploads\/sites\/3\/2022\/02\/whatsapp-image-2022-02-04-at-19-25-42.jpeg","type":"image\/jpeg"}],"author":"Leonardo Francisco","twitter_card":"summary_large_image","twitter_misc":{"Escrito por":"Leonardo Francisco","Est. tempo de leitura":"2 minutos"},"schema":{"@context":"https:\/\/schema.org","@graph":[{"@type":"Article","@id":"https:\/\/redenoticiaz.com.br\/litoralsp\/2022\/02\/04\/tres-pessoas-sao-detidas-por-envolvimento-com-o-trafico-de-drogas-em-itanhaem#article","isPartOf":{"@id":"https:\/\/redenoticiaz.com.br\/litoralsp\/2022\/02\/04\/tres-pessoas-sao-detidas-por-envolvimento-com-o-trafico-de-drogas-em-itanhaem"},"author":{"name":"Leonardo Francisco","@id":"https:\/\/redenoticiaz.com.br\/litoralsp\/#\/schema\/person\/0f0b8a5bdafefe82841e07ae8d81ecb3"},"headline":"Tr\u00eas pessoas s\u00e3o detidas por envolvimento com o tr\u00e1fico de drogas em Itanha\u00e9m","datePublished":"2022-02-04T23:21:55+00:00","dateModified":"2022-02-04T23:22:36+00:00","mainEntityOfPage":{"@id":"https:\/\/redenoticiaz.com.br\/litoralsp\/2022\/02\/04\/tres-pessoas-sao-detidas-por-envolvimento-com-o-trafico-de-drogas-em-itanhaem"},"wordCount":357,"commentCount":0,"publisher":{"@id":"https:\/\/redenoticiaz.com.br\/litoralsp\/#organization"},"image":{"@id":"https:\/\/redenoticiaz.com.br\/litoralsp\/2022\/02\/04\/tres-pessoas-sao-detidas-por-envolvimento-com-o-trafico-de-drogas-em-itanhaem#primaryimage"},"thumbnailUrl":"https:\/\/redenoticiaz.com.br\/litoralsp\/wp-content\/uploads\/sites\/3\/2022\/02\/whatsapp-image-2022-02-04-at-19-25-42.jpeg","keywords":["apreens\u00e3o","DISE DE ITANHA\u00c9M","ITANHA\u00c9M","POL\u00cdCIA CIVIL","PRIS\u00d5ES","TR\u00c1FICO DE DROGAS"],"articleSection":["Itanha\u00e9m","Pol\u00edcia"],"inLanguage":"pt-BR","potentialAction":[{"@type":"CommentAction","name":"Comment","target":["https:\/\/redenoticiaz.com.br\/litoralsp\/2022\/02\/04\/tres-pessoas-sao-detidas-por-envolvimento-com-o-trafico-de-drogas-em-itanhaem#respond"]}]},{"@type":"WebPage","@id":"https:\/\/redenoticiaz.com.br\/litoralsp\/2022\/02\/04\/tres-pessoas-sao-detidas-por-envolvimento-com-o-trafico-de-drogas-em-itanhaem","url":"https:\/\/redenoticiaz.com.br\/litoralsp\/2022\/02\/04\/tres-pessoas-sao-detidas-por-envolvimento-com-o-trafico-de-drogas-em-itanhaem","name":"Tr\u00eas pessoas s\u00e3o detidas por envolvimento com o tr\u00e1fico de drogas em Itanha\u00e9m - Litoral SP","isPartOf":{"@id":"https:\/\/redenoticiaz.com.br\/litoralsp\/#website"},"primaryImageOfPage":{"@id":"https:\/\/redenoticiaz.com.br\/litoralsp\/2022\/02\/04\/tres-pessoas-sao-detidas-por-envolvimento-com-o-trafico-de-drogas-em-itanhaem#primaryimage"},"image":{"@id":"https:\/\/redenoticiaz.com.br\/litoralsp\/2022\/02\/04\/tres-pessoas-sao-detidas-por-envolvimento-com-o-trafico-de-drogas-em-itanhaem#primaryimage"},"thumbnailUrl":"https:\/\/redenoticiaz.com.br\/litoralsp\/wp-content\/uploads\/sites\/3\/2022\/02\/whatsapp-image-2022-02-04-at-19-25-42.jpeg","datePublished":"2022-02-04T23:21:55+00:00","dateModified":"2022-02-04T23:22:36+00:00","description":"um adolescente de 16 anos foi apreendido por policiais da Delegacia de Investiga\u00e7\u00f5es Sobre Entorpecentes (Dise) de Itanha\u00e9m. Eles","inLanguage":"pt-BR","potentialAction":[{"@type":"ReadAction","target":["https:\/\/redenoticiaz.com.br\/litoralsp\/2022\/02\/04\/tres-pessoas-sao-detidas-por-envolvimento-com-o-trafico-de-drogas-em-itanhaem"]}]},{"@type":"ImageObject","inLanguage":"pt-BR","@id":"https:\/\/redenoticiaz.com.br\/litoralsp\/2022\/02\/04\/tres-pessoas-sao-detidas-por-envolvimento-com-o-trafico-de-drogas-em-itanhaem#primaryimage","url":"https:\/\/redenoticiaz.com.br\/litoralsp\/wp-content\/uploads\/sites\/3\/2022\/02\/whatsapp-image-2022-02-04-at-19-25-42.jpeg","contentUrl":"https:\/\/redenoticiaz.com.br\/litoralsp\/wp-content\/uploads\/sites\/3\/2022\/02\/whatsapp-image-2022-02-04-at-19-25-42.jpeg","width":810,"height":1080,"caption":"Cr\u00e9ditos: Divulga\u00e7\u00e3o\/Pol\u00edcia Civil."},{"@type":"WebSite","@id":"https:\/\/redenoticiaz.com.br\/litoralsp\/#website","url":"https:\/\/redenoticiaz.com.br\/litoralsp\/","name":"Litoral SP","description":"Rede NoticiaZ","publisher":{"@id":"https:\/\/redenoticiaz.com.br\/litoralsp\/#organization"},"potentialAction":[{"@type":"SearchAction","target":{"@type":"EntryPoint","urlTemplate":"https:\/\/redenoticiaz.com.br\/litoralsp\/?s={search_term_string}"},"query-input":{"@type":"PropertyValueSpecification","valueRequired":true,"valueName":"search_term_string"}}],"inLanguage":"pt-BR"},{"@type":"Organization","@id":"https:\/\/redenoticiaz.com.br\/litoralsp\/#organization","name":"Litoral SP","url":"https:\/\/redenoticiaz.com.br\/litoralsp\/","logo":{"@type":"ImageObject","inLanguage":"pt-BR","@id":"https:\/\/redenoticiaz.com.br\/litoralsp\/#\/schema\/logo\/image\/","url":"https:\/\/redenoticiaz.com.br\/litoralsp\/wp-content\/uploads\/sites\/3\/2020\/11\/logo.jpg","contentUrl":"https:\/\/redenoticiaz.com.br\/litoralsp\/wp-content\/uploads\/sites\/3\/2020\/11\/logo.jpg","width":400,"height":250,"caption":"Litoral SP"},"image":{"@id":"https:\/\/redenoticiaz.com.br\/litoralsp\/#\/schema\/logo\/image\/"}},{"@type":"Person","@id":"https:\/\/redenoticiaz.com.br\/litoralsp\/#\/schema\/person\/0f0b8a5bdafefe82841e07ae8d81ecb3","name":"Leonardo Francisco","image":{"@type":"ImageObject","inLanguage":"pt-BR","@id":"https:\/\/secure.gravatar.com\/avatar\/a7358cb406a99b682ec6df1e77e31ae82e63601f6784e8a3df411d72b37864da?s=96&d=mm&r=g","url":"https:\/\/secure.gravatar.com\/avatar\/a7358cb406a99b682ec6df1e77e31ae82e63601f6784e8a3df411d72b37864da?s=96&d=mm&r=g","contentUrl":"https:\/\/secure.gravatar.com\/avatar\/a7358cb406a99b682ec6df1e77e31ae82e63601f6784e8a3df411d72b37864da?s=96&d=mm&r=g","caption":"Leonardo Francisco"},"url":"https:\/\/redenoticiaz.com.br\/litoralsp\/author\/leonardo-francisco"}]}},"_links":{"self":[{"href":"https:\/\/redenoticiaz.com.br\/litoralsp\/wp-json\/wp\/v2\/posts\/22885","targetHints":{"allow":["GET"]}}],"collection":[{"href":"https:\/\/redenoticiaz.com.br\/litoralsp\/wp-json\/wp\/v2\/posts"}],"about":[{"href":"https:\/\/redenoticiaz.com.br\/litoralsp\/wp-json\/wp\/v2\/types\/post"}],"author":[{"embeddable":true,"href":"https:\/\/redenoticiaz.com.br\/litoralsp\/wp-json\/wp\/v2\/users\/6"}],"replies":[{"embeddable":true,"href":"https:\/\/redenoticiaz.com.br\/litoralsp\/wp-json\/wp\/v2\/comments?post=22885"}],"version-history":[{"count":1,"href":"https:\/\/redenoticiaz.com.br\/litoralsp\/wp-json\/wp\/v2\/posts\/22885\/revisions"}],"predecessor-version":[{"id":22887,"href":"https:\/\/redenoticiaz.com.br\/litoralsp\/wp-json\/wp\/v2\/posts\/22885\/revisions\/22887"}],"wp:featuredmedia":[{"embeddable":true,"href":"https:\/\/redenoticiaz.com.br\/litoralsp\/wp-json\/wp\/v2\/media\/22886"}],"wp:attachment":[{"href":"https:\/\/redenoticiaz.com.br\/litoralsp\/wp-json\/wp\/v2\/media?parent=22885"}],"wp:term":[{"taxonomy":"category","embeddable":true,"href":"https:\/\/redenoticiaz.com.br\/litoralsp\/wp-json\/wp\/v2\/categories?post=22885"},{"taxonomy":"post_tag","embeddable":true,"href":"https:\/\/redenoticiaz.com.br\/litoralsp\/wp-json\/wp\/v2\/tags?post=22885"}],"curies":[{"name":"wp","href":"https:\/\/api.w.org\/{rel}","templated":true}]}}