{"id":22891,"date":"2022-02-04T21:03:01","date_gmt":"2022-02-05T00:03:01","guid":{"rendered":"https:\/\/redenoticiaz.com.br\/litoralsp\/2022\/02\/04\/brasil-volta-a-ter-mais-de-mil-mortes-por-covid-19-e-passa-de-630-mil-obitos"},"modified":"2022-02-04T21:05:59","modified_gmt":"2022-02-05T00:05:59","slug":"brasil-volta-a-ter-mais-de-mil-mortes-por-covid-19-e-passa-de-630-mil-obitos","status":"publish","type":"post","link":"https:\/\/redenoticiaz.com.br\/litoralsp\/2022\/02\/04\/brasil-volta-a-ter-mais-de-mil-mortes-por-covid-19-e-passa-de-630-mil-obitos","title":{"rendered":"Brasil volta a ter mais de mil mortes por Covid-19 e passa de 630 mil \u00f3bitos"},"content":{"rendered":"<p>O <a href=\"https:\/\/www.gov.br\/pt-br\">Brasil<\/a> voltou a ter mais de <strong>mil mortes em 24 horas por conta da Covid-19<\/strong>. Nesta sexta-feira (4), o pa\u00eds contabilizou 1074 \u00f3bitos e assim o total de v\u00edtimas fatais chegou a 631.069 desde o come\u00e7o da pandemia. Assim, a m\u00e9dia m\u00f3vel voltou a aumentar e est\u00e1 em 732 mortes. A marca \u00e9 a maior desde agosto de 2021. Na ocasi\u00e3o a m\u00e9dia era de 766.<\/p>\n<p>O Brasil voltou a ter registro de mais de mil mortos por Covid em um s\u00f3 dia\u00a0pela primeira vez desde 19 de agosto do ano passado (quando foram 1.030). \u00c9 o maior n\u00famero na s\u00e9rie desde 17 e agosto, quando tivemos 1.137 v\u00edtimas registradas em 24 horas.<\/p>\n<p>O avan\u00e7o da Covid-19 voltou a ser t\u00e3o preocupante que nenhum estado est\u00e1 com tend\u00eancia de queda. Algo que n\u00e3o acontecia desde janeiro de 2021. J\u00e1 em rela\u00e7\u00e3o aos novos casos, o Brasil teve mais <span class=\"highlight highlighted\">219.298 novos casos conhecidos<\/span><span class=\"highlight highlighted\">\u00a0de Covid-19 em 24 horas<\/span>, chegando ao total de\u00a0<span class=\"highlight highlighted\">26.319.033<\/span>\u00a0diagn\u00f3sticos confirmados desde o in\u00edcio da pandemia. Com isso, a m\u00e9dia m\u00f3vel de casos nos \u00faltimos 7 dias foi a\u00a0<span class=\"highlight highlighted\">182.696<\/span>.\u00a0Em compara\u00e7\u00e3o \u00e0 m\u00e9dia de 14 dias atr\u00e1s, a varia\u00e7\u00e3o foi de\u00a0<span class=\"highlight highlighted\">+30%<\/span>, indicando tend\u00eancia de\u00a0<span class=\"highlight highlighted\">alta<\/span>\u00a0nos casos da doen\u00e7a.<\/p>\n<h3>Subvariante da \u00f4micron \u00e9 encontrada no Rio<\/h3>\n<p>Parte desta grande crescente de casos de Covid-19 no Brasil se deve a variante \u00f4micron, que \u00e9 considerada a mais contagiosa at\u00e9 o momento. E pra piorar, a subvariante da \u00f4micron, batizada de BA.2 j\u00e1 foi detectada no Rio de Janeiro.<\/p>\n<p>Por conta dela, continentes como a \u00c1sia e a Europa j\u00e1 registram um aumento de casos de Covid provocados pela BA.2. Segundo a Secretaria de Estado de Sa\u00fade do Rio de Janeiro, a pessoa que foi diagnosticada com a subvariante est\u00e1 sendo investigada para saber se ela esteve ou n\u00e3o em algum destes continentes.<\/p>\n<p>Cientistas suspeitam que essa subvariante seja ainda mais transmiss\u00edvel do que as anteriores. A secretaria afirmou que ainda n\u00e3o h\u00e1 motivo de preocupa\u00e7\u00e3o e que continua a fazer o sequenciamento do coronav\u00edrus.<\/p>\n<p><strong>LEIA TAMB\u00c9M<\/strong><\/p>\n<p><a href=\"https:\/\/redenoticiaz.com.br\/blog\/2022\/02\/04\/jundiai-promove-o-dia-c-de-vacinacao-contra-a-covid-19\">Jundia\u00ed promove o Dia C de vacina\u00e7\u00e3o contra a Covid-19<\/a><\/p>\n","protected":false},"excerpt":{"rendered":"<p>O Brasil voltou a ter mais de mil mortes em 24 horas por conta da Covid-19. Nesta sexta-feira (4), o pa\u00eds contabilizou 1074 \u00f3bitos e assim o total de v\u00edtimas fatais chegou a 631.069 desde o come\u00e7o da pandemia. Assim, a m\u00e9dia m\u00f3vel voltou a aumentar e est\u00e1 em 732 mortes. A marca \u00e9 a &hellip;<\/p>\n","protected":false},"author":6,"featured_media":22892,"comment_status":"open","ping_status":"closed","sticky":false,"template":"","format":"standard","meta":{"footnotes":""},"categories":[23],"tags":[49502,173,9520,16797,10730],"class_list":["post-22891","post","type-post","status-publish","format-standard","has-post-thumbnail","hentry","category-saude","tag-631-mil-obitos","tag-brasil","tag-mil-mortes","tag-mortes-por-covid","tag-novos-casos"],"yoast_head":"<!-- This site is optimized with the Yoast SEO plugin v27.5 - https:\/\/yoast.com\/product\/yoast-seo-wordpress\/ -->\n<title>Brasil volta a ter mais de mil mortes por Covid-19 e passa de 630 mil \u00f3bitos - Litoral SP<\/title>\n<meta name=\"description\" content=\"O Brasil voltou a ter mais de mil mortes em 24 horas por conta da Covid-19. Nesta sexta-feira (4), o pa\u00eds contabilizou 1074 \u00f3bitos\" \/>\n<meta name=\"robots\" content=\"index, follow, max-snippet:-1, max-image-preview:large, max-video-preview:-1\" \/>\n<link rel=\"canonical\" href=\"https:\/\/redenoticiaz.com.br\/litoralsp\/2022\/02\/04\/brasil-volta-a-ter-mais-de-mil-mortes-por-covid-19-e-passa-de-630-mil-obitos\" \/>\n<meta property=\"og:locale\" content=\"pt_BR\" \/>\n<meta property=\"og:type\" content=\"article\" \/>\n<meta property=\"og:title\" content=\"Brasil volta a ter mais de mil mortes por Covid-19 e passa de 630 mil \u00f3bitos - Litoral SP\" \/>\n<meta property=\"og:description\" content=\"O Brasil voltou a ter mais de mil mortes em 24 horas por conta da Covid-19. Nesta sexta-feira (4), o pa\u00eds contabilizou 1074 \u00f3bitos\" \/>\n<meta property=\"og:url\" content=\"https:\/\/redenoticiaz.com.br\/litoralsp\/2022\/02\/04\/brasil-volta-a-ter-mais-de-mil-mortes-por-covid-19-e-passa-de-630-mil-obitos\" \/>\n<meta property=\"og:site_name\" content=\"Litoral SP\" \/>\n<meta property=\"article:published_time\" content=\"2022-02-05T00:03:01+00:00\" \/>\n<meta property=\"article:modified_time\" content=\"2022-02-05T00:05:59+00:00\" \/>\n<meta property=\"og:image\" content=\"https:\/\/redenoticiaz.com.br\/litoralsp\/wp-content\/uploads\/sites\/3\/2022\/02\/image_processing20200426-20238-1so7n7c.jpeg\" \/>\n\t<meta property=\"og:image:width\" content=\"800\" \/>\n\t<meta property=\"og:image:height\" content=\"447\" \/>\n\t<meta property=\"og:image:type\" content=\"image\/jpeg\" \/>\n<meta name=\"author\" content=\"Leonardo Francisco\" \/>\n<meta name=\"twitter:card\" content=\"summary_large_image\" \/>\n<meta name=\"twitter:label1\" content=\"Escrito por\" \/>\n\t<meta name=\"twitter:data1\" content=\"Leonardo Francisco\" \/>\n\t<meta name=\"twitter:label2\" content=\"Est. tempo de leitura\" \/>\n\t<meta name=\"twitter:data2\" content=\"2 minutos\" \/>\n<script type=\"application\/ld+json\" class=\"yoast-schema-graph\">{\"@context\":\"https:\\\/\\\/schema.org\",\"@graph\":[{\"@type\":\"Article\",\"@id\":\"https:\\\/\\\/redenoticiaz.com.br\\\/litoralsp\\\/2022\\\/02\\\/04\\\/brasil-volta-a-ter-mais-de-mil-mortes-por-covid-19-e-passa-de-630-mil-obitos#article\",\"isPartOf\":{\"@id\":\"https:\\\/\\\/redenoticiaz.com.br\\\/litoralsp\\\/2022\\\/02\\\/04\\\/brasil-volta-a-ter-mais-de-mil-mortes-por-covid-19-e-passa-de-630-mil-obitos\"},\"author\":{\"name\":\"Leonardo Francisco\",\"@id\":\"https:\\\/\\\/redenoticiaz.com.br\\\/litoralsp\\\/#\\\/schema\\\/person\\\/0f0b8a5bdafefe82841e07ae8d81ecb3\"},\"headline\":\"Brasil volta a ter mais de mil mortes por Covid-19 e passa de 630 mil \u00f3bitos\",\"datePublished\":\"2022-02-05T00:03:01+00:00\",\"dateModified\":\"2022-02-05T00:05:59+00:00\",\"mainEntityOfPage\":{\"@id\":\"https:\\\/\\\/redenoticiaz.com.br\\\/litoralsp\\\/2022\\\/02\\\/04\\\/brasil-volta-a-ter-mais-de-mil-mortes-por-covid-19-e-passa-de-630-mil-obitos\"},\"wordCount\":375,\"commentCount\":0,\"publisher\":{\"@id\":\"https:\\\/\\\/redenoticiaz.com.br\\\/litoralsp\\\/#organization\"},\"image\":{\"@id\":\"https:\\\/\\\/redenoticiaz.com.br\\\/litoralsp\\\/2022\\\/02\\\/04\\\/brasil-volta-a-ter-mais-de-mil-mortes-por-covid-19-e-passa-de-630-mil-obitos#primaryimage\"},\"thumbnailUrl\":\"https:\\\/\\\/redenoticiaz.com.br\\\/litoralsp\\\/wp-content\\\/uploads\\\/sites\\\/3\\\/2022\\\/02\\\/image_processing20200426-20238-1so7n7c.jpeg\",\"keywords\":[\"631 MIL \u00d3BITOS\",\"Brasil\",\"MIL MORTES\",\"MORTES POR COVID\",\"NOVOS CASOS\"],\"articleSection\":[\"Sa\u00fade\"],\"inLanguage\":\"pt-BR\",\"potentialAction\":[{\"@type\":\"CommentAction\",\"name\":\"Comment\",\"target\":[\"https:\\\/\\\/redenoticiaz.com.br\\\/litoralsp\\\/2022\\\/02\\\/04\\\/brasil-volta-a-ter-mais-de-mil-mortes-por-covid-19-e-passa-de-630-mil-obitos#respond\"]}]},{\"@type\":\"WebPage\",\"@id\":\"https:\\\/\\\/redenoticiaz.com.br\\\/litoralsp\\\/2022\\\/02\\\/04\\\/brasil-volta-a-ter-mais-de-mil-mortes-por-covid-19-e-passa-de-630-mil-obitos\",\"url\":\"https:\\\/\\\/redenoticiaz.com.br\\\/litoralsp\\\/2022\\\/02\\\/04\\\/brasil-volta-a-ter-mais-de-mil-mortes-por-covid-19-e-passa-de-630-mil-obitos\",\"name\":\"Brasil volta a ter mais de mil mortes por Covid-19 e passa de 630 mil \u00f3bitos - Litoral SP\",\"isPartOf\":{\"@id\":\"https:\\\/\\\/redenoticiaz.com.br\\\/litoralsp\\\/#website\"},\"primaryImageOfPage\":{\"@id\":\"https:\\\/\\\/redenoticiaz.com.br\\\/litoralsp\\\/2022\\\/02\\\/04\\\/brasil-volta-a-ter-mais-de-mil-mortes-por-covid-19-e-passa-de-630-mil-obitos#primaryimage\"},\"image\":{\"@id\":\"https:\\\/\\\/redenoticiaz.com.br\\\/litoralsp\\\/2022\\\/02\\\/04\\\/brasil-volta-a-ter-mais-de-mil-mortes-por-covid-19-e-passa-de-630-mil-obitos#primaryimage\"},\"thumbnailUrl\":\"https:\\\/\\\/redenoticiaz.com.br\\\/litoralsp\\\/wp-content\\\/uploads\\\/sites\\\/3\\\/2022\\\/02\\\/image_processing20200426-20238-1so7n7c.jpeg\",\"datePublished\":\"2022-02-05T00:03:01+00:00\",\"dateModified\":\"2022-02-05T00:05:59+00:00\",\"description\":\"O Brasil voltou a ter mais de mil mortes em 24 horas por conta da Covid-19. Nesta sexta-feira (4), o pa\u00eds contabilizou 1074 \u00f3bitos\",\"inLanguage\":\"pt-BR\",\"potentialAction\":[{\"@type\":\"ReadAction\",\"target\":[\"https:\\\/\\\/redenoticiaz.com.br\\\/litoralsp\\\/2022\\\/02\\\/04\\\/brasil-volta-a-ter-mais-de-mil-mortes-por-covid-19-e-passa-de-630-mil-obitos\"]}]},{\"@type\":\"ImageObject\",\"inLanguage\":\"pt-BR\",\"@id\":\"https:\\\/\\\/redenoticiaz.com.br\\\/litoralsp\\\/2022\\\/02\\\/04\\\/brasil-volta-a-ter-mais-de-mil-mortes-por-covid-19-e-passa-de-630-mil-obitos#primaryimage\",\"url\":\"https:\\\/\\\/redenoticiaz.com.br\\\/litoralsp\\\/wp-content\\\/uploads\\\/sites\\\/3\\\/2022\\\/02\\\/image_processing20200426-20238-1so7n7c.jpeg\",\"contentUrl\":\"https:\\\/\\\/redenoticiaz.com.br\\\/litoralsp\\\/wp-content\\\/uploads\\\/sites\\\/3\\\/2022\\\/02\\\/image_processing20200426-20238-1so7n7c.jpeg\",\"width\":800,\"height\":447,\"caption\":\"Foto: Amaz\u00f4nia Real\"},{\"@type\":\"WebSite\",\"@id\":\"https:\\\/\\\/redenoticiaz.com.br\\\/litoralsp\\\/#website\",\"url\":\"https:\\\/\\\/redenoticiaz.com.br\\\/litoralsp\\\/\",\"name\":\"Litoral SP\",\"description\":\"Rede NoticiaZ\",\"publisher\":{\"@id\":\"https:\\\/\\\/redenoticiaz.com.br\\\/litoralsp\\\/#organization\"},\"potentialAction\":[{\"@type\":\"SearchAction\",\"target\":{\"@type\":\"EntryPoint\",\"urlTemplate\":\"https:\\\/\\\/redenoticiaz.com.br\\\/litoralsp\\\/?s={search_term_string}\"},\"query-input\":{\"@type\":\"PropertyValueSpecification\",\"valueRequired\":true,\"valueName\":\"search_term_string\"}}],\"inLanguage\":\"pt-BR\"},{\"@type\":\"Organization\",\"@id\":\"https:\\\/\\\/redenoticiaz.com.br\\\/litoralsp\\\/#organization\",\"name\":\"Litoral SP\",\"url\":\"https:\\\/\\\/redenoticiaz.com.br\\\/litoralsp\\\/\",\"logo\":{\"@type\":\"ImageObject\",\"inLanguage\":\"pt-BR\",\"@id\":\"https:\\\/\\\/redenoticiaz.com.br\\\/litoralsp\\\/#\\\/schema\\\/logo\\\/image\\\/\",\"url\":\"https:\\\/\\\/redenoticiaz.com.br\\\/litoralsp\\\/wp-content\\\/uploads\\\/sites\\\/3\\\/2020\\\/11\\\/logo.jpg\",\"contentUrl\":\"https:\\\/\\\/redenoticiaz.com.br\\\/litoralsp\\\/wp-content\\\/uploads\\\/sites\\\/3\\\/2020\\\/11\\\/logo.jpg\",\"width\":400,\"height\":250,\"caption\":\"Litoral SP\"},\"image\":{\"@id\":\"https:\\\/\\\/redenoticiaz.com.br\\\/litoralsp\\\/#\\\/schema\\\/logo\\\/image\\\/\"}},{\"@type\":\"Person\",\"@id\":\"https:\\\/\\\/redenoticiaz.com.br\\\/litoralsp\\\/#\\\/schema\\\/person\\\/0f0b8a5bdafefe82841e07ae8d81ecb3\",\"name\":\"Leonardo Francisco\",\"image\":{\"@type\":\"ImageObject\",\"inLanguage\":\"pt-BR\",\"@id\":\"https:\\\/\\\/secure.gravatar.com\\\/avatar\\\/a7358cb406a99b682ec6df1e77e31ae82e63601f6784e8a3df411d72b37864da?s=96&d=mm&r=g\",\"url\":\"https:\\\/\\\/secure.gravatar.com\\\/avatar\\\/a7358cb406a99b682ec6df1e77e31ae82e63601f6784e8a3df411d72b37864da?s=96&d=mm&r=g\",\"contentUrl\":\"https:\\\/\\\/secure.gravatar.com\\\/avatar\\\/a7358cb406a99b682ec6df1e77e31ae82e63601f6784e8a3df411d72b37864da?s=96&d=mm&r=g\",\"caption\":\"Leonardo Francisco\"},\"url\":\"https:\\\/\\\/redenoticiaz.com.br\\\/litoralsp\\\/author\\\/leonardo-francisco\"}]}<\/script>\n<!-- \/ Yoast SEO plugin. -->","yoast_head_json":{"title":"Brasil volta a ter mais de mil mortes por Covid-19 e passa de 630 mil \u00f3bitos - Litoral SP","description":"O Brasil voltou a ter mais de mil mortes em 24 horas por conta da Covid-19. Nesta sexta-feira (4), o pa\u00eds contabilizou 1074 \u00f3bitos","robots":{"index":"index","follow":"follow","max-snippet":"max-snippet:-1","max-image-preview":"max-image-preview:large","max-video-preview":"max-video-preview:-1"},"canonical":"https:\/\/redenoticiaz.com.br\/litoralsp\/2022\/02\/04\/brasil-volta-a-ter-mais-de-mil-mortes-por-covid-19-e-passa-de-630-mil-obitos","og_locale":"pt_BR","og_type":"article","og_title":"Brasil volta a ter mais de mil mortes por Covid-19 e passa de 630 mil \u00f3bitos - Litoral SP","og_description":"O Brasil voltou a ter mais de mil mortes em 24 horas por conta da Covid-19. Nesta sexta-feira (4), o pa\u00eds contabilizou 1074 \u00f3bitos","og_url":"https:\/\/redenoticiaz.com.br\/litoralsp\/2022\/02\/04\/brasil-volta-a-ter-mais-de-mil-mortes-por-covid-19-e-passa-de-630-mil-obitos","og_site_name":"Litoral SP","article_published_time":"2022-02-05T00:03:01+00:00","article_modified_time":"2022-02-05T00:05:59+00:00","og_image":[{"width":800,"height":447,"url":"https:\/\/redenoticiaz.com.br\/litoralsp\/wp-content\/uploads\/sites\/3\/2022\/02\/image_processing20200426-20238-1so7n7c.jpeg","type":"image\/jpeg"}],"author":"Leonardo Francisco","twitter_card":"summary_large_image","twitter_misc":{"Escrito por":"Leonardo Francisco","Est. tempo de leitura":"2 minutos"},"schema":{"@context":"https:\/\/schema.org","@graph":[{"@type":"Article","@id":"https:\/\/redenoticiaz.com.br\/litoralsp\/2022\/02\/04\/brasil-volta-a-ter-mais-de-mil-mortes-por-covid-19-e-passa-de-630-mil-obitos#article","isPartOf":{"@id":"https:\/\/redenoticiaz.com.br\/litoralsp\/2022\/02\/04\/brasil-volta-a-ter-mais-de-mil-mortes-por-covid-19-e-passa-de-630-mil-obitos"},"author":{"name":"Leonardo Francisco","@id":"https:\/\/redenoticiaz.com.br\/litoralsp\/#\/schema\/person\/0f0b8a5bdafefe82841e07ae8d81ecb3"},"headline":"Brasil volta a ter mais de mil mortes por Covid-19 e passa de 630 mil \u00f3bitos","datePublished":"2022-02-05T00:03:01+00:00","dateModified":"2022-02-05T00:05:59+00:00","mainEntityOfPage":{"@id":"https:\/\/redenoticiaz.com.br\/litoralsp\/2022\/02\/04\/brasil-volta-a-ter-mais-de-mil-mortes-por-covid-19-e-passa-de-630-mil-obitos"},"wordCount":375,"commentCount":0,"publisher":{"@id":"https:\/\/redenoticiaz.com.br\/litoralsp\/#organization"},"image":{"@id":"https:\/\/redenoticiaz.com.br\/litoralsp\/2022\/02\/04\/brasil-volta-a-ter-mais-de-mil-mortes-por-covid-19-e-passa-de-630-mil-obitos#primaryimage"},"thumbnailUrl":"https:\/\/redenoticiaz.com.br\/litoralsp\/wp-content\/uploads\/sites\/3\/2022\/02\/image_processing20200426-20238-1so7n7c.jpeg","keywords":["631 MIL \u00d3BITOS","Brasil","MIL MORTES","MORTES POR COVID","NOVOS CASOS"],"articleSection":["Sa\u00fade"],"inLanguage":"pt-BR","potentialAction":[{"@type":"CommentAction","name":"Comment","target":["https:\/\/redenoticiaz.com.br\/litoralsp\/2022\/02\/04\/brasil-volta-a-ter-mais-de-mil-mortes-por-covid-19-e-passa-de-630-mil-obitos#respond"]}]},{"@type":"WebPage","@id":"https:\/\/redenoticiaz.com.br\/litoralsp\/2022\/02\/04\/brasil-volta-a-ter-mais-de-mil-mortes-por-covid-19-e-passa-de-630-mil-obitos","url":"https:\/\/redenoticiaz.com.br\/litoralsp\/2022\/02\/04\/brasil-volta-a-ter-mais-de-mil-mortes-por-covid-19-e-passa-de-630-mil-obitos","name":"Brasil volta a ter mais de mil mortes por Covid-19 e passa de 630 mil \u00f3bitos - Litoral SP","isPartOf":{"@id":"https:\/\/redenoticiaz.com.br\/litoralsp\/#website"},"primaryImageOfPage":{"@id":"https:\/\/redenoticiaz.com.br\/litoralsp\/2022\/02\/04\/brasil-volta-a-ter-mais-de-mil-mortes-por-covid-19-e-passa-de-630-mil-obitos#primaryimage"},"image":{"@id":"https:\/\/redenoticiaz.com.br\/litoralsp\/2022\/02\/04\/brasil-volta-a-ter-mais-de-mil-mortes-por-covid-19-e-passa-de-630-mil-obitos#primaryimage"},"thumbnailUrl":"https:\/\/redenoticiaz.com.br\/litoralsp\/wp-content\/uploads\/sites\/3\/2022\/02\/image_processing20200426-20238-1so7n7c.jpeg","datePublished":"2022-02-05T00:03:01+00:00","dateModified":"2022-02-05T00:05:59+00:00","description":"O Brasil voltou a ter mais de mil mortes em 24 horas por conta da Covid-19. Nesta sexta-feira (4), o pa\u00eds contabilizou 1074 \u00f3bitos","inLanguage":"pt-BR","potentialAction":[{"@type":"ReadAction","target":["https:\/\/redenoticiaz.com.br\/litoralsp\/2022\/02\/04\/brasil-volta-a-ter-mais-de-mil-mortes-por-covid-19-e-passa-de-630-mil-obitos"]}]},{"@type":"ImageObject","inLanguage":"pt-BR","@id":"https:\/\/redenoticiaz.com.br\/litoralsp\/2022\/02\/04\/brasil-volta-a-ter-mais-de-mil-mortes-por-covid-19-e-passa-de-630-mil-obitos#primaryimage","url":"https:\/\/redenoticiaz.com.br\/litoralsp\/wp-content\/uploads\/sites\/3\/2022\/02\/image_processing20200426-20238-1so7n7c.jpeg","contentUrl":"https:\/\/redenoticiaz.com.br\/litoralsp\/wp-content\/uploads\/sites\/3\/2022\/02\/image_processing20200426-20238-1so7n7c.jpeg","width":800,"height":447,"caption":"Foto: Amaz\u00f4nia Real"},{"@type":"WebSite","@id":"https:\/\/redenoticiaz.com.br\/litoralsp\/#website","url":"https:\/\/redenoticiaz.com.br\/litoralsp\/","name":"Litoral SP","description":"Rede NoticiaZ","publisher":{"@id":"https:\/\/redenoticiaz.com.br\/litoralsp\/#organization"},"potentialAction":[{"@type":"SearchAction","target":{"@type":"EntryPoint","urlTemplate":"https:\/\/redenoticiaz.com.br\/litoralsp\/?s={search_term_string}"},"query-input":{"@type":"PropertyValueSpecification","valueRequired":true,"valueName":"search_term_string"}}],"inLanguage":"pt-BR"},{"@type":"Organization","@id":"https:\/\/redenoticiaz.com.br\/litoralsp\/#organization","name":"Litoral SP","url":"https:\/\/redenoticiaz.com.br\/litoralsp\/","logo":{"@type":"ImageObject","inLanguage":"pt-BR","@id":"https:\/\/redenoticiaz.com.br\/litoralsp\/#\/schema\/logo\/image\/","url":"https:\/\/redenoticiaz.com.br\/litoralsp\/wp-content\/uploads\/sites\/3\/2020\/11\/logo.jpg","contentUrl":"https:\/\/redenoticiaz.com.br\/litoralsp\/wp-content\/uploads\/sites\/3\/2020\/11\/logo.jpg","width":400,"height":250,"caption":"Litoral SP"},"image":{"@id":"https:\/\/redenoticiaz.com.br\/litoralsp\/#\/schema\/logo\/image\/"}},{"@type":"Person","@id":"https:\/\/redenoticiaz.com.br\/litoralsp\/#\/schema\/person\/0f0b8a5bdafefe82841e07ae8d81ecb3","name":"Leonardo Francisco","image":{"@type":"ImageObject","inLanguage":"pt-BR","@id":"https:\/\/secure.gravatar.com\/avatar\/a7358cb406a99b682ec6df1e77e31ae82e63601f6784e8a3df411d72b37864da?s=96&d=mm&r=g","url":"https:\/\/secure.gravatar.com\/avatar\/a7358cb406a99b682ec6df1e77e31ae82e63601f6784e8a3df411d72b37864da?s=96&d=mm&r=g","contentUrl":"https:\/\/secure.gravatar.com\/avatar\/a7358cb406a99b682ec6df1e77e31ae82e63601f6784e8a3df411d72b37864da?s=96&d=mm&r=g","caption":"Leonardo Francisco"},"url":"https:\/\/redenoticiaz.com.br\/litoralsp\/author\/leonardo-francisco"}]}},"_links":{"self":[{"href":"https:\/\/redenoticiaz.com.br\/litoralsp\/wp-json\/wp\/v2\/posts\/22891","targetHints":{"allow":["GET"]}}],"collection":[{"href":"https:\/\/redenoticiaz.com.br\/litoralsp\/wp-json\/wp\/v2\/posts"}],"about":[{"href":"https:\/\/redenoticiaz.com.br\/litoralsp\/wp-json\/wp\/v2\/types\/post"}],"author":[{"embeddable":true,"href":"https:\/\/redenoticiaz.com.br\/litoralsp\/wp-json\/wp\/v2\/users\/6"}],"replies":[{"embeddable":true,"href":"https:\/\/redenoticiaz.com.br\/litoralsp\/wp-json\/wp\/v2\/comments?post=22891"}],"version-history":[{"count":1,"href":"https:\/\/redenoticiaz.com.br\/litoralsp\/wp-json\/wp\/v2\/posts\/22891\/revisions"}],"predecessor-version":[{"id":22893,"href":"https:\/\/redenoticiaz.com.br\/litoralsp\/wp-json\/wp\/v2\/posts\/22891\/revisions\/22893"}],"wp:featuredmedia":[{"embeddable":true,"href":"https:\/\/redenoticiaz.com.br\/litoralsp\/wp-json\/wp\/v2\/media\/22892"}],"wp:attachment":[{"href":"https:\/\/redenoticiaz.com.br\/litoralsp\/wp-json\/wp\/v2\/media?parent=22891"}],"wp:term":[{"taxonomy":"category","embeddable":true,"href":"https:\/\/redenoticiaz.com.br\/litoralsp\/wp-json\/wp\/v2\/categories?post=22891"},{"taxonomy":"post_tag","embeddable":true,"href":"https:\/\/redenoticiaz.com.br\/litoralsp\/wp-json\/wp\/v2\/tags?post=22891"}],"curies":[{"name":"wp","href":"https:\/\/api.w.org\/{rel}","templated":true}]}}