{"id":22991,"date":"2022-02-12T08:00:23","date_gmt":"2022-02-12T11:00:23","guid":{"rendered":"https:\/\/redenoticiaz.com.br\/litoralsp\/?p=22991"},"modified":"2022-02-08T10:50:37","modified_gmt":"2022-02-08T13:50:37","slug":"cafe-a-segunda-bebida-mais-consumida-pelos-brasileiros","status":"publish","type":"post","link":"https:\/\/redenoticiaz.com.br\/litoralsp\/2022\/02\/12\/cafe-a-segunda-bebida-mais-consumida-pelos-brasileiros","title":{"rendered":"Caf\u00e9 a segunda bebida mais consumida pelos brasileiros"},"content":{"rendered":"<p>O caf\u00e9 foi a segunda bebida mais consumida pelos brasileiros no ano passado, ficando atr\u00e1s apenas da \u00e1gua. Os dados s\u00e3o da plataforma <a href=\"http:\/\/cupomvalido.com.br.talkiewalkie.org\/\">CumpomValido<\/a>.com.br, da Organiza\u00e7\u00e3o Internacional do Caf\u00e9 ((OIC) e do Dieese.<\/p>\n<p>Dentre os 193 pa\u00edses pesquisados quanto ao consumo, o Brasil ocupa a 14\u00aa coloca\u00e7\u00e3o na qual a popula\u00e7\u00e3o mais consome esta bebida. Em m\u00e9dia, o brasileiro bebeu entre 3 e 4 x\u00edcaras di\u00e1rias de caf\u00e9.<\/p>\n<h3><strong>A paix\u00e3o dos brasileiros<\/strong><\/h3>\n<p>O tipo de caf\u00e9 preferido dos brasileiros \u00e9 o caf\u00e9 expresso. Em segundo lugar est\u00e1 o caf\u00e9 com leite. O capuccino fica na terceira posi\u00e7\u00e3o. O macchiato e o caf\u00e9 latte (vers\u00e3o encorpada do cappucino), est\u00e3o na quarta e quinta posi\u00e7\u00f5es, respectivamente.<\/p>\n<h3><strong>Maior produtor de caf\u00e9 do mundo<\/strong><\/h3>\n<p>Com rela\u00e7\u00e3o \u00e0 produ\u00e7\u00e3o de caf\u00e9, o Brasil est\u00e1 no topo no ranking mundial, e o mais incr\u00edvel \u00e9 que o pa\u00eds det\u00e9m este t\u00edtulo por mais de 150 anos. Aproximadamente 40% de toda produ\u00e7\u00e3o mundial, vem do Brasil. Os principais estados produtores s\u00e3o Minais Gerais, S\u00e3o Paulo e Paran\u00e1.<\/p>\n<h3><strong>Caf\u00e9 inflacionado<\/strong><\/h3>\n<p>O ano passado marcou tamb\u00e9m a forte infla\u00e7\u00e3o dos pre\u00e7os do caf\u00e9. O insumo teve alta de mais de 40% nos \u00faltimos 12 meses.<\/p>\n<p>Em Florian\u00f3polis foi registrada a maior alta do insumo, tendo pre\u00e7o elevado em 60% durante o ano passado.<\/p>\n<p>Um dos motivos do aumento relevante nos pre\u00e7os, est\u00e1 relacionado ao d\u00f3lar. A saca do caf\u00e9 \u00e9 cotada na Bolsa de Nova York, e \u00e9 utilizado o d\u00f3lar como moeda base. Como nos \u00faltimos tempos o d\u00f3lar teve um aumento relevante frente ao real, a consequ\u00eancia \u00e9 que o pre\u00e7o do caf\u00e9 tamb\u00e9m sofreu um aumento significativo.<\/p>\n<p><strong>LEIA TAMB\u00c9M<\/strong><\/p>\n<p><a href=\"https:\/\/redenoticiaz.com.br\/blog\/2022\/02\/05\/especialista-da-dicas-de-como-economizar-dinheiro-2\">Especialista d\u00e1 dicas de como economizar dinheiro<\/a><\/p>\n","protected":false},"excerpt":{"rendered":"<p>O caf\u00e9 foi a segunda bebida mais consumida pelos brasileiros no ano passado, ficando atr\u00e1s apenas da \u00e1gua. Os dados s\u00e3o da plataforma CumpomValido.com.br, da Organiza\u00e7\u00e3o Internacional do Caf\u00e9 ((OIC) e do Dieese. Dentre os 193 pa\u00edses pesquisados quanto ao consumo, o Brasil ocupa a 14\u00aa coloca\u00e7\u00e3o na qual a popula\u00e7\u00e3o mais consome esta bebida. &hellip;<\/p>\n","protected":false},"author":15,"featured_media":22992,"comment_status":"open","ping_status":"closed","sticky":false,"template":"","format":"standard","meta":{"footnotes":""},"categories":[4],"tags":[49600,16835,15911,49601],"class_list":["post-22991","post","type-post","status-publish","format-standard","has-post-thumbnail","hentry","category-geral","tag-bebidas","tag-cafe","tag-consumo","tag-preferencia"],"yoast_head":"<!-- This site is optimized with the Yoast SEO plugin v27.5 - https:\/\/yoast.com\/product\/yoast-seo-wordpress\/ -->\n<title>Caf\u00e9 a segunda bebida mais consumida pelos brasileiros - Litoral SP<\/title>\n<meta name=\"description\" content=\"O caf\u00e9 foi a segunda bebida mais consumida pelos brasileiros no ano passado, ficando atr\u00e1s apenas da \u00e1gua; Brasil se mant\u00e9m como mairo produtor do insumo\" \/>\n<meta name=\"robots\" content=\"index, follow, max-snippet:-1, max-image-preview:large, max-video-preview:-1\" \/>\n<link rel=\"canonical\" href=\"https:\/\/redenoticiaz.com.br\/litoralsp\/2022\/02\/12\/cafe-a-segunda-bebida-mais-consumida-pelos-brasileiros\" \/>\n<meta property=\"og:locale\" content=\"pt_BR\" \/>\n<meta property=\"og:type\" content=\"article\" \/>\n<meta property=\"og:title\" content=\"Caf\u00e9 a segunda bebida mais consumida pelos brasileiros - Litoral SP\" \/>\n<meta property=\"og:description\" content=\"O caf\u00e9 foi a segunda bebida mais consumida pelos brasileiros no ano passado, ficando atr\u00e1s apenas da \u00e1gua; Brasil se mant\u00e9m como mairo produtor do insumo\" \/>\n<meta property=\"og:url\" content=\"https:\/\/redenoticiaz.com.br\/litoralsp\/2022\/02\/12\/cafe-a-segunda-bebida-mais-consumida-pelos-brasileiros\" \/>\n<meta property=\"og:site_name\" content=\"Litoral SP\" \/>\n<meta property=\"article:published_time\" content=\"2022-02-12T11:00:23+00:00\" \/>\n<meta property=\"og:image\" content=\"https:\/\/redenoticiaz.com.br\/litoralsp\/wp-content\/uploads\/sites\/3\/2022\/02\/7ff85c87e2bafa17a5591faa136c714d.jpg\" \/>\n\t<meta property=\"og:image:width\" content=\"1000\" \/>\n\t<meta property=\"og:image:height\" content=\"667\" \/>\n\t<meta property=\"og:image:type\" content=\"image\/jpeg\" \/>\n<meta name=\"twitter:card\" content=\"summary_large_image\" \/>\n<meta name=\"twitter:label1\" content=\"Escrito por\" \/>\n\t<meta name=\"twitter:data1\" content=\"\" \/>\n\t<meta name=\"twitter:label2\" content=\"Est. tempo de leitura\" \/>\n\t<meta name=\"twitter:data2\" content=\"2 minutos\" \/>\n<script type=\"application\/ld+json\" class=\"yoast-schema-graph\">{\"@context\":\"https:\\\/\\\/schema.org\",\"@graph\":[{\"@type\":\"Article\",\"@id\":\"https:\\\/\\\/redenoticiaz.com.br\\\/litoralsp\\\/2022\\\/02\\\/12\\\/cafe-a-segunda-bebida-mais-consumida-pelos-brasileiros#article\",\"isPartOf\":{\"@id\":\"https:\\\/\\\/redenoticiaz.com.br\\\/litoralsp\\\/2022\\\/02\\\/12\\\/cafe-a-segunda-bebida-mais-consumida-pelos-brasileiros\"},\"author\":{\"name\":\"\",\"@id\":\"\"},\"headline\":\"Caf\u00e9 a segunda bebida mais consumida pelos brasileiros\",\"datePublished\":\"2022-02-12T11:00:23+00:00\",\"mainEntityOfPage\":{\"@id\":\"https:\\\/\\\/redenoticiaz.com.br\\\/litoralsp\\\/2022\\\/02\\\/12\\\/cafe-a-segunda-bebida-mais-consumida-pelos-brasileiros\"},\"wordCount\":311,\"commentCount\":0,\"publisher\":{\"@id\":\"https:\\\/\\\/redenoticiaz.com.br\\\/litoralsp\\\/#organization\"},\"image\":{\"@id\":\"https:\\\/\\\/redenoticiaz.com.br\\\/litoralsp\\\/2022\\\/02\\\/12\\\/cafe-a-segunda-bebida-mais-consumida-pelos-brasileiros#primaryimage\"},\"thumbnailUrl\":\"https:\\\/\\\/redenoticiaz.com.br\\\/litoralsp\\\/wp-content\\\/uploads\\\/sites\\\/3\\\/2022\\\/02\\\/7ff85c87e2bafa17a5591faa136c714d.jpg\",\"keywords\":[\"BEBIDAS\",\"CAF\u00c9\",\"consumo\",\"prefer\u00eancia\"],\"articleSection\":[\"Geral\"],\"inLanguage\":\"pt-BR\",\"potentialAction\":[{\"@type\":\"CommentAction\",\"name\":\"Comment\",\"target\":[\"https:\\\/\\\/redenoticiaz.com.br\\\/litoralsp\\\/2022\\\/02\\\/12\\\/cafe-a-segunda-bebida-mais-consumida-pelos-brasileiros#respond\"]}]},{\"@type\":\"WebPage\",\"@id\":\"https:\\\/\\\/redenoticiaz.com.br\\\/litoralsp\\\/2022\\\/02\\\/12\\\/cafe-a-segunda-bebida-mais-consumida-pelos-brasileiros\",\"url\":\"https:\\\/\\\/redenoticiaz.com.br\\\/litoralsp\\\/2022\\\/02\\\/12\\\/cafe-a-segunda-bebida-mais-consumida-pelos-brasileiros\",\"name\":\"Caf\u00e9 a segunda bebida mais consumida pelos brasileiros - Litoral SP\",\"isPartOf\":{\"@id\":\"https:\\\/\\\/redenoticiaz.com.br\\\/litoralsp\\\/#website\"},\"primaryImageOfPage\":{\"@id\":\"https:\\\/\\\/redenoticiaz.com.br\\\/litoralsp\\\/2022\\\/02\\\/12\\\/cafe-a-segunda-bebida-mais-consumida-pelos-brasileiros#primaryimage\"},\"image\":{\"@id\":\"https:\\\/\\\/redenoticiaz.com.br\\\/litoralsp\\\/2022\\\/02\\\/12\\\/cafe-a-segunda-bebida-mais-consumida-pelos-brasileiros#primaryimage\"},\"thumbnailUrl\":\"https:\\\/\\\/redenoticiaz.com.br\\\/litoralsp\\\/wp-content\\\/uploads\\\/sites\\\/3\\\/2022\\\/02\\\/7ff85c87e2bafa17a5591faa136c714d.jpg\",\"datePublished\":\"2022-02-12T11:00:23+00:00\",\"description\":\"O caf\u00e9 foi a segunda bebida mais consumida pelos brasileiros no ano passado, ficando atr\u00e1s apenas da \u00e1gua; Brasil se mant\u00e9m como mairo produtor do insumo\",\"inLanguage\":\"pt-BR\",\"potentialAction\":[{\"@type\":\"ReadAction\",\"target\":[\"https:\\\/\\\/redenoticiaz.com.br\\\/litoralsp\\\/2022\\\/02\\\/12\\\/cafe-a-segunda-bebida-mais-consumida-pelos-brasileiros\"]}]},{\"@type\":\"ImageObject\",\"inLanguage\":\"pt-BR\",\"@id\":\"https:\\\/\\\/redenoticiaz.com.br\\\/litoralsp\\\/2022\\\/02\\\/12\\\/cafe-a-segunda-bebida-mais-consumida-pelos-brasileiros#primaryimage\",\"url\":\"https:\\\/\\\/redenoticiaz.com.br\\\/litoralsp\\\/wp-content\\\/uploads\\\/sites\\\/3\\\/2022\\\/02\\\/7ff85c87e2bafa17a5591faa136c714d.jpg\",\"contentUrl\":\"https:\\\/\\\/redenoticiaz.com.br\\\/litoralsp\\\/wp-content\\\/uploads\\\/sites\\\/3\\\/2022\\\/02\\\/7ff85c87e2bafa17a5591faa136c714d.jpg\",\"width\":1000,\"height\":667,\"caption\":\"Caf\u00e9 foi a segunda bebida mais consumida pelos brasileiros no ano de 2021, revela pesquisa (Foto: Divulga\u00e7\u00e3o)\"},{\"@type\":\"WebSite\",\"@id\":\"https:\\\/\\\/redenoticiaz.com.br\\\/litoralsp\\\/#website\",\"url\":\"https:\\\/\\\/redenoticiaz.com.br\\\/litoralsp\\\/\",\"name\":\"Litoral SP\",\"description\":\"Rede NoticiaZ\",\"publisher\":{\"@id\":\"https:\\\/\\\/redenoticiaz.com.br\\\/litoralsp\\\/#organization\"},\"potentialAction\":[{\"@type\":\"SearchAction\",\"target\":{\"@type\":\"EntryPoint\",\"urlTemplate\":\"https:\\\/\\\/redenoticiaz.com.br\\\/litoralsp\\\/?s={search_term_string}\"},\"query-input\":{\"@type\":\"PropertyValueSpecification\",\"valueRequired\":true,\"valueName\":\"search_term_string\"}}],\"inLanguage\":\"pt-BR\"},{\"@type\":\"Organization\",\"@id\":\"https:\\\/\\\/redenoticiaz.com.br\\\/litoralsp\\\/#organization\",\"name\":\"Litoral SP\",\"url\":\"https:\\\/\\\/redenoticiaz.com.br\\\/litoralsp\\\/\",\"logo\":{\"@type\":\"ImageObject\",\"inLanguage\":\"pt-BR\",\"@id\":\"https:\\\/\\\/redenoticiaz.com.br\\\/litoralsp\\\/#\\\/schema\\\/logo\\\/image\\\/\",\"url\":\"https:\\\/\\\/redenoticiaz.com.br\\\/litoralsp\\\/wp-content\\\/uploads\\\/sites\\\/3\\\/2020\\\/11\\\/logo.jpg\",\"contentUrl\":\"https:\\\/\\\/redenoticiaz.com.br\\\/litoralsp\\\/wp-content\\\/uploads\\\/sites\\\/3\\\/2020\\\/11\\\/logo.jpg\",\"width\":400,\"height\":250,\"caption\":\"Litoral SP\"},\"image\":{\"@id\":\"https:\\\/\\\/redenoticiaz.com.br\\\/litoralsp\\\/#\\\/schema\\\/logo\\\/image\\\/\"}},{\"@type\":\"Person\",\"@id\":\"\",\"url\":\"https:\\\/\\\/redenoticiaz.com.br\\\/litoralsp\\\/author\"}]}<\/script>\n<!-- \/ Yoast SEO plugin. -->","yoast_head_json":{"title":"Caf\u00e9 a segunda bebida mais consumida pelos brasileiros - Litoral SP","description":"O caf\u00e9 foi a segunda bebida mais consumida pelos brasileiros no ano passado, ficando atr\u00e1s apenas da \u00e1gua; Brasil se mant\u00e9m como mairo produtor do insumo","robots":{"index":"index","follow":"follow","max-snippet":"max-snippet:-1","max-image-preview":"max-image-preview:large","max-video-preview":"max-video-preview:-1"},"canonical":"https:\/\/redenoticiaz.com.br\/litoralsp\/2022\/02\/12\/cafe-a-segunda-bebida-mais-consumida-pelos-brasileiros","og_locale":"pt_BR","og_type":"article","og_title":"Caf\u00e9 a segunda bebida mais consumida pelos brasileiros - Litoral SP","og_description":"O caf\u00e9 foi a segunda bebida mais consumida pelos brasileiros no ano passado, ficando atr\u00e1s apenas da \u00e1gua; Brasil se mant\u00e9m como mairo produtor do insumo","og_url":"https:\/\/redenoticiaz.com.br\/litoralsp\/2022\/02\/12\/cafe-a-segunda-bebida-mais-consumida-pelos-brasileiros","og_site_name":"Litoral SP","article_published_time":"2022-02-12T11:00:23+00:00","og_image":[{"width":1000,"height":667,"url":"https:\/\/redenoticiaz.com.br\/litoralsp\/wp-content\/uploads\/sites\/3\/2022\/02\/7ff85c87e2bafa17a5591faa136c714d.jpg","type":"image\/jpeg"}],"twitter_card":"summary_large_image","twitter_misc":{"Escrito por":"","Est. tempo de leitura":"2 minutos"},"schema":{"@context":"https:\/\/schema.org","@graph":[{"@type":"Article","@id":"https:\/\/redenoticiaz.com.br\/litoralsp\/2022\/02\/12\/cafe-a-segunda-bebida-mais-consumida-pelos-brasileiros#article","isPartOf":{"@id":"https:\/\/redenoticiaz.com.br\/litoralsp\/2022\/02\/12\/cafe-a-segunda-bebida-mais-consumida-pelos-brasileiros"},"author":{"name":"","@id":""},"headline":"Caf\u00e9 a segunda bebida mais consumida pelos brasileiros","datePublished":"2022-02-12T11:00:23+00:00","mainEntityOfPage":{"@id":"https:\/\/redenoticiaz.com.br\/litoralsp\/2022\/02\/12\/cafe-a-segunda-bebida-mais-consumida-pelos-brasileiros"},"wordCount":311,"commentCount":0,"publisher":{"@id":"https:\/\/redenoticiaz.com.br\/litoralsp\/#organization"},"image":{"@id":"https:\/\/redenoticiaz.com.br\/litoralsp\/2022\/02\/12\/cafe-a-segunda-bebida-mais-consumida-pelos-brasileiros#primaryimage"},"thumbnailUrl":"https:\/\/redenoticiaz.com.br\/litoralsp\/wp-content\/uploads\/sites\/3\/2022\/02\/7ff85c87e2bafa17a5591faa136c714d.jpg","keywords":["BEBIDAS","CAF\u00c9","consumo","prefer\u00eancia"],"articleSection":["Geral"],"inLanguage":"pt-BR","potentialAction":[{"@type":"CommentAction","name":"Comment","target":["https:\/\/redenoticiaz.com.br\/litoralsp\/2022\/02\/12\/cafe-a-segunda-bebida-mais-consumida-pelos-brasileiros#respond"]}]},{"@type":"WebPage","@id":"https:\/\/redenoticiaz.com.br\/litoralsp\/2022\/02\/12\/cafe-a-segunda-bebida-mais-consumida-pelos-brasileiros","url":"https:\/\/redenoticiaz.com.br\/litoralsp\/2022\/02\/12\/cafe-a-segunda-bebida-mais-consumida-pelos-brasileiros","name":"Caf\u00e9 a segunda bebida mais consumida pelos brasileiros - Litoral SP","isPartOf":{"@id":"https:\/\/redenoticiaz.com.br\/litoralsp\/#website"},"primaryImageOfPage":{"@id":"https:\/\/redenoticiaz.com.br\/litoralsp\/2022\/02\/12\/cafe-a-segunda-bebida-mais-consumida-pelos-brasileiros#primaryimage"},"image":{"@id":"https:\/\/redenoticiaz.com.br\/litoralsp\/2022\/02\/12\/cafe-a-segunda-bebida-mais-consumida-pelos-brasileiros#primaryimage"},"thumbnailUrl":"https:\/\/redenoticiaz.com.br\/litoralsp\/wp-content\/uploads\/sites\/3\/2022\/02\/7ff85c87e2bafa17a5591faa136c714d.jpg","datePublished":"2022-02-12T11:00:23+00:00","description":"O caf\u00e9 foi a segunda bebida mais consumida pelos brasileiros no ano passado, ficando atr\u00e1s apenas da \u00e1gua; Brasil se mant\u00e9m como mairo produtor do insumo","inLanguage":"pt-BR","potentialAction":[{"@type":"ReadAction","target":["https:\/\/redenoticiaz.com.br\/litoralsp\/2022\/02\/12\/cafe-a-segunda-bebida-mais-consumida-pelos-brasileiros"]}]},{"@type":"ImageObject","inLanguage":"pt-BR","@id":"https:\/\/redenoticiaz.com.br\/litoralsp\/2022\/02\/12\/cafe-a-segunda-bebida-mais-consumida-pelos-brasileiros#primaryimage","url":"https:\/\/redenoticiaz.com.br\/litoralsp\/wp-content\/uploads\/sites\/3\/2022\/02\/7ff85c87e2bafa17a5591faa136c714d.jpg","contentUrl":"https:\/\/redenoticiaz.com.br\/litoralsp\/wp-content\/uploads\/sites\/3\/2022\/02\/7ff85c87e2bafa17a5591faa136c714d.jpg","width":1000,"height":667,"caption":"Caf\u00e9 foi a segunda bebida mais consumida pelos brasileiros no ano de 2021, revela pesquisa (Foto: Divulga\u00e7\u00e3o)"},{"@type":"WebSite","@id":"https:\/\/redenoticiaz.com.br\/litoralsp\/#website","url":"https:\/\/redenoticiaz.com.br\/litoralsp\/","name":"Litoral SP","description":"Rede NoticiaZ","publisher":{"@id":"https:\/\/redenoticiaz.com.br\/litoralsp\/#organization"},"potentialAction":[{"@type":"SearchAction","target":{"@type":"EntryPoint","urlTemplate":"https:\/\/redenoticiaz.com.br\/litoralsp\/?s={search_term_string}"},"query-input":{"@type":"PropertyValueSpecification","valueRequired":true,"valueName":"search_term_string"}}],"inLanguage":"pt-BR"},{"@type":"Organization","@id":"https:\/\/redenoticiaz.com.br\/litoralsp\/#organization","name":"Litoral SP","url":"https:\/\/redenoticiaz.com.br\/litoralsp\/","logo":{"@type":"ImageObject","inLanguage":"pt-BR","@id":"https:\/\/redenoticiaz.com.br\/litoralsp\/#\/schema\/logo\/image\/","url":"https:\/\/redenoticiaz.com.br\/litoralsp\/wp-content\/uploads\/sites\/3\/2020\/11\/logo.jpg","contentUrl":"https:\/\/redenoticiaz.com.br\/litoralsp\/wp-content\/uploads\/sites\/3\/2020\/11\/logo.jpg","width":400,"height":250,"caption":"Litoral SP"},"image":{"@id":"https:\/\/redenoticiaz.com.br\/litoralsp\/#\/schema\/logo\/image\/"}},{"@type":"Person","@id":"","url":"https:\/\/redenoticiaz.com.br\/litoralsp\/author"}]}},"_links":{"self":[{"href":"https:\/\/redenoticiaz.com.br\/litoralsp\/wp-json\/wp\/v2\/posts\/22991","targetHints":{"allow":["GET"]}}],"collection":[{"href":"https:\/\/redenoticiaz.com.br\/litoralsp\/wp-json\/wp\/v2\/posts"}],"about":[{"href":"https:\/\/redenoticiaz.com.br\/litoralsp\/wp-json\/wp\/v2\/types\/post"}],"author":[{"embeddable":true,"href":"https:\/\/redenoticiaz.com.br\/litoralsp\/wp-json\/wp\/v2\/users\/15"}],"replies":[{"embeddable":true,"href":"https:\/\/redenoticiaz.com.br\/litoralsp\/wp-json\/wp\/v2\/comments?post=22991"}],"version-history":[{"count":1,"href":"https:\/\/redenoticiaz.com.br\/litoralsp\/wp-json\/wp\/v2\/posts\/22991\/revisions"}],"predecessor-version":[{"id":22993,"href":"https:\/\/redenoticiaz.com.br\/litoralsp\/wp-json\/wp\/v2\/posts\/22991\/revisions\/22993"}],"wp:featuredmedia":[{"embeddable":true,"href":"https:\/\/redenoticiaz.com.br\/litoralsp\/wp-json\/wp\/v2\/media\/22992"}],"wp:attachment":[{"href":"https:\/\/redenoticiaz.com.br\/litoralsp\/wp-json\/wp\/v2\/media?parent=22991"}],"wp:term":[{"taxonomy":"category","embeddable":true,"href":"https:\/\/redenoticiaz.com.br\/litoralsp\/wp-json\/wp\/v2\/categories?post=22991"},{"taxonomy":"post_tag","embeddable":true,"href":"https:\/\/redenoticiaz.com.br\/litoralsp\/wp-json\/wp\/v2\/tags?post=22991"}],"curies":[{"name":"wp","href":"https:\/\/api.w.org\/{rel}","templated":true}]}}