{"id":23076,"date":"2022-02-09T12:27:23","date_gmt":"2022-02-09T15:27:23","guid":{"rendered":"https:\/\/redenoticiaz.com.br\/litoralsp\/2022\/02\/09\/mundo-nao-vai-poder-contar-com-a-vacina-da-janssen-contra-a-covid-19"},"modified":"2022-02-09T12:32:47","modified_gmt":"2022-02-09T15:32:47","slug":"mundo-nao-vai-poder-contar-com-a-vacina-da-janssen-contra-a-covid-19","status":"publish","type":"post","link":"https:\/\/redenoticiaz.com.br\/litoralsp\/2022\/02\/09\/mundo-nao-vai-poder-contar-com-a-vacina-da-janssen-contra-a-covid-19","title":{"rendered":"Mundo n\u00e3o vai poder contar com a vacina da Janssen contra a Covid-19"},"content":{"rendered":"<p>De forma tempor\u00e1ria, o mundo n\u00e3o ir\u00e1 mais poder contar com a <a href=\"https:\/\/www.janssen.com\/brasil\/\">vacina da Janssen<\/a> contra a Covid-19. A \u00fanica <strong>f\u00e1brica onde o imunizante \u00e9 produzido, em Laiden, na Holanda, foi fechada<\/strong>. De acordo com o \u201cThe New York Times\u201d, o fechamento aconteceu no final do ano passado. A suspens\u00e3o da produ\u00e7\u00e3o seria pelo imunizante de dose \u00fanica n\u00e3o estar sendo economicamente rent\u00e1vel para a empresa. No entanto, o jornal informou que a paralisa\u00e7\u00e3o \u00e9 tempor\u00e1ria.<\/p>\n<p>Embora ainda n\u00e3o se saiba qual o impacto do fechamento da f\u00e1brica nas campanhas de vacina\u00e7\u00e3o, j\u00e1 que os pa\u00edses que adquiriram o imunizante continuam aplicando as doses \u00fanicas, a paralisa\u00e7\u00e3o da produ\u00e7\u00e3o j\u00e1 gera uma enorme inseguran\u00e7a, principalmente com a onda do coronav\u00edrus gerada pela variante \u00f4micron.<\/p>\n<p>De acordo com o jornal norte-americano, a suspens\u00e3o tem o potencial de reduzir o fornecimento da vacina contra a Covid-19 da Johnson &amp; Johnson em algumas centenas de milh\u00f5es de doses.\u00a0\u201cEste n\u00e3o \u00e9 o momento de mudar as linhas de produ\u00e7\u00e3o do nada, quando a vida das pessoas em todo o mundo em desenvolvimento est\u00e1 em jogo\u201d, disse o Dr. Ayoade Alakija, co-chefe do programa de distribui\u00e7\u00e3o de vacinas da Uni\u00e3o Africana, em entrevista ao &#8220;The New York Timies&#8221;.<\/p>\n<p>Ao jornal, Jake Sargent, porta-voz da Johnson &amp; Johnson, declarou por e-mail que a empresa est\u00e1 \u201cfocada em garantir que a vacina esteja dispon\u00edvel onde as pessoas precisam\u201d. A rede global de produ\u00e7\u00e3o \u201cest\u00e1 trabalhando dia e noite\u201d para auxiliar no combate \u00e0 pandemia da Covid-19.<\/p>\n<p><strong>LEIA TAMB\u00c9M<\/strong><\/p>\n<p><a href=\"https:\/\/redenoticiaz.com.br\/blog\/2022\/02\/08\/brasil-passa-de-1-100-mortes-por-covid-19-em-24-horas\">Brasil passa de 1.100 mortes por Covid-19 em 24 horas<\/a><\/p>\n","protected":false},"excerpt":{"rendered":"<p>De forma tempor\u00e1ria, o mundo n\u00e3o ir\u00e1 mais poder contar com a vacina da Janssen contra a Covid-19. A \u00fanica f\u00e1brica onde o imunizante \u00e9 produzido, em Laiden, na Holanda, foi fechada. De acordo com o \u201cThe New York Times\u201d, o fechamento aconteceu no final do ano passado. A suspens\u00e3o da produ\u00e7\u00e3o seria pelo imunizante &hellip;<\/p>\n","protected":false},"author":6,"featured_media":23079,"comment_status":"open","ping_status":"closed","sticky":false,"template":"","format":"standard","meta":{"footnotes":""},"categories":[84,23],"tags":[18222,2558,10249,2052,18295,49711],"class_list":["post-23076","post","type-post","status-publish","format-standard","has-post-thumbnail","hentry","category-mundo","category-saude","tag-holanda","tag-janssen","tag-johnson-johnson","tag-mundo","tag-producao-suspensa","tag-vaicna-contra-a-covid"],"yoast_head":"<!-- This site is optimized with the Yoast SEO plugin v27.5 - https:\/\/yoast.com\/product\/yoast-seo-wordpress\/ -->\n<title>Mundo n\u00e3o vai poder contar com a vacina da Janssen contra a Covid-19 - Litoral SP<\/title>\n<meta name=\"description\" content=\"De forma tempor\u00e1ria, o mundo n\u00e3o ir\u00e1 mais poder contar com a vacina da Janssen contra a Covid-19. A \u00fanica f\u00e1brica onde o imunizante\" \/>\n<meta name=\"robots\" content=\"index, follow, max-snippet:-1, max-image-preview:large, max-video-preview:-1\" \/>\n<link rel=\"canonical\" href=\"https:\/\/redenoticiaz.com.br\/litoralsp\/2022\/02\/09\/mundo-nao-vai-poder-contar-com-a-vacina-da-janssen-contra-a-covid-19\" \/>\n<meta property=\"og:locale\" content=\"pt_BR\" \/>\n<meta property=\"og:type\" content=\"article\" \/>\n<meta property=\"og:title\" content=\"Mundo n\u00e3o vai poder contar com a vacina da Janssen contra a Covid-19 - Litoral SP\" \/>\n<meta property=\"og:description\" content=\"De forma tempor\u00e1ria, o mundo n\u00e3o ir\u00e1 mais poder contar com a vacina da Janssen contra a Covid-19. A \u00fanica f\u00e1brica onde o imunizante\" \/>\n<meta property=\"og:url\" content=\"https:\/\/redenoticiaz.com.br\/litoralsp\/2022\/02\/09\/mundo-nao-vai-poder-contar-com-a-vacina-da-janssen-contra-a-covid-19\" \/>\n<meta property=\"og:site_name\" content=\"Litoral SP\" \/>\n<meta property=\"article:published_time\" content=\"2022-02-09T15:27:23+00:00\" \/>\n<meta property=\"article:modified_time\" content=\"2022-02-09T15:32:47+00:00\" \/>\n<meta property=\"og:image\" content=\"https:\/\/redenoticiaz.com.br\/litoralsp\/wp-content\/uploads\/sites\/3\/2022\/02\/jannse.jpg\" \/>\n\t<meta property=\"og:image:width\" content=\"224\" \/>\n\t<meta property=\"og:image:height\" content=\"224\" \/>\n\t<meta property=\"og:image:type\" content=\"image\/jpeg\" \/>\n<meta name=\"author\" content=\"Leonardo Francisco\" \/>\n<meta name=\"twitter:card\" content=\"summary_large_image\" \/>\n<meta name=\"twitter:label1\" content=\"Escrito por\" \/>\n\t<meta name=\"twitter:data1\" content=\"Leonardo Francisco\" \/>\n\t<meta name=\"twitter:label2\" content=\"Est. tempo de leitura\" \/>\n\t<meta name=\"twitter:data2\" content=\"1 minuto\" \/>\n<script type=\"application\/ld+json\" class=\"yoast-schema-graph\">{\"@context\":\"https:\\\/\\\/schema.org\",\"@graph\":[{\"@type\":\"Article\",\"@id\":\"https:\\\/\\\/redenoticiaz.com.br\\\/litoralsp\\\/2022\\\/02\\\/09\\\/mundo-nao-vai-poder-contar-com-a-vacina-da-janssen-contra-a-covid-19#article\",\"isPartOf\":{\"@id\":\"https:\\\/\\\/redenoticiaz.com.br\\\/litoralsp\\\/2022\\\/02\\\/09\\\/mundo-nao-vai-poder-contar-com-a-vacina-da-janssen-contra-a-covid-19\"},\"author\":{\"name\":\"Leonardo Francisco\",\"@id\":\"https:\\\/\\\/redenoticiaz.com.br\\\/litoralsp\\\/#\\\/schema\\\/person\\\/0f0b8a5bdafefe82841e07ae8d81ecb3\"},\"headline\":\"Mundo n\u00e3o vai poder contar com a vacina da Janssen contra a Covid-19\",\"datePublished\":\"2022-02-09T15:27:23+00:00\",\"dateModified\":\"2022-02-09T15:32:47+00:00\",\"mainEntityOfPage\":{\"@id\":\"https:\\\/\\\/redenoticiaz.com.br\\\/litoralsp\\\/2022\\\/02\\\/09\\\/mundo-nao-vai-poder-contar-com-a-vacina-da-janssen-contra-a-covid-19\"},\"wordCount\":296,\"commentCount\":0,\"publisher\":{\"@id\":\"https:\\\/\\\/redenoticiaz.com.br\\\/litoralsp\\\/#organization\"},\"image\":{\"@id\":\"https:\\\/\\\/redenoticiaz.com.br\\\/litoralsp\\\/2022\\\/02\\\/09\\\/mundo-nao-vai-poder-contar-com-a-vacina-da-janssen-contra-a-covid-19#primaryimage\"},\"thumbnailUrl\":\"https:\\\/\\\/redenoticiaz.com.br\\\/litoralsp\\\/wp-content\\\/uploads\\\/sites\\\/3\\\/2022\\\/02\\\/jannse.jpg\",\"keywords\":[\"HOLANDA\",\"JANSSEN\",\"Johnson &amp; Johnson\",\"mundo\",\"PRODU\u00c7\u00c3O SUSPENSA\",\"VAICNA CONTRA A COVID\"],\"articleSection\":[\"Mundo\",\"Sa\u00fade\"],\"inLanguage\":\"pt-BR\",\"potentialAction\":[{\"@type\":\"CommentAction\",\"name\":\"Comment\",\"target\":[\"https:\\\/\\\/redenoticiaz.com.br\\\/litoralsp\\\/2022\\\/02\\\/09\\\/mundo-nao-vai-poder-contar-com-a-vacina-da-janssen-contra-a-covid-19#respond\"]}]},{\"@type\":\"WebPage\",\"@id\":\"https:\\\/\\\/redenoticiaz.com.br\\\/litoralsp\\\/2022\\\/02\\\/09\\\/mundo-nao-vai-poder-contar-com-a-vacina-da-janssen-contra-a-covid-19\",\"url\":\"https:\\\/\\\/redenoticiaz.com.br\\\/litoralsp\\\/2022\\\/02\\\/09\\\/mundo-nao-vai-poder-contar-com-a-vacina-da-janssen-contra-a-covid-19\",\"name\":\"Mundo n\u00e3o vai poder contar com a vacina da Janssen contra a Covid-19 - Litoral SP\",\"isPartOf\":{\"@id\":\"https:\\\/\\\/redenoticiaz.com.br\\\/litoralsp\\\/#website\"},\"primaryImageOfPage\":{\"@id\":\"https:\\\/\\\/redenoticiaz.com.br\\\/litoralsp\\\/2022\\\/02\\\/09\\\/mundo-nao-vai-poder-contar-com-a-vacina-da-janssen-contra-a-covid-19#primaryimage\"},\"image\":{\"@id\":\"https:\\\/\\\/redenoticiaz.com.br\\\/litoralsp\\\/2022\\\/02\\\/09\\\/mundo-nao-vai-poder-contar-com-a-vacina-da-janssen-contra-a-covid-19#primaryimage\"},\"thumbnailUrl\":\"https:\\\/\\\/redenoticiaz.com.br\\\/litoralsp\\\/wp-content\\\/uploads\\\/sites\\\/3\\\/2022\\\/02\\\/jannse.jpg\",\"datePublished\":\"2022-02-09T15:27:23+00:00\",\"dateModified\":\"2022-02-09T15:32:47+00:00\",\"description\":\"De forma tempor\u00e1ria, o mundo n\u00e3o ir\u00e1 mais poder contar com a vacina da Janssen contra a Covid-19. A \u00fanica f\u00e1brica onde o imunizante\",\"inLanguage\":\"pt-BR\",\"potentialAction\":[{\"@type\":\"ReadAction\",\"target\":[\"https:\\\/\\\/redenoticiaz.com.br\\\/litoralsp\\\/2022\\\/02\\\/09\\\/mundo-nao-vai-poder-contar-com-a-vacina-da-janssen-contra-a-covid-19\"]}]},{\"@type\":\"ImageObject\",\"inLanguage\":\"pt-BR\",\"@id\":\"https:\\\/\\\/redenoticiaz.com.br\\\/litoralsp\\\/2022\\\/02\\\/09\\\/mundo-nao-vai-poder-contar-com-a-vacina-da-janssen-contra-a-covid-19#primaryimage\",\"url\":\"https:\\\/\\\/redenoticiaz.com.br\\\/litoralsp\\\/wp-content\\\/uploads\\\/sites\\\/3\\\/2022\\\/02\\\/jannse.jpg\",\"contentUrl\":\"https:\\\/\\\/redenoticiaz.com.br\\\/litoralsp\\\/wp-content\\\/uploads\\\/sites\\\/3\\\/2022\\\/02\\\/jannse.jpg\",\"width\":224,\"height\":224},{\"@type\":\"WebSite\",\"@id\":\"https:\\\/\\\/redenoticiaz.com.br\\\/litoralsp\\\/#website\",\"url\":\"https:\\\/\\\/redenoticiaz.com.br\\\/litoralsp\\\/\",\"name\":\"Litoral SP\",\"description\":\"Rede NoticiaZ\",\"publisher\":{\"@id\":\"https:\\\/\\\/redenoticiaz.com.br\\\/litoralsp\\\/#organization\"},\"potentialAction\":[{\"@type\":\"SearchAction\",\"target\":{\"@type\":\"EntryPoint\",\"urlTemplate\":\"https:\\\/\\\/redenoticiaz.com.br\\\/litoralsp\\\/?s={search_term_string}\"},\"query-input\":{\"@type\":\"PropertyValueSpecification\",\"valueRequired\":true,\"valueName\":\"search_term_string\"}}],\"inLanguage\":\"pt-BR\"},{\"@type\":\"Organization\",\"@id\":\"https:\\\/\\\/redenoticiaz.com.br\\\/litoralsp\\\/#organization\",\"name\":\"Litoral SP\",\"url\":\"https:\\\/\\\/redenoticiaz.com.br\\\/litoralsp\\\/\",\"logo\":{\"@type\":\"ImageObject\",\"inLanguage\":\"pt-BR\",\"@id\":\"https:\\\/\\\/redenoticiaz.com.br\\\/litoralsp\\\/#\\\/schema\\\/logo\\\/image\\\/\",\"url\":\"https:\\\/\\\/redenoticiaz.com.br\\\/litoralsp\\\/wp-content\\\/uploads\\\/sites\\\/3\\\/2020\\\/11\\\/logo.jpg\",\"contentUrl\":\"https:\\\/\\\/redenoticiaz.com.br\\\/litoralsp\\\/wp-content\\\/uploads\\\/sites\\\/3\\\/2020\\\/11\\\/logo.jpg\",\"width\":400,\"height\":250,\"caption\":\"Litoral SP\"},\"image\":{\"@id\":\"https:\\\/\\\/redenoticiaz.com.br\\\/litoralsp\\\/#\\\/schema\\\/logo\\\/image\\\/\"}},{\"@type\":\"Person\",\"@id\":\"https:\\\/\\\/redenoticiaz.com.br\\\/litoralsp\\\/#\\\/schema\\\/person\\\/0f0b8a5bdafefe82841e07ae8d81ecb3\",\"name\":\"Leonardo Francisco\",\"image\":{\"@type\":\"ImageObject\",\"inLanguage\":\"pt-BR\",\"@id\":\"https:\\\/\\\/secure.gravatar.com\\\/avatar\\\/a7358cb406a99b682ec6df1e77e31ae82e63601f6784e8a3df411d72b37864da?s=96&d=mm&r=g\",\"url\":\"https:\\\/\\\/secure.gravatar.com\\\/avatar\\\/a7358cb406a99b682ec6df1e77e31ae82e63601f6784e8a3df411d72b37864da?s=96&d=mm&r=g\",\"contentUrl\":\"https:\\\/\\\/secure.gravatar.com\\\/avatar\\\/a7358cb406a99b682ec6df1e77e31ae82e63601f6784e8a3df411d72b37864da?s=96&d=mm&r=g\",\"caption\":\"Leonardo Francisco\"},\"url\":\"https:\\\/\\\/redenoticiaz.com.br\\\/litoralsp\\\/author\\\/leonardo-francisco\"}]}<\/script>\n<!-- \/ Yoast SEO plugin. -->","yoast_head_json":{"title":"Mundo n\u00e3o vai poder contar com a vacina da Janssen contra a Covid-19 - Litoral SP","description":"De forma tempor\u00e1ria, o mundo n\u00e3o ir\u00e1 mais poder contar com a vacina da Janssen contra a Covid-19. A \u00fanica f\u00e1brica onde o imunizante","robots":{"index":"index","follow":"follow","max-snippet":"max-snippet:-1","max-image-preview":"max-image-preview:large","max-video-preview":"max-video-preview:-1"},"canonical":"https:\/\/redenoticiaz.com.br\/litoralsp\/2022\/02\/09\/mundo-nao-vai-poder-contar-com-a-vacina-da-janssen-contra-a-covid-19","og_locale":"pt_BR","og_type":"article","og_title":"Mundo n\u00e3o vai poder contar com a vacina da Janssen contra a Covid-19 - Litoral SP","og_description":"De forma tempor\u00e1ria, o mundo n\u00e3o ir\u00e1 mais poder contar com a vacina da Janssen contra a Covid-19. A \u00fanica f\u00e1brica onde o imunizante","og_url":"https:\/\/redenoticiaz.com.br\/litoralsp\/2022\/02\/09\/mundo-nao-vai-poder-contar-com-a-vacina-da-janssen-contra-a-covid-19","og_site_name":"Litoral SP","article_published_time":"2022-02-09T15:27:23+00:00","article_modified_time":"2022-02-09T15:32:47+00:00","og_image":[{"width":224,"height":224,"url":"https:\/\/redenoticiaz.com.br\/litoralsp\/wp-content\/uploads\/sites\/3\/2022\/02\/jannse.jpg","type":"image\/jpeg"}],"author":"Leonardo Francisco","twitter_card":"summary_large_image","twitter_misc":{"Escrito por":"Leonardo Francisco","Est. tempo de leitura":"1 minuto"},"schema":{"@context":"https:\/\/schema.org","@graph":[{"@type":"Article","@id":"https:\/\/redenoticiaz.com.br\/litoralsp\/2022\/02\/09\/mundo-nao-vai-poder-contar-com-a-vacina-da-janssen-contra-a-covid-19#article","isPartOf":{"@id":"https:\/\/redenoticiaz.com.br\/litoralsp\/2022\/02\/09\/mundo-nao-vai-poder-contar-com-a-vacina-da-janssen-contra-a-covid-19"},"author":{"name":"Leonardo Francisco","@id":"https:\/\/redenoticiaz.com.br\/litoralsp\/#\/schema\/person\/0f0b8a5bdafefe82841e07ae8d81ecb3"},"headline":"Mundo n\u00e3o vai poder contar com a vacina da Janssen contra a Covid-19","datePublished":"2022-02-09T15:27:23+00:00","dateModified":"2022-02-09T15:32:47+00:00","mainEntityOfPage":{"@id":"https:\/\/redenoticiaz.com.br\/litoralsp\/2022\/02\/09\/mundo-nao-vai-poder-contar-com-a-vacina-da-janssen-contra-a-covid-19"},"wordCount":296,"commentCount":0,"publisher":{"@id":"https:\/\/redenoticiaz.com.br\/litoralsp\/#organization"},"image":{"@id":"https:\/\/redenoticiaz.com.br\/litoralsp\/2022\/02\/09\/mundo-nao-vai-poder-contar-com-a-vacina-da-janssen-contra-a-covid-19#primaryimage"},"thumbnailUrl":"https:\/\/redenoticiaz.com.br\/litoralsp\/wp-content\/uploads\/sites\/3\/2022\/02\/jannse.jpg","keywords":["HOLANDA","JANSSEN","Johnson &amp; Johnson","mundo","PRODU\u00c7\u00c3O SUSPENSA","VAICNA CONTRA A COVID"],"articleSection":["Mundo","Sa\u00fade"],"inLanguage":"pt-BR","potentialAction":[{"@type":"CommentAction","name":"Comment","target":["https:\/\/redenoticiaz.com.br\/litoralsp\/2022\/02\/09\/mundo-nao-vai-poder-contar-com-a-vacina-da-janssen-contra-a-covid-19#respond"]}]},{"@type":"WebPage","@id":"https:\/\/redenoticiaz.com.br\/litoralsp\/2022\/02\/09\/mundo-nao-vai-poder-contar-com-a-vacina-da-janssen-contra-a-covid-19","url":"https:\/\/redenoticiaz.com.br\/litoralsp\/2022\/02\/09\/mundo-nao-vai-poder-contar-com-a-vacina-da-janssen-contra-a-covid-19","name":"Mundo n\u00e3o vai poder contar com a vacina da Janssen contra a Covid-19 - Litoral SP","isPartOf":{"@id":"https:\/\/redenoticiaz.com.br\/litoralsp\/#website"},"primaryImageOfPage":{"@id":"https:\/\/redenoticiaz.com.br\/litoralsp\/2022\/02\/09\/mundo-nao-vai-poder-contar-com-a-vacina-da-janssen-contra-a-covid-19#primaryimage"},"image":{"@id":"https:\/\/redenoticiaz.com.br\/litoralsp\/2022\/02\/09\/mundo-nao-vai-poder-contar-com-a-vacina-da-janssen-contra-a-covid-19#primaryimage"},"thumbnailUrl":"https:\/\/redenoticiaz.com.br\/litoralsp\/wp-content\/uploads\/sites\/3\/2022\/02\/jannse.jpg","datePublished":"2022-02-09T15:27:23+00:00","dateModified":"2022-02-09T15:32:47+00:00","description":"De forma tempor\u00e1ria, o mundo n\u00e3o ir\u00e1 mais poder contar com a vacina da Janssen contra a Covid-19. A \u00fanica f\u00e1brica onde o imunizante","inLanguage":"pt-BR","potentialAction":[{"@type":"ReadAction","target":["https:\/\/redenoticiaz.com.br\/litoralsp\/2022\/02\/09\/mundo-nao-vai-poder-contar-com-a-vacina-da-janssen-contra-a-covid-19"]}]},{"@type":"ImageObject","inLanguage":"pt-BR","@id":"https:\/\/redenoticiaz.com.br\/litoralsp\/2022\/02\/09\/mundo-nao-vai-poder-contar-com-a-vacina-da-janssen-contra-a-covid-19#primaryimage","url":"https:\/\/redenoticiaz.com.br\/litoralsp\/wp-content\/uploads\/sites\/3\/2022\/02\/jannse.jpg","contentUrl":"https:\/\/redenoticiaz.com.br\/litoralsp\/wp-content\/uploads\/sites\/3\/2022\/02\/jannse.jpg","width":224,"height":224},{"@type":"WebSite","@id":"https:\/\/redenoticiaz.com.br\/litoralsp\/#website","url":"https:\/\/redenoticiaz.com.br\/litoralsp\/","name":"Litoral SP","description":"Rede NoticiaZ","publisher":{"@id":"https:\/\/redenoticiaz.com.br\/litoralsp\/#organization"},"potentialAction":[{"@type":"SearchAction","target":{"@type":"EntryPoint","urlTemplate":"https:\/\/redenoticiaz.com.br\/litoralsp\/?s={search_term_string}"},"query-input":{"@type":"PropertyValueSpecification","valueRequired":true,"valueName":"search_term_string"}}],"inLanguage":"pt-BR"},{"@type":"Organization","@id":"https:\/\/redenoticiaz.com.br\/litoralsp\/#organization","name":"Litoral SP","url":"https:\/\/redenoticiaz.com.br\/litoralsp\/","logo":{"@type":"ImageObject","inLanguage":"pt-BR","@id":"https:\/\/redenoticiaz.com.br\/litoralsp\/#\/schema\/logo\/image\/","url":"https:\/\/redenoticiaz.com.br\/litoralsp\/wp-content\/uploads\/sites\/3\/2020\/11\/logo.jpg","contentUrl":"https:\/\/redenoticiaz.com.br\/litoralsp\/wp-content\/uploads\/sites\/3\/2020\/11\/logo.jpg","width":400,"height":250,"caption":"Litoral SP"},"image":{"@id":"https:\/\/redenoticiaz.com.br\/litoralsp\/#\/schema\/logo\/image\/"}},{"@type":"Person","@id":"https:\/\/redenoticiaz.com.br\/litoralsp\/#\/schema\/person\/0f0b8a5bdafefe82841e07ae8d81ecb3","name":"Leonardo Francisco","image":{"@type":"ImageObject","inLanguage":"pt-BR","@id":"https:\/\/secure.gravatar.com\/avatar\/a7358cb406a99b682ec6df1e77e31ae82e63601f6784e8a3df411d72b37864da?s=96&d=mm&r=g","url":"https:\/\/secure.gravatar.com\/avatar\/a7358cb406a99b682ec6df1e77e31ae82e63601f6784e8a3df411d72b37864da?s=96&d=mm&r=g","contentUrl":"https:\/\/secure.gravatar.com\/avatar\/a7358cb406a99b682ec6df1e77e31ae82e63601f6784e8a3df411d72b37864da?s=96&d=mm&r=g","caption":"Leonardo Francisco"},"url":"https:\/\/redenoticiaz.com.br\/litoralsp\/author\/leonardo-francisco"}]}},"_links":{"self":[{"href":"https:\/\/redenoticiaz.com.br\/litoralsp\/wp-json\/wp\/v2\/posts\/23076","targetHints":{"allow":["GET"]}}],"collection":[{"href":"https:\/\/redenoticiaz.com.br\/litoralsp\/wp-json\/wp\/v2\/posts"}],"about":[{"href":"https:\/\/redenoticiaz.com.br\/litoralsp\/wp-json\/wp\/v2\/types\/post"}],"author":[{"embeddable":true,"href":"https:\/\/redenoticiaz.com.br\/litoralsp\/wp-json\/wp\/v2\/users\/6"}],"replies":[{"embeddable":true,"href":"https:\/\/redenoticiaz.com.br\/litoralsp\/wp-json\/wp\/v2\/comments?post=23076"}],"version-history":[{"count":1,"href":"https:\/\/redenoticiaz.com.br\/litoralsp\/wp-json\/wp\/v2\/posts\/23076\/revisions"}],"predecessor-version":[{"id":23080,"href":"https:\/\/redenoticiaz.com.br\/litoralsp\/wp-json\/wp\/v2\/posts\/23076\/revisions\/23080"}],"wp:featuredmedia":[{"embeddable":true,"href":"https:\/\/redenoticiaz.com.br\/litoralsp\/wp-json\/wp\/v2\/media\/23079"}],"wp:attachment":[{"href":"https:\/\/redenoticiaz.com.br\/litoralsp\/wp-json\/wp\/v2\/media?parent=23076"}],"wp:term":[{"taxonomy":"category","embeddable":true,"href":"https:\/\/redenoticiaz.com.br\/litoralsp\/wp-json\/wp\/v2\/categories?post=23076"},{"taxonomy":"post_tag","embeddable":true,"href":"https:\/\/redenoticiaz.com.br\/litoralsp\/wp-json\/wp\/v2\/tags?post=23076"}],"curies":[{"name":"wp","href":"https:\/\/api.w.org\/{rel}","templated":true}]}}