{"id":23098,"date":"2022-02-09T16:26:17","date_gmt":"2022-02-09T19:26:17","guid":{"rendered":"https:\/\/redenoticiaz.com.br\/litoralsp\/?p=23098"},"modified":"2022-02-09T16:26:56","modified_gmt":"2022-02-09T19:26:56","slug":"edital-de-concessao-de-travessias-litoraneas-e-suspenso-pelo-governo-de-sao-paulo","status":"publish","type":"post","link":"https:\/\/redenoticiaz.com.br\/litoralsp\/2022\/02\/09\/edital-de-concessao-de-travessias-litoraneas-e-suspenso-pelo-governo-de-sao-paulo","title":{"rendered":"Edital de concess\u00e3o de travessias litor\u00e2neas \u00e9 suspenso pelo Governo de S\u00e3o Paulo"},"content":{"rendered":"<p>A reclama\u00e7\u00e3o dos prefeitos da Baixada Santista surtiu efeito e o <a href=\"https:\/\/www.saopaulo.sp.gov.br\/\">Governo de S\u00e3o Paulo<\/a> anunciou a <strong>suspens\u00e3o do edital de concess\u00e3o<\/strong> de oito travessias litor\u00e2neas. Tr\u00eas delas est\u00e3o localizadas na Regi\u00e3o, sendo que a principal liga Santos ao Guaruj\u00e1.<\/p>\n<p>Por conta da suspens\u00e3o, o executivo paulista afirmou que far\u00e1 uma revis\u00e3o do projeto com o objetivo de <span class=\"highlight highlighted\">avaliar os apontamentos feitos pelas lideran\u00e7as das regi\u00f5es beneficiadas<\/span>. O leil\u00e3o estava previsto para o dia\u00a030 de mar\u00e7o\u00a0deste ano.<\/p>\n<div class=\"wall protected-content\">\n<div class=\"mc-column content-text active-extra-styles \" data-block-type=\"unstyled\" data-block-weight=\"58\" data-block-id=\"3\">\n<p class=\"content-text__container \" data-track-category=\"Link no Texto\" data-track-links=\"\">Na Baixada Santista, tr\u00eas travessias ser\u00e3o afetadas com a decis\u00e3o: entre Santos e Guaruj\u00e1; Bertioga e Guaruj\u00e1 e Santos e Vicente de Carvalho. A decis\u00e3o veio ap\u00f3s\u00a0os prefeitos da regi\u00e3o j\u00e1 tinham criticado projeto de privatiza\u00e7\u00e3o das travessias de balsas<em>. <\/em>J\u00e1 as outras travessias s\u00e3o: S\u00e3o Sebasti\u00e3o\/Ilhabela, Iguape\/Jur\u00e9ia, Canan\u00e9ia\/Ilha Comprida, Canan\u00e9ia\/Continente e Canan\u00e9ia\/Ariri.<\/p>\n<p data-track-category=\"Link no Texto\" data-track-links=\"\">A informa\u00e7\u00e3o da suspens\u00e3o do edital foi dada pelo vice-governador Rodrigo Garcia em coletiva de imprensa realizada em Praia Grande,\u00a0durante visita a regi\u00e3o.<\/p>\n<h3 data-track-category=\"Link no Texto\">Como seria o reajuste?<\/h3>\n<\/div>\n<div class=\"mc-column content-text active-extra-styles \" data-block-type=\"unstyled\" data-block-weight=\"32\" data-block-id=\"5\">\n<p class=\"content-text__container \" data-track-category=\"Link no Texto\" data-track-links=\"\">Segundo a Secretaria Estadual de Log\u00edstica e Transportes (SLT), a concess\u00e3o garantiria uma justi\u00e7a tarif\u00e1ria. E haveria a inclus\u00e3o de melhoria de servi\u00e7os em todo o sistema, e as gratuidades definidas por lei estariam garantidas.<\/p>\n<\/div>\n<div class=\"mc-column content-text active-extra-styles \" data-block-type=\"unstyled\" data-block-weight=\"43\" data-block-id=\"6\">\n<p class=\"content-text__container \" data-track-category=\"Link no Texto\" data-track-links=\"\">O projeto prev\u00ea a redu\u00e7\u00e3o em 30% o valor da passagem para pedestres e ciclistas, j\u00e1 no primeiro ano do contrato. Contudo, para os ve\u00edculos, \u00e9 prevista uma corre\u00e7\u00e3o tarif\u00e1ria, uma vez que as tarifas de travessias litor\u00e2neas est\u00e3o sem reajuste h\u00e1 quatro anos.<\/p>\n<\/div>\n<div class=\"mc-column content-text active-extra-styles \" data-block-type=\"unstyled\" data-block-weight=\"42\" data-block-id=\"7\">\n<p class=\"content-text__container \" data-track-category=\"Link no Texto\" data-track-links=\"\">O programa de concess\u00e3o, apresentado em maio do ano passado, previa um aumento nos valores pagos pelos motoristas para realizar as travessias entre as cidades de Santos e Guaruj\u00e1. As tarifas passariam de R$ 12,30 para R$ 18,41, sem contar corre\u00e7\u00f5es anuais.<\/p>\n<\/div>\n<p data-track-category=\"Link no Texto\" data-track-links=\"\">A Secretaria Estadual de Log\u00edstica e Transportes (SLT) confirmou a suspens\u00e3o e informou, por meio de nota, que j\u00e1 havia apresentado o projeto de concess\u00e3o em audi\u00eancia e consultas p\u00fablicas realizadas entre os meses de mar\u00e7o e julho do ano passado. Mesmo assim, uma nova etapa ser\u00e1 acrescida ao processo antes da republica\u00e7\u00e3o do edital de concess\u00e3o.<\/p>\n<div class=\"mc-column content-text active-extra-styles \" data-block-type=\"unstyled\" data-block-weight=\"51\" data-block-id=\"12\">\n<p class=\"content-text__container \" data-track-category=\"Link no Texto\" data-track-links=\"\">&#8220;A melhoria das travessias \u00e9 uma demanda antiga da popula\u00e7\u00e3o, e o capital privado vai modernizar e ampliar o servi\u00e7o, trazendo comodidade, seguran\u00e7a e desenvolvimento para as cidades atendidas&#8221;, defendeu a secretaria, em nota. &#8220;Al\u00e9m disso, a concess\u00e3o gera empregos e aumenta a capacidade das embarca\u00e7\u00f5es, trazendo mais agilidade nos deslocamentos&#8221;.<\/p>\n<\/div>\n<div class=\"mc-column content-text active-extra-styles \" data-block-type=\"unstyled\" data-block-weight=\"45\" data-block-id=\"13\">\n<p class=\"content-text__container \" data-track-category=\"Link no Texto\" data-track-links=\"\">Al\u00e9m dos investimentos previstos de R$ 280 milh\u00f5es, o governo defende que a transfer\u00eancia para o capital privado permitiria que o Estado, que hoje paga R$ 80 milh\u00f5es por ano para operar as balsas. O dinheiro seria aplicado em \u00e1reas priorit\u00e1rias, como sa\u00fade, educa\u00e7\u00e3o e seguran\u00e7a.<\/p>\n<p data-track-category=\"Link no Texto\" data-track-links=\"\"><strong>LEIA TAMB\u00c9M<\/strong><\/p>\n<p data-track-category=\"Link no Texto\" data-track-links=\"\"><a href=\"https:\/\/redenoticiaz.com.br\/litoralsp\/2022\/02\/04\/prefeitos-de-santos-e-guaruja-discordam-do-modelo-de-privatizacao-das-travessias\">Prefeitos de Santos e Guaruj\u00e1 discordam do modelo de privatiza\u00e7\u00e3o das travessias<\/a><\/p>\n<\/div>\n<\/div>\n","protected":false},"excerpt":{"rendered":"<p>A reclama\u00e7\u00e3o dos prefeitos da Baixada Santista surtiu efeito e o Governo de S\u00e3o Paulo anunciou a suspens\u00e3o do edital de concess\u00e3o de oito travessias litor\u00e2neas. Tr\u00eas delas est\u00e3o localizadas na Regi\u00e3o, sendo que a principal liga Santos ao Guaruj\u00e1. Por conta da suspens\u00e3o, o executivo paulista afirmou que far\u00e1 uma revis\u00e3o do projeto com &hellip;<\/p>\n","protected":false},"author":6,"featured_media":23099,"comment_status":"open","ping_status":"closed","sticky":false,"template":"","format":"standard","meta":{"footnotes":""},"categories":[1107,12776,187,12777,3411,180,188,88],"tags":[1148,49799,1152,6496,22148],"class_list":["post-23098","post","type-post","status-publish","format-standard","has-post-thumbnail","hentry","category-bertioga","category-cananeia","category-guaruja","category-ilha-comprida","category-ilhabela","category-santos","category-sao-sebastiao","category-transportes","tag-baixada-santista","tag-concessao-suspensa","tag-governo-de-sao-paulo","tag-litoral-norte","tag-travessias-litoraneas"],"yoast_head":"<!-- This site is optimized with the Yoast SEO plugin v27.4 - https:\/\/yoast.com\/product\/yoast-seo-wordpress\/ -->\n<title>Edital de concess\u00e3o de travessias litor\u00e2neas \u00e9 suspenso pelo Governo de S\u00e3o Paulo - Litoral SP<\/title>\n<meta name=\"description\" content=\"antista surtiu efeito e o Governo de S\u00e3o Paulo anunciou a suspens\u00e3o do edital de concess\u00e3o de oito travessias litor\u00e2neas. Tr\u00eas\" \/>\n<meta name=\"robots\" content=\"index, follow, max-snippet:-1, max-image-preview:large, max-video-preview:-1\" \/>\n<link rel=\"canonical\" href=\"https:\/\/redenoticiaz.com.br\/litoralsp\/2022\/02\/09\/edital-de-concessao-de-travessias-litoraneas-e-suspenso-pelo-governo-de-sao-paulo\" \/>\n<meta property=\"og:locale\" content=\"pt_BR\" \/>\n<meta property=\"og:type\" content=\"article\" \/>\n<meta property=\"og:title\" content=\"Edital de concess\u00e3o de travessias litor\u00e2neas \u00e9 suspenso pelo Governo de S\u00e3o Paulo - Litoral SP\" \/>\n<meta property=\"og:description\" content=\"antista surtiu efeito e o Governo de S\u00e3o Paulo anunciou a suspens\u00e3o do edital de concess\u00e3o de oito travessias litor\u00e2neas. Tr\u00eas\" \/>\n<meta property=\"og:url\" content=\"https:\/\/redenoticiaz.com.br\/litoralsp\/2022\/02\/09\/edital-de-concessao-de-travessias-litoraneas-e-suspenso-pelo-governo-de-sao-paulo\" \/>\n<meta property=\"og:site_name\" content=\"Litoral SP\" \/>\n<meta property=\"article:published_time\" content=\"2022-02-09T19:26:17+00:00\" \/>\n<meta property=\"article:modified_time\" content=\"2022-02-09T19:26:56+00:00\" \/>\n<meta property=\"og:image\" content=\"https:\/\/redenoticiaz.com.br\/litoralsp\/wp-content\/uploads\/sites\/3\/2022\/02\/travessia.jpeg\" \/>\n\t<meta property=\"og:image:width\" content=\"984\" \/>\n\t<meta property=\"og:image:height\" content=\"478\" \/>\n\t<meta property=\"og:image:type\" content=\"image\/jpeg\" \/>\n<meta name=\"author\" content=\"Leonardo Francisco\" \/>\n<meta name=\"twitter:card\" content=\"summary_large_image\" \/>\n<meta name=\"twitter:label1\" content=\"Escrito por\" \/>\n\t<meta name=\"twitter:data1\" content=\"Leonardo Francisco\" \/>\n\t<meta name=\"twitter:label2\" content=\"Est. tempo de leitura\" \/>\n\t<meta name=\"twitter:data2\" content=\"3 minutos\" \/>\n<script type=\"application\/ld+json\" class=\"yoast-schema-graph\">{\"@context\":\"https:\\\/\\\/schema.org\",\"@graph\":[{\"@type\":\"Article\",\"@id\":\"https:\\\/\\\/redenoticiaz.com.br\\\/litoralsp\\\/2022\\\/02\\\/09\\\/edital-de-concessao-de-travessias-litoraneas-e-suspenso-pelo-governo-de-sao-paulo#article\",\"isPartOf\":{\"@id\":\"https:\\\/\\\/redenoticiaz.com.br\\\/litoralsp\\\/2022\\\/02\\\/09\\\/edital-de-concessao-de-travessias-litoraneas-e-suspenso-pelo-governo-de-sao-paulo\"},\"author\":{\"name\":\"Leonardo Francisco\",\"@id\":\"https:\\\/\\\/redenoticiaz.com.br\\\/litoralsp\\\/#\\\/schema\\\/person\\\/0f0b8a5bdafefe82841e07ae8d81ecb3\"},\"headline\":\"Edital de concess\u00e3o de travessias litor\u00e2neas \u00e9 suspenso pelo Governo de S\u00e3o Paulo\",\"datePublished\":\"2022-02-09T19:26:17+00:00\",\"dateModified\":\"2022-02-09T19:26:56+00:00\",\"mainEntityOfPage\":{\"@id\":\"https:\\\/\\\/redenoticiaz.com.br\\\/litoralsp\\\/2022\\\/02\\\/09\\\/edital-de-concessao-de-travessias-litoraneas-e-suspenso-pelo-governo-de-sao-paulo\"},\"wordCount\":531,\"commentCount\":0,\"publisher\":{\"@id\":\"https:\\\/\\\/redenoticiaz.com.br\\\/litoralsp\\\/#organization\"},\"image\":{\"@id\":\"https:\\\/\\\/redenoticiaz.com.br\\\/litoralsp\\\/2022\\\/02\\\/09\\\/edital-de-concessao-de-travessias-litoraneas-e-suspenso-pelo-governo-de-sao-paulo#primaryimage\"},\"thumbnailUrl\":\"https:\\\/\\\/redenoticiaz.com.br\\\/litoralsp\\\/wp-content\\\/uploads\\\/sites\\\/3\\\/2022\\\/02\\\/travessia.jpeg\",\"keywords\":[\"BAIXADA SANTISTA\",\"CONCESS\u00c3O SUSPENSA\",\"Governo de S\u00e3o Paulo\",\"LITORAL NORTE\",\"TRAVESSIAS LITOR\u00c2NEAS\"],\"articleSection\":[\"Bertioga\",\"Cananeia\",\"Guaruj\u00e1\",\"Ilha Comprida\",\"IlhaBela\",\"Santos\",\"S\u00e3o Sebasti\u00e3o\",\"Transportes\"],\"inLanguage\":\"pt-BR\",\"potentialAction\":[{\"@type\":\"CommentAction\",\"name\":\"Comment\",\"target\":[\"https:\\\/\\\/redenoticiaz.com.br\\\/litoralsp\\\/2022\\\/02\\\/09\\\/edital-de-concessao-de-travessias-litoraneas-e-suspenso-pelo-governo-de-sao-paulo#respond\"]}]},{\"@type\":\"WebPage\",\"@id\":\"https:\\\/\\\/redenoticiaz.com.br\\\/litoralsp\\\/2022\\\/02\\\/09\\\/edital-de-concessao-de-travessias-litoraneas-e-suspenso-pelo-governo-de-sao-paulo\",\"url\":\"https:\\\/\\\/redenoticiaz.com.br\\\/litoralsp\\\/2022\\\/02\\\/09\\\/edital-de-concessao-de-travessias-litoraneas-e-suspenso-pelo-governo-de-sao-paulo\",\"name\":\"Edital de concess\u00e3o de travessias litor\u00e2neas \u00e9 suspenso pelo Governo de S\u00e3o Paulo - Litoral SP\",\"isPartOf\":{\"@id\":\"https:\\\/\\\/redenoticiaz.com.br\\\/litoralsp\\\/#website\"},\"primaryImageOfPage\":{\"@id\":\"https:\\\/\\\/redenoticiaz.com.br\\\/litoralsp\\\/2022\\\/02\\\/09\\\/edital-de-concessao-de-travessias-litoraneas-e-suspenso-pelo-governo-de-sao-paulo#primaryimage\"},\"image\":{\"@id\":\"https:\\\/\\\/redenoticiaz.com.br\\\/litoralsp\\\/2022\\\/02\\\/09\\\/edital-de-concessao-de-travessias-litoraneas-e-suspenso-pelo-governo-de-sao-paulo#primaryimage\"},\"thumbnailUrl\":\"https:\\\/\\\/redenoticiaz.com.br\\\/litoralsp\\\/wp-content\\\/uploads\\\/sites\\\/3\\\/2022\\\/02\\\/travessia.jpeg\",\"datePublished\":\"2022-02-09T19:26:17+00:00\",\"dateModified\":\"2022-02-09T19:26:56+00:00\",\"description\":\"antista surtiu efeito e o Governo de S\u00e3o Paulo anunciou a suspens\u00e3o do edital de concess\u00e3o de oito travessias litor\u00e2neas. Tr\u00eas\",\"inLanguage\":\"pt-BR\",\"potentialAction\":[{\"@type\":\"ReadAction\",\"target\":[\"https:\\\/\\\/redenoticiaz.com.br\\\/litoralsp\\\/2022\\\/02\\\/09\\\/edital-de-concessao-de-travessias-litoraneas-e-suspenso-pelo-governo-de-sao-paulo\"]}]},{\"@type\":\"ImageObject\",\"inLanguage\":\"pt-BR\",\"@id\":\"https:\\\/\\\/redenoticiaz.com.br\\\/litoralsp\\\/2022\\\/02\\\/09\\\/edital-de-concessao-de-travessias-litoraneas-e-suspenso-pelo-governo-de-sao-paulo#primaryimage\",\"url\":\"https:\\\/\\\/redenoticiaz.com.br\\\/litoralsp\\\/wp-content\\\/uploads\\\/sites\\\/3\\\/2022\\\/02\\\/travessia.jpeg\",\"contentUrl\":\"https:\\\/\\\/redenoticiaz.com.br\\\/litoralsp\\\/wp-content\\\/uploads\\\/sites\\\/3\\\/2022\\\/02\\\/travessia.jpeg\",\"width\":984,\"height\":478,\"caption\":\"Cr\u00e9ditos: Divulga\u00e7\u00e3o\\\/Governo de S\u00e3o Paulo\"},{\"@type\":\"WebSite\",\"@id\":\"https:\\\/\\\/redenoticiaz.com.br\\\/litoralsp\\\/#website\",\"url\":\"https:\\\/\\\/redenoticiaz.com.br\\\/litoralsp\\\/\",\"name\":\"Litoral SP\",\"description\":\"Rede NoticiaZ\",\"publisher\":{\"@id\":\"https:\\\/\\\/redenoticiaz.com.br\\\/litoralsp\\\/#organization\"},\"potentialAction\":[{\"@type\":\"SearchAction\",\"target\":{\"@type\":\"EntryPoint\",\"urlTemplate\":\"https:\\\/\\\/redenoticiaz.com.br\\\/litoralsp\\\/?s={search_term_string}\"},\"query-input\":{\"@type\":\"PropertyValueSpecification\",\"valueRequired\":true,\"valueName\":\"search_term_string\"}}],\"inLanguage\":\"pt-BR\"},{\"@type\":\"Organization\",\"@id\":\"https:\\\/\\\/redenoticiaz.com.br\\\/litoralsp\\\/#organization\",\"name\":\"Litoral SP\",\"url\":\"https:\\\/\\\/redenoticiaz.com.br\\\/litoralsp\\\/\",\"logo\":{\"@type\":\"ImageObject\",\"inLanguage\":\"pt-BR\",\"@id\":\"https:\\\/\\\/redenoticiaz.com.br\\\/litoralsp\\\/#\\\/schema\\\/logo\\\/image\\\/\",\"url\":\"https:\\\/\\\/redenoticiaz.com.br\\\/litoralsp\\\/wp-content\\\/uploads\\\/sites\\\/3\\\/2020\\\/11\\\/logo.jpg\",\"contentUrl\":\"https:\\\/\\\/redenoticiaz.com.br\\\/litoralsp\\\/wp-content\\\/uploads\\\/sites\\\/3\\\/2020\\\/11\\\/logo.jpg\",\"width\":400,\"height\":250,\"caption\":\"Litoral SP\"},\"image\":{\"@id\":\"https:\\\/\\\/redenoticiaz.com.br\\\/litoralsp\\\/#\\\/schema\\\/logo\\\/image\\\/\"}},{\"@type\":\"Person\",\"@id\":\"https:\\\/\\\/redenoticiaz.com.br\\\/litoralsp\\\/#\\\/schema\\\/person\\\/0f0b8a5bdafefe82841e07ae8d81ecb3\",\"name\":\"Leonardo Francisco\",\"image\":{\"@type\":\"ImageObject\",\"inLanguage\":\"pt-BR\",\"@id\":\"https:\\\/\\\/secure.gravatar.com\\\/avatar\\\/a7358cb406a99b682ec6df1e77e31ae82e63601f6784e8a3df411d72b37864da?s=96&d=mm&r=g\",\"url\":\"https:\\\/\\\/secure.gravatar.com\\\/avatar\\\/a7358cb406a99b682ec6df1e77e31ae82e63601f6784e8a3df411d72b37864da?s=96&d=mm&r=g\",\"contentUrl\":\"https:\\\/\\\/secure.gravatar.com\\\/avatar\\\/a7358cb406a99b682ec6df1e77e31ae82e63601f6784e8a3df411d72b37864da?s=96&d=mm&r=g\",\"caption\":\"Leonardo Francisco\"},\"url\":\"https:\\\/\\\/redenoticiaz.com.br\\\/litoralsp\\\/author\\\/leonardo-francisco\"}]}<\/script>\n<!-- \/ Yoast SEO plugin. -->","yoast_head_json":{"title":"Edital de concess\u00e3o de travessias litor\u00e2neas \u00e9 suspenso pelo Governo de S\u00e3o Paulo - Litoral SP","description":"antista surtiu efeito e o Governo de S\u00e3o Paulo anunciou a suspens\u00e3o do edital de concess\u00e3o de oito travessias litor\u00e2neas. Tr\u00eas","robots":{"index":"index","follow":"follow","max-snippet":"max-snippet:-1","max-image-preview":"max-image-preview:large","max-video-preview":"max-video-preview:-1"},"canonical":"https:\/\/redenoticiaz.com.br\/litoralsp\/2022\/02\/09\/edital-de-concessao-de-travessias-litoraneas-e-suspenso-pelo-governo-de-sao-paulo","og_locale":"pt_BR","og_type":"article","og_title":"Edital de concess\u00e3o de travessias litor\u00e2neas \u00e9 suspenso pelo Governo de S\u00e3o Paulo - Litoral SP","og_description":"antista surtiu efeito e o Governo de S\u00e3o Paulo anunciou a suspens\u00e3o do edital de concess\u00e3o de oito travessias litor\u00e2neas. Tr\u00eas","og_url":"https:\/\/redenoticiaz.com.br\/litoralsp\/2022\/02\/09\/edital-de-concessao-de-travessias-litoraneas-e-suspenso-pelo-governo-de-sao-paulo","og_site_name":"Litoral SP","article_published_time":"2022-02-09T19:26:17+00:00","article_modified_time":"2022-02-09T19:26:56+00:00","og_image":[{"width":984,"height":478,"url":"https:\/\/redenoticiaz.com.br\/litoralsp\/wp-content\/uploads\/sites\/3\/2022\/02\/travessia.jpeg","type":"image\/jpeg"}],"author":"Leonardo Francisco","twitter_card":"summary_large_image","twitter_misc":{"Escrito por":"Leonardo Francisco","Est. tempo de leitura":"3 minutos"},"schema":{"@context":"https:\/\/schema.org","@graph":[{"@type":"Article","@id":"https:\/\/redenoticiaz.com.br\/litoralsp\/2022\/02\/09\/edital-de-concessao-de-travessias-litoraneas-e-suspenso-pelo-governo-de-sao-paulo#article","isPartOf":{"@id":"https:\/\/redenoticiaz.com.br\/litoralsp\/2022\/02\/09\/edital-de-concessao-de-travessias-litoraneas-e-suspenso-pelo-governo-de-sao-paulo"},"author":{"name":"Leonardo Francisco","@id":"https:\/\/redenoticiaz.com.br\/litoralsp\/#\/schema\/person\/0f0b8a5bdafefe82841e07ae8d81ecb3"},"headline":"Edital de concess\u00e3o de travessias litor\u00e2neas \u00e9 suspenso pelo Governo de S\u00e3o Paulo","datePublished":"2022-02-09T19:26:17+00:00","dateModified":"2022-02-09T19:26:56+00:00","mainEntityOfPage":{"@id":"https:\/\/redenoticiaz.com.br\/litoralsp\/2022\/02\/09\/edital-de-concessao-de-travessias-litoraneas-e-suspenso-pelo-governo-de-sao-paulo"},"wordCount":531,"commentCount":0,"publisher":{"@id":"https:\/\/redenoticiaz.com.br\/litoralsp\/#organization"},"image":{"@id":"https:\/\/redenoticiaz.com.br\/litoralsp\/2022\/02\/09\/edital-de-concessao-de-travessias-litoraneas-e-suspenso-pelo-governo-de-sao-paulo#primaryimage"},"thumbnailUrl":"https:\/\/redenoticiaz.com.br\/litoralsp\/wp-content\/uploads\/sites\/3\/2022\/02\/travessia.jpeg","keywords":["BAIXADA SANTISTA","CONCESS\u00c3O SUSPENSA","Governo de S\u00e3o Paulo","LITORAL NORTE","TRAVESSIAS LITOR\u00c2NEAS"],"articleSection":["Bertioga","Cananeia","Guaruj\u00e1","Ilha Comprida","IlhaBela","Santos","S\u00e3o Sebasti\u00e3o","Transportes"],"inLanguage":"pt-BR","potentialAction":[{"@type":"CommentAction","name":"Comment","target":["https:\/\/redenoticiaz.com.br\/litoralsp\/2022\/02\/09\/edital-de-concessao-de-travessias-litoraneas-e-suspenso-pelo-governo-de-sao-paulo#respond"]}]},{"@type":"WebPage","@id":"https:\/\/redenoticiaz.com.br\/litoralsp\/2022\/02\/09\/edital-de-concessao-de-travessias-litoraneas-e-suspenso-pelo-governo-de-sao-paulo","url":"https:\/\/redenoticiaz.com.br\/litoralsp\/2022\/02\/09\/edital-de-concessao-de-travessias-litoraneas-e-suspenso-pelo-governo-de-sao-paulo","name":"Edital de concess\u00e3o de travessias litor\u00e2neas \u00e9 suspenso pelo Governo de S\u00e3o Paulo - Litoral SP","isPartOf":{"@id":"https:\/\/redenoticiaz.com.br\/litoralsp\/#website"},"primaryImageOfPage":{"@id":"https:\/\/redenoticiaz.com.br\/litoralsp\/2022\/02\/09\/edital-de-concessao-de-travessias-litoraneas-e-suspenso-pelo-governo-de-sao-paulo#primaryimage"},"image":{"@id":"https:\/\/redenoticiaz.com.br\/litoralsp\/2022\/02\/09\/edital-de-concessao-de-travessias-litoraneas-e-suspenso-pelo-governo-de-sao-paulo#primaryimage"},"thumbnailUrl":"https:\/\/redenoticiaz.com.br\/litoralsp\/wp-content\/uploads\/sites\/3\/2022\/02\/travessia.jpeg","datePublished":"2022-02-09T19:26:17+00:00","dateModified":"2022-02-09T19:26:56+00:00","description":"antista surtiu efeito e o Governo de S\u00e3o Paulo anunciou a suspens\u00e3o do edital de concess\u00e3o de oito travessias litor\u00e2neas. Tr\u00eas","inLanguage":"pt-BR","potentialAction":[{"@type":"ReadAction","target":["https:\/\/redenoticiaz.com.br\/litoralsp\/2022\/02\/09\/edital-de-concessao-de-travessias-litoraneas-e-suspenso-pelo-governo-de-sao-paulo"]}]},{"@type":"ImageObject","inLanguage":"pt-BR","@id":"https:\/\/redenoticiaz.com.br\/litoralsp\/2022\/02\/09\/edital-de-concessao-de-travessias-litoraneas-e-suspenso-pelo-governo-de-sao-paulo#primaryimage","url":"https:\/\/redenoticiaz.com.br\/litoralsp\/wp-content\/uploads\/sites\/3\/2022\/02\/travessia.jpeg","contentUrl":"https:\/\/redenoticiaz.com.br\/litoralsp\/wp-content\/uploads\/sites\/3\/2022\/02\/travessia.jpeg","width":984,"height":478,"caption":"Cr\u00e9ditos: Divulga\u00e7\u00e3o\/Governo de S\u00e3o Paulo"},{"@type":"WebSite","@id":"https:\/\/redenoticiaz.com.br\/litoralsp\/#website","url":"https:\/\/redenoticiaz.com.br\/litoralsp\/","name":"Litoral SP","description":"Rede NoticiaZ","publisher":{"@id":"https:\/\/redenoticiaz.com.br\/litoralsp\/#organization"},"potentialAction":[{"@type":"SearchAction","target":{"@type":"EntryPoint","urlTemplate":"https:\/\/redenoticiaz.com.br\/litoralsp\/?s={search_term_string}"},"query-input":{"@type":"PropertyValueSpecification","valueRequired":true,"valueName":"search_term_string"}}],"inLanguage":"pt-BR"},{"@type":"Organization","@id":"https:\/\/redenoticiaz.com.br\/litoralsp\/#organization","name":"Litoral SP","url":"https:\/\/redenoticiaz.com.br\/litoralsp\/","logo":{"@type":"ImageObject","inLanguage":"pt-BR","@id":"https:\/\/redenoticiaz.com.br\/litoralsp\/#\/schema\/logo\/image\/","url":"https:\/\/redenoticiaz.com.br\/litoralsp\/wp-content\/uploads\/sites\/3\/2020\/11\/logo.jpg","contentUrl":"https:\/\/redenoticiaz.com.br\/litoralsp\/wp-content\/uploads\/sites\/3\/2020\/11\/logo.jpg","width":400,"height":250,"caption":"Litoral SP"},"image":{"@id":"https:\/\/redenoticiaz.com.br\/litoralsp\/#\/schema\/logo\/image\/"}},{"@type":"Person","@id":"https:\/\/redenoticiaz.com.br\/litoralsp\/#\/schema\/person\/0f0b8a5bdafefe82841e07ae8d81ecb3","name":"Leonardo Francisco","image":{"@type":"ImageObject","inLanguage":"pt-BR","@id":"https:\/\/secure.gravatar.com\/avatar\/a7358cb406a99b682ec6df1e77e31ae82e63601f6784e8a3df411d72b37864da?s=96&d=mm&r=g","url":"https:\/\/secure.gravatar.com\/avatar\/a7358cb406a99b682ec6df1e77e31ae82e63601f6784e8a3df411d72b37864da?s=96&d=mm&r=g","contentUrl":"https:\/\/secure.gravatar.com\/avatar\/a7358cb406a99b682ec6df1e77e31ae82e63601f6784e8a3df411d72b37864da?s=96&d=mm&r=g","caption":"Leonardo Francisco"},"url":"https:\/\/redenoticiaz.com.br\/litoralsp\/author\/leonardo-francisco"}]}},"_links":{"self":[{"href":"https:\/\/redenoticiaz.com.br\/litoralsp\/wp-json\/wp\/v2\/posts\/23098","targetHints":{"allow":["GET"]}}],"collection":[{"href":"https:\/\/redenoticiaz.com.br\/litoralsp\/wp-json\/wp\/v2\/posts"}],"about":[{"href":"https:\/\/redenoticiaz.com.br\/litoralsp\/wp-json\/wp\/v2\/types\/post"}],"author":[{"embeddable":true,"href":"https:\/\/redenoticiaz.com.br\/litoralsp\/wp-json\/wp\/v2\/users\/6"}],"replies":[{"embeddable":true,"href":"https:\/\/redenoticiaz.com.br\/litoralsp\/wp-json\/wp\/v2\/comments?post=23098"}],"version-history":[{"count":1,"href":"https:\/\/redenoticiaz.com.br\/litoralsp\/wp-json\/wp\/v2\/posts\/23098\/revisions"}],"predecessor-version":[{"id":23100,"href":"https:\/\/redenoticiaz.com.br\/litoralsp\/wp-json\/wp\/v2\/posts\/23098\/revisions\/23100"}],"wp:featuredmedia":[{"embeddable":true,"href":"https:\/\/redenoticiaz.com.br\/litoralsp\/wp-json\/wp\/v2\/media\/23099"}],"wp:attachment":[{"href":"https:\/\/redenoticiaz.com.br\/litoralsp\/wp-json\/wp\/v2\/media?parent=23098"}],"wp:term":[{"taxonomy":"category","embeddable":true,"href":"https:\/\/redenoticiaz.com.br\/litoralsp\/wp-json\/wp\/v2\/categories?post=23098"},{"taxonomy":"post_tag","embeddable":true,"href":"https:\/\/redenoticiaz.com.br\/litoralsp\/wp-json\/wp\/v2\/tags?post=23098"}],"curies":[{"name":"wp","href":"https:\/\/api.w.org\/{rel}","templated":true}]}}