{"id":2334,"date":"2021-01-04T17:51:54","date_gmt":"2021-01-04T20:51:54","guid":{"rendered":"https:\/\/redenoticiaz.com.br\/litoralsp\/2021\/01\/04\/video-prefeito-toma-posse-usando-saia\/"},"modified":"2021-01-04T17:58:04","modified_gmt":"2021-01-04T20:58:04","slug":"video-prefeito-toma-posse-usando-saia","status":"publish","type":"post","link":"https:\/\/redenoticiaz.com.br\/litoralsp\/2021\/01\/04\/video-prefeito-toma-posse-usando-saia","title":{"rendered":"V\u00cdDEO &#8211; Prefeito toma posse usando saia"},"content":{"rendered":"<p>A cerim\u00f4nia de posse da <a href=\"http:\/\/www.mampituba.rs.gov.br\/\">Prefeitura de Mampituba<\/a>, no Rio Grande do Sul, foi marcada por uma cena curiosa. Pedro Juarez (MDB), que foi o eleito na cidade tomou posse usando uma saia. Ele escolheu a vestimenta porque pagou uma aposta.<\/p>\n<p>Durante a campanha eleitoral, Pedro disse que se fosse eleito tomaria posse usando uma saia. E o novo chefe do Executivo conseguiu se eleger com 53,82%, vencendo o candidato Deg\u00e3o (PTB). Assim usou a pe\u00e7a e o v\u00eddeo foi parar nas redes sociais, onde j\u00e1 viralizou. Muita gente escreveu que ele, neste aspecto, foi um &#8220;homem de palavra&#8221;.<\/p>\n<p>Veja o v\u00eddeo:<\/p>\n<div style=\"width: 352px;\" class=\"wp-video\"><video class=\"wp-video-shortcode\" id=\"video-2334-1\" width=\"352\" height=\"640\" preload=\"metadata\" controls=\"controls\"><source type=\"video\/mp4\" src=\"https:\/\/redenoticiaz.com.br\/wp-content\/uploads\/2021\/01\/whatsapp-video-2021-01-04-at-17-23-56.mp4?_=1\" \/><a href=\"https:\/\/redenoticiaz.com.br\/wp-content\/uploads\/2021\/01\/whatsapp-video-2021-01-04-at-17-23-56.mp4\">https:\/\/redenoticiaz.com.br\/wp-content\/uploads\/2021\/01\/whatsapp-video-2021-01-04-at-17-23-56.mp4<\/a><\/video><\/div>\n<p>Leia tamb\u00e9m<\/p>\n<p><a href=\"https:\/\/redenoticiaz.com.br\/blog\/2021\/01\/03\/video-turista-que-se-afogava-e-salvo-por-equipe-do-helicoptero\/\">V\u00cdDEO \u2013 Turista que se afogava \u00e9 salvo por equipe do helic\u00f3ptero<\/a><\/p>\n","protected":false},"excerpt":{"rendered":"<p>A cerim\u00f4nia de posse da Prefeitura de Mampituba, no Rio Grande do Sul, foi marcada por uma cena curiosa. Pedro Juarez (MDB), que foi o eleito na cidade tomou posse usando uma saia. Ele escolheu a vestimenta porque pagou uma aposta. Durante a campanha eleitoral, Pedro disse que se fosse eleito tomaria posse usando uma &hellip;<\/p>\n","protected":false},"author":6,"featured_media":2335,"comment_status":"open","ping_status":"closed","sticky":false,"template":"","format":"standard","meta":{"footnotes":""},"categories":[15],"tags":[7405,7406,3700,1069,1548,7407],"class_list":["post-2334","post","type-post","status-publish","format-standard","has-post-thumbnail","hentry","category-politica","tag-mampituba","tag-pedro-juarez","tag-posse","tag-prefeito","tag-rio-grande-do-sul","tag-saia"],"yoast_head":"<!-- This site is optimized with the Yoast SEO plugin v27.5 - https:\/\/yoast.com\/product\/yoast-seo-wordpress\/ -->\n<title>V\u00cdDEO - Prefeito toma posse usando saia - Litoral SP<\/title>\n<meta name=\"description\" content=\"A cerim\u00f4nia de posse da Prefeitura de Mampituba, no Rio Grande do Sul, foi marcada por uma cena curiosa. Pedro Juarez (MDB), que foi o eleito na cidade tomou posse usando uma saia.\" \/>\n<meta name=\"robots\" content=\"index, follow, max-snippet:-1, max-image-preview:large, max-video-preview:-1\" \/>\n<link rel=\"canonical\" href=\"https:\/\/redenoticiaz.com.br\/litoralsp\/2021\/01\/04\/video-prefeito-toma-posse-usando-saia\" \/>\n<meta property=\"og:locale\" content=\"pt_BR\" \/>\n<meta property=\"og:type\" content=\"article\" \/>\n<meta property=\"og:title\" content=\"V\u00cdDEO - Prefeito toma posse usando saia - Litoral SP\" \/>\n<meta property=\"og:description\" content=\"A cerim\u00f4nia de posse da Prefeitura de Mampituba, no Rio Grande do Sul, foi marcada por uma cena curiosa. Pedro Juarez (MDB), que foi o eleito na cidade tomou posse usando uma saia.\" \/>\n<meta property=\"og:url\" content=\"https:\/\/redenoticiaz.com.br\/litoralsp\/2021\/01\/04\/video-prefeito-toma-posse-usando-saia\" \/>\n<meta property=\"og:site_name\" content=\"Litoral SP\" \/>\n<meta property=\"article:published_time\" content=\"2021-01-04T20:51:54+00:00\" \/>\n<meta property=\"article:modified_time\" content=\"2021-01-04T20:58:04+00:00\" \/>\n<meta property=\"og:image\" content=\"https:\/\/redenoticiaz.com.br\/litoralsp\/wp-content\/uploads\/sites\/3\/2021\/01\/whatsapp-image-2021-01-04-at-17-17-43.jpeg\" \/>\n\t<meta property=\"og:image:width\" content=\"700\" \/>\n\t<meta property=\"og:image:height\" content=\"466\" \/>\n\t<meta property=\"og:image:type\" content=\"image\/jpeg\" \/>\n<meta name=\"author\" content=\"Leonardo Francisco\" \/>\n<meta name=\"twitter:card\" content=\"summary_large_image\" \/>\n<meta name=\"twitter:label1\" content=\"Escrito por\" \/>\n\t<meta name=\"twitter:data1\" content=\"Leonardo Francisco\" \/>\n\t<meta name=\"twitter:label2\" content=\"Est. tempo de leitura\" \/>\n\t<meta name=\"twitter:data2\" content=\"1 minuto\" \/>\n<script type=\"application\/ld+json\" class=\"yoast-schema-graph\">{\"@context\":\"https:\\\/\\\/schema.org\",\"@graph\":[{\"@type\":\"Article\",\"@id\":\"https:\\\/\\\/redenoticiaz.com.br\\\/litoralsp\\\/2021\\\/01\\\/04\\\/video-prefeito-toma-posse-usando-saia#article\",\"isPartOf\":{\"@id\":\"https:\\\/\\\/redenoticiaz.com.br\\\/litoralsp\\\/2021\\\/01\\\/04\\\/video-prefeito-toma-posse-usando-saia\"},\"author\":{\"name\":\"Leonardo Francisco\",\"@id\":\"https:\\\/\\\/redenoticiaz.com.br\\\/litoralsp\\\/#\\\/schema\\\/person\\\/0f0b8a5bdafefe82841e07ae8d81ecb3\"},\"headline\":\"V\u00cdDEO &#8211; Prefeito toma posse usando saia\",\"datePublished\":\"2021-01-04T20:51:54+00:00\",\"dateModified\":\"2021-01-04T20:58:04+00:00\",\"mainEntityOfPage\":{\"@id\":\"https:\\\/\\\/redenoticiaz.com.br\\\/litoralsp\\\/2021\\\/01\\\/04\\\/video-prefeito-toma-posse-usando-saia\"},\"wordCount\":147,\"commentCount\":0,\"publisher\":{\"@id\":\"https:\\\/\\\/redenoticiaz.com.br\\\/litoralsp\\\/#organization\"},\"image\":{\"@id\":\"https:\\\/\\\/redenoticiaz.com.br\\\/litoralsp\\\/2021\\\/01\\\/04\\\/video-prefeito-toma-posse-usando-saia#primaryimage\"},\"thumbnailUrl\":\"https:\\\/\\\/redenoticiaz.com.br\\\/litoralsp\\\/wp-content\\\/uploads\\\/sites\\\/3\\\/2021\\\/01\\\/whatsapp-image-2021-01-04-at-17-17-43.jpeg\",\"keywords\":[\"MAMPITUBA\",\"PEDRO JUAREZ\",\"POSSE\",\"prefeito\",\"RIO GRANDE DO SUL\",\"SAIA\"],\"articleSection\":[\"Pol\u00edtica\"],\"inLanguage\":\"pt-BR\",\"potentialAction\":[{\"@type\":\"CommentAction\",\"name\":\"Comment\",\"target\":[\"https:\\\/\\\/redenoticiaz.com.br\\\/litoralsp\\\/2021\\\/01\\\/04\\\/video-prefeito-toma-posse-usando-saia#respond\"]}]},{\"@type\":\"WebPage\",\"@id\":\"https:\\\/\\\/redenoticiaz.com.br\\\/litoralsp\\\/2021\\\/01\\\/04\\\/video-prefeito-toma-posse-usando-saia\",\"url\":\"https:\\\/\\\/redenoticiaz.com.br\\\/litoralsp\\\/2021\\\/01\\\/04\\\/video-prefeito-toma-posse-usando-saia\",\"name\":\"V\u00cdDEO - Prefeito toma posse usando saia - Litoral SP\",\"isPartOf\":{\"@id\":\"https:\\\/\\\/redenoticiaz.com.br\\\/litoralsp\\\/#website\"},\"primaryImageOfPage\":{\"@id\":\"https:\\\/\\\/redenoticiaz.com.br\\\/litoralsp\\\/2021\\\/01\\\/04\\\/video-prefeito-toma-posse-usando-saia#primaryimage\"},\"image\":{\"@id\":\"https:\\\/\\\/redenoticiaz.com.br\\\/litoralsp\\\/2021\\\/01\\\/04\\\/video-prefeito-toma-posse-usando-saia#primaryimage\"},\"thumbnailUrl\":\"https:\\\/\\\/redenoticiaz.com.br\\\/litoralsp\\\/wp-content\\\/uploads\\\/sites\\\/3\\\/2021\\\/01\\\/whatsapp-image-2021-01-04-at-17-17-43.jpeg\",\"datePublished\":\"2021-01-04T20:51:54+00:00\",\"dateModified\":\"2021-01-04T20:58:04+00:00\",\"description\":\"A cerim\u00f4nia de posse da Prefeitura de Mampituba, no Rio Grande do Sul, foi marcada por uma cena curiosa. Pedro Juarez (MDB), que foi o eleito na cidade tomou posse usando uma saia.\",\"inLanguage\":\"pt-BR\",\"potentialAction\":[{\"@type\":\"ReadAction\",\"target\":[\"https:\\\/\\\/redenoticiaz.com.br\\\/litoralsp\\\/2021\\\/01\\\/04\\\/video-prefeito-toma-posse-usando-saia\"]}]},{\"@type\":\"ImageObject\",\"inLanguage\":\"pt-BR\",\"@id\":\"https:\\\/\\\/redenoticiaz.com.br\\\/litoralsp\\\/2021\\\/01\\\/04\\\/video-prefeito-toma-posse-usando-saia#primaryimage\",\"url\":\"https:\\\/\\\/redenoticiaz.com.br\\\/litoralsp\\\/wp-content\\\/uploads\\\/sites\\\/3\\\/2021\\\/01\\\/whatsapp-image-2021-01-04-at-17-17-43.jpeg\",\"contentUrl\":\"https:\\\/\\\/redenoticiaz.com.br\\\/litoralsp\\\/wp-content\\\/uploads\\\/sites\\\/3\\\/2021\\\/01\\\/whatsapp-image-2021-01-04-at-17-17-43.jpeg\",\"width\":700,\"height\":466,\"caption\":\"Prefeito toma posse usando saia\"},{\"@type\":\"WebSite\",\"@id\":\"https:\\\/\\\/redenoticiaz.com.br\\\/litoralsp\\\/#website\",\"url\":\"https:\\\/\\\/redenoticiaz.com.br\\\/litoralsp\\\/\",\"name\":\"Litoral SP\",\"description\":\"Rede NoticiaZ\",\"publisher\":{\"@id\":\"https:\\\/\\\/redenoticiaz.com.br\\\/litoralsp\\\/#organization\"},\"potentialAction\":[{\"@type\":\"SearchAction\",\"target\":{\"@type\":\"EntryPoint\",\"urlTemplate\":\"https:\\\/\\\/redenoticiaz.com.br\\\/litoralsp\\\/?s={search_term_string}\"},\"query-input\":{\"@type\":\"PropertyValueSpecification\",\"valueRequired\":true,\"valueName\":\"search_term_string\"}}],\"inLanguage\":\"pt-BR\"},{\"@type\":\"Organization\",\"@id\":\"https:\\\/\\\/redenoticiaz.com.br\\\/litoralsp\\\/#organization\",\"name\":\"Litoral SP\",\"url\":\"https:\\\/\\\/redenoticiaz.com.br\\\/litoralsp\\\/\",\"logo\":{\"@type\":\"ImageObject\",\"inLanguage\":\"pt-BR\",\"@id\":\"https:\\\/\\\/redenoticiaz.com.br\\\/litoralsp\\\/#\\\/schema\\\/logo\\\/image\\\/\",\"url\":\"https:\\\/\\\/redenoticiaz.com.br\\\/litoralsp\\\/wp-content\\\/uploads\\\/sites\\\/3\\\/2020\\\/11\\\/logo.jpg\",\"contentUrl\":\"https:\\\/\\\/redenoticiaz.com.br\\\/litoralsp\\\/wp-content\\\/uploads\\\/sites\\\/3\\\/2020\\\/11\\\/logo.jpg\",\"width\":400,\"height\":250,\"caption\":\"Litoral SP\"},\"image\":{\"@id\":\"https:\\\/\\\/redenoticiaz.com.br\\\/litoralsp\\\/#\\\/schema\\\/logo\\\/image\\\/\"}},{\"@type\":\"Person\",\"@id\":\"https:\\\/\\\/redenoticiaz.com.br\\\/litoralsp\\\/#\\\/schema\\\/person\\\/0f0b8a5bdafefe82841e07ae8d81ecb3\",\"name\":\"Leonardo Francisco\",\"image\":{\"@type\":\"ImageObject\",\"inLanguage\":\"pt-BR\",\"@id\":\"https:\\\/\\\/secure.gravatar.com\\\/avatar\\\/a7358cb406a99b682ec6df1e77e31ae82e63601f6784e8a3df411d72b37864da?s=96&d=mm&r=g\",\"url\":\"https:\\\/\\\/secure.gravatar.com\\\/avatar\\\/a7358cb406a99b682ec6df1e77e31ae82e63601f6784e8a3df411d72b37864da?s=96&d=mm&r=g\",\"contentUrl\":\"https:\\\/\\\/secure.gravatar.com\\\/avatar\\\/a7358cb406a99b682ec6df1e77e31ae82e63601f6784e8a3df411d72b37864da?s=96&d=mm&r=g\",\"caption\":\"Leonardo Francisco\"},\"url\":\"https:\\\/\\\/redenoticiaz.com.br\\\/litoralsp\\\/author\\\/leonardo-francisco\"}]}<\/script>\n<!-- \/ Yoast SEO plugin. -->","yoast_head_json":{"title":"V\u00cdDEO - Prefeito toma posse usando saia - Litoral SP","description":"A cerim\u00f4nia de posse da Prefeitura de Mampituba, no Rio Grande do Sul, foi marcada por uma cena curiosa. Pedro Juarez (MDB), que foi o eleito na cidade tomou posse usando uma saia.","robots":{"index":"index","follow":"follow","max-snippet":"max-snippet:-1","max-image-preview":"max-image-preview:large","max-video-preview":"max-video-preview:-1"},"canonical":"https:\/\/redenoticiaz.com.br\/litoralsp\/2021\/01\/04\/video-prefeito-toma-posse-usando-saia","og_locale":"pt_BR","og_type":"article","og_title":"V\u00cdDEO - Prefeito toma posse usando saia - Litoral SP","og_description":"A cerim\u00f4nia de posse da Prefeitura de Mampituba, no Rio Grande do Sul, foi marcada por uma cena curiosa. Pedro Juarez (MDB), que foi o eleito na cidade tomou posse usando uma saia.","og_url":"https:\/\/redenoticiaz.com.br\/litoralsp\/2021\/01\/04\/video-prefeito-toma-posse-usando-saia","og_site_name":"Litoral SP","article_published_time":"2021-01-04T20:51:54+00:00","article_modified_time":"2021-01-04T20:58:04+00:00","og_image":[{"width":700,"height":466,"url":"https:\/\/redenoticiaz.com.br\/litoralsp\/wp-content\/uploads\/sites\/3\/2021\/01\/whatsapp-image-2021-01-04-at-17-17-43.jpeg","type":"image\/jpeg"}],"author":"Leonardo Francisco","twitter_card":"summary_large_image","twitter_misc":{"Escrito por":"Leonardo Francisco","Est. tempo de leitura":"1 minuto"},"schema":{"@context":"https:\/\/schema.org","@graph":[{"@type":"Article","@id":"https:\/\/redenoticiaz.com.br\/litoralsp\/2021\/01\/04\/video-prefeito-toma-posse-usando-saia#article","isPartOf":{"@id":"https:\/\/redenoticiaz.com.br\/litoralsp\/2021\/01\/04\/video-prefeito-toma-posse-usando-saia"},"author":{"name":"Leonardo Francisco","@id":"https:\/\/redenoticiaz.com.br\/litoralsp\/#\/schema\/person\/0f0b8a5bdafefe82841e07ae8d81ecb3"},"headline":"V\u00cdDEO &#8211; Prefeito toma posse usando saia","datePublished":"2021-01-04T20:51:54+00:00","dateModified":"2021-01-04T20:58:04+00:00","mainEntityOfPage":{"@id":"https:\/\/redenoticiaz.com.br\/litoralsp\/2021\/01\/04\/video-prefeito-toma-posse-usando-saia"},"wordCount":147,"commentCount":0,"publisher":{"@id":"https:\/\/redenoticiaz.com.br\/litoralsp\/#organization"},"image":{"@id":"https:\/\/redenoticiaz.com.br\/litoralsp\/2021\/01\/04\/video-prefeito-toma-posse-usando-saia#primaryimage"},"thumbnailUrl":"https:\/\/redenoticiaz.com.br\/litoralsp\/wp-content\/uploads\/sites\/3\/2021\/01\/whatsapp-image-2021-01-04-at-17-17-43.jpeg","keywords":["MAMPITUBA","PEDRO JUAREZ","POSSE","prefeito","RIO GRANDE DO SUL","SAIA"],"articleSection":["Pol\u00edtica"],"inLanguage":"pt-BR","potentialAction":[{"@type":"CommentAction","name":"Comment","target":["https:\/\/redenoticiaz.com.br\/litoralsp\/2021\/01\/04\/video-prefeito-toma-posse-usando-saia#respond"]}]},{"@type":"WebPage","@id":"https:\/\/redenoticiaz.com.br\/litoralsp\/2021\/01\/04\/video-prefeito-toma-posse-usando-saia","url":"https:\/\/redenoticiaz.com.br\/litoralsp\/2021\/01\/04\/video-prefeito-toma-posse-usando-saia","name":"V\u00cdDEO - Prefeito toma posse usando saia - Litoral SP","isPartOf":{"@id":"https:\/\/redenoticiaz.com.br\/litoralsp\/#website"},"primaryImageOfPage":{"@id":"https:\/\/redenoticiaz.com.br\/litoralsp\/2021\/01\/04\/video-prefeito-toma-posse-usando-saia#primaryimage"},"image":{"@id":"https:\/\/redenoticiaz.com.br\/litoralsp\/2021\/01\/04\/video-prefeito-toma-posse-usando-saia#primaryimage"},"thumbnailUrl":"https:\/\/redenoticiaz.com.br\/litoralsp\/wp-content\/uploads\/sites\/3\/2021\/01\/whatsapp-image-2021-01-04-at-17-17-43.jpeg","datePublished":"2021-01-04T20:51:54+00:00","dateModified":"2021-01-04T20:58:04+00:00","description":"A cerim\u00f4nia de posse da Prefeitura de Mampituba, no Rio Grande do Sul, foi marcada por uma cena curiosa. Pedro Juarez (MDB), que foi o eleito na cidade tomou posse usando uma saia.","inLanguage":"pt-BR","potentialAction":[{"@type":"ReadAction","target":["https:\/\/redenoticiaz.com.br\/litoralsp\/2021\/01\/04\/video-prefeito-toma-posse-usando-saia"]}]},{"@type":"ImageObject","inLanguage":"pt-BR","@id":"https:\/\/redenoticiaz.com.br\/litoralsp\/2021\/01\/04\/video-prefeito-toma-posse-usando-saia#primaryimage","url":"https:\/\/redenoticiaz.com.br\/litoralsp\/wp-content\/uploads\/sites\/3\/2021\/01\/whatsapp-image-2021-01-04-at-17-17-43.jpeg","contentUrl":"https:\/\/redenoticiaz.com.br\/litoralsp\/wp-content\/uploads\/sites\/3\/2021\/01\/whatsapp-image-2021-01-04-at-17-17-43.jpeg","width":700,"height":466,"caption":"Prefeito toma posse usando saia"},{"@type":"WebSite","@id":"https:\/\/redenoticiaz.com.br\/litoralsp\/#website","url":"https:\/\/redenoticiaz.com.br\/litoralsp\/","name":"Litoral SP","description":"Rede NoticiaZ","publisher":{"@id":"https:\/\/redenoticiaz.com.br\/litoralsp\/#organization"},"potentialAction":[{"@type":"SearchAction","target":{"@type":"EntryPoint","urlTemplate":"https:\/\/redenoticiaz.com.br\/litoralsp\/?s={search_term_string}"},"query-input":{"@type":"PropertyValueSpecification","valueRequired":true,"valueName":"search_term_string"}}],"inLanguage":"pt-BR"},{"@type":"Organization","@id":"https:\/\/redenoticiaz.com.br\/litoralsp\/#organization","name":"Litoral SP","url":"https:\/\/redenoticiaz.com.br\/litoralsp\/","logo":{"@type":"ImageObject","inLanguage":"pt-BR","@id":"https:\/\/redenoticiaz.com.br\/litoralsp\/#\/schema\/logo\/image\/","url":"https:\/\/redenoticiaz.com.br\/litoralsp\/wp-content\/uploads\/sites\/3\/2020\/11\/logo.jpg","contentUrl":"https:\/\/redenoticiaz.com.br\/litoralsp\/wp-content\/uploads\/sites\/3\/2020\/11\/logo.jpg","width":400,"height":250,"caption":"Litoral SP"},"image":{"@id":"https:\/\/redenoticiaz.com.br\/litoralsp\/#\/schema\/logo\/image\/"}},{"@type":"Person","@id":"https:\/\/redenoticiaz.com.br\/litoralsp\/#\/schema\/person\/0f0b8a5bdafefe82841e07ae8d81ecb3","name":"Leonardo Francisco","image":{"@type":"ImageObject","inLanguage":"pt-BR","@id":"https:\/\/secure.gravatar.com\/avatar\/a7358cb406a99b682ec6df1e77e31ae82e63601f6784e8a3df411d72b37864da?s=96&d=mm&r=g","url":"https:\/\/secure.gravatar.com\/avatar\/a7358cb406a99b682ec6df1e77e31ae82e63601f6784e8a3df411d72b37864da?s=96&d=mm&r=g","contentUrl":"https:\/\/secure.gravatar.com\/avatar\/a7358cb406a99b682ec6df1e77e31ae82e63601f6784e8a3df411d72b37864da?s=96&d=mm&r=g","caption":"Leonardo Francisco"},"url":"https:\/\/redenoticiaz.com.br\/litoralsp\/author\/leonardo-francisco"}]}},"_links":{"self":[{"href":"https:\/\/redenoticiaz.com.br\/litoralsp\/wp-json\/wp\/v2\/posts\/2334","targetHints":{"allow":["GET"]}}],"collection":[{"href":"https:\/\/redenoticiaz.com.br\/litoralsp\/wp-json\/wp\/v2\/posts"}],"about":[{"href":"https:\/\/redenoticiaz.com.br\/litoralsp\/wp-json\/wp\/v2\/types\/post"}],"author":[{"embeddable":true,"href":"https:\/\/redenoticiaz.com.br\/litoralsp\/wp-json\/wp\/v2\/users\/6"}],"replies":[{"embeddable":true,"href":"https:\/\/redenoticiaz.com.br\/litoralsp\/wp-json\/wp\/v2\/comments?post=2334"}],"version-history":[{"count":1,"href":"https:\/\/redenoticiaz.com.br\/litoralsp\/wp-json\/wp\/v2\/posts\/2334\/revisions"}],"predecessor-version":[{"id":2336,"href":"https:\/\/redenoticiaz.com.br\/litoralsp\/wp-json\/wp\/v2\/posts\/2334\/revisions\/2336"}],"wp:featuredmedia":[{"embeddable":true,"href":"https:\/\/redenoticiaz.com.br\/litoralsp\/wp-json\/wp\/v2\/media\/2335"}],"wp:attachment":[{"href":"https:\/\/redenoticiaz.com.br\/litoralsp\/wp-json\/wp\/v2\/media?parent=2334"}],"wp:term":[{"taxonomy":"category","embeddable":true,"href":"https:\/\/redenoticiaz.com.br\/litoralsp\/wp-json\/wp\/v2\/categories?post=2334"},{"taxonomy":"post_tag","embeddable":true,"href":"https:\/\/redenoticiaz.com.br\/litoralsp\/wp-json\/wp\/v2\/tags?post=2334"}],"curies":[{"name":"wp","href":"https:\/\/api.w.org\/{rel}","templated":true}]}}