{"id":23404,"date":"2022-02-14T15:30:59","date_gmt":"2022-02-14T18:30:59","guid":{"rendered":"https:\/\/redenoticiaz.com.br\/litoralsp\/2022\/02\/14\/mais-um-paredao-e-formado-no-bbb-e-natalia-solta-a-metralhadora"},"modified":"2022-02-14T15:33:36","modified_gmt":"2022-02-14T18:33:36","slug":"mais-um-paredao-e-formado-no-bbb-e-natalia-solta-a-metralhadora","status":"publish","type":"post","link":"https:\/\/redenoticiaz.com.br\/litoralsp\/2022\/02\/14\/mais-um-paredao-e-formado-no-bbb-e-natalia-solta-a-metralhadora","title":{"rendered":"Mais um Pared\u00e3o \u00e9 formado no BBB e Nat\u00e1lia &#8216;solta a metralhadora&#8217;"},"content":{"rendered":"<p>O domingo (13) foi mais um dia de forma\u00e7\u00e3o do <strong>Pared\u00e3o<\/strong> do <a href=\"https:\/\/gshow.globo.com\/realities\/bbb\/\">Big Brother Brasil<\/a> e uma das escolhas rendeu insatisfa\u00e7\u00e3o e cr\u00edticas. A personagem da vez? Nat\u00e1lia. A mineira foi uma das indicadas, junto com Arthur Aguiar e B\u00e1rbara. Quem vai ficar na casa? Somente na noite de ter\u00e7a saberemos e a decis\u00e3o est\u00e1 nas suas m\u00e3os.<\/p>\n<p>Arthur foi o escolhido pela l\u00edder Jade Picon e a sister justificou. &#8220;Acho que o\u00a0BBB \u00e9 um diferente de qualquer um, porque ningu\u00e9m l\u00ea manual, n\u00e3o existe f\u00f3rmula secreta e cada semana \u00e9 uma semana. Voc\u00ea s\u00f3 aprende jogar, jogando, acertando e mudando estrat\u00e9gias. Meus motivos s\u00e3o parecidos com os da outra semana, mas sinto necessidade de me proteger. N\u00e3o quero criar uma desaven\u00e7a com outra pessoa, ent\u00e3o vou seguir na minha posi\u00e7\u00e3o de indicar o Arthur, como maneira de me proteger&#8221;.<\/p>\n<h3>Nat\u00e1lia<\/h3>\n<p>J\u00e1 o segundo nome foi por meio da vota\u00e7\u00e3o de todos os integrantes da casa e Nat\u00e1lia foi a mais escolhida, sendo a segunda indicada. Revoltada, n\u00e3o poupou cr\u00edticas pela indica\u00e7\u00e3o Em conversa com Pedro Scooby,\u00a0Paulo Andr\u00e9,\u00a0Douglas Silva\u00a0e\u00a0Gustavo,\u00a0a mineira n\u00e3o disfar\u00e7ou seu receio\u00a0em rela\u00e7\u00e3o a\u00a0Linn da Quebrada, com quem divide o Quarto Grunge, e chegou a questionar a lealdade da cantora:<\/p>\n<div class=\"mc-column content-text active-extra-styles\" data-block-type=\"raw\" data-block-weight=\"22\" data-block-id=\"16\">\n<blockquote class=\"content-blockquote theme-border-color-primary-before\"><p>&#8220;A Linn, eu sinto um pouco de receio porque \u00e0s vezes eu acho que ela n\u00e3o \u00e9 leal. Eu estou falando s\u00e9rio&#8221;.<\/p><\/blockquote>\n<p>E a sister n\u00e3o parou por a\u00ed. Depois do papo com os brothers,\u00a0Nat\u00e1lia teve uma DR com Vinicius no Quarto Lollipop. O bacharel em Direito tentou justificar seu voto para a mineira, que o interrompeu e declarou: &#8220;Eu j\u00e1 esperava que voc\u00ea fosse votar em mim, mas eu estava querendo muito ser surpreendida.&#8221;<\/p>\n<\/div>\n<div data-block-type=\"raw\" data-block-weight=\"22\" data-block-id=\"16\"><\/div>\n<div data-block-type=\"raw\" data-block-weight=\"22\" data-block-id=\"16\">A\u00ed ele rebateu. <span class=\"highlight highlighted\">&#8220;\u00c9 esse o jogo que ela quer fazer de deboche? Meu amor, ela quer entrar nessa pilha? T\u00e1 bom. Esse jogo dela eu sei fazer. E mod\u00e9stia \u00e0 parte, eu sou muito bom em fazer&#8221;.<\/span><\/div>\n<div data-block-type=\"raw\" data-block-weight=\"22\" data-block-id=\"16\"><\/div>\n<div data-block-type=\"raw\" data-block-weight=\"22\" data-block-id=\"16\">Al\u00e9m disso, tamb\u00e9m teve troca de farpas entre a mineira e Linn da Quebrada. Em conversa na \u00e1rea externa, os \u00e2nimos se exaltaram e a carioca declarou: <span class=\"highlight highlighted\">&#8220;Voc\u00ea est\u00e1 me dando coices desnecess\u00e1rios&#8221;.<\/span><\/div>\n<h3 data-block-type=\"raw\" data-block-weight=\"22\" data-block-id=\"16\">B\u00e1rbara emparedada e novos integrantes<\/h3>\n<p>Como a mais escolhida, Nat\u00e1lia poderia indicar uma pessoa direto para o Pared\u00e3o do BBB 22. Ela escolheu La\u00eds e ela seria mais\u00a0 um nome para se juntar \u00e0 sister e tamb\u00e9m ao Arthur. Mas ele decidiu para que B\u00e1rbara fosse a empaedada.<\/p>\n<p>Houve a disputa da Prova Bate-Volta, que escolheria quem iria para o Pared\u00e3o e La\u00eds saiu a vencedora. Assim, Arthur, B\u00e1rbara e Nat\u00e1llia est\u00e3o na briga pela perman\u00eancia do BBB.<\/p>\n<p>Enquanto isso, o Big Brother Brasil tem dois novos participantes. Gustavo e Larissa receberam votos favor\u00e1veis do p\u00fablico e assim entraram no reality.<\/p>\n<p><strong>LEIA TAMB\u00c9M<\/strong><\/p>\n<p><a href=\"https:\/\/redenoticiaz.com.br\/blog\/2022\/02\/12\/jade-picon-e-paulo-andre-se-beijam-e-esquentam-o-clima-no-bbb-22\">Jade Picon e Paulo Andr\u00e9 se beijam e esquentam o clima no BBB 22<\/a><\/p>\n","protected":false},"excerpt":{"rendered":"<p>O domingo (13) foi mais um dia de forma\u00e7\u00e3o do Pared\u00e3o do Big Brother Brasil e uma das escolhas rendeu insatisfa\u00e7\u00e3o e cr\u00edticas. A personagem da vez? Nat\u00e1lia. A mineira foi uma das indicadas, junto com Arthur Aguiar e B\u00e1rbara. Quem vai ficar na casa? Somente na noite de ter\u00e7a saberemos e a decis\u00e3o est\u00e1 &hellip;<\/p>\n","protected":false},"author":6,"featured_media":23405,"comment_status":"open","ping_status":"closed","sticky":false,"template":"","format":"standard","meta":{"footnotes":""},"categories":[170],"tags":[47523,48092,37589,12676,48375,20032],"class_list":["post-23404","post","type-post","status-publish","format-standard","has-post-thumbnail","hentry","category-entretenimento","tag-arthur-aguiar","tag-barbara","tag-bbb-22","tag-big-brother-brasil","tag-natalia","tag-paredao"],"yoast_head":"<!-- This site is optimized with the Yoast SEO plugin v27.5 - https:\/\/yoast.com\/product\/yoast-seo-wordpress\/ -->\n<title>Mais um Pared\u00e3o \u00e9 formado no BBB e Nat\u00e1lia &#039;solta a metralhadora&#039; - Litoral SP<\/title>\n<meta name=\"description\" content=\"forma\u00e7\u00e3o do Pared\u00e3o do Big Brother Brasil e uma das escolhas rendeu insatisfa\u00e7\u00e3o e cr\u00edticas. A personagem da vez? Nat\u00e1lia. A mineira\" \/>\n<meta name=\"robots\" content=\"index, follow, max-snippet:-1, max-image-preview:large, max-video-preview:-1\" \/>\n<link rel=\"canonical\" href=\"https:\/\/redenoticiaz.com.br\/litoralsp\/2022\/02\/14\/mais-um-paredao-e-formado-no-bbb-e-natalia-solta-a-metralhadora\" \/>\n<meta property=\"og:locale\" content=\"pt_BR\" \/>\n<meta property=\"og:type\" content=\"article\" \/>\n<meta property=\"og:title\" content=\"Mais um Pared\u00e3o \u00e9 formado no BBB e Nat\u00e1lia &#039;solta a metralhadora&#039; - Litoral SP\" \/>\n<meta property=\"og:description\" content=\"forma\u00e7\u00e3o do Pared\u00e3o do Big Brother Brasil e uma das escolhas rendeu insatisfa\u00e7\u00e3o e cr\u00edticas. A personagem da vez? Nat\u00e1lia. A mineira\" \/>\n<meta property=\"og:url\" content=\"https:\/\/redenoticiaz.com.br\/litoralsp\/2022\/02\/14\/mais-um-paredao-e-formado-no-bbb-e-natalia-solta-a-metralhadora\" \/>\n<meta property=\"og:site_name\" content=\"Litoral SP\" \/>\n<meta property=\"article:published_time\" content=\"2022-02-14T18:30:59+00:00\" \/>\n<meta property=\"article:modified_time\" content=\"2022-02-14T18:33:36+00:00\" \/>\n<meta property=\"og:image\" content=\"https:\/\/redenoticiaz.com.br\/litoralsp\/wp-content\/uploads\/sites\/3\/2022\/02\/arthur-aguiar-barbara-natalia-quarto-paredao-bbb22.jpg\" \/>\n\t<meta property=\"og:image:width\" content=\"984\" \/>\n\t<meta property=\"og:image:height\" content=\"467\" \/>\n\t<meta property=\"og:image:type\" content=\"image\/jpeg\" \/>\n<meta name=\"author\" content=\"Leonardo Francisco\" \/>\n<meta name=\"twitter:card\" content=\"summary_large_image\" \/>\n<meta name=\"twitter:label1\" content=\"Escrito por\" \/>\n\t<meta name=\"twitter:data1\" content=\"Leonardo Francisco\" \/>\n\t<meta name=\"twitter:label2\" content=\"Est. tempo de leitura\" \/>\n\t<meta name=\"twitter:data2\" content=\"3 minutos\" \/>\n<script type=\"application\/ld+json\" class=\"yoast-schema-graph\">{\"@context\":\"https:\\\/\\\/schema.org\",\"@graph\":[{\"@type\":\"Article\",\"@id\":\"https:\\\/\\\/redenoticiaz.com.br\\\/litoralsp\\\/2022\\\/02\\\/14\\\/mais-um-paredao-e-formado-no-bbb-e-natalia-solta-a-metralhadora#article\",\"isPartOf\":{\"@id\":\"https:\\\/\\\/redenoticiaz.com.br\\\/litoralsp\\\/2022\\\/02\\\/14\\\/mais-um-paredao-e-formado-no-bbb-e-natalia-solta-a-metralhadora\"},\"author\":{\"name\":\"Leonardo Francisco\",\"@id\":\"https:\\\/\\\/redenoticiaz.com.br\\\/litoralsp\\\/#\\\/schema\\\/person\\\/0f0b8a5bdafefe82841e07ae8d81ecb3\"},\"headline\":\"Mais um Pared\u00e3o \u00e9 formado no BBB e Nat\u00e1lia &#8216;solta a metralhadora&#8217;\",\"datePublished\":\"2022-02-14T18:30:59+00:00\",\"dateModified\":\"2022-02-14T18:33:36+00:00\",\"mainEntityOfPage\":{\"@id\":\"https:\\\/\\\/redenoticiaz.com.br\\\/litoralsp\\\/2022\\\/02\\\/14\\\/mais-um-paredao-e-formado-no-bbb-e-natalia-solta-a-metralhadora\"},\"wordCount\":529,\"commentCount\":0,\"publisher\":{\"@id\":\"https:\\\/\\\/redenoticiaz.com.br\\\/litoralsp\\\/#organization\"},\"image\":{\"@id\":\"https:\\\/\\\/redenoticiaz.com.br\\\/litoralsp\\\/2022\\\/02\\\/14\\\/mais-um-paredao-e-formado-no-bbb-e-natalia-solta-a-metralhadora#primaryimage\"},\"thumbnailUrl\":\"https:\\\/\\\/redenoticiaz.com.br\\\/litoralsp\\\/wp-content\\\/uploads\\\/sites\\\/3\\\/2022\\\/02\\\/arthur-aguiar-barbara-natalia-quarto-paredao-bbb22.jpg\",\"keywords\":[\"ARTHUR AGUIAR\",\"B\u00c1RBARA\",\"BBB 22\",\"BIG BROTHER BRASIL\",\"NAT\u00c1LIA\",\"PARED\u00c3O\"],\"articleSection\":[\"Entretenimento\"],\"inLanguage\":\"pt-BR\",\"potentialAction\":[{\"@type\":\"CommentAction\",\"name\":\"Comment\",\"target\":[\"https:\\\/\\\/redenoticiaz.com.br\\\/litoralsp\\\/2022\\\/02\\\/14\\\/mais-um-paredao-e-formado-no-bbb-e-natalia-solta-a-metralhadora#respond\"]}]},{\"@type\":\"WebPage\",\"@id\":\"https:\\\/\\\/redenoticiaz.com.br\\\/litoralsp\\\/2022\\\/02\\\/14\\\/mais-um-paredao-e-formado-no-bbb-e-natalia-solta-a-metralhadora\",\"url\":\"https:\\\/\\\/redenoticiaz.com.br\\\/litoralsp\\\/2022\\\/02\\\/14\\\/mais-um-paredao-e-formado-no-bbb-e-natalia-solta-a-metralhadora\",\"name\":\"Mais um Pared\u00e3o \u00e9 formado no BBB e Nat\u00e1lia 'solta a metralhadora' - Litoral SP\",\"isPartOf\":{\"@id\":\"https:\\\/\\\/redenoticiaz.com.br\\\/litoralsp\\\/#website\"},\"primaryImageOfPage\":{\"@id\":\"https:\\\/\\\/redenoticiaz.com.br\\\/litoralsp\\\/2022\\\/02\\\/14\\\/mais-um-paredao-e-formado-no-bbb-e-natalia-solta-a-metralhadora#primaryimage\"},\"image\":{\"@id\":\"https:\\\/\\\/redenoticiaz.com.br\\\/litoralsp\\\/2022\\\/02\\\/14\\\/mais-um-paredao-e-formado-no-bbb-e-natalia-solta-a-metralhadora#primaryimage\"},\"thumbnailUrl\":\"https:\\\/\\\/redenoticiaz.com.br\\\/litoralsp\\\/wp-content\\\/uploads\\\/sites\\\/3\\\/2022\\\/02\\\/arthur-aguiar-barbara-natalia-quarto-paredao-bbb22.jpg\",\"datePublished\":\"2022-02-14T18:30:59+00:00\",\"dateModified\":\"2022-02-14T18:33:36+00:00\",\"description\":\"forma\u00e7\u00e3o do Pared\u00e3o do Big Brother Brasil e uma das escolhas rendeu insatisfa\u00e7\u00e3o e cr\u00edticas. A personagem da vez? Nat\u00e1lia. A mineira\",\"inLanguage\":\"pt-BR\",\"potentialAction\":[{\"@type\":\"ReadAction\",\"target\":[\"https:\\\/\\\/redenoticiaz.com.br\\\/litoralsp\\\/2022\\\/02\\\/14\\\/mais-um-paredao-e-formado-no-bbb-e-natalia-solta-a-metralhadora\"]}]},{\"@type\":\"ImageObject\",\"inLanguage\":\"pt-BR\",\"@id\":\"https:\\\/\\\/redenoticiaz.com.br\\\/litoralsp\\\/2022\\\/02\\\/14\\\/mais-um-paredao-e-formado-no-bbb-e-natalia-solta-a-metralhadora#primaryimage\",\"url\":\"https:\\\/\\\/redenoticiaz.com.br\\\/litoralsp\\\/wp-content\\\/uploads\\\/sites\\\/3\\\/2022\\\/02\\\/arthur-aguiar-barbara-natalia-quarto-paredao-bbb22.jpg\",\"contentUrl\":\"https:\\\/\\\/redenoticiaz.com.br\\\/litoralsp\\\/wp-content\\\/uploads\\\/sites\\\/3\\\/2022\\\/02\\\/arthur-aguiar-barbara-natalia-quarto-paredao-bbb22.jpg\",\"width\":984,\"height\":467,\"caption\":\"Cr\u00e9ditos: Reprodu\u00e7\u00e3o\\\/TV Globo\"},{\"@type\":\"WebSite\",\"@id\":\"https:\\\/\\\/redenoticiaz.com.br\\\/litoralsp\\\/#website\",\"url\":\"https:\\\/\\\/redenoticiaz.com.br\\\/litoralsp\\\/\",\"name\":\"Litoral SP\",\"description\":\"Rede NoticiaZ\",\"publisher\":{\"@id\":\"https:\\\/\\\/redenoticiaz.com.br\\\/litoralsp\\\/#organization\"},\"potentialAction\":[{\"@type\":\"SearchAction\",\"target\":{\"@type\":\"EntryPoint\",\"urlTemplate\":\"https:\\\/\\\/redenoticiaz.com.br\\\/litoralsp\\\/?s={search_term_string}\"},\"query-input\":{\"@type\":\"PropertyValueSpecification\",\"valueRequired\":true,\"valueName\":\"search_term_string\"}}],\"inLanguage\":\"pt-BR\"},{\"@type\":\"Organization\",\"@id\":\"https:\\\/\\\/redenoticiaz.com.br\\\/litoralsp\\\/#organization\",\"name\":\"Litoral SP\",\"url\":\"https:\\\/\\\/redenoticiaz.com.br\\\/litoralsp\\\/\",\"logo\":{\"@type\":\"ImageObject\",\"inLanguage\":\"pt-BR\",\"@id\":\"https:\\\/\\\/redenoticiaz.com.br\\\/litoralsp\\\/#\\\/schema\\\/logo\\\/image\\\/\",\"url\":\"https:\\\/\\\/redenoticiaz.com.br\\\/litoralsp\\\/wp-content\\\/uploads\\\/sites\\\/3\\\/2020\\\/11\\\/logo.jpg\",\"contentUrl\":\"https:\\\/\\\/redenoticiaz.com.br\\\/litoralsp\\\/wp-content\\\/uploads\\\/sites\\\/3\\\/2020\\\/11\\\/logo.jpg\",\"width\":400,\"height\":250,\"caption\":\"Litoral SP\"},\"image\":{\"@id\":\"https:\\\/\\\/redenoticiaz.com.br\\\/litoralsp\\\/#\\\/schema\\\/logo\\\/image\\\/\"}},{\"@type\":\"Person\",\"@id\":\"https:\\\/\\\/redenoticiaz.com.br\\\/litoralsp\\\/#\\\/schema\\\/person\\\/0f0b8a5bdafefe82841e07ae8d81ecb3\",\"name\":\"Leonardo Francisco\",\"image\":{\"@type\":\"ImageObject\",\"inLanguage\":\"pt-BR\",\"@id\":\"https:\\\/\\\/secure.gravatar.com\\\/avatar\\\/a7358cb406a99b682ec6df1e77e31ae82e63601f6784e8a3df411d72b37864da?s=96&d=mm&r=g\",\"url\":\"https:\\\/\\\/secure.gravatar.com\\\/avatar\\\/a7358cb406a99b682ec6df1e77e31ae82e63601f6784e8a3df411d72b37864da?s=96&d=mm&r=g\",\"contentUrl\":\"https:\\\/\\\/secure.gravatar.com\\\/avatar\\\/a7358cb406a99b682ec6df1e77e31ae82e63601f6784e8a3df411d72b37864da?s=96&d=mm&r=g\",\"caption\":\"Leonardo Francisco\"},\"url\":\"https:\\\/\\\/redenoticiaz.com.br\\\/litoralsp\\\/author\\\/leonardo-francisco\"}]}<\/script>\n<!-- \/ Yoast SEO plugin. -->","yoast_head_json":{"title":"Mais um Pared\u00e3o \u00e9 formado no BBB e Nat\u00e1lia 'solta a metralhadora' - Litoral SP","description":"forma\u00e7\u00e3o do Pared\u00e3o do Big Brother Brasil e uma das escolhas rendeu insatisfa\u00e7\u00e3o e cr\u00edticas. A personagem da vez? Nat\u00e1lia. A mineira","robots":{"index":"index","follow":"follow","max-snippet":"max-snippet:-1","max-image-preview":"max-image-preview:large","max-video-preview":"max-video-preview:-1"},"canonical":"https:\/\/redenoticiaz.com.br\/litoralsp\/2022\/02\/14\/mais-um-paredao-e-formado-no-bbb-e-natalia-solta-a-metralhadora","og_locale":"pt_BR","og_type":"article","og_title":"Mais um Pared\u00e3o \u00e9 formado no BBB e Nat\u00e1lia 'solta a metralhadora' - Litoral SP","og_description":"forma\u00e7\u00e3o do Pared\u00e3o do Big Brother Brasil e uma das escolhas rendeu insatisfa\u00e7\u00e3o e cr\u00edticas. A personagem da vez? Nat\u00e1lia. A mineira","og_url":"https:\/\/redenoticiaz.com.br\/litoralsp\/2022\/02\/14\/mais-um-paredao-e-formado-no-bbb-e-natalia-solta-a-metralhadora","og_site_name":"Litoral SP","article_published_time":"2022-02-14T18:30:59+00:00","article_modified_time":"2022-02-14T18:33:36+00:00","og_image":[{"width":984,"height":467,"url":"https:\/\/redenoticiaz.com.br\/litoralsp\/wp-content\/uploads\/sites\/3\/2022\/02\/arthur-aguiar-barbara-natalia-quarto-paredao-bbb22.jpg","type":"image\/jpeg"}],"author":"Leonardo Francisco","twitter_card":"summary_large_image","twitter_misc":{"Escrito por":"Leonardo Francisco","Est. tempo de leitura":"3 minutos"},"schema":{"@context":"https:\/\/schema.org","@graph":[{"@type":"Article","@id":"https:\/\/redenoticiaz.com.br\/litoralsp\/2022\/02\/14\/mais-um-paredao-e-formado-no-bbb-e-natalia-solta-a-metralhadora#article","isPartOf":{"@id":"https:\/\/redenoticiaz.com.br\/litoralsp\/2022\/02\/14\/mais-um-paredao-e-formado-no-bbb-e-natalia-solta-a-metralhadora"},"author":{"name":"Leonardo Francisco","@id":"https:\/\/redenoticiaz.com.br\/litoralsp\/#\/schema\/person\/0f0b8a5bdafefe82841e07ae8d81ecb3"},"headline":"Mais um Pared\u00e3o \u00e9 formado no BBB e Nat\u00e1lia &#8216;solta a metralhadora&#8217;","datePublished":"2022-02-14T18:30:59+00:00","dateModified":"2022-02-14T18:33:36+00:00","mainEntityOfPage":{"@id":"https:\/\/redenoticiaz.com.br\/litoralsp\/2022\/02\/14\/mais-um-paredao-e-formado-no-bbb-e-natalia-solta-a-metralhadora"},"wordCount":529,"commentCount":0,"publisher":{"@id":"https:\/\/redenoticiaz.com.br\/litoralsp\/#organization"},"image":{"@id":"https:\/\/redenoticiaz.com.br\/litoralsp\/2022\/02\/14\/mais-um-paredao-e-formado-no-bbb-e-natalia-solta-a-metralhadora#primaryimage"},"thumbnailUrl":"https:\/\/redenoticiaz.com.br\/litoralsp\/wp-content\/uploads\/sites\/3\/2022\/02\/arthur-aguiar-barbara-natalia-quarto-paredao-bbb22.jpg","keywords":["ARTHUR AGUIAR","B\u00c1RBARA","BBB 22","BIG BROTHER BRASIL","NAT\u00c1LIA","PARED\u00c3O"],"articleSection":["Entretenimento"],"inLanguage":"pt-BR","potentialAction":[{"@type":"CommentAction","name":"Comment","target":["https:\/\/redenoticiaz.com.br\/litoralsp\/2022\/02\/14\/mais-um-paredao-e-formado-no-bbb-e-natalia-solta-a-metralhadora#respond"]}]},{"@type":"WebPage","@id":"https:\/\/redenoticiaz.com.br\/litoralsp\/2022\/02\/14\/mais-um-paredao-e-formado-no-bbb-e-natalia-solta-a-metralhadora","url":"https:\/\/redenoticiaz.com.br\/litoralsp\/2022\/02\/14\/mais-um-paredao-e-formado-no-bbb-e-natalia-solta-a-metralhadora","name":"Mais um Pared\u00e3o \u00e9 formado no BBB e Nat\u00e1lia 'solta a metralhadora' - Litoral SP","isPartOf":{"@id":"https:\/\/redenoticiaz.com.br\/litoralsp\/#website"},"primaryImageOfPage":{"@id":"https:\/\/redenoticiaz.com.br\/litoralsp\/2022\/02\/14\/mais-um-paredao-e-formado-no-bbb-e-natalia-solta-a-metralhadora#primaryimage"},"image":{"@id":"https:\/\/redenoticiaz.com.br\/litoralsp\/2022\/02\/14\/mais-um-paredao-e-formado-no-bbb-e-natalia-solta-a-metralhadora#primaryimage"},"thumbnailUrl":"https:\/\/redenoticiaz.com.br\/litoralsp\/wp-content\/uploads\/sites\/3\/2022\/02\/arthur-aguiar-barbara-natalia-quarto-paredao-bbb22.jpg","datePublished":"2022-02-14T18:30:59+00:00","dateModified":"2022-02-14T18:33:36+00:00","description":"forma\u00e7\u00e3o do Pared\u00e3o do Big Brother Brasil e uma das escolhas rendeu insatisfa\u00e7\u00e3o e cr\u00edticas. A personagem da vez? Nat\u00e1lia. A mineira","inLanguage":"pt-BR","potentialAction":[{"@type":"ReadAction","target":["https:\/\/redenoticiaz.com.br\/litoralsp\/2022\/02\/14\/mais-um-paredao-e-formado-no-bbb-e-natalia-solta-a-metralhadora"]}]},{"@type":"ImageObject","inLanguage":"pt-BR","@id":"https:\/\/redenoticiaz.com.br\/litoralsp\/2022\/02\/14\/mais-um-paredao-e-formado-no-bbb-e-natalia-solta-a-metralhadora#primaryimage","url":"https:\/\/redenoticiaz.com.br\/litoralsp\/wp-content\/uploads\/sites\/3\/2022\/02\/arthur-aguiar-barbara-natalia-quarto-paredao-bbb22.jpg","contentUrl":"https:\/\/redenoticiaz.com.br\/litoralsp\/wp-content\/uploads\/sites\/3\/2022\/02\/arthur-aguiar-barbara-natalia-quarto-paredao-bbb22.jpg","width":984,"height":467,"caption":"Cr\u00e9ditos: Reprodu\u00e7\u00e3o\/TV Globo"},{"@type":"WebSite","@id":"https:\/\/redenoticiaz.com.br\/litoralsp\/#website","url":"https:\/\/redenoticiaz.com.br\/litoralsp\/","name":"Litoral SP","description":"Rede NoticiaZ","publisher":{"@id":"https:\/\/redenoticiaz.com.br\/litoralsp\/#organization"},"potentialAction":[{"@type":"SearchAction","target":{"@type":"EntryPoint","urlTemplate":"https:\/\/redenoticiaz.com.br\/litoralsp\/?s={search_term_string}"},"query-input":{"@type":"PropertyValueSpecification","valueRequired":true,"valueName":"search_term_string"}}],"inLanguage":"pt-BR"},{"@type":"Organization","@id":"https:\/\/redenoticiaz.com.br\/litoralsp\/#organization","name":"Litoral SP","url":"https:\/\/redenoticiaz.com.br\/litoralsp\/","logo":{"@type":"ImageObject","inLanguage":"pt-BR","@id":"https:\/\/redenoticiaz.com.br\/litoralsp\/#\/schema\/logo\/image\/","url":"https:\/\/redenoticiaz.com.br\/litoralsp\/wp-content\/uploads\/sites\/3\/2020\/11\/logo.jpg","contentUrl":"https:\/\/redenoticiaz.com.br\/litoralsp\/wp-content\/uploads\/sites\/3\/2020\/11\/logo.jpg","width":400,"height":250,"caption":"Litoral SP"},"image":{"@id":"https:\/\/redenoticiaz.com.br\/litoralsp\/#\/schema\/logo\/image\/"}},{"@type":"Person","@id":"https:\/\/redenoticiaz.com.br\/litoralsp\/#\/schema\/person\/0f0b8a5bdafefe82841e07ae8d81ecb3","name":"Leonardo Francisco","image":{"@type":"ImageObject","inLanguage":"pt-BR","@id":"https:\/\/secure.gravatar.com\/avatar\/a7358cb406a99b682ec6df1e77e31ae82e63601f6784e8a3df411d72b37864da?s=96&d=mm&r=g","url":"https:\/\/secure.gravatar.com\/avatar\/a7358cb406a99b682ec6df1e77e31ae82e63601f6784e8a3df411d72b37864da?s=96&d=mm&r=g","contentUrl":"https:\/\/secure.gravatar.com\/avatar\/a7358cb406a99b682ec6df1e77e31ae82e63601f6784e8a3df411d72b37864da?s=96&d=mm&r=g","caption":"Leonardo Francisco"},"url":"https:\/\/redenoticiaz.com.br\/litoralsp\/author\/leonardo-francisco"}]}},"_links":{"self":[{"href":"https:\/\/redenoticiaz.com.br\/litoralsp\/wp-json\/wp\/v2\/posts\/23404","targetHints":{"allow":["GET"]}}],"collection":[{"href":"https:\/\/redenoticiaz.com.br\/litoralsp\/wp-json\/wp\/v2\/posts"}],"about":[{"href":"https:\/\/redenoticiaz.com.br\/litoralsp\/wp-json\/wp\/v2\/types\/post"}],"author":[{"embeddable":true,"href":"https:\/\/redenoticiaz.com.br\/litoralsp\/wp-json\/wp\/v2\/users\/6"}],"replies":[{"embeddable":true,"href":"https:\/\/redenoticiaz.com.br\/litoralsp\/wp-json\/wp\/v2\/comments?post=23404"}],"version-history":[{"count":1,"href":"https:\/\/redenoticiaz.com.br\/litoralsp\/wp-json\/wp\/v2\/posts\/23404\/revisions"}],"predecessor-version":[{"id":23406,"href":"https:\/\/redenoticiaz.com.br\/litoralsp\/wp-json\/wp\/v2\/posts\/23404\/revisions\/23406"}],"wp:featuredmedia":[{"embeddable":true,"href":"https:\/\/redenoticiaz.com.br\/litoralsp\/wp-json\/wp\/v2\/media\/23405"}],"wp:attachment":[{"href":"https:\/\/redenoticiaz.com.br\/litoralsp\/wp-json\/wp\/v2\/media?parent=23404"}],"wp:term":[{"taxonomy":"category","embeddable":true,"href":"https:\/\/redenoticiaz.com.br\/litoralsp\/wp-json\/wp\/v2\/categories?post=23404"},{"taxonomy":"post_tag","embeddable":true,"href":"https:\/\/redenoticiaz.com.br\/litoralsp\/wp-json\/wp\/v2\/tags?post=23404"}],"curies":[{"name":"wp","href":"https:\/\/api.w.org\/{rel}","templated":true}]}}