{"id":2341,"date":"2021-01-04T18:33:11","date_gmt":"2021-01-04T21:33:11","guid":{"rendered":"https:\/\/redenoticiaz.com.br\/litoralsp\/?p=2341"},"modified":"2021-01-04T18:34:52","modified_gmt":"2021-01-04T21:34:52","slug":"bolsonaro-deixa-a-baixada-apos-folga-de-fim-de-ano","status":"publish","type":"post","link":"https:\/\/redenoticiaz.com.br\/litoralsp\/2021\/01\/04\/bolsonaro-deixa-a-baixada-apos-folga-de-fim-de-ano","title":{"rendered":"Bolsonaro deixa a Baixada ap\u00f3s folga de fim de ano"},"content":{"rendered":"<p>Ap\u00f3s descanso, agito e aglomera\u00e7\u00f5es, o presidente Jair Bolsonaro (Sem partido) deixou a Baixada Santista em sua folga de fim de ano. Por oito dias ele esteve no Forte dos Andradas, em <a href=\"https:\/\/www.guaruja.sp.gov.br\/\">Guaruj\u00e1<\/a>, mas tamb\u00e9m foi para outras cidades, como S\u00e3o Vicente e Praia Grande.<\/p>\n<p>Nesta segunda-feira (4), o chefe do Executivo Federal ainda andou de moto aqu\u00e1tica na Praia do Canto do Forte, em Praia Grande. Em seguida deu uma caminhada na faixa de areia com apoiadores. Ele aproveitou e ainda conversou e tirou fotos com os banhistas. Todos sem m\u00e1scara, contrariando a lei estadual, que determina obriga\u00e7\u00e3o do uso do objeto.<\/p>\n<p>\u00c0s 15h, Jair Bolsonaro e a comitiva sa\u00edram do Forte dos Andradas em dire\u00e7\u00e3o \u00e0 Base A\u00e9rea de Santos, no Guaruj\u00e1. O destino seria no Aeroporto de Congonhas, onde ele pegaria um avi\u00e3o com destino \u00e0 Bras\u00edlia.<\/p>\n<h3>A estadia de Bolsonaro na Baixada<\/h3>\n<div class=\"mc-column content-text active-extra-styles \" data-block-type=\"unstyled\" data-block-weight=\"57\" data-block-id=\"11\">\n<p class=\"content-text__container \" data-track-category=\"Link no Texto\" data-track-links=\"\">O presidente\u00a0Jair Bolsonaro chegou ao Forte dos Andradas, em Guaruj\u00e1, na tarde do dia 28 de dezembro. No mesmo dia,\u00a0ele participou do jogo beneficente &#8220;Natal Sem Fome&#8221;, na Vila Belmiro, em Santos. Durante sua visita ao munic\u00edpio, o presidente acenou \u00e0 popula\u00e7\u00e3o, tirou fotos com diversos convidados do evento e entrou em campo uniformizado.<\/p>\n<\/div>\n<div class=\"mc-column content-text active-extra-styles \" data-block-type=\"unstyled\" data-block-weight=\"55\" data-block-id=\"12\">\n<p class=\"content-text__container \" data-track-category=\"Link no Texto\" data-track-links=\"\">No dia 30,\u00a0ele esteve na praia do Canto do Forte, em Praia Grande, onde causou aglomera\u00e7\u00e3o\u00a0na faixa de areia. Durante a tarde, Bolsonaro esteve no enterro de um policial militar que\u00a0morreu ao tentar salvar crian\u00e7as de afogamento. No dia seguinte, o presidente passou a virada de ano no Forte dos Andradas.<\/p>\n<p data-track-category=\"Link no Texto\" data-track-links=\"\">No dia 1\u00ba de janeiro, o presidente Jair Bolsonaro voltou a visitar Praia Grande. Ele\u00a0deu um passeio de barco e pulou no mar para falar com apoiadores. O momento foi registrado e compartilhado nas redes sociais do pr\u00f3prio presidente<\/p>\n<p data-track-category=\"Link no Texto\" data-track-links=\"\">No s\u00e1bado (2), Bolsonaro\u00a0foi de lancha para a Fortaleza de Itaipu. Ele almo\u00e7ou no local e o card\u00e1pio foi churrasco. Por volta das 14h30, Bolsonaro retornou ao Forte dos Andradas, em Guaruj\u00e1, de moto aqu\u00e1tica.<\/p>\n<p data-track-category=\"Link no Texto\" data-track-links=\"\">Leia tamb\u00e9m<\/p>\n<p data-track-category=\"Link no Texto\" data-track-links=\"\"><a href=\"https:\/\/redenoticiaz.com.br\/litoralsp\/2021\/01\/03\/video-o-dia-de-lazer-do-presidente-bolsonaro\/\">V\u00cdDEO \u2013 O dia de lazer do Presidente Bolsonaro<\/a><\/p>\n<\/div>\n","protected":false},"excerpt":{"rendered":"<p>Ap\u00f3s descanso, agito e aglomera\u00e7\u00f5es, o presidente Jair Bolsonaro (Sem partido) deixou a Baixada Santista em sua folga de fim de ano. Por oito dias ele esteve no Forte dos Andradas, em Guaruj\u00e1, mas tamb\u00e9m foi para outras cidades, como S\u00e3o Vicente e Praia Grande. Nesta segunda-feira (4), o chefe do Executivo Federal ainda andou &hellip;<\/p>\n","protected":false},"author":6,"featured_media":2342,"comment_status":"open","ping_status":"closed","sticky":false,"template":"","format":"standard","meta":{"footnotes":""},"categories":[187,15,182,181],"tags":[5778,7424,7425,7426,7427,7423,18,1101,33],"class_list":["post-2341","post","type-post","status-publish","format-standard","has-post-thumbnail","hentry","category-guaruja","category-politica","category-praia-grande","category-sao-vicente","tag-aglomeracao","tag-canto-do-forte","tag-fim-de-ano","tag-folga","tag-fortaleza-do-itaipu","tag-garuja","tag-jair-bolsonaro","tag-praia-grande","tag-sao-vicente"],"yoast_head":"<!-- This site is optimized with the Yoast SEO plugin v27.5 - https:\/\/yoast.com\/product\/yoast-seo-wordpress\/ -->\n<title>Bolsonaro deixa a Baixada ap\u00f3s folga de fim de ano - Litoral SP<\/title>\n<meta name=\"description\" content=\"Ap\u00f3s descanso, agito e aglomera\u00e7\u00f5es, o presidente Jair Bolsonaro (Sem partido) deixou a Baixada Santista em sua folga de fim de ano.\" \/>\n<meta name=\"robots\" content=\"index, follow, max-snippet:-1, max-image-preview:large, max-video-preview:-1\" \/>\n<link rel=\"canonical\" href=\"https:\/\/redenoticiaz.com.br\/litoralsp\/2021\/01\/04\/bolsonaro-deixa-a-baixada-apos-folga-de-fim-de-ano\" \/>\n<meta property=\"og:locale\" content=\"pt_BR\" \/>\n<meta property=\"og:type\" content=\"article\" \/>\n<meta property=\"og:title\" content=\"Bolsonaro deixa a Baixada ap\u00f3s folga de fim de ano - Litoral SP\" \/>\n<meta property=\"og:description\" content=\"Ap\u00f3s descanso, agito e aglomera\u00e7\u00f5es, o presidente Jair Bolsonaro (Sem partido) deixou a Baixada Santista em sua folga de fim de ano.\" \/>\n<meta property=\"og:url\" content=\"https:\/\/redenoticiaz.com.br\/litoralsp\/2021\/01\/04\/bolsonaro-deixa-a-baixada-apos-folga-de-fim-de-ano\" \/>\n<meta property=\"og:site_name\" content=\"Litoral SP\" \/>\n<meta property=\"article:published_time\" content=\"2021-01-04T21:33:11+00:00\" \/>\n<meta property=\"article:modified_time\" content=\"2021-01-04T21:34:52+00:00\" \/>\n<meta property=\"og:image\" content=\"https:\/\/redenoticiaz.com.br\/litoralsp\/wp-content\/uploads\/sites\/3\/2021\/01\/bolsonaro.jpeg\" \/>\n\t<meta property=\"og:image:width\" content=\"984\" \/>\n\t<meta property=\"og:image:height\" content=\"897\" \/>\n\t<meta property=\"og:image:type\" content=\"image\/jpeg\" \/>\n<meta name=\"author\" content=\"Leonardo Francisco\" \/>\n<meta name=\"twitter:card\" content=\"summary_large_image\" \/>\n<meta name=\"twitter:label1\" content=\"Escrito por\" \/>\n\t<meta name=\"twitter:data1\" content=\"Leonardo Francisco\" \/>\n\t<meta name=\"twitter:label2\" content=\"Est. tempo de leitura\" \/>\n\t<meta name=\"twitter:data2\" content=\"2 minutos\" \/>\n<script type=\"application\/ld+json\" class=\"yoast-schema-graph\">{\"@context\":\"https:\\\/\\\/schema.org\",\"@graph\":[{\"@type\":\"Article\",\"@id\":\"https:\\\/\\\/redenoticiaz.com.br\\\/litoralsp\\\/2021\\\/01\\\/04\\\/bolsonaro-deixa-a-baixada-apos-folga-de-fim-de-ano#article\",\"isPartOf\":{\"@id\":\"https:\\\/\\\/redenoticiaz.com.br\\\/litoralsp\\\/2021\\\/01\\\/04\\\/bolsonaro-deixa-a-baixada-apos-folga-de-fim-de-ano\"},\"author\":{\"name\":\"Leonardo Francisco\",\"@id\":\"https:\\\/\\\/redenoticiaz.com.br\\\/litoralsp\\\/#\\\/schema\\\/person\\\/0f0b8a5bdafefe82841e07ae8d81ecb3\"},\"headline\":\"Bolsonaro deixa a Baixada ap\u00f3s folga de fim de ano\",\"datePublished\":\"2021-01-04T21:33:11+00:00\",\"dateModified\":\"2021-01-04T21:34:52+00:00\",\"mainEntityOfPage\":{\"@id\":\"https:\\\/\\\/redenoticiaz.com.br\\\/litoralsp\\\/2021\\\/01\\\/04\\\/bolsonaro-deixa-a-baixada-apos-folga-de-fim-de-ano\"},\"wordCount\":368,\"commentCount\":0,\"publisher\":{\"@id\":\"https:\\\/\\\/redenoticiaz.com.br\\\/litoralsp\\\/#organization\"},\"image\":{\"@id\":\"https:\\\/\\\/redenoticiaz.com.br\\\/litoralsp\\\/2021\\\/01\\\/04\\\/bolsonaro-deixa-a-baixada-apos-folga-de-fim-de-ano#primaryimage\"},\"thumbnailUrl\":\"https:\\\/\\\/redenoticiaz.com.br\\\/litoralsp\\\/wp-content\\\/uploads\\\/sites\\\/3\\\/2021\\\/01\\\/bolsonaro.jpeg\",\"keywords\":[\"AGLOMERA\u00c7\u00c3O\",\"CANTO DO FORTE\",\"FIM DE ANO\",\"FOLGA\",\"FORTALEZA DO ITAIPU\",\"GARUJ\u00c1\",\"Jair Bolsonaro\",\"PRAIA GRANDE\",\"S\u00e3o Vicente\"],\"articleSection\":[\"Guaruj\u00e1\",\"Pol\u00edtica\",\"Praia Grande\",\"S\u00e3o Vicente\"],\"inLanguage\":\"pt-BR\",\"potentialAction\":[{\"@type\":\"CommentAction\",\"name\":\"Comment\",\"target\":[\"https:\\\/\\\/redenoticiaz.com.br\\\/litoralsp\\\/2021\\\/01\\\/04\\\/bolsonaro-deixa-a-baixada-apos-folga-de-fim-de-ano#respond\"]}]},{\"@type\":\"WebPage\",\"@id\":\"https:\\\/\\\/redenoticiaz.com.br\\\/litoralsp\\\/2021\\\/01\\\/04\\\/bolsonaro-deixa-a-baixada-apos-folga-de-fim-de-ano\",\"url\":\"https:\\\/\\\/redenoticiaz.com.br\\\/litoralsp\\\/2021\\\/01\\\/04\\\/bolsonaro-deixa-a-baixada-apos-folga-de-fim-de-ano\",\"name\":\"Bolsonaro deixa a Baixada ap\u00f3s folga de fim de ano - Litoral SP\",\"isPartOf\":{\"@id\":\"https:\\\/\\\/redenoticiaz.com.br\\\/litoralsp\\\/#website\"},\"primaryImageOfPage\":{\"@id\":\"https:\\\/\\\/redenoticiaz.com.br\\\/litoralsp\\\/2021\\\/01\\\/04\\\/bolsonaro-deixa-a-baixada-apos-folga-de-fim-de-ano#primaryimage\"},\"image\":{\"@id\":\"https:\\\/\\\/redenoticiaz.com.br\\\/litoralsp\\\/2021\\\/01\\\/04\\\/bolsonaro-deixa-a-baixada-apos-folga-de-fim-de-ano#primaryimage\"},\"thumbnailUrl\":\"https:\\\/\\\/redenoticiaz.com.br\\\/litoralsp\\\/wp-content\\\/uploads\\\/sites\\\/3\\\/2021\\\/01\\\/bolsonaro.jpeg\",\"datePublished\":\"2021-01-04T21:33:11+00:00\",\"dateModified\":\"2021-01-04T21:34:52+00:00\",\"description\":\"Ap\u00f3s descanso, agito e aglomera\u00e7\u00f5es, o presidente Jair Bolsonaro (Sem partido) deixou a Baixada Santista em sua folga de fim de ano.\",\"inLanguage\":\"pt-BR\",\"potentialAction\":[{\"@type\":\"ReadAction\",\"target\":[\"https:\\\/\\\/redenoticiaz.com.br\\\/litoralsp\\\/2021\\\/01\\\/04\\\/bolsonaro-deixa-a-baixada-apos-folga-de-fim-de-ano\"]}]},{\"@type\":\"ImageObject\",\"inLanguage\":\"pt-BR\",\"@id\":\"https:\\\/\\\/redenoticiaz.com.br\\\/litoralsp\\\/2021\\\/01\\\/04\\\/bolsonaro-deixa-a-baixada-apos-folga-de-fim-de-ano#primaryimage\",\"url\":\"https:\\\/\\\/redenoticiaz.com.br\\\/litoralsp\\\/wp-content\\\/uploads\\\/sites\\\/3\\\/2021\\\/01\\\/bolsonaro.jpeg\",\"contentUrl\":\"https:\\\/\\\/redenoticiaz.com.br\\\/litoralsp\\\/wp-content\\\/uploads\\\/sites\\\/3\\\/2021\\\/01\\\/bolsonaro.jpeg\",\"width\":984,\"height\":897,\"caption\":\"Cr\u00e9ditos: Praia Grande Mil Grau.\"},{\"@type\":\"WebSite\",\"@id\":\"https:\\\/\\\/redenoticiaz.com.br\\\/litoralsp\\\/#website\",\"url\":\"https:\\\/\\\/redenoticiaz.com.br\\\/litoralsp\\\/\",\"name\":\"Litoral SP\",\"description\":\"Rede NoticiaZ\",\"publisher\":{\"@id\":\"https:\\\/\\\/redenoticiaz.com.br\\\/litoralsp\\\/#organization\"},\"potentialAction\":[{\"@type\":\"SearchAction\",\"target\":{\"@type\":\"EntryPoint\",\"urlTemplate\":\"https:\\\/\\\/redenoticiaz.com.br\\\/litoralsp\\\/?s={search_term_string}\"},\"query-input\":{\"@type\":\"PropertyValueSpecification\",\"valueRequired\":true,\"valueName\":\"search_term_string\"}}],\"inLanguage\":\"pt-BR\"},{\"@type\":\"Organization\",\"@id\":\"https:\\\/\\\/redenoticiaz.com.br\\\/litoralsp\\\/#organization\",\"name\":\"Litoral SP\",\"url\":\"https:\\\/\\\/redenoticiaz.com.br\\\/litoralsp\\\/\",\"logo\":{\"@type\":\"ImageObject\",\"inLanguage\":\"pt-BR\",\"@id\":\"https:\\\/\\\/redenoticiaz.com.br\\\/litoralsp\\\/#\\\/schema\\\/logo\\\/image\\\/\",\"url\":\"https:\\\/\\\/redenoticiaz.com.br\\\/litoralsp\\\/wp-content\\\/uploads\\\/sites\\\/3\\\/2020\\\/11\\\/logo.jpg\",\"contentUrl\":\"https:\\\/\\\/redenoticiaz.com.br\\\/litoralsp\\\/wp-content\\\/uploads\\\/sites\\\/3\\\/2020\\\/11\\\/logo.jpg\",\"width\":400,\"height\":250,\"caption\":\"Litoral SP\"},\"image\":{\"@id\":\"https:\\\/\\\/redenoticiaz.com.br\\\/litoralsp\\\/#\\\/schema\\\/logo\\\/image\\\/\"}},{\"@type\":\"Person\",\"@id\":\"https:\\\/\\\/redenoticiaz.com.br\\\/litoralsp\\\/#\\\/schema\\\/person\\\/0f0b8a5bdafefe82841e07ae8d81ecb3\",\"name\":\"Leonardo Francisco\",\"image\":{\"@type\":\"ImageObject\",\"inLanguage\":\"pt-BR\",\"@id\":\"https:\\\/\\\/secure.gravatar.com\\\/avatar\\\/a7358cb406a99b682ec6df1e77e31ae82e63601f6784e8a3df411d72b37864da?s=96&d=mm&r=g\",\"url\":\"https:\\\/\\\/secure.gravatar.com\\\/avatar\\\/a7358cb406a99b682ec6df1e77e31ae82e63601f6784e8a3df411d72b37864da?s=96&d=mm&r=g\",\"contentUrl\":\"https:\\\/\\\/secure.gravatar.com\\\/avatar\\\/a7358cb406a99b682ec6df1e77e31ae82e63601f6784e8a3df411d72b37864da?s=96&d=mm&r=g\",\"caption\":\"Leonardo Francisco\"},\"url\":\"https:\\\/\\\/redenoticiaz.com.br\\\/litoralsp\\\/author\\\/leonardo-francisco\"}]}<\/script>\n<!-- \/ Yoast SEO plugin. -->","yoast_head_json":{"title":"Bolsonaro deixa a Baixada ap\u00f3s folga de fim de ano - Litoral SP","description":"Ap\u00f3s descanso, agito e aglomera\u00e7\u00f5es, o presidente Jair Bolsonaro (Sem partido) deixou a Baixada Santista em sua folga de fim de ano.","robots":{"index":"index","follow":"follow","max-snippet":"max-snippet:-1","max-image-preview":"max-image-preview:large","max-video-preview":"max-video-preview:-1"},"canonical":"https:\/\/redenoticiaz.com.br\/litoralsp\/2021\/01\/04\/bolsonaro-deixa-a-baixada-apos-folga-de-fim-de-ano","og_locale":"pt_BR","og_type":"article","og_title":"Bolsonaro deixa a Baixada ap\u00f3s folga de fim de ano - Litoral SP","og_description":"Ap\u00f3s descanso, agito e aglomera\u00e7\u00f5es, o presidente Jair Bolsonaro (Sem partido) deixou a Baixada Santista em sua folga de fim de ano.","og_url":"https:\/\/redenoticiaz.com.br\/litoralsp\/2021\/01\/04\/bolsonaro-deixa-a-baixada-apos-folga-de-fim-de-ano","og_site_name":"Litoral SP","article_published_time":"2021-01-04T21:33:11+00:00","article_modified_time":"2021-01-04T21:34:52+00:00","og_image":[{"width":984,"height":897,"url":"https:\/\/redenoticiaz.com.br\/litoralsp\/wp-content\/uploads\/sites\/3\/2021\/01\/bolsonaro.jpeg","type":"image\/jpeg"}],"author":"Leonardo Francisco","twitter_card":"summary_large_image","twitter_misc":{"Escrito por":"Leonardo Francisco","Est. tempo de leitura":"2 minutos"},"schema":{"@context":"https:\/\/schema.org","@graph":[{"@type":"Article","@id":"https:\/\/redenoticiaz.com.br\/litoralsp\/2021\/01\/04\/bolsonaro-deixa-a-baixada-apos-folga-de-fim-de-ano#article","isPartOf":{"@id":"https:\/\/redenoticiaz.com.br\/litoralsp\/2021\/01\/04\/bolsonaro-deixa-a-baixada-apos-folga-de-fim-de-ano"},"author":{"name":"Leonardo Francisco","@id":"https:\/\/redenoticiaz.com.br\/litoralsp\/#\/schema\/person\/0f0b8a5bdafefe82841e07ae8d81ecb3"},"headline":"Bolsonaro deixa a Baixada ap\u00f3s folga de fim de ano","datePublished":"2021-01-04T21:33:11+00:00","dateModified":"2021-01-04T21:34:52+00:00","mainEntityOfPage":{"@id":"https:\/\/redenoticiaz.com.br\/litoralsp\/2021\/01\/04\/bolsonaro-deixa-a-baixada-apos-folga-de-fim-de-ano"},"wordCount":368,"commentCount":0,"publisher":{"@id":"https:\/\/redenoticiaz.com.br\/litoralsp\/#organization"},"image":{"@id":"https:\/\/redenoticiaz.com.br\/litoralsp\/2021\/01\/04\/bolsonaro-deixa-a-baixada-apos-folga-de-fim-de-ano#primaryimage"},"thumbnailUrl":"https:\/\/redenoticiaz.com.br\/litoralsp\/wp-content\/uploads\/sites\/3\/2021\/01\/bolsonaro.jpeg","keywords":["AGLOMERA\u00c7\u00c3O","CANTO DO FORTE","FIM DE ANO","FOLGA","FORTALEZA DO ITAIPU","GARUJ\u00c1","Jair Bolsonaro","PRAIA GRANDE","S\u00e3o Vicente"],"articleSection":["Guaruj\u00e1","Pol\u00edtica","Praia Grande","S\u00e3o Vicente"],"inLanguage":"pt-BR","potentialAction":[{"@type":"CommentAction","name":"Comment","target":["https:\/\/redenoticiaz.com.br\/litoralsp\/2021\/01\/04\/bolsonaro-deixa-a-baixada-apos-folga-de-fim-de-ano#respond"]}]},{"@type":"WebPage","@id":"https:\/\/redenoticiaz.com.br\/litoralsp\/2021\/01\/04\/bolsonaro-deixa-a-baixada-apos-folga-de-fim-de-ano","url":"https:\/\/redenoticiaz.com.br\/litoralsp\/2021\/01\/04\/bolsonaro-deixa-a-baixada-apos-folga-de-fim-de-ano","name":"Bolsonaro deixa a Baixada ap\u00f3s folga de fim de ano - Litoral SP","isPartOf":{"@id":"https:\/\/redenoticiaz.com.br\/litoralsp\/#website"},"primaryImageOfPage":{"@id":"https:\/\/redenoticiaz.com.br\/litoralsp\/2021\/01\/04\/bolsonaro-deixa-a-baixada-apos-folga-de-fim-de-ano#primaryimage"},"image":{"@id":"https:\/\/redenoticiaz.com.br\/litoralsp\/2021\/01\/04\/bolsonaro-deixa-a-baixada-apos-folga-de-fim-de-ano#primaryimage"},"thumbnailUrl":"https:\/\/redenoticiaz.com.br\/litoralsp\/wp-content\/uploads\/sites\/3\/2021\/01\/bolsonaro.jpeg","datePublished":"2021-01-04T21:33:11+00:00","dateModified":"2021-01-04T21:34:52+00:00","description":"Ap\u00f3s descanso, agito e aglomera\u00e7\u00f5es, o presidente Jair Bolsonaro (Sem partido) deixou a Baixada Santista em sua folga de fim de ano.","inLanguage":"pt-BR","potentialAction":[{"@type":"ReadAction","target":["https:\/\/redenoticiaz.com.br\/litoralsp\/2021\/01\/04\/bolsonaro-deixa-a-baixada-apos-folga-de-fim-de-ano"]}]},{"@type":"ImageObject","inLanguage":"pt-BR","@id":"https:\/\/redenoticiaz.com.br\/litoralsp\/2021\/01\/04\/bolsonaro-deixa-a-baixada-apos-folga-de-fim-de-ano#primaryimage","url":"https:\/\/redenoticiaz.com.br\/litoralsp\/wp-content\/uploads\/sites\/3\/2021\/01\/bolsonaro.jpeg","contentUrl":"https:\/\/redenoticiaz.com.br\/litoralsp\/wp-content\/uploads\/sites\/3\/2021\/01\/bolsonaro.jpeg","width":984,"height":897,"caption":"Cr\u00e9ditos: Praia Grande Mil Grau."},{"@type":"WebSite","@id":"https:\/\/redenoticiaz.com.br\/litoralsp\/#website","url":"https:\/\/redenoticiaz.com.br\/litoralsp\/","name":"Litoral SP","description":"Rede NoticiaZ","publisher":{"@id":"https:\/\/redenoticiaz.com.br\/litoralsp\/#organization"},"potentialAction":[{"@type":"SearchAction","target":{"@type":"EntryPoint","urlTemplate":"https:\/\/redenoticiaz.com.br\/litoralsp\/?s={search_term_string}"},"query-input":{"@type":"PropertyValueSpecification","valueRequired":true,"valueName":"search_term_string"}}],"inLanguage":"pt-BR"},{"@type":"Organization","@id":"https:\/\/redenoticiaz.com.br\/litoralsp\/#organization","name":"Litoral SP","url":"https:\/\/redenoticiaz.com.br\/litoralsp\/","logo":{"@type":"ImageObject","inLanguage":"pt-BR","@id":"https:\/\/redenoticiaz.com.br\/litoralsp\/#\/schema\/logo\/image\/","url":"https:\/\/redenoticiaz.com.br\/litoralsp\/wp-content\/uploads\/sites\/3\/2020\/11\/logo.jpg","contentUrl":"https:\/\/redenoticiaz.com.br\/litoralsp\/wp-content\/uploads\/sites\/3\/2020\/11\/logo.jpg","width":400,"height":250,"caption":"Litoral SP"},"image":{"@id":"https:\/\/redenoticiaz.com.br\/litoralsp\/#\/schema\/logo\/image\/"}},{"@type":"Person","@id":"https:\/\/redenoticiaz.com.br\/litoralsp\/#\/schema\/person\/0f0b8a5bdafefe82841e07ae8d81ecb3","name":"Leonardo Francisco","image":{"@type":"ImageObject","inLanguage":"pt-BR","@id":"https:\/\/secure.gravatar.com\/avatar\/a7358cb406a99b682ec6df1e77e31ae82e63601f6784e8a3df411d72b37864da?s=96&d=mm&r=g","url":"https:\/\/secure.gravatar.com\/avatar\/a7358cb406a99b682ec6df1e77e31ae82e63601f6784e8a3df411d72b37864da?s=96&d=mm&r=g","contentUrl":"https:\/\/secure.gravatar.com\/avatar\/a7358cb406a99b682ec6df1e77e31ae82e63601f6784e8a3df411d72b37864da?s=96&d=mm&r=g","caption":"Leonardo Francisco"},"url":"https:\/\/redenoticiaz.com.br\/litoralsp\/author\/leonardo-francisco"}]}},"_links":{"self":[{"href":"https:\/\/redenoticiaz.com.br\/litoralsp\/wp-json\/wp\/v2\/posts\/2341","targetHints":{"allow":["GET"]}}],"collection":[{"href":"https:\/\/redenoticiaz.com.br\/litoralsp\/wp-json\/wp\/v2\/posts"}],"about":[{"href":"https:\/\/redenoticiaz.com.br\/litoralsp\/wp-json\/wp\/v2\/types\/post"}],"author":[{"embeddable":true,"href":"https:\/\/redenoticiaz.com.br\/litoralsp\/wp-json\/wp\/v2\/users\/6"}],"replies":[{"embeddable":true,"href":"https:\/\/redenoticiaz.com.br\/litoralsp\/wp-json\/wp\/v2\/comments?post=2341"}],"version-history":[{"count":1,"href":"https:\/\/redenoticiaz.com.br\/litoralsp\/wp-json\/wp\/v2\/posts\/2341\/revisions"}],"predecessor-version":[{"id":2343,"href":"https:\/\/redenoticiaz.com.br\/litoralsp\/wp-json\/wp\/v2\/posts\/2341\/revisions\/2343"}],"wp:featuredmedia":[{"embeddable":true,"href":"https:\/\/redenoticiaz.com.br\/litoralsp\/wp-json\/wp\/v2\/media\/2342"}],"wp:attachment":[{"href":"https:\/\/redenoticiaz.com.br\/litoralsp\/wp-json\/wp\/v2\/media?parent=2341"}],"wp:term":[{"taxonomy":"category","embeddable":true,"href":"https:\/\/redenoticiaz.com.br\/litoralsp\/wp-json\/wp\/v2\/categories?post=2341"},{"taxonomy":"post_tag","embeddable":true,"href":"https:\/\/redenoticiaz.com.br\/litoralsp\/wp-json\/wp\/v2\/tags?post=2341"}],"curies":[{"name":"wp","href":"https:\/\/api.w.org\/{rel}","templated":true}]}}