{"id":2344,"date":"2021-01-04T19:05:20","date_gmt":"2021-01-04T22:05:20","guid":{"rendered":"https:\/\/redenoticiaz.com.br\/litoralsp\/?p=2344"},"modified":"2021-01-04T19:13:11","modified_gmt":"2021-01-04T22:13:11","slug":"onibus-sofre-arrastao-em-sao-vicente","status":"publish","type":"post","link":"https:\/\/redenoticiaz.com.br\/litoralsp\/2021\/01\/04\/onibus-sofre-arrastao-em-sao-vicente","title":{"rendered":"\u00d4nibus sofre arrast\u00e3o em S\u00e3o Vicente"},"content":{"rendered":"<p>Um \u00f4nibus da Via\u00e7\u00e3o Cometa sofreu um arrast\u00e3o na Vila Margarida, em <a href=\"http:\/\/www.saovicente.sp.gov.br\/publico\/\">S\u00e3o Vicente<\/a>. Oito bandidos cercaram o ve\u00edculo na R. Polydoro de Oliveira Bittencourt e anunciaram o assalto. Eles levaram mochilas com pertences, dinheiro, cart\u00f5es banc\u00e1rios e outros objetos dos ocupantes.<\/p>\n<p>O motorista contou que o \u00f4nibus andava lentamente na via porque um carro vinha em dire\u00e7\u00e3o contr\u00e1ria. E aproveitando dessa situa\u00e7\u00e3o, os suspeitos, que aparentam ter entre 16 e 20 anos de idade executaram o roubo. O condutor foi obrigado a abrir a porta ap\u00f3s um dos envolvidos apontar a arma.<\/p>\n<p>J\u00e1 uma das testemunhas disse que quando percebeu o assalto jogou a mochila para tr\u00e1s e escondeu o celular embaixo do banco de \u00f4nibus. S\u00f3 que eles conseguiram levar a carteira e o rel\u00f3gio. Ningu\u00e9m foi preso at\u00e9 o momento e o caso foi registrado na Delegacia Sede de S\u00e3o Vicente. As investiga\u00e7\u00f5es est\u00e3o em andamento e c\u00e2meras de monitoramento do \u00f4nibus podem ser usadas.<\/p>\n<p>Leia tamb\u00e9m<\/p>\n<p><a href=\"https:\/\/redenoticiaz.com.br\/litoralsp\/2021\/01\/01\/donos-de-veiculos-nao-vao-pagar-seguro-dpvat-em-2021\/\">Donos de ve\u00edculos n\u00e3o v\u00e3o pagar Seguro DPVAT em 2021<\/a><\/p>\n","protected":false},"excerpt":{"rendered":"<p>Um \u00f4nibus da Via\u00e7\u00e3o Cometa sofreu um arrast\u00e3o na Vila Margarida, em S\u00e3o Vicente. Oito bandidos cercaram o ve\u00edculo na R. Polydoro de Oliveira Bittencourt e anunciaram o assalto. Eles levaram mochilas com pertences, dinheiro, cart\u00f5es banc\u00e1rios e outros objetos dos ocupantes. O motorista contou que o \u00f4nibus andava lentamente na via porque um carro &hellip;<\/p>\n","protected":false},"author":6,"featured_media":2315,"comment_status":"open","ping_status":"closed","sticky":false,"template":"","format":"standard","meta":{"footnotes":""},"categories":[10,181],"tags":[7429,2803,7430,1287,33,7428,7431],"class_list":["post-2344","post","type-post","status-publish","format-standard","has-post-thumbnail","hentry","category-policia","category-sao-vicente","tag-arrastao","tag-assalto","tag-bandidos","tag-onibus","tag-sao-vicente","tag-viacao-cometa","tag-vila-margarida"],"yoast_head":"<!-- This site is optimized with the Yoast SEO plugin v27.5 - https:\/\/yoast.com\/product\/yoast-seo-wordpress\/ -->\n<title>\u00d4nibus sofre arrast\u00e3o em S\u00e3o Vicente - Litoral SP<\/title>\n<meta name=\"description\" content=\"Um \u00f4nibus da Via\u00e7\u00e3o Cometa sofreu um arrast\u00e3o na Vila Margarida, em S\u00e3o Vicente. Oito bandidos cercaram o ve\u00edculo\" \/>\n<meta name=\"robots\" content=\"index, follow, max-snippet:-1, max-image-preview:large, max-video-preview:-1\" \/>\n<link rel=\"canonical\" href=\"https:\/\/redenoticiaz.com.br\/litoralsp\/2021\/01\/04\/onibus-sofre-arrastao-em-sao-vicente\" \/>\n<meta property=\"og:locale\" content=\"pt_BR\" \/>\n<meta property=\"og:type\" content=\"article\" \/>\n<meta property=\"og:title\" content=\"\u00d4nibus sofre arrast\u00e3o em S\u00e3o Vicente - Litoral SP\" \/>\n<meta property=\"og:description\" content=\"Um \u00f4nibus da Via\u00e7\u00e3o Cometa sofreu um arrast\u00e3o na Vila Margarida, em S\u00e3o Vicente. Oito bandidos cercaram o ve\u00edculo\" \/>\n<meta property=\"og:url\" content=\"https:\/\/redenoticiaz.com.br\/litoralsp\/2021\/01\/04\/onibus-sofre-arrastao-em-sao-vicente\" \/>\n<meta property=\"og:site_name\" content=\"Litoral SP\" \/>\n<meta property=\"article:published_time\" content=\"2021-01-04T22:05:20+00:00\" \/>\n<meta property=\"article:modified_time\" content=\"2021-01-04T22:13:11+00:00\" \/>\n<meta property=\"og:image\" content=\"https:\/\/redenoticiaz.com.br\/litoralsp\/wp-content\/uploads\/sites\/3\/2021\/01\/delegacia-sv.jpg\" \/>\n\t<meta property=\"og:image:width\" content=\"780\" \/>\n\t<meta property=\"og:image:height\" content=\"585\" \/>\n\t<meta property=\"og:image:type\" content=\"image\/jpeg\" \/>\n<meta name=\"author\" content=\"Leonardo Francisco\" \/>\n<meta name=\"twitter:card\" content=\"summary_large_image\" \/>\n<meta name=\"twitter:label1\" content=\"Escrito por\" \/>\n\t<meta name=\"twitter:data1\" content=\"Leonardo Francisco\" \/>\n\t<meta name=\"twitter:label2\" content=\"Est. tempo de leitura\" \/>\n\t<meta name=\"twitter:data2\" content=\"1 minuto\" \/>\n<script type=\"application\/ld+json\" class=\"yoast-schema-graph\">{\"@context\":\"https:\\\/\\\/schema.org\",\"@graph\":[{\"@type\":\"Article\",\"@id\":\"https:\\\/\\\/redenoticiaz.com.br\\\/litoralsp\\\/2021\\\/01\\\/04\\\/onibus-sofre-arrastao-em-sao-vicente#article\",\"isPartOf\":{\"@id\":\"https:\\\/\\\/redenoticiaz.com.br\\\/litoralsp\\\/2021\\\/01\\\/04\\\/onibus-sofre-arrastao-em-sao-vicente\"},\"author\":{\"name\":\"Leonardo Francisco\",\"@id\":\"https:\\\/\\\/redenoticiaz.com.br\\\/litoralsp\\\/#\\\/schema\\\/person\\\/0f0b8a5bdafefe82841e07ae8d81ecb3\"},\"headline\":\"\u00d4nibus sofre arrast\u00e3o em S\u00e3o Vicente\",\"datePublished\":\"2021-01-04T22:05:20+00:00\",\"dateModified\":\"2021-01-04T22:13:11+00:00\",\"mainEntityOfPage\":{\"@id\":\"https:\\\/\\\/redenoticiaz.com.br\\\/litoralsp\\\/2021\\\/01\\\/04\\\/onibus-sofre-arrastao-em-sao-vicente\"},\"wordCount\":196,\"commentCount\":0,\"publisher\":{\"@id\":\"https:\\\/\\\/redenoticiaz.com.br\\\/litoralsp\\\/#organization\"},\"image\":{\"@id\":\"https:\\\/\\\/redenoticiaz.com.br\\\/litoralsp\\\/2021\\\/01\\\/04\\\/onibus-sofre-arrastao-em-sao-vicente#primaryimage\"},\"thumbnailUrl\":\"https:\\\/\\\/redenoticiaz.com.br\\\/litoralsp\\\/wp-content\\\/uploads\\\/sites\\\/3\\\/2021\\\/01\\\/delegacia-sv.jpg\",\"keywords\":[\"Arrast\u00e3o\",\"Assalto\",\"BANDIDOS\",\"\u00d4NIBUS\",\"S\u00e3o Vicente\",\"VIA\u00c7\u00c3O COMETA\",\"VILA MARGARIDA\"],\"articleSection\":[\"Pol\u00edcia\",\"S\u00e3o Vicente\"],\"inLanguage\":\"pt-BR\",\"potentialAction\":[{\"@type\":\"CommentAction\",\"name\":\"Comment\",\"target\":[\"https:\\\/\\\/redenoticiaz.com.br\\\/litoralsp\\\/2021\\\/01\\\/04\\\/onibus-sofre-arrastao-em-sao-vicente#respond\"]}]},{\"@type\":\"WebPage\",\"@id\":\"https:\\\/\\\/redenoticiaz.com.br\\\/litoralsp\\\/2021\\\/01\\\/04\\\/onibus-sofre-arrastao-em-sao-vicente\",\"url\":\"https:\\\/\\\/redenoticiaz.com.br\\\/litoralsp\\\/2021\\\/01\\\/04\\\/onibus-sofre-arrastao-em-sao-vicente\",\"name\":\"\u00d4nibus sofre arrast\u00e3o em S\u00e3o Vicente - Litoral SP\",\"isPartOf\":{\"@id\":\"https:\\\/\\\/redenoticiaz.com.br\\\/litoralsp\\\/#website\"},\"primaryImageOfPage\":{\"@id\":\"https:\\\/\\\/redenoticiaz.com.br\\\/litoralsp\\\/2021\\\/01\\\/04\\\/onibus-sofre-arrastao-em-sao-vicente#primaryimage\"},\"image\":{\"@id\":\"https:\\\/\\\/redenoticiaz.com.br\\\/litoralsp\\\/2021\\\/01\\\/04\\\/onibus-sofre-arrastao-em-sao-vicente#primaryimage\"},\"thumbnailUrl\":\"https:\\\/\\\/redenoticiaz.com.br\\\/litoralsp\\\/wp-content\\\/uploads\\\/sites\\\/3\\\/2021\\\/01\\\/delegacia-sv.jpg\",\"datePublished\":\"2021-01-04T22:05:20+00:00\",\"dateModified\":\"2021-01-04T22:13:11+00:00\",\"description\":\"Um \u00f4nibus da Via\u00e7\u00e3o Cometa sofreu um arrast\u00e3o na Vila Margarida, em S\u00e3o Vicente. Oito bandidos cercaram o ve\u00edculo\",\"inLanguage\":\"pt-BR\",\"potentialAction\":[{\"@type\":\"ReadAction\",\"target\":[\"https:\\\/\\\/redenoticiaz.com.br\\\/litoralsp\\\/2021\\\/01\\\/04\\\/onibus-sofre-arrastao-em-sao-vicente\"]}]},{\"@type\":\"ImageObject\",\"inLanguage\":\"pt-BR\",\"@id\":\"https:\\\/\\\/redenoticiaz.com.br\\\/litoralsp\\\/2021\\\/01\\\/04\\\/onibus-sofre-arrastao-em-sao-vicente#primaryimage\",\"url\":\"https:\\\/\\\/redenoticiaz.com.br\\\/litoralsp\\\/wp-content\\\/uploads\\\/sites\\\/3\\\/2021\\\/01\\\/delegacia-sv.jpg\",\"contentUrl\":\"https:\\\/\\\/redenoticiaz.com.br\\\/litoralsp\\\/wp-content\\\/uploads\\\/sites\\\/3\\\/2021\\\/01\\\/delegacia-sv.jpg\",\"width\":780,\"height\":585,\"caption\":\"\u00d4nibus sofre arrast\u00e3o em S\u00e3o Vicente\"},{\"@type\":\"WebSite\",\"@id\":\"https:\\\/\\\/redenoticiaz.com.br\\\/litoralsp\\\/#website\",\"url\":\"https:\\\/\\\/redenoticiaz.com.br\\\/litoralsp\\\/\",\"name\":\"Litoral SP\",\"description\":\"Rede NoticiaZ\",\"publisher\":{\"@id\":\"https:\\\/\\\/redenoticiaz.com.br\\\/litoralsp\\\/#organization\"},\"potentialAction\":[{\"@type\":\"SearchAction\",\"target\":{\"@type\":\"EntryPoint\",\"urlTemplate\":\"https:\\\/\\\/redenoticiaz.com.br\\\/litoralsp\\\/?s={search_term_string}\"},\"query-input\":{\"@type\":\"PropertyValueSpecification\",\"valueRequired\":true,\"valueName\":\"search_term_string\"}}],\"inLanguage\":\"pt-BR\"},{\"@type\":\"Organization\",\"@id\":\"https:\\\/\\\/redenoticiaz.com.br\\\/litoralsp\\\/#organization\",\"name\":\"Litoral SP\",\"url\":\"https:\\\/\\\/redenoticiaz.com.br\\\/litoralsp\\\/\",\"logo\":{\"@type\":\"ImageObject\",\"inLanguage\":\"pt-BR\",\"@id\":\"https:\\\/\\\/redenoticiaz.com.br\\\/litoralsp\\\/#\\\/schema\\\/logo\\\/image\\\/\",\"url\":\"https:\\\/\\\/redenoticiaz.com.br\\\/litoralsp\\\/wp-content\\\/uploads\\\/sites\\\/3\\\/2020\\\/11\\\/logo.jpg\",\"contentUrl\":\"https:\\\/\\\/redenoticiaz.com.br\\\/litoralsp\\\/wp-content\\\/uploads\\\/sites\\\/3\\\/2020\\\/11\\\/logo.jpg\",\"width\":400,\"height\":250,\"caption\":\"Litoral SP\"},\"image\":{\"@id\":\"https:\\\/\\\/redenoticiaz.com.br\\\/litoralsp\\\/#\\\/schema\\\/logo\\\/image\\\/\"}},{\"@type\":\"Person\",\"@id\":\"https:\\\/\\\/redenoticiaz.com.br\\\/litoralsp\\\/#\\\/schema\\\/person\\\/0f0b8a5bdafefe82841e07ae8d81ecb3\",\"name\":\"Leonardo Francisco\",\"image\":{\"@type\":\"ImageObject\",\"inLanguage\":\"pt-BR\",\"@id\":\"https:\\\/\\\/secure.gravatar.com\\\/avatar\\\/a7358cb406a99b682ec6df1e77e31ae82e63601f6784e8a3df411d72b37864da?s=96&d=mm&r=g\",\"url\":\"https:\\\/\\\/secure.gravatar.com\\\/avatar\\\/a7358cb406a99b682ec6df1e77e31ae82e63601f6784e8a3df411d72b37864da?s=96&d=mm&r=g\",\"contentUrl\":\"https:\\\/\\\/secure.gravatar.com\\\/avatar\\\/a7358cb406a99b682ec6df1e77e31ae82e63601f6784e8a3df411d72b37864da?s=96&d=mm&r=g\",\"caption\":\"Leonardo Francisco\"},\"url\":\"https:\\\/\\\/redenoticiaz.com.br\\\/litoralsp\\\/author\\\/leonardo-francisco\"}]}<\/script>\n<!-- \/ Yoast SEO plugin. -->","yoast_head_json":{"title":"\u00d4nibus sofre arrast\u00e3o em S\u00e3o Vicente - Litoral SP","description":"Um \u00f4nibus da Via\u00e7\u00e3o Cometa sofreu um arrast\u00e3o na Vila Margarida, em S\u00e3o Vicente. Oito bandidos cercaram o ve\u00edculo","robots":{"index":"index","follow":"follow","max-snippet":"max-snippet:-1","max-image-preview":"max-image-preview:large","max-video-preview":"max-video-preview:-1"},"canonical":"https:\/\/redenoticiaz.com.br\/litoralsp\/2021\/01\/04\/onibus-sofre-arrastao-em-sao-vicente","og_locale":"pt_BR","og_type":"article","og_title":"\u00d4nibus sofre arrast\u00e3o em S\u00e3o Vicente - Litoral SP","og_description":"Um \u00f4nibus da Via\u00e7\u00e3o Cometa sofreu um arrast\u00e3o na Vila Margarida, em S\u00e3o Vicente. Oito bandidos cercaram o ve\u00edculo","og_url":"https:\/\/redenoticiaz.com.br\/litoralsp\/2021\/01\/04\/onibus-sofre-arrastao-em-sao-vicente","og_site_name":"Litoral SP","article_published_time":"2021-01-04T22:05:20+00:00","article_modified_time":"2021-01-04T22:13:11+00:00","og_image":[{"width":780,"height":585,"url":"https:\/\/redenoticiaz.com.br\/litoralsp\/wp-content\/uploads\/sites\/3\/2021\/01\/delegacia-sv.jpg","type":"image\/jpeg"}],"author":"Leonardo Francisco","twitter_card":"summary_large_image","twitter_misc":{"Escrito por":"Leonardo Francisco","Est. tempo de leitura":"1 minuto"},"schema":{"@context":"https:\/\/schema.org","@graph":[{"@type":"Article","@id":"https:\/\/redenoticiaz.com.br\/litoralsp\/2021\/01\/04\/onibus-sofre-arrastao-em-sao-vicente#article","isPartOf":{"@id":"https:\/\/redenoticiaz.com.br\/litoralsp\/2021\/01\/04\/onibus-sofre-arrastao-em-sao-vicente"},"author":{"name":"Leonardo Francisco","@id":"https:\/\/redenoticiaz.com.br\/litoralsp\/#\/schema\/person\/0f0b8a5bdafefe82841e07ae8d81ecb3"},"headline":"\u00d4nibus sofre arrast\u00e3o em S\u00e3o Vicente","datePublished":"2021-01-04T22:05:20+00:00","dateModified":"2021-01-04T22:13:11+00:00","mainEntityOfPage":{"@id":"https:\/\/redenoticiaz.com.br\/litoralsp\/2021\/01\/04\/onibus-sofre-arrastao-em-sao-vicente"},"wordCount":196,"commentCount":0,"publisher":{"@id":"https:\/\/redenoticiaz.com.br\/litoralsp\/#organization"},"image":{"@id":"https:\/\/redenoticiaz.com.br\/litoralsp\/2021\/01\/04\/onibus-sofre-arrastao-em-sao-vicente#primaryimage"},"thumbnailUrl":"https:\/\/redenoticiaz.com.br\/litoralsp\/wp-content\/uploads\/sites\/3\/2021\/01\/delegacia-sv.jpg","keywords":["Arrast\u00e3o","Assalto","BANDIDOS","\u00d4NIBUS","S\u00e3o Vicente","VIA\u00c7\u00c3O COMETA","VILA MARGARIDA"],"articleSection":["Pol\u00edcia","S\u00e3o Vicente"],"inLanguage":"pt-BR","potentialAction":[{"@type":"CommentAction","name":"Comment","target":["https:\/\/redenoticiaz.com.br\/litoralsp\/2021\/01\/04\/onibus-sofre-arrastao-em-sao-vicente#respond"]}]},{"@type":"WebPage","@id":"https:\/\/redenoticiaz.com.br\/litoralsp\/2021\/01\/04\/onibus-sofre-arrastao-em-sao-vicente","url":"https:\/\/redenoticiaz.com.br\/litoralsp\/2021\/01\/04\/onibus-sofre-arrastao-em-sao-vicente","name":"\u00d4nibus sofre arrast\u00e3o em S\u00e3o Vicente - Litoral SP","isPartOf":{"@id":"https:\/\/redenoticiaz.com.br\/litoralsp\/#website"},"primaryImageOfPage":{"@id":"https:\/\/redenoticiaz.com.br\/litoralsp\/2021\/01\/04\/onibus-sofre-arrastao-em-sao-vicente#primaryimage"},"image":{"@id":"https:\/\/redenoticiaz.com.br\/litoralsp\/2021\/01\/04\/onibus-sofre-arrastao-em-sao-vicente#primaryimage"},"thumbnailUrl":"https:\/\/redenoticiaz.com.br\/litoralsp\/wp-content\/uploads\/sites\/3\/2021\/01\/delegacia-sv.jpg","datePublished":"2021-01-04T22:05:20+00:00","dateModified":"2021-01-04T22:13:11+00:00","description":"Um \u00f4nibus da Via\u00e7\u00e3o Cometa sofreu um arrast\u00e3o na Vila Margarida, em S\u00e3o Vicente. Oito bandidos cercaram o ve\u00edculo","inLanguage":"pt-BR","potentialAction":[{"@type":"ReadAction","target":["https:\/\/redenoticiaz.com.br\/litoralsp\/2021\/01\/04\/onibus-sofre-arrastao-em-sao-vicente"]}]},{"@type":"ImageObject","inLanguage":"pt-BR","@id":"https:\/\/redenoticiaz.com.br\/litoralsp\/2021\/01\/04\/onibus-sofre-arrastao-em-sao-vicente#primaryimage","url":"https:\/\/redenoticiaz.com.br\/litoralsp\/wp-content\/uploads\/sites\/3\/2021\/01\/delegacia-sv.jpg","contentUrl":"https:\/\/redenoticiaz.com.br\/litoralsp\/wp-content\/uploads\/sites\/3\/2021\/01\/delegacia-sv.jpg","width":780,"height":585,"caption":"\u00d4nibus sofre arrast\u00e3o em S\u00e3o Vicente"},{"@type":"WebSite","@id":"https:\/\/redenoticiaz.com.br\/litoralsp\/#website","url":"https:\/\/redenoticiaz.com.br\/litoralsp\/","name":"Litoral SP","description":"Rede NoticiaZ","publisher":{"@id":"https:\/\/redenoticiaz.com.br\/litoralsp\/#organization"},"potentialAction":[{"@type":"SearchAction","target":{"@type":"EntryPoint","urlTemplate":"https:\/\/redenoticiaz.com.br\/litoralsp\/?s={search_term_string}"},"query-input":{"@type":"PropertyValueSpecification","valueRequired":true,"valueName":"search_term_string"}}],"inLanguage":"pt-BR"},{"@type":"Organization","@id":"https:\/\/redenoticiaz.com.br\/litoralsp\/#organization","name":"Litoral SP","url":"https:\/\/redenoticiaz.com.br\/litoralsp\/","logo":{"@type":"ImageObject","inLanguage":"pt-BR","@id":"https:\/\/redenoticiaz.com.br\/litoralsp\/#\/schema\/logo\/image\/","url":"https:\/\/redenoticiaz.com.br\/litoralsp\/wp-content\/uploads\/sites\/3\/2020\/11\/logo.jpg","contentUrl":"https:\/\/redenoticiaz.com.br\/litoralsp\/wp-content\/uploads\/sites\/3\/2020\/11\/logo.jpg","width":400,"height":250,"caption":"Litoral SP"},"image":{"@id":"https:\/\/redenoticiaz.com.br\/litoralsp\/#\/schema\/logo\/image\/"}},{"@type":"Person","@id":"https:\/\/redenoticiaz.com.br\/litoralsp\/#\/schema\/person\/0f0b8a5bdafefe82841e07ae8d81ecb3","name":"Leonardo Francisco","image":{"@type":"ImageObject","inLanguage":"pt-BR","@id":"https:\/\/secure.gravatar.com\/avatar\/a7358cb406a99b682ec6df1e77e31ae82e63601f6784e8a3df411d72b37864da?s=96&d=mm&r=g","url":"https:\/\/secure.gravatar.com\/avatar\/a7358cb406a99b682ec6df1e77e31ae82e63601f6784e8a3df411d72b37864da?s=96&d=mm&r=g","contentUrl":"https:\/\/secure.gravatar.com\/avatar\/a7358cb406a99b682ec6df1e77e31ae82e63601f6784e8a3df411d72b37864da?s=96&d=mm&r=g","caption":"Leonardo Francisco"},"url":"https:\/\/redenoticiaz.com.br\/litoralsp\/author\/leonardo-francisco"}]}},"_links":{"self":[{"href":"https:\/\/redenoticiaz.com.br\/litoralsp\/wp-json\/wp\/v2\/posts\/2344","targetHints":{"allow":["GET"]}}],"collection":[{"href":"https:\/\/redenoticiaz.com.br\/litoralsp\/wp-json\/wp\/v2\/posts"}],"about":[{"href":"https:\/\/redenoticiaz.com.br\/litoralsp\/wp-json\/wp\/v2\/types\/post"}],"author":[{"embeddable":true,"href":"https:\/\/redenoticiaz.com.br\/litoralsp\/wp-json\/wp\/v2\/users\/6"}],"replies":[{"embeddable":true,"href":"https:\/\/redenoticiaz.com.br\/litoralsp\/wp-json\/wp\/v2\/comments?post=2344"}],"version-history":[{"count":1,"href":"https:\/\/redenoticiaz.com.br\/litoralsp\/wp-json\/wp\/v2\/posts\/2344\/revisions"}],"predecessor-version":[{"id":2345,"href":"https:\/\/redenoticiaz.com.br\/litoralsp\/wp-json\/wp\/v2\/posts\/2344\/revisions\/2345"}],"wp:featuredmedia":[{"embeddable":true,"href":"https:\/\/redenoticiaz.com.br\/litoralsp\/wp-json\/wp\/v2\/media\/2315"}],"wp:attachment":[{"href":"https:\/\/redenoticiaz.com.br\/litoralsp\/wp-json\/wp\/v2\/media?parent=2344"}],"wp:term":[{"taxonomy":"category","embeddable":true,"href":"https:\/\/redenoticiaz.com.br\/litoralsp\/wp-json\/wp\/v2\/categories?post=2344"},{"taxonomy":"post_tag","embeddable":true,"href":"https:\/\/redenoticiaz.com.br\/litoralsp\/wp-json\/wp\/v2\/tags?post=2344"}],"curies":[{"name":"wp","href":"https:\/\/api.w.org\/{rel}","templated":true}]}}