{"id":23440,"date":"2022-02-15T11:16:10","date_gmt":"2022-02-15T14:16:10","guid":{"rendered":"https:\/\/redenoticiaz.com.br\/litoralsp\/?p=23440"},"modified":"2022-02-15T11:16:36","modified_gmt":"2022-02-15T14:16:36","slug":"mulher-e-detida-com-microcelular-nas-partes-intimas-dentro-de-penitenciaria","status":"publish","type":"post","link":"https:\/\/redenoticiaz.com.br\/litoralsp\/2022\/02\/15\/mulher-e-detida-com-microcelular-nas-partes-intimas-dentro-de-penitenciaria","title":{"rendered":"Mulher \u00e9 detida com microcelular nas partes \u00edntimas dentro de penitenci\u00e1ria"},"content":{"rendered":"<p>Uma mulher tentou despistar os agentes levando um <strong>microcelular<\/strong> nas partes \u00edntimas em uma penitenci\u00e1ria de <a href=\"https:\/\/www.saovicente.sp.gov.br\/onepage\">S\u00e3o Vicente<\/a> para um detento. Mas os agentes perceberam e conseguiram det\u00ea-la. Ela foi levada para uma delegacia da cidade, perdeu o direito de visitar o preso e o detentou foi encaminhado para\u00a0 uma cela discipllinar.<\/p>\n<p>A Secretaria da Administra\u00e7\u00e3o Penitenci\u00e1ria (SAP), o aparelho era um microcelular e a mulher tamb\u00e9m levava uma placa para o aparelho de telefonia m\u00f3vel.<\/p>\n<div class=\"mc-column content-text active-extra-styles \" data-block-type=\"unstyled\" data-block-weight=\"43\" data-block-id=\"4\">\n<p class=\"content-text__container \" data-track-category=\"Link no Texto\" data-track-links=\"\">O flagrante aconteceu no momento da revista dos familiares de presos cadastrados como visitantes da SAP. Durante a inspe\u00e7\u00e3o com o aparelho de esc\u00e2ner corporal, servidores da unidade prisional perceberam altera\u00e7\u00f5es nas imagens de uma mulher, que era companheira de um sentenciado.<\/p>\n<p data-track-category=\"Link no Texto\" data-track-links=\"\">Ela foi questionada por servidores se ela trazia consigo algum material il\u00edcito. Ela confessou que sim e, em um local reservado, retirou das partes \u00edntimas uma pequena embalagem com os aparelhos eletr\u00f4nicos. A mulher foi encaminhada para o 1\u00ba DP de S\u00e3o Vicente para registro de boletim de ocorr\u00eancia, enquanto o preso foi levado para cela disciplinar.<\/p>\n<p data-track-category=\"Link no Texto\" data-track-links=\"\"><strong>LEIA TAMB\u00c9M<\/strong><\/p>\n<p data-track-category=\"Link no Texto\" data-track-links=\"\"><a href=\"https:\/\/redenoticiaz.com.br\/litoralsp\/2022\/02\/14\/mulher-foragida-da-justica-no-interior-de-sao-paulo-e-presa-no-parana\">Mulher foragida da Justi\u00e7a no Interior de S\u00e3o Paulo \u00e9 presa no Paran\u00e1<\/a><\/p>\n<\/div>\n","protected":false},"excerpt":{"rendered":"<p>Uma mulher tentou despistar os agentes levando um microcelular nas partes \u00edntimas em uma penitenci\u00e1ria de S\u00e3o Vicente para um detento. Mas os agentes perceberam e conseguiram det\u00ea-la. Ela foi levada para uma delegacia da cidade, perdeu o direito de visitar o preso e o detentou foi encaminhado para\u00a0 uma cela discipllinar. A Secretaria da &hellip;<\/p>\n","protected":false},"author":6,"featured_media":23441,"comment_status":"open","ping_status":"closed","sticky":false,"template":"","format":"standard","meta":{"footnotes":""},"categories":[10,181],"tags":[50252,7487,50250,33,50251],"class_list":["post-23440","post","type-post","status-publish","format-standard","has-post-thumbnail","hentry","category-policia","category-sao-vicente","tag-microcelular","tag-mulher-presa","tag-penitenciaria-2","tag-sao-vicente","tag-secretaria-da-administracao-penitennciaria"],"yoast_head":"<!-- This site is optimized with the Yoast SEO plugin v27.5 - https:\/\/yoast.com\/product\/yoast-seo-wordpress\/ -->\n<title>Mulher \u00e9 detida com microcelular nas partes \u00edntimas dentro de penitenci\u00e1ria - Litoral SP<\/title>\n<meta name=\"description\" content=\"mulher tentou despistar os agentes levando um microcelular nas partes \u00edntimas em uma penitenci\u00e1ria de S\u00e3o Vicente para um detento. Mas\" \/>\n<meta name=\"robots\" content=\"index, follow, max-snippet:-1, max-image-preview:large, max-video-preview:-1\" \/>\n<link rel=\"canonical\" href=\"https:\/\/redenoticiaz.com.br\/litoralsp\/2022\/02\/15\/mulher-e-detida-com-microcelular-nas-partes-intimas-dentro-de-penitenciaria\" \/>\n<meta property=\"og:locale\" content=\"pt_BR\" \/>\n<meta property=\"og:type\" content=\"article\" \/>\n<meta property=\"og:title\" content=\"Mulher \u00e9 detida com microcelular nas partes \u00edntimas dentro de penitenci\u00e1ria - Litoral SP\" \/>\n<meta property=\"og:description\" content=\"mulher tentou despistar os agentes levando um microcelular nas partes \u00edntimas em uma penitenci\u00e1ria de S\u00e3o Vicente para um detento. Mas\" \/>\n<meta property=\"og:url\" content=\"https:\/\/redenoticiaz.com.br\/litoralsp\/2022\/02\/15\/mulher-e-detida-com-microcelular-nas-partes-intimas-dentro-de-penitenciaria\" \/>\n<meta property=\"og:site_name\" content=\"Litoral SP\" \/>\n<meta property=\"article:published_time\" content=\"2022-02-15T14:16:10+00:00\" \/>\n<meta property=\"article:modified_time\" content=\"2022-02-15T14:16:36+00:00\" \/>\n<meta property=\"og:image\" content=\"https:\/\/redenoticiaz.com.br\/litoralsp\/wp-content\/uploads\/sites\/3\/2022\/02\/13-02-22-apreensao-p2-de-sao-vicente-microcelular-e-placa.jpeg\" \/>\n\t<meta property=\"og:image:width\" content=\"984\" \/>\n\t<meta property=\"og:image:height\" content=\"668\" \/>\n\t<meta property=\"og:image:type\" content=\"image\/jpeg\" \/>\n<meta name=\"author\" content=\"Leonardo Francisco\" \/>\n<meta name=\"twitter:card\" content=\"summary_large_image\" \/>\n<meta name=\"twitter:label1\" content=\"Escrito por\" \/>\n\t<meta name=\"twitter:data1\" content=\"Leonardo Francisco\" \/>\n\t<meta name=\"twitter:label2\" content=\"Est. tempo de leitura\" \/>\n\t<meta name=\"twitter:data2\" content=\"1 minuto\" \/>\n<script type=\"application\/ld+json\" class=\"yoast-schema-graph\">{\"@context\":\"https:\\\/\\\/schema.org\",\"@graph\":[{\"@type\":\"Article\",\"@id\":\"https:\\\/\\\/redenoticiaz.com.br\\\/litoralsp\\\/2022\\\/02\\\/15\\\/mulher-e-detida-com-microcelular-nas-partes-intimas-dentro-de-penitenciaria#article\",\"isPartOf\":{\"@id\":\"https:\\\/\\\/redenoticiaz.com.br\\\/litoralsp\\\/2022\\\/02\\\/15\\\/mulher-e-detida-com-microcelular-nas-partes-intimas-dentro-de-penitenciaria\"},\"author\":{\"name\":\"Leonardo Francisco\",\"@id\":\"https:\\\/\\\/redenoticiaz.com.br\\\/litoralsp\\\/#\\\/schema\\\/person\\\/0f0b8a5bdafefe82841e07ae8d81ecb3\"},\"headline\":\"Mulher \u00e9 detida com microcelular nas partes \u00edntimas dentro de penitenci\u00e1ria\",\"datePublished\":\"2022-02-15T14:16:10+00:00\",\"dateModified\":\"2022-02-15T14:16:36+00:00\",\"mainEntityOfPage\":{\"@id\":\"https:\\\/\\\/redenoticiaz.com.br\\\/litoralsp\\\/2022\\\/02\\\/15\\\/mulher-e-detida-com-microcelular-nas-partes-intimas-dentro-de-penitenciaria\"},\"wordCount\":216,\"commentCount\":0,\"publisher\":{\"@id\":\"https:\\\/\\\/redenoticiaz.com.br\\\/litoralsp\\\/#organization\"},\"image\":{\"@id\":\"https:\\\/\\\/redenoticiaz.com.br\\\/litoralsp\\\/2022\\\/02\\\/15\\\/mulher-e-detida-com-microcelular-nas-partes-intimas-dentro-de-penitenciaria#primaryimage\"},\"thumbnailUrl\":\"https:\\\/\\\/redenoticiaz.com.br\\\/litoralsp\\\/wp-content\\\/uploads\\\/sites\\\/3\\\/2022\\\/02\\\/13-02-22-apreensao-p2-de-sao-vicente-microcelular-e-placa.jpeg\",\"keywords\":[\"MICROCELULAR\",\"MULHER PRESA\",\"PENITENCI\u00c1RIA 2\",\"S\u00e3o Vicente\",\"SECRETARIA DA ADMINISTRA\u00c7\u00c3O PENITENNCI\u00c1RIA\"],\"articleSection\":[\"Pol\u00edcia\",\"S\u00e3o Vicente\"],\"inLanguage\":\"pt-BR\",\"potentialAction\":[{\"@type\":\"CommentAction\",\"name\":\"Comment\",\"target\":[\"https:\\\/\\\/redenoticiaz.com.br\\\/litoralsp\\\/2022\\\/02\\\/15\\\/mulher-e-detida-com-microcelular-nas-partes-intimas-dentro-de-penitenciaria#respond\"]}]},{\"@type\":\"WebPage\",\"@id\":\"https:\\\/\\\/redenoticiaz.com.br\\\/litoralsp\\\/2022\\\/02\\\/15\\\/mulher-e-detida-com-microcelular-nas-partes-intimas-dentro-de-penitenciaria\",\"url\":\"https:\\\/\\\/redenoticiaz.com.br\\\/litoralsp\\\/2022\\\/02\\\/15\\\/mulher-e-detida-com-microcelular-nas-partes-intimas-dentro-de-penitenciaria\",\"name\":\"Mulher \u00e9 detida com microcelular nas partes \u00edntimas dentro de penitenci\u00e1ria - Litoral SP\",\"isPartOf\":{\"@id\":\"https:\\\/\\\/redenoticiaz.com.br\\\/litoralsp\\\/#website\"},\"primaryImageOfPage\":{\"@id\":\"https:\\\/\\\/redenoticiaz.com.br\\\/litoralsp\\\/2022\\\/02\\\/15\\\/mulher-e-detida-com-microcelular-nas-partes-intimas-dentro-de-penitenciaria#primaryimage\"},\"image\":{\"@id\":\"https:\\\/\\\/redenoticiaz.com.br\\\/litoralsp\\\/2022\\\/02\\\/15\\\/mulher-e-detida-com-microcelular-nas-partes-intimas-dentro-de-penitenciaria#primaryimage\"},\"thumbnailUrl\":\"https:\\\/\\\/redenoticiaz.com.br\\\/litoralsp\\\/wp-content\\\/uploads\\\/sites\\\/3\\\/2022\\\/02\\\/13-02-22-apreensao-p2-de-sao-vicente-microcelular-e-placa.jpeg\",\"datePublished\":\"2022-02-15T14:16:10+00:00\",\"dateModified\":\"2022-02-15T14:16:36+00:00\",\"description\":\"mulher tentou despistar os agentes levando um microcelular nas partes \u00edntimas em uma penitenci\u00e1ria de S\u00e3o Vicente para um detento. Mas\",\"inLanguage\":\"pt-BR\",\"potentialAction\":[{\"@type\":\"ReadAction\",\"target\":[\"https:\\\/\\\/redenoticiaz.com.br\\\/litoralsp\\\/2022\\\/02\\\/15\\\/mulher-e-detida-com-microcelular-nas-partes-intimas-dentro-de-penitenciaria\"]}]},{\"@type\":\"ImageObject\",\"inLanguage\":\"pt-BR\",\"@id\":\"https:\\\/\\\/redenoticiaz.com.br\\\/litoralsp\\\/2022\\\/02\\\/15\\\/mulher-e-detida-com-microcelular-nas-partes-intimas-dentro-de-penitenciaria#primaryimage\",\"url\":\"https:\\\/\\\/redenoticiaz.com.br\\\/litoralsp\\\/wp-content\\\/uploads\\\/sites\\\/3\\\/2022\\\/02\\\/13-02-22-apreensao-p2-de-sao-vicente-microcelular-e-placa.jpeg\",\"contentUrl\":\"https:\\\/\\\/redenoticiaz.com.br\\\/litoralsp\\\/wp-content\\\/uploads\\\/sites\\\/3\\\/2022\\\/02\\\/13-02-22-apreensao-p2-de-sao-vicente-microcelular-e-placa.jpeg\",\"width\":984,\"height\":668,\"caption\":\"Cr\u00e9ditos: Divulga\u00e7\u00e3o\\\/Secretaria da Administra\u00e7\u00e3o Penitenci\u00e1ria\"},{\"@type\":\"WebSite\",\"@id\":\"https:\\\/\\\/redenoticiaz.com.br\\\/litoralsp\\\/#website\",\"url\":\"https:\\\/\\\/redenoticiaz.com.br\\\/litoralsp\\\/\",\"name\":\"Litoral SP\",\"description\":\"Rede NoticiaZ\",\"publisher\":{\"@id\":\"https:\\\/\\\/redenoticiaz.com.br\\\/litoralsp\\\/#organization\"},\"potentialAction\":[{\"@type\":\"SearchAction\",\"target\":{\"@type\":\"EntryPoint\",\"urlTemplate\":\"https:\\\/\\\/redenoticiaz.com.br\\\/litoralsp\\\/?s={search_term_string}\"},\"query-input\":{\"@type\":\"PropertyValueSpecification\",\"valueRequired\":true,\"valueName\":\"search_term_string\"}}],\"inLanguage\":\"pt-BR\"},{\"@type\":\"Organization\",\"@id\":\"https:\\\/\\\/redenoticiaz.com.br\\\/litoralsp\\\/#organization\",\"name\":\"Litoral SP\",\"url\":\"https:\\\/\\\/redenoticiaz.com.br\\\/litoralsp\\\/\",\"logo\":{\"@type\":\"ImageObject\",\"inLanguage\":\"pt-BR\",\"@id\":\"https:\\\/\\\/redenoticiaz.com.br\\\/litoralsp\\\/#\\\/schema\\\/logo\\\/image\\\/\",\"url\":\"https:\\\/\\\/redenoticiaz.com.br\\\/litoralsp\\\/wp-content\\\/uploads\\\/sites\\\/3\\\/2020\\\/11\\\/logo.jpg\",\"contentUrl\":\"https:\\\/\\\/redenoticiaz.com.br\\\/litoralsp\\\/wp-content\\\/uploads\\\/sites\\\/3\\\/2020\\\/11\\\/logo.jpg\",\"width\":400,\"height\":250,\"caption\":\"Litoral SP\"},\"image\":{\"@id\":\"https:\\\/\\\/redenoticiaz.com.br\\\/litoralsp\\\/#\\\/schema\\\/logo\\\/image\\\/\"}},{\"@type\":\"Person\",\"@id\":\"https:\\\/\\\/redenoticiaz.com.br\\\/litoralsp\\\/#\\\/schema\\\/person\\\/0f0b8a5bdafefe82841e07ae8d81ecb3\",\"name\":\"Leonardo Francisco\",\"image\":{\"@type\":\"ImageObject\",\"inLanguage\":\"pt-BR\",\"@id\":\"https:\\\/\\\/secure.gravatar.com\\\/avatar\\\/a7358cb406a99b682ec6df1e77e31ae82e63601f6784e8a3df411d72b37864da?s=96&d=mm&r=g\",\"url\":\"https:\\\/\\\/secure.gravatar.com\\\/avatar\\\/a7358cb406a99b682ec6df1e77e31ae82e63601f6784e8a3df411d72b37864da?s=96&d=mm&r=g\",\"contentUrl\":\"https:\\\/\\\/secure.gravatar.com\\\/avatar\\\/a7358cb406a99b682ec6df1e77e31ae82e63601f6784e8a3df411d72b37864da?s=96&d=mm&r=g\",\"caption\":\"Leonardo Francisco\"},\"url\":\"https:\\\/\\\/redenoticiaz.com.br\\\/litoralsp\\\/author\\\/leonardo-francisco\"}]}<\/script>\n<!-- \/ Yoast SEO plugin. -->","yoast_head_json":{"title":"Mulher \u00e9 detida com microcelular nas partes \u00edntimas dentro de penitenci\u00e1ria - Litoral SP","description":"mulher tentou despistar os agentes levando um microcelular nas partes \u00edntimas em uma penitenci\u00e1ria de S\u00e3o Vicente para um detento. Mas","robots":{"index":"index","follow":"follow","max-snippet":"max-snippet:-1","max-image-preview":"max-image-preview:large","max-video-preview":"max-video-preview:-1"},"canonical":"https:\/\/redenoticiaz.com.br\/litoralsp\/2022\/02\/15\/mulher-e-detida-com-microcelular-nas-partes-intimas-dentro-de-penitenciaria","og_locale":"pt_BR","og_type":"article","og_title":"Mulher \u00e9 detida com microcelular nas partes \u00edntimas dentro de penitenci\u00e1ria - Litoral SP","og_description":"mulher tentou despistar os agentes levando um microcelular nas partes \u00edntimas em uma penitenci\u00e1ria de S\u00e3o Vicente para um detento. Mas","og_url":"https:\/\/redenoticiaz.com.br\/litoralsp\/2022\/02\/15\/mulher-e-detida-com-microcelular-nas-partes-intimas-dentro-de-penitenciaria","og_site_name":"Litoral SP","article_published_time":"2022-02-15T14:16:10+00:00","article_modified_time":"2022-02-15T14:16:36+00:00","og_image":[{"width":984,"height":668,"url":"https:\/\/redenoticiaz.com.br\/litoralsp\/wp-content\/uploads\/sites\/3\/2022\/02\/13-02-22-apreensao-p2-de-sao-vicente-microcelular-e-placa.jpeg","type":"image\/jpeg"}],"author":"Leonardo Francisco","twitter_card":"summary_large_image","twitter_misc":{"Escrito por":"Leonardo Francisco","Est. tempo de leitura":"1 minuto"},"schema":{"@context":"https:\/\/schema.org","@graph":[{"@type":"Article","@id":"https:\/\/redenoticiaz.com.br\/litoralsp\/2022\/02\/15\/mulher-e-detida-com-microcelular-nas-partes-intimas-dentro-de-penitenciaria#article","isPartOf":{"@id":"https:\/\/redenoticiaz.com.br\/litoralsp\/2022\/02\/15\/mulher-e-detida-com-microcelular-nas-partes-intimas-dentro-de-penitenciaria"},"author":{"name":"Leonardo Francisco","@id":"https:\/\/redenoticiaz.com.br\/litoralsp\/#\/schema\/person\/0f0b8a5bdafefe82841e07ae8d81ecb3"},"headline":"Mulher \u00e9 detida com microcelular nas partes \u00edntimas dentro de penitenci\u00e1ria","datePublished":"2022-02-15T14:16:10+00:00","dateModified":"2022-02-15T14:16:36+00:00","mainEntityOfPage":{"@id":"https:\/\/redenoticiaz.com.br\/litoralsp\/2022\/02\/15\/mulher-e-detida-com-microcelular-nas-partes-intimas-dentro-de-penitenciaria"},"wordCount":216,"commentCount":0,"publisher":{"@id":"https:\/\/redenoticiaz.com.br\/litoralsp\/#organization"},"image":{"@id":"https:\/\/redenoticiaz.com.br\/litoralsp\/2022\/02\/15\/mulher-e-detida-com-microcelular-nas-partes-intimas-dentro-de-penitenciaria#primaryimage"},"thumbnailUrl":"https:\/\/redenoticiaz.com.br\/litoralsp\/wp-content\/uploads\/sites\/3\/2022\/02\/13-02-22-apreensao-p2-de-sao-vicente-microcelular-e-placa.jpeg","keywords":["MICROCELULAR","MULHER PRESA","PENITENCI\u00c1RIA 2","S\u00e3o Vicente","SECRETARIA DA ADMINISTRA\u00c7\u00c3O PENITENNCI\u00c1RIA"],"articleSection":["Pol\u00edcia","S\u00e3o Vicente"],"inLanguage":"pt-BR","potentialAction":[{"@type":"CommentAction","name":"Comment","target":["https:\/\/redenoticiaz.com.br\/litoralsp\/2022\/02\/15\/mulher-e-detida-com-microcelular-nas-partes-intimas-dentro-de-penitenciaria#respond"]}]},{"@type":"WebPage","@id":"https:\/\/redenoticiaz.com.br\/litoralsp\/2022\/02\/15\/mulher-e-detida-com-microcelular-nas-partes-intimas-dentro-de-penitenciaria","url":"https:\/\/redenoticiaz.com.br\/litoralsp\/2022\/02\/15\/mulher-e-detida-com-microcelular-nas-partes-intimas-dentro-de-penitenciaria","name":"Mulher \u00e9 detida com microcelular nas partes \u00edntimas dentro de penitenci\u00e1ria - Litoral SP","isPartOf":{"@id":"https:\/\/redenoticiaz.com.br\/litoralsp\/#website"},"primaryImageOfPage":{"@id":"https:\/\/redenoticiaz.com.br\/litoralsp\/2022\/02\/15\/mulher-e-detida-com-microcelular-nas-partes-intimas-dentro-de-penitenciaria#primaryimage"},"image":{"@id":"https:\/\/redenoticiaz.com.br\/litoralsp\/2022\/02\/15\/mulher-e-detida-com-microcelular-nas-partes-intimas-dentro-de-penitenciaria#primaryimage"},"thumbnailUrl":"https:\/\/redenoticiaz.com.br\/litoralsp\/wp-content\/uploads\/sites\/3\/2022\/02\/13-02-22-apreensao-p2-de-sao-vicente-microcelular-e-placa.jpeg","datePublished":"2022-02-15T14:16:10+00:00","dateModified":"2022-02-15T14:16:36+00:00","description":"mulher tentou despistar os agentes levando um microcelular nas partes \u00edntimas em uma penitenci\u00e1ria de S\u00e3o Vicente para um detento. Mas","inLanguage":"pt-BR","potentialAction":[{"@type":"ReadAction","target":["https:\/\/redenoticiaz.com.br\/litoralsp\/2022\/02\/15\/mulher-e-detida-com-microcelular-nas-partes-intimas-dentro-de-penitenciaria"]}]},{"@type":"ImageObject","inLanguage":"pt-BR","@id":"https:\/\/redenoticiaz.com.br\/litoralsp\/2022\/02\/15\/mulher-e-detida-com-microcelular-nas-partes-intimas-dentro-de-penitenciaria#primaryimage","url":"https:\/\/redenoticiaz.com.br\/litoralsp\/wp-content\/uploads\/sites\/3\/2022\/02\/13-02-22-apreensao-p2-de-sao-vicente-microcelular-e-placa.jpeg","contentUrl":"https:\/\/redenoticiaz.com.br\/litoralsp\/wp-content\/uploads\/sites\/3\/2022\/02\/13-02-22-apreensao-p2-de-sao-vicente-microcelular-e-placa.jpeg","width":984,"height":668,"caption":"Cr\u00e9ditos: Divulga\u00e7\u00e3o\/Secretaria da Administra\u00e7\u00e3o Penitenci\u00e1ria"},{"@type":"WebSite","@id":"https:\/\/redenoticiaz.com.br\/litoralsp\/#website","url":"https:\/\/redenoticiaz.com.br\/litoralsp\/","name":"Litoral SP","description":"Rede NoticiaZ","publisher":{"@id":"https:\/\/redenoticiaz.com.br\/litoralsp\/#organization"},"potentialAction":[{"@type":"SearchAction","target":{"@type":"EntryPoint","urlTemplate":"https:\/\/redenoticiaz.com.br\/litoralsp\/?s={search_term_string}"},"query-input":{"@type":"PropertyValueSpecification","valueRequired":true,"valueName":"search_term_string"}}],"inLanguage":"pt-BR"},{"@type":"Organization","@id":"https:\/\/redenoticiaz.com.br\/litoralsp\/#organization","name":"Litoral SP","url":"https:\/\/redenoticiaz.com.br\/litoralsp\/","logo":{"@type":"ImageObject","inLanguage":"pt-BR","@id":"https:\/\/redenoticiaz.com.br\/litoralsp\/#\/schema\/logo\/image\/","url":"https:\/\/redenoticiaz.com.br\/litoralsp\/wp-content\/uploads\/sites\/3\/2020\/11\/logo.jpg","contentUrl":"https:\/\/redenoticiaz.com.br\/litoralsp\/wp-content\/uploads\/sites\/3\/2020\/11\/logo.jpg","width":400,"height":250,"caption":"Litoral SP"},"image":{"@id":"https:\/\/redenoticiaz.com.br\/litoralsp\/#\/schema\/logo\/image\/"}},{"@type":"Person","@id":"https:\/\/redenoticiaz.com.br\/litoralsp\/#\/schema\/person\/0f0b8a5bdafefe82841e07ae8d81ecb3","name":"Leonardo Francisco","image":{"@type":"ImageObject","inLanguage":"pt-BR","@id":"https:\/\/secure.gravatar.com\/avatar\/a7358cb406a99b682ec6df1e77e31ae82e63601f6784e8a3df411d72b37864da?s=96&d=mm&r=g","url":"https:\/\/secure.gravatar.com\/avatar\/a7358cb406a99b682ec6df1e77e31ae82e63601f6784e8a3df411d72b37864da?s=96&d=mm&r=g","contentUrl":"https:\/\/secure.gravatar.com\/avatar\/a7358cb406a99b682ec6df1e77e31ae82e63601f6784e8a3df411d72b37864da?s=96&d=mm&r=g","caption":"Leonardo Francisco"},"url":"https:\/\/redenoticiaz.com.br\/litoralsp\/author\/leonardo-francisco"}]}},"_links":{"self":[{"href":"https:\/\/redenoticiaz.com.br\/litoralsp\/wp-json\/wp\/v2\/posts\/23440","targetHints":{"allow":["GET"]}}],"collection":[{"href":"https:\/\/redenoticiaz.com.br\/litoralsp\/wp-json\/wp\/v2\/posts"}],"about":[{"href":"https:\/\/redenoticiaz.com.br\/litoralsp\/wp-json\/wp\/v2\/types\/post"}],"author":[{"embeddable":true,"href":"https:\/\/redenoticiaz.com.br\/litoralsp\/wp-json\/wp\/v2\/users\/6"}],"replies":[{"embeddable":true,"href":"https:\/\/redenoticiaz.com.br\/litoralsp\/wp-json\/wp\/v2\/comments?post=23440"}],"version-history":[{"count":1,"href":"https:\/\/redenoticiaz.com.br\/litoralsp\/wp-json\/wp\/v2\/posts\/23440\/revisions"}],"predecessor-version":[{"id":23442,"href":"https:\/\/redenoticiaz.com.br\/litoralsp\/wp-json\/wp\/v2\/posts\/23440\/revisions\/23442"}],"wp:featuredmedia":[{"embeddable":true,"href":"https:\/\/redenoticiaz.com.br\/litoralsp\/wp-json\/wp\/v2\/media\/23441"}],"wp:attachment":[{"href":"https:\/\/redenoticiaz.com.br\/litoralsp\/wp-json\/wp\/v2\/media?parent=23440"}],"wp:term":[{"taxonomy":"category","embeddable":true,"href":"https:\/\/redenoticiaz.com.br\/litoralsp\/wp-json\/wp\/v2\/categories?post=23440"},{"taxonomy":"post_tag","embeddable":true,"href":"https:\/\/redenoticiaz.com.br\/litoralsp\/wp-json\/wp\/v2\/tags?post=23440"}],"curies":[{"name":"wp","href":"https:\/\/api.w.org\/{rel}","templated":true}]}}