{"id":2353,"date":"2021-01-05T07:17:46","date_gmt":"2021-01-05T10:17:46","guid":{"rendered":"https:\/\/redenoticiaz.com.br\/litoralsp\/2021\/01\/05\/video-carregamento-de-pedras-preciosas-e-apreendido-dentro-do-painel-do-carro\/"},"modified":"2021-01-05T07:24:56","modified_gmt":"2021-01-05T10:24:56","slug":"video-carregamento-de-pedras-preciosas-e-apreendido-dentro-do-painel-do-carro","status":"publish","type":"post","link":"https:\/\/redenoticiaz.com.br\/litoralsp\/2021\/01\/05\/video-carregamento-de-pedras-preciosas-e-apreendido-dentro-do-painel-do-carro","title":{"rendered":"V\u00cdDEO &#8211; Carregamento de pedras preciosas \u00e9 apreendido dentro do painel do carro"},"content":{"rendered":"<p>Durante o bloqueio na Rodovia Prefeito Am\u00e9rico Augusto Pereira, Km 234, munic\u00edpio de <a href=\"https:\/\/pt.wikipedia.org\/wiki\/Ponga%C3%AD\">Ponga\u00ed\/SP<\/a>, os Policiais do TOR &#8211; T\u00e1tico Ostensivo Rodovi\u00e1rio &#8211; apreenderam um carregamento de pedras preciosas. O saco com mais de 22 kg de pedras preciosas estava dentro um compartimento no painel do carro.<\/p>\n<div class=\"wp-playlist wp-video-playlist wp-playlist-light\">\n\t\t<video controls=\"controls\" preload=\"none\" width=\"640\"\n\t\t height=\"362\"\t><\/video>\n\t<div class=\"wp-playlist-next\"><\/div>\n\t<div class=\"wp-playlist-prev\"><\/div>\n\t<noscript>\n\t<ol>\n\t\t<li><a href='https:\/\/redenoticiaz.com.br\/litoralsp\/wp-content\/uploads\/sites\/3\/2021\/01\/cofre-no-painel.mp4'>cofre no painel<\/a><\/li>\t<\/ol>\n\t<\/noscript>\n\t<script type=\"application\/json\" class=\"wp-playlist-script\">{\"type\":\"video\",\"tracklist\":true,\"tracknumbers\":true,\"images\":true,\"artists\":true,\"tracks\":[{\"src\":\"https:\/\/redenoticiaz.com.br\/litoralsp\/wp-content\/uploads\/sites\/3\/2021\/01\/cofre-no-painel.mp4\",\"type\":\"video\/mp4\",\"title\":\"cofre no painel\",\"caption\":\"\",\"description\":\"\",\"meta\":{\"length_formatted\":\"1:00\"},\"dimensions\":{\"original\":{\"width\":848,\"height\":480},\"resized\":{\"width\":640,\"height\":362}},\"image\":{\"src\":\"https:\/\/redenoticiaz.com.br\/litoralsp\/wp-includes\/images\/media\/video.svg\",\"width\":48,\"height\":64},\"thumb\":{\"src\":\"https:\/\/redenoticiaz.com.br\/litoralsp\/wp-includes\/images\/media\/video.svg\",\"width\":48,\"height\":64}}]}<\/script>\n<\/div>\n\t\n<p>&nbsp;<\/p>\n<p>Foi durante a fiscaliza\u00e7\u00e3o de combate ao tr\u00e1fico de drogas e demais il\u00edcitos penais, que os Policiais na SP333-Rodovia Prefeito Am\u00e9rico Augusto Pereira, Km 234, munic\u00edpio de Ponga\u00ed\/SP, abordaram um ve\u00edculo Fiat\/Idea, placas de Ribeir\u00e3o das Neves\/MG.<\/p>\n<p>Durante a conversa com os Policiais o motorista apresentou muito nervosismo. Sendo assim, foi feita uma\u00a0 revista no ve\u00edculo onde foi localizado no painel um compartimento eletr\u00f4nico, do tipo \u201cFundo falso\u201d. Dentro havia 22,740 Kg de pedras preciosas diversas (brutas e j\u00e1 lapidadas) al\u00e9m de $ 5000,00 reais em dinheiro. Mas o motorista n\u00e3o apresentou nenhum tipo de documento referente as pedras.<\/p>\n<div id='gallery-1' class='gallery galleryid-2353 gallery-columns-2 gallery-size-large'><figure class='gallery-item'>\n\t\t\t<div class='gallery-icon portrait'>\n\t\t\t\t<a href='https:\/\/redenoticiaz.com.br\/litoralsp\/2021\/01\/05\/video-carregamento-de-pedras-preciosas-e-apreendido-dentro-do-painel-do-carro\/pedras-precisas-3'><img loading=\"lazy\" decoding=\"async\" width=\"634\" height=\"1024\" src=\"https:\/\/redenoticiaz.com.br\/litoralsp\/wp-content\/uploads\/sites\/3\/2021\/01\/pedras-precisas-3-634x1024.jpg\" class=\"attachment-large size-large\" alt=\"\" srcset=\"https:\/\/redenoticiaz.com.br\/litoralsp\/wp-content\/uploads\/sites\/3\/2021\/01\/pedras-precisas-3-634x1024.jpg 634w, https:\/\/redenoticiaz.com.br\/litoralsp\/wp-content\/uploads\/sites\/3\/2021\/01\/pedras-precisas-3-186x300.jpg 186w, https:\/\/redenoticiaz.com.br\/litoralsp\/wp-content\/uploads\/sites\/3\/2021\/01\/pedras-precisas-3-768x1240.jpg 768w, https:\/\/redenoticiaz.com.br\/litoralsp\/wp-content\/uploads\/sites\/3\/2021\/01\/pedras-precisas-3.jpg 669w\" sizes=\"auto, (max-width: 634px) 100vw, 634px\" \/><\/a>\n\t\t\t<\/div><\/figure><figure class='gallery-item'>\n\t\t\t<div class='gallery-icon landscape'>\n\t\t\t\t<a href='https:\/\/redenoticiaz.com.br\/litoralsp\/2021\/01\/05\/video-carregamento-de-pedras-preciosas-e-apreendido-dentro-do-painel-do-carro\/pedras-preciosas-3'><img loading=\"lazy\" decoding=\"async\" width=\"1024\" height=\"620\" src=\"https:\/\/redenoticiaz.com.br\/litoralsp\/wp-content\/uploads\/sites\/3\/2021\/01\/pedras-preciosas-1024x620.jpg\" class=\"attachment-large size-large\" alt=\"\" srcset=\"https:\/\/redenoticiaz.com.br\/litoralsp\/wp-content\/uploads\/sites\/3\/2021\/01\/pedras-preciosas-1024x620.jpg 1024w, https:\/\/redenoticiaz.com.br\/litoralsp\/wp-content\/uploads\/sites\/3\/2021\/01\/pedras-preciosas-300x182.jpg 300w, https:\/\/redenoticiaz.com.br\/litoralsp\/wp-content\/uploads\/sites\/3\/2021\/01\/pedras-preciosas-768x465.jpg 768w, https:\/\/redenoticiaz.com.br\/litoralsp\/wp-content\/uploads\/sites\/3\/2021\/01\/pedras-preciosas.jpg 1280w\" sizes=\"auto, (max-width: 1024px) 100vw, 1024px\" \/><\/a>\n\t\t\t<\/div><\/figure>\n\t\t<\/div>\n\n<p>Diante do fato, o motorista, o ve\u00edculo e as pedras foram conduzidos \u00e0 Pol\u00edcia Federal de Bauru\/SP, onde o delegado Dr C\u00e1ssio Alberto Condi Garcia registrou a ocorr\u00eancia.\u00a0 Foram apreendidos os cinco mil reais e as pedras preciosas, que ser\u00e3o periciadas posteriormente. O motorista foi liberado, mas pode responder por crime de usurpa\u00e7\u00e3o de bens da uni\u00e3o. .<\/p>\n<p><strong>LEIA TAMB\u00c9M<\/strong><\/p>\n<p><a href=\"https:\/\/redenoticiaz.com.br\/blog\/2021\/01\/05\/grave-acidente-deixa-cantora-gospel-amanda-wanessa-na-uti\/\">Uma pessoa morta e dois carros destru\u00eddos em acidente na marginal da Anhanguera<\/a><\/p>\n","protected":false},"excerpt":{"rendered":"<p>Durante o bloqueio na Rodovia Prefeito Am\u00e9rico Augusto Pereira, Km 234, munic\u00edpio de Ponga\u00ed\/SP, os Policiais do TOR &#8211; T\u00e1tico Ostensivo Rodovi\u00e1rio &#8211; apreenderam um carregamento de pedras preciosas. O saco com mais de 22 kg de pedras preciosas estava dentro um compartimento no painel do carro. &nbsp; Foi durante a fiscaliza\u00e7\u00e3o de combate ao &hellip;<\/p>\n","protected":false},"author":5,"featured_media":2354,"comment_status":"open","ping_status":"closed","sticky":false,"template":"","format":"standard","meta":{"footnotes":""},"categories":[10],"tags":[7449,7450,7451,7452],"class_list":["post-2353","post","type-post","status-publish","format-standard","has-post-thumbnail","hentry","category-policia","tag-cofre-dentro-de-carro","tag-fundo-falso-pedras-preciosas","tag-policia-rodoviaria-apreende-pedras-preciosas","tag-tor-apreende-pedras-preciosas"],"yoast_head":"<!-- This site is optimized with the Yoast SEO plugin v27.5 - https:\/\/yoast.com\/product\/yoast-seo-wordpress\/ -->\n<title>V\u00cdDEO - Carregamento de pedras preciosas \u00e9 apreendido dentro do painel do carro - Litoral SP<\/title>\n<meta name=\"description\" content=\"os Policiais do TOR - T\u00e1tico Ostensivo Rodovi\u00e1rio - apreenderam um carregamento de pedras preciosas. O saco com mais de 22 kg de pedras preciosas\" \/>\n<meta name=\"robots\" content=\"index, follow, max-snippet:-1, max-image-preview:large, max-video-preview:-1\" \/>\n<link rel=\"canonical\" href=\"https:\/\/redenoticiaz.com.br\/litoralsp\/2021\/01\/05\/video-carregamento-de-pedras-preciosas-e-apreendido-dentro-do-painel-do-carro\" \/>\n<meta property=\"og:locale\" content=\"pt_BR\" \/>\n<meta property=\"og:type\" content=\"article\" \/>\n<meta property=\"og:title\" content=\"V\u00cdDEO - Carregamento de pedras preciosas \u00e9 apreendido dentro do painel do carro - Litoral SP\" \/>\n<meta property=\"og:description\" content=\"os Policiais do TOR - T\u00e1tico Ostensivo Rodovi\u00e1rio - apreenderam um carregamento de pedras preciosas. O saco com mais de 22 kg de pedras preciosas\" \/>\n<meta property=\"og:url\" content=\"https:\/\/redenoticiaz.com.br\/litoralsp\/2021\/01\/05\/video-carregamento-de-pedras-preciosas-e-apreendido-dentro-do-painel-do-carro\" \/>\n<meta property=\"og:site_name\" content=\"Litoral SP\" \/>\n<meta property=\"article:published_time\" content=\"2021-01-05T10:17:46+00:00\" \/>\n<meta property=\"article:modified_time\" content=\"2021-01-05T10:24:56+00:00\" \/>\n<meta property=\"og:image\" content=\"https:\/\/redenoticiaz.com.br\/litoralsp\/wp-content\/uploads\/sites\/3\/2021\/01\/pedras-preciosas-2-1.jpg\" \/>\n\t<meta property=\"og:image:width\" content=\"1280\" \/>\n\t<meta property=\"og:image:height\" content=\"930\" \/>\n\t<meta property=\"og:image:type\" content=\"image\/jpeg\" \/>\n<meta name=\"author\" content=\"Patr\u00edcia Prado\" \/>\n<meta name=\"twitter:card\" content=\"summary_large_image\" \/>\n<meta name=\"twitter:label1\" content=\"Escrito por\" \/>\n\t<meta name=\"twitter:data1\" content=\"Patr\u00edcia Prado\" \/>\n\t<meta name=\"twitter:label2\" content=\"Est. tempo de leitura\" \/>\n\t<meta name=\"twitter:data2\" content=\"1 minuto\" \/>\n<script type=\"application\/ld+json\" class=\"yoast-schema-graph\">{\"@context\":\"https:\\\/\\\/schema.org\",\"@graph\":[{\"@type\":\"Article\",\"@id\":\"https:\\\/\\\/redenoticiaz.com.br\\\/litoralsp\\\/2021\\\/01\\\/05\\\/video-carregamento-de-pedras-preciosas-e-apreendido-dentro-do-painel-do-carro#article\",\"isPartOf\":{\"@id\":\"https:\\\/\\\/redenoticiaz.com.br\\\/litoralsp\\\/2021\\\/01\\\/05\\\/video-carregamento-de-pedras-preciosas-e-apreendido-dentro-do-painel-do-carro\"},\"author\":{\"name\":\"Patr\u00edcia Prado\",\"@id\":\"https:\\\/\\\/redenoticiaz.com.br\\\/litoralsp\\\/#\\\/schema\\\/person\\\/e1b0bd8c2637e2c1b6ddcbc2c33b116f\"},\"headline\":\"V\u00cdDEO &#8211; Carregamento de pedras preciosas \u00e9 apreendido dentro do painel do carro\",\"datePublished\":\"2021-01-05T10:17:46+00:00\",\"dateModified\":\"2021-01-05T10:24:56+00:00\",\"mainEntityOfPage\":{\"@id\":\"https:\\\/\\\/redenoticiaz.com.br\\\/litoralsp\\\/2021\\\/01\\\/05\\\/video-carregamento-de-pedras-preciosas-e-apreendido-dentro-do-painel-do-carro\"},\"wordCount\":264,\"commentCount\":0,\"publisher\":{\"@id\":\"https:\\\/\\\/redenoticiaz.com.br\\\/litoralsp\\\/#organization\"},\"image\":{\"@id\":\"https:\\\/\\\/redenoticiaz.com.br\\\/litoralsp\\\/2021\\\/01\\\/05\\\/video-carregamento-de-pedras-preciosas-e-apreendido-dentro-do-painel-do-carro#primaryimage\"},\"thumbnailUrl\":\"https:\\\/\\\/redenoticiaz.com.br\\\/litoralsp\\\/wp-content\\\/uploads\\\/sites\\\/3\\\/2021\\\/01\\\/pedras-preciosas-2.jpg\",\"keywords\":[\"COFRE DENTRO DE CARRO\",\"FUNDO FALSO PEDRAS PRECIOSAS\",\"POL\u00cdCIA RODOVI\u00c1RIA APREENDE PEDRAS PRECIOSAS\",\"TOR APREENDE PEDRAS PRECIOSAS\"],\"articleSection\":[\"Pol\u00edcia\"],\"inLanguage\":\"pt-BR\",\"potentialAction\":[{\"@type\":\"CommentAction\",\"name\":\"Comment\",\"target\":[\"https:\\\/\\\/redenoticiaz.com.br\\\/litoralsp\\\/2021\\\/01\\\/05\\\/video-carregamento-de-pedras-preciosas-e-apreendido-dentro-do-painel-do-carro#respond\"]}]},{\"@type\":\"WebPage\",\"@id\":\"https:\\\/\\\/redenoticiaz.com.br\\\/litoralsp\\\/2021\\\/01\\\/05\\\/video-carregamento-de-pedras-preciosas-e-apreendido-dentro-do-painel-do-carro\",\"url\":\"https:\\\/\\\/redenoticiaz.com.br\\\/litoralsp\\\/2021\\\/01\\\/05\\\/video-carregamento-de-pedras-preciosas-e-apreendido-dentro-do-painel-do-carro\",\"name\":\"V\u00cdDEO - Carregamento de pedras preciosas \u00e9 apreendido dentro do painel do carro - Litoral SP\",\"isPartOf\":{\"@id\":\"https:\\\/\\\/redenoticiaz.com.br\\\/litoralsp\\\/#website\"},\"primaryImageOfPage\":{\"@id\":\"https:\\\/\\\/redenoticiaz.com.br\\\/litoralsp\\\/2021\\\/01\\\/05\\\/video-carregamento-de-pedras-preciosas-e-apreendido-dentro-do-painel-do-carro#primaryimage\"},\"image\":{\"@id\":\"https:\\\/\\\/redenoticiaz.com.br\\\/litoralsp\\\/2021\\\/01\\\/05\\\/video-carregamento-de-pedras-preciosas-e-apreendido-dentro-do-painel-do-carro#primaryimage\"},\"thumbnailUrl\":\"https:\\\/\\\/redenoticiaz.com.br\\\/litoralsp\\\/wp-content\\\/uploads\\\/sites\\\/3\\\/2021\\\/01\\\/pedras-preciosas-2.jpg\",\"datePublished\":\"2021-01-05T10:17:46+00:00\",\"dateModified\":\"2021-01-05T10:24:56+00:00\",\"description\":\"os Policiais do TOR - T\u00e1tico Ostensivo Rodovi\u00e1rio - apreenderam um carregamento de pedras preciosas. O saco com mais de 22 kg de pedras preciosas\",\"inLanguage\":\"pt-BR\",\"potentialAction\":[{\"@type\":\"ReadAction\",\"target\":[\"https:\\\/\\\/redenoticiaz.com.br\\\/litoralsp\\\/2021\\\/01\\\/05\\\/video-carregamento-de-pedras-preciosas-e-apreendido-dentro-do-painel-do-carro\"]}]},{\"@type\":\"ImageObject\",\"inLanguage\":\"pt-BR\",\"@id\":\"https:\\\/\\\/redenoticiaz.com.br\\\/litoralsp\\\/2021\\\/01\\\/05\\\/video-carregamento-de-pedras-preciosas-e-apreendido-dentro-do-painel-do-carro#primaryimage\",\"url\":\"https:\\\/\\\/redenoticiaz.com.br\\\/litoralsp\\\/wp-content\\\/uploads\\\/sites\\\/3\\\/2021\\\/01\\\/pedras-preciosas-2.jpg\",\"contentUrl\":\"https:\\\/\\\/redenoticiaz.com.br\\\/litoralsp\\\/wp-content\\\/uploads\\\/sites\\\/3\\\/2021\\\/01\\\/pedras-preciosas-2.jpg\",\"width\":1280,\"height\":930,\"caption\":\"Carregamento de pedras preciosas \u00e9 apreendido dentro do painel do carro\"},{\"@type\":\"WebSite\",\"@id\":\"https:\\\/\\\/redenoticiaz.com.br\\\/litoralsp\\\/#website\",\"url\":\"https:\\\/\\\/redenoticiaz.com.br\\\/litoralsp\\\/\",\"name\":\"Litoral SP\",\"description\":\"Rede NoticiaZ\",\"publisher\":{\"@id\":\"https:\\\/\\\/redenoticiaz.com.br\\\/litoralsp\\\/#organization\"},\"potentialAction\":[{\"@type\":\"SearchAction\",\"target\":{\"@type\":\"EntryPoint\",\"urlTemplate\":\"https:\\\/\\\/redenoticiaz.com.br\\\/litoralsp\\\/?s={search_term_string}\"},\"query-input\":{\"@type\":\"PropertyValueSpecification\",\"valueRequired\":true,\"valueName\":\"search_term_string\"}}],\"inLanguage\":\"pt-BR\"},{\"@type\":\"Organization\",\"@id\":\"https:\\\/\\\/redenoticiaz.com.br\\\/litoralsp\\\/#organization\",\"name\":\"Litoral SP\",\"url\":\"https:\\\/\\\/redenoticiaz.com.br\\\/litoralsp\\\/\",\"logo\":{\"@type\":\"ImageObject\",\"inLanguage\":\"pt-BR\",\"@id\":\"https:\\\/\\\/redenoticiaz.com.br\\\/litoralsp\\\/#\\\/schema\\\/logo\\\/image\\\/\",\"url\":\"https:\\\/\\\/redenoticiaz.com.br\\\/litoralsp\\\/wp-content\\\/uploads\\\/sites\\\/3\\\/2020\\\/11\\\/logo.jpg\",\"contentUrl\":\"https:\\\/\\\/redenoticiaz.com.br\\\/litoralsp\\\/wp-content\\\/uploads\\\/sites\\\/3\\\/2020\\\/11\\\/logo.jpg\",\"width\":400,\"height\":250,\"caption\":\"Litoral SP\"},\"image\":{\"@id\":\"https:\\\/\\\/redenoticiaz.com.br\\\/litoralsp\\\/#\\\/schema\\\/logo\\\/image\\\/\"}},{\"@type\":\"Person\",\"@id\":\"https:\\\/\\\/redenoticiaz.com.br\\\/litoralsp\\\/#\\\/schema\\\/person\\\/e1b0bd8c2637e2c1b6ddcbc2c33b116f\",\"name\":\"Patr\u00edcia Prado\",\"image\":{\"@type\":\"ImageObject\",\"inLanguage\":\"pt-BR\",\"@id\":\"https:\\\/\\\/secure.gravatar.com\\\/avatar\\\/92e358bef22cfcec15e054ae4d9fee04dadf0c772dc4a17b382b8a34a15354c2?s=96&d=mm&r=g\",\"url\":\"https:\\\/\\\/secure.gravatar.com\\\/avatar\\\/92e358bef22cfcec15e054ae4d9fee04dadf0c772dc4a17b382b8a34a15354c2?s=96&d=mm&r=g\",\"contentUrl\":\"https:\\\/\\\/secure.gravatar.com\\\/avatar\\\/92e358bef22cfcec15e054ae4d9fee04dadf0c772dc4a17b382b8a34a15354c2?s=96&d=mm&r=g\",\"caption\":\"Patr\u00edcia Prado\"},\"url\":\"https:\\\/\\\/redenoticiaz.com.br\\\/litoralsp\\\/author\\\/patricia-prado\"}]}<\/script>\n<!-- \/ Yoast SEO plugin. -->","yoast_head_json":{"title":"V\u00cdDEO - Carregamento de pedras preciosas \u00e9 apreendido dentro do painel do carro - Litoral SP","description":"os Policiais do TOR - T\u00e1tico Ostensivo Rodovi\u00e1rio - apreenderam um carregamento de pedras preciosas. O saco com mais de 22 kg de pedras preciosas","robots":{"index":"index","follow":"follow","max-snippet":"max-snippet:-1","max-image-preview":"max-image-preview:large","max-video-preview":"max-video-preview:-1"},"canonical":"https:\/\/redenoticiaz.com.br\/litoralsp\/2021\/01\/05\/video-carregamento-de-pedras-preciosas-e-apreendido-dentro-do-painel-do-carro","og_locale":"pt_BR","og_type":"article","og_title":"V\u00cdDEO - Carregamento de pedras preciosas \u00e9 apreendido dentro do painel do carro - Litoral SP","og_description":"os Policiais do TOR - T\u00e1tico Ostensivo Rodovi\u00e1rio - apreenderam um carregamento de pedras preciosas. O saco com mais de 22 kg de pedras preciosas","og_url":"https:\/\/redenoticiaz.com.br\/litoralsp\/2021\/01\/05\/video-carregamento-de-pedras-preciosas-e-apreendido-dentro-do-painel-do-carro","og_site_name":"Litoral SP","article_published_time":"2021-01-05T10:17:46+00:00","article_modified_time":"2021-01-05T10:24:56+00:00","og_image":[{"width":1280,"height":930,"url":"https:\/\/redenoticiaz.com.br\/litoralsp\/wp-content\/uploads\/sites\/3\/2021\/01\/pedras-preciosas-2-1.jpg","type":"image\/jpeg"}],"author":"Patr\u00edcia Prado","twitter_card":"summary_large_image","twitter_misc":{"Escrito por":"Patr\u00edcia Prado","Est. tempo de leitura":"1 minuto"},"schema":{"@context":"https:\/\/schema.org","@graph":[{"@type":"Article","@id":"https:\/\/redenoticiaz.com.br\/litoralsp\/2021\/01\/05\/video-carregamento-de-pedras-preciosas-e-apreendido-dentro-do-painel-do-carro#article","isPartOf":{"@id":"https:\/\/redenoticiaz.com.br\/litoralsp\/2021\/01\/05\/video-carregamento-de-pedras-preciosas-e-apreendido-dentro-do-painel-do-carro"},"author":{"name":"Patr\u00edcia Prado","@id":"https:\/\/redenoticiaz.com.br\/litoralsp\/#\/schema\/person\/e1b0bd8c2637e2c1b6ddcbc2c33b116f"},"headline":"V\u00cdDEO &#8211; Carregamento de pedras preciosas \u00e9 apreendido dentro do painel do carro","datePublished":"2021-01-05T10:17:46+00:00","dateModified":"2021-01-05T10:24:56+00:00","mainEntityOfPage":{"@id":"https:\/\/redenoticiaz.com.br\/litoralsp\/2021\/01\/05\/video-carregamento-de-pedras-preciosas-e-apreendido-dentro-do-painel-do-carro"},"wordCount":264,"commentCount":0,"publisher":{"@id":"https:\/\/redenoticiaz.com.br\/litoralsp\/#organization"},"image":{"@id":"https:\/\/redenoticiaz.com.br\/litoralsp\/2021\/01\/05\/video-carregamento-de-pedras-preciosas-e-apreendido-dentro-do-painel-do-carro#primaryimage"},"thumbnailUrl":"https:\/\/redenoticiaz.com.br\/litoralsp\/wp-content\/uploads\/sites\/3\/2021\/01\/pedras-preciosas-2.jpg","keywords":["COFRE DENTRO DE CARRO","FUNDO FALSO PEDRAS PRECIOSAS","POL\u00cdCIA RODOVI\u00c1RIA APREENDE PEDRAS PRECIOSAS","TOR APREENDE PEDRAS PRECIOSAS"],"articleSection":["Pol\u00edcia"],"inLanguage":"pt-BR","potentialAction":[{"@type":"CommentAction","name":"Comment","target":["https:\/\/redenoticiaz.com.br\/litoralsp\/2021\/01\/05\/video-carregamento-de-pedras-preciosas-e-apreendido-dentro-do-painel-do-carro#respond"]}]},{"@type":"WebPage","@id":"https:\/\/redenoticiaz.com.br\/litoralsp\/2021\/01\/05\/video-carregamento-de-pedras-preciosas-e-apreendido-dentro-do-painel-do-carro","url":"https:\/\/redenoticiaz.com.br\/litoralsp\/2021\/01\/05\/video-carregamento-de-pedras-preciosas-e-apreendido-dentro-do-painel-do-carro","name":"V\u00cdDEO - Carregamento de pedras preciosas \u00e9 apreendido dentro do painel do carro - Litoral SP","isPartOf":{"@id":"https:\/\/redenoticiaz.com.br\/litoralsp\/#website"},"primaryImageOfPage":{"@id":"https:\/\/redenoticiaz.com.br\/litoralsp\/2021\/01\/05\/video-carregamento-de-pedras-preciosas-e-apreendido-dentro-do-painel-do-carro#primaryimage"},"image":{"@id":"https:\/\/redenoticiaz.com.br\/litoralsp\/2021\/01\/05\/video-carregamento-de-pedras-preciosas-e-apreendido-dentro-do-painel-do-carro#primaryimage"},"thumbnailUrl":"https:\/\/redenoticiaz.com.br\/litoralsp\/wp-content\/uploads\/sites\/3\/2021\/01\/pedras-preciosas-2.jpg","datePublished":"2021-01-05T10:17:46+00:00","dateModified":"2021-01-05T10:24:56+00:00","description":"os Policiais do TOR - T\u00e1tico Ostensivo Rodovi\u00e1rio - apreenderam um carregamento de pedras preciosas. O saco com mais de 22 kg de pedras preciosas","inLanguage":"pt-BR","potentialAction":[{"@type":"ReadAction","target":["https:\/\/redenoticiaz.com.br\/litoralsp\/2021\/01\/05\/video-carregamento-de-pedras-preciosas-e-apreendido-dentro-do-painel-do-carro"]}]},{"@type":"ImageObject","inLanguage":"pt-BR","@id":"https:\/\/redenoticiaz.com.br\/litoralsp\/2021\/01\/05\/video-carregamento-de-pedras-preciosas-e-apreendido-dentro-do-painel-do-carro#primaryimage","url":"https:\/\/redenoticiaz.com.br\/litoralsp\/wp-content\/uploads\/sites\/3\/2021\/01\/pedras-preciosas-2.jpg","contentUrl":"https:\/\/redenoticiaz.com.br\/litoralsp\/wp-content\/uploads\/sites\/3\/2021\/01\/pedras-preciosas-2.jpg","width":1280,"height":930,"caption":"Carregamento de pedras preciosas \u00e9 apreendido dentro do painel do carro"},{"@type":"WebSite","@id":"https:\/\/redenoticiaz.com.br\/litoralsp\/#website","url":"https:\/\/redenoticiaz.com.br\/litoralsp\/","name":"Litoral SP","description":"Rede NoticiaZ","publisher":{"@id":"https:\/\/redenoticiaz.com.br\/litoralsp\/#organization"},"potentialAction":[{"@type":"SearchAction","target":{"@type":"EntryPoint","urlTemplate":"https:\/\/redenoticiaz.com.br\/litoralsp\/?s={search_term_string}"},"query-input":{"@type":"PropertyValueSpecification","valueRequired":true,"valueName":"search_term_string"}}],"inLanguage":"pt-BR"},{"@type":"Organization","@id":"https:\/\/redenoticiaz.com.br\/litoralsp\/#organization","name":"Litoral SP","url":"https:\/\/redenoticiaz.com.br\/litoralsp\/","logo":{"@type":"ImageObject","inLanguage":"pt-BR","@id":"https:\/\/redenoticiaz.com.br\/litoralsp\/#\/schema\/logo\/image\/","url":"https:\/\/redenoticiaz.com.br\/litoralsp\/wp-content\/uploads\/sites\/3\/2020\/11\/logo.jpg","contentUrl":"https:\/\/redenoticiaz.com.br\/litoralsp\/wp-content\/uploads\/sites\/3\/2020\/11\/logo.jpg","width":400,"height":250,"caption":"Litoral SP"},"image":{"@id":"https:\/\/redenoticiaz.com.br\/litoralsp\/#\/schema\/logo\/image\/"}},{"@type":"Person","@id":"https:\/\/redenoticiaz.com.br\/litoralsp\/#\/schema\/person\/e1b0bd8c2637e2c1b6ddcbc2c33b116f","name":"Patr\u00edcia Prado","image":{"@type":"ImageObject","inLanguage":"pt-BR","@id":"https:\/\/secure.gravatar.com\/avatar\/92e358bef22cfcec15e054ae4d9fee04dadf0c772dc4a17b382b8a34a15354c2?s=96&d=mm&r=g","url":"https:\/\/secure.gravatar.com\/avatar\/92e358bef22cfcec15e054ae4d9fee04dadf0c772dc4a17b382b8a34a15354c2?s=96&d=mm&r=g","contentUrl":"https:\/\/secure.gravatar.com\/avatar\/92e358bef22cfcec15e054ae4d9fee04dadf0c772dc4a17b382b8a34a15354c2?s=96&d=mm&r=g","caption":"Patr\u00edcia Prado"},"url":"https:\/\/redenoticiaz.com.br\/litoralsp\/author\/patricia-prado"}]}},"_links":{"self":[{"href":"https:\/\/redenoticiaz.com.br\/litoralsp\/wp-json\/wp\/v2\/posts\/2353","targetHints":{"allow":["GET"]}}],"collection":[{"href":"https:\/\/redenoticiaz.com.br\/litoralsp\/wp-json\/wp\/v2\/posts"}],"about":[{"href":"https:\/\/redenoticiaz.com.br\/litoralsp\/wp-json\/wp\/v2\/types\/post"}],"author":[{"embeddable":true,"href":"https:\/\/redenoticiaz.com.br\/litoralsp\/wp-json\/wp\/v2\/users\/5"}],"replies":[{"embeddable":true,"href":"https:\/\/redenoticiaz.com.br\/litoralsp\/wp-json\/wp\/v2\/comments?post=2353"}],"version-history":[{"count":2,"href":"https:\/\/redenoticiaz.com.br\/litoralsp\/wp-json\/wp\/v2\/posts\/2353\/revisions"}],"predecessor-version":[{"id":2360,"href":"https:\/\/redenoticiaz.com.br\/litoralsp\/wp-json\/wp\/v2\/posts\/2353\/revisions\/2360"}],"wp:featuredmedia":[{"embeddable":true,"href":"https:\/\/redenoticiaz.com.br\/litoralsp\/wp-json\/wp\/v2\/media\/2354"}],"wp:attachment":[{"href":"https:\/\/redenoticiaz.com.br\/litoralsp\/wp-json\/wp\/v2\/media?parent=2353"}],"wp:term":[{"taxonomy":"category","embeddable":true,"href":"https:\/\/redenoticiaz.com.br\/litoralsp\/wp-json\/wp\/v2\/categories?post=2353"},{"taxonomy":"post_tag","embeddable":true,"href":"https:\/\/redenoticiaz.com.br\/litoralsp\/wp-json\/wp\/v2\/tags?post=2353"}],"curies":[{"name":"wp","href":"https:\/\/api.w.org\/{rel}","templated":true}]}}