{"id":23585,"date":"2022-02-16T21:08:24","date_gmt":"2022-02-17T00:08:24","guid":{"rendered":"https:\/\/redenoticiaz.com.br\/litoralsp\/2022\/02\/16\/depois-do-vice-campeonato-mundial-palmeiras-ergue-a-cabeca-e-vence-no-paulistao"},"modified":"2022-02-16T21:12:07","modified_gmt":"2022-02-17T00:12:07","slug":"depois-do-vice-campeonato-mundial-palmeiras-ergue-a-cabeca-e-vence-no-paulistao","status":"publish","type":"post","link":"https:\/\/redenoticiaz.com.br\/litoralsp\/2022\/02\/16\/depois-do-vice-campeonato-mundial-palmeiras-ergue-a-cabeca-e-vence-no-paulistao","title":{"rendered":"Depois do vice-campeonato Mundial, Palmeiras ergue a cabe\u00e7a e vence no Paulist\u00e3o"},"content":{"rendered":"<p>A torcida tinha a expectativa de saber como que o <strong>Palmeiras<\/strong> iria reagir ap\u00f3s a perda do Mundial de Clubes. Nesta quarta-feira (16), pelo <a href=\"https:\/\/futebolpaulista.com.br\/Home\/\">Campeonato Paulista<\/a>, o Verd\u00e3o foi at\u00e9 Araraquara enfrentar a <strong>Ferrovi\u00e1ria<\/strong> e o t\u00e9cnico Abel Ferreira encarou um time quase todo reserva. Somente o Weverton, titular absoluto come\u00e7ou a partida jogando e ele viu o Alviverde conquistando uma boa vit\u00f3ria.<\/p>\n<p>O primeiro tempo foi do Palmeiras tendo mais posse de bola e n\u00e3o deixando a Ferrovi\u00e1ria jogar. Mas sem criar tantas chances de gol, porque a defesa da Ferrinha esteve bem postada. Oportunidade clara mesmo somente aos 37 minutos e foi justamente com gol. Patrick de Paula bateu o escanteio e Murilo cabeceou colocando a bola na rede. A\u00ed a Ferrovi\u00e1ria acordou e passou a amea\u00e7ar o goleiro Weverton. Uma delas aconteceu aos 40, quando Bruno Mezenga chutou e a bola passou muito perto.<\/p>\n<p>J\u00e1 no segundo tempo, o Palmeiras seguiu dominante em campo, mas sem maiores chances claras de gol. Aos 16 minutos, Abel Ferreira mexeu e colocou Rony e Breno Lopes em campo e este segundo, mostrou ser um bom talism\u00e3. Aos 20, Rony cruzou, o goleiro Saulo se atrapalhou e Breno Lopes balabn\u00e7ou as redes.<\/p>\n<p>Depois disso, mais titulares qu atuaram no Mundial de Clubes entraram para refor\u00e7ar o Palmeiras. Raphael Veiga e Deyverson vieram e quase o terceiro gol aconteceu. Breno Lopes finalizou e Saulo defendeu. O goleiro da Ferrovi\u00e1ria ainda impediu que Mayke e Deyverson ampliasse o placar. Assim, o jogo ficou mesmo em 2 a 0 para o Palmeiras.<\/p>\n<h3>Futuro<\/h3>\n<p>Com o resultado o Palmeiras \u00e9 o l\u00edder do Grupo C do Campeonato Paulista, com 13 pontos. O pr\u00f3ximo desafio do Verd\u00e3o ser\u00e1 no s\u00e1bado (19) \u00e0s 16h no Allianz Parque contra o Santo Andr\u00e9. J\u00e1 a Ferrovi\u00e1ria volta a campo no domingo (20), contra a Inter de Limeira, em Limeira, \u00e0s 20h30.<\/p>\n<p><strong>LEIA TAMB\u00c9M<\/strong><\/p>\n<p><a href=\"https:\/\/redenoticiaz.com.br\/blog\/2022\/02\/16\/bbb22-barbara-e-eliminada-com-mais-de-86-dos-votos\">BBB22: B\u00e1rbara \u00e9 eliminada com mais de 86% dos votos<\/a><\/p>\n","protected":false},"excerpt":{"rendered":"<p>A torcida tinha a expectativa de saber como que o Palmeiras iria reagir ap\u00f3s a perda do Mundial de Clubes. Nesta quarta-feira (16), pelo Campeonato Paulista, o Verd\u00e3o foi at\u00e9 Araraquara enfrentar a Ferrovi\u00e1ria e o t\u00e9cnico Abel Ferreira encarou um time quase todo reserva. Somente o Weverton, titular absoluto come\u00e7ou a partida jogando e &hellip;<\/p>\n","protected":false},"author":6,"featured_media":23586,"comment_status":"open","ping_status":"closed","sticky":false,"template":"","format":"standard","meta":{"footnotes":""},"categories":[35],"tags":[12626,3712,15486,49561,1416],"class_list":["post-23585","post","type-post","status-publish","format-standard","has-post-thumbnail","hentry","category-esporte","tag-araraquara","tag-campeonato-paulista","tag-ferroviaria","tag-fonte-luminosa","tag-palmeiras"],"yoast_head":"<!-- This site is optimized with the Yoast SEO plugin v27.5 - https:\/\/yoast.com\/product\/yoast-seo-wordpress\/ -->\n<title>Depois do vice-campeonato Mundial, Palmeiras ergue a cabe\u00e7a e vence no Paulist\u00e3o - Litoral SP<\/title>\n<meta name=\"description\" content=\"A torcida tinha a expectativa de saber como que o Palmeiras iria reagir ap\u00f3s a perda do Mundial de Clubes. Nesta quarta-feira (16), pelo\" \/>\n<meta name=\"robots\" content=\"index, follow, max-snippet:-1, max-image-preview:large, max-video-preview:-1\" \/>\n<link rel=\"canonical\" href=\"https:\/\/redenoticiaz.com.br\/litoralsp\/2022\/02\/16\/depois-do-vice-campeonato-mundial-palmeiras-ergue-a-cabeca-e-vence-no-paulistao\" \/>\n<meta property=\"og:locale\" content=\"pt_BR\" \/>\n<meta property=\"og:type\" content=\"article\" \/>\n<meta property=\"og:title\" content=\"Depois do vice-campeonato Mundial, Palmeiras ergue a cabe\u00e7a e vence no Paulist\u00e3o - Litoral SP\" \/>\n<meta property=\"og:description\" content=\"A torcida tinha a expectativa de saber como que o Palmeiras iria reagir ap\u00f3s a perda do Mundial de Clubes. Nesta quarta-feira (16), pelo\" \/>\n<meta property=\"og:url\" content=\"https:\/\/redenoticiaz.com.br\/litoralsp\/2022\/02\/16\/depois-do-vice-campeonato-mundial-palmeiras-ergue-a-cabeca-e-vence-no-paulistao\" \/>\n<meta property=\"og:site_name\" content=\"Litoral SP\" \/>\n<meta property=\"article:published_time\" content=\"2022-02-17T00:08:24+00:00\" \/>\n<meta property=\"article:modified_time\" content=\"2022-02-17T00:12:07+00:00\" \/>\n<meta property=\"og:image\" content=\"https:\/\/redenoticiaz.com.br\/litoralsp\/wp-content\/uploads\/sites\/3\/2022\/02\/palmeiras-murilo.jpg\" \/>\n\t<meta property=\"og:image:width\" content=\"1500\" \/>\n\t<meta property=\"og:image:height\" content=\"844\" \/>\n\t<meta property=\"og:image:type\" content=\"image\/jpeg\" \/>\n<meta name=\"author\" content=\"Leonardo Francisco\" \/>\n<meta name=\"twitter:card\" content=\"summary_large_image\" \/>\n<meta name=\"twitter:label1\" content=\"Escrito por\" \/>\n\t<meta name=\"twitter:data1\" content=\"Leonardo Francisco\" \/>\n\t<meta name=\"twitter:label2\" content=\"Est. tempo de leitura\" \/>\n\t<meta name=\"twitter:data2\" content=\"2 minutos\" \/>\n<script type=\"application\/ld+json\" class=\"yoast-schema-graph\">{\"@context\":\"https:\\\/\\\/schema.org\",\"@graph\":[{\"@type\":\"Article\",\"@id\":\"https:\\\/\\\/redenoticiaz.com.br\\\/litoralsp\\\/2022\\\/02\\\/16\\\/depois-do-vice-campeonato-mundial-palmeiras-ergue-a-cabeca-e-vence-no-paulistao#article\",\"isPartOf\":{\"@id\":\"https:\\\/\\\/redenoticiaz.com.br\\\/litoralsp\\\/2022\\\/02\\\/16\\\/depois-do-vice-campeonato-mundial-palmeiras-ergue-a-cabeca-e-vence-no-paulistao\"},\"author\":{\"name\":\"Leonardo Francisco\",\"@id\":\"https:\\\/\\\/redenoticiaz.com.br\\\/litoralsp\\\/#\\\/schema\\\/person\\\/0f0b8a5bdafefe82841e07ae8d81ecb3\"},\"headline\":\"Depois do vice-campeonato Mundial, Palmeiras ergue a cabe\u00e7a e vence no Paulist\u00e3o\",\"datePublished\":\"2022-02-17T00:08:24+00:00\",\"dateModified\":\"2022-02-17T00:12:07+00:00\",\"mainEntityOfPage\":{\"@id\":\"https:\\\/\\\/redenoticiaz.com.br\\\/litoralsp\\\/2022\\\/02\\\/16\\\/depois-do-vice-campeonato-mundial-palmeiras-ergue-a-cabeca-e-vence-no-paulistao\"},\"wordCount\":345,\"commentCount\":0,\"publisher\":{\"@id\":\"https:\\\/\\\/redenoticiaz.com.br\\\/litoralsp\\\/#organization\"},\"image\":{\"@id\":\"https:\\\/\\\/redenoticiaz.com.br\\\/litoralsp\\\/2022\\\/02\\\/16\\\/depois-do-vice-campeonato-mundial-palmeiras-ergue-a-cabeca-e-vence-no-paulistao#primaryimage\"},\"thumbnailUrl\":\"https:\\\/\\\/redenoticiaz.com.br\\\/litoralsp\\\/wp-content\\\/uploads\\\/sites\\\/3\\\/2022\\\/02\\\/palmeiras-murilo.jpg\",\"keywords\":[\"ARARAQUARA\",\"CAMPEONATO PAULISTA\",\"FERROVI\u00c1RIA\",\"FONTE LUMINOSA\",\"Palmeiras\"],\"articleSection\":[\"Esporte\"],\"inLanguage\":\"pt-BR\",\"potentialAction\":[{\"@type\":\"CommentAction\",\"name\":\"Comment\",\"target\":[\"https:\\\/\\\/redenoticiaz.com.br\\\/litoralsp\\\/2022\\\/02\\\/16\\\/depois-do-vice-campeonato-mundial-palmeiras-ergue-a-cabeca-e-vence-no-paulistao#respond\"]}]},{\"@type\":\"WebPage\",\"@id\":\"https:\\\/\\\/redenoticiaz.com.br\\\/litoralsp\\\/2022\\\/02\\\/16\\\/depois-do-vice-campeonato-mundial-palmeiras-ergue-a-cabeca-e-vence-no-paulistao\",\"url\":\"https:\\\/\\\/redenoticiaz.com.br\\\/litoralsp\\\/2022\\\/02\\\/16\\\/depois-do-vice-campeonato-mundial-palmeiras-ergue-a-cabeca-e-vence-no-paulistao\",\"name\":\"Depois do vice-campeonato Mundial, Palmeiras ergue a cabe\u00e7a e vence no Paulist\u00e3o - Litoral SP\",\"isPartOf\":{\"@id\":\"https:\\\/\\\/redenoticiaz.com.br\\\/litoralsp\\\/#website\"},\"primaryImageOfPage\":{\"@id\":\"https:\\\/\\\/redenoticiaz.com.br\\\/litoralsp\\\/2022\\\/02\\\/16\\\/depois-do-vice-campeonato-mundial-palmeiras-ergue-a-cabeca-e-vence-no-paulistao#primaryimage\"},\"image\":{\"@id\":\"https:\\\/\\\/redenoticiaz.com.br\\\/litoralsp\\\/2022\\\/02\\\/16\\\/depois-do-vice-campeonato-mundial-palmeiras-ergue-a-cabeca-e-vence-no-paulistao#primaryimage\"},\"thumbnailUrl\":\"https:\\\/\\\/redenoticiaz.com.br\\\/litoralsp\\\/wp-content\\\/uploads\\\/sites\\\/3\\\/2022\\\/02\\\/palmeiras-murilo.jpg\",\"datePublished\":\"2022-02-17T00:08:24+00:00\",\"dateModified\":\"2022-02-17T00:12:07+00:00\",\"description\":\"A torcida tinha a expectativa de saber como que o Palmeiras iria reagir ap\u00f3s a perda do Mundial de Clubes. Nesta quarta-feira (16), pelo\",\"inLanguage\":\"pt-BR\",\"potentialAction\":[{\"@type\":\"ReadAction\",\"target\":[\"https:\\\/\\\/redenoticiaz.com.br\\\/litoralsp\\\/2022\\\/02\\\/16\\\/depois-do-vice-campeonato-mundial-palmeiras-ergue-a-cabeca-e-vence-no-paulistao\"]}]},{\"@type\":\"ImageObject\",\"inLanguage\":\"pt-BR\",\"@id\":\"https:\\\/\\\/redenoticiaz.com.br\\\/litoralsp\\\/2022\\\/02\\\/16\\\/depois-do-vice-campeonato-mundial-palmeiras-ergue-a-cabeca-e-vence-no-paulistao#primaryimage\",\"url\":\"https:\\\/\\\/redenoticiaz.com.br\\\/litoralsp\\\/wp-content\\\/uploads\\\/sites\\\/3\\\/2022\\\/02\\\/palmeiras-murilo.jpg\",\"contentUrl\":\"https:\\\/\\\/redenoticiaz.com.br\\\/litoralsp\\\/wp-content\\\/uploads\\\/sites\\\/3\\\/2022\\\/02\\\/palmeiras-murilo.jpg\",\"width\":1500,\"height\":844,\"caption\":\"Verd\u00e3o mostrou atua\u00e7\u00e3o segura e passou sem sustos. Cr\u00e9ditos: Divulga\u00e7\u00e3o.\"},{\"@type\":\"WebSite\",\"@id\":\"https:\\\/\\\/redenoticiaz.com.br\\\/litoralsp\\\/#website\",\"url\":\"https:\\\/\\\/redenoticiaz.com.br\\\/litoralsp\\\/\",\"name\":\"Litoral SP\",\"description\":\"Rede NoticiaZ\",\"publisher\":{\"@id\":\"https:\\\/\\\/redenoticiaz.com.br\\\/litoralsp\\\/#organization\"},\"potentialAction\":[{\"@type\":\"SearchAction\",\"target\":{\"@type\":\"EntryPoint\",\"urlTemplate\":\"https:\\\/\\\/redenoticiaz.com.br\\\/litoralsp\\\/?s={search_term_string}\"},\"query-input\":{\"@type\":\"PropertyValueSpecification\",\"valueRequired\":true,\"valueName\":\"search_term_string\"}}],\"inLanguage\":\"pt-BR\"},{\"@type\":\"Organization\",\"@id\":\"https:\\\/\\\/redenoticiaz.com.br\\\/litoralsp\\\/#organization\",\"name\":\"Litoral SP\",\"url\":\"https:\\\/\\\/redenoticiaz.com.br\\\/litoralsp\\\/\",\"logo\":{\"@type\":\"ImageObject\",\"inLanguage\":\"pt-BR\",\"@id\":\"https:\\\/\\\/redenoticiaz.com.br\\\/litoralsp\\\/#\\\/schema\\\/logo\\\/image\\\/\",\"url\":\"https:\\\/\\\/redenoticiaz.com.br\\\/litoralsp\\\/wp-content\\\/uploads\\\/sites\\\/3\\\/2020\\\/11\\\/logo.jpg\",\"contentUrl\":\"https:\\\/\\\/redenoticiaz.com.br\\\/litoralsp\\\/wp-content\\\/uploads\\\/sites\\\/3\\\/2020\\\/11\\\/logo.jpg\",\"width\":400,\"height\":250,\"caption\":\"Litoral SP\"},\"image\":{\"@id\":\"https:\\\/\\\/redenoticiaz.com.br\\\/litoralsp\\\/#\\\/schema\\\/logo\\\/image\\\/\"}},{\"@type\":\"Person\",\"@id\":\"https:\\\/\\\/redenoticiaz.com.br\\\/litoralsp\\\/#\\\/schema\\\/person\\\/0f0b8a5bdafefe82841e07ae8d81ecb3\",\"name\":\"Leonardo Francisco\",\"image\":{\"@type\":\"ImageObject\",\"inLanguage\":\"pt-BR\",\"@id\":\"https:\\\/\\\/secure.gravatar.com\\\/avatar\\\/a7358cb406a99b682ec6df1e77e31ae82e63601f6784e8a3df411d72b37864da?s=96&d=mm&r=g\",\"url\":\"https:\\\/\\\/secure.gravatar.com\\\/avatar\\\/a7358cb406a99b682ec6df1e77e31ae82e63601f6784e8a3df411d72b37864da?s=96&d=mm&r=g\",\"contentUrl\":\"https:\\\/\\\/secure.gravatar.com\\\/avatar\\\/a7358cb406a99b682ec6df1e77e31ae82e63601f6784e8a3df411d72b37864da?s=96&d=mm&r=g\",\"caption\":\"Leonardo Francisco\"},\"url\":\"https:\\\/\\\/redenoticiaz.com.br\\\/litoralsp\\\/author\\\/leonardo-francisco\"}]}<\/script>\n<!-- \/ Yoast SEO plugin. -->","yoast_head_json":{"title":"Depois do vice-campeonato Mundial, Palmeiras ergue a cabe\u00e7a e vence no Paulist\u00e3o - Litoral SP","description":"A torcida tinha a expectativa de saber como que o Palmeiras iria reagir ap\u00f3s a perda do Mundial de Clubes. Nesta quarta-feira (16), pelo","robots":{"index":"index","follow":"follow","max-snippet":"max-snippet:-1","max-image-preview":"max-image-preview:large","max-video-preview":"max-video-preview:-1"},"canonical":"https:\/\/redenoticiaz.com.br\/litoralsp\/2022\/02\/16\/depois-do-vice-campeonato-mundial-palmeiras-ergue-a-cabeca-e-vence-no-paulistao","og_locale":"pt_BR","og_type":"article","og_title":"Depois do vice-campeonato Mundial, Palmeiras ergue a cabe\u00e7a e vence no Paulist\u00e3o - Litoral SP","og_description":"A torcida tinha a expectativa de saber como que o Palmeiras iria reagir ap\u00f3s a perda do Mundial de Clubes. Nesta quarta-feira (16), pelo","og_url":"https:\/\/redenoticiaz.com.br\/litoralsp\/2022\/02\/16\/depois-do-vice-campeonato-mundial-palmeiras-ergue-a-cabeca-e-vence-no-paulistao","og_site_name":"Litoral SP","article_published_time":"2022-02-17T00:08:24+00:00","article_modified_time":"2022-02-17T00:12:07+00:00","og_image":[{"width":1500,"height":844,"url":"https:\/\/redenoticiaz.com.br\/litoralsp\/wp-content\/uploads\/sites\/3\/2022\/02\/palmeiras-murilo.jpg","type":"image\/jpeg"}],"author":"Leonardo Francisco","twitter_card":"summary_large_image","twitter_misc":{"Escrito por":"Leonardo Francisco","Est. tempo de leitura":"2 minutos"},"schema":{"@context":"https:\/\/schema.org","@graph":[{"@type":"Article","@id":"https:\/\/redenoticiaz.com.br\/litoralsp\/2022\/02\/16\/depois-do-vice-campeonato-mundial-palmeiras-ergue-a-cabeca-e-vence-no-paulistao#article","isPartOf":{"@id":"https:\/\/redenoticiaz.com.br\/litoralsp\/2022\/02\/16\/depois-do-vice-campeonato-mundial-palmeiras-ergue-a-cabeca-e-vence-no-paulistao"},"author":{"name":"Leonardo Francisco","@id":"https:\/\/redenoticiaz.com.br\/litoralsp\/#\/schema\/person\/0f0b8a5bdafefe82841e07ae8d81ecb3"},"headline":"Depois do vice-campeonato Mundial, Palmeiras ergue a cabe\u00e7a e vence no Paulist\u00e3o","datePublished":"2022-02-17T00:08:24+00:00","dateModified":"2022-02-17T00:12:07+00:00","mainEntityOfPage":{"@id":"https:\/\/redenoticiaz.com.br\/litoralsp\/2022\/02\/16\/depois-do-vice-campeonato-mundial-palmeiras-ergue-a-cabeca-e-vence-no-paulistao"},"wordCount":345,"commentCount":0,"publisher":{"@id":"https:\/\/redenoticiaz.com.br\/litoralsp\/#organization"},"image":{"@id":"https:\/\/redenoticiaz.com.br\/litoralsp\/2022\/02\/16\/depois-do-vice-campeonato-mundial-palmeiras-ergue-a-cabeca-e-vence-no-paulistao#primaryimage"},"thumbnailUrl":"https:\/\/redenoticiaz.com.br\/litoralsp\/wp-content\/uploads\/sites\/3\/2022\/02\/palmeiras-murilo.jpg","keywords":["ARARAQUARA","CAMPEONATO PAULISTA","FERROVI\u00c1RIA","FONTE LUMINOSA","Palmeiras"],"articleSection":["Esporte"],"inLanguage":"pt-BR","potentialAction":[{"@type":"CommentAction","name":"Comment","target":["https:\/\/redenoticiaz.com.br\/litoralsp\/2022\/02\/16\/depois-do-vice-campeonato-mundial-palmeiras-ergue-a-cabeca-e-vence-no-paulistao#respond"]}]},{"@type":"WebPage","@id":"https:\/\/redenoticiaz.com.br\/litoralsp\/2022\/02\/16\/depois-do-vice-campeonato-mundial-palmeiras-ergue-a-cabeca-e-vence-no-paulistao","url":"https:\/\/redenoticiaz.com.br\/litoralsp\/2022\/02\/16\/depois-do-vice-campeonato-mundial-palmeiras-ergue-a-cabeca-e-vence-no-paulistao","name":"Depois do vice-campeonato Mundial, Palmeiras ergue a cabe\u00e7a e vence no Paulist\u00e3o - Litoral SP","isPartOf":{"@id":"https:\/\/redenoticiaz.com.br\/litoralsp\/#website"},"primaryImageOfPage":{"@id":"https:\/\/redenoticiaz.com.br\/litoralsp\/2022\/02\/16\/depois-do-vice-campeonato-mundial-palmeiras-ergue-a-cabeca-e-vence-no-paulistao#primaryimage"},"image":{"@id":"https:\/\/redenoticiaz.com.br\/litoralsp\/2022\/02\/16\/depois-do-vice-campeonato-mundial-palmeiras-ergue-a-cabeca-e-vence-no-paulistao#primaryimage"},"thumbnailUrl":"https:\/\/redenoticiaz.com.br\/litoralsp\/wp-content\/uploads\/sites\/3\/2022\/02\/palmeiras-murilo.jpg","datePublished":"2022-02-17T00:08:24+00:00","dateModified":"2022-02-17T00:12:07+00:00","description":"A torcida tinha a expectativa de saber como que o Palmeiras iria reagir ap\u00f3s a perda do Mundial de Clubes. Nesta quarta-feira (16), pelo","inLanguage":"pt-BR","potentialAction":[{"@type":"ReadAction","target":["https:\/\/redenoticiaz.com.br\/litoralsp\/2022\/02\/16\/depois-do-vice-campeonato-mundial-palmeiras-ergue-a-cabeca-e-vence-no-paulistao"]}]},{"@type":"ImageObject","inLanguage":"pt-BR","@id":"https:\/\/redenoticiaz.com.br\/litoralsp\/2022\/02\/16\/depois-do-vice-campeonato-mundial-palmeiras-ergue-a-cabeca-e-vence-no-paulistao#primaryimage","url":"https:\/\/redenoticiaz.com.br\/litoralsp\/wp-content\/uploads\/sites\/3\/2022\/02\/palmeiras-murilo.jpg","contentUrl":"https:\/\/redenoticiaz.com.br\/litoralsp\/wp-content\/uploads\/sites\/3\/2022\/02\/palmeiras-murilo.jpg","width":1500,"height":844,"caption":"Verd\u00e3o mostrou atua\u00e7\u00e3o segura e passou sem sustos. Cr\u00e9ditos: Divulga\u00e7\u00e3o."},{"@type":"WebSite","@id":"https:\/\/redenoticiaz.com.br\/litoralsp\/#website","url":"https:\/\/redenoticiaz.com.br\/litoralsp\/","name":"Litoral SP","description":"Rede NoticiaZ","publisher":{"@id":"https:\/\/redenoticiaz.com.br\/litoralsp\/#organization"},"potentialAction":[{"@type":"SearchAction","target":{"@type":"EntryPoint","urlTemplate":"https:\/\/redenoticiaz.com.br\/litoralsp\/?s={search_term_string}"},"query-input":{"@type":"PropertyValueSpecification","valueRequired":true,"valueName":"search_term_string"}}],"inLanguage":"pt-BR"},{"@type":"Organization","@id":"https:\/\/redenoticiaz.com.br\/litoralsp\/#organization","name":"Litoral SP","url":"https:\/\/redenoticiaz.com.br\/litoralsp\/","logo":{"@type":"ImageObject","inLanguage":"pt-BR","@id":"https:\/\/redenoticiaz.com.br\/litoralsp\/#\/schema\/logo\/image\/","url":"https:\/\/redenoticiaz.com.br\/litoralsp\/wp-content\/uploads\/sites\/3\/2020\/11\/logo.jpg","contentUrl":"https:\/\/redenoticiaz.com.br\/litoralsp\/wp-content\/uploads\/sites\/3\/2020\/11\/logo.jpg","width":400,"height":250,"caption":"Litoral SP"},"image":{"@id":"https:\/\/redenoticiaz.com.br\/litoralsp\/#\/schema\/logo\/image\/"}},{"@type":"Person","@id":"https:\/\/redenoticiaz.com.br\/litoralsp\/#\/schema\/person\/0f0b8a5bdafefe82841e07ae8d81ecb3","name":"Leonardo Francisco","image":{"@type":"ImageObject","inLanguage":"pt-BR","@id":"https:\/\/secure.gravatar.com\/avatar\/a7358cb406a99b682ec6df1e77e31ae82e63601f6784e8a3df411d72b37864da?s=96&d=mm&r=g","url":"https:\/\/secure.gravatar.com\/avatar\/a7358cb406a99b682ec6df1e77e31ae82e63601f6784e8a3df411d72b37864da?s=96&d=mm&r=g","contentUrl":"https:\/\/secure.gravatar.com\/avatar\/a7358cb406a99b682ec6df1e77e31ae82e63601f6784e8a3df411d72b37864da?s=96&d=mm&r=g","caption":"Leonardo Francisco"},"url":"https:\/\/redenoticiaz.com.br\/litoralsp\/author\/leonardo-francisco"}]}},"_links":{"self":[{"href":"https:\/\/redenoticiaz.com.br\/litoralsp\/wp-json\/wp\/v2\/posts\/23585","targetHints":{"allow":["GET"]}}],"collection":[{"href":"https:\/\/redenoticiaz.com.br\/litoralsp\/wp-json\/wp\/v2\/posts"}],"about":[{"href":"https:\/\/redenoticiaz.com.br\/litoralsp\/wp-json\/wp\/v2\/types\/post"}],"author":[{"embeddable":true,"href":"https:\/\/redenoticiaz.com.br\/litoralsp\/wp-json\/wp\/v2\/users\/6"}],"replies":[{"embeddable":true,"href":"https:\/\/redenoticiaz.com.br\/litoralsp\/wp-json\/wp\/v2\/comments?post=23585"}],"version-history":[{"count":1,"href":"https:\/\/redenoticiaz.com.br\/litoralsp\/wp-json\/wp\/v2\/posts\/23585\/revisions"}],"predecessor-version":[{"id":23587,"href":"https:\/\/redenoticiaz.com.br\/litoralsp\/wp-json\/wp\/v2\/posts\/23585\/revisions\/23587"}],"wp:featuredmedia":[{"embeddable":true,"href":"https:\/\/redenoticiaz.com.br\/litoralsp\/wp-json\/wp\/v2\/media\/23586"}],"wp:attachment":[{"href":"https:\/\/redenoticiaz.com.br\/litoralsp\/wp-json\/wp\/v2\/media?parent=23585"}],"wp:term":[{"taxonomy":"category","embeddable":true,"href":"https:\/\/redenoticiaz.com.br\/litoralsp\/wp-json\/wp\/v2\/categories?post=23585"},{"taxonomy":"post_tag","embeddable":true,"href":"https:\/\/redenoticiaz.com.br\/litoralsp\/wp-json\/wp\/v2\/tags?post=23585"}],"curies":[{"name":"wp","href":"https:\/\/api.w.org\/{rel}","templated":true}]}}