{"id":2394,"date":"2021-01-05T13:44:49","date_gmt":"2021-01-05T16:44:49","guid":{"rendered":"https:\/\/redenoticiaz.com.br\/litoralsp\/?p=2394"},"modified":"2021-01-05T13:45:24","modified_gmt":"2021-01-05T16:45:24","slug":"cocaina-guardada-em-goiabada-e-apreendida-no-porto","status":"publish","type":"post","link":"https:\/\/redenoticiaz.com.br\/litoralsp\/2021\/01\/05\/cocaina-guardada-em-goiabada-e-apreendida-no-porto","title":{"rendered":"Coca\u00edna guardada em goiabada \u00e9 apreendida no Porto"},"content":{"rendered":"<p>A <a href=\"https:\/\/www.gov.br\/receitafederal\/pt-br\">Receita Federal<\/a> conseguiu apreender 670 Kg de coca\u00edna no Porto de Santos. Mas a localiza\u00e7\u00e3o do entorpecente foi de uma forma estranha. A droga estava guardada dentro de uma carga de goiabada. Boa parte dela estava misturada com o alimento.<\/p>\n<p>O destino dela seria o Porto de Antu\u00e9rpia, na B\u00e9lgica. A equipe fazia uma a\u00e7\u00e3o de rotina, quando o cont\u00eainer chamou a aten\u00e7\u00e3o e na inspe\u00e7\u00e3o n\u00e3o intrusiva por imagens de scanner, a droga foi encontrada. O c\u00e3o farejador da Receita Federal participou da a\u00e7\u00e3o e sinalizou a presen\u00e7a do entorpecente.<\/p>\n<p>Na abertura da caixa, dezenas de tabletes de coca\u00edna foram encontrados junto com a goiabada. Ao todo 670 kg da droga foram encontrados e apreendidos. Ela foi interceptada pela Alf\u00e2ndega e em seguida entregue \u00e0 Pol\u00edcia Federal.<\/p>\n<figure id=\"attachment_2395\" aria-describedby=\"caption-attachment-2395\" style=\"width: 300px\" class=\"wp-caption alignleft\"><img loading=\"lazy\" decoding=\"async\" class=\"size-medium wp-image-2395\" src=\"https:\/\/redenoticiaz.com.br\/litoralsp\/wp-content\/uploads\/sites\/3\/2021\/01\/rfb-2021-01-04-670kg-de-cocaina-em-goiabada-balana-300x157.jpg\" alt=\"\" width=\"300\" height=\"157\" srcset=\"https:\/\/redenoticiaz.com.br\/litoralsp\/wp-content\/uploads\/sites\/3\/2021\/01\/rfb-2021-01-04-670kg-de-cocaina-em-goiabada-balana-300x157.jpg 300w, https:\/\/redenoticiaz.com.br\/litoralsp\/wp-content\/uploads\/sites\/3\/2021\/01\/rfb-2021-01-04-670kg-de-cocaina-em-goiabada-balana-768x401.jpg 768w, https:\/\/redenoticiaz.com.br\/litoralsp\/wp-content\/uploads\/sites\/3\/2021\/01\/rfb-2021-01-04-670kg-de-cocaina-em-goiabada-balana.jpg 984w\" sizes=\"auto, (max-width: 300px) 100vw, 300px\" \/><figcaption id=\"caption-attachment-2395\" class=\"wp-caption-text\">Cr\u00e9ditos: Divulga\u00e7\u00e3o\/Receita Federal<\/figcaption><\/figure>\n<p>O trabalho agora ser\u00e1 para as investiga\u00e7\u00f5es para saber a origem, quem s\u00e3o os autores e os receptadores do tr\u00e1fico de drogas. Em todo o ano de 2020 a Alf\u00e2ndega de Santos conseguiu interceptar 20,5 toneladas de coca\u00edna que tinham a Europa como o principal destino.<\/p>\n<p>Leia tamb\u00e9m<\/p>\n<p><a href=\"https:\/\/redenoticiaz.com.br\/litoralsp\/2021\/01\/04\/furtou-abacates-de-sitio-e-foi-para-a-cadeia\/\">Furtou abacates de s\u00edtio e foi para a cadeia<\/a><\/p>\n","protected":false},"excerpt":{"rendered":"<p>A Receita Federal conseguiu apreender 670 Kg de coca\u00edna no Porto de Santos. Mas a localiza\u00e7\u00e3o do entorpecente foi de uma forma estranha. A droga estava guardada dentro de uma carga de goiabada. Boa parte dela estava misturada com o alimento. O destino dela seria o Porto de Antu\u00e9rpia, na B\u00e9lgica. A equipe fazia uma &hellip;<\/p>\n","protected":false},"author":6,"featured_media":2396,"comment_status":"open","ping_status":"closed","sticky":false,"template":"","format":"standard","meta":{"footnotes":""},"categories":[10,180],"tags":[2184,1214,7588,7587,2185,74,2183],"class_list":["post-2394","post","type-post","status-publish","format-standard","has-post-thumbnail","hentry","category-policia","category-santos","tag-alfandega","tag-apreensao","tag-belgica","tag-carga-de-goiabada","tag-cocaina","tag-porto-de-santos","tag-receita-federal"],"yoast_head":"<!-- This site is optimized with the Yoast SEO plugin v27.5 - https:\/\/yoast.com\/product\/yoast-seo-wordpress\/ -->\n<title>Coca\u00edna guardada em goiabada \u00e9 apreendida no Porto - Litoral SP<\/title>\n<meta name=\"description\" content=\"A Receita Federal conseguiu apreender 670 Kg de coca\u00edna no Porto de Santos. Mas a localiza\u00e7\u00e3o do entorpecente foi de uma forma estranha.\" \/>\n<meta name=\"robots\" content=\"index, follow, max-snippet:-1, max-image-preview:large, max-video-preview:-1\" \/>\n<link rel=\"canonical\" href=\"https:\/\/redenoticiaz.com.br\/litoralsp\/2021\/01\/05\/cocaina-guardada-em-goiabada-e-apreendida-no-porto\" \/>\n<meta property=\"og:locale\" content=\"pt_BR\" \/>\n<meta property=\"og:type\" content=\"article\" \/>\n<meta property=\"og:title\" content=\"Coca\u00edna guardada em goiabada \u00e9 apreendida no Porto - Litoral SP\" \/>\n<meta property=\"og:description\" content=\"A Receita Federal conseguiu apreender 670 Kg de coca\u00edna no Porto de Santos. Mas a localiza\u00e7\u00e3o do entorpecente foi de uma forma estranha.\" \/>\n<meta property=\"og:url\" content=\"https:\/\/redenoticiaz.com.br\/litoralsp\/2021\/01\/05\/cocaina-guardada-em-goiabada-e-apreendida-no-porto\" \/>\n<meta property=\"og:site_name\" content=\"Litoral SP\" \/>\n<meta property=\"article:published_time\" content=\"2021-01-05T16:44:49+00:00\" \/>\n<meta property=\"article:modified_time\" content=\"2021-01-05T16:45:24+00:00\" \/>\n<meta property=\"og:image\" content=\"https:\/\/redenoticiaz.com.br\/litoralsp\/wp-content\/uploads\/sites\/3\/2021\/01\/goiabada.jpg\" \/>\n\t<meta property=\"og:image:width\" content=\"984\" \/>\n\t<meta property=\"og:image:height\" content=\"521\" \/>\n\t<meta property=\"og:image:type\" content=\"image\/jpeg\" \/>\n<meta name=\"author\" content=\"Leonardo Francisco\" \/>\n<meta name=\"twitter:card\" content=\"summary_large_image\" \/>\n<meta name=\"twitter:label1\" content=\"Escrito por\" \/>\n\t<meta name=\"twitter:data1\" content=\"Leonardo Francisco\" \/>\n\t<meta name=\"twitter:label2\" content=\"Est. tempo de leitura\" \/>\n\t<meta name=\"twitter:data2\" content=\"1 minuto\" \/>\n<script type=\"application\/ld+json\" class=\"yoast-schema-graph\">{\"@context\":\"https:\\\/\\\/schema.org\",\"@graph\":[{\"@type\":\"Article\",\"@id\":\"https:\\\/\\\/redenoticiaz.com.br\\\/litoralsp\\\/2021\\\/01\\\/05\\\/cocaina-guardada-em-goiabada-e-apreendida-no-porto#article\",\"isPartOf\":{\"@id\":\"https:\\\/\\\/redenoticiaz.com.br\\\/litoralsp\\\/2021\\\/01\\\/05\\\/cocaina-guardada-em-goiabada-e-apreendida-no-porto\"},\"author\":{\"name\":\"Leonardo Francisco\",\"@id\":\"https:\\\/\\\/redenoticiaz.com.br\\\/litoralsp\\\/#\\\/schema\\\/person\\\/0f0b8a5bdafefe82841e07ae8d81ecb3\"},\"headline\":\"Coca\u00edna guardada em goiabada \u00e9 apreendida no Porto\",\"datePublished\":\"2021-01-05T16:44:49+00:00\",\"dateModified\":\"2021-01-05T16:45:24+00:00\",\"mainEntityOfPage\":{\"@id\":\"https:\\\/\\\/redenoticiaz.com.br\\\/litoralsp\\\/2021\\\/01\\\/05\\\/cocaina-guardada-em-goiabada-e-apreendida-no-porto\"},\"wordCount\":224,\"commentCount\":0,\"publisher\":{\"@id\":\"https:\\\/\\\/redenoticiaz.com.br\\\/litoralsp\\\/#organization\"},\"image\":{\"@id\":\"https:\\\/\\\/redenoticiaz.com.br\\\/litoralsp\\\/2021\\\/01\\\/05\\\/cocaina-guardada-em-goiabada-e-apreendida-no-porto#primaryimage\"},\"thumbnailUrl\":\"https:\\\/\\\/redenoticiaz.com.br\\\/litoralsp\\\/wp-content\\\/uploads\\\/sites\\\/3\\\/2021\\\/01\\\/goiabada.jpg\",\"keywords\":[\"ALF\u00c2NDEGA\",\"apreens\u00e3o\",\"B\u00c9LGICA\",\"CARGA DE GOIABADA\",\"COCA\u00cdNA\",\"porto de santos\",\"Receita Federal\"],\"articleSection\":[\"Pol\u00edcia\",\"Santos\"],\"inLanguage\":\"pt-BR\",\"potentialAction\":[{\"@type\":\"CommentAction\",\"name\":\"Comment\",\"target\":[\"https:\\\/\\\/redenoticiaz.com.br\\\/litoralsp\\\/2021\\\/01\\\/05\\\/cocaina-guardada-em-goiabada-e-apreendida-no-porto#respond\"]}]},{\"@type\":\"WebPage\",\"@id\":\"https:\\\/\\\/redenoticiaz.com.br\\\/litoralsp\\\/2021\\\/01\\\/05\\\/cocaina-guardada-em-goiabada-e-apreendida-no-porto\",\"url\":\"https:\\\/\\\/redenoticiaz.com.br\\\/litoralsp\\\/2021\\\/01\\\/05\\\/cocaina-guardada-em-goiabada-e-apreendida-no-porto\",\"name\":\"Coca\u00edna guardada em goiabada \u00e9 apreendida no Porto - Litoral SP\",\"isPartOf\":{\"@id\":\"https:\\\/\\\/redenoticiaz.com.br\\\/litoralsp\\\/#website\"},\"primaryImageOfPage\":{\"@id\":\"https:\\\/\\\/redenoticiaz.com.br\\\/litoralsp\\\/2021\\\/01\\\/05\\\/cocaina-guardada-em-goiabada-e-apreendida-no-porto#primaryimage\"},\"image\":{\"@id\":\"https:\\\/\\\/redenoticiaz.com.br\\\/litoralsp\\\/2021\\\/01\\\/05\\\/cocaina-guardada-em-goiabada-e-apreendida-no-porto#primaryimage\"},\"thumbnailUrl\":\"https:\\\/\\\/redenoticiaz.com.br\\\/litoralsp\\\/wp-content\\\/uploads\\\/sites\\\/3\\\/2021\\\/01\\\/goiabada.jpg\",\"datePublished\":\"2021-01-05T16:44:49+00:00\",\"dateModified\":\"2021-01-05T16:45:24+00:00\",\"description\":\"A Receita Federal conseguiu apreender 670 Kg de coca\u00edna no Porto de Santos. Mas a localiza\u00e7\u00e3o do entorpecente foi de uma forma estranha.\",\"inLanguage\":\"pt-BR\",\"potentialAction\":[{\"@type\":\"ReadAction\",\"target\":[\"https:\\\/\\\/redenoticiaz.com.br\\\/litoralsp\\\/2021\\\/01\\\/05\\\/cocaina-guardada-em-goiabada-e-apreendida-no-porto\"]}]},{\"@type\":\"ImageObject\",\"inLanguage\":\"pt-BR\",\"@id\":\"https:\\\/\\\/redenoticiaz.com.br\\\/litoralsp\\\/2021\\\/01\\\/05\\\/cocaina-guardada-em-goiabada-e-apreendida-no-porto#primaryimage\",\"url\":\"https:\\\/\\\/redenoticiaz.com.br\\\/litoralsp\\\/wp-content\\\/uploads\\\/sites\\\/3\\\/2021\\\/01\\\/goiabada.jpg\",\"contentUrl\":\"https:\\\/\\\/redenoticiaz.com.br\\\/litoralsp\\\/wp-content\\\/uploads\\\/sites\\\/3\\\/2021\\\/01\\\/goiabada.jpg\",\"width\":984,\"height\":521,\"caption\":\"Cr\u00e9ditos: Divulga\u00e7\u00e3o\\\/Receita Federal\"},{\"@type\":\"WebSite\",\"@id\":\"https:\\\/\\\/redenoticiaz.com.br\\\/litoralsp\\\/#website\",\"url\":\"https:\\\/\\\/redenoticiaz.com.br\\\/litoralsp\\\/\",\"name\":\"Litoral SP\",\"description\":\"Rede NoticiaZ\",\"publisher\":{\"@id\":\"https:\\\/\\\/redenoticiaz.com.br\\\/litoralsp\\\/#organization\"},\"potentialAction\":[{\"@type\":\"SearchAction\",\"target\":{\"@type\":\"EntryPoint\",\"urlTemplate\":\"https:\\\/\\\/redenoticiaz.com.br\\\/litoralsp\\\/?s={search_term_string}\"},\"query-input\":{\"@type\":\"PropertyValueSpecification\",\"valueRequired\":true,\"valueName\":\"search_term_string\"}}],\"inLanguage\":\"pt-BR\"},{\"@type\":\"Organization\",\"@id\":\"https:\\\/\\\/redenoticiaz.com.br\\\/litoralsp\\\/#organization\",\"name\":\"Litoral SP\",\"url\":\"https:\\\/\\\/redenoticiaz.com.br\\\/litoralsp\\\/\",\"logo\":{\"@type\":\"ImageObject\",\"inLanguage\":\"pt-BR\",\"@id\":\"https:\\\/\\\/redenoticiaz.com.br\\\/litoralsp\\\/#\\\/schema\\\/logo\\\/image\\\/\",\"url\":\"https:\\\/\\\/redenoticiaz.com.br\\\/litoralsp\\\/wp-content\\\/uploads\\\/sites\\\/3\\\/2020\\\/11\\\/logo.jpg\",\"contentUrl\":\"https:\\\/\\\/redenoticiaz.com.br\\\/litoralsp\\\/wp-content\\\/uploads\\\/sites\\\/3\\\/2020\\\/11\\\/logo.jpg\",\"width\":400,\"height\":250,\"caption\":\"Litoral SP\"},\"image\":{\"@id\":\"https:\\\/\\\/redenoticiaz.com.br\\\/litoralsp\\\/#\\\/schema\\\/logo\\\/image\\\/\"}},{\"@type\":\"Person\",\"@id\":\"https:\\\/\\\/redenoticiaz.com.br\\\/litoralsp\\\/#\\\/schema\\\/person\\\/0f0b8a5bdafefe82841e07ae8d81ecb3\",\"name\":\"Leonardo Francisco\",\"image\":{\"@type\":\"ImageObject\",\"inLanguage\":\"pt-BR\",\"@id\":\"https:\\\/\\\/secure.gravatar.com\\\/avatar\\\/a7358cb406a99b682ec6df1e77e31ae82e63601f6784e8a3df411d72b37864da?s=96&d=mm&r=g\",\"url\":\"https:\\\/\\\/secure.gravatar.com\\\/avatar\\\/a7358cb406a99b682ec6df1e77e31ae82e63601f6784e8a3df411d72b37864da?s=96&d=mm&r=g\",\"contentUrl\":\"https:\\\/\\\/secure.gravatar.com\\\/avatar\\\/a7358cb406a99b682ec6df1e77e31ae82e63601f6784e8a3df411d72b37864da?s=96&d=mm&r=g\",\"caption\":\"Leonardo Francisco\"},\"url\":\"https:\\\/\\\/redenoticiaz.com.br\\\/litoralsp\\\/author\\\/leonardo-francisco\"}]}<\/script>\n<!-- \/ Yoast SEO plugin. -->","yoast_head_json":{"title":"Coca\u00edna guardada em goiabada \u00e9 apreendida no Porto - Litoral SP","description":"A Receita Federal conseguiu apreender 670 Kg de coca\u00edna no Porto de Santos. Mas a localiza\u00e7\u00e3o do entorpecente foi de uma forma estranha.","robots":{"index":"index","follow":"follow","max-snippet":"max-snippet:-1","max-image-preview":"max-image-preview:large","max-video-preview":"max-video-preview:-1"},"canonical":"https:\/\/redenoticiaz.com.br\/litoralsp\/2021\/01\/05\/cocaina-guardada-em-goiabada-e-apreendida-no-porto","og_locale":"pt_BR","og_type":"article","og_title":"Coca\u00edna guardada em goiabada \u00e9 apreendida no Porto - Litoral SP","og_description":"A Receita Federal conseguiu apreender 670 Kg de coca\u00edna no Porto de Santos. Mas a localiza\u00e7\u00e3o do entorpecente foi de uma forma estranha.","og_url":"https:\/\/redenoticiaz.com.br\/litoralsp\/2021\/01\/05\/cocaina-guardada-em-goiabada-e-apreendida-no-porto","og_site_name":"Litoral SP","article_published_time":"2021-01-05T16:44:49+00:00","article_modified_time":"2021-01-05T16:45:24+00:00","og_image":[{"width":984,"height":521,"url":"https:\/\/redenoticiaz.com.br\/litoralsp\/wp-content\/uploads\/sites\/3\/2021\/01\/goiabada.jpg","type":"image\/jpeg"}],"author":"Leonardo Francisco","twitter_card":"summary_large_image","twitter_misc":{"Escrito por":"Leonardo Francisco","Est. tempo de leitura":"1 minuto"},"schema":{"@context":"https:\/\/schema.org","@graph":[{"@type":"Article","@id":"https:\/\/redenoticiaz.com.br\/litoralsp\/2021\/01\/05\/cocaina-guardada-em-goiabada-e-apreendida-no-porto#article","isPartOf":{"@id":"https:\/\/redenoticiaz.com.br\/litoralsp\/2021\/01\/05\/cocaina-guardada-em-goiabada-e-apreendida-no-porto"},"author":{"name":"Leonardo Francisco","@id":"https:\/\/redenoticiaz.com.br\/litoralsp\/#\/schema\/person\/0f0b8a5bdafefe82841e07ae8d81ecb3"},"headline":"Coca\u00edna guardada em goiabada \u00e9 apreendida no Porto","datePublished":"2021-01-05T16:44:49+00:00","dateModified":"2021-01-05T16:45:24+00:00","mainEntityOfPage":{"@id":"https:\/\/redenoticiaz.com.br\/litoralsp\/2021\/01\/05\/cocaina-guardada-em-goiabada-e-apreendida-no-porto"},"wordCount":224,"commentCount":0,"publisher":{"@id":"https:\/\/redenoticiaz.com.br\/litoralsp\/#organization"},"image":{"@id":"https:\/\/redenoticiaz.com.br\/litoralsp\/2021\/01\/05\/cocaina-guardada-em-goiabada-e-apreendida-no-porto#primaryimage"},"thumbnailUrl":"https:\/\/redenoticiaz.com.br\/litoralsp\/wp-content\/uploads\/sites\/3\/2021\/01\/goiabada.jpg","keywords":["ALF\u00c2NDEGA","apreens\u00e3o","B\u00c9LGICA","CARGA DE GOIABADA","COCA\u00cdNA","porto de santos","Receita Federal"],"articleSection":["Pol\u00edcia","Santos"],"inLanguage":"pt-BR","potentialAction":[{"@type":"CommentAction","name":"Comment","target":["https:\/\/redenoticiaz.com.br\/litoralsp\/2021\/01\/05\/cocaina-guardada-em-goiabada-e-apreendida-no-porto#respond"]}]},{"@type":"WebPage","@id":"https:\/\/redenoticiaz.com.br\/litoralsp\/2021\/01\/05\/cocaina-guardada-em-goiabada-e-apreendida-no-porto","url":"https:\/\/redenoticiaz.com.br\/litoralsp\/2021\/01\/05\/cocaina-guardada-em-goiabada-e-apreendida-no-porto","name":"Coca\u00edna guardada em goiabada \u00e9 apreendida no Porto - Litoral SP","isPartOf":{"@id":"https:\/\/redenoticiaz.com.br\/litoralsp\/#website"},"primaryImageOfPage":{"@id":"https:\/\/redenoticiaz.com.br\/litoralsp\/2021\/01\/05\/cocaina-guardada-em-goiabada-e-apreendida-no-porto#primaryimage"},"image":{"@id":"https:\/\/redenoticiaz.com.br\/litoralsp\/2021\/01\/05\/cocaina-guardada-em-goiabada-e-apreendida-no-porto#primaryimage"},"thumbnailUrl":"https:\/\/redenoticiaz.com.br\/litoralsp\/wp-content\/uploads\/sites\/3\/2021\/01\/goiabada.jpg","datePublished":"2021-01-05T16:44:49+00:00","dateModified":"2021-01-05T16:45:24+00:00","description":"A Receita Federal conseguiu apreender 670 Kg de coca\u00edna no Porto de Santos. Mas a localiza\u00e7\u00e3o do entorpecente foi de uma forma estranha.","inLanguage":"pt-BR","potentialAction":[{"@type":"ReadAction","target":["https:\/\/redenoticiaz.com.br\/litoralsp\/2021\/01\/05\/cocaina-guardada-em-goiabada-e-apreendida-no-porto"]}]},{"@type":"ImageObject","inLanguage":"pt-BR","@id":"https:\/\/redenoticiaz.com.br\/litoralsp\/2021\/01\/05\/cocaina-guardada-em-goiabada-e-apreendida-no-porto#primaryimage","url":"https:\/\/redenoticiaz.com.br\/litoralsp\/wp-content\/uploads\/sites\/3\/2021\/01\/goiabada.jpg","contentUrl":"https:\/\/redenoticiaz.com.br\/litoralsp\/wp-content\/uploads\/sites\/3\/2021\/01\/goiabada.jpg","width":984,"height":521,"caption":"Cr\u00e9ditos: Divulga\u00e7\u00e3o\/Receita Federal"},{"@type":"WebSite","@id":"https:\/\/redenoticiaz.com.br\/litoralsp\/#website","url":"https:\/\/redenoticiaz.com.br\/litoralsp\/","name":"Litoral SP","description":"Rede NoticiaZ","publisher":{"@id":"https:\/\/redenoticiaz.com.br\/litoralsp\/#organization"},"potentialAction":[{"@type":"SearchAction","target":{"@type":"EntryPoint","urlTemplate":"https:\/\/redenoticiaz.com.br\/litoralsp\/?s={search_term_string}"},"query-input":{"@type":"PropertyValueSpecification","valueRequired":true,"valueName":"search_term_string"}}],"inLanguage":"pt-BR"},{"@type":"Organization","@id":"https:\/\/redenoticiaz.com.br\/litoralsp\/#organization","name":"Litoral SP","url":"https:\/\/redenoticiaz.com.br\/litoralsp\/","logo":{"@type":"ImageObject","inLanguage":"pt-BR","@id":"https:\/\/redenoticiaz.com.br\/litoralsp\/#\/schema\/logo\/image\/","url":"https:\/\/redenoticiaz.com.br\/litoralsp\/wp-content\/uploads\/sites\/3\/2020\/11\/logo.jpg","contentUrl":"https:\/\/redenoticiaz.com.br\/litoralsp\/wp-content\/uploads\/sites\/3\/2020\/11\/logo.jpg","width":400,"height":250,"caption":"Litoral SP"},"image":{"@id":"https:\/\/redenoticiaz.com.br\/litoralsp\/#\/schema\/logo\/image\/"}},{"@type":"Person","@id":"https:\/\/redenoticiaz.com.br\/litoralsp\/#\/schema\/person\/0f0b8a5bdafefe82841e07ae8d81ecb3","name":"Leonardo Francisco","image":{"@type":"ImageObject","inLanguage":"pt-BR","@id":"https:\/\/secure.gravatar.com\/avatar\/a7358cb406a99b682ec6df1e77e31ae82e63601f6784e8a3df411d72b37864da?s=96&d=mm&r=g","url":"https:\/\/secure.gravatar.com\/avatar\/a7358cb406a99b682ec6df1e77e31ae82e63601f6784e8a3df411d72b37864da?s=96&d=mm&r=g","contentUrl":"https:\/\/secure.gravatar.com\/avatar\/a7358cb406a99b682ec6df1e77e31ae82e63601f6784e8a3df411d72b37864da?s=96&d=mm&r=g","caption":"Leonardo Francisco"},"url":"https:\/\/redenoticiaz.com.br\/litoralsp\/author\/leonardo-francisco"}]}},"_links":{"self":[{"href":"https:\/\/redenoticiaz.com.br\/litoralsp\/wp-json\/wp\/v2\/posts\/2394","targetHints":{"allow":["GET"]}}],"collection":[{"href":"https:\/\/redenoticiaz.com.br\/litoralsp\/wp-json\/wp\/v2\/posts"}],"about":[{"href":"https:\/\/redenoticiaz.com.br\/litoralsp\/wp-json\/wp\/v2\/types\/post"}],"author":[{"embeddable":true,"href":"https:\/\/redenoticiaz.com.br\/litoralsp\/wp-json\/wp\/v2\/users\/6"}],"replies":[{"embeddable":true,"href":"https:\/\/redenoticiaz.com.br\/litoralsp\/wp-json\/wp\/v2\/comments?post=2394"}],"version-history":[{"count":1,"href":"https:\/\/redenoticiaz.com.br\/litoralsp\/wp-json\/wp\/v2\/posts\/2394\/revisions"}],"predecessor-version":[{"id":2397,"href":"https:\/\/redenoticiaz.com.br\/litoralsp\/wp-json\/wp\/v2\/posts\/2394\/revisions\/2397"}],"wp:featuredmedia":[{"embeddable":true,"href":"https:\/\/redenoticiaz.com.br\/litoralsp\/wp-json\/wp\/v2\/media\/2396"}],"wp:attachment":[{"href":"https:\/\/redenoticiaz.com.br\/litoralsp\/wp-json\/wp\/v2\/media?parent=2394"}],"wp:term":[{"taxonomy":"category","embeddable":true,"href":"https:\/\/redenoticiaz.com.br\/litoralsp\/wp-json\/wp\/v2\/categories?post=2394"},{"taxonomy":"post_tag","embeddable":true,"href":"https:\/\/redenoticiaz.com.br\/litoralsp\/wp-json\/wp\/v2\/tags?post=2394"}],"curies":[{"name":"wp","href":"https:\/\/api.w.org\/{rel}","templated":true}]}}