{"id":24120,"date":"2022-02-26T13:27:56","date_gmt":"2022-02-26T16:27:56","guid":{"rendered":"https:\/\/redenoticiaz.com.br\/litoralsp\/?p=24120"},"modified":"2022-02-26T13:28:28","modified_gmt":"2022-02-26T16:28:28","slug":"bolsonaro-vem-ao-litoral-para-curtir-o-carnaval","status":"publish","type":"post","link":"https:\/\/redenoticiaz.com.br\/litoralsp\/2022\/02\/26\/bolsonaro-vem-ao-litoral-para-curtir-o-carnaval","title":{"rendered":"Bolsonaro vem ao Litoral para curtir o Carnaval"},"content":{"rendered":"<p>Mais uma vez o <a href=\"https:\/\/www.guaruja.sp.gov.br\/\">Guaruj\u00e1<\/a> foi escolhido para recepcionar o <strong>presidente Jair Bolsonaro (PL)<\/strong>. Ele chegou \u00e0 cidade no final da manh\u00e3 deste s\u00e1bado (26) para descansar nos dias de Carnaval e ficar\u00e1 hospedado no Forte dos Andradas. A expectativa \u00e9 que ele fique at\u00e9 o dia 4 de mar\u00e7o.<\/p>\n<p>Bolsonaro saiu de Bras\u00edlia no come\u00e7o da manh\u00e3 e foi de avi\u00e3o at\u00e9 o Aeroporto de Congonhas, em S\u00e3o Paulo. Depois, ele seguiu em um helic\u00f3ptero para Guaruj\u00e1, onde chegou por volta das 10h20.<\/p>\n<p>Nas redes sociais, o subtenente do Ex\u00e9rcito Brasileiro Helio Lopes postou a sa\u00edda da comitiva de Bolsonaro em S\u00e3o Paulo e a chegada na Base A\u00e9rea de Santos, localizada em Guaruj\u00e1.<\/p>\n<div class=\"mc-column content-text active-extra-styles \" data-block-type=\"unstyled\" data-block-weight=\"61\" data-block-id=\"7\">\n<p class=\"content-text__container \" data-track-category=\"Link no Texto\" data-track-links=\"\">O presidente ficar\u00e1 hospedado no Forte dos Andradas, instala\u00e7\u00e3o militar onde tem utilizado para per\u00edodos de descanso. A unidade do Ex\u00e9rcito \u00e9 a \u00faltima fortaleza constru\u00edda no Brasil, inaugurada em 1942, durante a Segunda Guerra Mundial. Desde que assumiu a Presid\u00eancia, em janeiro de 2019, essa \u00e9 a oitava vez que Bolsonaro fica hospedado no Forte dos Andradas, em Guaruj\u00e1.<\/p>\n<\/div>\n<div class=\"mc-column content-text active-extra-styles \" data-block-type=\"unstyled\" data-block-weight=\"17\" data-block-id=\"8\">\n<p class=\"content-text__container \" data-track-category=\"Link no Texto\" data-track-links=\"\">A programa\u00e7\u00e3o inicial prev\u00ea o retorno do presidente a Bras\u00edlia no pr\u00f3ximo dia 4 de mar\u00e7o.<\/p>\n<p data-track-category=\"Link no Texto\" data-track-links=\"\"><strong>LEIA TAMB\u00c9M<\/strong><\/p>\n<p data-track-category=\"Link no Texto\" data-track-links=\"\"><a href=\"https:\/\/redenoticiaz.com.br\/litoralsp\/2022\/02\/24\/bolsonaro-se-cala-sobre-invasao-da-russia-a-ucrania\">Bolsonaro se cala sobre invas\u00e3o da R\u00fassia \u00e0 Ucr\u00e2nia<\/a><\/p>\n<\/div>\n","protected":false},"excerpt":{"rendered":"<p>Mais uma vez o Guaruj\u00e1 foi escolhido para recepcionar o presidente Jair Bolsonaro (PL). Ele chegou \u00e0 cidade no final da manh\u00e3 deste s\u00e1bado (26) para descansar nos dias de Carnaval e ficar\u00e1 hospedado no Forte dos Andradas. A expectativa \u00e9 que ele fique at\u00e9 o dia 4 de mar\u00e7o. Bolsonaro saiu de Bras\u00edlia no &hellip;<\/p>\n","protected":false},"author":6,"featured_media":24121,"comment_status":"open","ping_status":"closed","sticky":false,"template":"","format":"standard","meta":{"footnotes":""},"categories":[187,15],"tags":[10252,7788,8215,9968],"class_list":["post-24120","post","type-post","status-publish","format-standard","has-post-thumbnail","hentry","category-guaruja","category-politica","tag-carnaval","tag-forte-dos-andradas","tag-gauruja","tag-presidente-jair-bolsonaro"],"yoast_head":"<!-- This site is optimized with the Yoast SEO plugin v27.5 - https:\/\/yoast.com\/product\/yoast-seo-wordpress\/ -->\n<title>Bolsonaro vem ao Litoral para curtir o Carnaval - Litoral SP<\/title>\n<meta name=\"description\" content=\"Mais uma vez o Guaruj\u00e1 foi escolhido para recepcionar o presidente Jair Bolsonaro (PL). Ele chegou \u00e0 cidade no final da manh\u00e3\" \/>\n<meta name=\"robots\" content=\"index, follow, max-snippet:-1, max-image-preview:large, max-video-preview:-1\" \/>\n<link rel=\"canonical\" href=\"https:\/\/redenoticiaz.com.br\/litoralsp\/2022\/02\/26\/bolsonaro-vem-ao-litoral-para-curtir-o-carnaval\" \/>\n<meta property=\"og:locale\" content=\"pt_BR\" \/>\n<meta property=\"og:type\" content=\"article\" \/>\n<meta property=\"og:title\" content=\"Bolsonaro vem ao Litoral para curtir o Carnaval - Litoral SP\" \/>\n<meta property=\"og:description\" content=\"Mais uma vez o Guaruj\u00e1 foi escolhido para recepcionar o presidente Jair Bolsonaro (PL). Ele chegou \u00e0 cidade no final da manh\u00e3\" \/>\n<meta property=\"og:url\" content=\"https:\/\/redenoticiaz.com.br\/litoralsp\/2022\/02\/26\/bolsonaro-vem-ao-litoral-para-curtir-o-carnaval\" \/>\n<meta property=\"og:site_name\" content=\"Litoral SP\" \/>\n<meta property=\"article:published_time\" content=\"2022-02-26T16:27:56+00:00\" \/>\n<meta property=\"article:modified_time\" content=\"2022-02-26T16:28:28+00:00\" \/>\n<meta property=\"og:image\" content=\"https:\/\/redenoticiaz.com.br\/litoralsp\/wp-content\/uploads\/sites\/3\/2022\/02\/presidente-e1645892836440.jpg\" \/>\n\t<meta property=\"og:image:width\" content=\"984\" \/>\n\t<meta property=\"og:image:height\" content=\"437\" \/>\n\t<meta property=\"og:image:type\" content=\"image\/jpeg\" \/>\n<meta name=\"author\" content=\"Leonardo Francisco\" \/>\n<meta name=\"twitter:card\" content=\"summary_large_image\" \/>\n<meta name=\"twitter:label1\" content=\"Escrito por\" \/>\n\t<meta name=\"twitter:data1\" content=\"Leonardo Francisco\" \/>\n\t<meta name=\"twitter:label2\" content=\"Est. tempo de leitura\" \/>\n\t<meta name=\"twitter:data2\" content=\"1 minuto\" \/>\n<script type=\"application\/ld+json\" class=\"yoast-schema-graph\">{\"@context\":\"https:\\\/\\\/schema.org\",\"@graph\":[{\"@type\":\"Article\",\"@id\":\"https:\\\/\\\/redenoticiaz.com.br\\\/litoralsp\\\/2022\\\/02\\\/26\\\/bolsonaro-vem-ao-litoral-para-curtir-o-carnaval#article\",\"isPartOf\":{\"@id\":\"https:\\\/\\\/redenoticiaz.com.br\\\/litoralsp\\\/2022\\\/02\\\/26\\\/bolsonaro-vem-ao-litoral-para-curtir-o-carnaval\"},\"author\":{\"name\":\"Leonardo Francisco\",\"@id\":\"https:\\\/\\\/redenoticiaz.com.br\\\/litoralsp\\\/#\\\/schema\\\/person\\\/0f0b8a5bdafefe82841e07ae8d81ecb3\"},\"headline\":\"Bolsonaro vem ao Litoral para curtir o Carnaval\",\"datePublished\":\"2022-02-26T16:27:56+00:00\",\"dateModified\":\"2022-02-26T16:28:28+00:00\",\"mainEntityOfPage\":{\"@id\":\"https:\\\/\\\/redenoticiaz.com.br\\\/litoralsp\\\/2022\\\/02\\\/26\\\/bolsonaro-vem-ao-litoral-para-curtir-o-carnaval\"},\"wordCount\":224,\"commentCount\":0,\"publisher\":{\"@id\":\"https:\\\/\\\/redenoticiaz.com.br\\\/litoralsp\\\/#organization\"},\"image\":{\"@id\":\"https:\\\/\\\/redenoticiaz.com.br\\\/litoralsp\\\/2022\\\/02\\\/26\\\/bolsonaro-vem-ao-litoral-para-curtir-o-carnaval#primaryimage\"},\"thumbnailUrl\":\"https:\\\/\\\/redenoticiaz.com.br\\\/litoralsp\\\/wp-content\\\/uploads\\\/sites\\\/3\\\/2022\\\/02\\\/presidente-e1645892836440.jpg\",\"keywords\":[\"CARNAVAL\",\"FORTE DOS ANDRADAS\",\"GAURUJ\u00c1\",\"PRESIDENTE JAIR BOLSONARO\"],\"articleSection\":[\"Guaruj\u00e1\",\"Pol\u00edtica\"],\"inLanguage\":\"pt-BR\",\"potentialAction\":[{\"@type\":\"CommentAction\",\"name\":\"Comment\",\"target\":[\"https:\\\/\\\/redenoticiaz.com.br\\\/litoralsp\\\/2022\\\/02\\\/26\\\/bolsonaro-vem-ao-litoral-para-curtir-o-carnaval#respond\"]}]},{\"@type\":\"WebPage\",\"@id\":\"https:\\\/\\\/redenoticiaz.com.br\\\/litoralsp\\\/2022\\\/02\\\/26\\\/bolsonaro-vem-ao-litoral-para-curtir-o-carnaval\",\"url\":\"https:\\\/\\\/redenoticiaz.com.br\\\/litoralsp\\\/2022\\\/02\\\/26\\\/bolsonaro-vem-ao-litoral-para-curtir-o-carnaval\",\"name\":\"Bolsonaro vem ao Litoral para curtir o Carnaval - Litoral SP\",\"isPartOf\":{\"@id\":\"https:\\\/\\\/redenoticiaz.com.br\\\/litoralsp\\\/#website\"},\"primaryImageOfPage\":{\"@id\":\"https:\\\/\\\/redenoticiaz.com.br\\\/litoralsp\\\/2022\\\/02\\\/26\\\/bolsonaro-vem-ao-litoral-para-curtir-o-carnaval#primaryimage\"},\"image\":{\"@id\":\"https:\\\/\\\/redenoticiaz.com.br\\\/litoralsp\\\/2022\\\/02\\\/26\\\/bolsonaro-vem-ao-litoral-para-curtir-o-carnaval#primaryimage\"},\"thumbnailUrl\":\"https:\\\/\\\/redenoticiaz.com.br\\\/litoralsp\\\/wp-content\\\/uploads\\\/sites\\\/3\\\/2022\\\/02\\\/presidente-e1645892836440.jpg\",\"datePublished\":\"2022-02-26T16:27:56+00:00\",\"dateModified\":\"2022-02-26T16:28:28+00:00\",\"description\":\"Mais uma vez o Guaruj\u00e1 foi escolhido para recepcionar o presidente Jair Bolsonaro (PL). Ele chegou \u00e0 cidade no final da manh\u00e3\",\"inLanguage\":\"pt-BR\",\"potentialAction\":[{\"@type\":\"ReadAction\",\"target\":[\"https:\\\/\\\/redenoticiaz.com.br\\\/litoralsp\\\/2022\\\/02\\\/26\\\/bolsonaro-vem-ao-litoral-para-curtir-o-carnaval\"]}]},{\"@type\":\"ImageObject\",\"inLanguage\":\"pt-BR\",\"@id\":\"https:\\\/\\\/redenoticiaz.com.br\\\/litoralsp\\\/2022\\\/02\\\/26\\\/bolsonaro-vem-ao-litoral-para-curtir-o-carnaval#primaryimage\",\"url\":\"https:\\\/\\\/redenoticiaz.com.br\\\/litoralsp\\\/wp-content\\\/uploads\\\/sites\\\/3\\\/2022\\\/02\\\/presidente-e1645892836440.jpg\",\"contentUrl\":\"https:\\\/\\\/redenoticiaz.com.br\\\/litoralsp\\\/wp-content\\\/uploads\\\/sites\\\/3\\\/2022\\\/02\\\/presidente-e1645892836440.jpg\",\"width\":984,\"height\":437,\"caption\":\"Cr\u00e9ditos: Reprodu\u00e7\u00e3o\\\/Instagram\"},{\"@type\":\"WebSite\",\"@id\":\"https:\\\/\\\/redenoticiaz.com.br\\\/litoralsp\\\/#website\",\"url\":\"https:\\\/\\\/redenoticiaz.com.br\\\/litoralsp\\\/\",\"name\":\"Litoral SP\",\"description\":\"Rede NoticiaZ\",\"publisher\":{\"@id\":\"https:\\\/\\\/redenoticiaz.com.br\\\/litoralsp\\\/#organization\"},\"potentialAction\":[{\"@type\":\"SearchAction\",\"target\":{\"@type\":\"EntryPoint\",\"urlTemplate\":\"https:\\\/\\\/redenoticiaz.com.br\\\/litoralsp\\\/?s={search_term_string}\"},\"query-input\":{\"@type\":\"PropertyValueSpecification\",\"valueRequired\":true,\"valueName\":\"search_term_string\"}}],\"inLanguage\":\"pt-BR\"},{\"@type\":\"Organization\",\"@id\":\"https:\\\/\\\/redenoticiaz.com.br\\\/litoralsp\\\/#organization\",\"name\":\"Litoral SP\",\"url\":\"https:\\\/\\\/redenoticiaz.com.br\\\/litoralsp\\\/\",\"logo\":{\"@type\":\"ImageObject\",\"inLanguage\":\"pt-BR\",\"@id\":\"https:\\\/\\\/redenoticiaz.com.br\\\/litoralsp\\\/#\\\/schema\\\/logo\\\/image\\\/\",\"url\":\"https:\\\/\\\/redenoticiaz.com.br\\\/litoralsp\\\/wp-content\\\/uploads\\\/sites\\\/3\\\/2020\\\/11\\\/logo.jpg\",\"contentUrl\":\"https:\\\/\\\/redenoticiaz.com.br\\\/litoralsp\\\/wp-content\\\/uploads\\\/sites\\\/3\\\/2020\\\/11\\\/logo.jpg\",\"width\":400,\"height\":250,\"caption\":\"Litoral SP\"},\"image\":{\"@id\":\"https:\\\/\\\/redenoticiaz.com.br\\\/litoralsp\\\/#\\\/schema\\\/logo\\\/image\\\/\"}},{\"@type\":\"Person\",\"@id\":\"https:\\\/\\\/redenoticiaz.com.br\\\/litoralsp\\\/#\\\/schema\\\/person\\\/0f0b8a5bdafefe82841e07ae8d81ecb3\",\"name\":\"Leonardo Francisco\",\"image\":{\"@type\":\"ImageObject\",\"inLanguage\":\"pt-BR\",\"@id\":\"https:\\\/\\\/secure.gravatar.com\\\/avatar\\\/a7358cb406a99b682ec6df1e77e31ae82e63601f6784e8a3df411d72b37864da?s=96&d=mm&r=g\",\"url\":\"https:\\\/\\\/secure.gravatar.com\\\/avatar\\\/a7358cb406a99b682ec6df1e77e31ae82e63601f6784e8a3df411d72b37864da?s=96&d=mm&r=g\",\"contentUrl\":\"https:\\\/\\\/secure.gravatar.com\\\/avatar\\\/a7358cb406a99b682ec6df1e77e31ae82e63601f6784e8a3df411d72b37864da?s=96&d=mm&r=g\",\"caption\":\"Leonardo Francisco\"},\"url\":\"https:\\\/\\\/redenoticiaz.com.br\\\/litoralsp\\\/author\\\/leonardo-francisco\"}]}<\/script>\n<!-- \/ Yoast SEO plugin. -->","yoast_head_json":{"title":"Bolsonaro vem ao Litoral para curtir o Carnaval - Litoral SP","description":"Mais uma vez o Guaruj\u00e1 foi escolhido para recepcionar o presidente Jair Bolsonaro (PL). Ele chegou \u00e0 cidade no final da manh\u00e3","robots":{"index":"index","follow":"follow","max-snippet":"max-snippet:-1","max-image-preview":"max-image-preview:large","max-video-preview":"max-video-preview:-1"},"canonical":"https:\/\/redenoticiaz.com.br\/litoralsp\/2022\/02\/26\/bolsonaro-vem-ao-litoral-para-curtir-o-carnaval","og_locale":"pt_BR","og_type":"article","og_title":"Bolsonaro vem ao Litoral para curtir o Carnaval - Litoral SP","og_description":"Mais uma vez o Guaruj\u00e1 foi escolhido para recepcionar o presidente Jair Bolsonaro (PL). Ele chegou \u00e0 cidade no final da manh\u00e3","og_url":"https:\/\/redenoticiaz.com.br\/litoralsp\/2022\/02\/26\/bolsonaro-vem-ao-litoral-para-curtir-o-carnaval","og_site_name":"Litoral SP","article_published_time":"2022-02-26T16:27:56+00:00","article_modified_time":"2022-02-26T16:28:28+00:00","og_image":[{"width":984,"height":437,"url":"https:\/\/redenoticiaz.com.br\/litoralsp\/wp-content\/uploads\/sites\/3\/2022\/02\/presidente-e1645892836440.jpg","type":"image\/jpeg"}],"author":"Leonardo Francisco","twitter_card":"summary_large_image","twitter_misc":{"Escrito por":"Leonardo Francisco","Est. tempo de leitura":"1 minuto"},"schema":{"@context":"https:\/\/schema.org","@graph":[{"@type":"Article","@id":"https:\/\/redenoticiaz.com.br\/litoralsp\/2022\/02\/26\/bolsonaro-vem-ao-litoral-para-curtir-o-carnaval#article","isPartOf":{"@id":"https:\/\/redenoticiaz.com.br\/litoralsp\/2022\/02\/26\/bolsonaro-vem-ao-litoral-para-curtir-o-carnaval"},"author":{"name":"Leonardo Francisco","@id":"https:\/\/redenoticiaz.com.br\/litoralsp\/#\/schema\/person\/0f0b8a5bdafefe82841e07ae8d81ecb3"},"headline":"Bolsonaro vem ao Litoral para curtir o Carnaval","datePublished":"2022-02-26T16:27:56+00:00","dateModified":"2022-02-26T16:28:28+00:00","mainEntityOfPage":{"@id":"https:\/\/redenoticiaz.com.br\/litoralsp\/2022\/02\/26\/bolsonaro-vem-ao-litoral-para-curtir-o-carnaval"},"wordCount":224,"commentCount":0,"publisher":{"@id":"https:\/\/redenoticiaz.com.br\/litoralsp\/#organization"},"image":{"@id":"https:\/\/redenoticiaz.com.br\/litoralsp\/2022\/02\/26\/bolsonaro-vem-ao-litoral-para-curtir-o-carnaval#primaryimage"},"thumbnailUrl":"https:\/\/redenoticiaz.com.br\/litoralsp\/wp-content\/uploads\/sites\/3\/2022\/02\/presidente-e1645892836440.jpg","keywords":["CARNAVAL","FORTE DOS ANDRADAS","GAURUJ\u00c1","PRESIDENTE JAIR BOLSONARO"],"articleSection":["Guaruj\u00e1","Pol\u00edtica"],"inLanguage":"pt-BR","potentialAction":[{"@type":"CommentAction","name":"Comment","target":["https:\/\/redenoticiaz.com.br\/litoralsp\/2022\/02\/26\/bolsonaro-vem-ao-litoral-para-curtir-o-carnaval#respond"]}]},{"@type":"WebPage","@id":"https:\/\/redenoticiaz.com.br\/litoralsp\/2022\/02\/26\/bolsonaro-vem-ao-litoral-para-curtir-o-carnaval","url":"https:\/\/redenoticiaz.com.br\/litoralsp\/2022\/02\/26\/bolsonaro-vem-ao-litoral-para-curtir-o-carnaval","name":"Bolsonaro vem ao Litoral para curtir o Carnaval - Litoral SP","isPartOf":{"@id":"https:\/\/redenoticiaz.com.br\/litoralsp\/#website"},"primaryImageOfPage":{"@id":"https:\/\/redenoticiaz.com.br\/litoralsp\/2022\/02\/26\/bolsonaro-vem-ao-litoral-para-curtir-o-carnaval#primaryimage"},"image":{"@id":"https:\/\/redenoticiaz.com.br\/litoralsp\/2022\/02\/26\/bolsonaro-vem-ao-litoral-para-curtir-o-carnaval#primaryimage"},"thumbnailUrl":"https:\/\/redenoticiaz.com.br\/litoralsp\/wp-content\/uploads\/sites\/3\/2022\/02\/presidente-e1645892836440.jpg","datePublished":"2022-02-26T16:27:56+00:00","dateModified":"2022-02-26T16:28:28+00:00","description":"Mais uma vez o Guaruj\u00e1 foi escolhido para recepcionar o presidente Jair Bolsonaro (PL). Ele chegou \u00e0 cidade no final da manh\u00e3","inLanguage":"pt-BR","potentialAction":[{"@type":"ReadAction","target":["https:\/\/redenoticiaz.com.br\/litoralsp\/2022\/02\/26\/bolsonaro-vem-ao-litoral-para-curtir-o-carnaval"]}]},{"@type":"ImageObject","inLanguage":"pt-BR","@id":"https:\/\/redenoticiaz.com.br\/litoralsp\/2022\/02\/26\/bolsonaro-vem-ao-litoral-para-curtir-o-carnaval#primaryimage","url":"https:\/\/redenoticiaz.com.br\/litoralsp\/wp-content\/uploads\/sites\/3\/2022\/02\/presidente-e1645892836440.jpg","contentUrl":"https:\/\/redenoticiaz.com.br\/litoralsp\/wp-content\/uploads\/sites\/3\/2022\/02\/presidente-e1645892836440.jpg","width":984,"height":437,"caption":"Cr\u00e9ditos: Reprodu\u00e7\u00e3o\/Instagram"},{"@type":"WebSite","@id":"https:\/\/redenoticiaz.com.br\/litoralsp\/#website","url":"https:\/\/redenoticiaz.com.br\/litoralsp\/","name":"Litoral SP","description":"Rede NoticiaZ","publisher":{"@id":"https:\/\/redenoticiaz.com.br\/litoralsp\/#organization"},"potentialAction":[{"@type":"SearchAction","target":{"@type":"EntryPoint","urlTemplate":"https:\/\/redenoticiaz.com.br\/litoralsp\/?s={search_term_string}"},"query-input":{"@type":"PropertyValueSpecification","valueRequired":true,"valueName":"search_term_string"}}],"inLanguage":"pt-BR"},{"@type":"Organization","@id":"https:\/\/redenoticiaz.com.br\/litoralsp\/#organization","name":"Litoral SP","url":"https:\/\/redenoticiaz.com.br\/litoralsp\/","logo":{"@type":"ImageObject","inLanguage":"pt-BR","@id":"https:\/\/redenoticiaz.com.br\/litoralsp\/#\/schema\/logo\/image\/","url":"https:\/\/redenoticiaz.com.br\/litoralsp\/wp-content\/uploads\/sites\/3\/2020\/11\/logo.jpg","contentUrl":"https:\/\/redenoticiaz.com.br\/litoralsp\/wp-content\/uploads\/sites\/3\/2020\/11\/logo.jpg","width":400,"height":250,"caption":"Litoral SP"},"image":{"@id":"https:\/\/redenoticiaz.com.br\/litoralsp\/#\/schema\/logo\/image\/"}},{"@type":"Person","@id":"https:\/\/redenoticiaz.com.br\/litoralsp\/#\/schema\/person\/0f0b8a5bdafefe82841e07ae8d81ecb3","name":"Leonardo Francisco","image":{"@type":"ImageObject","inLanguage":"pt-BR","@id":"https:\/\/secure.gravatar.com\/avatar\/a7358cb406a99b682ec6df1e77e31ae82e63601f6784e8a3df411d72b37864da?s=96&d=mm&r=g","url":"https:\/\/secure.gravatar.com\/avatar\/a7358cb406a99b682ec6df1e77e31ae82e63601f6784e8a3df411d72b37864da?s=96&d=mm&r=g","contentUrl":"https:\/\/secure.gravatar.com\/avatar\/a7358cb406a99b682ec6df1e77e31ae82e63601f6784e8a3df411d72b37864da?s=96&d=mm&r=g","caption":"Leonardo Francisco"},"url":"https:\/\/redenoticiaz.com.br\/litoralsp\/author\/leonardo-francisco"}]}},"_links":{"self":[{"href":"https:\/\/redenoticiaz.com.br\/litoralsp\/wp-json\/wp\/v2\/posts\/24120","targetHints":{"allow":["GET"]}}],"collection":[{"href":"https:\/\/redenoticiaz.com.br\/litoralsp\/wp-json\/wp\/v2\/posts"}],"about":[{"href":"https:\/\/redenoticiaz.com.br\/litoralsp\/wp-json\/wp\/v2\/types\/post"}],"author":[{"embeddable":true,"href":"https:\/\/redenoticiaz.com.br\/litoralsp\/wp-json\/wp\/v2\/users\/6"}],"replies":[{"embeddable":true,"href":"https:\/\/redenoticiaz.com.br\/litoralsp\/wp-json\/wp\/v2\/comments?post=24120"}],"version-history":[{"count":1,"href":"https:\/\/redenoticiaz.com.br\/litoralsp\/wp-json\/wp\/v2\/posts\/24120\/revisions"}],"predecessor-version":[{"id":24122,"href":"https:\/\/redenoticiaz.com.br\/litoralsp\/wp-json\/wp\/v2\/posts\/24120\/revisions\/24122"}],"wp:featuredmedia":[{"embeddable":true,"href":"https:\/\/redenoticiaz.com.br\/litoralsp\/wp-json\/wp\/v2\/media\/24121"}],"wp:attachment":[{"href":"https:\/\/redenoticiaz.com.br\/litoralsp\/wp-json\/wp\/v2\/media?parent=24120"}],"wp:term":[{"taxonomy":"category","embeddable":true,"href":"https:\/\/redenoticiaz.com.br\/litoralsp\/wp-json\/wp\/v2\/categories?post=24120"},{"taxonomy":"post_tag","embeddable":true,"href":"https:\/\/redenoticiaz.com.br\/litoralsp\/wp-json\/wp\/v2\/tags?post=24120"}],"curies":[{"name":"wp","href":"https:\/\/api.w.org\/{rel}","templated":true}]}}