{"id":24234,"date":"2022-02-28T17:36:55","date_gmt":"2022-02-28T20:36:55","guid":{"rendered":"https:\/\/redenoticiaz.com.br\/litoralsp\/2022\/02\/28\/golaco-de-calleri-impede-vexame-e-garante-vitoria-do-sao-paulo-contra-o-agua-santa"},"modified":"2022-02-28T17:37:23","modified_gmt":"2022-02-28T20:37:23","slug":"golaco-de-calleri-impede-vexame-e-garante-vitoria-do-sao-paulo-contra-o-agua-santa","status":"publish","type":"post","link":"https:\/\/redenoticiaz.com.br\/litoralsp\/2022\/02\/28\/golaco-de-calleri-impede-vexame-e-garante-vitoria-do-sao-paulo-contra-o-agua-santa","title":{"rendered":"Gola\u00e7o de Calleri impede vexame e garante vit\u00f3ria do S\u00e3o Paulo contra o \u00c1gua Santa"},"content":{"rendered":"<p>Que o torcedor do <strong>S\u00e3o Paulo<\/strong> tem uma enorme admira\u00e7\u00e3o pelo atacante argentino <strong>Calleri<\/strong>, n\u00e3o \u00e9 novidade. E nesta segunda-feira (28), o jogador foi o her\u00f3i da partida contra o \u00c1gua Santa, pelo <a href=\"https:\/\/futebolpaulista.com.br\/Home\/\">Campeonato Paulista<\/a>, em Diadema, ao dar a vitoria s\u00e3o paulina.<\/p>\n<p>O S\u00e3o Paulo at\u00e9 come\u00e7ou a partida tendo mais posse de bola do que o advers\u00e1rio, mas demorou para criar chances de gols. Igor Gomes, Reinaldo e Arboleda tentaram, mas a rede balan\u00e7ou apenas aos 38 minutos, quando Juan foi puxado por Alex Silva e o p\u00eanalti foi marcado. Reinaldo bateu bem e abriu o placar para o Tricolor.<\/p>\n<p>No entanto a equipe de Rog\u00e9rio Ceni teve seis minutos para comemorar porque o \u00c1gua Santa empatou. O Netuno chegou a igualdade gra\u00e7as ao mesmo Alex Silva, respons\u00e1vel pelo p\u00eanalti, chutar forte no canto de Jandrei.<\/p>\n<h3>Segundo tempo<\/h3>\n<p>Veio a etapa final e o \u00c1gua Santa veio para o ataque. E em menos de dez minutos teve duas chances perigosas em chutes de fora da \u00e1rea. Primeiro com \u00c1lvaro e depois com Lel\u00ea. Na tentativa de ir mais para o ataque, Rog\u00e9rio Ceni lan\u00e7ou algumas altera\u00e7\u00f5es e colocou em campo Marquinhos, Luciano, Calleri e Gabriel Sara. Aos 21 minutos, a situa\u00e7\u00e3o ficou mais favor\u00e1vel ao Tricolor. Fernandinho levou cart\u00e3o vermelho por uma cotovelada em Marquinhos.<\/p>\n<p>Com um a mais, o Tricolor n\u00e3o conseguiu fazer valer a superioridade num\u00e9rica e criou pouco, quase nada. Mas aos 44 minutos brilhou a estrela de Calleri. O argentino acertou uma bela bicicleta e assegurou a vit\u00f3ria do Tricolor em Diadema. No fim, H\u00e9lder tamb\u00e9m foi expulso.<\/p>\n<p>Agora o S\u00e3o Paulo chegou a 14 pontos no Grupo B e tomou a lideran\u00e7a do S\u00e3o Bernardo. As duas equipes tem a mesma pontua\u00e7\u00e3o, mas o Tricolor leva a melhor no saldo de gols. O \u00c1gua Santa, por sua vez, est\u00e1 na lanterna do Grupo A, com sete pontos.<a title=\"Como fica?\" href=\"https:\/\/ge.globo.com\/sp\/futebol\/campeonato-paulista\/\" target=\"_blank\" rel=\"noopener noreferrer\" data-valid=\"true\">\u00a0<\/a><\/p>\n<p>\u00c1gua Santa e S\u00e3o Paulo voltam a campo pelo Campeonato Paulista no pr\u00f3ximo s\u00e1bado. O Tricolor recebe o rival Corinthians, \u00e0s 16h, no Morumbi. E o Netuno, \u00e0s 20h30, visita a Ponte Preta, no est\u00e1dio Mois\u00e9s Lucarelli, em Campinas.<\/p>\n<p><strong>LEIA TAMB\u00c9M<\/strong><\/p>\n<p><a href=\"https:\/\/redenoticiaz.com.br\/blog\/2022\/02\/28\/a-russia-nao-vai-mais-disputar-a-copa-do-mundo\">A R\u00fassia n\u00e3o vai mais disputar a Copa do Mundo<\/a><\/p>\n","protected":false},"excerpt":{"rendered":"<p>Que o torcedor do S\u00e3o Paulo tem uma enorme admira\u00e7\u00e3o pelo atacante argentino Calleri, n\u00e3o \u00e9 novidade. E nesta segunda-feira (28), o jogador foi o her\u00f3i da partida contra o \u00c1gua Santa, pelo Campeonato Paulista, em Diadema, ao dar a vitoria s\u00e3o paulina. O S\u00e3o Paulo at\u00e9 come\u00e7ou a partida tendo mais posse de bola &hellip;<\/p>\n","protected":false},"author":6,"featured_media":24235,"comment_status":"open","ping_status":"closed","sticky":false,"template":"","format":"standard","meta":{"footnotes":""},"categories":[35],"tags":[40944,51300,38305,3712,46435,10557],"class_list":["post-24234","post","type-post","status-publish","format-standard","has-post-thumbnail","hentry","category-esporte","tag-agua-santa","tag-arena-inamar","tag-calleri","tag-campeonato-paulista","tag-diadema","tag-sao-paulo-fc"],"yoast_head":"<!-- This site is optimized with the Yoast SEO plugin v27.4 - https:\/\/yoast.com\/product\/yoast-seo-wordpress\/ -->\n<title>Gola\u00e7o de Calleri impede vexame e garante vit\u00f3ria do S\u00e3o Paulo contra o \u00c1gua Santa - Litoral SP<\/title>\n<meta name=\"description\" content=\"Que o torcedor do S\u00e3o Paulo tem uma enorme admira\u00e7\u00e3o pelo atacante argentino Calleri, n\u00e3o \u00e9 novidade. E nesta segunda-feira\" \/>\n<meta name=\"robots\" content=\"index, follow, max-snippet:-1, max-image-preview:large, max-video-preview:-1\" \/>\n<link rel=\"canonical\" href=\"https:\/\/redenoticiaz.com.br\/litoralsp\/2022\/02\/28\/golaco-de-calleri-impede-vexame-e-garante-vitoria-do-sao-paulo-contra-o-agua-santa\" \/>\n<meta property=\"og:locale\" content=\"pt_BR\" \/>\n<meta property=\"og:type\" content=\"article\" \/>\n<meta property=\"og:title\" content=\"Gola\u00e7o de Calleri impede vexame e garante vit\u00f3ria do S\u00e3o Paulo contra o \u00c1gua Santa - Litoral SP\" \/>\n<meta property=\"og:description\" content=\"Que o torcedor do S\u00e3o Paulo tem uma enorme admira\u00e7\u00e3o pelo atacante argentino Calleri, n\u00e3o \u00e9 novidade. E nesta segunda-feira\" \/>\n<meta property=\"og:url\" content=\"https:\/\/redenoticiaz.com.br\/litoralsp\/2022\/02\/28\/golaco-de-calleri-impede-vexame-e-garante-vitoria-do-sao-paulo-contra-o-agua-santa\" \/>\n<meta property=\"og:site_name\" content=\"Litoral SP\" \/>\n<meta property=\"article:published_time\" content=\"2022-02-28T20:36:55+00:00\" \/>\n<meta property=\"article:modified_time\" content=\"2022-02-28T20:37:23+00:00\" \/>\n<meta name=\"author\" content=\"Leonardo Francisco\" \/>\n<meta name=\"twitter:card\" content=\"summary_large_image\" \/>\n<meta name=\"twitter:image\" content=\"https:\/\/redenoticiaz.com.br\/litoralsp\/wp-content\/uploads\/sites\/3\/2022\/02\/whatsapp-image-2022-02-28-at-15-48-27.jpeg?v=1646080557\" \/>\n<meta name=\"twitter:label1\" content=\"Escrito por\" \/>\n\t<meta name=\"twitter:data1\" content=\"Leonardo Francisco\" \/>\n\t<meta name=\"twitter:label2\" content=\"Est. tempo de leitura\" \/>\n\t<meta name=\"twitter:data2\" content=\"2 minutos\" \/>\n<script type=\"application\/ld+json\" class=\"yoast-schema-graph\">{\"@context\":\"https:\\\/\\\/schema.org\",\"@graph\":[{\"@type\":\"Article\",\"@id\":\"https:\\\/\\\/redenoticiaz.com.br\\\/litoralsp\\\/2022\\\/02\\\/28\\\/golaco-de-calleri-impede-vexame-e-garante-vitoria-do-sao-paulo-contra-o-agua-santa#article\",\"isPartOf\":{\"@id\":\"https:\\\/\\\/redenoticiaz.com.br\\\/litoralsp\\\/2022\\\/02\\\/28\\\/golaco-de-calleri-impede-vexame-e-garante-vitoria-do-sao-paulo-contra-o-agua-santa\"},\"author\":{\"name\":\"Leonardo Francisco\",\"@id\":\"https:\\\/\\\/redenoticiaz.com.br\\\/litoralsp\\\/#\\\/schema\\\/person\\\/0f0b8a5bdafefe82841e07ae8d81ecb3\"},\"headline\":\"Gola\u00e7o de Calleri impede vexame e garante vit\u00f3ria do S\u00e3o Paulo contra o \u00c1gua Santa\",\"datePublished\":\"2022-02-28T20:36:55+00:00\",\"dateModified\":\"2022-02-28T20:37:23+00:00\",\"mainEntityOfPage\":{\"@id\":\"https:\\\/\\\/redenoticiaz.com.br\\\/litoralsp\\\/2022\\\/02\\\/28\\\/golaco-de-calleri-impede-vexame-e-garante-vitoria-do-sao-paulo-contra-o-agua-santa\"},\"wordCount\":414,\"commentCount\":0,\"publisher\":{\"@id\":\"https:\\\/\\\/redenoticiaz.com.br\\\/litoralsp\\\/#organization\"},\"image\":{\"@id\":\"https:\\\/\\\/redenoticiaz.com.br\\\/litoralsp\\\/2022\\\/02\\\/28\\\/golaco-de-calleri-impede-vexame-e-garante-vitoria-do-sao-paulo-contra-o-agua-santa#primaryimage\"},\"thumbnailUrl\":\"https:\\\/\\\/redenoticiaz.com.br\\\/litoralsp\\\/wp-content\\\/uploads\\\/sites\\\/3\\\/2022\\\/02\\\/whatsapp-image-2022-02-28-at-15-48-27.jpeg?v=1646080557\",\"keywords\":[\"\u00c1GUA SANTA\",\"ARENA INAMAR\",\"CALLERI\",\"CAMPEONATO PAULISTA\",\"DIADEMA\",\"S\u00c3O PAULO FC\"],\"articleSection\":[\"Esporte\"],\"inLanguage\":\"pt-BR\",\"potentialAction\":[{\"@type\":\"CommentAction\",\"name\":\"Comment\",\"target\":[\"https:\\\/\\\/redenoticiaz.com.br\\\/litoralsp\\\/2022\\\/02\\\/28\\\/golaco-de-calleri-impede-vexame-e-garante-vitoria-do-sao-paulo-contra-o-agua-santa#respond\"]}]},{\"@type\":\"WebPage\",\"@id\":\"https:\\\/\\\/redenoticiaz.com.br\\\/litoralsp\\\/2022\\\/02\\\/28\\\/golaco-de-calleri-impede-vexame-e-garante-vitoria-do-sao-paulo-contra-o-agua-santa\",\"url\":\"https:\\\/\\\/redenoticiaz.com.br\\\/litoralsp\\\/2022\\\/02\\\/28\\\/golaco-de-calleri-impede-vexame-e-garante-vitoria-do-sao-paulo-contra-o-agua-santa\",\"name\":\"Gola\u00e7o de Calleri impede vexame e garante vit\u00f3ria do S\u00e3o Paulo contra o \u00c1gua Santa - Litoral SP\",\"isPartOf\":{\"@id\":\"https:\\\/\\\/redenoticiaz.com.br\\\/litoralsp\\\/#website\"},\"primaryImageOfPage\":{\"@id\":\"https:\\\/\\\/redenoticiaz.com.br\\\/litoralsp\\\/2022\\\/02\\\/28\\\/golaco-de-calleri-impede-vexame-e-garante-vitoria-do-sao-paulo-contra-o-agua-santa#primaryimage\"},\"image\":{\"@id\":\"https:\\\/\\\/redenoticiaz.com.br\\\/litoralsp\\\/2022\\\/02\\\/28\\\/golaco-de-calleri-impede-vexame-e-garante-vitoria-do-sao-paulo-contra-o-agua-santa#primaryimage\"},\"thumbnailUrl\":\"https:\\\/\\\/redenoticiaz.com.br\\\/litoralsp\\\/wp-content\\\/uploads\\\/sites\\\/3\\\/2022\\\/02\\\/whatsapp-image-2022-02-28-at-15-48-27.jpeg?v=1646080557\",\"datePublished\":\"2022-02-28T20:36:55+00:00\",\"dateModified\":\"2022-02-28T20:37:23+00:00\",\"description\":\"Que o torcedor do S\u00e3o Paulo tem uma enorme admira\u00e7\u00e3o pelo atacante argentino Calleri, n\u00e3o \u00e9 novidade. E nesta segunda-feira\",\"inLanguage\":\"pt-BR\",\"potentialAction\":[{\"@type\":\"ReadAction\",\"target\":[\"https:\\\/\\\/redenoticiaz.com.br\\\/litoralsp\\\/2022\\\/02\\\/28\\\/golaco-de-calleri-impede-vexame-e-garante-vitoria-do-sao-paulo-contra-o-agua-santa\"]}]},{\"@type\":\"ImageObject\",\"inLanguage\":\"pt-BR\",\"@id\":\"https:\\\/\\\/redenoticiaz.com.br\\\/litoralsp\\\/2022\\\/02\\\/28\\\/golaco-de-calleri-impede-vexame-e-garante-vitoria-do-sao-paulo-contra-o-agua-santa#primaryimage\",\"url\":\"https:\\\/\\\/redenoticiaz.com.br\\\/litoralsp\\\/wp-content\\\/uploads\\\/sites\\\/3\\\/2022\\\/02\\\/whatsapp-image-2022-02-28-at-15-48-27.jpeg?v=1646080557\",\"contentUrl\":\"https:\\\/\\\/redenoticiaz.com.br\\\/litoralsp\\\/wp-content\\\/uploads\\\/sites\\\/3\\\/2022\\\/02\\\/whatsapp-image-2022-02-28-at-15-48-27.jpeg?v=1646080557\",\"width\":640,\"height\":360,\"caption\":\"Cr\u00e9ditos: Reprodu\u00e7\u00e3o\\\/GE\"},{\"@type\":\"WebSite\",\"@id\":\"https:\\\/\\\/redenoticiaz.com.br\\\/litoralsp\\\/#website\",\"url\":\"https:\\\/\\\/redenoticiaz.com.br\\\/litoralsp\\\/\",\"name\":\"Litoral SP\",\"description\":\"Rede NoticiaZ\",\"publisher\":{\"@id\":\"https:\\\/\\\/redenoticiaz.com.br\\\/litoralsp\\\/#organization\"},\"potentialAction\":[{\"@type\":\"SearchAction\",\"target\":{\"@type\":\"EntryPoint\",\"urlTemplate\":\"https:\\\/\\\/redenoticiaz.com.br\\\/litoralsp\\\/?s={search_term_string}\"},\"query-input\":{\"@type\":\"PropertyValueSpecification\",\"valueRequired\":true,\"valueName\":\"search_term_string\"}}],\"inLanguage\":\"pt-BR\"},{\"@type\":\"Organization\",\"@id\":\"https:\\\/\\\/redenoticiaz.com.br\\\/litoralsp\\\/#organization\",\"name\":\"Litoral SP\",\"url\":\"https:\\\/\\\/redenoticiaz.com.br\\\/litoralsp\\\/\",\"logo\":{\"@type\":\"ImageObject\",\"inLanguage\":\"pt-BR\",\"@id\":\"https:\\\/\\\/redenoticiaz.com.br\\\/litoralsp\\\/#\\\/schema\\\/logo\\\/image\\\/\",\"url\":\"https:\\\/\\\/redenoticiaz.com.br\\\/litoralsp\\\/wp-content\\\/uploads\\\/sites\\\/3\\\/2020\\\/11\\\/logo.jpg\",\"contentUrl\":\"https:\\\/\\\/redenoticiaz.com.br\\\/litoralsp\\\/wp-content\\\/uploads\\\/sites\\\/3\\\/2020\\\/11\\\/logo.jpg\",\"width\":400,\"height\":250,\"caption\":\"Litoral SP\"},\"image\":{\"@id\":\"https:\\\/\\\/redenoticiaz.com.br\\\/litoralsp\\\/#\\\/schema\\\/logo\\\/image\\\/\"}},{\"@type\":\"Person\",\"@id\":\"https:\\\/\\\/redenoticiaz.com.br\\\/litoralsp\\\/#\\\/schema\\\/person\\\/0f0b8a5bdafefe82841e07ae8d81ecb3\",\"name\":\"Leonardo Francisco\",\"image\":{\"@type\":\"ImageObject\",\"inLanguage\":\"pt-BR\",\"@id\":\"https:\\\/\\\/secure.gravatar.com\\\/avatar\\\/a7358cb406a99b682ec6df1e77e31ae82e63601f6784e8a3df411d72b37864da?s=96&d=mm&r=g\",\"url\":\"https:\\\/\\\/secure.gravatar.com\\\/avatar\\\/a7358cb406a99b682ec6df1e77e31ae82e63601f6784e8a3df411d72b37864da?s=96&d=mm&r=g\",\"contentUrl\":\"https:\\\/\\\/secure.gravatar.com\\\/avatar\\\/a7358cb406a99b682ec6df1e77e31ae82e63601f6784e8a3df411d72b37864da?s=96&d=mm&r=g\",\"caption\":\"Leonardo Francisco\"},\"url\":\"https:\\\/\\\/redenoticiaz.com.br\\\/litoralsp\\\/author\\\/leonardo-francisco\"}]}<\/script>\n<!-- \/ Yoast SEO plugin. -->","yoast_head_json":{"title":"Gola\u00e7o de Calleri impede vexame e garante vit\u00f3ria do S\u00e3o Paulo contra o \u00c1gua Santa - Litoral SP","description":"Que o torcedor do S\u00e3o Paulo tem uma enorme admira\u00e7\u00e3o pelo atacante argentino Calleri, n\u00e3o \u00e9 novidade. E nesta segunda-feira","robots":{"index":"index","follow":"follow","max-snippet":"max-snippet:-1","max-image-preview":"max-image-preview:large","max-video-preview":"max-video-preview:-1"},"canonical":"https:\/\/redenoticiaz.com.br\/litoralsp\/2022\/02\/28\/golaco-de-calleri-impede-vexame-e-garante-vitoria-do-sao-paulo-contra-o-agua-santa","og_locale":"pt_BR","og_type":"article","og_title":"Gola\u00e7o de Calleri impede vexame e garante vit\u00f3ria do S\u00e3o Paulo contra o \u00c1gua Santa - Litoral SP","og_description":"Que o torcedor do S\u00e3o Paulo tem uma enorme admira\u00e7\u00e3o pelo atacante argentino Calleri, n\u00e3o \u00e9 novidade. E nesta segunda-feira","og_url":"https:\/\/redenoticiaz.com.br\/litoralsp\/2022\/02\/28\/golaco-de-calleri-impede-vexame-e-garante-vitoria-do-sao-paulo-contra-o-agua-santa","og_site_name":"Litoral SP","article_published_time":"2022-02-28T20:36:55+00:00","article_modified_time":"2022-02-28T20:37:23+00:00","author":"Leonardo Francisco","twitter_card":"summary_large_image","twitter_image":"https:\/\/redenoticiaz.com.br\/litoralsp\/wp-content\/uploads\/sites\/3\/2022\/02\/whatsapp-image-2022-02-28-at-15-48-27.jpeg?v=1646080557","twitter_misc":{"Escrito por":"Leonardo Francisco","Est. tempo de leitura":"2 minutos"},"schema":{"@context":"https:\/\/schema.org","@graph":[{"@type":"Article","@id":"https:\/\/redenoticiaz.com.br\/litoralsp\/2022\/02\/28\/golaco-de-calleri-impede-vexame-e-garante-vitoria-do-sao-paulo-contra-o-agua-santa#article","isPartOf":{"@id":"https:\/\/redenoticiaz.com.br\/litoralsp\/2022\/02\/28\/golaco-de-calleri-impede-vexame-e-garante-vitoria-do-sao-paulo-contra-o-agua-santa"},"author":{"name":"Leonardo Francisco","@id":"https:\/\/redenoticiaz.com.br\/litoralsp\/#\/schema\/person\/0f0b8a5bdafefe82841e07ae8d81ecb3"},"headline":"Gola\u00e7o de Calleri impede vexame e garante vit\u00f3ria do S\u00e3o Paulo contra o \u00c1gua Santa","datePublished":"2022-02-28T20:36:55+00:00","dateModified":"2022-02-28T20:37:23+00:00","mainEntityOfPage":{"@id":"https:\/\/redenoticiaz.com.br\/litoralsp\/2022\/02\/28\/golaco-de-calleri-impede-vexame-e-garante-vitoria-do-sao-paulo-contra-o-agua-santa"},"wordCount":414,"commentCount":0,"publisher":{"@id":"https:\/\/redenoticiaz.com.br\/litoralsp\/#organization"},"image":{"@id":"https:\/\/redenoticiaz.com.br\/litoralsp\/2022\/02\/28\/golaco-de-calleri-impede-vexame-e-garante-vitoria-do-sao-paulo-contra-o-agua-santa#primaryimage"},"thumbnailUrl":"https:\/\/redenoticiaz.com.br\/litoralsp\/wp-content\/uploads\/sites\/3\/2022\/02\/whatsapp-image-2022-02-28-at-15-48-27.jpeg?v=1646080557","keywords":["\u00c1GUA SANTA","ARENA INAMAR","CALLERI","CAMPEONATO PAULISTA","DIADEMA","S\u00c3O PAULO FC"],"articleSection":["Esporte"],"inLanguage":"pt-BR","potentialAction":[{"@type":"CommentAction","name":"Comment","target":["https:\/\/redenoticiaz.com.br\/litoralsp\/2022\/02\/28\/golaco-de-calleri-impede-vexame-e-garante-vitoria-do-sao-paulo-contra-o-agua-santa#respond"]}]},{"@type":"WebPage","@id":"https:\/\/redenoticiaz.com.br\/litoralsp\/2022\/02\/28\/golaco-de-calleri-impede-vexame-e-garante-vitoria-do-sao-paulo-contra-o-agua-santa","url":"https:\/\/redenoticiaz.com.br\/litoralsp\/2022\/02\/28\/golaco-de-calleri-impede-vexame-e-garante-vitoria-do-sao-paulo-contra-o-agua-santa","name":"Gola\u00e7o de Calleri impede vexame e garante vit\u00f3ria do S\u00e3o Paulo contra o \u00c1gua Santa - Litoral SP","isPartOf":{"@id":"https:\/\/redenoticiaz.com.br\/litoralsp\/#website"},"primaryImageOfPage":{"@id":"https:\/\/redenoticiaz.com.br\/litoralsp\/2022\/02\/28\/golaco-de-calleri-impede-vexame-e-garante-vitoria-do-sao-paulo-contra-o-agua-santa#primaryimage"},"image":{"@id":"https:\/\/redenoticiaz.com.br\/litoralsp\/2022\/02\/28\/golaco-de-calleri-impede-vexame-e-garante-vitoria-do-sao-paulo-contra-o-agua-santa#primaryimage"},"thumbnailUrl":"https:\/\/redenoticiaz.com.br\/litoralsp\/wp-content\/uploads\/sites\/3\/2022\/02\/whatsapp-image-2022-02-28-at-15-48-27.jpeg?v=1646080557","datePublished":"2022-02-28T20:36:55+00:00","dateModified":"2022-02-28T20:37:23+00:00","description":"Que o torcedor do S\u00e3o Paulo tem uma enorme admira\u00e7\u00e3o pelo atacante argentino Calleri, n\u00e3o \u00e9 novidade. E nesta segunda-feira","inLanguage":"pt-BR","potentialAction":[{"@type":"ReadAction","target":["https:\/\/redenoticiaz.com.br\/litoralsp\/2022\/02\/28\/golaco-de-calleri-impede-vexame-e-garante-vitoria-do-sao-paulo-contra-o-agua-santa"]}]},{"@type":"ImageObject","inLanguage":"pt-BR","@id":"https:\/\/redenoticiaz.com.br\/litoralsp\/2022\/02\/28\/golaco-de-calleri-impede-vexame-e-garante-vitoria-do-sao-paulo-contra-o-agua-santa#primaryimage","url":"https:\/\/redenoticiaz.com.br\/litoralsp\/wp-content\/uploads\/sites\/3\/2022\/02\/whatsapp-image-2022-02-28-at-15-48-27.jpeg?v=1646080557","contentUrl":"https:\/\/redenoticiaz.com.br\/litoralsp\/wp-content\/uploads\/sites\/3\/2022\/02\/whatsapp-image-2022-02-28-at-15-48-27.jpeg?v=1646080557","width":640,"height":360,"caption":"Cr\u00e9ditos: Reprodu\u00e7\u00e3o\/GE"},{"@type":"WebSite","@id":"https:\/\/redenoticiaz.com.br\/litoralsp\/#website","url":"https:\/\/redenoticiaz.com.br\/litoralsp\/","name":"Litoral SP","description":"Rede NoticiaZ","publisher":{"@id":"https:\/\/redenoticiaz.com.br\/litoralsp\/#organization"},"potentialAction":[{"@type":"SearchAction","target":{"@type":"EntryPoint","urlTemplate":"https:\/\/redenoticiaz.com.br\/litoralsp\/?s={search_term_string}"},"query-input":{"@type":"PropertyValueSpecification","valueRequired":true,"valueName":"search_term_string"}}],"inLanguage":"pt-BR"},{"@type":"Organization","@id":"https:\/\/redenoticiaz.com.br\/litoralsp\/#organization","name":"Litoral SP","url":"https:\/\/redenoticiaz.com.br\/litoralsp\/","logo":{"@type":"ImageObject","inLanguage":"pt-BR","@id":"https:\/\/redenoticiaz.com.br\/litoralsp\/#\/schema\/logo\/image\/","url":"https:\/\/redenoticiaz.com.br\/litoralsp\/wp-content\/uploads\/sites\/3\/2020\/11\/logo.jpg","contentUrl":"https:\/\/redenoticiaz.com.br\/litoralsp\/wp-content\/uploads\/sites\/3\/2020\/11\/logo.jpg","width":400,"height":250,"caption":"Litoral SP"},"image":{"@id":"https:\/\/redenoticiaz.com.br\/litoralsp\/#\/schema\/logo\/image\/"}},{"@type":"Person","@id":"https:\/\/redenoticiaz.com.br\/litoralsp\/#\/schema\/person\/0f0b8a5bdafefe82841e07ae8d81ecb3","name":"Leonardo Francisco","image":{"@type":"ImageObject","inLanguage":"pt-BR","@id":"https:\/\/secure.gravatar.com\/avatar\/a7358cb406a99b682ec6df1e77e31ae82e63601f6784e8a3df411d72b37864da?s=96&d=mm&r=g","url":"https:\/\/secure.gravatar.com\/avatar\/a7358cb406a99b682ec6df1e77e31ae82e63601f6784e8a3df411d72b37864da?s=96&d=mm&r=g","contentUrl":"https:\/\/secure.gravatar.com\/avatar\/a7358cb406a99b682ec6df1e77e31ae82e63601f6784e8a3df411d72b37864da?s=96&d=mm&r=g","caption":"Leonardo Francisco"},"url":"https:\/\/redenoticiaz.com.br\/litoralsp\/author\/leonardo-francisco"}]}},"_links":{"self":[{"href":"https:\/\/redenoticiaz.com.br\/litoralsp\/wp-json\/wp\/v2\/posts\/24234","targetHints":{"allow":["GET"]}}],"collection":[{"href":"https:\/\/redenoticiaz.com.br\/litoralsp\/wp-json\/wp\/v2\/posts"}],"about":[{"href":"https:\/\/redenoticiaz.com.br\/litoralsp\/wp-json\/wp\/v2\/types\/post"}],"author":[{"embeddable":true,"href":"https:\/\/redenoticiaz.com.br\/litoralsp\/wp-json\/wp\/v2\/users\/6"}],"replies":[{"embeddable":true,"href":"https:\/\/redenoticiaz.com.br\/litoralsp\/wp-json\/wp\/v2\/comments?post=24234"}],"version-history":[{"count":0,"href":"https:\/\/redenoticiaz.com.br\/litoralsp\/wp-json\/wp\/v2\/posts\/24234\/revisions"}],"wp:featuredmedia":[{"embeddable":true,"href":"https:\/\/redenoticiaz.com.br\/litoralsp\/wp-json\/wp\/v2\/media\/24235"}],"wp:attachment":[{"href":"https:\/\/redenoticiaz.com.br\/litoralsp\/wp-json\/wp\/v2\/media?parent=24234"}],"wp:term":[{"taxonomy":"category","embeddable":true,"href":"https:\/\/redenoticiaz.com.br\/litoralsp\/wp-json\/wp\/v2\/categories?post=24234"},{"taxonomy":"post_tag","embeddable":true,"href":"https:\/\/redenoticiaz.com.br\/litoralsp\/wp-json\/wp\/v2\/tags?post=24234"}],"curies":[{"name":"wp","href":"https:\/\/api.w.org\/{rel}","templated":true}]}}