{"id":24304,"date":"2022-03-01T19:38:30","date_gmt":"2022-03-01T22:38:30","guid":{"rendered":"https:\/\/redenoticiaz.com.br\/litoralsp\/2022\/03\/01\/tropa-russa-chega-a-kiev-ataca-torre-de-tv-e-mata-cinco-pessoas"},"modified":"2022-03-01T19:39:09","modified_gmt":"2022-03-01T22:39:09","slug":"tropa-russa-chega-a-kiev-ataca-torre-de-tv-e-mata-cinco-pessoas","status":"publish","type":"post","link":"https:\/\/redenoticiaz.com.br\/litoralsp\/2022\/03\/01\/tropa-russa-chega-a-kiev-ataca-torre-de-tv-e-mata-cinco-pessoas","title":{"rendered":"Tropa russa chega \u00e0 Kiev, ataca torre de TV e mata cinco pessoas"},"content":{"rendered":"<p>A tropa da R\u00fassia enfim chegou em Kiev, capital da <a href=\"https:\/\/pt.wikipedia.org\/wiki\/Ucr%C3%A2nia\">Ucr\u00e2nia<\/a> e uma torre de televis\u00e3o foi atacada nesta ter\u00e7a-feira (1\u00ba). Cinco pessoas morreram no alaque, al\u00e9m da interrup\u00e7\u00e3o de canais de TV. As informa\u00e7\u00f5es foram convirmadas pelo Minist\u00e9rio do Interior ucraniano.<\/p>\n<div class=\"mc-column content-text active-extra-styles\" data-block-type=\"raw\" data-block-weight=\"20\" data-block-id=\"4\">\n<blockquote class=\"content-blockquote theme-border-color-primary-before\"><p>&#8220;Segundo dados preliminares,\u00a0<span class=\"highlight highlighted\">cinco pessoas morreram, e cinco ficaram feridas&#8221;<\/span>\u00a0neste ataque, detalhou o minist\u00e9rio, em sua p\u00e1gina no\u00a0Facebook.<\/p><\/blockquote>\n<p>No sexto dia de invas\u00e3o e ataques na Ucr\u00e2nia, o ataque contra a torre impediu o funcionamento de v\u00e1rios canais e eles devem ficar fora do ar por um tempo. Ainda segundo o govenro ucraniano, os sistemas de emerg\u00eancia far\u00e3o o poss\u00edvel para que algumas emissoras restabele\u00e7am sua transmiss\u00e3o em breve.<\/p>\n<\/div>\n<div data-block-type=\"raw\" data-block-weight=\"20\" data-block-id=\"4\"><\/div>\n<div class=\"bs-video-block row medium-uncollapsed content-media content-video\" data-block-type=\"backstage-video\" data-block-id=\"5\">\n<div class=\"content-media__container column medium-22 large-20 medium-centered\">\n<div class=\"content-video__bigger-player-description-fixer\">\n<article class=\"content-video\">\n<section class=\"content-video__video-container\">\n<div class=\"content-video__video\">\n<div class=\"content-video__placeholder\" data-video-id=\"10347304\" data-video-has-viewport-play=\"True\">\n<div class=\"mc-column content-text active-extra-styles \" data-block-type=\"unstyled\" data-block-weight=\"35\" data-block-id=\"15\">\n<p class=\"content-text__container \" data-track-category=\"Link no Texto\" data-track-links=\"\">A torre de televis\u00e3o fica no mesmo bairro do s\u00edtio de Babi Yar, um lugar onde os nazistas mataram mais de 30.000 judeus em dois dias, em 1941. Este local \u00e9 um importante memorial. Al\u00e9m disso, v\u00e1rias pessoas tamb\u00e9m ficaram feridas e todas precisaram ser hospitalizadas.<\/p>\n<\/div>\n<div class=\"mc-column content-text active-extra-styles \" data-block-type=\"unstyled\" data-block-weight=\"23\" data-block-id=\"16\">\n<p class=\"content-text__container \" data-track-category=\"Link no Texto\" data-track-links=\"\">&#8220;Esses b\u00e1rbaros est\u00e3o massacrando as v\u00edtimas da Shoah (Holocausto) pela segunda vez&#8221;, denunciou no\u00a0Twitter\u00a0o chefe da administra\u00e7\u00e3o presidencial ucraniana, Andri\u00ef Iermak.<\/p>\n<p data-track-category=\"Link no Texto\" data-track-links=\"\"><strong>LEIA TAMB\u00c9M<\/strong><\/p>\n<p data-track-category=\"Link no Texto\" data-track-links=\"\"><a href=\"https:\/\/redenoticiaz.com.br\/blog\/2022\/03\/01\/onu-faz-apelo-para-que-os-paises-ajudem-vitimas-da-guerra-entre-russia-e-ucrania\">ONU faz apelo para que os pa\u00edses ajudem v\u00edtimas da guerra entre R\u00fassia e Ucr\u00e2nia<\/a><\/p>\n<\/div>\n<\/div>\n<\/div>\n<\/section>\n<\/article>\n<\/div>\n<\/div>\n<\/div>\n","protected":false},"excerpt":{"rendered":"<p>A tropa da R\u00fassia enfim chegou em Kiev, capital da Ucr\u00e2nia e uma torre de televis\u00e3o foi atacada nesta ter\u00e7a-feira (1\u00ba). Cinco pessoas morreram no alaque, al\u00e9m da interrup\u00e7\u00e3o de canais de TV. As informa\u00e7\u00f5es foram convirmadas pelo Minist\u00e9rio do Interior ucraniano. &#8220;Segundo dados preliminares,\u00a0cinco pessoas morreram, e cinco ficaram feridas&#8221;\u00a0neste ataque, detalhou o minist\u00e9rio, &hellip;<\/p>\n","protected":false},"author":6,"featured_media":24305,"comment_status":"open","ping_status":"closed","sticky":false,"template":"","format":"standard","meta":{"footnotes":""},"categories":[84],"tags":[51195,79,51334,50962],"class_list":["post-24304","post","type-post","status-publish","format-standard","has-post-thumbnail","hentry","category-mundo","tag-kiev","tag-mortes","tag-torre-de-tv","tag-ucrania"],"yoast_head":"<!-- This site is optimized with the Yoast SEO plugin v27.5 - https:\/\/yoast.com\/product\/yoast-seo-wordpress\/ -->\n<title>Tropa russa chega \u00e0 Kiev, ataca torre de TV e mata cinco pessoas - Litoral SP<\/title>\n<meta name=\"description\" content=\"A tropa da R\u00fassia enfim chegou em Kiev, capital da Ucr\u00e2nia e uma torre de televis\u00e3o foi atacada nesta ter\u00e7a-feira (1\u00ba). Cinco pessoas\" \/>\n<meta name=\"robots\" content=\"index, follow, max-snippet:-1, max-image-preview:large, max-video-preview:-1\" \/>\n<link rel=\"canonical\" href=\"https:\/\/redenoticiaz.com.br\/litoralsp\/2022\/03\/01\/tropa-russa-chega-a-kiev-ataca-torre-de-tv-e-mata-cinco-pessoas\" \/>\n<meta property=\"og:locale\" content=\"pt_BR\" \/>\n<meta property=\"og:type\" content=\"article\" \/>\n<meta property=\"og:title\" content=\"Tropa russa chega \u00e0 Kiev, ataca torre de TV e mata cinco pessoas - Litoral SP\" \/>\n<meta property=\"og:description\" content=\"A tropa da R\u00fassia enfim chegou em Kiev, capital da Ucr\u00e2nia e uma torre de televis\u00e3o foi atacada nesta ter\u00e7a-feira (1\u00ba). Cinco pessoas\" \/>\n<meta property=\"og:url\" content=\"https:\/\/redenoticiaz.com.br\/litoralsp\/2022\/03\/01\/tropa-russa-chega-a-kiev-ataca-torre-de-tv-e-mata-cinco-pessoas\" \/>\n<meta property=\"og:site_name\" content=\"Litoral SP\" \/>\n<meta property=\"article:published_time\" content=\"2022-03-01T22:38:30+00:00\" \/>\n<meta property=\"article:modified_time\" content=\"2022-03-01T22:39:09+00:00\" \/>\n<meta name=\"author\" content=\"Leonardo Francisco\" \/>\n<meta name=\"twitter:card\" content=\"summary_large_image\" \/>\n<meta name=\"twitter:image\" content=\"https:\/\/redenoticiaz.com.br\/litoralsp\/wp-content\/uploads\/sites\/3\/2022\/03\/torre.jpg?v=1646174247\" \/>\n<meta name=\"twitter:label1\" content=\"Escrito por\" \/>\n\t<meta name=\"twitter:data1\" content=\"Leonardo Francisco\" \/>\n\t<meta name=\"twitter:label2\" content=\"Est. tempo de leitura\" \/>\n\t<meta name=\"twitter:data2\" content=\"1 minuto\" \/>\n<script type=\"application\/ld+json\" class=\"yoast-schema-graph\">{\"@context\":\"https:\\\/\\\/schema.org\",\"@graph\":[{\"@type\":\"Article\",\"@id\":\"https:\\\/\\\/redenoticiaz.com.br\\\/litoralsp\\\/2022\\\/03\\\/01\\\/tropa-russa-chega-a-kiev-ataca-torre-de-tv-e-mata-cinco-pessoas#article\",\"isPartOf\":{\"@id\":\"https:\\\/\\\/redenoticiaz.com.br\\\/litoralsp\\\/2022\\\/03\\\/01\\\/tropa-russa-chega-a-kiev-ataca-torre-de-tv-e-mata-cinco-pessoas\"},\"author\":{\"name\":\"Leonardo Francisco\",\"@id\":\"https:\\\/\\\/redenoticiaz.com.br\\\/litoralsp\\\/#\\\/schema\\\/person\\\/0f0b8a5bdafefe82841e07ae8d81ecb3\"},\"headline\":\"Tropa russa chega \u00e0 Kiev, ataca torre de TV e mata cinco pessoas\",\"datePublished\":\"2022-03-01T22:38:30+00:00\",\"dateModified\":\"2022-03-01T22:39:09+00:00\",\"mainEntityOfPage\":{\"@id\":\"https:\\\/\\\/redenoticiaz.com.br\\\/litoralsp\\\/2022\\\/03\\\/01\\\/tropa-russa-chega-a-kiev-ataca-torre-de-tv-e-mata-cinco-pessoas\"},\"wordCount\":239,\"commentCount\":0,\"publisher\":{\"@id\":\"https:\\\/\\\/redenoticiaz.com.br\\\/litoralsp\\\/#organization\"},\"image\":{\"@id\":\"https:\\\/\\\/redenoticiaz.com.br\\\/litoralsp\\\/2022\\\/03\\\/01\\\/tropa-russa-chega-a-kiev-ataca-torre-de-tv-e-mata-cinco-pessoas#primaryimage\"},\"thumbnailUrl\":\"https:\\\/\\\/redenoticiaz.com.br\\\/litoralsp\\\/wp-content\\\/uploads\\\/sites\\\/3\\\/2022\\\/03\\\/torre.jpg?v=1646174247\",\"keywords\":[\"KIEV\",\"MORTES\",\"TORRE DE TV\",\"UCR\u00c2NIA\"],\"articleSection\":[\"Mundo\"],\"inLanguage\":\"pt-BR\",\"potentialAction\":[{\"@type\":\"CommentAction\",\"name\":\"Comment\",\"target\":[\"https:\\\/\\\/redenoticiaz.com.br\\\/litoralsp\\\/2022\\\/03\\\/01\\\/tropa-russa-chega-a-kiev-ataca-torre-de-tv-e-mata-cinco-pessoas#respond\"]}]},{\"@type\":\"WebPage\",\"@id\":\"https:\\\/\\\/redenoticiaz.com.br\\\/litoralsp\\\/2022\\\/03\\\/01\\\/tropa-russa-chega-a-kiev-ataca-torre-de-tv-e-mata-cinco-pessoas\",\"url\":\"https:\\\/\\\/redenoticiaz.com.br\\\/litoralsp\\\/2022\\\/03\\\/01\\\/tropa-russa-chega-a-kiev-ataca-torre-de-tv-e-mata-cinco-pessoas\",\"name\":\"Tropa russa chega \u00e0 Kiev, ataca torre de TV e mata cinco pessoas - Litoral SP\",\"isPartOf\":{\"@id\":\"https:\\\/\\\/redenoticiaz.com.br\\\/litoralsp\\\/#website\"},\"primaryImageOfPage\":{\"@id\":\"https:\\\/\\\/redenoticiaz.com.br\\\/litoralsp\\\/2022\\\/03\\\/01\\\/tropa-russa-chega-a-kiev-ataca-torre-de-tv-e-mata-cinco-pessoas#primaryimage\"},\"image\":{\"@id\":\"https:\\\/\\\/redenoticiaz.com.br\\\/litoralsp\\\/2022\\\/03\\\/01\\\/tropa-russa-chega-a-kiev-ataca-torre-de-tv-e-mata-cinco-pessoas#primaryimage\"},\"thumbnailUrl\":\"https:\\\/\\\/redenoticiaz.com.br\\\/litoralsp\\\/wp-content\\\/uploads\\\/sites\\\/3\\\/2022\\\/03\\\/torre.jpg?v=1646174247\",\"datePublished\":\"2022-03-01T22:38:30+00:00\",\"dateModified\":\"2022-03-01T22:39:09+00:00\",\"description\":\"A tropa da R\u00fassia enfim chegou em Kiev, capital da Ucr\u00e2nia e uma torre de televis\u00e3o foi atacada nesta ter\u00e7a-feira (1\u00ba). Cinco pessoas\",\"inLanguage\":\"pt-BR\",\"potentialAction\":[{\"@type\":\"ReadAction\",\"target\":[\"https:\\\/\\\/redenoticiaz.com.br\\\/litoralsp\\\/2022\\\/03\\\/01\\\/tropa-russa-chega-a-kiev-ataca-torre-de-tv-e-mata-cinco-pessoas\"]}]},{\"@type\":\"ImageObject\",\"inLanguage\":\"pt-BR\",\"@id\":\"https:\\\/\\\/redenoticiaz.com.br\\\/litoralsp\\\/2022\\\/03\\\/01\\\/tropa-russa-chega-a-kiev-ataca-torre-de-tv-e-mata-cinco-pessoas#primaryimage\",\"url\":\"https:\\\/\\\/redenoticiaz.com.br\\\/litoralsp\\\/wp-content\\\/uploads\\\/sites\\\/3\\\/2022\\\/03\\\/torre.jpg?v=1646174247\",\"contentUrl\":\"https:\\\/\\\/redenoticiaz.com.br\\\/litoralsp\\\/wp-content\\\/uploads\\\/sites\\\/3\\\/2022\\\/03\\\/torre.jpg?v=1646174247\",\"width\":1008,\"height\":672,\"caption\":\"Cr\u00e9ditos: Getty Images\"},{\"@type\":\"WebSite\",\"@id\":\"https:\\\/\\\/redenoticiaz.com.br\\\/litoralsp\\\/#website\",\"url\":\"https:\\\/\\\/redenoticiaz.com.br\\\/litoralsp\\\/\",\"name\":\"Litoral SP\",\"description\":\"Rede NoticiaZ\",\"publisher\":{\"@id\":\"https:\\\/\\\/redenoticiaz.com.br\\\/litoralsp\\\/#organization\"},\"potentialAction\":[{\"@type\":\"SearchAction\",\"target\":{\"@type\":\"EntryPoint\",\"urlTemplate\":\"https:\\\/\\\/redenoticiaz.com.br\\\/litoralsp\\\/?s={search_term_string}\"},\"query-input\":{\"@type\":\"PropertyValueSpecification\",\"valueRequired\":true,\"valueName\":\"search_term_string\"}}],\"inLanguage\":\"pt-BR\"},{\"@type\":\"Organization\",\"@id\":\"https:\\\/\\\/redenoticiaz.com.br\\\/litoralsp\\\/#organization\",\"name\":\"Litoral SP\",\"url\":\"https:\\\/\\\/redenoticiaz.com.br\\\/litoralsp\\\/\",\"logo\":{\"@type\":\"ImageObject\",\"inLanguage\":\"pt-BR\",\"@id\":\"https:\\\/\\\/redenoticiaz.com.br\\\/litoralsp\\\/#\\\/schema\\\/logo\\\/image\\\/\",\"url\":\"https:\\\/\\\/redenoticiaz.com.br\\\/litoralsp\\\/wp-content\\\/uploads\\\/sites\\\/3\\\/2020\\\/11\\\/logo.jpg\",\"contentUrl\":\"https:\\\/\\\/redenoticiaz.com.br\\\/litoralsp\\\/wp-content\\\/uploads\\\/sites\\\/3\\\/2020\\\/11\\\/logo.jpg\",\"width\":400,\"height\":250,\"caption\":\"Litoral SP\"},\"image\":{\"@id\":\"https:\\\/\\\/redenoticiaz.com.br\\\/litoralsp\\\/#\\\/schema\\\/logo\\\/image\\\/\"}},{\"@type\":\"Person\",\"@id\":\"https:\\\/\\\/redenoticiaz.com.br\\\/litoralsp\\\/#\\\/schema\\\/person\\\/0f0b8a5bdafefe82841e07ae8d81ecb3\",\"name\":\"Leonardo Francisco\",\"image\":{\"@type\":\"ImageObject\",\"inLanguage\":\"pt-BR\",\"@id\":\"https:\\\/\\\/secure.gravatar.com\\\/avatar\\\/a7358cb406a99b682ec6df1e77e31ae82e63601f6784e8a3df411d72b37864da?s=96&d=mm&r=g\",\"url\":\"https:\\\/\\\/secure.gravatar.com\\\/avatar\\\/a7358cb406a99b682ec6df1e77e31ae82e63601f6784e8a3df411d72b37864da?s=96&d=mm&r=g\",\"contentUrl\":\"https:\\\/\\\/secure.gravatar.com\\\/avatar\\\/a7358cb406a99b682ec6df1e77e31ae82e63601f6784e8a3df411d72b37864da?s=96&d=mm&r=g\",\"caption\":\"Leonardo Francisco\"},\"url\":\"https:\\\/\\\/redenoticiaz.com.br\\\/litoralsp\\\/author\\\/leonardo-francisco\"}]}<\/script>\n<!-- \/ Yoast SEO plugin. -->","yoast_head_json":{"title":"Tropa russa chega \u00e0 Kiev, ataca torre de TV e mata cinco pessoas - Litoral SP","description":"A tropa da R\u00fassia enfim chegou em Kiev, capital da Ucr\u00e2nia e uma torre de televis\u00e3o foi atacada nesta ter\u00e7a-feira (1\u00ba). Cinco pessoas","robots":{"index":"index","follow":"follow","max-snippet":"max-snippet:-1","max-image-preview":"max-image-preview:large","max-video-preview":"max-video-preview:-1"},"canonical":"https:\/\/redenoticiaz.com.br\/litoralsp\/2022\/03\/01\/tropa-russa-chega-a-kiev-ataca-torre-de-tv-e-mata-cinco-pessoas","og_locale":"pt_BR","og_type":"article","og_title":"Tropa russa chega \u00e0 Kiev, ataca torre de TV e mata cinco pessoas - Litoral SP","og_description":"A tropa da R\u00fassia enfim chegou em Kiev, capital da Ucr\u00e2nia e uma torre de televis\u00e3o foi atacada nesta ter\u00e7a-feira (1\u00ba). Cinco pessoas","og_url":"https:\/\/redenoticiaz.com.br\/litoralsp\/2022\/03\/01\/tropa-russa-chega-a-kiev-ataca-torre-de-tv-e-mata-cinco-pessoas","og_site_name":"Litoral SP","article_published_time":"2022-03-01T22:38:30+00:00","article_modified_time":"2022-03-01T22:39:09+00:00","author":"Leonardo Francisco","twitter_card":"summary_large_image","twitter_image":"https:\/\/redenoticiaz.com.br\/litoralsp\/wp-content\/uploads\/sites\/3\/2022\/03\/torre.jpg?v=1646174247","twitter_misc":{"Escrito por":"Leonardo Francisco","Est. tempo de leitura":"1 minuto"},"schema":{"@context":"https:\/\/schema.org","@graph":[{"@type":"Article","@id":"https:\/\/redenoticiaz.com.br\/litoralsp\/2022\/03\/01\/tropa-russa-chega-a-kiev-ataca-torre-de-tv-e-mata-cinco-pessoas#article","isPartOf":{"@id":"https:\/\/redenoticiaz.com.br\/litoralsp\/2022\/03\/01\/tropa-russa-chega-a-kiev-ataca-torre-de-tv-e-mata-cinco-pessoas"},"author":{"name":"Leonardo Francisco","@id":"https:\/\/redenoticiaz.com.br\/litoralsp\/#\/schema\/person\/0f0b8a5bdafefe82841e07ae8d81ecb3"},"headline":"Tropa russa chega \u00e0 Kiev, ataca torre de TV e mata cinco pessoas","datePublished":"2022-03-01T22:38:30+00:00","dateModified":"2022-03-01T22:39:09+00:00","mainEntityOfPage":{"@id":"https:\/\/redenoticiaz.com.br\/litoralsp\/2022\/03\/01\/tropa-russa-chega-a-kiev-ataca-torre-de-tv-e-mata-cinco-pessoas"},"wordCount":239,"commentCount":0,"publisher":{"@id":"https:\/\/redenoticiaz.com.br\/litoralsp\/#organization"},"image":{"@id":"https:\/\/redenoticiaz.com.br\/litoralsp\/2022\/03\/01\/tropa-russa-chega-a-kiev-ataca-torre-de-tv-e-mata-cinco-pessoas#primaryimage"},"thumbnailUrl":"https:\/\/redenoticiaz.com.br\/litoralsp\/wp-content\/uploads\/sites\/3\/2022\/03\/torre.jpg?v=1646174247","keywords":["KIEV","MORTES","TORRE DE TV","UCR\u00c2NIA"],"articleSection":["Mundo"],"inLanguage":"pt-BR","potentialAction":[{"@type":"CommentAction","name":"Comment","target":["https:\/\/redenoticiaz.com.br\/litoralsp\/2022\/03\/01\/tropa-russa-chega-a-kiev-ataca-torre-de-tv-e-mata-cinco-pessoas#respond"]}]},{"@type":"WebPage","@id":"https:\/\/redenoticiaz.com.br\/litoralsp\/2022\/03\/01\/tropa-russa-chega-a-kiev-ataca-torre-de-tv-e-mata-cinco-pessoas","url":"https:\/\/redenoticiaz.com.br\/litoralsp\/2022\/03\/01\/tropa-russa-chega-a-kiev-ataca-torre-de-tv-e-mata-cinco-pessoas","name":"Tropa russa chega \u00e0 Kiev, ataca torre de TV e mata cinco pessoas - Litoral SP","isPartOf":{"@id":"https:\/\/redenoticiaz.com.br\/litoralsp\/#website"},"primaryImageOfPage":{"@id":"https:\/\/redenoticiaz.com.br\/litoralsp\/2022\/03\/01\/tropa-russa-chega-a-kiev-ataca-torre-de-tv-e-mata-cinco-pessoas#primaryimage"},"image":{"@id":"https:\/\/redenoticiaz.com.br\/litoralsp\/2022\/03\/01\/tropa-russa-chega-a-kiev-ataca-torre-de-tv-e-mata-cinco-pessoas#primaryimage"},"thumbnailUrl":"https:\/\/redenoticiaz.com.br\/litoralsp\/wp-content\/uploads\/sites\/3\/2022\/03\/torre.jpg?v=1646174247","datePublished":"2022-03-01T22:38:30+00:00","dateModified":"2022-03-01T22:39:09+00:00","description":"A tropa da R\u00fassia enfim chegou em Kiev, capital da Ucr\u00e2nia e uma torre de televis\u00e3o foi atacada nesta ter\u00e7a-feira (1\u00ba). Cinco pessoas","inLanguage":"pt-BR","potentialAction":[{"@type":"ReadAction","target":["https:\/\/redenoticiaz.com.br\/litoralsp\/2022\/03\/01\/tropa-russa-chega-a-kiev-ataca-torre-de-tv-e-mata-cinco-pessoas"]}]},{"@type":"ImageObject","inLanguage":"pt-BR","@id":"https:\/\/redenoticiaz.com.br\/litoralsp\/2022\/03\/01\/tropa-russa-chega-a-kiev-ataca-torre-de-tv-e-mata-cinco-pessoas#primaryimage","url":"https:\/\/redenoticiaz.com.br\/litoralsp\/wp-content\/uploads\/sites\/3\/2022\/03\/torre.jpg?v=1646174247","contentUrl":"https:\/\/redenoticiaz.com.br\/litoralsp\/wp-content\/uploads\/sites\/3\/2022\/03\/torre.jpg?v=1646174247","width":1008,"height":672,"caption":"Cr\u00e9ditos: Getty Images"},{"@type":"WebSite","@id":"https:\/\/redenoticiaz.com.br\/litoralsp\/#website","url":"https:\/\/redenoticiaz.com.br\/litoralsp\/","name":"Litoral SP","description":"Rede NoticiaZ","publisher":{"@id":"https:\/\/redenoticiaz.com.br\/litoralsp\/#organization"},"potentialAction":[{"@type":"SearchAction","target":{"@type":"EntryPoint","urlTemplate":"https:\/\/redenoticiaz.com.br\/litoralsp\/?s={search_term_string}"},"query-input":{"@type":"PropertyValueSpecification","valueRequired":true,"valueName":"search_term_string"}}],"inLanguage":"pt-BR"},{"@type":"Organization","@id":"https:\/\/redenoticiaz.com.br\/litoralsp\/#organization","name":"Litoral SP","url":"https:\/\/redenoticiaz.com.br\/litoralsp\/","logo":{"@type":"ImageObject","inLanguage":"pt-BR","@id":"https:\/\/redenoticiaz.com.br\/litoralsp\/#\/schema\/logo\/image\/","url":"https:\/\/redenoticiaz.com.br\/litoralsp\/wp-content\/uploads\/sites\/3\/2020\/11\/logo.jpg","contentUrl":"https:\/\/redenoticiaz.com.br\/litoralsp\/wp-content\/uploads\/sites\/3\/2020\/11\/logo.jpg","width":400,"height":250,"caption":"Litoral SP"},"image":{"@id":"https:\/\/redenoticiaz.com.br\/litoralsp\/#\/schema\/logo\/image\/"}},{"@type":"Person","@id":"https:\/\/redenoticiaz.com.br\/litoralsp\/#\/schema\/person\/0f0b8a5bdafefe82841e07ae8d81ecb3","name":"Leonardo Francisco","image":{"@type":"ImageObject","inLanguage":"pt-BR","@id":"https:\/\/secure.gravatar.com\/avatar\/a7358cb406a99b682ec6df1e77e31ae82e63601f6784e8a3df411d72b37864da?s=96&d=mm&r=g","url":"https:\/\/secure.gravatar.com\/avatar\/a7358cb406a99b682ec6df1e77e31ae82e63601f6784e8a3df411d72b37864da?s=96&d=mm&r=g","contentUrl":"https:\/\/secure.gravatar.com\/avatar\/a7358cb406a99b682ec6df1e77e31ae82e63601f6784e8a3df411d72b37864da?s=96&d=mm&r=g","caption":"Leonardo Francisco"},"url":"https:\/\/redenoticiaz.com.br\/litoralsp\/author\/leonardo-francisco"}]}},"_links":{"self":[{"href":"https:\/\/redenoticiaz.com.br\/litoralsp\/wp-json\/wp\/v2\/posts\/24304","targetHints":{"allow":["GET"]}}],"collection":[{"href":"https:\/\/redenoticiaz.com.br\/litoralsp\/wp-json\/wp\/v2\/posts"}],"about":[{"href":"https:\/\/redenoticiaz.com.br\/litoralsp\/wp-json\/wp\/v2\/types\/post"}],"author":[{"embeddable":true,"href":"https:\/\/redenoticiaz.com.br\/litoralsp\/wp-json\/wp\/v2\/users\/6"}],"replies":[{"embeddable":true,"href":"https:\/\/redenoticiaz.com.br\/litoralsp\/wp-json\/wp\/v2\/comments?post=24304"}],"version-history":[{"count":0,"href":"https:\/\/redenoticiaz.com.br\/litoralsp\/wp-json\/wp\/v2\/posts\/24304\/revisions"}],"wp:featuredmedia":[{"embeddable":true,"href":"https:\/\/redenoticiaz.com.br\/litoralsp\/wp-json\/wp\/v2\/media\/24305"}],"wp:attachment":[{"href":"https:\/\/redenoticiaz.com.br\/litoralsp\/wp-json\/wp\/v2\/media?parent=24304"}],"wp:term":[{"taxonomy":"category","embeddable":true,"href":"https:\/\/redenoticiaz.com.br\/litoralsp\/wp-json\/wp\/v2\/categories?post=24304"},{"taxonomy":"post_tag","embeddable":true,"href":"https:\/\/redenoticiaz.com.br\/litoralsp\/wp-json\/wp\/v2\/tags?post=24304"}],"curies":[{"name":"wp","href":"https:\/\/api.w.org\/{rel}","templated":true}]}}