{"id":2444,"date":"2021-01-07T16:51:08","date_gmt":"2021-01-07T19:51:08","guid":{"rendered":"https:\/\/redenoticiaz.com.br\/litoralsp\/?p=2444"},"modified":"2021-01-07T16:52:31","modified_gmt":"2021-01-07T19:52:31","slug":"pacientes-podem-agendar-consultas-dentarias-em-bertioga","status":"publish","type":"post","link":"https:\/\/redenoticiaz.com.br\/litoralsp\/2021\/01\/07\/pacientes-podem-agendar-consultas-dentarias-em-bertioga","title":{"rendered":"Pacientes podem agendar consultas dent\u00e1rias em Bertioga"},"content":{"rendered":"<p>Os pacientes que necessitam de pr\u00f3teses dent\u00e1rias poder\u00e3o agendar as consultas nas unidades b\u00e1sicas de sa\u00fade, (UBSs) de <a href=\"http:\/\/www.bertioga.sp.gov.br\/\">Bertioga<\/a>. O procedimento \u00e9 gratuito, mas antes a pessoa ter\u00e1 de passar por uma triagem antes de agendar o atendimento.<\/p>\n<p>A Prefeitura conta que os moldes podem ser feitos com pr\u00f3tese total ou parcial remov\u00edvel, dispon\u00edveis para a denti\u00e7\u00e3o superior, inferior ou ambos. Para agendar consulta de triagem, \u00e9 necess\u00e1rio apresentar o cart\u00e3o do Sistema \u00danico de Sa\u00fade (SUS) \u00e0 auxiliar de sa\u00fade bucal na UBS dispon\u00edvel.<\/p>\n<div class=\"mc-column content-text active-extra-styles \" data-block-type=\"unstyled\" data-block-weight=\"26\" data-block-id=\"4\">\n<p class=\"content-text__container \" data-track-category=\"Link no Texto\" data-track-links=\"\">Durante o m\u00eas de janeiro, o atendimento pode ser realizado na UBS Indai\u00e1 \u00e0s segundas-feiras ou na unidade de Vicente de Carvalho II \u00e0s quintas-feiras. J\u00e1 durante o m\u00eas de fevereiro, os atendimentos de triagem poder\u00e3o ser feitos \u00e0s segundas na unidade Indai\u00e1; \u00e0s ter\u00e7as na Central; \u00e0s quartas na Mirosam e, \u00e0s quintas, na Vicente de Carvalho II.<\/p>\n<h3 data-track-category=\"Link no Texto\">Veja os endere\u00e7os das unidades de sa\u00fade:<\/h3>\n<ul class=\"content-unordered-list\">\n<li><strong>UBS Indai\u00e1:<\/strong>\u00a0Rua Sa\u0303o Francisco do Sul, s\/n<\/li>\n<li><strong>Central:<\/strong>\u00a0Rua Alberto Augusto de Andrade, s\/n, Maitinga<\/li>\n<li><strong>Mirosam:<\/strong>\u00a0Rua S\u00e3o Gonzalo, s\/n, Bairro Ch\u00e1caras<\/li>\n<li><strong>Vicente Carvalho II:<\/strong>\u00a0Rua Epipha\u0302nio Baptista, 637, Jardim Vicente de Carvalho<\/li>\n<\/ul>\n<p>Leia tamb\u00e9m<\/p>\n<p><a href=\"https:\/\/redenoticiaz.com.br\/litoralsp\/2021\/01\/04\/uti-de-hospital-de-praia-grande-fica-debaixo-dagua\/\">UTI de hospital de Praia Grande fica debaixo d\u2019\u00e1gua<\/a><\/p>\n<\/div>\n","protected":false},"excerpt":{"rendered":"<p>Os pacientes que necessitam de pr\u00f3teses dent\u00e1rias poder\u00e3o agendar as consultas nas unidades b\u00e1sicas de sa\u00fade, (UBSs) de Bertioga. O procedimento \u00e9 gratuito, mas antes a pessoa ter\u00e1 de passar por uma triagem antes de agendar o atendimento. A Prefeitura conta que os moldes podem ser feitos com pr\u00f3tese total ou parcial remov\u00edvel, dispon\u00edveis para &hellip;<\/p>\n","protected":false},"author":6,"featured_media":2445,"comment_status":"open","ping_status":"closed","sticky":false,"template":"","format":"standard","meta":{"footnotes":""},"categories":[1107,23],"tags":[7699,1038,7697,7698,7700,7696],"class_list":["post-2444","post","type-post","status-publish","format-standard","has-post-thumbnail","hentry","category-bertioga","category-saude","tag-atendimento","tag-bertioga","tag-consulta","tag-protese-dentarias","tag-triagem","tag-unidades-basicas-de-saude"],"yoast_head":"<!-- This site is optimized with the Yoast SEO plugin v27.5 - https:\/\/yoast.com\/product\/yoast-seo-wordpress\/ -->\n<title>Pacientes podem agendar consultas dent\u00e1rias em Bertioga - Litoral SP<\/title>\n<meta name=\"description\" content=\"Os pacientes que necessitam de pr\u00f3teses dent\u00e1rias poder\u00e3o agendar as consultas nas unidades b\u00e1sicas de sa\u00fade, (UBSs) de Bertioga.\" \/>\n<meta name=\"robots\" content=\"index, follow, max-snippet:-1, max-image-preview:large, max-video-preview:-1\" \/>\n<link rel=\"canonical\" href=\"https:\/\/redenoticiaz.com.br\/litoralsp\/2021\/01\/07\/pacientes-podem-agendar-consultas-dentarias-em-bertioga\" \/>\n<meta property=\"og:locale\" content=\"pt_BR\" \/>\n<meta property=\"og:type\" content=\"article\" \/>\n<meta property=\"og:title\" content=\"Pacientes podem agendar consultas dent\u00e1rias em Bertioga - Litoral SP\" \/>\n<meta property=\"og:description\" content=\"Os pacientes que necessitam de pr\u00f3teses dent\u00e1rias poder\u00e3o agendar as consultas nas unidades b\u00e1sicas de sa\u00fade, (UBSs) de Bertioga.\" \/>\n<meta property=\"og:url\" content=\"https:\/\/redenoticiaz.com.br\/litoralsp\/2021\/01\/07\/pacientes-podem-agendar-consultas-dentarias-em-bertioga\" \/>\n<meta property=\"og:site_name\" content=\"Litoral SP\" \/>\n<meta property=\"article:published_time\" content=\"2021-01-07T19:51:08+00:00\" \/>\n<meta property=\"article:modified_time\" content=\"2021-01-07T19:52:31+00:00\" \/>\n<meta property=\"og:image\" content=\"https:\/\/redenoticiaz.com.br\/litoralsp\/wp-content\/uploads\/sites\/3\/2021\/01\/ubs-mirosam.jpg\" \/>\n\t<meta property=\"og:image:width\" content=\"984\" \/>\n\t<meta property=\"og:image:height\" content=\"656\" \/>\n\t<meta property=\"og:image:type\" content=\"image\/jpeg\" \/>\n<meta name=\"author\" content=\"Leonardo Francisco\" \/>\n<meta name=\"twitter:card\" content=\"summary_large_image\" \/>\n<meta name=\"twitter:label1\" content=\"Escrito por\" \/>\n\t<meta name=\"twitter:data1\" content=\"Leonardo Francisco\" \/>\n\t<meta name=\"twitter:label2\" content=\"Est. tempo de leitura\" \/>\n\t<meta name=\"twitter:data2\" content=\"1 minuto\" \/>\n<script type=\"application\/ld+json\" class=\"yoast-schema-graph\">{\"@context\":\"https:\\\/\\\/schema.org\",\"@graph\":[{\"@type\":\"Article\",\"@id\":\"https:\\\/\\\/redenoticiaz.com.br\\\/litoralsp\\\/2021\\\/01\\\/07\\\/pacientes-podem-agendar-consultas-dentarias-em-bertioga#article\",\"isPartOf\":{\"@id\":\"https:\\\/\\\/redenoticiaz.com.br\\\/litoralsp\\\/2021\\\/01\\\/07\\\/pacientes-podem-agendar-consultas-dentarias-em-bertioga\"},\"author\":{\"name\":\"Leonardo Francisco\",\"@id\":\"https:\\\/\\\/redenoticiaz.com.br\\\/litoralsp\\\/#\\\/schema\\\/person\\\/0f0b8a5bdafefe82841e07ae8d81ecb3\"},\"headline\":\"Pacientes podem agendar consultas dent\u00e1rias em Bertioga\",\"datePublished\":\"2021-01-07T19:51:08+00:00\",\"dateModified\":\"2021-01-07T19:52:31+00:00\",\"mainEntityOfPage\":{\"@id\":\"https:\\\/\\\/redenoticiaz.com.br\\\/litoralsp\\\/2021\\\/01\\\/07\\\/pacientes-podem-agendar-consultas-dentarias-em-bertioga\"},\"wordCount\":229,\"commentCount\":0,\"publisher\":{\"@id\":\"https:\\\/\\\/redenoticiaz.com.br\\\/litoralsp\\\/#organization\"},\"image\":{\"@id\":\"https:\\\/\\\/redenoticiaz.com.br\\\/litoralsp\\\/2021\\\/01\\\/07\\\/pacientes-podem-agendar-consultas-dentarias-em-bertioga#primaryimage\"},\"thumbnailUrl\":\"https:\\\/\\\/redenoticiaz.com.br\\\/litoralsp\\\/wp-content\\\/uploads\\\/sites\\\/3\\\/2021\\\/01\\\/ubs-mirosam.jpg\",\"keywords\":[\"ATENDIMENTO\",\"BERTIOGA\",\"CONSULTA\",\"PR\u00d3TESE DENT\u00c1RIAS\",\"TRIAGEM\",\"UNIDADES B\u00c1SICAS DE SA\u00daDE\"],\"articleSection\":[\"Bertioga\",\"Sa\u00fade\"],\"inLanguage\":\"pt-BR\",\"potentialAction\":[{\"@type\":\"CommentAction\",\"name\":\"Comment\",\"target\":[\"https:\\\/\\\/redenoticiaz.com.br\\\/litoralsp\\\/2021\\\/01\\\/07\\\/pacientes-podem-agendar-consultas-dentarias-em-bertioga#respond\"]}]},{\"@type\":\"WebPage\",\"@id\":\"https:\\\/\\\/redenoticiaz.com.br\\\/litoralsp\\\/2021\\\/01\\\/07\\\/pacientes-podem-agendar-consultas-dentarias-em-bertioga\",\"url\":\"https:\\\/\\\/redenoticiaz.com.br\\\/litoralsp\\\/2021\\\/01\\\/07\\\/pacientes-podem-agendar-consultas-dentarias-em-bertioga\",\"name\":\"Pacientes podem agendar consultas dent\u00e1rias em Bertioga - Litoral SP\",\"isPartOf\":{\"@id\":\"https:\\\/\\\/redenoticiaz.com.br\\\/litoralsp\\\/#website\"},\"primaryImageOfPage\":{\"@id\":\"https:\\\/\\\/redenoticiaz.com.br\\\/litoralsp\\\/2021\\\/01\\\/07\\\/pacientes-podem-agendar-consultas-dentarias-em-bertioga#primaryimage\"},\"image\":{\"@id\":\"https:\\\/\\\/redenoticiaz.com.br\\\/litoralsp\\\/2021\\\/01\\\/07\\\/pacientes-podem-agendar-consultas-dentarias-em-bertioga#primaryimage\"},\"thumbnailUrl\":\"https:\\\/\\\/redenoticiaz.com.br\\\/litoralsp\\\/wp-content\\\/uploads\\\/sites\\\/3\\\/2021\\\/01\\\/ubs-mirosam.jpg\",\"datePublished\":\"2021-01-07T19:51:08+00:00\",\"dateModified\":\"2021-01-07T19:52:31+00:00\",\"description\":\"Os pacientes que necessitam de pr\u00f3teses dent\u00e1rias poder\u00e3o agendar as consultas nas unidades b\u00e1sicas de sa\u00fade, (UBSs) de Bertioga.\",\"inLanguage\":\"pt-BR\",\"potentialAction\":[{\"@type\":\"ReadAction\",\"target\":[\"https:\\\/\\\/redenoticiaz.com.br\\\/litoralsp\\\/2021\\\/01\\\/07\\\/pacientes-podem-agendar-consultas-dentarias-em-bertioga\"]}]},{\"@type\":\"ImageObject\",\"inLanguage\":\"pt-BR\",\"@id\":\"https:\\\/\\\/redenoticiaz.com.br\\\/litoralsp\\\/2021\\\/01\\\/07\\\/pacientes-podem-agendar-consultas-dentarias-em-bertioga#primaryimage\",\"url\":\"https:\\\/\\\/redenoticiaz.com.br\\\/litoralsp\\\/wp-content\\\/uploads\\\/sites\\\/3\\\/2021\\\/01\\\/ubs-mirosam.jpg\",\"contentUrl\":\"https:\\\/\\\/redenoticiaz.com.br\\\/litoralsp\\\/wp-content\\\/uploads\\\/sites\\\/3\\\/2021\\\/01\\\/ubs-mirosam.jpg\",\"width\":984,\"height\":656,\"caption\":\"Cr\u00e9ditos: Divulga\u00e7\u00e3o\\\/Prefeitura de Bertioga.\"},{\"@type\":\"WebSite\",\"@id\":\"https:\\\/\\\/redenoticiaz.com.br\\\/litoralsp\\\/#website\",\"url\":\"https:\\\/\\\/redenoticiaz.com.br\\\/litoralsp\\\/\",\"name\":\"Litoral SP\",\"description\":\"Rede NoticiaZ\",\"publisher\":{\"@id\":\"https:\\\/\\\/redenoticiaz.com.br\\\/litoralsp\\\/#organization\"},\"potentialAction\":[{\"@type\":\"SearchAction\",\"target\":{\"@type\":\"EntryPoint\",\"urlTemplate\":\"https:\\\/\\\/redenoticiaz.com.br\\\/litoralsp\\\/?s={search_term_string}\"},\"query-input\":{\"@type\":\"PropertyValueSpecification\",\"valueRequired\":true,\"valueName\":\"search_term_string\"}}],\"inLanguage\":\"pt-BR\"},{\"@type\":\"Organization\",\"@id\":\"https:\\\/\\\/redenoticiaz.com.br\\\/litoralsp\\\/#organization\",\"name\":\"Litoral SP\",\"url\":\"https:\\\/\\\/redenoticiaz.com.br\\\/litoralsp\\\/\",\"logo\":{\"@type\":\"ImageObject\",\"inLanguage\":\"pt-BR\",\"@id\":\"https:\\\/\\\/redenoticiaz.com.br\\\/litoralsp\\\/#\\\/schema\\\/logo\\\/image\\\/\",\"url\":\"https:\\\/\\\/redenoticiaz.com.br\\\/litoralsp\\\/wp-content\\\/uploads\\\/sites\\\/3\\\/2020\\\/11\\\/logo.jpg\",\"contentUrl\":\"https:\\\/\\\/redenoticiaz.com.br\\\/litoralsp\\\/wp-content\\\/uploads\\\/sites\\\/3\\\/2020\\\/11\\\/logo.jpg\",\"width\":400,\"height\":250,\"caption\":\"Litoral SP\"},\"image\":{\"@id\":\"https:\\\/\\\/redenoticiaz.com.br\\\/litoralsp\\\/#\\\/schema\\\/logo\\\/image\\\/\"}},{\"@type\":\"Person\",\"@id\":\"https:\\\/\\\/redenoticiaz.com.br\\\/litoralsp\\\/#\\\/schema\\\/person\\\/0f0b8a5bdafefe82841e07ae8d81ecb3\",\"name\":\"Leonardo Francisco\",\"image\":{\"@type\":\"ImageObject\",\"inLanguage\":\"pt-BR\",\"@id\":\"https:\\\/\\\/secure.gravatar.com\\\/avatar\\\/a7358cb406a99b682ec6df1e77e31ae82e63601f6784e8a3df411d72b37864da?s=96&d=mm&r=g\",\"url\":\"https:\\\/\\\/secure.gravatar.com\\\/avatar\\\/a7358cb406a99b682ec6df1e77e31ae82e63601f6784e8a3df411d72b37864da?s=96&d=mm&r=g\",\"contentUrl\":\"https:\\\/\\\/secure.gravatar.com\\\/avatar\\\/a7358cb406a99b682ec6df1e77e31ae82e63601f6784e8a3df411d72b37864da?s=96&d=mm&r=g\",\"caption\":\"Leonardo Francisco\"},\"url\":\"https:\\\/\\\/redenoticiaz.com.br\\\/litoralsp\\\/author\\\/leonardo-francisco\"}]}<\/script>\n<!-- \/ Yoast SEO plugin. -->","yoast_head_json":{"title":"Pacientes podem agendar consultas dent\u00e1rias em Bertioga - Litoral SP","description":"Os pacientes que necessitam de pr\u00f3teses dent\u00e1rias poder\u00e3o agendar as consultas nas unidades b\u00e1sicas de sa\u00fade, (UBSs) de Bertioga.","robots":{"index":"index","follow":"follow","max-snippet":"max-snippet:-1","max-image-preview":"max-image-preview:large","max-video-preview":"max-video-preview:-1"},"canonical":"https:\/\/redenoticiaz.com.br\/litoralsp\/2021\/01\/07\/pacientes-podem-agendar-consultas-dentarias-em-bertioga","og_locale":"pt_BR","og_type":"article","og_title":"Pacientes podem agendar consultas dent\u00e1rias em Bertioga - Litoral SP","og_description":"Os pacientes que necessitam de pr\u00f3teses dent\u00e1rias poder\u00e3o agendar as consultas nas unidades b\u00e1sicas de sa\u00fade, (UBSs) de Bertioga.","og_url":"https:\/\/redenoticiaz.com.br\/litoralsp\/2021\/01\/07\/pacientes-podem-agendar-consultas-dentarias-em-bertioga","og_site_name":"Litoral SP","article_published_time":"2021-01-07T19:51:08+00:00","article_modified_time":"2021-01-07T19:52:31+00:00","og_image":[{"width":984,"height":656,"url":"https:\/\/redenoticiaz.com.br\/litoralsp\/wp-content\/uploads\/sites\/3\/2021\/01\/ubs-mirosam.jpg","type":"image\/jpeg"}],"author":"Leonardo Francisco","twitter_card":"summary_large_image","twitter_misc":{"Escrito por":"Leonardo Francisco","Est. tempo de leitura":"1 minuto"},"schema":{"@context":"https:\/\/schema.org","@graph":[{"@type":"Article","@id":"https:\/\/redenoticiaz.com.br\/litoralsp\/2021\/01\/07\/pacientes-podem-agendar-consultas-dentarias-em-bertioga#article","isPartOf":{"@id":"https:\/\/redenoticiaz.com.br\/litoralsp\/2021\/01\/07\/pacientes-podem-agendar-consultas-dentarias-em-bertioga"},"author":{"name":"Leonardo Francisco","@id":"https:\/\/redenoticiaz.com.br\/litoralsp\/#\/schema\/person\/0f0b8a5bdafefe82841e07ae8d81ecb3"},"headline":"Pacientes podem agendar consultas dent\u00e1rias em Bertioga","datePublished":"2021-01-07T19:51:08+00:00","dateModified":"2021-01-07T19:52:31+00:00","mainEntityOfPage":{"@id":"https:\/\/redenoticiaz.com.br\/litoralsp\/2021\/01\/07\/pacientes-podem-agendar-consultas-dentarias-em-bertioga"},"wordCount":229,"commentCount":0,"publisher":{"@id":"https:\/\/redenoticiaz.com.br\/litoralsp\/#organization"},"image":{"@id":"https:\/\/redenoticiaz.com.br\/litoralsp\/2021\/01\/07\/pacientes-podem-agendar-consultas-dentarias-em-bertioga#primaryimage"},"thumbnailUrl":"https:\/\/redenoticiaz.com.br\/litoralsp\/wp-content\/uploads\/sites\/3\/2021\/01\/ubs-mirosam.jpg","keywords":["ATENDIMENTO","BERTIOGA","CONSULTA","PR\u00d3TESE DENT\u00c1RIAS","TRIAGEM","UNIDADES B\u00c1SICAS DE SA\u00daDE"],"articleSection":["Bertioga","Sa\u00fade"],"inLanguage":"pt-BR","potentialAction":[{"@type":"CommentAction","name":"Comment","target":["https:\/\/redenoticiaz.com.br\/litoralsp\/2021\/01\/07\/pacientes-podem-agendar-consultas-dentarias-em-bertioga#respond"]}]},{"@type":"WebPage","@id":"https:\/\/redenoticiaz.com.br\/litoralsp\/2021\/01\/07\/pacientes-podem-agendar-consultas-dentarias-em-bertioga","url":"https:\/\/redenoticiaz.com.br\/litoralsp\/2021\/01\/07\/pacientes-podem-agendar-consultas-dentarias-em-bertioga","name":"Pacientes podem agendar consultas dent\u00e1rias em Bertioga - Litoral SP","isPartOf":{"@id":"https:\/\/redenoticiaz.com.br\/litoralsp\/#website"},"primaryImageOfPage":{"@id":"https:\/\/redenoticiaz.com.br\/litoralsp\/2021\/01\/07\/pacientes-podem-agendar-consultas-dentarias-em-bertioga#primaryimage"},"image":{"@id":"https:\/\/redenoticiaz.com.br\/litoralsp\/2021\/01\/07\/pacientes-podem-agendar-consultas-dentarias-em-bertioga#primaryimage"},"thumbnailUrl":"https:\/\/redenoticiaz.com.br\/litoralsp\/wp-content\/uploads\/sites\/3\/2021\/01\/ubs-mirosam.jpg","datePublished":"2021-01-07T19:51:08+00:00","dateModified":"2021-01-07T19:52:31+00:00","description":"Os pacientes que necessitam de pr\u00f3teses dent\u00e1rias poder\u00e3o agendar as consultas nas unidades b\u00e1sicas de sa\u00fade, (UBSs) de Bertioga.","inLanguage":"pt-BR","potentialAction":[{"@type":"ReadAction","target":["https:\/\/redenoticiaz.com.br\/litoralsp\/2021\/01\/07\/pacientes-podem-agendar-consultas-dentarias-em-bertioga"]}]},{"@type":"ImageObject","inLanguage":"pt-BR","@id":"https:\/\/redenoticiaz.com.br\/litoralsp\/2021\/01\/07\/pacientes-podem-agendar-consultas-dentarias-em-bertioga#primaryimage","url":"https:\/\/redenoticiaz.com.br\/litoralsp\/wp-content\/uploads\/sites\/3\/2021\/01\/ubs-mirosam.jpg","contentUrl":"https:\/\/redenoticiaz.com.br\/litoralsp\/wp-content\/uploads\/sites\/3\/2021\/01\/ubs-mirosam.jpg","width":984,"height":656,"caption":"Cr\u00e9ditos: Divulga\u00e7\u00e3o\/Prefeitura de Bertioga."},{"@type":"WebSite","@id":"https:\/\/redenoticiaz.com.br\/litoralsp\/#website","url":"https:\/\/redenoticiaz.com.br\/litoralsp\/","name":"Litoral SP","description":"Rede NoticiaZ","publisher":{"@id":"https:\/\/redenoticiaz.com.br\/litoralsp\/#organization"},"potentialAction":[{"@type":"SearchAction","target":{"@type":"EntryPoint","urlTemplate":"https:\/\/redenoticiaz.com.br\/litoralsp\/?s={search_term_string}"},"query-input":{"@type":"PropertyValueSpecification","valueRequired":true,"valueName":"search_term_string"}}],"inLanguage":"pt-BR"},{"@type":"Organization","@id":"https:\/\/redenoticiaz.com.br\/litoralsp\/#organization","name":"Litoral SP","url":"https:\/\/redenoticiaz.com.br\/litoralsp\/","logo":{"@type":"ImageObject","inLanguage":"pt-BR","@id":"https:\/\/redenoticiaz.com.br\/litoralsp\/#\/schema\/logo\/image\/","url":"https:\/\/redenoticiaz.com.br\/litoralsp\/wp-content\/uploads\/sites\/3\/2020\/11\/logo.jpg","contentUrl":"https:\/\/redenoticiaz.com.br\/litoralsp\/wp-content\/uploads\/sites\/3\/2020\/11\/logo.jpg","width":400,"height":250,"caption":"Litoral SP"},"image":{"@id":"https:\/\/redenoticiaz.com.br\/litoralsp\/#\/schema\/logo\/image\/"}},{"@type":"Person","@id":"https:\/\/redenoticiaz.com.br\/litoralsp\/#\/schema\/person\/0f0b8a5bdafefe82841e07ae8d81ecb3","name":"Leonardo Francisco","image":{"@type":"ImageObject","inLanguage":"pt-BR","@id":"https:\/\/secure.gravatar.com\/avatar\/a7358cb406a99b682ec6df1e77e31ae82e63601f6784e8a3df411d72b37864da?s=96&d=mm&r=g","url":"https:\/\/secure.gravatar.com\/avatar\/a7358cb406a99b682ec6df1e77e31ae82e63601f6784e8a3df411d72b37864da?s=96&d=mm&r=g","contentUrl":"https:\/\/secure.gravatar.com\/avatar\/a7358cb406a99b682ec6df1e77e31ae82e63601f6784e8a3df411d72b37864da?s=96&d=mm&r=g","caption":"Leonardo Francisco"},"url":"https:\/\/redenoticiaz.com.br\/litoralsp\/author\/leonardo-francisco"}]}},"_links":{"self":[{"href":"https:\/\/redenoticiaz.com.br\/litoralsp\/wp-json\/wp\/v2\/posts\/2444","targetHints":{"allow":["GET"]}}],"collection":[{"href":"https:\/\/redenoticiaz.com.br\/litoralsp\/wp-json\/wp\/v2\/posts"}],"about":[{"href":"https:\/\/redenoticiaz.com.br\/litoralsp\/wp-json\/wp\/v2\/types\/post"}],"author":[{"embeddable":true,"href":"https:\/\/redenoticiaz.com.br\/litoralsp\/wp-json\/wp\/v2\/users\/6"}],"replies":[{"embeddable":true,"href":"https:\/\/redenoticiaz.com.br\/litoralsp\/wp-json\/wp\/v2\/comments?post=2444"}],"version-history":[{"count":1,"href":"https:\/\/redenoticiaz.com.br\/litoralsp\/wp-json\/wp\/v2\/posts\/2444\/revisions"}],"predecessor-version":[{"id":2446,"href":"https:\/\/redenoticiaz.com.br\/litoralsp\/wp-json\/wp\/v2\/posts\/2444\/revisions\/2446"}],"wp:featuredmedia":[{"embeddable":true,"href":"https:\/\/redenoticiaz.com.br\/litoralsp\/wp-json\/wp\/v2\/media\/2445"}],"wp:attachment":[{"href":"https:\/\/redenoticiaz.com.br\/litoralsp\/wp-json\/wp\/v2\/media?parent=2444"}],"wp:term":[{"taxonomy":"category","embeddable":true,"href":"https:\/\/redenoticiaz.com.br\/litoralsp\/wp-json\/wp\/v2\/categories?post=2444"},{"taxonomy":"post_tag","embeddable":true,"href":"https:\/\/redenoticiaz.com.br\/litoralsp\/wp-json\/wp\/v2\/tags?post=2444"}],"curies":[{"name":"wp","href":"https:\/\/api.w.org\/{rel}","templated":true}]}}