{"id":24443,"date":"2022-03-04T18:26:48","date_gmt":"2022-03-04T21:26:48","guid":{"rendered":"https:\/\/redenoticiaz.com.br\/litoralsp\/?p=24443"},"modified":"2022-03-04T18:26:48","modified_gmt":"2022-03-04T21:26:48","slug":"travessia-de-balsas-para-ciclista-e-pedestres-entre-santos-e-guaruja-volta-a-ser-interditada","status":"publish","type":"post","link":"https:\/\/redenoticiaz.com.br\/litoralsp\/2022\/03\/04\/travessia-de-balsas-para-ciclista-e-pedestres-entre-santos-e-guaruja-volta-a-ser-interditada","title":{"rendered":"Travessia de balsas para ciclista e pedestres entre Santos e Guaruj\u00e1 volta a ser interditada"},"content":{"rendered":"<p>Mais uma vez a <strong>travessia de balsas<\/strong> para ciclistas e pedestres entre Santos e Guaruj\u00e1 ser\u00e1 interditada novamente. Nesta sexta-feira (4), o servi\u00e7o ser\u00e1 suspenso entre \u00e0s\u00a0 21h at\u00e9 \u00e0s 6h do s\u00e1bado (5) para que seja feita a entrega de um novo flutuante, que passou por moderniza\u00e7\u00e3o.<\/p>\n<p>O Departamento Hidrovi\u00e1rio (<a href=\"http:\/\/www.dh.sp.gov.br\/\">DH<\/a>) informa que a interrup\u00e7\u00e3o \u00e9 necess\u00e1ria para realizar a troca do flutuante provis\u00f3rio pelo definitivo. De acordo com o departamento, a melhoria ocorrer\u00e1 no intervalo de tempo de menor movimento da passagem para ciclistas e pedestres, para impactar o m\u00ednimo poss\u00edvel o servi\u00e7o. <span class=\"highlight highlighted\">A utiliza\u00e7\u00e3o das balsas permanece inalterada para carros, motos, \u00f4nibus e caminh\u00f5es.<\/span><\/p>\n<div class=\"content-ads content-ads--reveal\" data-block-type=\"ads\" data-block-id=\"4\"><\/div>\n<div class=\"mc-column content-text active-extra-styles \" data-block-type=\"unstyled\" data-block-weight=\"25\" data-block-id=\"5\">\n<p class=\"content-text__container \" data-track-category=\"Link no Texto\" data-track-links=\"\">Al\u00e9m disso, segundo divulgado pela Secretaria de Log\u00edstica de S\u00e3o Paulo,\u00a0<span class=\"highlight highlighted\">ciclistas e pedestres continuar\u00e3o utilizando a balsa normalmente, com acesso exclusivo durante a obra<\/span>.<\/p>\n<\/div>\n<div class=\"mc-column content-text active-extra-styles \" data-block-type=\"unstyled\" data-block-weight=\"38\" data-block-id=\"6\">\n<p class=\"content-text__container \" data-track-category=\"Link no Texto\" data-track-links=\"\">A obra na travessia\u00a0Santos-Guaruj\u00e1\u00a0conta com investimentos de R$ 1,9 milh\u00e3o por parte do Governo do Estado. O DH informa que, desde esta quinta-feira (3), tem comunicado sobre a interdi\u00e7\u00e3o nos Pain\u00e9is de Mensagens Vari\u00e1veis (PMVs).<\/p>\n<\/div>\n<div class=\"mc-column content-text active-extra-styles\" data-block-type=\"raw\" data-block-weight=\"1\" data-block-id=\"7\">\n<div class=\"content-intertitle\">\n<h3>Moderniza\u00e7\u00e3o<\/h3>\n<\/div>\n<\/div>\n<div class=\"mc-column content-text active-extra-styles \" data-block-type=\"unstyled\" data-block-weight=\"40\" data-block-id=\"8\">\n<p class=\"content-text__container \" data-track-category=\"Link no Texto\" data-track-links=\"\">A troca do flutuante no lado de\u00a0Santos\u00a0\u00e9 uma das obras de moderniza\u00e7\u00e3o que est\u00e3o em andamento. Desde 2019, a secretaria realiza investimentos importantes, o que j\u00e1 permitiu uma melhora significativa no servi\u00e7o e agilidade no atendimento aos usu\u00e1rios.<\/p>\n<\/div>\n<div class=\"mc-column content-text active-extra-styles \" data-block-type=\"unstyled\" data-block-weight=\"22\" data-block-id=\"9\">\n<p class=\"content-text__container \" data-track-category=\"Link no Texto\" data-track-links=\"\">Em janeiro deste ano, o DH entregou a segunda e \u00faltima fase das obras do atracadouro na travessia entre\u00a0Santos\u00a0e\u00a0Guaruj\u00e1.<\/p>\n<\/div>\n<div class=\"mc-column content-text active-extra-styles \" data-block-type=\"unstyled\" data-block-weight=\"40\" data-block-id=\"10\">\n<p class=\"content-text__container \" data-track-category=\"Link no Texto\" data-track-links=\"\">Trata-se de um atracadouro misto, destinado ao embarque e desembarque de pedestres, bicicletas e ve\u00edculos. Esse servi\u00e7o, realizado sem recursos p\u00fablicos, foi contratado pela empresa respons\u00e1vel pelo navio dinamarqu\u00eas que, em junho do ano passado,\u00a0danificou as plataformas da balsa.<\/p>\n<p data-track-category=\"Link no Texto\" data-track-links=\"\"><strong>LEIA TAMB\u00c9M<\/strong><\/p>\n<p data-track-category=\"Link no Texto\" data-track-links=\"\"><a href=\"https:\/\/redenoticiaz.com.br\/litoralsp\/2022\/02\/18\/travessia-de-balsas-para-ciclistas-e-pedestres-de-santos-e-guaurja-sera-interditada\">Travessia de balsas para ciclistas e pedestres de Santos e Guaurj\u00e1 ser\u00e1 interditada<\/a><\/p>\n<\/div>\n","protected":false},"excerpt":{"rendered":"<p>Mais uma vez a travessia de balsas para ciclistas e pedestres entre Santos e Guaruj\u00e1 ser\u00e1 interditada novamente. Nesta sexta-feira (4), o servi\u00e7o ser\u00e1 suspenso entre \u00e0s\u00a0 21h at\u00e9 \u00e0s 6h do s\u00e1bado (5) para que seja feita a entrega de um novo flutuante, que passou por moderniza\u00e7\u00e3o. O Departamento Hidrovi\u00e1rio (DH) informa que a &hellip;<\/p>\n","protected":false},"author":6,"featured_media":24444,"comment_status":"open","ping_status":"closed","sticky":false,"template":"","format":"standard","meta":{"footnotes":""},"categories":[187,180,88],"tags":[1006,986,2831,51534],"class_list":["post-24443","post","type-post","status-publish","format-standard","has-post-thumbnail","hentry","category-guaruja","category-santos","category-transportes","tag-guaruja","tag-santos","tag-travessia-de-balsas","tag-travessia-fechada"],"yoast_head":"<!-- This site is optimized with the Yoast SEO plugin v27.5 - https:\/\/yoast.com\/product\/yoast-seo-wordpress\/ -->\n<title>Travessia de balsas para ciclista e pedestres entre Santos e Guaruj\u00e1 volta a ser interditada - Litoral SP<\/title>\n<meta name=\"description\" content=\"Mais uma vez a travessia de balsas para ciclistas e pedestres entre Santos e Guaruj\u00e1 ser\u00e1 interditada novamente. Nesta sexta-feira\" \/>\n<meta name=\"robots\" content=\"index, follow, max-snippet:-1, max-image-preview:large, max-video-preview:-1\" \/>\n<link rel=\"canonical\" href=\"https:\/\/redenoticiaz.com.br\/litoralsp\/2022\/03\/04\/travessia-de-balsas-para-ciclista-e-pedestres-entre-santos-e-guaruja-volta-a-ser-interditada\" \/>\n<meta property=\"og:locale\" content=\"pt_BR\" \/>\n<meta property=\"og:type\" content=\"article\" \/>\n<meta property=\"og:title\" content=\"Travessia de balsas para ciclista e pedestres entre Santos e Guaruj\u00e1 volta a ser interditada - Litoral SP\" \/>\n<meta property=\"og:description\" content=\"Mais uma vez a travessia de balsas para ciclistas e pedestres entre Santos e Guaruj\u00e1 ser\u00e1 interditada novamente. Nesta sexta-feira\" \/>\n<meta property=\"og:url\" content=\"https:\/\/redenoticiaz.com.br\/litoralsp\/2022\/03\/04\/travessia-de-balsas-para-ciclista-e-pedestres-entre-santos-e-guaruja-volta-a-ser-interditada\" \/>\n<meta property=\"og:site_name\" content=\"Litoral SP\" \/>\n<meta property=\"article:published_time\" content=\"2022-03-04T21:26:48+00:00\" \/>\n<meta property=\"og:image\" content=\"https:\/\/redenoticiaz.com.br\/litoralsp\/wp-content\/uploads\/sites\/3\/2022\/03\/novo-acesso-travessia-santos-3.jpg\" \/>\n\t<meta property=\"og:image:width\" content=\"1840\" \/>\n\t<meta property=\"og:image:height\" content=\"1080\" \/>\n\t<meta property=\"og:image:type\" content=\"image\/jpeg\" \/>\n<meta name=\"author\" content=\"Leonardo Francisco\" \/>\n<meta name=\"twitter:card\" content=\"summary_large_image\" \/>\n<meta name=\"twitter:label1\" content=\"Escrito por\" \/>\n\t<meta name=\"twitter:data1\" content=\"Leonardo Francisco\" \/>\n\t<meta name=\"twitter:label2\" content=\"Est. tempo de leitura\" \/>\n\t<meta name=\"twitter:data2\" content=\"2 minutos\" \/>\n<script type=\"application\/ld+json\" class=\"yoast-schema-graph\">{\"@context\":\"https:\\\/\\\/schema.org\",\"@graph\":[{\"@type\":\"Article\",\"@id\":\"https:\\\/\\\/redenoticiaz.com.br\\\/litoralsp\\\/2022\\\/03\\\/04\\\/travessia-de-balsas-para-ciclista-e-pedestres-entre-santos-e-guaruja-volta-a-ser-interditada#article\",\"isPartOf\":{\"@id\":\"https:\\\/\\\/redenoticiaz.com.br\\\/litoralsp\\\/2022\\\/03\\\/04\\\/travessia-de-balsas-para-ciclista-e-pedestres-entre-santos-e-guaruja-volta-a-ser-interditada\"},\"author\":{\"name\":\"Leonardo Francisco\",\"@id\":\"https:\\\/\\\/redenoticiaz.com.br\\\/litoralsp\\\/#\\\/schema\\\/person\\\/0f0b8a5bdafefe82841e07ae8d81ecb3\"},\"headline\":\"Travessia de balsas para ciclista e pedestres entre Santos e Guaruj\u00e1 volta a ser interditada\",\"datePublished\":\"2022-03-04T21:26:48+00:00\",\"mainEntityOfPage\":{\"@id\":\"https:\\\/\\\/redenoticiaz.com.br\\\/litoralsp\\\/2022\\\/03\\\/04\\\/travessia-de-balsas-para-ciclista-e-pedestres-entre-santos-e-guaruja-volta-a-ser-interditada\"},\"wordCount\":326,\"commentCount\":0,\"publisher\":{\"@id\":\"https:\\\/\\\/redenoticiaz.com.br\\\/litoralsp\\\/#organization\"},\"image\":{\"@id\":\"https:\\\/\\\/redenoticiaz.com.br\\\/litoralsp\\\/2022\\\/03\\\/04\\\/travessia-de-balsas-para-ciclista-e-pedestres-entre-santos-e-guaruja-volta-a-ser-interditada#primaryimage\"},\"thumbnailUrl\":\"https:\\\/\\\/redenoticiaz.com.br\\\/litoralsp\\\/wp-content\\\/uploads\\\/sites\\\/3\\\/2022\\\/03\\\/novo-acesso-travessia-santos-3.jpg\",\"keywords\":[\"GUARUJ\u00c1\",\"Santos\",\"TRAVESSIA DE BALSAS\",\"TRAVESSIA FECHADA\"],\"articleSection\":[\"Guaruj\u00e1\",\"Santos\",\"Transportes\"],\"inLanguage\":\"pt-BR\",\"potentialAction\":[{\"@type\":\"CommentAction\",\"name\":\"Comment\",\"target\":[\"https:\\\/\\\/redenoticiaz.com.br\\\/litoralsp\\\/2022\\\/03\\\/04\\\/travessia-de-balsas-para-ciclista-e-pedestres-entre-santos-e-guaruja-volta-a-ser-interditada#respond\"]}]},{\"@type\":\"WebPage\",\"@id\":\"https:\\\/\\\/redenoticiaz.com.br\\\/litoralsp\\\/2022\\\/03\\\/04\\\/travessia-de-balsas-para-ciclista-e-pedestres-entre-santos-e-guaruja-volta-a-ser-interditada\",\"url\":\"https:\\\/\\\/redenoticiaz.com.br\\\/litoralsp\\\/2022\\\/03\\\/04\\\/travessia-de-balsas-para-ciclista-e-pedestres-entre-santos-e-guaruja-volta-a-ser-interditada\",\"name\":\"Travessia de balsas para ciclista e pedestres entre Santos e Guaruj\u00e1 volta a ser interditada - Litoral SP\",\"isPartOf\":{\"@id\":\"https:\\\/\\\/redenoticiaz.com.br\\\/litoralsp\\\/#website\"},\"primaryImageOfPage\":{\"@id\":\"https:\\\/\\\/redenoticiaz.com.br\\\/litoralsp\\\/2022\\\/03\\\/04\\\/travessia-de-balsas-para-ciclista-e-pedestres-entre-santos-e-guaruja-volta-a-ser-interditada#primaryimage\"},\"image\":{\"@id\":\"https:\\\/\\\/redenoticiaz.com.br\\\/litoralsp\\\/2022\\\/03\\\/04\\\/travessia-de-balsas-para-ciclista-e-pedestres-entre-santos-e-guaruja-volta-a-ser-interditada#primaryimage\"},\"thumbnailUrl\":\"https:\\\/\\\/redenoticiaz.com.br\\\/litoralsp\\\/wp-content\\\/uploads\\\/sites\\\/3\\\/2022\\\/03\\\/novo-acesso-travessia-santos-3.jpg\",\"datePublished\":\"2022-03-04T21:26:48+00:00\",\"description\":\"Mais uma vez a travessia de balsas para ciclistas e pedestres entre Santos e Guaruj\u00e1 ser\u00e1 interditada novamente. Nesta sexta-feira\",\"inLanguage\":\"pt-BR\",\"potentialAction\":[{\"@type\":\"ReadAction\",\"target\":[\"https:\\\/\\\/redenoticiaz.com.br\\\/litoralsp\\\/2022\\\/03\\\/04\\\/travessia-de-balsas-para-ciclista-e-pedestres-entre-santos-e-guaruja-volta-a-ser-interditada\"]}]},{\"@type\":\"ImageObject\",\"inLanguage\":\"pt-BR\",\"@id\":\"https:\\\/\\\/redenoticiaz.com.br\\\/litoralsp\\\/2022\\\/03\\\/04\\\/travessia-de-balsas-para-ciclista-e-pedestres-entre-santos-e-guaruja-volta-a-ser-interditada#primaryimage\",\"url\":\"https:\\\/\\\/redenoticiaz.com.br\\\/litoralsp\\\/wp-content\\\/uploads\\\/sites\\\/3\\\/2022\\\/03\\\/novo-acesso-travessia-santos-3.jpg\",\"contentUrl\":\"https:\\\/\\\/redenoticiaz.com.br\\\/litoralsp\\\/wp-content\\\/uploads\\\/sites\\\/3\\\/2022\\\/03\\\/novo-acesso-travessia-santos-3.jpg\",\"width\":1840,\"height\":1080,\"caption\":\"Cr\u00e9ditos: Reprodu\u00e7\u00e3o.\"},{\"@type\":\"WebSite\",\"@id\":\"https:\\\/\\\/redenoticiaz.com.br\\\/litoralsp\\\/#website\",\"url\":\"https:\\\/\\\/redenoticiaz.com.br\\\/litoralsp\\\/\",\"name\":\"Litoral SP\",\"description\":\"Rede NoticiaZ\",\"publisher\":{\"@id\":\"https:\\\/\\\/redenoticiaz.com.br\\\/litoralsp\\\/#organization\"},\"potentialAction\":[{\"@type\":\"SearchAction\",\"target\":{\"@type\":\"EntryPoint\",\"urlTemplate\":\"https:\\\/\\\/redenoticiaz.com.br\\\/litoralsp\\\/?s={search_term_string}\"},\"query-input\":{\"@type\":\"PropertyValueSpecification\",\"valueRequired\":true,\"valueName\":\"search_term_string\"}}],\"inLanguage\":\"pt-BR\"},{\"@type\":\"Organization\",\"@id\":\"https:\\\/\\\/redenoticiaz.com.br\\\/litoralsp\\\/#organization\",\"name\":\"Litoral SP\",\"url\":\"https:\\\/\\\/redenoticiaz.com.br\\\/litoralsp\\\/\",\"logo\":{\"@type\":\"ImageObject\",\"inLanguage\":\"pt-BR\",\"@id\":\"https:\\\/\\\/redenoticiaz.com.br\\\/litoralsp\\\/#\\\/schema\\\/logo\\\/image\\\/\",\"url\":\"https:\\\/\\\/redenoticiaz.com.br\\\/litoralsp\\\/wp-content\\\/uploads\\\/sites\\\/3\\\/2020\\\/11\\\/logo.jpg\",\"contentUrl\":\"https:\\\/\\\/redenoticiaz.com.br\\\/litoralsp\\\/wp-content\\\/uploads\\\/sites\\\/3\\\/2020\\\/11\\\/logo.jpg\",\"width\":400,\"height\":250,\"caption\":\"Litoral SP\"},\"image\":{\"@id\":\"https:\\\/\\\/redenoticiaz.com.br\\\/litoralsp\\\/#\\\/schema\\\/logo\\\/image\\\/\"}},{\"@type\":\"Person\",\"@id\":\"https:\\\/\\\/redenoticiaz.com.br\\\/litoralsp\\\/#\\\/schema\\\/person\\\/0f0b8a5bdafefe82841e07ae8d81ecb3\",\"name\":\"Leonardo Francisco\",\"image\":{\"@type\":\"ImageObject\",\"inLanguage\":\"pt-BR\",\"@id\":\"https:\\\/\\\/secure.gravatar.com\\\/avatar\\\/a7358cb406a99b682ec6df1e77e31ae82e63601f6784e8a3df411d72b37864da?s=96&d=mm&r=g\",\"url\":\"https:\\\/\\\/secure.gravatar.com\\\/avatar\\\/a7358cb406a99b682ec6df1e77e31ae82e63601f6784e8a3df411d72b37864da?s=96&d=mm&r=g\",\"contentUrl\":\"https:\\\/\\\/secure.gravatar.com\\\/avatar\\\/a7358cb406a99b682ec6df1e77e31ae82e63601f6784e8a3df411d72b37864da?s=96&d=mm&r=g\",\"caption\":\"Leonardo Francisco\"},\"url\":\"https:\\\/\\\/redenoticiaz.com.br\\\/litoralsp\\\/author\\\/leonardo-francisco\"}]}<\/script>\n<!-- \/ Yoast SEO plugin. -->","yoast_head_json":{"title":"Travessia de balsas para ciclista e pedestres entre Santos e Guaruj\u00e1 volta a ser interditada - Litoral SP","description":"Mais uma vez a travessia de balsas para ciclistas e pedestres entre Santos e Guaruj\u00e1 ser\u00e1 interditada novamente. Nesta sexta-feira","robots":{"index":"index","follow":"follow","max-snippet":"max-snippet:-1","max-image-preview":"max-image-preview:large","max-video-preview":"max-video-preview:-1"},"canonical":"https:\/\/redenoticiaz.com.br\/litoralsp\/2022\/03\/04\/travessia-de-balsas-para-ciclista-e-pedestres-entre-santos-e-guaruja-volta-a-ser-interditada","og_locale":"pt_BR","og_type":"article","og_title":"Travessia de balsas para ciclista e pedestres entre Santos e Guaruj\u00e1 volta a ser interditada - Litoral SP","og_description":"Mais uma vez a travessia de balsas para ciclistas e pedestres entre Santos e Guaruj\u00e1 ser\u00e1 interditada novamente. Nesta sexta-feira","og_url":"https:\/\/redenoticiaz.com.br\/litoralsp\/2022\/03\/04\/travessia-de-balsas-para-ciclista-e-pedestres-entre-santos-e-guaruja-volta-a-ser-interditada","og_site_name":"Litoral SP","article_published_time":"2022-03-04T21:26:48+00:00","og_image":[{"width":1840,"height":1080,"url":"https:\/\/redenoticiaz.com.br\/litoralsp\/wp-content\/uploads\/sites\/3\/2022\/03\/novo-acesso-travessia-santos-3.jpg","type":"image\/jpeg"}],"author":"Leonardo Francisco","twitter_card":"summary_large_image","twitter_misc":{"Escrito por":"Leonardo Francisco","Est. tempo de leitura":"2 minutos"},"schema":{"@context":"https:\/\/schema.org","@graph":[{"@type":"Article","@id":"https:\/\/redenoticiaz.com.br\/litoralsp\/2022\/03\/04\/travessia-de-balsas-para-ciclista-e-pedestres-entre-santos-e-guaruja-volta-a-ser-interditada#article","isPartOf":{"@id":"https:\/\/redenoticiaz.com.br\/litoralsp\/2022\/03\/04\/travessia-de-balsas-para-ciclista-e-pedestres-entre-santos-e-guaruja-volta-a-ser-interditada"},"author":{"name":"Leonardo Francisco","@id":"https:\/\/redenoticiaz.com.br\/litoralsp\/#\/schema\/person\/0f0b8a5bdafefe82841e07ae8d81ecb3"},"headline":"Travessia de balsas para ciclista e pedestres entre Santos e Guaruj\u00e1 volta a ser interditada","datePublished":"2022-03-04T21:26:48+00:00","mainEntityOfPage":{"@id":"https:\/\/redenoticiaz.com.br\/litoralsp\/2022\/03\/04\/travessia-de-balsas-para-ciclista-e-pedestres-entre-santos-e-guaruja-volta-a-ser-interditada"},"wordCount":326,"commentCount":0,"publisher":{"@id":"https:\/\/redenoticiaz.com.br\/litoralsp\/#organization"},"image":{"@id":"https:\/\/redenoticiaz.com.br\/litoralsp\/2022\/03\/04\/travessia-de-balsas-para-ciclista-e-pedestres-entre-santos-e-guaruja-volta-a-ser-interditada#primaryimage"},"thumbnailUrl":"https:\/\/redenoticiaz.com.br\/litoralsp\/wp-content\/uploads\/sites\/3\/2022\/03\/novo-acesso-travessia-santos-3.jpg","keywords":["GUARUJ\u00c1","Santos","TRAVESSIA DE BALSAS","TRAVESSIA FECHADA"],"articleSection":["Guaruj\u00e1","Santos","Transportes"],"inLanguage":"pt-BR","potentialAction":[{"@type":"CommentAction","name":"Comment","target":["https:\/\/redenoticiaz.com.br\/litoralsp\/2022\/03\/04\/travessia-de-balsas-para-ciclista-e-pedestres-entre-santos-e-guaruja-volta-a-ser-interditada#respond"]}]},{"@type":"WebPage","@id":"https:\/\/redenoticiaz.com.br\/litoralsp\/2022\/03\/04\/travessia-de-balsas-para-ciclista-e-pedestres-entre-santos-e-guaruja-volta-a-ser-interditada","url":"https:\/\/redenoticiaz.com.br\/litoralsp\/2022\/03\/04\/travessia-de-balsas-para-ciclista-e-pedestres-entre-santos-e-guaruja-volta-a-ser-interditada","name":"Travessia de balsas para ciclista e pedestres entre Santos e Guaruj\u00e1 volta a ser interditada - Litoral SP","isPartOf":{"@id":"https:\/\/redenoticiaz.com.br\/litoralsp\/#website"},"primaryImageOfPage":{"@id":"https:\/\/redenoticiaz.com.br\/litoralsp\/2022\/03\/04\/travessia-de-balsas-para-ciclista-e-pedestres-entre-santos-e-guaruja-volta-a-ser-interditada#primaryimage"},"image":{"@id":"https:\/\/redenoticiaz.com.br\/litoralsp\/2022\/03\/04\/travessia-de-balsas-para-ciclista-e-pedestres-entre-santos-e-guaruja-volta-a-ser-interditada#primaryimage"},"thumbnailUrl":"https:\/\/redenoticiaz.com.br\/litoralsp\/wp-content\/uploads\/sites\/3\/2022\/03\/novo-acesso-travessia-santos-3.jpg","datePublished":"2022-03-04T21:26:48+00:00","description":"Mais uma vez a travessia de balsas para ciclistas e pedestres entre Santos e Guaruj\u00e1 ser\u00e1 interditada novamente. Nesta sexta-feira","inLanguage":"pt-BR","potentialAction":[{"@type":"ReadAction","target":["https:\/\/redenoticiaz.com.br\/litoralsp\/2022\/03\/04\/travessia-de-balsas-para-ciclista-e-pedestres-entre-santos-e-guaruja-volta-a-ser-interditada"]}]},{"@type":"ImageObject","inLanguage":"pt-BR","@id":"https:\/\/redenoticiaz.com.br\/litoralsp\/2022\/03\/04\/travessia-de-balsas-para-ciclista-e-pedestres-entre-santos-e-guaruja-volta-a-ser-interditada#primaryimage","url":"https:\/\/redenoticiaz.com.br\/litoralsp\/wp-content\/uploads\/sites\/3\/2022\/03\/novo-acesso-travessia-santos-3.jpg","contentUrl":"https:\/\/redenoticiaz.com.br\/litoralsp\/wp-content\/uploads\/sites\/3\/2022\/03\/novo-acesso-travessia-santos-3.jpg","width":1840,"height":1080,"caption":"Cr\u00e9ditos: Reprodu\u00e7\u00e3o."},{"@type":"WebSite","@id":"https:\/\/redenoticiaz.com.br\/litoralsp\/#website","url":"https:\/\/redenoticiaz.com.br\/litoralsp\/","name":"Litoral SP","description":"Rede NoticiaZ","publisher":{"@id":"https:\/\/redenoticiaz.com.br\/litoralsp\/#organization"},"potentialAction":[{"@type":"SearchAction","target":{"@type":"EntryPoint","urlTemplate":"https:\/\/redenoticiaz.com.br\/litoralsp\/?s={search_term_string}"},"query-input":{"@type":"PropertyValueSpecification","valueRequired":true,"valueName":"search_term_string"}}],"inLanguage":"pt-BR"},{"@type":"Organization","@id":"https:\/\/redenoticiaz.com.br\/litoralsp\/#organization","name":"Litoral SP","url":"https:\/\/redenoticiaz.com.br\/litoralsp\/","logo":{"@type":"ImageObject","inLanguage":"pt-BR","@id":"https:\/\/redenoticiaz.com.br\/litoralsp\/#\/schema\/logo\/image\/","url":"https:\/\/redenoticiaz.com.br\/litoralsp\/wp-content\/uploads\/sites\/3\/2020\/11\/logo.jpg","contentUrl":"https:\/\/redenoticiaz.com.br\/litoralsp\/wp-content\/uploads\/sites\/3\/2020\/11\/logo.jpg","width":400,"height":250,"caption":"Litoral SP"},"image":{"@id":"https:\/\/redenoticiaz.com.br\/litoralsp\/#\/schema\/logo\/image\/"}},{"@type":"Person","@id":"https:\/\/redenoticiaz.com.br\/litoralsp\/#\/schema\/person\/0f0b8a5bdafefe82841e07ae8d81ecb3","name":"Leonardo Francisco","image":{"@type":"ImageObject","inLanguage":"pt-BR","@id":"https:\/\/secure.gravatar.com\/avatar\/a7358cb406a99b682ec6df1e77e31ae82e63601f6784e8a3df411d72b37864da?s=96&d=mm&r=g","url":"https:\/\/secure.gravatar.com\/avatar\/a7358cb406a99b682ec6df1e77e31ae82e63601f6784e8a3df411d72b37864da?s=96&d=mm&r=g","contentUrl":"https:\/\/secure.gravatar.com\/avatar\/a7358cb406a99b682ec6df1e77e31ae82e63601f6784e8a3df411d72b37864da?s=96&d=mm&r=g","caption":"Leonardo Francisco"},"url":"https:\/\/redenoticiaz.com.br\/litoralsp\/author\/leonardo-francisco"}]}},"_links":{"self":[{"href":"https:\/\/redenoticiaz.com.br\/litoralsp\/wp-json\/wp\/v2\/posts\/24443","targetHints":{"allow":["GET"]}}],"collection":[{"href":"https:\/\/redenoticiaz.com.br\/litoralsp\/wp-json\/wp\/v2\/posts"}],"about":[{"href":"https:\/\/redenoticiaz.com.br\/litoralsp\/wp-json\/wp\/v2\/types\/post"}],"author":[{"embeddable":true,"href":"https:\/\/redenoticiaz.com.br\/litoralsp\/wp-json\/wp\/v2\/users\/6"}],"replies":[{"embeddable":true,"href":"https:\/\/redenoticiaz.com.br\/litoralsp\/wp-json\/wp\/v2\/comments?post=24443"}],"version-history":[{"count":1,"href":"https:\/\/redenoticiaz.com.br\/litoralsp\/wp-json\/wp\/v2\/posts\/24443\/revisions"}],"predecessor-version":[{"id":24445,"href":"https:\/\/redenoticiaz.com.br\/litoralsp\/wp-json\/wp\/v2\/posts\/24443\/revisions\/24445"}],"wp:featuredmedia":[{"embeddable":true,"href":"https:\/\/redenoticiaz.com.br\/litoralsp\/wp-json\/wp\/v2\/media\/24444"}],"wp:attachment":[{"href":"https:\/\/redenoticiaz.com.br\/litoralsp\/wp-json\/wp\/v2\/media?parent=24443"}],"wp:term":[{"taxonomy":"category","embeddable":true,"href":"https:\/\/redenoticiaz.com.br\/litoralsp\/wp-json\/wp\/v2\/categories?post=24443"},{"taxonomy":"post_tag","embeddable":true,"href":"https:\/\/redenoticiaz.com.br\/litoralsp\/wp-json\/wp\/v2\/tags?post=24443"}],"curies":[{"name":"wp","href":"https:\/\/api.w.org\/{rel}","templated":true}]}}