{"id":24446,"date":"2022-03-04T18:37:20","date_gmt":"2022-03-04T21:37:20","guid":{"rendered":"https:\/\/redenoticiaz.com.br\/litoralsp\/?p=24446"},"modified":"2022-03-05T12:46:43","modified_gmt":"2022-03-05T15:46:43","slug":"raia-e-encontrada-morta-e-com-mascara-facial-em-praia-de-guaruja","status":"publish","type":"post","link":"https:\/\/redenoticiaz.com.br\/litoralsp\/2022\/03\/04\/raia-e-encontrada-morta-e-com-mascara-facial-em-praia-de-guaruja","title":{"rendered":"Raia \u00e9 encontrada morta e com m\u00e1scara facial em praia de Guaruj\u00e1"},"content":{"rendered":"<p>Uma <strong>raia<\/strong> morta e com uma m\u00e1scara facial de prote\u00e7\u00e3o contra a Covid-19 foi enconrtrada em uma praia de <a href=\"https:\/\/www.guaruja.sp.gov.br\/\">Guaruj\u00e1<\/a>. Especialistas foram acionados para recolher o animal e fizeram o alerta para o descarte ideal do objeto.<\/p>\n<p>O Instituto Gremar foi acionado e encontrou a raia durante a\u00e7\u00e3o em conjunto com o Projeto de Monitoramento de Praias da Bacia de Santos (PMP-BS). O caso aconteceu no \u00faltimo dia 2 de fevereiro na Praia da Enseada. A raia estava com a m\u00e1scara de prote\u00e7\u00e3o contra a Covid-19 presa no focinho e ela provocou les\u00f5es.<\/p>\n<p>Segundo a bi\u00f3loga Rosane Farah, do Instituto Gremar, \u00e9 prov\u00e1vel que o animal tenha se prendido acidentalmente \u00e0 m\u00e1scara. \u201cO pr\u00f3prio el\u00e1stico ficou preso ao focinho, e ela deixou de se alimentar, e provavelmente foi isso que levou \u00e0 morte do animal, al\u00e9m de impossibilitar a nata\u00e7\u00e3o dele. Ele n\u00e3o conseguiu se locomover, porque tinha algo preso ao corpo dele\u201d, explica.<\/p>\n<h3>A raia<\/h3>\n<div class=\"mc-column content-text active-extra-styles \" data-block-type=\"unstyled\" data-block-weight=\"56\" data-block-id=\"7\">\n<p class=\"content-text__container \" data-track-category=\"Link no Texto\" data-track-links=\"\">A esp\u00e9cie encontrada morta \u00e9 popularmente chamada de raia-viola ou raia-viola-de-focinho-longo. \u00c9 um elasmobr\u00e2nquio da fam\u00edlia\u00a0<em>Rhinobatidae<\/em>, comum na Baixada Santista. Segundo a bi\u00f3loga, o animal era um macho adulto. A esp\u00e9cie \u00e9 protegida, sendo proibida a pesca ou comercializa\u00e7\u00e3o, por estar amea\u00e7ada de extin\u00e7\u00e3o. O animal foi recolhido da praia e ser\u00e1 utilizado em pesquisas.<\/p>\n<\/div>\n<div class=\"content-ads content-ads--reveal\" data-block-type=\"ads\" data-block-id=\"8\"><\/div>\n<div class=\"mc-column content-text active-extra-styles \" data-block-type=\"unstyled\" data-block-weight=\"54\" data-block-id=\"9\">\n<p class=\"content-text__container \" data-track-category=\"Link no Texto\" data-track-links=\"\">Este foi o primeiro registro de um animal que morreu ap\u00f3s ficar preso a uma m\u00e1scara facial na Baixada Santista. Em setembro de 2020, o Instituto Argonauta registrou o caso de um pinguim-de-magalh\u00e3es que morreu ao ingerir material semelhante em Juquehy. Um laudo apontou que havia uma m\u00e1scara facial embrulhada no intestino do animal.<\/p>\n<div class=\"mc-column content-text active-extra-styles \" data-block-type=\"unstyled\" data-block-weight=\"40\" data-block-id=\"11\">\n<p class=\"content-text__container \" data-track-category=\"Link no Texto\" data-track-links=\"\">De acordo Rosane, apesar de n\u00e3o haver mais relatos de mortes dessa forma, os t\u00e9cnicos do Gremar j\u00e1 t\u00eam observado o descarte de m\u00e1scaras cir\u00fargicas e de pano nas praias do litoral paulista. As duas s\u00e3o prejudiciais ao meio ambiente.<\/p>\n<\/div>\n<div class=\"mc-column content-text active-extra-styles \" data-block-type=\"unstyled\" data-block-weight=\"74\" data-block-id=\"12\">\n<p class=\"content-text__container \" data-track-category=\"Link no Texto\" data-track-links=\"\">A m\u00e1scara preta encontrada no focinho da raia era feita de tecido. Ela \u00e9 mais sustent\u00e1vel, segundo Rosane, porque pode ser lavada e reutilizada. As m\u00e1scaras cir\u00fargicas, por sua vez, permanecem contaminadas e n\u00e3o podem ser usadas novamente. Elas acabam sendo produzidas aos milh\u00f5es, e ap\u00f3s sua utiliza\u00e7\u00e3o, \u00e9 transformada em lixo t\u00f3xico. De acordo o Instituto Conserva\u00e7\u00e3o Costeira (ICC), uma m\u00e1scara descart\u00e1vel, dependendo da composi\u00e7\u00e3o, pode demorar at\u00e9 450 anos para se decompor.<\/p>\n<p data-track-category=\"Link no Texto\" data-track-links=\"\"><strong>LEIA TAMB\u00c9M<\/strong><\/p>\n<p data-track-category=\"Link no Texto\" data-track-links=\"\"><a href=\"https:\/\/redenoticiaz.com.br\/litoralsp\/2022\/03\/03\/homem-ataca-jornalistas-da-globo-com-corrente-de-prender-cachorro\">Homem ataca jornalistas da Globo com corrente de prender cachorro<\/a><\/p>\n<\/div>\n<\/div>\n","protected":false},"excerpt":{"rendered":"<p>Uma raia morta e com uma m\u00e1scara facial de prote\u00e7\u00e3o contra a Covid-19 foi enconrtrada em uma praia de Guaruj\u00e1. Especialistas foram acionados para recolher o animal e fizeram o alerta para o descarte ideal do objeto. O Instituto Gremar foi acionado e encontrou a raia durante a\u00e7\u00e3o em conjunto com o Projeto de Monitoramento &hellip;<\/p>\n","protected":false},"author":6,"featured_media":24447,"comment_status":"open","ping_status":"closed","sticky":false,"template":"","format":"standard","meta":{"footnotes":""},"categories":[187,1487],"tags":[1006,18864,51537,12263,18643],"class_list":["post-24446","post","type-post","status-publish","format-standard","has-post-thumbnail","hentry","category-guaruja","category-meio-ambiente","tag-guaruja","tag-instituto-gremar","tag-mascara-de-protecao-facial","tag-meio-ambiente","tag-raia"],"yoast_head":"<!-- This site is optimized with the Yoast SEO plugin v27.5 - https:\/\/yoast.com\/product\/yoast-seo-wordpress\/ -->\n<title>Raia \u00e9 encontrada morta e com m\u00e1scara facial em praia de Guaruj\u00e1 - Litoral SP<\/title>\n<meta name=\"description\" content=\"Uma raia morta e com uma m\u00e1scara facial de prote\u00e7\u00e3o contra a Covid-19 foi enconrtrada em uma praia de Guaruj\u00e1. Especialistas\" \/>\n<meta name=\"robots\" content=\"index, follow, max-snippet:-1, max-image-preview:large, max-video-preview:-1\" \/>\n<link rel=\"canonical\" href=\"https:\/\/redenoticiaz.com.br\/litoralsp\/2022\/03\/04\/raia-e-encontrada-morta-e-com-mascara-facial-em-praia-de-guaruja\" \/>\n<meta property=\"og:locale\" content=\"pt_BR\" \/>\n<meta property=\"og:type\" content=\"article\" \/>\n<meta property=\"og:title\" content=\"Raia \u00e9 encontrada morta e com m\u00e1scara facial em praia de Guaruj\u00e1 - Litoral SP\" \/>\n<meta property=\"og:description\" content=\"Uma raia morta e com uma m\u00e1scara facial de prote\u00e7\u00e3o contra a Covid-19 foi enconrtrada em uma praia de Guaruj\u00e1. Especialistas\" \/>\n<meta property=\"og:url\" content=\"https:\/\/redenoticiaz.com.br\/litoralsp\/2022\/03\/04\/raia-e-encontrada-morta-e-com-mascara-facial-em-praia-de-guaruja\" \/>\n<meta property=\"og:site_name\" content=\"Litoral SP\" \/>\n<meta property=\"article:published_time\" content=\"2022-03-04T21:37:20+00:00\" \/>\n<meta property=\"article:modified_time\" content=\"2022-03-05T15:46:43+00:00\" \/>\n<meta property=\"og:image\" content=\"https:\/\/redenoticiaz.com.br\/litoralsp\/wp-content\/uploads\/sites\/3\/2022\/03\/arraia-1.jpeg\" \/>\n\t<meta property=\"og:image:width\" content=\"984\" \/>\n\t<meta property=\"og:image:height\" content=\"530\" \/>\n\t<meta property=\"og:image:type\" content=\"image\/jpeg\" \/>\n<meta name=\"author\" content=\"Leonardo Francisco\" \/>\n<meta name=\"twitter:card\" content=\"summary_large_image\" \/>\n<meta name=\"twitter:label1\" content=\"Escrito por\" \/>\n\t<meta name=\"twitter:data1\" content=\"Leonardo Francisco\" \/>\n\t<meta name=\"twitter:label2\" content=\"Est. tempo de leitura\" \/>\n\t<meta name=\"twitter:data2\" content=\"2 minutos\" \/>\n<script type=\"application\/ld+json\" class=\"yoast-schema-graph\">{\"@context\":\"https:\\\/\\\/schema.org\",\"@graph\":[{\"@type\":\"Article\",\"@id\":\"https:\\\/\\\/redenoticiaz.com.br\\\/litoralsp\\\/2022\\\/03\\\/04\\\/raia-e-encontrada-morta-e-com-mascara-facial-em-praia-de-guaruja#article\",\"isPartOf\":{\"@id\":\"https:\\\/\\\/redenoticiaz.com.br\\\/litoralsp\\\/2022\\\/03\\\/04\\\/raia-e-encontrada-morta-e-com-mascara-facial-em-praia-de-guaruja\"},\"author\":{\"name\":\"Leonardo Francisco\",\"@id\":\"https:\\\/\\\/redenoticiaz.com.br\\\/litoralsp\\\/#\\\/schema\\\/person\\\/0f0b8a5bdafefe82841e07ae8d81ecb3\"},\"headline\":\"Raia \u00e9 encontrada morta e com m\u00e1scara facial em praia de Guaruj\u00e1\",\"datePublished\":\"2022-03-04T21:37:20+00:00\",\"dateModified\":\"2022-03-05T15:46:43+00:00\",\"mainEntityOfPage\":{\"@id\":\"https:\\\/\\\/redenoticiaz.com.br\\\/litoralsp\\\/2022\\\/03\\\/04\\\/raia-e-encontrada-morta-e-com-mascara-facial-em-praia-de-guaruja\"},\"wordCount\":439,\"commentCount\":0,\"publisher\":{\"@id\":\"https:\\\/\\\/redenoticiaz.com.br\\\/litoralsp\\\/#organization\"},\"image\":{\"@id\":\"https:\\\/\\\/redenoticiaz.com.br\\\/litoralsp\\\/2022\\\/03\\\/04\\\/raia-e-encontrada-morta-e-com-mascara-facial-em-praia-de-guaruja#primaryimage\"},\"thumbnailUrl\":\"https:\\\/\\\/redenoticiaz.com.br\\\/litoralsp\\\/wp-content\\\/uploads\\\/sites\\\/3\\\/2022\\\/03\\\/arraia-1.jpeg\",\"keywords\":[\"GUARUJ\u00c1\",\"INSTITUTO GREMAR\",\"M\u00c1SCARA DE PROTE\u00c7\u00c3O FACIAL\",\"MEIO AMBIENTE\",\"RAIA\"],\"articleSection\":[\"Guaruj\u00e1\",\"Meio Ambiente\"],\"inLanguage\":\"pt-BR\",\"potentialAction\":[{\"@type\":\"CommentAction\",\"name\":\"Comment\",\"target\":[\"https:\\\/\\\/redenoticiaz.com.br\\\/litoralsp\\\/2022\\\/03\\\/04\\\/raia-e-encontrada-morta-e-com-mascara-facial-em-praia-de-guaruja#respond\"]}]},{\"@type\":\"WebPage\",\"@id\":\"https:\\\/\\\/redenoticiaz.com.br\\\/litoralsp\\\/2022\\\/03\\\/04\\\/raia-e-encontrada-morta-e-com-mascara-facial-em-praia-de-guaruja\",\"url\":\"https:\\\/\\\/redenoticiaz.com.br\\\/litoralsp\\\/2022\\\/03\\\/04\\\/raia-e-encontrada-morta-e-com-mascara-facial-em-praia-de-guaruja\",\"name\":\"Raia \u00e9 encontrada morta e com m\u00e1scara facial em praia de Guaruj\u00e1 - Litoral SP\",\"isPartOf\":{\"@id\":\"https:\\\/\\\/redenoticiaz.com.br\\\/litoralsp\\\/#website\"},\"primaryImageOfPage\":{\"@id\":\"https:\\\/\\\/redenoticiaz.com.br\\\/litoralsp\\\/2022\\\/03\\\/04\\\/raia-e-encontrada-morta-e-com-mascara-facial-em-praia-de-guaruja#primaryimage\"},\"image\":{\"@id\":\"https:\\\/\\\/redenoticiaz.com.br\\\/litoralsp\\\/2022\\\/03\\\/04\\\/raia-e-encontrada-morta-e-com-mascara-facial-em-praia-de-guaruja#primaryimage\"},\"thumbnailUrl\":\"https:\\\/\\\/redenoticiaz.com.br\\\/litoralsp\\\/wp-content\\\/uploads\\\/sites\\\/3\\\/2022\\\/03\\\/arraia-1.jpeg\",\"datePublished\":\"2022-03-04T21:37:20+00:00\",\"dateModified\":\"2022-03-05T15:46:43+00:00\",\"description\":\"Uma raia morta e com uma m\u00e1scara facial de prote\u00e7\u00e3o contra a Covid-19 foi enconrtrada em uma praia de Guaruj\u00e1. Especialistas\",\"inLanguage\":\"pt-BR\",\"potentialAction\":[{\"@type\":\"ReadAction\",\"target\":[\"https:\\\/\\\/redenoticiaz.com.br\\\/litoralsp\\\/2022\\\/03\\\/04\\\/raia-e-encontrada-morta-e-com-mascara-facial-em-praia-de-guaruja\"]}]},{\"@type\":\"ImageObject\",\"inLanguage\":\"pt-BR\",\"@id\":\"https:\\\/\\\/redenoticiaz.com.br\\\/litoralsp\\\/2022\\\/03\\\/04\\\/raia-e-encontrada-morta-e-com-mascara-facial-em-praia-de-guaruja#primaryimage\",\"url\":\"https:\\\/\\\/redenoticiaz.com.br\\\/litoralsp\\\/wp-content\\\/uploads\\\/sites\\\/3\\\/2022\\\/03\\\/arraia-1.jpeg\",\"contentUrl\":\"https:\\\/\\\/redenoticiaz.com.br\\\/litoralsp\\\/wp-content\\\/uploads\\\/sites\\\/3\\\/2022\\\/03\\\/arraia-1.jpeg\",\"width\":984,\"height\":530,\"caption\":\"Cr\u00e9ditos: Divulga\u00e7\u00e3o\\\/Instituto Gremar\"},{\"@type\":\"WebSite\",\"@id\":\"https:\\\/\\\/redenoticiaz.com.br\\\/litoralsp\\\/#website\",\"url\":\"https:\\\/\\\/redenoticiaz.com.br\\\/litoralsp\\\/\",\"name\":\"Litoral SP\",\"description\":\"Rede NoticiaZ\",\"publisher\":{\"@id\":\"https:\\\/\\\/redenoticiaz.com.br\\\/litoralsp\\\/#organization\"},\"potentialAction\":[{\"@type\":\"SearchAction\",\"target\":{\"@type\":\"EntryPoint\",\"urlTemplate\":\"https:\\\/\\\/redenoticiaz.com.br\\\/litoralsp\\\/?s={search_term_string}\"},\"query-input\":{\"@type\":\"PropertyValueSpecification\",\"valueRequired\":true,\"valueName\":\"search_term_string\"}}],\"inLanguage\":\"pt-BR\"},{\"@type\":\"Organization\",\"@id\":\"https:\\\/\\\/redenoticiaz.com.br\\\/litoralsp\\\/#organization\",\"name\":\"Litoral SP\",\"url\":\"https:\\\/\\\/redenoticiaz.com.br\\\/litoralsp\\\/\",\"logo\":{\"@type\":\"ImageObject\",\"inLanguage\":\"pt-BR\",\"@id\":\"https:\\\/\\\/redenoticiaz.com.br\\\/litoralsp\\\/#\\\/schema\\\/logo\\\/image\\\/\",\"url\":\"https:\\\/\\\/redenoticiaz.com.br\\\/litoralsp\\\/wp-content\\\/uploads\\\/sites\\\/3\\\/2020\\\/11\\\/logo.jpg\",\"contentUrl\":\"https:\\\/\\\/redenoticiaz.com.br\\\/litoralsp\\\/wp-content\\\/uploads\\\/sites\\\/3\\\/2020\\\/11\\\/logo.jpg\",\"width\":400,\"height\":250,\"caption\":\"Litoral SP\"},\"image\":{\"@id\":\"https:\\\/\\\/redenoticiaz.com.br\\\/litoralsp\\\/#\\\/schema\\\/logo\\\/image\\\/\"}},{\"@type\":\"Person\",\"@id\":\"https:\\\/\\\/redenoticiaz.com.br\\\/litoralsp\\\/#\\\/schema\\\/person\\\/0f0b8a5bdafefe82841e07ae8d81ecb3\",\"name\":\"Leonardo Francisco\",\"image\":{\"@type\":\"ImageObject\",\"inLanguage\":\"pt-BR\",\"@id\":\"https:\\\/\\\/secure.gravatar.com\\\/avatar\\\/a7358cb406a99b682ec6df1e77e31ae82e63601f6784e8a3df411d72b37864da?s=96&d=mm&r=g\",\"url\":\"https:\\\/\\\/secure.gravatar.com\\\/avatar\\\/a7358cb406a99b682ec6df1e77e31ae82e63601f6784e8a3df411d72b37864da?s=96&d=mm&r=g\",\"contentUrl\":\"https:\\\/\\\/secure.gravatar.com\\\/avatar\\\/a7358cb406a99b682ec6df1e77e31ae82e63601f6784e8a3df411d72b37864da?s=96&d=mm&r=g\",\"caption\":\"Leonardo Francisco\"},\"url\":\"https:\\\/\\\/redenoticiaz.com.br\\\/litoralsp\\\/author\\\/leonardo-francisco\"}]}<\/script>\n<!-- \/ Yoast SEO plugin. -->","yoast_head_json":{"title":"Raia \u00e9 encontrada morta e com m\u00e1scara facial em praia de Guaruj\u00e1 - Litoral SP","description":"Uma raia morta e com uma m\u00e1scara facial de prote\u00e7\u00e3o contra a Covid-19 foi enconrtrada em uma praia de Guaruj\u00e1. Especialistas","robots":{"index":"index","follow":"follow","max-snippet":"max-snippet:-1","max-image-preview":"max-image-preview:large","max-video-preview":"max-video-preview:-1"},"canonical":"https:\/\/redenoticiaz.com.br\/litoralsp\/2022\/03\/04\/raia-e-encontrada-morta-e-com-mascara-facial-em-praia-de-guaruja","og_locale":"pt_BR","og_type":"article","og_title":"Raia \u00e9 encontrada morta e com m\u00e1scara facial em praia de Guaruj\u00e1 - Litoral SP","og_description":"Uma raia morta e com uma m\u00e1scara facial de prote\u00e7\u00e3o contra a Covid-19 foi enconrtrada em uma praia de Guaruj\u00e1. Especialistas","og_url":"https:\/\/redenoticiaz.com.br\/litoralsp\/2022\/03\/04\/raia-e-encontrada-morta-e-com-mascara-facial-em-praia-de-guaruja","og_site_name":"Litoral SP","article_published_time":"2022-03-04T21:37:20+00:00","article_modified_time":"2022-03-05T15:46:43+00:00","og_image":[{"width":984,"height":530,"url":"https:\/\/redenoticiaz.com.br\/litoralsp\/wp-content\/uploads\/sites\/3\/2022\/03\/arraia-1.jpeg","type":"image\/jpeg"}],"author":"Leonardo Francisco","twitter_card":"summary_large_image","twitter_misc":{"Escrito por":"Leonardo Francisco","Est. tempo de leitura":"2 minutos"},"schema":{"@context":"https:\/\/schema.org","@graph":[{"@type":"Article","@id":"https:\/\/redenoticiaz.com.br\/litoralsp\/2022\/03\/04\/raia-e-encontrada-morta-e-com-mascara-facial-em-praia-de-guaruja#article","isPartOf":{"@id":"https:\/\/redenoticiaz.com.br\/litoralsp\/2022\/03\/04\/raia-e-encontrada-morta-e-com-mascara-facial-em-praia-de-guaruja"},"author":{"name":"Leonardo Francisco","@id":"https:\/\/redenoticiaz.com.br\/litoralsp\/#\/schema\/person\/0f0b8a5bdafefe82841e07ae8d81ecb3"},"headline":"Raia \u00e9 encontrada morta e com m\u00e1scara facial em praia de Guaruj\u00e1","datePublished":"2022-03-04T21:37:20+00:00","dateModified":"2022-03-05T15:46:43+00:00","mainEntityOfPage":{"@id":"https:\/\/redenoticiaz.com.br\/litoralsp\/2022\/03\/04\/raia-e-encontrada-morta-e-com-mascara-facial-em-praia-de-guaruja"},"wordCount":439,"commentCount":0,"publisher":{"@id":"https:\/\/redenoticiaz.com.br\/litoralsp\/#organization"},"image":{"@id":"https:\/\/redenoticiaz.com.br\/litoralsp\/2022\/03\/04\/raia-e-encontrada-morta-e-com-mascara-facial-em-praia-de-guaruja#primaryimage"},"thumbnailUrl":"https:\/\/redenoticiaz.com.br\/litoralsp\/wp-content\/uploads\/sites\/3\/2022\/03\/arraia-1.jpeg","keywords":["GUARUJ\u00c1","INSTITUTO GREMAR","M\u00c1SCARA DE PROTE\u00c7\u00c3O FACIAL","MEIO AMBIENTE","RAIA"],"articleSection":["Guaruj\u00e1","Meio Ambiente"],"inLanguage":"pt-BR","potentialAction":[{"@type":"CommentAction","name":"Comment","target":["https:\/\/redenoticiaz.com.br\/litoralsp\/2022\/03\/04\/raia-e-encontrada-morta-e-com-mascara-facial-em-praia-de-guaruja#respond"]}]},{"@type":"WebPage","@id":"https:\/\/redenoticiaz.com.br\/litoralsp\/2022\/03\/04\/raia-e-encontrada-morta-e-com-mascara-facial-em-praia-de-guaruja","url":"https:\/\/redenoticiaz.com.br\/litoralsp\/2022\/03\/04\/raia-e-encontrada-morta-e-com-mascara-facial-em-praia-de-guaruja","name":"Raia \u00e9 encontrada morta e com m\u00e1scara facial em praia de Guaruj\u00e1 - Litoral SP","isPartOf":{"@id":"https:\/\/redenoticiaz.com.br\/litoralsp\/#website"},"primaryImageOfPage":{"@id":"https:\/\/redenoticiaz.com.br\/litoralsp\/2022\/03\/04\/raia-e-encontrada-morta-e-com-mascara-facial-em-praia-de-guaruja#primaryimage"},"image":{"@id":"https:\/\/redenoticiaz.com.br\/litoralsp\/2022\/03\/04\/raia-e-encontrada-morta-e-com-mascara-facial-em-praia-de-guaruja#primaryimage"},"thumbnailUrl":"https:\/\/redenoticiaz.com.br\/litoralsp\/wp-content\/uploads\/sites\/3\/2022\/03\/arraia-1.jpeg","datePublished":"2022-03-04T21:37:20+00:00","dateModified":"2022-03-05T15:46:43+00:00","description":"Uma raia morta e com uma m\u00e1scara facial de prote\u00e7\u00e3o contra a Covid-19 foi enconrtrada em uma praia de Guaruj\u00e1. Especialistas","inLanguage":"pt-BR","potentialAction":[{"@type":"ReadAction","target":["https:\/\/redenoticiaz.com.br\/litoralsp\/2022\/03\/04\/raia-e-encontrada-morta-e-com-mascara-facial-em-praia-de-guaruja"]}]},{"@type":"ImageObject","inLanguage":"pt-BR","@id":"https:\/\/redenoticiaz.com.br\/litoralsp\/2022\/03\/04\/raia-e-encontrada-morta-e-com-mascara-facial-em-praia-de-guaruja#primaryimage","url":"https:\/\/redenoticiaz.com.br\/litoralsp\/wp-content\/uploads\/sites\/3\/2022\/03\/arraia-1.jpeg","contentUrl":"https:\/\/redenoticiaz.com.br\/litoralsp\/wp-content\/uploads\/sites\/3\/2022\/03\/arraia-1.jpeg","width":984,"height":530,"caption":"Cr\u00e9ditos: Divulga\u00e7\u00e3o\/Instituto Gremar"},{"@type":"WebSite","@id":"https:\/\/redenoticiaz.com.br\/litoralsp\/#website","url":"https:\/\/redenoticiaz.com.br\/litoralsp\/","name":"Litoral SP","description":"Rede NoticiaZ","publisher":{"@id":"https:\/\/redenoticiaz.com.br\/litoralsp\/#organization"},"potentialAction":[{"@type":"SearchAction","target":{"@type":"EntryPoint","urlTemplate":"https:\/\/redenoticiaz.com.br\/litoralsp\/?s={search_term_string}"},"query-input":{"@type":"PropertyValueSpecification","valueRequired":true,"valueName":"search_term_string"}}],"inLanguage":"pt-BR"},{"@type":"Organization","@id":"https:\/\/redenoticiaz.com.br\/litoralsp\/#organization","name":"Litoral SP","url":"https:\/\/redenoticiaz.com.br\/litoralsp\/","logo":{"@type":"ImageObject","inLanguage":"pt-BR","@id":"https:\/\/redenoticiaz.com.br\/litoralsp\/#\/schema\/logo\/image\/","url":"https:\/\/redenoticiaz.com.br\/litoralsp\/wp-content\/uploads\/sites\/3\/2020\/11\/logo.jpg","contentUrl":"https:\/\/redenoticiaz.com.br\/litoralsp\/wp-content\/uploads\/sites\/3\/2020\/11\/logo.jpg","width":400,"height":250,"caption":"Litoral SP"},"image":{"@id":"https:\/\/redenoticiaz.com.br\/litoralsp\/#\/schema\/logo\/image\/"}},{"@type":"Person","@id":"https:\/\/redenoticiaz.com.br\/litoralsp\/#\/schema\/person\/0f0b8a5bdafefe82841e07ae8d81ecb3","name":"Leonardo Francisco","image":{"@type":"ImageObject","inLanguage":"pt-BR","@id":"https:\/\/secure.gravatar.com\/avatar\/a7358cb406a99b682ec6df1e77e31ae82e63601f6784e8a3df411d72b37864da?s=96&d=mm&r=g","url":"https:\/\/secure.gravatar.com\/avatar\/a7358cb406a99b682ec6df1e77e31ae82e63601f6784e8a3df411d72b37864da?s=96&d=mm&r=g","contentUrl":"https:\/\/secure.gravatar.com\/avatar\/a7358cb406a99b682ec6df1e77e31ae82e63601f6784e8a3df411d72b37864da?s=96&d=mm&r=g","caption":"Leonardo Francisco"},"url":"https:\/\/redenoticiaz.com.br\/litoralsp\/author\/leonardo-francisco"}]}},"_links":{"self":[{"href":"https:\/\/redenoticiaz.com.br\/litoralsp\/wp-json\/wp\/v2\/posts\/24446","targetHints":{"allow":["GET"]}}],"collection":[{"href":"https:\/\/redenoticiaz.com.br\/litoralsp\/wp-json\/wp\/v2\/posts"}],"about":[{"href":"https:\/\/redenoticiaz.com.br\/litoralsp\/wp-json\/wp\/v2\/types\/post"}],"author":[{"embeddable":true,"href":"https:\/\/redenoticiaz.com.br\/litoralsp\/wp-json\/wp\/v2\/users\/6"}],"replies":[{"embeddable":true,"href":"https:\/\/redenoticiaz.com.br\/litoralsp\/wp-json\/wp\/v2\/comments?post=24446"}],"version-history":[{"count":1,"href":"https:\/\/redenoticiaz.com.br\/litoralsp\/wp-json\/wp\/v2\/posts\/24446\/revisions"}],"predecessor-version":[{"id":24448,"href":"https:\/\/redenoticiaz.com.br\/litoralsp\/wp-json\/wp\/v2\/posts\/24446\/revisions\/24448"}],"wp:featuredmedia":[{"embeddable":true,"href":"https:\/\/redenoticiaz.com.br\/litoralsp\/wp-json\/wp\/v2\/media\/24447"}],"wp:attachment":[{"href":"https:\/\/redenoticiaz.com.br\/litoralsp\/wp-json\/wp\/v2\/media?parent=24446"}],"wp:term":[{"taxonomy":"category","embeddable":true,"href":"https:\/\/redenoticiaz.com.br\/litoralsp\/wp-json\/wp\/v2\/categories?post=24446"},{"taxonomy":"post_tag","embeddable":true,"href":"https:\/\/redenoticiaz.com.br\/litoralsp\/wp-json\/wp\/v2\/tags?post=24446"}],"curies":[{"name":"wp","href":"https:\/\/api.w.org\/{rel}","templated":true}]}}