{"id":24454,"date":"2022-03-05T10:11:18","date_gmt":"2022-03-05T13:11:18","guid":{"rendered":"https:\/\/redenoticiaz.com.br\/litoralsp\/?p=24454"},"modified":"2022-03-05T10:11:18","modified_gmt":"2022-03-05T13:11:18","slug":"primeiro-festival-de-surf-em-sao-vicente-agita-cidade-neste-domingo","status":"publish","type":"post","link":"https:\/\/redenoticiaz.com.br\/litoralsp\/2022\/03\/05\/primeiro-festival-de-surf-em-sao-vicente-agita-cidade-neste-domingo","title":{"rendered":"Primeiro Festival de Surf em S\u00e3o Vicente agita cidade neste domingo"},"content":{"rendered":"<p>A cidade de <a href=\"https:\/\/www.saovicente.sp.gov.br\/\">S\u00e3o Vicente<\/a> sediar\u00e1 neste domingo (6), das 8h \u00e0s 16h, o primeiro <strong>Festival de Surf Fam\u00edlia Santos<\/strong>. O evento estar\u00e1 concentrado na praia de Itarar\u00e9, e reunir\u00e1 69 atletas da Baixada Santista, em sete categorias (Gran kahuna, Kahuna, Master, Open, Supfoil, Longboard e Sub 12).<\/p>\n<p>O torneio ser\u00e1 em frente ao quiosque \u2018Marllon Lanches\u2019 na Avenida e conta com apoio da Prefeitura, por meio da Secretaria de Cultura, Esportes e Cidadania (Secec).<\/p>\n<p>Ao final da competi\u00e7\u00e3o, todos os participantes ser\u00e3o premiados com pranchas e roupas de surf. A cerim\u00f4nia tamb\u00e9m contar\u00e1 com apresenta\u00e7\u00f5es de bandas de rock, para agitar a galera.<\/p>\n<p>O festival ser\u00e1 idealizado com o objetivo de proporcionar um dia de lazer e dar visibilidade aos atletas de surf da Baixada.<\/p>\n<p>\u201cTemos como intuito incentivar a pr\u00e1tica esportiva no Munic\u00edpio. Competi\u00e7\u00f5es como essa alimentam o bem-estar e valorizam o trabalho dos nossos atletas\u201d, destaca o subsecret\u00e1rio de Esportes, Wagner Paraguay.<\/p>\n<p><strong>LEIA TAMB\u00c9M<\/strong><\/p>\n<p><a href=\"https:\/\/redenoticiaz.com.br\/litoralsp\/2022\/03\/04\/bertioga-promove-o-dia-d-de-vacinacao-contra-a-covid-19\">Bertioga promove o &#8216;Dia D&#8217; de vacina\u00e7\u00e3o contra a Covid-19<\/a><\/p>\n","protected":false},"excerpt":{"rendered":"<p>A cidade de S\u00e3o Vicente sediar\u00e1 neste domingo (6), das 8h \u00e0s 16h, o primeiro Festival de Surf Fam\u00edlia Santos. O evento estar\u00e1 concentrado na praia de Itarar\u00e9, e reunir\u00e1 69 atletas da Baixada Santista, em sete categorias (Gran kahuna, Kahuna, Master, Open, Supfoil, Longboard e Sub 12). O torneio ser\u00e1 em frente ao quiosque &hellip;<\/p>\n","protected":false},"author":15,"featured_media":838,"comment_status":"open","ping_status":"closed","sticky":false,"template":"","format":"standard","meta":{"footnotes":""},"categories":[35,181],"tags":[1148,33682,33,28549],"class_list":["post-24454","post","type-post","status-publish","format-standard","has-post-thumbnail","hentry","category-esporte","category-sao-vicente","tag-baixada-santista","tag-esportes","tag-sao-vicente","tag-surf"],"yoast_head":"<!-- This site is optimized with the Yoast SEO plugin v27.5 - https:\/\/yoast.com\/product\/yoast-seo-wordpress\/ -->\n<title>Primeiro Festival de Surf em S\u00e3o Vicente agita cidade neste domingo - Litoral SP<\/title>\n<meta name=\"description\" content=\"A cidade de S\u00e3o Vicente sediar\u00e1 neste domingo (6), o primeiro Festival de Surf Fam\u00edlia Santos. O evento estar\u00e1 concentrado na praia de Itarar\u00e9\" \/>\n<meta name=\"robots\" content=\"index, follow, max-snippet:-1, max-image-preview:large, max-video-preview:-1\" \/>\n<link rel=\"canonical\" href=\"https:\/\/redenoticiaz.com.br\/litoralsp\/2022\/03\/05\/primeiro-festival-de-surf-em-sao-vicente-agita-cidade-neste-domingo\" \/>\n<meta property=\"og:locale\" content=\"pt_BR\" \/>\n<meta property=\"og:type\" content=\"article\" \/>\n<meta property=\"og:title\" content=\"Primeiro Festival de Surf em S\u00e3o Vicente agita cidade neste domingo - Litoral SP\" \/>\n<meta property=\"og:description\" content=\"A cidade de S\u00e3o Vicente sediar\u00e1 neste domingo (6), o primeiro Festival de Surf Fam\u00edlia Santos. O evento estar\u00e1 concentrado na praia de Itarar\u00e9\" \/>\n<meta property=\"og:url\" content=\"https:\/\/redenoticiaz.com.br\/litoralsp\/2022\/03\/05\/primeiro-festival-de-surf-em-sao-vicente-agita-cidade-neste-domingo\" \/>\n<meta property=\"og:site_name\" content=\"Litoral SP\" \/>\n<meta property=\"article:published_time\" content=\"2022-03-05T13:11:18+00:00\" \/>\n<meta property=\"og:image\" content=\"https:\/\/redenoticiaz.com.br\/litoralsp\/wp-content\/uploads\/sites\/3\/2020\/12\/true-surf-game.jpg\" \/>\n\t<meta property=\"og:image:width\" content=\"750\" \/>\n\t<meta property=\"og:image:height\" content=\"500\" \/>\n\t<meta property=\"og:image:type\" content=\"image\/jpeg\" \/>\n<meta name=\"twitter:card\" content=\"summary_large_image\" \/>\n<meta name=\"twitter:label1\" content=\"Escrito por\" \/>\n\t<meta name=\"twitter:data1\" content=\"\" \/>\n\t<meta name=\"twitter:label2\" content=\"Est. tempo de leitura\" \/>\n\t<meta name=\"twitter:data2\" content=\"1 minuto\" \/>\n<script type=\"application\/ld+json\" class=\"yoast-schema-graph\">{\"@context\":\"https:\\\/\\\/schema.org\",\"@graph\":[{\"@type\":\"Article\",\"@id\":\"https:\\\/\\\/redenoticiaz.com.br\\\/litoralsp\\\/2022\\\/03\\\/05\\\/primeiro-festival-de-surf-em-sao-vicente-agita-cidade-neste-domingo#article\",\"isPartOf\":{\"@id\":\"https:\\\/\\\/redenoticiaz.com.br\\\/litoralsp\\\/2022\\\/03\\\/05\\\/primeiro-festival-de-surf-em-sao-vicente-agita-cidade-neste-domingo\"},\"author\":{\"name\":\"\",\"@id\":\"\"},\"headline\":\"Primeiro Festival de Surf em S\u00e3o Vicente agita cidade neste domingo\",\"datePublished\":\"2022-03-05T13:11:18+00:00\",\"mainEntityOfPage\":{\"@id\":\"https:\\\/\\\/redenoticiaz.com.br\\\/litoralsp\\\/2022\\\/03\\\/05\\\/primeiro-festival-de-surf-em-sao-vicente-agita-cidade-neste-domingo\"},\"wordCount\":189,\"commentCount\":0,\"publisher\":{\"@id\":\"https:\\\/\\\/redenoticiaz.com.br\\\/litoralsp\\\/#organization\"},\"image\":{\"@id\":\"https:\\\/\\\/redenoticiaz.com.br\\\/litoralsp\\\/2022\\\/03\\\/05\\\/primeiro-festival-de-surf-em-sao-vicente-agita-cidade-neste-domingo#primaryimage\"},\"thumbnailUrl\":\"https:\\\/\\\/redenoticiaz.com.br\\\/litoralsp\\\/wp-content\\\/uploads\\\/sites\\\/3\\\/2020\\\/12\\\/true-surf-game.jpg\",\"keywords\":[\"BAIXADA SANTISTA\",\"ESPORTES\",\"S\u00e3o Vicente\",\"SURF\"],\"articleSection\":[\"Esporte\",\"S\u00e3o Vicente\"],\"inLanguage\":\"pt-BR\",\"potentialAction\":[{\"@type\":\"CommentAction\",\"name\":\"Comment\",\"target\":[\"https:\\\/\\\/redenoticiaz.com.br\\\/litoralsp\\\/2022\\\/03\\\/05\\\/primeiro-festival-de-surf-em-sao-vicente-agita-cidade-neste-domingo#respond\"]}]},{\"@type\":\"WebPage\",\"@id\":\"https:\\\/\\\/redenoticiaz.com.br\\\/litoralsp\\\/2022\\\/03\\\/05\\\/primeiro-festival-de-surf-em-sao-vicente-agita-cidade-neste-domingo\",\"url\":\"https:\\\/\\\/redenoticiaz.com.br\\\/litoralsp\\\/2022\\\/03\\\/05\\\/primeiro-festival-de-surf-em-sao-vicente-agita-cidade-neste-domingo\",\"name\":\"Primeiro Festival de Surf em S\u00e3o Vicente agita cidade neste domingo - Litoral SP\",\"isPartOf\":{\"@id\":\"https:\\\/\\\/redenoticiaz.com.br\\\/litoralsp\\\/#website\"},\"primaryImageOfPage\":{\"@id\":\"https:\\\/\\\/redenoticiaz.com.br\\\/litoralsp\\\/2022\\\/03\\\/05\\\/primeiro-festival-de-surf-em-sao-vicente-agita-cidade-neste-domingo#primaryimage\"},\"image\":{\"@id\":\"https:\\\/\\\/redenoticiaz.com.br\\\/litoralsp\\\/2022\\\/03\\\/05\\\/primeiro-festival-de-surf-em-sao-vicente-agita-cidade-neste-domingo#primaryimage\"},\"thumbnailUrl\":\"https:\\\/\\\/redenoticiaz.com.br\\\/litoralsp\\\/wp-content\\\/uploads\\\/sites\\\/3\\\/2020\\\/12\\\/true-surf-game.jpg\",\"datePublished\":\"2022-03-05T13:11:18+00:00\",\"description\":\"A cidade de S\u00e3o Vicente sediar\u00e1 neste domingo (6), o primeiro Festival de Surf Fam\u00edlia Santos. O evento estar\u00e1 concentrado na praia de Itarar\u00e9\",\"inLanguage\":\"pt-BR\",\"potentialAction\":[{\"@type\":\"ReadAction\",\"target\":[\"https:\\\/\\\/redenoticiaz.com.br\\\/litoralsp\\\/2022\\\/03\\\/05\\\/primeiro-festival-de-surf-em-sao-vicente-agita-cidade-neste-domingo\"]}]},{\"@type\":\"ImageObject\",\"inLanguage\":\"pt-BR\",\"@id\":\"https:\\\/\\\/redenoticiaz.com.br\\\/litoralsp\\\/2022\\\/03\\\/05\\\/primeiro-festival-de-surf-em-sao-vicente-agita-cidade-neste-domingo#primaryimage\",\"url\":\"https:\\\/\\\/redenoticiaz.com.br\\\/litoralsp\\\/wp-content\\\/uploads\\\/sites\\\/3\\\/2020\\\/12\\\/true-surf-game.jpg\",\"contentUrl\":\"https:\\\/\\\/redenoticiaz.com.br\\\/litoralsp\\\/wp-content\\\/uploads\\\/sites\\\/3\\\/2020\\\/12\\\/true-surf-game.jpg\",\"width\":750,\"height\":500,\"caption\":\"Primeiro Festival de Surf Fam\u00edlia Santos acontece, neste domingo (6), na cidade de S\u00e3o Vicente (Foto: Divulga\u00e7\u00e3o)\"},{\"@type\":\"WebSite\",\"@id\":\"https:\\\/\\\/redenoticiaz.com.br\\\/litoralsp\\\/#website\",\"url\":\"https:\\\/\\\/redenoticiaz.com.br\\\/litoralsp\\\/\",\"name\":\"Litoral SP\",\"description\":\"Rede NoticiaZ\",\"publisher\":{\"@id\":\"https:\\\/\\\/redenoticiaz.com.br\\\/litoralsp\\\/#organization\"},\"potentialAction\":[{\"@type\":\"SearchAction\",\"target\":{\"@type\":\"EntryPoint\",\"urlTemplate\":\"https:\\\/\\\/redenoticiaz.com.br\\\/litoralsp\\\/?s={search_term_string}\"},\"query-input\":{\"@type\":\"PropertyValueSpecification\",\"valueRequired\":true,\"valueName\":\"search_term_string\"}}],\"inLanguage\":\"pt-BR\"},{\"@type\":\"Organization\",\"@id\":\"https:\\\/\\\/redenoticiaz.com.br\\\/litoralsp\\\/#organization\",\"name\":\"Litoral SP\",\"url\":\"https:\\\/\\\/redenoticiaz.com.br\\\/litoralsp\\\/\",\"logo\":{\"@type\":\"ImageObject\",\"inLanguage\":\"pt-BR\",\"@id\":\"https:\\\/\\\/redenoticiaz.com.br\\\/litoralsp\\\/#\\\/schema\\\/logo\\\/image\\\/\",\"url\":\"https:\\\/\\\/redenoticiaz.com.br\\\/litoralsp\\\/wp-content\\\/uploads\\\/sites\\\/3\\\/2020\\\/11\\\/logo.jpg\",\"contentUrl\":\"https:\\\/\\\/redenoticiaz.com.br\\\/litoralsp\\\/wp-content\\\/uploads\\\/sites\\\/3\\\/2020\\\/11\\\/logo.jpg\",\"width\":400,\"height\":250,\"caption\":\"Litoral SP\"},\"image\":{\"@id\":\"https:\\\/\\\/redenoticiaz.com.br\\\/litoralsp\\\/#\\\/schema\\\/logo\\\/image\\\/\"}},{\"@type\":\"Person\",\"@id\":\"\",\"url\":\"https:\\\/\\\/redenoticiaz.com.br\\\/litoralsp\\\/author\"}]}<\/script>\n<!-- \/ Yoast SEO plugin. -->","yoast_head_json":{"title":"Primeiro Festival de Surf em S\u00e3o Vicente agita cidade neste domingo - Litoral SP","description":"A cidade de S\u00e3o Vicente sediar\u00e1 neste domingo (6), o primeiro Festival de Surf Fam\u00edlia Santos. O evento estar\u00e1 concentrado na praia de Itarar\u00e9","robots":{"index":"index","follow":"follow","max-snippet":"max-snippet:-1","max-image-preview":"max-image-preview:large","max-video-preview":"max-video-preview:-1"},"canonical":"https:\/\/redenoticiaz.com.br\/litoralsp\/2022\/03\/05\/primeiro-festival-de-surf-em-sao-vicente-agita-cidade-neste-domingo","og_locale":"pt_BR","og_type":"article","og_title":"Primeiro Festival de Surf em S\u00e3o Vicente agita cidade neste domingo - Litoral SP","og_description":"A cidade de S\u00e3o Vicente sediar\u00e1 neste domingo (6), o primeiro Festival de Surf Fam\u00edlia Santos. O evento estar\u00e1 concentrado na praia de Itarar\u00e9","og_url":"https:\/\/redenoticiaz.com.br\/litoralsp\/2022\/03\/05\/primeiro-festival-de-surf-em-sao-vicente-agita-cidade-neste-domingo","og_site_name":"Litoral SP","article_published_time":"2022-03-05T13:11:18+00:00","og_image":[{"width":750,"height":500,"url":"https:\/\/redenoticiaz.com.br\/litoralsp\/wp-content\/uploads\/sites\/3\/2020\/12\/true-surf-game.jpg","type":"image\/jpeg"}],"twitter_card":"summary_large_image","twitter_misc":{"Escrito por":"","Est. tempo de leitura":"1 minuto"},"schema":{"@context":"https:\/\/schema.org","@graph":[{"@type":"Article","@id":"https:\/\/redenoticiaz.com.br\/litoralsp\/2022\/03\/05\/primeiro-festival-de-surf-em-sao-vicente-agita-cidade-neste-domingo#article","isPartOf":{"@id":"https:\/\/redenoticiaz.com.br\/litoralsp\/2022\/03\/05\/primeiro-festival-de-surf-em-sao-vicente-agita-cidade-neste-domingo"},"author":{"name":"","@id":""},"headline":"Primeiro Festival de Surf em S\u00e3o Vicente agita cidade neste domingo","datePublished":"2022-03-05T13:11:18+00:00","mainEntityOfPage":{"@id":"https:\/\/redenoticiaz.com.br\/litoralsp\/2022\/03\/05\/primeiro-festival-de-surf-em-sao-vicente-agita-cidade-neste-domingo"},"wordCount":189,"commentCount":0,"publisher":{"@id":"https:\/\/redenoticiaz.com.br\/litoralsp\/#organization"},"image":{"@id":"https:\/\/redenoticiaz.com.br\/litoralsp\/2022\/03\/05\/primeiro-festival-de-surf-em-sao-vicente-agita-cidade-neste-domingo#primaryimage"},"thumbnailUrl":"https:\/\/redenoticiaz.com.br\/litoralsp\/wp-content\/uploads\/sites\/3\/2020\/12\/true-surf-game.jpg","keywords":["BAIXADA SANTISTA","ESPORTES","S\u00e3o Vicente","SURF"],"articleSection":["Esporte","S\u00e3o Vicente"],"inLanguage":"pt-BR","potentialAction":[{"@type":"CommentAction","name":"Comment","target":["https:\/\/redenoticiaz.com.br\/litoralsp\/2022\/03\/05\/primeiro-festival-de-surf-em-sao-vicente-agita-cidade-neste-domingo#respond"]}]},{"@type":"WebPage","@id":"https:\/\/redenoticiaz.com.br\/litoralsp\/2022\/03\/05\/primeiro-festival-de-surf-em-sao-vicente-agita-cidade-neste-domingo","url":"https:\/\/redenoticiaz.com.br\/litoralsp\/2022\/03\/05\/primeiro-festival-de-surf-em-sao-vicente-agita-cidade-neste-domingo","name":"Primeiro Festival de Surf em S\u00e3o Vicente agita cidade neste domingo - Litoral SP","isPartOf":{"@id":"https:\/\/redenoticiaz.com.br\/litoralsp\/#website"},"primaryImageOfPage":{"@id":"https:\/\/redenoticiaz.com.br\/litoralsp\/2022\/03\/05\/primeiro-festival-de-surf-em-sao-vicente-agita-cidade-neste-domingo#primaryimage"},"image":{"@id":"https:\/\/redenoticiaz.com.br\/litoralsp\/2022\/03\/05\/primeiro-festival-de-surf-em-sao-vicente-agita-cidade-neste-domingo#primaryimage"},"thumbnailUrl":"https:\/\/redenoticiaz.com.br\/litoralsp\/wp-content\/uploads\/sites\/3\/2020\/12\/true-surf-game.jpg","datePublished":"2022-03-05T13:11:18+00:00","description":"A cidade de S\u00e3o Vicente sediar\u00e1 neste domingo (6), o primeiro Festival de Surf Fam\u00edlia Santos. O evento estar\u00e1 concentrado na praia de Itarar\u00e9","inLanguage":"pt-BR","potentialAction":[{"@type":"ReadAction","target":["https:\/\/redenoticiaz.com.br\/litoralsp\/2022\/03\/05\/primeiro-festival-de-surf-em-sao-vicente-agita-cidade-neste-domingo"]}]},{"@type":"ImageObject","inLanguage":"pt-BR","@id":"https:\/\/redenoticiaz.com.br\/litoralsp\/2022\/03\/05\/primeiro-festival-de-surf-em-sao-vicente-agita-cidade-neste-domingo#primaryimage","url":"https:\/\/redenoticiaz.com.br\/litoralsp\/wp-content\/uploads\/sites\/3\/2020\/12\/true-surf-game.jpg","contentUrl":"https:\/\/redenoticiaz.com.br\/litoralsp\/wp-content\/uploads\/sites\/3\/2020\/12\/true-surf-game.jpg","width":750,"height":500,"caption":"Primeiro Festival de Surf Fam\u00edlia Santos acontece, neste domingo (6), na cidade de S\u00e3o Vicente (Foto: Divulga\u00e7\u00e3o)"},{"@type":"WebSite","@id":"https:\/\/redenoticiaz.com.br\/litoralsp\/#website","url":"https:\/\/redenoticiaz.com.br\/litoralsp\/","name":"Litoral SP","description":"Rede NoticiaZ","publisher":{"@id":"https:\/\/redenoticiaz.com.br\/litoralsp\/#organization"},"potentialAction":[{"@type":"SearchAction","target":{"@type":"EntryPoint","urlTemplate":"https:\/\/redenoticiaz.com.br\/litoralsp\/?s={search_term_string}"},"query-input":{"@type":"PropertyValueSpecification","valueRequired":true,"valueName":"search_term_string"}}],"inLanguage":"pt-BR"},{"@type":"Organization","@id":"https:\/\/redenoticiaz.com.br\/litoralsp\/#organization","name":"Litoral SP","url":"https:\/\/redenoticiaz.com.br\/litoralsp\/","logo":{"@type":"ImageObject","inLanguage":"pt-BR","@id":"https:\/\/redenoticiaz.com.br\/litoralsp\/#\/schema\/logo\/image\/","url":"https:\/\/redenoticiaz.com.br\/litoralsp\/wp-content\/uploads\/sites\/3\/2020\/11\/logo.jpg","contentUrl":"https:\/\/redenoticiaz.com.br\/litoralsp\/wp-content\/uploads\/sites\/3\/2020\/11\/logo.jpg","width":400,"height":250,"caption":"Litoral SP"},"image":{"@id":"https:\/\/redenoticiaz.com.br\/litoralsp\/#\/schema\/logo\/image\/"}},{"@type":"Person","@id":"","url":"https:\/\/redenoticiaz.com.br\/litoralsp\/author"}]}},"_links":{"self":[{"href":"https:\/\/redenoticiaz.com.br\/litoralsp\/wp-json\/wp\/v2\/posts\/24454","targetHints":{"allow":["GET"]}}],"collection":[{"href":"https:\/\/redenoticiaz.com.br\/litoralsp\/wp-json\/wp\/v2\/posts"}],"about":[{"href":"https:\/\/redenoticiaz.com.br\/litoralsp\/wp-json\/wp\/v2\/types\/post"}],"author":[{"embeddable":true,"href":"https:\/\/redenoticiaz.com.br\/litoralsp\/wp-json\/wp\/v2\/users\/15"}],"replies":[{"embeddable":true,"href":"https:\/\/redenoticiaz.com.br\/litoralsp\/wp-json\/wp\/v2\/comments?post=24454"}],"version-history":[{"count":1,"href":"https:\/\/redenoticiaz.com.br\/litoralsp\/wp-json\/wp\/v2\/posts\/24454\/revisions"}],"predecessor-version":[{"id":24455,"href":"https:\/\/redenoticiaz.com.br\/litoralsp\/wp-json\/wp\/v2\/posts\/24454\/revisions\/24455"}],"wp:featuredmedia":[{"embeddable":true,"href":"https:\/\/redenoticiaz.com.br\/litoralsp\/wp-json\/wp\/v2\/media\/838"}],"wp:attachment":[{"href":"https:\/\/redenoticiaz.com.br\/litoralsp\/wp-json\/wp\/v2\/media?parent=24454"}],"wp:term":[{"taxonomy":"category","embeddable":true,"href":"https:\/\/redenoticiaz.com.br\/litoralsp\/wp-json\/wp\/v2\/categories?post=24454"},{"taxonomy":"post_tag","embeddable":true,"href":"https:\/\/redenoticiaz.com.br\/litoralsp\/wp-json\/wp\/v2\/tags?post=24454"}],"curies":[{"name":"wp","href":"https:\/\/api.w.org\/{rel}","templated":true}]}}