{"id":24456,"date":"2022-03-05T10:35:53","date_gmt":"2022-03-05T13:35:53","guid":{"rendered":"https:\/\/redenoticiaz.com.br\/litoralsp\/?p=24456"},"modified":"2022-03-05T12:44:49","modified_gmt":"2022-03-05T15:44:49","slug":"animal-com-aparencia-pre-historica-aparece-na-praia-de-ilha-comprida","status":"publish","type":"post","link":"https:\/\/redenoticiaz.com.br\/litoralsp\/2022\/03\/05\/animal-com-aparencia-pre-historica-aparece-na-praia-de-ilha-comprida","title":{"rendered":"Animal com apar\u00eancia pr\u00e9-hist\u00f3rica aparece na praia de Ilha Comprida"},"content":{"rendered":"<p>Um animal com <strong>apar\u00eancia pr\u00e9-hist\u00f3rica<\/strong> e semelhante a uma cobra, foi encontrado na Praia da Trincheira, em <a href=\"https:\/\/www.ilhacomprida.sp.gov.br\/\">Ilha Comprida<\/a>. A imagem do bicho ganhou repercuss\u00e3o nas m\u00eddias sociais, ap\u00f3s a fot\u00f3grafa M\u00f4nica Alves, de 47 anos, fazer o registro do peixe. O clique foi feito durante um ensaio que fazia para uma modelo pr\u00f3ximo ao local onde ele foi encontrado.<\/p>\n<p>Em entrevista ao portal G1, a profissional de fotografia conta que se espantou como tamanho do animal, em especial, pelos seus dentes que estavam a mostra, embora, o bicho j\u00e1 estivesse morto. \u201cO que me chamou a aten\u00e7\u00e3o foi o tamanho [do animal], e como morreu com a boca aberta, deu para ver os detalhes dos dentes&#8221;, relatou, ao portou de not\u00edcias.<\/p>\n<p>A fot\u00f3grafa publicou a imagem do animal, que se trata de Miror\u00f3-pintado em sua p\u00e1gina oficial no Facebook e a foto ganhou repercuss\u00e3o.<\/p>\n<p><strong>LEIA TAMB\u00c9M<\/strong><\/p>\n<p><a href=\"https:\/\/redenoticiaz.com.br\/litoralsp\/2022\/03\/05\/primeiro-festival-de-surf-em-sao-vicente-agita-cidade-neste-domingo\">Primeiro Festival de Surf em S\u00e3o Vicente agita cidade neste domingo<\/a><\/p>\n","protected":false},"excerpt":{"rendered":"<p>Um animal com apar\u00eancia pr\u00e9-hist\u00f3rica e semelhante a uma cobra, foi encontrado na Praia da Trincheira, em Ilha Comprida. A imagem do bicho ganhou repercuss\u00e3o nas m\u00eddias sociais, ap\u00f3s a fot\u00f3grafa M\u00f4nica Alves, de 47 anos, fazer o registro do peixe. O clique foi feito durante um ensaio que fazia para uma modelo pr\u00f3ximo ao &hellip;<\/p>\n","protected":false},"author":15,"featured_media":24457,"comment_status":"open","ping_status":"closed","sticky":false,"template":"","format":"standard","meta":{"footnotes":""},"categories":[2,12777,1487],"tags":[51636,10688,51635,33396],"class_list":["post-24456","post","type-post","status-publish","format-standard","has-post-thumbnail","hentry","category-cidades","category-ilha-comprida","category-meio-ambiente","tag-fotografia","tag-ilha-comprida","tag-monica-alves","tag-peixe"],"yoast_head":"<!-- This site is optimized with the Yoast SEO plugin v27.5 - https:\/\/yoast.com\/product\/yoast-seo-wordpress\/ -->\n<title>Animal com apar\u00eancia pr\u00e9-hist\u00f3rica aparece na praia de Ilha Comprida - Litoral SP<\/title>\n<meta name=\"description\" content=\"Um animal com apar\u00eancia pr\u00e9-hist\u00f3rica e semelhante a uma cobra, foi encontrado na Praia da Trincheira, em Ilha Comprida, em registro raro.\" \/>\n<meta name=\"robots\" content=\"index, follow, max-snippet:-1, max-image-preview:large, max-video-preview:-1\" \/>\n<link rel=\"canonical\" href=\"https:\/\/redenoticiaz.com.br\/litoralsp\/2022\/03\/05\/animal-com-aparencia-pre-historica-aparece-na-praia-de-ilha-comprida\" \/>\n<meta property=\"og:locale\" content=\"pt_BR\" \/>\n<meta property=\"og:type\" content=\"article\" \/>\n<meta property=\"og:title\" content=\"Animal com apar\u00eancia pr\u00e9-hist\u00f3rica aparece na praia de Ilha Comprida - Litoral SP\" \/>\n<meta property=\"og:description\" content=\"Um animal com apar\u00eancia pr\u00e9-hist\u00f3rica e semelhante a uma cobra, foi encontrado na Praia da Trincheira, em Ilha Comprida, em registro raro.\" \/>\n<meta property=\"og:url\" content=\"https:\/\/redenoticiaz.com.br\/litoralsp\/2022\/03\/05\/animal-com-aparencia-pre-historica-aparece-na-praia-de-ilha-comprida\" \/>\n<meta property=\"og:site_name\" content=\"Litoral SP\" \/>\n<meta property=\"article:published_time\" content=\"2022-03-05T13:35:53+00:00\" \/>\n<meta property=\"article:modified_time\" content=\"2022-03-05T15:44:49+00:00\" \/>\n<meta property=\"og:image\" content=\"https:\/\/redenoticiaz.com.br\/litoralsp\/wp-content\/uploads\/sites\/3\/2022\/03\/animal-marinho.jpg\" \/>\n\t<meta property=\"og:image:width\" content=\"984\" \/>\n\t<meta property=\"og:image:height\" content=\"984\" \/>\n\t<meta property=\"og:image:type\" content=\"image\/jpeg\" \/>\n<meta name=\"twitter:card\" content=\"summary_large_image\" \/>\n<meta name=\"twitter:label1\" content=\"Escrito por\" \/>\n\t<meta name=\"twitter:data1\" content=\"\" \/>\n\t<meta name=\"twitter:label2\" content=\"Est. tempo de leitura\" \/>\n\t<meta name=\"twitter:data2\" content=\"1 minuto\" \/>\n<script type=\"application\/ld+json\" class=\"yoast-schema-graph\">{\"@context\":\"https:\\\/\\\/schema.org\",\"@graph\":[{\"@type\":\"Article\",\"@id\":\"https:\\\/\\\/redenoticiaz.com.br\\\/litoralsp\\\/2022\\\/03\\\/05\\\/animal-com-aparencia-pre-historica-aparece-na-praia-de-ilha-comprida#article\",\"isPartOf\":{\"@id\":\"https:\\\/\\\/redenoticiaz.com.br\\\/litoralsp\\\/2022\\\/03\\\/05\\\/animal-com-aparencia-pre-historica-aparece-na-praia-de-ilha-comprida\"},\"author\":{\"name\":\"\",\"@id\":\"\"},\"headline\":\"Animal com apar\u00eancia pr\u00e9-hist\u00f3rica aparece na praia de Ilha Comprida\",\"datePublished\":\"2022-03-05T13:35:53+00:00\",\"dateModified\":\"2022-03-05T15:44:49+00:00\",\"mainEntityOfPage\":{\"@id\":\"https:\\\/\\\/redenoticiaz.com.br\\\/litoralsp\\\/2022\\\/03\\\/05\\\/animal-com-aparencia-pre-historica-aparece-na-praia-de-ilha-comprida\"},\"wordCount\":187,\"commentCount\":0,\"publisher\":{\"@id\":\"https:\\\/\\\/redenoticiaz.com.br\\\/litoralsp\\\/#organization\"},\"image\":{\"@id\":\"https:\\\/\\\/redenoticiaz.com.br\\\/litoralsp\\\/2022\\\/03\\\/05\\\/animal-com-aparencia-pre-historica-aparece-na-praia-de-ilha-comprida#primaryimage\"},\"thumbnailUrl\":\"https:\\\/\\\/redenoticiaz.com.br\\\/litoralsp\\\/wp-content\\\/uploads\\\/sites\\\/3\\\/2022\\\/03\\\/animal-marinho.jpg\",\"keywords\":[\"Fotografia\",\"ILHA COMPRIDA\",\"Monica Alves\",\"PEIXE\"],\"articleSection\":[\"Cidades\",\"Ilha Comprida\",\"Meio Ambiente\"],\"inLanguage\":\"pt-BR\",\"potentialAction\":[{\"@type\":\"CommentAction\",\"name\":\"Comment\",\"target\":[\"https:\\\/\\\/redenoticiaz.com.br\\\/litoralsp\\\/2022\\\/03\\\/05\\\/animal-com-aparencia-pre-historica-aparece-na-praia-de-ilha-comprida#respond\"]}]},{\"@type\":\"WebPage\",\"@id\":\"https:\\\/\\\/redenoticiaz.com.br\\\/litoralsp\\\/2022\\\/03\\\/05\\\/animal-com-aparencia-pre-historica-aparece-na-praia-de-ilha-comprida\",\"url\":\"https:\\\/\\\/redenoticiaz.com.br\\\/litoralsp\\\/2022\\\/03\\\/05\\\/animal-com-aparencia-pre-historica-aparece-na-praia-de-ilha-comprida\",\"name\":\"Animal com apar\u00eancia pr\u00e9-hist\u00f3rica aparece na praia de Ilha Comprida - Litoral SP\",\"isPartOf\":{\"@id\":\"https:\\\/\\\/redenoticiaz.com.br\\\/litoralsp\\\/#website\"},\"primaryImageOfPage\":{\"@id\":\"https:\\\/\\\/redenoticiaz.com.br\\\/litoralsp\\\/2022\\\/03\\\/05\\\/animal-com-aparencia-pre-historica-aparece-na-praia-de-ilha-comprida#primaryimage\"},\"image\":{\"@id\":\"https:\\\/\\\/redenoticiaz.com.br\\\/litoralsp\\\/2022\\\/03\\\/05\\\/animal-com-aparencia-pre-historica-aparece-na-praia-de-ilha-comprida#primaryimage\"},\"thumbnailUrl\":\"https:\\\/\\\/redenoticiaz.com.br\\\/litoralsp\\\/wp-content\\\/uploads\\\/sites\\\/3\\\/2022\\\/03\\\/animal-marinho.jpg\",\"datePublished\":\"2022-03-05T13:35:53+00:00\",\"dateModified\":\"2022-03-05T15:44:49+00:00\",\"description\":\"Um animal com apar\u00eancia pr\u00e9-hist\u00f3rica e semelhante a uma cobra, foi encontrado na Praia da Trincheira, em Ilha Comprida, em registro raro.\",\"inLanguage\":\"pt-BR\",\"potentialAction\":[{\"@type\":\"ReadAction\",\"target\":[\"https:\\\/\\\/redenoticiaz.com.br\\\/litoralsp\\\/2022\\\/03\\\/05\\\/animal-com-aparencia-pre-historica-aparece-na-praia-de-ilha-comprida\"]}]},{\"@type\":\"ImageObject\",\"inLanguage\":\"pt-BR\",\"@id\":\"https:\\\/\\\/redenoticiaz.com.br\\\/litoralsp\\\/2022\\\/03\\\/05\\\/animal-com-aparencia-pre-historica-aparece-na-praia-de-ilha-comprida#primaryimage\",\"url\":\"https:\\\/\\\/redenoticiaz.com.br\\\/litoralsp\\\/wp-content\\\/uploads\\\/sites\\\/3\\\/2022\\\/03\\\/animal-marinho.jpg\",\"contentUrl\":\"https:\\\/\\\/redenoticiaz.com.br\\\/litoralsp\\\/wp-content\\\/uploads\\\/sites\\\/3\\\/2022\\\/03\\\/animal-marinho.jpg\",\"width\":984,\"height\":984,\"caption\":\"Animal marinho que parece cobra \u00e9 avistado em Ilha Comprida (Foto: Monica Alves)\"},{\"@type\":\"WebSite\",\"@id\":\"https:\\\/\\\/redenoticiaz.com.br\\\/litoralsp\\\/#website\",\"url\":\"https:\\\/\\\/redenoticiaz.com.br\\\/litoralsp\\\/\",\"name\":\"Litoral SP\",\"description\":\"Rede NoticiaZ\",\"publisher\":{\"@id\":\"https:\\\/\\\/redenoticiaz.com.br\\\/litoralsp\\\/#organization\"},\"potentialAction\":[{\"@type\":\"SearchAction\",\"target\":{\"@type\":\"EntryPoint\",\"urlTemplate\":\"https:\\\/\\\/redenoticiaz.com.br\\\/litoralsp\\\/?s={search_term_string}\"},\"query-input\":{\"@type\":\"PropertyValueSpecification\",\"valueRequired\":true,\"valueName\":\"search_term_string\"}}],\"inLanguage\":\"pt-BR\"},{\"@type\":\"Organization\",\"@id\":\"https:\\\/\\\/redenoticiaz.com.br\\\/litoralsp\\\/#organization\",\"name\":\"Litoral SP\",\"url\":\"https:\\\/\\\/redenoticiaz.com.br\\\/litoralsp\\\/\",\"logo\":{\"@type\":\"ImageObject\",\"inLanguage\":\"pt-BR\",\"@id\":\"https:\\\/\\\/redenoticiaz.com.br\\\/litoralsp\\\/#\\\/schema\\\/logo\\\/image\\\/\",\"url\":\"https:\\\/\\\/redenoticiaz.com.br\\\/litoralsp\\\/wp-content\\\/uploads\\\/sites\\\/3\\\/2020\\\/11\\\/logo.jpg\",\"contentUrl\":\"https:\\\/\\\/redenoticiaz.com.br\\\/litoralsp\\\/wp-content\\\/uploads\\\/sites\\\/3\\\/2020\\\/11\\\/logo.jpg\",\"width\":400,\"height\":250,\"caption\":\"Litoral SP\"},\"image\":{\"@id\":\"https:\\\/\\\/redenoticiaz.com.br\\\/litoralsp\\\/#\\\/schema\\\/logo\\\/image\\\/\"}},{\"@type\":\"Person\",\"@id\":\"\",\"url\":\"https:\\\/\\\/redenoticiaz.com.br\\\/litoralsp\\\/author\"}]}<\/script>\n<!-- \/ Yoast SEO plugin. -->","yoast_head_json":{"title":"Animal com apar\u00eancia pr\u00e9-hist\u00f3rica aparece na praia de Ilha Comprida - Litoral SP","description":"Um animal com apar\u00eancia pr\u00e9-hist\u00f3rica e semelhante a uma cobra, foi encontrado na Praia da Trincheira, em Ilha Comprida, em registro raro.","robots":{"index":"index","follow":"follow","max-snippet":"max-snippet:-1","max-image-preview":"max-image-preview:large","max-video-preview":"max-video-preview:-1"},"canonical":"https:\/\/redenoticiaz.com.br\/litoralsp\/2022\/03\/05\/animal-com-aparencia-pre-historica-aparece-na-praia-de-ilha-comprida","og_locale":"pt_BR","og_type":"article","og_title":"Animal com apar\u00eancia pr\u00e9-hist\u00f3rica aparece na praia de Ilha Comprida - Litoral SP","og_description":"Um animal com apar\u00eancia pr\u00e9-hist\u00f3rica e semelhante a uma cobra, foi encontrado na Praia da Trincheira, em Ilha Comprida, em registro raro.","og_url":"https:\/\/redenoticiaz.com.br\/litoralsp\/2022\/03\/05\/animal-com-aparencia-pre-historica-aparece-na-praia-de-ilha-comprida","og_site_name":"Litoral SP","article_published_time":"2022-03-05T13:35:53+00:00","article_modified_time":"2022-03-05T15:44:49+00:00","og_image":[{"width":984,"height":984,"url":"https:\/\/redenoticiaz.com.br\/litoralsp\/wp-content\/uploads\/sites\/3\/2022\/03\/animal-marinho.jpg","type":"image\/jpeg"}],"twitter_card":"summary_large_image","twitter_misc":{"Escrito por":"","Est. tempo de leitura":"1 minuto"},"schema":{"@context":"https:\/\/schema.org","@graph":[{"@type":"Article","@id":"https:\/\/redenoticiaz.com.br\/litoralsp\/2022\/03\/05\/animal-com-aparencia-pre-historica-aparece-na-praia-de-ilha-comprida#article","isPartOf":{"@id":"https:\/\/redenoticiaz.com.br\/litoralsp\/2022\/03\/05\/animal-com-aparencia-pre-historica-aparece-na-praia-de-ilha-comprida"},"author":{"name":"","@id":""},"headline":"Animal com apar\u00eancia pr\u00e9-hist\u00f3rica aparece na praia de Ilha Comprida","datePublished":"2022-03-05T13:35:53+00:00","dateModified":"2022-03-05T15:44:49+00:00","mainEntityOfPage":{"@id":"https:\/\/redenoticiaz.com.br\/litoralsp\/2022\/03\/05\/animal-com-aparencia-pre-historica-aparece-na-praia-de-ilha-comprida"},"wordCount":187,"commentCount":0,"publisher":{"@id":"https:\/\/redenoticiaz.com.br\/litoralsp\/#organization"},"image":{"@id":"https:\/\/redenoticiaz.com.br\/litoralsp\/2022\/03\/05\/animal-com-aparencia-pre-historica-aparece-na-praia-de-ilha-comprida#primaryimage"},"thumbnailUrl":"https:\/\/redenoticiaz.com.br\/litoralsp\/wp-content\/uploads\/sites\/3\/2022\/03\/animal-marinho.jpg","keywords":["Fotografia","ILHA COMPRIDA","Monica Alves","PEIXE"],"articleSection":["Cidades","Ilha Comprida","Meio Ambiente"],"inLanguage":"pt-BR","potentialAction":[{"@type":"CommentAction","name":"Comment","target":["https:\/\/redenoticiaz.com.br\/litoralsp\/2022\/03\/05\/animal-com-aparencia-pre-historica-aparece-na-praia-de-ilha-comprida#respond"]}]},{"@type":"WebPage","@id":"https:\/\/redenoticiaz.com.br\/litoralsp\/2022\/03\/05\/animal-com-aparencia-pre-historica-aparece-na-praia-de-ilha-comprida","url":"https:\/\/redenoticiaz.com.br\/litoralsp\/2022\/03\/05\/animal-com-aparencia-pre-historica-aparece-na-praia-de-ilha-comprida","name":"Animal com apar\u00eancia pr\u00e9-hist\u00f3rica aparece na praia de Ilha Comprida - Litoral SP","isPartOf":{"@id":"https:\/\/redenoticiaz.com.br\/litoralsp\/#website"},"primaryImageOfPage":{"@id":"https:\/\/redenoticiaz.com.br\/litoralsp\/2022\/03\/05\/animal-com-aparencia-pre-historica-aparece-na-praia-de-ilha-comprida#primaryimage"},"image":{"@id":"https:\/\/redenoticiaz.com.br\/litoralsp\/2022\/03\/05\/animal-com-aparencia-pre-historica-aparece-na-praia-de-ilha-comprida#primaryimage"},"thumbnailUrl":"https:\/\/redenoticiaz.com.br\/litoralsp\/wp-content\/uploads\/sites\/3\/2022\/03\/animal-marinho.jpg","datePublished":"2022-03-05T13:35:53+00:00","dateModified":"2022-03-05T15:44:49+00:00","description":"Um animal com apar\u00eancia pr\u00e9-hist\u00f3rica e semelhante a uma cobra, foi encontrado na Praia da Trincheira, em Ilha Comprida, em registro raro.","inLanguage":"pt-BR","potentialAction":[{"@type":"ReadAction","target":["https:\/\/redenoticiaz.com.br\/litoralsp\/2022\/03\/05\/animal-com-aparencia-pre-historica-aparece-na-praia-de-ilha-comprida"]}]},{"@type":"ImageObject","inLanguage":"pt-BR","@id":"https:\/\/redenoticiaz.com.br\/litoralsp\/2022\/03\/05\/animal-com-aparencia-pre-historica-aparece-na-praia-de-ilha-comprida#primaryimage","url":"https:\/\/redenoticiaz.com.br\/litoralsp\/wp-content\/uploads\/sites\/3\/2022\/03\/animal-marinho.jpg","contentUrl":"https:\/\/redenoticiaz.com.br\/litoralsp\/wp-content\/uploads\/sites\/3\/2022\/03\/animal-marinho.jpg","width":984,"height":984,"caption":"Animal marinho que parece cobra \u00e9 avistado em Ilha Comprida (Foto: Monica Alves)"},{"@type":"WebSite","@id":"https:\/\/redenoticiaz.com.br\/litoralsp\/#website","url":"https:\/\/redenoticiaz.com.br\/litoralsp\/","name":"Litoral SP","description":"Rede NoticiaZ","publisher":{"@id":"https:\/\/redenoticiaz.com.br\/litoralsp\/#organization"},"potentialAction":[{"@type":"SearchAction","target":{"@type":"EntryPoint","urlTemplate":"https:\/\/redenoticiaz.com.br\/litoralsp\/?s={search_term_string}"},"query-input":{"@type":"PropertyValueSpecification","valueRequired":true,"valueName":"search_term_string"}}],"inLanguage":"pt-BR"},{"@type":"Organization","@id":"https:\/\/redenoticiaz.com.br\/litoralsp\/#organization","name":"Litoral SP","url":"https:\/\/redenoticiaz.com.br\/litoralsp\/","logo":{"@type":"ImageObject","inLanguage":"pt-BR","@id":"https:\/\/redenoticiaz.com.br\/litoralsp\/#\/schema\/logo\/image\/","url":"https:\/\/redenoticiaz.com.br\/litoralsp\/wp-content\/uploads\/sites\/3\/2020\/11\/logo.jpg","contentUrl":"https:\/\/redenoticiaz.com.br\/litoralsp\/wp-content\/uploads\/sites\/3\/2020\/11\/logo.jpg","width":400,"height":250,"caption":"Litoral SP"},"image":{"@id":"https:\/\/redenoticiaz.com.br\/litoralsp\/#\/schema\/logo\/image\/"}},{"@type":"Person","@id":"","url":"https:\/\/redenoticiaz.com.br\/litoralsp\/author"}]}},"_links":{"self":[{"href":"https:\/\/redenoticiaz.com.br\/litoralsp\/wp-json\/wp\/v2\/posts\/24456","targetHints":{"allow":["GET"]}}],"collection":[{"href":"https:\/\/redenoticiaz.com.br\/litoralsp\/wp-json\/wp\/v2\/posts"}],"about":[{"href":"https:\/\/redenoticiaz.com.br\/litoralsp\/wp-json\/wp\/v2\/types\/post"}],"author":[{"embeddable":true,"href":"https:\/\/redenoticiaz.com.br\/litoralsp\/wp-json\/wp\/v2\/users\/15"}],"replies":[{"embeddable":true,"href":"https:\/\/redenoticiaz.com.br\/litoralsp\/wp-json\/wp\/v2\/comments?post=24456"}],"version-history":[{"count":1,"href":"https:\/\/redenoticiaz.com.br\/litoralsp\/wp-json\/wp\/v2\/posts\/24456\/revisions"}],"predecessor-version":[{"id":24458,"href":"https:\/\/redenoticiaz.com.br\/litoralsp\/wp-json\/wp\/v2\/posts\/24456\/revisions\/24458"}],"wp:featuredmedia":[{"embeddable":true,"href":"https:\/\/redenoticiaz.com.br\/litoralsp\/wp-json\/wp\/v2\/media\/24457"}],"wp:attachment":[{"href":"https:\/\/redenoticiaz.com.br\/litoralsp\/wp-json\/wp\/v2\/media?parent=24456"}],"wp:term":[{"taxonomy":"category","embeddable":true,"href":"https:\/\/redenoticiaz.com.br\/litoralsp\/wp-json\/wp\/v2\/categories?post=24456"},{"taxonomy":"post_tag","embeddable":true,"href":"https:\/\/redenoticiaz.com.br\/litoralsp\/wp-json\/wp\/v2\/tags?post=24456"}],"curies":[{"name":"wp","href":"https:\/\/api.w.org\/{rel}","templated":true}]}}