{"id":24472,"date":"2022-03-06T10:59:07","date_gmt":"2022-03-06T13:59:07","guid":{"rendered":"https:\/\/redenoticiaz.com.br\/litoralsp\/?p=24472"},"modified":"2022-03-06T10:59:07","modified_gmt":"2022-03-06T13:59:07","slug":"chega-ao-fim-a-greve-dos-funcionarios-da-ortantur-de-sao-vicente","status":"publish","type":"post","link":"https:\/\/redenoticiaz.com.br\/litoralsp\/2022\/03\/06\/chega-ao-fim-a-greve-dos-funcionarios-da-ortantur-de-sao-vicente","title":{"rendered":"Chega ao fim a greve dos funcion\u00e1rios da Ortantur de S\u00e3o Vicente"},"content":{"rendered":"<p>Neste s\u00e1bado (5), os funcion\u00e1rios da Ortantur \u2013 empresa respons\u00e1vel pelo transporte p\u00fablico de <a href=\"https:\/\/www.saovicente.sp.gov.br\/onepage\">S\u00e3o Vicente<\/a> -, finalizaram a <strong>greve<\/strong> que faziam desde o \u00faltimo dia 1\u00ba. A paralisa\u00e7\u00e3o se dava por conta de sal\u00e1rios e benef\u00edcios que estavam atrasados.<\/p>\n<p>Os sal\u00e1rios, de fevereiro, que estavam atrasados, foram pagos na \u00faltima quinta-feira (3). Entretanto, o benef\u00edcio do vale-refei\u00e7\u00e3o, que n\u00e3o era repassado aos trabalhadores, desde 28 de fevereiro, n\u00e3o foram quitados. Sendo assim, os funcion\u00e1rios decidiram manter a greve.<\/p>\n<p>J\u00e1 neste s\u00e1bado, de acordo com o diretor Jur\u00eddico do Sindicato dos Trabalhadores de Transportes Rodovi\u00e1rios de Santos e Regi\u00e3o (Sindrod), Valter Gomes da Silva, o pagamento do benef\u00edcio foi efetuado \u00e0s 17h, deste s\u00e1bado (5). Sendo assim, os trabalhadores decidiram, em comum acordo, encerrar a greve.<\/p>\n<p>Durante a paralisa\u00e7\u00e3o, entretanto, os funcion\u00e1rios decidiram cumprir uma decis\u00e3o judicial, que obrigava a circula\u00e7\u00e3o de 50% dos \u00f4nibus durante o dia, e 70% nos hor\u00e1rios de pico. Agora, com o t\u00e9rmino da greve, a opera\u00e7\u00e3o voltar\u00e1 com capacidade de 100%.<\/p>\n<p><strong>LEIA TAMB\u00c9M<\/strong><\/p>\n<p><a href=\"https:\/\/redenoticiaz.com.br\/litoralsp\/2022\/03\/06\/centro-de-acolhimento-covid-19-de-itanhaem-nao-atendera-mais-aos-finais-de-semana\">Centro de Acolhimento Covid-19, de Itanha\u00e9m, n\u00e3o atender\u00e1 mais aos finais de semana<\/a><\/p>\n","protected":false},"excerpt":{"rendered":"<p>Neste s\u00e1bado (5), os funcion\u00e1rios da Ortantur \u2013 empresa respons\u00e1vel pelo transporte p\u00fablico de S\u00e3o Vicente -, finalizaram a greve que faziam desde o \u00faltimo dia 1\u00ba. A paralisa\u00e7\u00e3o se dava por conta de sal\u00e1rios e benef\u00edcios que estavam atrasados. Os sal\u00e1rios, de fevereiro, que estavam atrasados, foram pagos na \u00faltima quinta-feira (3). Entretanto, o &hellip;<\/p>\n","protected":false},"author":15,"featured_media":24473,"comment_status":"open","ping_status":"closed","sticky":false,"template":"","format":"standard","meta":{"footnotes":""},"categories":[181,2795],"tags":[5548,1178,51646,33],"class_list":["post-24472","post","type-post","status-publish","format-standard","has-post-thumbnail","hentry","category-sao-vicente","category-trabalho","tag-funcionarios","tag-greve","tag-ortantur","tag-sao-vicente"],"yoast_head":"<!-- This site is optimized with the Yoast SEO plugin v27.5 - https:\/\/yoast.com\/product\/yoast-seo-wordpress\/ -->\n<title>Chega ao fim a greve dos funcion\u00e1rios da Ortantur de S\u00e3o Vicente - Litoral SP<\/title>\n<meta name=\"description\" content=\"Neste s\u00e1bado (5), os funcion\u00e1rios da Ortantur \u2013 empresa respons\u00e1vel pelo transporte p\u00fablico de S\u00e3o Vicente -, finalizaram a greve.\" \/>\n<meta name=\"robots\" content=\"index, follow, max-snippet:-1, max-image-preview:large, max-video-preview:-1\" \/>\n<link rel=\"canonical\" href=\"https:\/\/redenoticiaz.com.br\/litoralsp\/2022\/03\/06\/chega-ao-fim-a-greve-dos-funcionarios-da-ortantur-de-sao-vicente\" \/>\n<meta property=\"og:locale\" content=\"pt_BR\" \/>\n<meta property=\"og:type\" content=\"article\" \/>\n<meta property=\"og:title\" content=\"Chega ao fim a greve dos funcion\u00e1rios da Ortantur de S\u00e3o Vicente - Litoral SP\" \/>\n<meta property=\"og:description\" content=\"Neste s\u00e1bado (5), os funcion\u00e1rios da Ortantur \u2013 empresa respons\u00e1vel pelo transporte p\u00fablico de S\u00e3o Vicente -, finalizaram a greve.\" \/>\n<meta property=\"og:url\" content=\"https:\/\/redenoticiaz.com.br\/litoralsp\/2022\/03\/06\/chega-ao-fim-a-greve-dos-funcionarios-da-ortantur-de-sao-vicente\" \/>\n<meta property=\"og:site_name\" content=\"Litoral SP\" \/>\n<meta property=\"article:published_time\" content=\"2022-03-06T13:59:07+00:00\" \/>\n<meta property=\"og:image\" content=\"https:\/\/redenoticiaz.com.br\/litoralsp\/wp-content\/uploads\/sites\/3\/2022\/03\/assembleia-funcionarios-1.jpeg\" \/>\n\t<meta property=\"og:image:width\" content=\"984\" \/>\n\t<meta property=\"og:image:height\" content=\"443\" \/>\n\t<meta property=\"og:image:type\" content=\"image\/jpeg\" \/>\n<meta name=\"twitter:card\" content=\"summary_large_image\" \/>\n<meta name=\"twitter:label1\" content=\"Escrito por\" \/>\n\t<meta name=\"twitter:data1\" content=\"\" \/>\n\t<meta name=\"twitter:label2\" content=\"Est. tempo de leitura\" \/>\n\t<meta name=\"twitter:data2\" content=\"1 minuto\" \/>\n<script type=\"application\/ld+json\" class=\"yoast-schema-graph\">{\"@context\":\"https:\\\/\\\/schema.org\",\"@graph\":[{\"@type\":\"Article\",\"@id\":\"https:\\\/\\\/redenoticiaz.com.br\\\/litoralsp\\\/2022\\\/03\\\/06\\\/chega-ao-fim-a-greve-dos-funcionarios-da-ortantur-de-sao-vicente#article\",\"isPartOf\":{\"@id\":\"https:\\\/\\\/redenoticiaz.com.br\\\/litoralsp\\\/2022\\\/03\\\/06\\\/chega-ao-fim-a-greve-dos-funcionarios-da-ortantur-de-sao-vicente\"},\"author\":{\"name\":\"\",\"@id\":\"\"},\"headline\":\"Chega ao fim a greve dos funcion\u00e1rios da Ortantur de S\u00e3o Vicente\",\"datePublished\":\"2022-03-06T13:59:07+00:00\",\"mainEntityOfPage\":{\"@id\":\"https:\\\/\\\/redenoticiaz.com.br\\\/litoralsp\\\/2022\\\/03\\\/06\\\/chega-ao-fim-a-greve-dos-funcionarios-da-ortantur-de-sao-vicente\"},\"wordCount\":217,\"commentCount\":0,\"publisher\":{\"@id\":\"https:\\\/\\\/redenoticiaz.com.br\\\/litoralsp\\\/#organization\"},\"image\":{\"@id\":\"https:\\\/\\\/redenoticiaz.com.br\\\/litoralsp\\\/2022\\\/03\\\/06\\\/chega-ao-fim-a-greve-dos-funcionarios-da-ortantur-de-sao-vicente#primaryimage\"},\"thumbnailUrl\":\"https:\\\/\\\/redenoticiaz.com.br\\\/litoralsp\\\/wp-content\\\/uploads\\\/sites\\\/3\\\/2022\\\/03\\\/assembleia-funcionarios-1.jpeg\",\"keywords\":[\"FUNCION\u00c1RIOS\",\"GREVE\",\"Ortantur\",\"S\u00e3o Vicente\"],\"articleSection\":[\"S\u00e3o Vicente\",\"Trabalho\"],\"inLanguage\":\"pt-BR\",\"potentialAction\":[{\"@type\":\"CommentAction\",\"name\":\"Comment\",\"target\":[\"https:\\\/\\\/redenoticiaz.com.br\\\/litoralsp\\\/2022\\\/03\\\/06\\\/chega-ao-fim-a-greve-dos-funcionarios-da-ortantur-de-sao-vicente#respond\"]}]},{\"@type\":\"WebPage\",\"@id\":\"https:\\\/\\\/redenoticiaz.com.br\\\/litoralsp\\\/2022\\\/03\\\/06\\\/chega-ao-fim-a-greve-dos-funcionarios-da-ortantur-de-sao-vicente\",\"url\":\"https:\\\/\\\/redenoticiaz.com.br\\\/litoralsp\\\/2022\\\/03\\\/06\\\/chega-ao-fim-a-greve-dos-funcionarios-da-ortantur-de-sao-vicente\",\"name\":\"Chega ao fim a greve dos funcion\u00e1rios da Ortantur de S\u00e3o Vicente - Litoral SP\",\"isPartOf\":{\"@id\":\"https:\\\/\\\/redenoticiaz.com.br\\\/litoralsp\\\/#website\"},\"primaryImageOfPage\":{\"@id\":\"https:\\\/\\\/redenoticiaz.com.br\\\/litoralsp\\\/2022\\\/03\\\/06\\\/chega-ao-fim-a-greve-dos-funcionarios-da-ortantur-de-sao-vicente#primaryimage\"},\"image\":{\"@id\":\"https:\\\/\\\/redenoticiaz.com.br\\\/litoralsp\\\/2022\\\/03\\\/06\\\/chega-ao-fim-a-greve-dos-funcionarios-da-ortantur-de-sao-vicente#primaryimage\"},\"thumbnailUrl\":\"https:\\\/\\\/redenoticiaz.com.br\\\/litoralsp\\\/wp-content\\\/uploads\\\/sites\\\/3\\\/2022\\\/03\\\/assembleia-funcionarios-1.jpeg\",\"datePublished\":\"2022-03-06T13:59:07+00:00\",\"description\":\"Neste s\u00e1bado (5), os funcion\u00e1rios da Ortantur \u2013 empresa respons\u00e1vel pelo transporte p\u00fablico de S\u00e3o Vicente -, finalizaram a greve.\",\"inLanguage\":\"pt-BR\",\"potentialAction\":[{\"@type\":\"ReadAction\",\"target\":[\"https:\\\/\\\/redenoticiaz.com.br\\\/litoralsp\\\/2022\\\/03\\\/06\\\/chega-ao-fim-a-greve-dos-funcionarios-da-ortantur-de-sao-vicente\"]}]},{\"@type\":\"ImageObject\",\"inLanguage\":\"pt-BR\",\"@id\":\"https:\\\/\\\/redenoticiaz.com.br\\\/litoralsp\\\/2022\\\/03\\\/06\\\/chega-ao-fim-a-greve-dos-funcionarios-da-ortantur-de-sao-vicente#primaryimage\",\"url\":\"https:\\\/\\\/redenoticiaz.com.br\\\/litoralsp\\\/wp-content\\\/uploads\\\/sites\\\/3\\\/2022\\\/03\\\/assembleia-funcionarios-1.jpeg\",\"contentUrl\":\"https:\\\/\\\/redenoticiaz.com.br\\\/litoralsp\\\/wp-content\\\/uploads\\\/sites\\\/3\\\/2022\\\/03\\\/assembleia-funcionarios-1.jpeg\",\"width\":984,\"height\":443,\"caption\":\"Funcion\u00e1rios da Ortantur encerram greve em S\u00e3o Vicente (Foto: Sindrod\\\/Divulga\u00e7\u00e3o)\"},{\"@type\":\"WebSite\",\"@id\":\"https:\\\/\\\/redenoticiaz.com.br\\\/litoralsp\\\/#website\",\"url\":\"https:\\\/\\\/redenoticiaz.com.br\\\/litoralsp\\\/\",\"name\":\"Litoral SP\",\"description\":\"Rede NoticiaZ\",\"publisher\":{\"@id\":\"https:\\\/\\\/redenoticiaz.com.br\\\/litoralsp\\\/#organization\"},\"potentialAction\":[{\"@type\":\"SearchAction\",\"target\":{\"@type\":\"EntryPoint\",\"urlTemplate\":\"https:\\\/\\\/redenoticiaz.com.br\\\/litoralsp\\\/?s={search_term_string}\"},\"query-input\":{\"@type\":\"PropertyValueSpecification\",\"valueRequired\":true,\"valueName\":\"search_term_string\"}}],\"inLanguage\":\"pt-BR\"},{\"@type\":\"Organization\",\"@id\":\"https:\\\/\\\/redenoticiaz.com.br\\\/litoralsp\\\/#organization\",\"name\":\"Litoral SP\",\"url\":\"https:\\\/\\\/redenoticiaz.com.br\\\/litoralsp\\\/\",\"logo\":{\"@type\":\"ImageObject\",\"inLanguage\":\"pt-BR\",\"@id\":\"https:\\\/\\\/redenoticiaz.com.br\\\/litoralsp\\\/#\\\/schema\\\/logo\\\/image\\\/\",\"url\":\"https:\\\/\\\/redenoticiaz.com.br\\\/litoralsp\\\/wp-content\\\/uploads\\\/sites\\\/3\\\/2020\\\/11\\\/logo.jpg\",\"contentUrl\":\"https:\\\/\\\/redenoticiaz.com.br\\\/litoralsp\\\/wp-content\\\/uploads\\\/sites\\\/3\\\/2020\\\/11\\\/logo.jpg\",\"width\":400,\"height\":250,\"caption\":\"Litoral SP\"},\"image\":{\"@id\":\"https:\\\/\\\/redenoticiaz.com.br\\\/litoralsp\\\/#\\\/schema\\\/logo\\\/image\\\/\"}},{\"@type\":\"Person\",\"@id\":\"\",\"url\":\"https:\\\/\\\/redenoticiaz.com.br\\\/litoralsp\\\/author\"}]}<\/script>\n<!-- \/ Yoast SEO plugin. -->","yoast_head_json":{"title":"Chega ao fim a greve dos funcion\u00e1rios da Ortantur de S\u00e3o Vicente - Litoral SP","description":"Neste s\u00e1bado (5), os funcion\u00e1rios da Ortantur \u2013 empresa respons\u00e1vel pelo transporte p\u00fablico de S\u00e3o Vicente -, finalizaram a greve.","robots":{"index":"index","follow":"follow","max-snippet":"max-snippet:-1","max-image-preview":"max-image-preview:large","max-video-preview":"max-video-preview:-1"},"canonical":"https:\/\/redenoticiaz.com.br\/litoralsp\/2022\/03\/06\/chega-ao-fim-a-greve-dos-funcionarios-da-ortantur-de-sao-vicente","og_locale":"pt_BR","og_type":"article","og_title":"Chega ao fim a greve dos funcion\u00e1rios da Ortantur de S\u00e3o Vicente - Litoral SP","og_description":"Neste s\u00e1bado (5), os funcion\u00e1rios da Ortantur \u2013 empresa respons\u00e1vel pelo transporte p\u00fablico de S\u00e3o Vicente -, finalizaram a greve.","og_url":"https:\/\/redenoticiaz.com.br\/litoralsp\/2022\/03\/06\/chega-ao-fim-a-greve-dos-funcionarios-da-ortantur-de-sao-vicente","og_site_name":"Litoral SP","article_published_time":"2022-03-06T13:59:07+00:00","og_image":[{"width":984,"height":443,"url":"https:\/\/redenoticiaz.com.br\/litoralsp\/wp-content\/uploads\/sites\/3\/2022\/03\/assembleia-funcionarios-1.jpeg","type":"image\/jpeg"}],"twitter_card":"summary_large_image","twitter_misc":{"Escrito por":"","Est. tempo de leitura":"1 minuto"},"schema":{"@context":"https:\/\/schema.org","@graph":[{"@type":"Article","@id":"https:\/\/redenoticiaz.com.br\/litoralsp\/2022\/03\/06\/chega-ao-fim-a-greve-dos-funcionarios-da-ortantur-de-sao-vicente#article","isPartOf":{"@id":"https:\/\/redenoticiaz.com.br\/litoralsp\/2022\/03\/06\/chega-ao-fim-a-greve-dos-funcionarios-da-ortantur-de-sao-vicente"},"author":{"name":"","@id":""},"headline":"Chega ao fim a greve dos funcion\u00e1rios da Ortantur de S\u00e3o Vicente","datePublished":"2022-03-06T13:59:07+00:00","mainEntityOfPage":{"@id":"https:\/\/redenoticiaz.com.br\/litoralsp\/2022\/03\/06\/chega-ao-fim-a-greve-dos-funcionarios-da-ortantur-de-sao-vicente"},"wordCount":217,"commentCount":0,"publisher":{"@id":"https:\/\/redenoticiaz.com.br\/litoralsp\/#organization"},"image":{"@id":"https:\/\/redenoticiaz.com.br\/litoralsp\/2022\/03\/06\/chega-ao-fim-a-greve-dos-funcionarios-da-ortantur-de-sao-vicente#primaryimage"},"thumbnailUrl":"https:\/\/redenoticiaz.com.br\/litoralsp\/wp-content\/uploads\/sites\/3\/2022\/03\/assembleia-funcionarios-1.jpeg","keywords":["FUNCION\u00c1RIOS","GREVE","Ortantur","S\u00e3o Vicente"],"articleSection":["S\u00e3o Vicente","Trabalho"],"inLanguage":"pt-BR","potentialAction":[{"@type":"CommentAction","name":"Comment","target":["https:\/\/redenoticiaz.com.br\/litoralsp\/2022\/03\/06\/chega-ao-fim-a-greve-dos-funcionarios-da-ortantur-de-sao-vicente#respond"]}]},{"@type":"WebPage","@id":"https:\/\/redenoticiaz.com.br\/litoralsp\/2022\/03\/06\/chega-ao-fim-a-greve-dos-funcionarios-da-ortantur-de-sao-vicente","url":"https:\/\/redenoticiaz.com.br\/litoralsp\/2022\/03\/06\/chega-ao-fim-a-greve-dos-funcionarios-da-ortantur-de-sao-vicente","name":"Chega ao fim a greve dos funcion\u00e1rios da Ortantur de S\u00e3o Vicente - Litoral SP","isPartOf":{"@id":"https:\/\/redenoticiaz.com.br\/litoralsp\/#website"},"primaryImageOfPage":{"@id":"https:\/\/redenoticiaz.com.br\/litoralsp\/2022\/03\/06\/chega-ao-fim-a-greve-dos-funcionarios-da-ortantur-de-sao-vicente#primaryimage"},"image":{"@id":"https:\/\/redenoticiaz.com.br\/litoralsp\/2022\/03\/06\/chega-ao-fim-a-greve-dos-funcionarios-da-ortantur-de-sao-vicente#primaryimage"},"thumbnailUrl":"https:\/\/redenoticiaz.com.br\/litoralsp\/wp-content\/uploads\/sites\/3\/2022\/03\/assembleia-funcionarios-1.jpeg","datePublished":"2022-03-06T13:59:07+00:00","description":"Neste s\u00e1bado (5), os funcion\u00e1rios da Ortantur \u2013 empresa respons\u00e1vel pelo transporte p\u00fablico de S\u00e3o Vicente -, finalizaram a greve.","inLanguage":"pt-BR","potentialAction":[{"@type":"ReadAction","target":["https:\/\/redenoticiaz.com.br\/litoralsp\/2022\/03\/06\/chega-ao-fim-a-greve-dos-funcionarios-da-ortantur-de-sao-vicente"]}]},{"@type":"ImageObject","inLanguage":"pt-BR","@id":"https:\/\/redenoticiaz.com.br\/litoralsp\/2022\/03\/06\/chega-ao-fim-a-greve-dos-funcionarios-da-ortantur-de-sao-vicente#primaryimage","url":"https:\/\/redenoticiaz.com.br\/litoralsp\/wp-content\/uploads\/sites\/3\/2022\/03\/assembleia-funcionarios-1.jpeg","contentUrl":"https:\/\/redenoticiaz.com.br\/litoralsp\/wp-content\/uploads\/sites\/3\/2022\/03\/assembleia-funcionarios-1.jpeg","width":984,"height":443,"caption":"Funcion\u00e1rios da Ortantur encerram greve em S\u00e3o Vicente (Foto: Sindrod\/Divulga\u00e7\u00e3o)"},{"@type":"WebSite","@id":"https:\/\/redenoticiaz.com.br\/litoralsp\/#website","url":"https:\/\/redenoticiaz.com.br\/litoralsp\/","name":"Litoral SP","description":"Rede NoticiaZ","publisher":{"@id":"https:\/\/redenoticiaz.com.br\/litoralsp\/#organization"},"potentialAction":[{"@type":"SearchAction","target":{"@type":"EntryPoint","urlTemplate":"https:\/\/redenoticiaz.com.br\/litoralsp\/?s={search_term_string}"},"query-input":{"@type":"PropertyValueSpecification","valueRequired":true,"valueName":"search_term_string"}}],"inLanguage":"pt-BR"},{"@type":"Organization","@id":"https:\/\/redenoticiaz.com.br\/litoralsp\/#organization","name":"Litoral SP","url":"https:\/\/redenoticiaz.com.br\/litoralsp\/","logo":{"@type":"ImageObject","inLanguage":"pt-BR","@id":"https:\/\/redenoticiaz.com.br\/litoralsp\/#\/schema\/logo\/image\/","url":"https:\/\/redenoticiaz.com.br\/litoralsp\/wp-content\/uploads\/sites\/3\/2020\/11\/logo.jpg","contentUrl":"https:\/\/redenoticiaz.com.br\/litoralsp\/wp-content\/uploads\/sites\/3\/2020\/11\/logo.jpg","width":400,"height":250,"caption":"Litoral SP"},"image":{"@id":"https:\/\/redenoticiaz.com.br\/litoralsp\/#\/schema\/logo\/image\/"}},{"@type":"Person","@id":"","url":"https:\/\/redenoticiaz.com.br\/litoralsp\/author"}]}},"_links":{"self":[{"href":"https:\/\/redenoticiaz.com.br\/litoralsp\/wp-json\/wp\/v2\/posts\/24472","targetHints":{"allow":["GET"]}}],"collection":[{"href":"https:\/\/redenoticiaz.com.br\/litoralsp\/wp-json\/wp\/v2\/posts"}],"about":[{"href":"https:\/\/redenoticiaz.com.br\/litoralsp\/wp-json\/wp\/v2\/types\/post"}],"author":[{"embeddable":true,"href":"https:\/\/redenoticiaz.com.br\/litoralsp\/wp-json\/wp\/v2\/users\/15"}],"replies":[{"embeddable":true,"href":"https:\/\/redenoticiaz.com.br\/litoralsp\/wp-json\/wp\/v2\/comments?post=24472"}],"version-history":[{"count":1,"href":"https:\/\/redenoticiaz.com.br\/litoralsp\/wp-json\/wp\/v2\/posts\/24472\/revisions"}],"predecessor-version":[{"id":24474,"href":"https:\/\/redenoticiaz.com.br\/litoralsp\/wp-json\/wp\/v2\/posts\/24472\/revisions\/24474"}],"wp:featuredmedia":[{"embeddable":true,"href":"https:\/\/redenoticiaz.com.br\/litoralsp\/wp-json\/wp\/v2\/media\/24473"}],"wp:attachment":[{"href":"https:\/\/redenoticiaz.com.br\/litoralsp\/wp-json\/wp\/v2\/media?parent=24472"}],"wp:term":[{"taxonomy":"category","embeddable":true,"href":"https:\/\/redenoticiaz.com.br\/litoralsp\/wp-json\/wp\/v2\/categories?post=24472"},{"taxonomy":"post_tag","embeddable":true,"href":"https:\/\/redenoticiaz.com.br\/litoralsp\/wp-json\/wp\/v2\/tags?post=24472"}],"curies":[{"name":"wp","href":"https:\/\/api.w.org\/{rel}","templated":true}]}}