{"id":24479,"date":"2022-03-06T12:14:39","date_gmt":"2022-03-06T15:14:39","guid":{"rendered":"https:\/\/redenoticiaz.com.br\/litoralsp\/2022\/03\/06\/o-barco-furado"},"modified":"2022-03-06T12:40:09","modified_gmt":"2022-03-06T15:40:09","slug":"o-barco-furado","status":"publish","type":"post","link":"https:\/\/redenoticiaz.com.br\/litoralsp\/2022\/03\/06\/o-barco-furado","title":{"rendered":"O Barco Furado"},"content":{"rendered":"<h6>Por Adalberto Ceolin<\/h6>\n<p>Era uma vez um barco enorme. Talvez fosse um navio, ou uma caravela. Talvez uma arca.<br \/>\nPor descuido, abriu-se um rombo enorme em seu casco e logo a \u00e1gua come\u00e7ou a entrar, inundando toda a casa das m\u00e1quinas.<\/p>\n<p>A \u00e1gua subia r\u00e1pido, mas seus tripulantes pareciam iludidos. Diziam \u201cnossa, como ser\u00e1 que esse rombo apareceu a\u00ed?\u201d E a \u00e1gua entrando. \u201cquem ser\u00e1 que fez esse furo? E a \u00e1gua entrando. \u201cPor que algu\u00e9m faria um furo destes no casco?\u201d E a \u00e1gua entrando. \u201cmas quando esse furo apareceu a\u00ed?\u201d E a \u00e1gua entrando, entrando, entrando &#8230; e o barco cada vez mais pesado.<br \/>\n\u201cAhh, com certeza existe um culpado!!!\u201d E a \u00e1gua tomando conta de todo o por\u00e3o.<\/p>\n<p><img loading=\"lazy\" decoding=\"async\" class=\"size-medium wp-image-24481 alignleft\" src=\"https:\/\/redenoticiaz.com.br\/litoralsp\/wp-content\/uploads\/sites\/3\/2022\/03\/whatsapp-image-2022-03-05-at-14-33-47-300x200.jpeg\" alt=\"\" width=\"300\" height=\"200\" srcset=\"https:\/\/redenoticiaz.com.br\/litoralsp\/wp-content\/uploads\/sites\/3\/2022\/03\/whatsapp-image-2022-03-05-at-14-33-47-300x200.jpeg 300w, https:\/\/redenoticiaz.com.br\/litoralsp\/wp-content\/uploads\/sites\/3\/2022\/03\/whatsapp-image-2022-03-05-at-14-33-47-1024x682.jpeg 1024w, https:\/\/redenoticiaz.com.br\/litoralsp\/wp-content\/uploads\/sites\/3\/2022\/03\/whatsapp-image-2022-03-05-at-14-33-47-768x512.jpeg 768w, https:\/\/redenoticiaz.com.br\/litoralsp\/wp-content\/uploads\/sites\/3\/2022\/03\/whatsapp-image-2022-03-05-at-14-33-47.jpeg 1280w\" sizes=\"auto, (max-width: 300px) 100vw, 300px\" \/>Outros ainda abandonaram o barco, sem se importar com os que ficaram para tr\u00e1s.<br \/>\nO comandante ent\u00e3o reuniu-se urgentemente com a tripula\u00e7\u00e3o e todos rapidamente chegaram ao consenso de que deveriam concertar o rombo antes que fosse tarde demais.<br \/>\nEnt\u00e3o o timoneiro disse: \u201cEu n\u00e3o posse auxiliar nos reparos porque j\u00e1 tenho minhas fun\u00e7\u00f5es e sem mim o barco fica a deriva\u201d. Os cozinheiros seguiram a mesma linha: \u201cn\u00e3o podemos ajudar, pois quem ir\u00e1 fazer a comida?\u201d Os faxineiros: \u201c&#8230; porque n\u00f3s temos que manter o conv\u00e9s limpo\u201d.<\/p>\n<p>Enquanto justificavam &#8230; a \u00e1gua continuava a entrar.<br \/>\nEnt\u00e3o, o comandante teve uma ideia. \u201cTodas as fun\u00e7\u00f5es s\u00e3o importantes. Mas se ningu\u00e9m se dedicar ao conserto do rombo no casco, n\u00e3o haver\u00e1 mais nenhuma fun\u00e7\u00e3o, pois o barco ir\u00e1 afundar e todos morrer\u00e3o.<br \/>\nAssim, o comandante conscientizou todos da import\u00e2ncia em se dedicar ao conserto urgente do rombo e todos se revezaram se dedicando a soldar as chapas e assim, eliminaram qualquer entrada de \u00e1gua.<\/p>\n<p>O barco voltou ao seu curso normal e todos voltaram \u00e0s suas fun\u00e7\u00f5es de origem.<br \/>\nMas agora havia algo diferente no ar. Depois de vencer uma dificuldade juntos, toda a tripula\u00e7\u00e3o se sentiu muito mais unida e passou a valorizar e reconhecer e respeitar a import\u00e2ncia da fun\u00e7\u00e3o dos outros tamb\u00e9m. O individualismo havia simplesmente desaparecido.<\/p>\n<p>O barco seguiu sua viajem como tinha que ser.<br \/>\n\u00c0s vezes nos damos conta de um problema e automaticamente j\u00e1 procuramos eleger um culpado.<br \/>\nAssim, encontrando ou elegendo um culpado, j\u00e1 pensamos em nos eximir de resolver o problema. A final, \u201cn\u00e3o fui eu que causei !\u201d<\/p>\n<p>\u00c9 claro que de regra, quem causa tem a obriga\u00e7\u00e3o de sanar. Mas muitas vezes, principalmente quando se trata de causas urgentes e complexas, \u00e9 idiotice ficar ca\u00e7ando um culpado enquanto o barco afunda.<br \/>\nN\u00e3o vai adiantar nada. \u00c9 pouco inteligente, num primeiro momento, ca\u00e7ar algu\u00e9m para se eximir de resolver.<br \/>\nO foco deve estar em resolver a quest\u00e3o. Encontrar um culpado \u00e9 dispens\u00e1vel e \u00e0s vezes se torna at\u00e9 obsoleto.<br \/>\nCom certeza, depois que o casco estiver remendado e o perigo afastado, o menos importante ser\u00e1 apontar um culpado.<\/p>\n<p>Encontrar algu\u00e9m para por a culpa, no in\u00edcio, s\u00f3 se fazia aparentemente necess\u00e1rio, n\u00e3o para puni-lo, mas para se eximir do trabalho de ter que consertar.<br \/>\nCom o problema sanado, ningu\u00e9m nem se lembrara de culpados, se \u00e9 que algum dia existiu algum.<\/p>\n<p><img loading=\"lazy\" decoding=\"async\" class=\"alignnone size-medium wp-image-24480\" src=\"https:\/\/redenoticiaz.com.br\/litoralsp\/wp-content\/uploads\/sites\/3\/2022\/03\/whatsapp-image-2022-03-05-at-14-34-09-300x200.jpeg\" alt=\"Reflex\u00e3o\" width=\"300\" height=\"200\" srcset=\"https:\/\/redenoticiaz.com.br\/litoralsp\/wp-content\/uploads\/sites\/3\/2022\/03\/whatsapp-image-2022-03-05-at-14-34-09-300x200.jpeg 300w, https:\/\/redenoticiaz.com.br\/litoralsp\/wp-content\/uploads\/sites\/3\/2022\/03\/whatsapp-image-2022-03-05-at-14-34-09-1024x682.jpeg 1024w, https:\/\/redenoticiaz.com.br\/litoralsp\/wp-content\/uploads\/sites\/3\/2022\/03\/whatsapp-image-2022-03-05-at-14-34-09-768x512.jpeg 768w, https:\/\/redenoticiaz.com.br\/litoralsp\/wp-content\/uploads\/sites\/3\/2022\/03\/whatsapp-image-2022-03-05-at-14-34-09.jpeg 1280w\" sizes=\"auto, (max-width: 300px) 100vw, 300px\" \/><\/p>\n<h6>Adalberto Ceolin<br \/>\nCoach e PNL Master Practitioner<br \/>\nDelegado de Pol\u00edcia do Estado de S\u00e3o Paulo<\/h6>\n<p>LEIA TAMB\u00c9M:\u00a0<a href=\"https:\/\/redenoticiaz.com.br\/barretos-regiao\/sp\/2022\/02\/27\/temporada-de-cruzeiros-e-retomada-apos-aval-do-ministerio-da-saude\">Temporada de cruzeiros \u00e9 retomada ap\u00f3s aval do Minist\u00e9rio da Sa\u00fade<\/a><\/p>\n","protected":false},"excerpt":{"rendered":"<p>Por Adalberto Ceolin Era uma vez um barco enorme. Talvez fosse um navio, ou uma caravela. Talvez uma arca. Por descuido, abriu-se um rombo enorme em seu casco e logo a \u00e1gua come\u00e7ou a entrar, inundando toda a casa das m\u00e1quinas. A \u00e1gua subia r\u00e1pido, mas seus tripulantes pareciam iludidos. Diziam \u201cnossa, como ser\u00e1 que &hellip;<\/p>\n","protected":false},"author":15,"featured_media":24482,"comment_status":"open","ping_status":"closed","sticky":false,"template":"","format":"standard","meta":{"footnotes":""},"categories":[2795],"tags":[11842,34439,7137,51650,43978],"class_list":["post-24479","post","type-post","status-publish","format-standard","has-post-thumbnail","hentry","category-trabalho","tag-adalberto-ceolin","tag-coach","tag-coaching","tag-obarco","tag-reflexao"],"yoast_head":"<!-- This site is optimized with the Yoast SEO plugin v27.5 - https:\/\/yoast.com\/product\/yoast-seo-wordpress\/ -->\n<title>O Barco Furado - Litoral SP<\/title>\n<meta name=\"description\" content=\"Era uma vez um barco enorme. Talvez fosse um navio, ou uma caravela. Talvez uma arca.Por descuido, abriu-se um rombo enorme em seu casco...\" \/>\n<meta name=\"robots\" content=\"index, follow, max-snippet:-1, max-image-preview:large, max-video-preview:-1\" \/>\n<link rel=\"canonical\" href=\"https:\/\/redenoticiaz.com.br\/litoralsp\/2022\/03\/06\/o-barco-furado\" \/>\n<meta property=\"og:locale\" content=\"pt_BR\" \/>\n<meta property=\"og:type\" content=\"article\" \/>\n<meta property=\"og:title\" content=\"O Barco Furado - Litoral SP\" \/>\n<meta property=\"og:description\" content=\"Era uma vez um barco enorme. Talvez fosse um navio, ou uma caravela. Talvez uma arca.Por descuido, abriu-se um rombo enorme em seu casco...\" \/>\n<meta property=\"og:url\" content=\"https:\/\/redenoticiaz.com.br\/litoralsp\/2022\/03\/06\/o-barco-furado\" \/>\n<meta property=\"og:site_name\" content=\"Litoral SP\" \/>\n<meta property=\"article:published_time\" content=\"2022-03-06T15:14:39+00:00\" \/>\n<meta property=\"article:modified_time\" content=\"2022-03-06T15:40:09+00:00\" \/>\n<meta property=\"og:image\" content=\"https:\/\/redenoticiaz.com.br\/litoralsp\/wp-content\/uploads\/sites\/3\/2022\/03\/whatsapp-image-2022-03-05-at-14-33-31.jpeg\" \/>\n\t<meta property=\"og:image:width\" content=\"1280\" \/>\n\t<meta property=\"og:image:height\" content=\"853\" \/>\n\t<meta property=\"og:image:type\" content=\"image\/jpeg\" \/>\n<meta name=\"twitter:card\" content=\"summary_large_image\" \/>\n<meta name=\"twitter:label1\" content=\"Escrito por\" \/>\n\t<meta name=\"twitter:data1\" content=\"\" \/>\n\t<meta name=\"twitter:label2\" content=\"Est. tempo de leitura\" \/>\n\t<meta name=\"twitter:data2\" content=\"3 minutos\" \/>\n<script type=\"application\/ld+json\" class=\"yoast-schema-graph\">{\"@context\":\"https:\\\/\\\/schema.org\",\"@graph\":[{\"@type\":\"Article\",\"@id\":\"https:\\\/\\\/redenoticiaz.com.br\\\/litoralsp\\\/2022\\\/03\\\/06\\\/o-barco-furado#article\",\"isPartOf\":{\"@id\":\"https:\\\/\\\/redenoticiaz.com.br\\\/litoralsp\\\/2022\\\/03\\\/06\\\/o-barco-furado\"},\"author\":{\"name\":\"\",\"@id\":\"\"},\"headline\":\"O Barco Furado\",\"datePublished\":\"2022-03-06T15:14:39+00:00\",\"dateModified\":\"2022-03-06T15:40:09+00:00\",\"mainEntityOfPage\":{\"@id\":\"https:\\\/\\\/redenoticiaz.com.br\\\/litoralsp\\\/2022\\\/03\\\/06\\\/o-barco-furado\"},\"wordCount\":587,\"commentCount\":0,\"publisher\":{\"@id\":\"https:\\\/\\\/redenoticiaz.com.br\\\/litoralsp\\\/#organization\"},\"image\":{\"@id\":\"https:\\\/\\\/redenoticiaz.com.br\\\/litoralsp\\\/2022\\\/03\\\/06\\\/o-barco-furado#primaryimage\"},\"thumbnailUrl\":\"https:\\\/\\\/redenoticiaz.com.br\\\/litoralsp\\\/wp-content\\\/uploads\\\/sites\\\/3\\\/2022\\\/03\\\/whatsapp-image-2022-03-05-at-14-33-31.jpeg\",\"keywords\":[\"Adalberto Ceolin\",\"Coach\",\"Coaching\",\"OBARCO\",\"REFLEX\u00c3O\"],\"articleSection\":[\"Trabalho\"],\"inLanguage\":\"pt-BR\",\"potentialAction\":[{\"@type\":\"CommentAction\",\"name\":\"Comment\",\"target\":[\"https:\\\/\\\/redenoticiaz.com.br\\\/litoralsp\\\/2022\\\/03\\\/06\\\/o-barco-furado#respond\"]}]},{\"@type\":\"WebPage\",\"@id\":\"https:\\\/\\\/redenoticiaz.com.br\\\/litoralsp\\\/2022\\\/03\\\/06\\\/o-barco-furado\",\"url\":\"https:\\\/\\\/redenoticiaz.com.br\\\/litoralsp\\\/2022\\\/03\\\/06\\\/o-barco-furado\",\"name\":\"O Barco Furado - Litoral SP\",\"isPartOf\":{\"@id\":\"https:\\\/\\\/redenoticiaz.com.br\\\/litoralsp\\\/#website\"},\"primaryImageOfPage\":{\"@id\":\"https:\\\/\\\/redenoticiaz.com.br\\\/litoralsp\\\/2022\\\/03\\\/06\\\/o-barco-furado#primaryimage\"},\"image\":{\"@id\":\"https:\\\/\\\/redenoticiaz.com.br\\\/litoralsp\\\/2022\\\/03\\\/06\\\/o-barco-furado#primaryimage\"},\"thumbnailUrl\":\"https:\\\/\\\/redenoticiaz.com.br\\\/litoralsp\\\/wp-content\\\/uploads\\\/sites\\\/3\\\/2022\\\/03\\\/whatsapp-image-2022-03-05-at-14-33-31.jpeg\",\"datePublished\":\"2022-03-06T15:14:39+00:00\",\"dateModified\":\"2022-03-06T15:40:09+00:00\",\"description\":\"Era uma vez um barco enorme. Talvez fosse um navio, ou uma caravela. Talvez uma arca.Por descuido, abriu-se um rombo enorme em seu casco...\",\"inLanguage\":\"pt-BR\",\"potentialAction\":[{\"@type\":\"ReadAction\",\"target\":[\"https:\\\/\\\/redenoticiaz.com.br\\\/litoralsp\\\/2022\\\/03\\\/06\\\/o-barco-furado\"]}]},{\"@type\":\"ImageObject\",\"inLanguage\":\"pt-BR\",\"@id\":\"https:\\\/\\\/redenoticiaz.com.br\\\/litoralsp\\\/2022\\\/03\\\/06\\\/o-barco-furado#primaryimage\",\"url\":\"https:\\\/\\\/redenoticiaz.com.br\\\/litoralsp\\\/wp-content\\\/uploads\\\/sites\\\/3\\\/2022\\\/03\\\/whatsapp-image-2022-03-05-at-14-33-31.jpeg\",\"contentUrl\":\"https:\\\/\\\/redenoticiaz.com.br\\\/litoralsp\\\/wp-content\\\/uploads\\\/sites\\\/3\\\/2022\\\/03\\\/whatsapp-image-2022-03-05-at-14-33-31.jpeg\",\"width\":1280,\"height\":853,\"caption\":\"Reflex\u00e3o sobre o barco\"},{\"@type\":\"WebSite\",\"@id\":\"https:\\\/\\\/redenoticiaz.com.br\\\/litoralsp\\\/#website\",\"url\":\"https:\\\/\\\/redenoticiaz.com.br\\\/litoralsp\\\/\",\"name\":\"Litoral SP\",\"description\":\"Rede NoticiaZ\",\"publisher\":{\"@id\":\"https:\\\/\\\/redenoticiaz.com.br\\\/litoralsp\\\/#organization\"},\"potentialAction\":[{\"@type\":\"SearchAction\",\"target\":{\"@type\":\"EntryPoint\",\"urlTemplate\":\"https:\\\/\\\/redenoticiaz.com.br\\\/litoralsp\\\/?s={search_term_string}\"},\"query-input\":{\"@type\":\"PropertyValueSpecification\",\"valueRequired\":true,\"valueName\":\"search_term_string\"}}],\"inLanguage\":\"pt-BR\"},{\"@type\":\"Organization\",\"@id\":\"https:\\\/\\\/redenoticiaz.com.br\\\/litoralsp\\\/#organization\",\"name\":\"Litoral SP\",\"url\":\"https:\\\/\\\/redenoticiaz.com.br\\\/litoralsp\\\/\",\"logo\":{\"@type\":\"ImageObject\",\"inLanguage\":\"pt-BR\",\"@id\":\"https:\\\/\\\/redenoticiaz.com.br\\\/litoralsp\\\/#\\\/schema\\\/logo\\\/image\\\/\",\"url\":\"https:\\\/\\\/redenoticiaz.com.br\\\/litoralsp\\\/wp-content\\\/uploads\\\/sites\\\/3\\\/2020\\\/11\\\/logo.jpg\",\"contentUrl\":\"https:\\\/\\\/redenoticiaz.com.br\\\/litoralsp\\\/wp-content\\\/uploads\\\/sites\\\/3\\\/2020\\\/11\\\/logo.jpg\",\"width\":400,\"height\":250,\"caption\":\"Litoral SP\"},\"image\":{\"@id\":\"https:\\\/\\\/redenoticiaz.com.br\\\/litoralsp\\\/#\\\/schema\\\/logo\\\/image\\\/\"}},{\"@type\":\"Person\",\"@id\":\"\",\"url\":\"https:\\\/\\\/redenoticiaz.com.br\\\/litoralsp\\\/author\"}]}<\/script>\n<!-- \/ Yoast SEO plugin. -->","yoast_head_json":{"title":"O Barco Furado - Litoral SP","description":"Era uma vez um barco enorme. Talvez fosse um navio, ou uma caravela. Talvez uma arca.Por descuido, abriu-se um rombo enorme em seu casco...","robots":{"index":"index","follow":"follow","max-snippet":"max-snippet:-1","max-image-preview":"max-image-preview:large","max-video-preview":"max-video-preview:-1"},"canonical":"https:\/\/redenoticiaz.com.br\/litoralsp\/2022\/03\/06\/o-barco-furado","og_locale":"pt_BR","og_type":"article","og_title":"O Barco Furado - Litoral SP","og_description":"Era uma vez um barco enorme. Talvez fosse um navio, ou uma caravela. Talvez uma arca.Por descuido, abriu-se um rombo enorme em seu casco...","og_url":"https:\/\/redenoticiaz.com.br\/litoralsp\/2022\/03\/06\/o-barco-furado","og_site_name":"Litoral SP","article_published_time":"2022-03-06T15:14:39+00:00","article_modified_time":"2022-03-06T15:40:09+00:00","og_image":[{"width":1280,"height":853,"url":"https:\/\/redenoticiaz.com.br\/litoralsp\/wp-content\/uploads\/sites\/3\/2022\/03\/whatsapp-image-2022-03-05-at-14-33-31.jpeg","type":"image\/jpeg"}],"twitter_card":"summary_large_image","twitter_misc":{"Escrito por":"","Est. tempo de leitura":"3 minutos"},"schema":{"@context":"https:\/\/schema.org","@graph":[{"@type":"Article","@id":"https:\/\/redenoticiaz.com.br\/litoralsp\/2022\/03\/06\/o-barco-furado#article","isPartOf":{"@id":"https:\/\/redenoticiaz.com.br\/litoralsp\/2022\/03\/06\/o-barco-furado"},"author":{"name":"","@id":""},"headline":"O Barco Furado","datePublished":"2022-03-06T15:14:39+00:00","dateModified":"2022-03-06T15:40:09+00:00","mainEntityOfPage":{"@id":"https:\/\/redenoticiaz.com.br\/litoralsp\/2022\/03\/06\/o-barco-furado"},"wordCount":587,"commentCount":0,"publisher":{"@id":"https:\/\/redenoticiaz.com.br\/litoralsp\/#organization"},"image":{"@id":"https:\/\/redenoticiaz.com.br\/litoralsp\/2022\/03\/06\/o-barco-furado#primaryimage"},"thumbnailUrl":"https:\/\/redenoticiaz.com.br\/litoralsp\/wp-content\/uploads\/sites\/3\/2022\/03\/whatsapp-image-2022-03-05-at-14-33-31.jpeg","keywords":["Adalberto Ceolin","Coach","Coaching","OBARCO","REFLEX\u00c3O"],"articleSection":["Trabalho"],"inLanguage":"pt-BR","potentialAction":[{"@type":"CommentAction","name":"Comment","target":["https:\/\/redenoticiaz.com.br\/litoralsp\/2022\/03\/06\/o-barco-furado#respond"]}]},{"@type":"WebPage","@id":"https:\/\/redenoticiaz.com.br\/litoralsp\/2022\/03\/06\/o-barco-furado","url":"https:\/\/redenoticiaz.com.br\/litoralsp\/2022\/03\/06\/o-barco-furado","name":"O Barco Furado - Litoral SP","isPartOf":{"@id":"https:\/\/redenoticiaz.com.br\/litoralsp\/#website"},"primaryImageOfPage":{"@id":"https:\/\/redenoticiaz.com.br\/litoralsp\/2022\/03\/06\/o-barco-furado#primaryimage"},"image":{"@id":"https:\/\/redenoticiaz.com.br\/litoralsp\/2022\/03\/06\/o-barco-furado#primaryimage"},"thumbnailUrl":"https:\/\/redenoticiaz.com.br\/litoralsp\/wp-content\/uploads\/sites\/3\/2022\/03\/whatsapp-image-2022-03-05-at-14-33-31.jpeg","datePublished":"2022-03-06T15:14:39+00:00","dateModified":"2022-03-06T15:40:09+00:00","description":"Era uma vez um barco enorme. Talvez fosse um navio, ou uma caravela. Talvez uma arca.Por descuido, abriu-se um rombo enorme em seu casco...","inLanguage":"pt-BR","potentialAction":[{"@type":"ReadAction","target":["https:\/\/redenoticiaz.com.br\/litoralsp\/2022\/03\/06\/o-barco-furado"]}]},{"@type":"ImageObject","inLanguage":"pt-BR","@id":"https:\/\/redenoticiaz.com.br\/litoralsp\/2022\/03\/06\/o-barco-furado#primaryimage","url":"https:\/\/redenoticiaz.com.br\/litoralsp\/wp-content\/uploads\/sites\/3\/2022\/03\/whatsapp-image-2022-03-05-at-14-33-31.jpeg","contentUrl":"https:\/\/redenoticiaz.com.br\/litoralsp\/wp-content\/uploads\/sites\/3\/2022\/03\/whatsapp-image-2022-03-05-at-14-33-31.jpeg","width":1280,"height":853,"caption":"Reflex\u00e3o sobre o barco"},{"@type":"WebSite","@id":"https:\/\/redenoticiaz.com.br\/litoralsp\/#website","url":"https:\/\/redenoticiaz.com.br\/litoralsp\/","name":"Litoral SP","description":"Rede NoticiaZ","publisher":{"@id":"https:\/\/redenoticiaz.com.br\/litoralsp\/#organization"},"potentialAction":[{"@type":"SearchAction","target":{"@type":"EntryPoint","urlTemplate":"https:\/\/redenoticiaz.com.br\/litoralsp\/?s={search_term_string}"},"query-input":{"@type":"PropertyValueSpecification","valueRequired":true,"valueName":"search_term_string"}}],"inLanguage":"pt-BR"},{"@type":"Organization","@id":"https:\/\/redenoticiaz.com.br\/litoralsp\/#organization","name":"Litoral SP","url":"https:\/\/redenoticiaz.com.br\/litoralsp\/","logo":{"@type":"ImageObject","inLanguage":"pt-BR","@id":"https:\/\/redenoticiaz.com.br\/litoralsp\/#\/schema\/logo\/image\/","url":"https:\/\/redenoticiaz.com.br\/litoralsp\/wp-content\/uploads\/sites\/3\/2020\/11\/logo.jpg","contentUrl":"https:\/\/redenoticiaz.com.br\/litoralsp\/wp-content\/uploads\/sites\/3\/2020\/11\/logo.jpg","width":400,"height":250,"caption":"Litoral SP"},"image":{"@id":"https:\/\/redenoticiaz.com.br\/litoralsp\/#\/schema\/logo\/image\/"}},{"@type":"Person","@id":"","url":"https:\/\/redenoticiaz.com.br\/litoralsp\/author"}]}},"_links":{"self":[{"href":"https:\/\/redenoticiaz.com.br\/litoralsp\/wp-json\/wp\/v2\/posts\/24479","targetHints":{"allow":["GET"]}}],"collection":[{"href":"https:\/\/redenoticiaz.com.br\/litoralsp\/wp-json\/wp\/v2\/posts"}],"about":[{"href":"https:\/\/redenoticiaz.com.br\/litoralsp\/wp-json\/wp\/v2\/types\/post"}],"author":[{"embeddable":true,"href":"https:\/\/redenoticiaz.com.br\/litoralsp\/wp-json\/wp\/v2\/users\/15"}],"replies":[{"embeddable":true,"href":"https:\/\/redenoticiaz.com.br\/litoralsp\/wp-json\/wp\/v2\/comments?post=24479"}],"version-history":[{"count":2,"href":"https:\/\/redenoticiaz.com.br\/litoralsp\/wp-json\/wp\/v2\/posts\/24479\/revisions"}],"predecessor-version":[{"id":24485,"href":"https:\/\/redenoticiaz.com.br\/litoralsp\/wp-json\/wp\/v2\/posts\/24479\/revisions\/24485"}],"wp:featuredmedia":[{"embeddable":true,"href":"https:\/\/redenoticiaz.com.br\/litoralsp\/wp-json\/wp\/v2\/media\/24482"}],"wp:attachment":[{"href":"https:\/\/redenoticiaz.com.br\/litoralsp\/wp-json\/wp\/v2\/media?parent=24479"}],"wp:term":[{"taxonomy":"category","embeddable":true,"href":"https:\/\/redenoticiaz.com.br\/litoralsp\/wp-json\/wp\/v2\/categories?post=24479"},{"taxonomy":"post_tag","embeddable":true,"href":"https:\/\/redenoticiaz.com.br\/litoralsp\/wp-json\/wp\/v2\/tags?post=24479"}],"curies":[{"name":"wp","href":"https:\/\/api.w.org\/{rel}","templated":true}]}}