{"id":24679,"date":"2022-03-10T19:27:08","date_gmt":"2022-03-10T22:27:08","guid":{"rendered":"https:\/\/redenoticiaz.com.br\/litoralsp\/?p=24679"},"modified":"2022-03-10T19:27:08","modified_gmt":"2022-03-10T22:27:08","slug":"carretas-e-caminhao-batem-em-tunel-e-congestionam-a-anchieta","status":"publish","type":"post","link":"https:\/\/redenoticiaz.com.br\/litoralsp\/2022\/03\/10\/carretas-e-caminhao-batem-em-tunel-e-congestionam-a-anchieta","title":{"rendered":"Carretas e caminh\u00e3o batem em t\u00fanel e congestionam a Anchieta"},"content":{"rendered":"<p>Nesta quinta-feira (10), <strong>duas carretas e um caminh\u00e3o se envolveram em um acidente<\/strong> na Rodovia Anchieta, em <a href=\"https:\/\/www.cubatao.sp.gov.br\/\">Cubat\u00e3o<\/a>. A colis\u00e3o aconteceu na pista de descida, sentido Litoral e por isso, um trecho da via ficou congestionado. De acordo com a prefeitura, ningu\u00e9m se feriu.<\/p>\n<p>A Ag\u00eancia Reguladora de Servi\u00e7os P\u00fablicos Delegados de Transporte do Estado de S\u00e3o Paulo (Artesp) informou que a colis\u00e3o aconteceu por volta das 15h30, dentro de um t\u00fanel na altura do Km 46. Por conta do acidente, a faixa 2 da via foi bloqueada.<\/p>\n<p>J\u00e1 a Ecovias, concession\u00e1ria respons\u00e1vel pelo Sistema Anchieta-Imigrantes (SAI) informou que uma das carretas transportava um tipo de pedra semelhante a brita. Parte da carga se espalhou pelo local ap\u00f3s o acidente, e uma equipe realizou a limpeza da via.<\/p>\n<div class=\"content-ads content-ads--reveal\" data-block-type=\"ads\" data-block-id=\"5\"><\/div>\n<div class=\"mc-column content-text active-extra-styles \" data-block-type=\"unstyled\" data-block-weight=\"77\" data-block-id=\"6\">\n<p class=\"content-text__container \" data-track-category=\"Link no Texto\" data-track-links=\"\">O Centro de Controle de Informa\u00e7\u00f5es (CCI) aponta que as condi\u00e7\u00f5es clim\u00e1ticas estavam boas no momento da ocorr\u00eancia, e que uma viatura foi ao local auxiliar no atendimento. Segundo o CCI, o condutor do caminh\u00e3o informou que houve uma pane no sistema de freios do ve\u00edculo. Uma das carretas foi removida do local por volta das 16h30, e o caminh\u00e3o foi retirado \u00e0s 16h55. \u00c0s 17h30, foi removida a segunda carreta e finalizada a limpeza da pista.<\/p>\n<\/div>\n<div class=\"mc-column content-text active-extra-styles \" data-block-type=\"unstyled\" data-block-weight=\"39\" data-block-id=\"7\">\n<p class=\"content-text__container \" data-track-category=\"Link no Texto\" data-track-links=\"\">Conforme o CCI, a colis\u00e3o deixou duas v\u00edtimas moderadas, e uma ilesa. Em nota, a Prefeitura de\u00a0Cubat\u00e3o\u00a0informou que dois homens que se envolveram no acidente foram encaminhados ao Pronto-Socorro Central da cidade, onde realizaram exames de imagem.<\/p>\n<p data-track-category=\"Link no Texto\" data-track-links=\"\"><strong>LEIA TAMB\u00c9M<\/strong><\/p>\n<p data-track-category=\"Link no Texto\" data-track-links=\"\"><a href=\"https:\/\/redenoticiaz.com.br\/litoralsp\/2022\/03\/10\/trem-da-linha-8-diamante-se-choca-contra-muro-de-contencao\">Trem da Linha 8-Diamante se choca contra muro de conten\u00e7\u00e3o<\/a><\/p>\n<\/div>\n","protected":false},"excerpt":{"rendered":"<p>Nesta quinta-feira (10), duas carretas e um caminh\u00e3o se envolveram em um acidente na Rodovia Anchieta, em Cubat\u00e3o. A colis\u00e3o aconteceu na pista de descida, sentido Litoral e por isso, um trecho da via ficou congestionado. De acordo com a prefeitura, ningu\u00e9m se feriu. A Ag\u00eancia Reguladora de Servi\u00e7os P\u00fablicos Delegados de Transporte do Estado &hellip;<\/p>\n","protected":false},"author":6,"featured_media":24680,"comment_status":"open","ping_status":"closed","sticky":false,"template":"","format":"standard","meta":{"footnotes":""},"categories":[186,775],"tags":[7,111,20375,1024,1607],"class_list":["post-24679","post","type-post","status-publish","format-standard","has-post-thumbnail","hentry","category-cubatao","category-turismo","tag-acidente","tag-caminhao","tag-carretas","tag-cubatao","tag-rodovia-anchieta"],"yoast_head":"<!-- This site is optimized with the Yoast SEO plugin v27.5 - https:\/\/yoast.com\/product\/yoast-seo-wordpress\/ -->\n<title>Carretas e caminh\u00e3o batem em t\u00fanel e congestionam a Anchieta - Litoral SP<\/title>\n<meta name=\"description\" content=\"Nesta quinta-feira (10), duas carretas e um caminh\u00e3o se envolveram em um acidente na Rodovia Anchieta, em Cubat\u00e3o. A colis\u00e3o\" \/>\n<meta name=\"robots\" content=\"index, follow, max-snippet:-1, max-image-preview:large, max-video-preview:-1\" \/>\n<link rel=\"canonical\" href=\"https:\/\/redenoticiaz.com.br\/litoralsp\/2022\/03\/10\/carretas-e-caminhao-batem-em-tunel-e-congestionam-a-anchieta\" \/>\n<meta property=\"og:locale\" content=\"pt_BR\" \/>\n<meta property=\"og:type\" content=\"article\" \/>\n<meta property=\"og:title\" content=\"Carretas e caminh\u00e3o batem em t\u00fanel e congestionam a Anchieta - Litoral SP\" \/>\n<meta property=\"og:description\" content=\"Nesta quinta-feira (10), duas carretas e um caminh\u00e3o se envolveram em um acidente na Rodovia Anchieta, em Cubat\u00e3o. A colis\u00e3o\" \/>\n<meta property=\"og:url\" content=\"https:\/\/redenoticiaz.com.br\/litoralsp\/2022\/03\/10\/carretas-e-caminhao-batem-em-tunel-e-congestionam-a-anchieta\" \/>\n<meta property=\"og:site_name\" content=\"Litoral SP\" \/>\n<meta property=\"article:published_time\" content=\"2022-03-10T22:27:08+00:00\" \/>\n<meta property=\"og:image\" content=\"https:\/\/redenoticiaz.com.br\/litoralsp\/wp-content\/uploads\/sites\/3\/2022\/03\/anchieta.png\" \/>\n\t<meta property=\"og:image:width\" content=\"1280\" \/>\n\t<meta property=\"og:image:height\" content=\"720\" \/>\n\t<meta property=\"og:image:type\" content=\"image\/png\" \/>\n<meta name=\"author\" content=\"Leonardo Francisco\" \/>\n<meta name=\"twitter:card\" content=\"summary_large_image\" \/>\n<meta name=\"twitter:label1\" content=\"Escrito por\" \/>\n\t<meta name=\"twitter:data1\" content=\"Leonardo Francisco\" \/>\n\t<meta name=\"twitter:label2\" content=\"Est. tempo de leitura\" \/>\n\t<meta name=\"twitter:data2\" content=\"1 minuto\" \/>\n<script type=\"application\/ld+json\" class=\"yoast-schema-graph\">{\"@context\":\"https:\\\/\\\/schema.org\",\"@graph\":[{\"@type\":\"Article\",\"@id\":\"https:\\\/\\\/redenoticiaz.com.br\\\/litoralsp\\\/2022\\\/03\\\/10\\\/carretas-e-caminhao-batem-em-tunel-e-congestionam-a-anchieta#article\",\"isPartOf\":{\"@id\":\"https:\\\/\\\/redenoticiaz.com.br\\\/litoralsp\\\/2022\\\/03\\\/10\\\/carretas-e-caminhao-batem-em-tunel-e-congestionam-a-anchieta\"},\"author\":{\"name\":\"Leonardo Francisco\",\"@id\":\"https:\\\/\\\/redenoticiaz.com.br\\\/litoralsp\\\/#\\\/schema\\\/person\\\/0f0b8a5bdafefe82841e07ae8d81ecb3\"},\"headline\":\"Carretas e caminh\u00e3o batem em t\u00fanel e congestionam a Anchieta\",\"datePublished\":\"2022-03-10T22:27:08+00:00\",\"mainEntityOfPage\":{\"@id\":\"https:\\\/\\\/redenoticiaz.com.br\\\/litoralsp\\\/2022\\\/03\\\/10\\\/carretas-e-caminhao-batem-em-tunel-e-congestionam-a-anchieta\"},\"wordCount\":290,\"commentCount\":0,\"publisher\":{\"@id\":\"https:\\\/\\\/redenoticiaz.com.br\\\/litoralsp\\\/#organization\"},\"image\":{\"@id\":\"https:\\\/\\\/redenoticiaz.com.br\\\/litoralsp\\\/2022\\\/03\\\/10\\\/carretas-e-caminhao-batem-em-tunel-e-congestionam-a-anchieta#primaryimage\"},\"thumbnailUrl\":\"https:\\\/\\\/redenoticiaz.com.br\\\/litoralsp\\\/wp-content\\\/uploads\\\/sites\\\/3\\\/2022\\\/03\\\/anchieta.png\",\"keywords\":[\"acidente\",\"caminh\u00e3o\",\"CARRETAS\",\"CUBAT\u00c3O\",\"RODOVIA ANCHIETA\"],\"articleSection\":[\"Cubat\u00e3o\",\"Turismo\"],\"inLanguage\":\"pt-BR\",\"potentialAction\":[{\"@type\":\"CommentAction\",\"name\":\"Comment\",\"target\":[\"https:\\\/\\\/redenoticiaz.com.br\\\/litoralsp\\\/2022\\\/03\\\/10\\\/carretas-e-caminhao-batem-em-tunel-e-congestionam-a-anchieta#respond\"]}]},{\"@type\":\"WebPage\",\"@id\":\"https:\\\/\\\/redenoticiaz.com.br\\\/litoralsp\\\/2022\\\/03\\\/10\\\/carretas-e-caminhao-batem-em-tunel-e-congestionam-a-anchieta\",\"url\":\"https:\\\/\\\/redenoticiaz.com.br\\\/litoralsp\\\/2022\\\/03\\\/10\\\/carretas-e-caminhao-batem-em-tunel-e-congestionam-a-anchieta\",\"name\":\"Carretas e caminh\u00e3o batem em t\u00fanel e congestionam a Anchieta - Litoral SP\",\"isPartOf\":{\"@id\":\"https:\\\/\\\/redenoticiaz.com.br\\\/litoralsp\\\/#website\"},\"primaryImageOfPage\":{\"@id\":\"https:\\\/\\\/redenoticiaz.com.br\\\/litoralsp\\\/2022\\\/03\\\/10\\\/carretas-e-caminhao-batem-em-tunel-e-congestionam-a-anchieta#primaryimage\"},\"image\":{\"@id\":\"https:\\\/\\\/redenoticiaz.com.br\\\/litoralsp\\\/2022\\\/03\\\/10\\\/carretas-e-caminhao-batem-em-tunel-e-congestionam-a-anchieta#primaryimage\"},\"thumbnailUrl\":\"https:\\\/\\\/redenoticiaz.com.br\\\/litoralsp\\\/wp-content\\\/uploads\\\/sites\\\/3\\\/2022\\\/03\\\/anchieta.png\",\"datePublished\":\"2022-03-10T22:27:08+00:00\",\"description\":\"Nesta quinta-feira (10), duas carretas e um caminh\u00e3o se envolveram em um acidente na Rodovia Anchieta, em Cubat\u00e3o. A colis\u00e3o\",\"inLanguage\":\"pt-BR\",\"potentialAction\":[{\"@type\":\"ReadAction\",\"target\":[\"https:\\\/\\\/redenoticiaz.com.br\\\/litoralsp\\\/2022\\\/03\\\/10\\\/carretas-e-caminhao-batem-em-tunel-e-congestionam-a-anchieta\"]}]},{\"@type\":\"ImageObject\",\"inLanguage\":\"pt-BR\",\"@id\":\"https:\\\/\\\/redenoticiaz.com.br\\\/litoralsp\\\/2022\\\/03\\\/10\\\/carretas-e-caminhao-batem-em-tunel-e-congestionam-a-anchieta#primaryimage\",\"url\":\"https:\\\/\\\/redenoticiaz.com.br\\\/litoralsp\\\/wp-content\\\/uploads\\\/sites\\\/3\\\/2022\\\/03\\\/anchieta.png\",\"contentUrl\":\"https:\\\/\\\/redenoticiaz.com.br\\\/litoralsp\\\/wp-content\\\/uploads\\\/sites\\\/3\\\/2022\\\/03\\\/anchieta.png\",\"width\":1280,\"height\":720,\"caption\":\"Houve uma lentid\u00e3o parcial no trecho. Cr\u00e9ditos: Ecovias.\"},{\"@type\":\"WebSite\",\"@id\":\"https:\\\/\\\/redenoticiaz.com.br\\\/litoralsp\\\/#website\",\"url\":\"https:\\\/\\\/redenoticiaz.com.br\\\/litoralsp\\\/\",\"name\":\"Litoral SP\",\"description\":\"Rede NoticiaZ\",\"publisher\":{\"@id\":\"https:\\\/\\\/redenoticiaz.com.br\\\/litoralsp\\\/#organization\"},\"potentialAction\":[{\"@type\":\"SearchAction\",\"target\":{\"@type\":\"EntryPoint\",\"urlTemplate\":\"https:\\\/\\\/redenoticiaz.com.br\\\/litoralsp\\\/?s={search_term_string}\"},\"query-input\":{\"@type\":\"PropertyValueSpecification\",\"valueRequired\":true,\"valueName\":\"search_term_string\"}}],\"inLanguage\":\"pt-BR\"},{\"@type\":\"Organization\",\"@id\":\"https:\\\/\\\/redenoticiaz.com.br\\\/litoralsp\\\/#organization\",\"name\":\"Litoral SP\",\"url\":\"https:\\\/\\\/redenoticiaz.com.br\\\/litoralsp\\\/\",\"logo\":{\"@type\":\"ImageObject\",\"inLanguage\":\"pt-BR\",\"@id\":\"https:\\\/\\\/redenoticiaz.com.br\\\/litoralsp\\\/#\\\/schema\\\/logo\\\/image\\\/\",\"url\":\"https:\\\/\\\/redenoticiaz.com.br\\\/litoralsp\\\/wp-content\\\/uploads\\\/sites\\\/3\\\/2020\\\/11\\\/logo.jpg\",\"contentUrl\":\"https:\\\/\\\/redenoticiaz.com.br\\\/litoralsp\\\/wp-content\\\/uploads\\\/sites\\\/3\\\/2020\\\/11\\\/logo.jpg\",\"width\":400,\"height\":250,\"caption\":\"Litoral SP\"},\"image\":{\"@id\":\"https:\\\/\\\/redenoticiaz.com.br\\\/litoralsp\\\/#\\\/schema\\\/logo\\\/image\\\/\"}},{\"@type\":\"Person\",\"@id\":\"https:\\\/\\\/redenoticiaz.com.br\\\/litoralsp\\\/#\\\/schema\\\/person\\\/0f0b8a5bdafefe82841e07ae8d81ecb3\",\"name\":\"Leonardo Francisco\",\"image\":{\"@type\":\"ImageObject\",\"inLanguage\":\"pt-BR\",\"@id\":\"https:\\\/\\\/secure.gravatar.com\\\/avatar\\\/a7358cb406a99b682ec6df1e77e31ae82e63601f6784e8a3df411d72b37864da?s=96&d=mm&r=g\",\"url\":\"https:\\\/\\\/secure.gravatar.com\\\/avatar\\\/a7358cb406a99b682ec6df1e77e31ae82e63601f6784e8a3df411d72b37864da?s=96&d=mm&r=g\",\"contentUrl\":\"https:\\\/\\\/secure.gravatar.com\\\/avatar\\\/a7358cb406a99b682ec6df1e77e31ae82e63601f6784e8a3df411d72b37864da?s=96&d=mm&r=g\",\"caption\":\"Leonardo Francisco\"},\"url\":\"https:\\\/\\\/redenoticiaz.com.br\\\/litoralsp\\\/author\\\/leonardo-francisco\"}]}<\/script>\n<!-- \/ Yoast SEO plugin. -->","yoast_head_json":{"title":"Carretas e caminh\u00e3o batem em t\u00fanel e congestionam a Anchieta - Litoral SP","description":"Nesta quinta-feira (10), duas carretas e um caminh\u00e3o se envolveram em um acidente na Rodovia Anchieta, em Cubat\u00e3o. A colis\u00e3o","robots":{"index":"index","follow":"follow","max-snippet":"max-snippet:-1","max-image-preview":"max-image-preview:large","max-video-preview":"max-video-preview:-1"},"canonical":"https:\/\/redenoticiaz.com.br\/litoralsp\/2022\/03\/10\/carretas-e-caminhao-batem-em-tunel-e-congestionam-a-anchieta","og_locale":"pt_BR","og_type":"article","og_title":"Carretas e caminh\u00e3o batem em t\u00fanel e congestionam a Anchieta - Litoral SP","og_description":"Nesta quinta-feira (10), duas carretas e um caminh\u00e3o se envolveram em um acidente na Rodovia Anchieta, em Cubat\u00e3o. A colis\u00e3o","og_url":"https:\/\/redenoticiaz.com.br\/litoralsp\/2022\/03\/10\/carretas-e-caminhao-batem-em-tunel-e-congestionam-a-anchieta","og_site_name":"Litoral SP","article_published_time":"2022-03-10T22:27:08+00:00","og_image":[{"width":1280,"height":720,"url":"https:\/\/redenoticiaz.com.br\/litoralsp\/wp-content\/uploads\/sites\/3\/2022\/03\/anchieta.png","type":"image\/png"}],"author":"Leonardo Francisco","twitter_card":"summary_large_image","twitter_misc":{"Escrito por":"Leonardo Francisco","Est. tempo de leitura":"1 minuto"},"schema":{"@context":"https:\/\/schema.org","@graph":[{"@type":"Article","@id":"https:\/\/redenoticiaz.com.br\/litoralsp\/2022\/03\/10\/carretas-e-caminhao-batem-em-tunel-e-congestionam-a-anchieta#article","isPartOf":{"@id":"https:\/\/redenoticiaz.com.br\/litoralsp\/2022\/03\/10\/carretas-e-caminhao-batem-em-tunel-e-congestionam-a-anchieta"},"author":{"name":"Leonardo Francisco","@id":"https:\/\/redenoticiaz.com.br\/litoralsp\/#\/schema\/person\/0f0b8a5bdafefe82841e07ae8d81ecb3"},"headline":"Carretas e caminh\u00e3o batem em t\u00fanel e congestionam a Anchieta","datePublished":"2022-03-10T22:27:08+00:00","mainEntityOfPage":{"@id":"https:\/\/redenoticiaz.com.br\/litoralsp\/2022\/03\/10\/carretas-e-caminhao-batem-em-tunel-e-congestionam-a-anchieta"},"wordCount":290,"commentCount":0,"publisher":{"@id":"https:\/\/redenoticiaz.com.br\/litoralsp\/#organization"},"image":{"@id":"https:\/\/redenoticiaz.com.br\/litoralsp\/2022\/03\/10\/carretas-e-caminhao-batem-em-tunel-e-congestionam-a-anchieta#primaryimage"},"thumbnailUrl":"https:\/\/redenoticiaz.com.br\/litoralsp\/wp-content\/uploads\/sites\/3\/2022\/03\/anchieta.png","keywords":["acidente","caminh\u00e3o","CARRETAS","CUBAT\u00c3O","RODOVIA ANCHIETA"],"articleSection":["Cubat\u00e3o","Turismo"],"inLanguage":"pt-BR","potentialAction":[{"@type":"CommentAction","name":"Comment","target":["https:\/\/redenoticiaz.com.br\/litoralsp\/2022\/03\/10\/carretas-e-caminhao-batem-em-tunel-e-congestionam-a-anchieta#respond"]}]},{"@type":"WebPage","@id":"https:\/\/redenoticiaz.com.br\/litoralsp\/2022\/03\/10\/carretas-e-caminhao-batem-em-tunel-e-congestionam-a-anchieta","url":"https:\/\/redenoticiaz.com.br\/litoralsp\/2022\/03\/10\/carretas-e-caminhao-batem-em-tunel-e-congestionam-a-anchieta","name":"Carretas e caminh\u00e3o batem em t\u00fanel e congestionam a Anchieta - Litoral SP","isPartOf":{"@id":"https:\/\/redenoticiaz.com.br\/litoralsp\/#website"},"primaryImageOfPage":{"@id":"https:\/\/redenoticiaz.com.br\/litoralsp\/2022\/03\/10\/carretas-e-caminhao-batem-em-tunel-e-congestionam-a-anchieta#primaryimage"},"image":{"@id":"https:\/\/redenoticiaz.com.br\/litoralsp\/2022\/03\/10\/carretas-e-caminhao-batem-em-tunel-e-congestionam-a-anchieta#primaryimage"},"thumbnailUrl":"https:\/\/redenoticiaz.com.br\/litoralsp\/wp-content\/uploads\/sites\/3\/2022\/03\/anchieta.png","datePublished":"2022-03-10T22:27:08+00:00","description":"Nesta quinta-feira (10), duas carretas e um caminh\u00e3o se envolveram em um acidente na Rodovia Anchieta, em Cubat\u00e3o. A colis\u00e3o","inLanguage":"pt-BR","potentialAction":[{"@type":"ReadAction","target":["https:\/\/redenoticiaz.com.br\/litoralsp\/2022\/03\/10\/carretas-e-caminhao-batem-em-tunel-e-congestionam-a-anchieta"]}]},{"@type":"ImageObject","inLanguage":"pt-BR","@id":"https:\/\/redenoticiaz.com.br\/litoralsp\/2022\/03\/10\/carretas-e-caminhao-batem-em-tunel-e-congestionam-a-anchieta#primaryimage","url":"https:\/\/redenoticiaz.com.br\/litoralsp\/wp-content\/uploads\/sites\/3\/2022\/03\/anchieta.png","contentUrl":"https:\/\/redenoticiaz.com.br\/litoralsp\/wp-content\/uploads\/sites\/3\/2022\/03\/anchieta.png","width":1280,"height":720,"caption":"Houve uma lentid\u00e3o parcial no trecho. Cr\u00e9ditos: Ecovias."},{"@type":"WebSite","@id":"https:\/\/redenoticiaz.com.br\/litoralsp\/#website","url":"https:\/\/redenoticiaz.com.br\/litoralsp\/","name":"Litoral SP","description":"Rede NoticiaZ","publisher":{"@id":"https:\/\/redenoticiaz.com.br\/litoralsp\/#organization"},"potentialAction":[{"@type":"SearchAction","target":{"@type":"EntryPoint","urlTemplate":"https:\/\/redenoticiaz.com.br\/litoralsp\/?s={search_term_string}"},"query-input":{"@type":"PropertyValueSpecification","valueRequired":true,"valueName":"search_term_string"}}],"inLanguage":"pt-BR"},{"@type":"Organization","@id":"https:\/\/redenoticiaz.com.br\/litoralsp\/#organization","name":"Litoral SP","url":"https:\/\/redenoticiaz.com.br\/litoralsp\/","logo":{"@type":"ImageObject","inLanguage":"pt-BR","@id":"https:\/\/redenoticiaz.com.br\/litoralsp\/#\/schema\/logo\/image\/","url":"https:\/\/redenoticiaz.com.br\/litoralsp\/wp-content\/uploads\/sites\/3\/2020\/11\/logo.jpg","contentUrl":"https:\/\/redenoticiaz.com.br\/litoralsp\/wp-content\/uploads\/sites\/3\/2020\/11\/logo.jpg","width":400,"height":250,"caption":"Litoral SP"},"image":{"@id":"https:\/\/redenoticiaz.com.br\/litoralsp\/#\/schema\/logo\/image\/"}},{"@type":"Person","@id":"https:\/\/redenoticiaz.com.br\/litoralsp\/#\/schema\/person\/0f0b8a5bdafefe82841e07ae8d81ecb3","name":"Leonardo Francisco","image":{"@type":"ImageObject","inLanguage":"pt-BR","@id":"https:\/\/secure.gravatar.com\/avatar\/a7358cb406a99b682ec6df1e77e31ae82e63601f6784e8a3df411d72b37864da?s=96&d=mm&r=g","url":"https:\/\/secure.gravatar.com\/avatar\/a7358cb406a99b682ec6df1e77e31ae82e63601f6784e8a3df411d72b37864da?s=96&d=mm&r=g","contentUrl":"https:\/\/secure.gravatar.com\/avatar\/a7358cb406a99b682ec6df1e77e31ae82e63601f6784e8a3df411d72b37864da?s=96&d=mm&r=g","caption":"Leonardo Francisco"},"url":"https:\/\/redenoticiaz.com.br\/litoralsp\/author\/leonardo-francisco"}]}},"_links":{"self":[{"href":"https:\/\/redenoticiaz.com.br\/litoralsp\/wp-json\/wp\/v2\/posts\/24679","targetHints":{"allow":["GET"]}}],"collection":[{"href":"https:\/\/redenoticiaz.com.br\/litoralsp\/wp-json\/wp\/v2\/posts"}],"about":[{"href":"https:\/\/redenoticiaz.com.br\/litoralsp\/wp-json\/wp\/v2\/types\/post"}],"author":[{"embeddable":true,"href":"https:\/\/redenoticiaz.com.br\/litoralsp\/wp-json\/wp\/v2\/users\/6"}],"replies":[{"embeddable":true,"href":"https:\/\/redenoticiaz.com.br\/litoralsp\/wp-json\/wp\/v2\/comments?post=24679"}],"version-history":[{"count":1,"href":"https:\/\/redenoticiaz.com.br\/litoralsp\/wp-json\/wp\/v2\/posts\/24679\/revisions"}],"predecessor-version":[{"id":24681,"href":"https:\/\/redenoticiaz.com.br\/litoralsp\/wp-json\/wp\/v2\/posts\/24679\/revisions\/24681"}],"wp:featuredmedia":[{"embeddable":true,"href":"https:\/\/redenoticiaz.com.br\/litoralsp\/wp-json\/wp\/v2\/media\/24680"}],"wp:attachment":[{"href":"https:\/\/redenoticiaz.com.br\/litoralsp\/wp-json\/wp\/v2\/media?parent=24679"}],"wp:term":[{"taxonomy":"category","embeddable":true,"href":"https:\/\/redenoticiaz.com.br\/litoralsp\/wp-json\/wp\/v2\/categories?post=24679"},{"taxonomy":"post_tag","embeddable":true,"href":"https:\/\/redenoticiaz.com.br\/litoralsp\/wp-json\/wp\/v2\/tags?post=24679"}],"curies":[{"name":"wp","href":"https:\/\/api.w.org\/{rel}","templated":true}]}}