{"id":248,"date":"2020-11-16T18:03:07","date_gmt":"2020-11-16T21:03:07","guid":{"rendered":"https:\/\/redenoticiaz.com.br\/litoralsp\/?p=248"},"modified":"2020-11-16T18:03:23","modified_gmt":"2020-11-16T21:03:23","slug":"tiago-cervantes-mantem-psdb-na-prefeitura-de-itanhaem","status":"publish","type":"post","link":"https:\/\/redenoticiaz.com.br\/litoralsp\/2020\/11\/16\/tiago-cervantes-mantem-psdb-na-prefeitura-de-itanhaem","title":{"rendered":"Tiago Cervantes mant\u00e9m PSDB na Prefeitura de Itanha\u00e9m"},"content":{"rendered":"<p>Pelo menos por mais quatro anos o PSDB seguir\u00e1 no comando da <a href=\"http:\/\/www2.itanhaem.sp.gov.br\/\">Prefeitura de Itanha\u00e9m<\/a>. Ap\u00f3s as gest\u00f5es de Marco Aur\u00e9lio Gomes, chegou a vez de Tiago Cervantes, eleito por 40,51% dos votos v\u00e1lidos, assumir a Administra\u00e7\u00e3o Municipal.<\/p>\n<p>De acordo com a Justi\u00e7a Eleitoral, Tiago recebeu 19.368 votos e agora vai seguir com os trabalhos que v\u00e3o ser deixados pelo seu antecessor, mas promete fazer investimentos na sa\u00fade e seguran\u00e7a. Entre as medidas est\u00e3o: cria\u00e7\u00e3o de um aplicativo para agendamento de consultas e exames na rede p\u00fablica de sa\u00fade, implementa\u00e7\u00e3o da Ronda Ostensiva da Guarda Civil Municipal e constru\u00e7\u00e3o de um centro de acolhimento de animais dom\u00e9sticos em estado de abandono e risco.<\/p>\n<div class=\"mc-column content-text active-extra-styles\" data-block-type=\"raw\" data-block-weight=\"2\" data-block-id=\"8\">\n<div class=\"content-intertitle\">\n<h3>Resultados finais<\/h3>\n<\/div>\n<\/div>\n<div class=\"mc-column content-text active-extra-styles\" data-block-type=\"raw\" data-block-weight=\"48\" data-block-id=\"9\">\n<ul class=\"content-unordered-list\">\n<li>Tiago Cervantes (PSDB): 19.368 votos (40,51%)<\/li>\n<li>Cris Forssell (PODE): 15.424 votos (32,26%)<\/li>\n<li>Marcelo Strama (PSB): 7.151 votos (14,96%)<\/li>\n<li>Capit\u00e3o Galv\u00e3o (PRTB): 3.534 votos (7,39%)<\/li>\n<li>Wilton Brito (PT): 935 votos (1,96%)<\/li>\n<li>Poliana F\u00e9 (PSOL): 646 votos (1,35%)<\/li>\n<li>Paulo Munhoz (PTC): 515 votos (1,08%)<\/li>\n<li>Cesar Lima (Patriota): 242 votos (0,51%)<\/li>\n<\/ul>\n<p>Leia tamb\u00e9m<\/p>\n<p><a href=\"https:\/\/redenoticiaz.com.br\/litoralsp\/2020\/11\/12\/vacina-contra-cancer-e-desenvolvida\/\">Vacina contra c\u00e2ncer \u00e9 desenvolvida<\/a><\/p>\n<\/div>\n","protected":false},"excerpt":{"rendered":"<p>Pelo menos por mais quatro anos o PSDB seguir\u00e1 no comando da Prefeitura de Itanha\u00e9m. Ap\u00f3s as gest\u00f5es de Marco Aur\u00e9lio Gomes, chegou a vez de Tiago Cervantes, eleito por 40,51% dos votos v\u00e1lidos, assumir a Administra\u00e7\u00e3o Municipal. De acordo com a Justi\u00e7a Eleitoral, Tiago recebeu 19.368 votos e agora vai seguir com os trabalhos &hellip;<\/p>\n","protected":false},"author":6,"featured_media":249,"comment_status":"open","ping_status":"closed","sticky":false,"template":"","format":"standard","meta":{"footnotes":""},"categories":[48,184],"tags":[49,1068,1069,1070],"class_list":["post-248","post","type-post","status-publish","format-standard","has-post-thumbnail","hentry","category-eleicoes","category-itanhaem","tag-eleicoes-municipais","tag-itanhaem","tag-prefeito","tag-tiago-cervantes"],"yoast_head":"<!-- This site is optimized with the Yoast SEO plugin v27.5 - https:\/\/yoast.com\/product\/yoast-seo-wordpress\/ -->\n<title>Tiago Cervantes mant\u00e9m PSDB na Prefeitura de Itanha\u00e9m - Litoral SP<\/title>\n<meta name=\"description\" content=\"Pelo menos por mais quatro anos o PSDB seguir\u00e1 no comando da Prefeitura de Itanha\u00e9m.\" \/>\n<meta name=\"robots\" content=\"index, follow, max-snippet:-1, max-image-preview:large, max-video-preview:-1\" \/>\n<link rel=\"canonical\" href=\"https:\/\/redenoticiaz.com.br\/litoralsp\/2020\/11\/16\/tiago-cervantes-mantem-psdb-na-prefeitura-de-itanhaem\" \/>\n<meta property=\"og:locale\" content=\"pt_BR\" \/>\n<meta property=\"og:type\" content=\"article\" \/>\n<meta property=\"og:title\" content=\"Tiago Cervantes mant\u00e9m PSDB na Prefeitura de Itanha\u00e9m - Litoral SP\" \/>\n<meta property=\"og:description\" content=\"Pelo menos por mais quatro anos o PSDB seguir\u00e1 no comando da Prefeitura de Itanha\u00e9m.\" \/>\n<meta property=\"og:url\" content=\"https:\/\/redenoticiaz.com.br\/litoralsp\/2020\/11\/16\/tiago-cervantes-mantem-psdb-na-prefeitura-de-itanhaem\" \/>\n<meta property=\"og:site_name\" content=\"Litoral SP\" \/>\n<meta property=\"article:published_time\" content=\"2020-11-16T21:03:07+00:00\" \/>\n<meta property=\"article:modified_time\" content=\"2020-11-16T21:03:23+00:00\" \/>\n<meta property=\"og:image\" content=\"https:\/\/redenoticiaz.com.br\/litoralsp\/wp-content\/uploads\/sites\/3\/2020\/11\/itanhaem.jpg\" \/>\n\t<meta property=\"og:image:width\" content=\"259\" \/>\n\t<meta property=\"og:image:height\" content=\"194\" \/>\n\t<meta property=\"og:image:type\" content=\"image\/jpeg\" \/>\n<meta name=\"author\" content=\"Leonardo Francisco\" \/>\n<meta name=\"twitter:card\" content=\"summary_large_image\" \/>\n<meta name=\"twitter:label1\" content=\"Escrito por\" \/>\n\t<meta name=\"twitter:data1\" content=\"Leonardo Francisco\" \/>\n\t<meta name=\"twitter:label2\" content=\"Est. tempo de leitura\" \/>\n\t<meta name=\"twitter:data2\" content=\"1 minuto\" \/>\n<script type=\"application\/ld+json\" class=\"yoast-schema-graph\">{\"@context\":\"https:\\\/\\\/schema.org\",\"@graph\":[{\"@type\":\"Article\",\"@id\":\"https:\\\/\\\/redenoticiaz.com.br\\\/litoralsp\\\/2020\\\/11\\\/16\\\/tiago-cervantes-mantem-psdb-na-prefeitura-de-itanhaem#article\",\"isPartOf\":{\"@id\":\"https:\\\/\\\/redenoticiaz.com.br\\\/litoralsp\\\/2020\\\/11\\\/16\\\/tiago-cervantes-mantem-psdb-na-prefeitura-de-itanhaem\"},\"author\":{\"name\":\"Leonardo Francisco\",\"@id\":\"https:\\\/\\\/redenoticiaz.com.br\\\/litoralsp\\\/#\\\/schema\\\/person\\\/0f0b8a5bdafefe82841e07ae8d81ecb3\"},\"headline\":\"Tiago Cervantes mant\u00e9m PSDB na Prefeitura de Itanha\u00e9m\",\"datePublished\":\"2020-11-16T21:03:07+00:00\",\"dateModified\":\"2020-11-16T21:03:23+00:00\",\"mainEntityOfPage\":{\"@id\":\"https:\\\/\\\/redenoticiaz.com.br\\\/litoralsp\\\/2020\\\/11\\\/16\\\/tiago-cervantes-mantem-psdb-na-prefeitura-de-itanhaem\"},\"wordCount\":182,\"commentCount\":0,\"publisher\":{\"@id\":\"https:\\\/\\\/redenoticiaz.com.br\\\/litoralsp\\\/#organization\"},\"image\":{\"@id\":\"https:\\\/\\\/redenoticiaz.com.br\\\/litoralsp\\\/2020\\\/11\\\/16\\\/tiago-cervantes-mantem-psdb-na-prefeitura-de-itanhaem#primaryimage\"},\"thumbnailUrl\":\"https:\\\/\\\/redenoticiaz.com.br\\\/litoralsp\\\/wp-content\\\/uploads\\\/sites\\\/3\\\/2020\\\/11\\\/itanhaem.jpg\",\"keywords\":[\"ELEI\u00c7\u00d5ES MUNICIPAIS\",\"ITANHA\u00c9M\",\"prefeito\",\"TIAGO CERVANTES\"],\"articleSection\":[\"Elei\u00e7\u00f5es\",\"Itanha\u00e9m\"],\"inLanguage\":\"pt-BR\",\"potentialAction\":[{\"@type\":\"CommentAction\",\"name\":\"Comment\",\"target\":[\"https:\\\/\\\/redenoticiaz.com.br\\\/litoralsp\\\/2020\\\/11\\\/16\\\/tiago-cervantes-mantem-psdb-na-prefeitura-de-itanhaem#respond\"]}]},{\"@type\":\"WebPage\",\"@id\":\"https:\\\/\\\/redenoticiaz.com.br\\\/litoralsp\\\/2020\\\/11\\\/16\\\/tiago-cervantes-mantem-psdb-na-prefeitura-de-itanhaem\",\"url\":\"https:\\\/\\\/redenoticiaz.com.br\\\/litoralsp\\\/2020\\\/11\\\/16\\\/tiago-cervantes-mantem-psdb-na-prefeitura-de-itanhaem\",\"name\":\"Tiago Cervantes mant\u00e9m PSDB na Prefeitura de Itanha\u00e9m - Litoral SP\",\"isPartOf\":{\"@id\":\"https:\\\/\\\/redenoticiaz.com.br\\\/litoralsp\\\/#website\"},\"primaryImageOfPage\":{\"@id\":\"https:\\\/\\\/redenoticiaz.com.br\\\/litoralsp\\\/2020\\\/11\\\/16\\\/tiago-cervantes-mantem-psdb-na-prefeitura-de-itanhaem#primaryimage\"},\"image\":{\"@id\":\"https:\\\/\\\/redenoticiaz.com.br\\\/litoralsp\\\/2020\\\/11\\\/16\\\/tiago-cervantes-mantem-psdb-na-prefeitura-de-itanhaem#primaryimage\"},\"thumbnailUrl\":\"https:\\\/\\\/redenoticiaz.com.br\\\/litoralsp\\\/wp-content\\\/uploads\\\/sites\\\/3\\\/2020\\\/11\\\/itanhaem.jpg\",\"datePublished\":\"2020-11-16T21:03:07+00:00\",\"dateModified\":\"2020-11-16T21:03:23+00:00\",\"description\":\"Pelo menos por mais quatro anos o PSDB seguir\u00e1 no comando da Prefeitura de Itanha\u00e9m.\",\"inLanguage\":\"pt-BR\",\"potentialAction\":[{\"@type\":\"ReadAction\",\"target\":[\"https:\\\/\\\/redenoticiaz.com.br\\\/litoralsp\\\/2020\\\/11\\\/16\\\/tiago-cervantes-mantem-psdb-na-prefeitura-de-itanhaem\"]}]},{\"@type\":\"ImageObject\",\"inLanguage\":\"pt-BR\",\"@id\":\"https:\\\/\\\/redenoticiaz.com.br\\\/litoralsp\\\/2020\\\/11\\\/16\\\/tiago-cervantes-mantem-psdb-na-prefeitura-de-itanhaem#primaryimage\",\"url\":\"https:\\\/\\\/redenoticiaz.com.br\\\/litoralsp\\\/wp-content\\\/uploads\\\/sites\\\/3\\\/2020\\\/11\\\/itanhaem.jpg\",\"contentUrl\":\"https:\\\/\\\/redenoticiaz.com.br\\\/litoralsp\\\/wp-content\\\/uploads\\\/sites\\\/3\\\/2020\\\/11\\\/itanhaem.jpg\",\"width\":259,\"height\":194,\"caption\":\"Uma das miss\u00f5es do prefeito eleito ser\u00e1 avan\u00e7ar no projeto do Aeroporto para que ele seja de voos comerciais.\"},{\"@type\":\"WebSite\",\"@id\":\"https:\\\/\\\/redenoticiaz.com.br\\\/litoralsp\\\/#website\",\"url\":\"https:\\\/\\\/redenoticiaz.com.br\\\/litoralsp\\\/\",\"name\":\"Litoral SP\",\"description\":\"Rede NoticiaZ\",\"publisher\":{\"@id\":\"https:\\\/\\\/redenoticiaz.com.br\\\/litoralsp\\\/#organization\"},\"potentialAction\":[{\"@type\":\"SearchAction\",\"target\":{\"@type\":\"EntryPoint\",\"urlTemplate\":\"https:\\\/\\\/redenoticiaz.com.br\\\/litoralsp\\\/?s={search_term_string}\"},\"query-input\":{\"@type\":\"PropertyValueSpecification\",\"valueRequired\":true,\"valueName\":\"search_term_string\"}}],\"inLanguage\":\"pt-BR\"},{\"@type\":\"Organization\",\"@id\":\"https:\\\/\\\/redenoticiaz.com.br\\\/litoralsp\\\/#organization\",\"name\":\"Litoral SP\",\"url\":\"https:\\\/\\\/redenoticiaz.com.br\\\/litoralsp\\\/\",\"logo\":{\"@type\":\"ImageObject\",\"inLanguage\":\"pt-BR\",\"@id\":\"https:\\\/\\\/redenoticiaz.com.br\\\/litoralsp\\\/#\\\/schema\\\/logo\\\/image\\\/\",\"url\":\"https:\\\/\\\/redenoticiaz.com.br\\\/litoralsp\\\/wp-content\\\/uploads\\\/sites\\\/3\\\/2020\\\/11\\\/logo.jpg\",\"contentUrl\":\"https:\\\/\\\/redenoticiaz.com.br\\\/litoralsp\\\/wp-content\\\/uploads\\\/sites\\\/3\\\/2020\\\/11\\\/logo.jpg\",\"width\":400,\"height\":250,\"caption\":\"Litoral SP\"},\"image\":{\"@id\":\"https:\\\/\\\/redenoticiaz.com.br\\\/litoralsp\\\/#\\\/schema\\\/logo\\\/image\\\/\"}},{\"@type\":\"Person\",\"@id\":\"https:\\\/\\\/redenoticiaz.com.br\\\/litoralsp\\\/#\\\/schema\\\/person\\\/0f0b8a5bdafefe82841e07ae8d81ecb3\",\"name\":\"Leonardo Francisco\",\"image\":{\"@type\":\"ImageObject\",\"inLanguage\":\"pt-BR\",\"@id\":\"https:\\\/\\\/secure.gravatar.com\\\/avatar\\\/a7358cb406a99b682ec6df1e77e31ae82e63601f6784e8a3df411d72b37864da?s=96&d=mm&r=g\",\"url\":\"https:\\\/\\\/secure.gravatar.com\\\/avatar\\\/a7358cb406a99b682ec6df1e77e31ae82e63601f6784e8a3df411d72b37864da?s=96&d=mm&r=g\",\"contentUrl\":\"https:\\\/\\\/secure.gravatar.com\\\/avatar\\\/a7358cb406a99b682ec6df1e77e31ae82e63601f6784e8a3df411d72b37864da?s=96&d=mm&r=g\",\"caption\":\"Leonardo Francisco\"},\"url\":\"https:\\\/\\\/redenoticiaz.com.br\\\/litoralsp\\\/author\\\/leonardo-francisco\"}]}<\/script>\n<!-- \/ Yoast SEO plugin. -->","yoast_head_json":{"title":"Tiago Cervantes mant\u00e9m PSDB na Prefeitura de Itanha\u00e9m - Litoral SP","description":"Pelo menos por mais quatro anos o PSDB seguir\u00e1 no comando da Prefeitura de Itanha\u00e9m.","robots":{"index":"index","follow":"follow","max-snippet":"max-snippet:-1","max-image-preview":"max-image-preview:large","max-video-preview":"max-video-preview:-1"},"canonical":"https:\/\/redenoticiaz.com.br\/litoralsp\/2020\/11\/16\/tiago-cervantes-mantem-psdb-na-prefeitura-de-itanhaem","og_locale":"pt_BR","og_type":"article","og_title":"Tiago Cervantes mant\u00e9m PSDB na Prefeitura de Itanha\u00e9m - Litoral SP","og_description":"Pelo menos por mais quatro anos o PSDB seguir\u00e1 no comando da Prefeitura de Itanha\u00e9m.","og_url":"https:\/\/redenoticiaz.com.br\/litoralsp\/2020\/11\/16\/tiago-cervantes-mantem-psdb-na-prefeitura-de-itanhaem","og_site_name":"Litoral SP","article_published_time":"2020-11-16T21:03:07+00:00","article_modified_time":"2020-11-16T21:03:23+00:00","og_image":[{"width":259,"height":194,"url":"https:\/\/redenoticiaz.com.br\/litoralsp\/wp-content\/uploads\/sites\/3\/2020\/11\/itanhaem.jpg","type":"image\/jpeg"}],"author":"Leonardo Francisco","twitter_card":"summary_large_image","twitter_misc":{"Escrito por":"Leonardo Francisco","Est. tempo de leitura":"1 minuto"},"schema":{"@context":"https:\/\/schema.org","@graph":[{"@type":"Article","@id":"https:\/\/redenoticiaz.com.br\/litoralsp\/2020\/11\/16\/tiago-cervantes-mantem-psdb-na-prefeitura-de-itanhaem#article","isPartOf":{"@id":"https:\/\/redenoticiaz.com.br\/litoralsp\/2020\/11\/16\/tiago-cervantes-mantem-psdb-na-prefeitura-de-itanhaem"},"author":{"name":"Leonardo Francisco","@id":"https:\/\/redenoticiaz.com.br\/litoralsp\/#\/schema\/person\/0f0b8a5bdafefe82841e07ae8d81ecb3"},"headline":"Tiago Cervantes mant\u00e9m PSDB na Prefeitura de Itanha\u00e9m","datePublished":"2020-11-16T21:03:07+00:00","dateModified":"2020-11-16T21:03:23+00:00","mainEntityOfPage":{"@id":"https:\/\/redenoticiaz.com.br\/litoralsp\/2020\/11\/16\/tiago-cervantes-mantem-psdb-na-prefeitura-de-itanhaem"},"wordCount":182,"commentCount":0,"publisher":{"@id":"https:\/\/redenoticiaz.com.br\/litoralsp\/#organization"},"image":{"@id":"https:\/\/redenoticiaz.com.br\/litoralsp\/2020\/11\/16\/tiago-cervantes-mantem-psdb-na-prefeitura-de-itanhaem#primaryimage"},"thumbnailUrl":"https:\/\/redenoticiaz.com.br\/litoralsp\/wp-content\/uploads\/sites\/3\/2020\/11\/itanhaem.jpg","keywords":["ELEI\u00c7\u00d5ES MUNICIPAIS","ITANHA\u00c9M","prefeito","TIAGO CERVANTES"],"articleSection":["Elei\u00e7\u00f5es","Itanha\u00e9m"],"inLanguage":"pt-BR","potentialAction":[{"@type":"CommentAction","name":"Comment","target":["https:\/\/redenoticiaz.com.br\/litoralsp\/2020\/11\/16\/tiago-cervantes-mantem-psdb-na-prefeitura-de-itanhaem#respond"]}]},{"@type":"WebPage","@id":"https:\/\/redenoticiaz.com.br\/litoralsp\/2020\/11\/16\/tiago-cervantes-mantem-psdb-na-prefeitura-de-itanhaem","url":"https:\/\/redenoticiaz.com.br\/litoralsp\/2020\/11\/16\/tiago-cervantes-mantem-psdb-na-prefeitura-de-itanhaem","name":"Tiago Cervantes mant\u00e9m PSDB na Prefeitura de Itanha\u00e9m - Litoral SP","isPartOf":{"@id":"https:\/\/redenoticiaz.com.br\/litoralsp\/#website"},"primaryImageOfPage":{"@id":"https:\/\/redenoticiaz.com.br\/litoralsp\/2020\/11\/16\/tiago-cervantes-mantem-psdb-na-prefeitura-de-itanhaem#primaryimage"},"image":{"@id":"https:\/\/redenoticiaz.com.br\/litoralsp\/2020\/11\/16\/tiago-cervantes-mantem-psdb-na-prefeitura-de-itanhaem#primaryimage"},"thumbnailUrl":"https:\/\/redenoticiaz.com.br\/litoralsp\/wp-content\/uploads\/sites\/3\/2020\/11\/itanhaem.jpg","datePublished":"2020-11-16T21:03:07+00:00","dateModified":"2020-11-16T21:03:23+00:00","description":"Pelo menos por mais quatro anos o PSDB seguir\u00e1 no comando da Prefeitura de Itanha\u00e9m.","inLanguage":"pt-BR","potentialAction":[{"@type":"ReadAction","target":["https:\/\/redenoticiaz.com.br\/litoralsp\/2020\/11\/16\/tiago-cervantes-mantem-psdb-na-prefeitura-de-itanhaem"]}]},{"@type":"ImageObject","inLanguage":"pt-BR","@id":"https:\/\/redenoticiaz.com.br\/litoralsp\/2020\/11\/16\/tiago-cervantes-mantem-psdb-na-prefeitura-de-itanhaem#primaryimage","url":"https:\/\/redenoticiaz.com.br\/litoralsp\/wp-content\/uploads\/sites\/3\/2020\/11\/itanhaem.jpg","contentUrl":"https:\/\/redenoticiaz.com.br\/litoralsp\/wp-content\/uploads\/sites\/3\/2020\/11\/itanhaem.jpg","width":259,"height":194,"caption":"Uma das miss\u00f5es do prefeito eleito ser\u00e1 avan\u00e7ar no projeto do Aeroporto para que ele seja de voos comerciais."},{"@type":"WebSite","@id":"https:\/\/redenoticiaz.com.br\/litoralsp\/#website","url":"https:\/\/redenoticiaz.com.br\/litoralsp\/","name":"Litoral SP","description":"Rede NoticiaZ","publisher":{"@id":"https:\/\/redenoticiaz.com.br\/litoralsp\/#organization"},"potentialAction":[{"@type":"SearchAction","target":{"@type":"EntryPoint","urlTemplate":"https:\/\/redenoticiaz.com.br\/litoralsp\/?s={search_term_string}"},"query-input":{"@type":"PropertyValueSpecification","valueRequired":true,"valueName":"search_term_string"}}],"inLanguage":"pt-BR"},{"@type":"Organization","@id":"https:\/\/redenoticiaz.com.br\/litoralsp\/#organization","name":"Litoral SP","url":"https:\/\/redenoticiaz.com.br\/litoralsp\/","logo":{"@type":"ImageObject","inLanguage":"pt-BR","@id":"https:\/\/redenoticiaz.com.br\/litoralsp\/#\/schema\/logo\/image\/","url":"https:\/\/redenoticiaz.com.br\/litoralsp\/wp-content\/uploads\/sites\/3\/2020\/11\/logo.jpg","contentUrl":"https:\/\/redenoticiaz.com.br\/litoralsp\/wp-content\/uploads\/sites\/3\/2020\/11\/logo.jpg","width":400,"height":250,"caption":"Litoral SP"},"image":{"@id":"https:\/\/redenoticiaz.com.br\/litoralsp\/#\/schema\/logo\/image\/"}},{"@type":"Person","@id":"https:\/\/redenoticiaz.com.br\/litoralsp\/#\/schema\/person\/0f0b8a5bdafefe82841e07ae8d81ecb3","name":"Leonardo Francisco","image":{"@type":"ImageObject","inLanguage":"pt-BR","@id":"https:\/\/secure.gravatar.com\/avatar\/a7358cb406a99b682ec6df1e77e31ae82e63601f6784e8a3df411d72b37864da?s=96&d=mm&r=g","url":"https:\/\/secure.gravatar.com\/avatar\/a7358cb406a99b682ec6df1e77e31ae82e63601f6784e8a3df411d72b37864da?s=96&d=mm&r=g","contentUrl":"https:\/\/secure.gravatar.com\/avatar\/a7358cb406a99b682ec6df1e77e31ae82e63601f6784e8a3df411d72b37864da?s=96&d=mm&r=g","caption":"Leonardo Francisco"},"url":"https:\/\/redenoticiaz.com.br\/litoralsp\/author\/leonardo-francisco"}]}},"_links":{"self":[{"href":"https:\/\/redenoticiaz.com.br\/litoralsp\/wp-json\/wp\/v2\/posts\/248","targetHints":{"allow":["GET"]}}],"collection":[{"href":"https:\/\/redenoticiaz.com.br\/litoralsp\/wp-json\/wp\/v2\/posts"}],"about":[{"href":"https:\/\/redenoticiaz.com.br\/litoralsp\/wp-json\/wp\/v2\/types\/post"}],"author":[{"embeddable":true,"href":"https:\/\/redenoticiaz.com.br\/litoralsp\/wp-json\/wp\/v2\/users\/6"}],"replies":[{"embeddable":true,"href":"https:\/\/redenoticiaz.com.br\/litoralsp\/wp-json\/wp\/v2\/comments?post=248"}],"version-history":[{"count":1,"href":"https:\/\/redenoticiaz.com.br\/litoralsp\/wp-json\/wp\/v2\/posts\/248\/revisions"}],"predecessor-version":[{"id":250,"href":"https:\/\/redenoticiaz.com.br\/litoralsp\/wp-json\/wp\/v2\/posts\/248\/revisions\/250"}],"wp:featuredmedia":[{"embeddable":true,"href":"https:\/\/redenoticiaz.com.br\/litoralsp\/wp-json\/wp\/v2\/media\/249"}],"wp:attachment":[{"href":"https:\/\/redenoticiaz.com.br\/litoralsp\/wp-json\/wp\/v2\/media?parent=248"}],"wp:term":[{"taxonomy":"category","embeddable":true,"href":"https:\/\/redenoticiaz.com.br\/litoralsp\/wp-json\/wp\/v2\/categories?post=248"},{"taxonomy":"post_tag","embeddable":true,"href":"https:\/\/redenoticiaz.com.br\/litoralsp\/wp-json\/wp\/v2\/tags?post=248"}],"curies":[{"name":"wp","href":"https:\/\/api.w.org\/{rel}","templated":true}]}}