{"id":24936,"date":"2022-03-19T10:00:54","date_gmt":"2022-03-19T13:00:54","guid":{"rendered":"https:\/\/redenoticiaz.com.br\/litoralsp\/?p=24936"},"modified":"2022-03-15T14:57:01","modified_gmt":"2022-03-15T17:57:01","slug":"frete-fica-29-mais-caro-com-alta-do-combustivel","status":"publish","type":"post","link":"https:\/\/redenoticiaz.com.br\/litoralsp\/2022\/03\/19\/frete-fica-29-mais-caro-com-alta-do-combustivel","title":{"rendered":"Frete fica 29% mais caro com alta do combust\u00edvel"},"content":{"rendered":"<p>A Petrobras anunciou, na semana passada, <strong>reajuste de quase 25% no diesel<\/strong>. Para o transportador, trata-se de mais uma mudan\u00e7a para uma situa\u00e7\u00e3o que \u00e9 cr\u00edtica. O efeito \u00e9 fruto da guerra entre a R\u00fassia e a Ucr\u00e2nia e eleva o pre\u00e7o do barril em propor\u00e7\u00f5es enormes. Em especial no valor diesel. A expectativa de pre\u00e7os mais est\u00e1veis p\u00f3s-pandemia de Covid-19 n\u00e3o se concretizou. Essa infla\u00e7\u00e3o atingir\u00e1 em cheio o valor do frete.<\/p>\n<p>O Conselho Nacional de Estudos em Transporte da NT&amp;C Log\u00edstica (Conet) manifestou-se por meio de nota e afirmou a necessidade da recomposi\u00e7\u00e3o do pre\u00e7o do frete. Isso se d\u00e1 pelos aumentos dos insumos do transporte. \u201cO aumento de hoje do pre\u00e7o do diesel, da ordem de 24,9%, acarreta a necessidade de reajuste adicional no frete de, no m\u00ednimo, 8,75%. Isso que deve ser aplicado emergencialmente nos fretes, acumulando um reajuste total de 28,96% na carga fracionada e 28,82% na carga lota\u00e7\u00e3o. A NT&amp;C Log\u00edstica reitera a import\u00e2ncia do transportador negociar a inclus\u00e3o nos contratos antigos. Al\u00e9m disso, de colocar nos novos contratos um gatilho para os aumentos do diesel\u201d, diz parte do texto. O diesel \u00e9 um dos maiores custos nos insumos da atividade de transporte.<\/p>\n<p>Fatalmente, como j\u00e1 vem antecipando os especialistas, quem vai pagar essa conta \u00e9 o consumidor, j\u00e1 que as empresas de transporte ter\u00e3o que repassar para a ind\u00fastria e para o com\u00e9rcio o efeito da alta. Assim, ferramentas que conseguem automatizar e acelerar os processos das empresas de transporte de cargas e que possuem frotas s\u00e3o uma alternativa a esse movimento sem freios no mercado dos combust\u00edveis.<\/p>\n<h3>Gest\u00e3io de frota<\/h3>\n<p>No Paran\u00e1, por exemplo, a <a href=\"https:\/\/gestran.com.br\/\">Gestran<\/a>, startup especializada em ajudar empresas e profissionais na constru\u00e7\u00e3o de solu\u00e7\u00f5es pr\u00e1ticas para as opera\u00e7\u00f5es log\u00edsticas, oferece algumas solu\u00e7\u00f5es que v\u00e3o exatamente ao encontro desses novos desafios. Uma das ferramentas j\u00e1 dispon\u00edveis \u00e9 a Plataforma de Gest\u00e3o de Frota. Ela foi desenvolvida a partir dos processos e necessidades das transportadoras de cargas e gestores de frota. O obejtivo \u00e9 que superem os desafios dos neg\u00f3cios. \u201cQualquer solu\u00e7\u00e3o que gere economia aos nossos clientes a curto, m\u00e9dio e longo prazo agrega valor ao nosso produto e satisfa\u00e7\u00e3o para quem usa ele\u201d, afirma Paulo Raymundi, CEO da empresa.<\/p>\n<p>A Gestran disp\u00f5e, ainda, de solu\u00e7\u00f5es para o controle de gasto e consumo de combust\u00edvel. Assim como para pneus, manuten\u00e7\u00e3o e despesas de uma maneira simplificada e automatizada. Isso \u00e9 feito a partir de um dashboard de f\u00e1cil uso pelo cliente. Outra funcionalidade \u00e9 o aplicativo de gest\u00e3o de entregas. Integrado ao ERP Gestran e ao Portal de Cargas, com acesso por parte dos clientes. Isso faz com que a transportadora possa acompanhar em tempo real o andamento das entregas. \u201cO repasse da alta do diesel ao frete parece realmente inevit\u00e1vel, mas a economia na gest\u00e3o de frotas \u00e9 poss\u00edvel\u201d, garante Raymundi.<\/p>\n<h3>Frota<\/h3>\n<p>Segundo dados da Ag\u00eancia Nacional de Transportes Terrestres (ANTT), o Brasil conta com cerca de 1 milh\u00e3o de transportadoras. Elas s\u00e3o divididas em transportadores aut\u00f4nomos de carga, empresas de transporte rodovi\u00e1rio e cooperativas de transporte, com uma frota que ultrapassa 2 milh\u00f5es de ve\u00edculos registrados.<\/p>\n<p><strong>LEIA TAMB\u00c9M<\/strong><\/p>\n<p><a href=\"https:\/\/redenoticiaz.com.br\/blog\/2022\/03\/12\/veja-dicas-para-valorizar-seu-veiculo-na-hora-da-venda\">Veja dicas para valorizar seu ve\u00edculo na hora da venda<\/a><\/p>\n","protected":false},"excerpt":{"rendered":"<p>A Petrobras anunciou, na semana passada, reajuste de quase 25% no diesel. Para o transportador, trata-se de mais uma mudan\u00e7a para uma situa\u00e7\u00e3o que \u00e9 cr\u00edtica. O efeito \u00e9 fruto da guerra entre a R\u00fassia e a Ucr\u00e2nia e eleva o pre\u00e7o do barril em propor\u00e7\u00f5es enormes. Em especial no valor diesel. A expectativa de &hellip;<\/p>\n","protected":false},"author":15,"featured_media":24937,"comment_status":"open","ping_status":"closed","sticky":false,"template":"","format":"standard","meta":{"footnotes":""},"categories":[4],"tags":[9220,33449,52121,49450],"class_list":["post-24936","post","type-post","status-publish","format-standard","has-post-thumbnail","hentry","category-geral","tag-alta","tag-combustivel","tag-frete","tag-precos"],"yoast_head":"<!-- This site is optimized with the Yoast SEO plugin v27.4 - https:\/\/yoast.com\/product\/yoast-seo-wordpress\/ -->\n<title>Frete fica 29% mais caro com alta do combust\u00edvel - Litoral SP<\/title>\n<meta name=\"description\" content=\"A alta no valor dos combust\u00edveis, em especial do diesel, anunciadas pela Petrobras na \u00faltima semana, impctar\u00e1 no valor do frete que ficar\u00e1 29% mais caro.\" \/>\n<meta name=\"robots\" content=\"index, follow, max-snippet:-1, max-image-preview:large, max-video-preview:-1\" \/>\n<link rel=\"canonical\" href=\"https:\/\/redenoticiaz.com.br\/litoralsp\/2022\/03\/19\/frete-fica-29-mais-caro-com-alta-do-combustivel\" \/>\n<meta property=\"og:locale\" content=\"pt_BR\" \/>\n<meta property=\"og:type\" content=\"article\" \/>\n<meta property=\"og:title\" content=\"Frete fica 29% mais caro com alta do combust\u00edvel - Litoral SP\" \/>\n<meta property=\"og:description\" content=\"A alta no valor dos combust\u00edveis, em especial do diesel, anunciadas pela Petrobras na \u00faltima semana, impctar\u00e1 no valor do frete que ficar\u00e1 29% mais caro.\" \/>\n<meta property=\"og:url\" content=\"https:\/\/redenoticiaz.com.br\/litoralsp\/2022\/03\/19\/frete-fica-29-mais-caro-com-alta-do-combustivel\" \/>\n<meta property=\"og:site_name\" content=\"Litoral SP\" \/>\n<meta property=\"article:published_time\" content=\"2022-03-19T13:00:54+00:00\" \/>\n<meta name=\"twitter:card\" content=\"summary_large_image\" \/>\n<meta name=\"twitter:image\" content=\"https:\/\/redenoticiaz.com.br\/litoralsp\/wp-content\/uploads\/sites\/3\/2022\/03\/close-up-woman-at-gas-station.jpg?v=1647366465\" \/>\n<meta name=\"twitter:label1\" content=\"Escrito por\" \/>\n\t<meta name=\"twitter:data1\" content=\"\" \/>\n\t<meta name=\"twitter:label2\" content=\"Est. tempo de leitura\" \/>\n\t<meta name=\"twitter:data2\" content=\"3 minutos\" \/>\n<script type=\"application\/ld+json\" class=\"yoast-schema-graph\">{\"@context\":\"https:\\\/\\\/schema.org\",\"@graph\":[{\"@type\":\"Article\",\"@id\":\"https:\\\/\\\/redenoticiaz.com.br\\\/litoralsp\\\/2022\\\/03\\\/19\\\/frete-fica-29-mais-caro-com-alta-do-combustivel#article\",\"isPartOf\":{\"@id\":\"https:\\\/\\\/redenoticiaz.com.br\\\/litoralsp\\\/2022\\\/03\\\/19\\\/frete-fica-29-mais-caro-com-alta-do-combustivel\"},\"author\":{\"name\":\"\",\"@id\":\"\"},\"headline\":\"Frete fica 29% mais caro com alta do combust\u00edvel\",\"datePublished\":\"2022-03-19T13:00:54+00:00\",\"mainEntityOfPage\":{\"@id\":\"https:\\\/\\\/redenoticiaz.com.br\\\/litoralsp\\\/2022\\\/03\\\/19\\\/frete-fica-29-mais-caro-com-alta-do-combustivel\"},\"wordCount\":586,\"commentCount\":0,\"publisher\":{\"@id\":\"https:\\\/\\\/redenoticiaz.com.br\\\/litoralsp\\\/#organization\"},\"image\":{\"@id\":\"https:\\\/\\\/redenoticiaz.com.br\\\/litoralsp\\\/2022\\\/03\\\/19\\\/frete-fica-29-mais-caro-com-alta-do-combustivel#primaryimage\"},\"thumbnailUrl\":\"https:\\\/\\\/redenoticiaz.com.br\\\/litoralsp\\\/wp-content\\\/uploads\\\/sites\\\/3\\\/2022\\\/03\\\/close-up-woman-at-gas-station.jpg?v=1647366465\",\"keywords\":[\"alta\",\"Combust\u00edvel\",\"Frete\",\"pre\u00e7os\"],\"articleSection\":[\"Geral\"],\"inLanguage\":\"pt-BR\",\"potentialAction\":[{\"@type\":\"CommentAction\",\"name\":\"Comment\",\"target\":[\"https:\\\/\\\/redenoticiaz.com.br\\\/litoralsp\\\/2022\\\/03\\\/19\\\/frete-fica-29-mais-caro-com-alta-do-combustivel#respond\"]}]},{\"@type\":\"WebPage\",\"@id\":\"https:\\\/\\\/redenoticiaz.com.br\\\/litoralsp\\\/2022\\\/03\\\/19\\\/frete-fica-29-mais-caro-com-alta-do-combustivel\",\"url\":\"https:\\\/\\\/redenoticiaz.com.br\\\/litoralsp\\\/2022\\\/03\\\/19\\\/frete-fica-29-mais-caro-com-alta-do-combustivel\",\"name\":\"Frete fica 29% mais caro com alta do combust\u00edvel - Litoral SP\",\"isPartOf\":{\"@id\":\"https:\\\/\\\/redenoticiaz.com.br\\\/litoralsp\\\/#website\"},\"primaryImageOfPage\":{\"@id\":\"https:\\\/\\\/redenoticiaz.com.br\\\/litoralsp\\\/2022\\\/03\\\/19\\\/frete-fica-29-mais-caro-com-alta-do-combustivel#primaryimage\"},\"image\":{\"@id\":\"https:\\\/\\\/redenoticiaz.com.br\\\/litoralsp\\\/2022\\\/03\\\/19\\\/frete-fica-29-mais-caro-com-alta-do-combustivel#primaryimage\"},\"thumbnailUrl\":\"https:\\\/\\\/redenoticiaz.com.br\\\/litoralsp\\\/wp-content\\\/uploads\\\/sites\\\/3\\\/2022\\\/03\\\/close-up-woman-at-gas-station.jpg?v=1647366465\",\"datePublished\":\"2022-03-19T13:00:54+00:00\",\"description\":\"A alta no valor dos combust\u00edveis, em especial do diesel, anunciadas pela Petrobras na \u00faltima semana, impctar\u00e1 no valor do frete que ficar\u00e1 29% mais caro.\",\"inLanguage\":\"pt-BR\",\"potentialAction\":[{\"@type\":\"ReadAction\",\"target\":[\"https:\\\/\\\/redenoticiaz.com.br\\\/litoralsp\\\/2022\\\/03\\\/19\\\/frete-fica-29-mais-caro-com-alta-do-combustivel\"]}]},{\"@type\":\"ImageObject\",\"inLanguage\":\"pt-BR\",\"@id\":\"https:\\\/\\\/redenoticiaz.com.br\\\/litoralsp\\\/2022\\\/03\\\/19\\\/frete-fica-29-mais-caro-com-alta-do-combustivel#primaryimage\",\"url\":\"https:\\\/\\\/redenoticiaz.com.br\\\/litoralsp\\\/wp-content\\\/uploads\\\/sites\\\/3\\\/2022\\\/03\\\/close-up-woman-at-gas-station.jpg?v=1647366465\",\"contentUrl\":\"https:\\\/\\\/redenoticiaz.com.br\\\/litoralsp\\\/wp-content\\\/uploads\\\/sites\\\/3\\\/2022\\\/03\\\/close-up-woman-at-gas-station.jpg?v=1647366465\",\"width\":1920,\"height\":934,\"caption\":\"Alta no valor do diesel afetar\u00e1 diretamente o valor do frete (Foto: Divulga\u00e7\u00e3o)\"},{\"@type\":\"WebSite\",\"@id\":\"https:\\\/\\\/redenoticiaz.com.br\\\/litoralsp\\\/#website\",\"url\":\"https:\\\/\\\/redenoticiaz.com.br\\\/litoralsp\\\/\",\"name\":\"Litoral SP\",\"description\":\"Rede NoticiaZ\",\"publisher\":{\"@id\":\"https:\\\/\\\/redenoticiaz.com.br\\\/litoralsp\\\/#organization\"},\"potentialAction\":[{\"@type\":\"SearchAction\",\"target\":{\"@type\":\"EntryPoint\",\"urlTemplate\":\"https:\\\/\\\/redenoticiaz.com.br\\\/litoralsp\\\/?s={search_term_string}\"},\"query-input\":{\"@type\":\"PropertyValueSpecification\",\"valueRequired\":true,\"valueName\":\"search_term_string\"}}],\"inLanguage\":\"pt-BR\"},{\"@type\":\"Organization\",\"@id\":\"https:\\\/\\\/redenoticiaz.com.br\\\/litoralsp\\\/#organization\",\"name\":\"Litoral SP\",\"url\":\"https:\\\/\\\/redenoticiaz.com.br\\\/litoralsp\\\/\",\"logo\":{\"@type\":\"ImageObject\",\"inLanguage\":\"pt-BR\",\"@id\":\"https:\\\/\\\/redenoticiaz.com.br\\\/litoralsp\\\/#\\\/schema\\\/logo\\\/image\\\/\",\"url\":\"https:\\\/\\\/redenoticiaz.com.br\\\/litoralsp\\\/wp-content\\\/uploads\\\/sites\\\/3\\\/2020\\\/11\\\/logo.jpg\",\"contentUrl\":\"https:\\\/\\\/redenoticiaz.com.br\\\/litoralsp\\\/wp-content\\\/uploads\\\/sites\\\/3\\\/2020\\\/11\\\/logo.jpg\",\"width\":400,\"height\":250,\"caption\":\"Litoral SP\"},\"image\":{\"@id\":\"https:\\\/\\\/redenoticiaz.com.br\\\/litoralsp\\\/#\\\/schema\\\/logo\\\/image\\\/\"}},{\"@type\":\"Person\",\"@id\":\"\",\"url\":\"https:\\\/\\\/redenoticiaz.com.br\\\/litoralsp\\\/author\"}]}<\/script>\n<!-- \/ Yoast SEO plugin. -->","yoast_head_json":{"title":"Frete fica 29% mais caro com alta do combust\u00edvel - Litoral SP","description":"A alta no valor dos combust\u00edveis, em especial do diesel, anunciadas pela Petrobras na \u00faltima semana, impctar\u00e1 no valor do frete que ficar\u00e1 29% mais caro.","robots":{"index":"index","follow":"follow","max-snippet":"max-snippet:-1","max-image-preview":"max-image-preview:large","max-video-preview":"max-video-preview:-1"},"canonical":"https:\/\/redenoticiaz.com.br\/litoralsp\/2022\/03\/19\/frete-fica-29-mais-caro-com-alta-do-combustivel","og_locale":"pt_BR","og_type":"article","og_title":"Frete fica 29% mais caro com alta do combust\u00edvel - Litoral SP","og_description":"A alta no valor dos combust\u00edveis, em especial do diesel, anunciadas pela Petrobras na \u00faltima semana, impctar\u00e1 no valor do frete que ficar\u00e1 29% mais caro.","og_url":"https:\/\/redenoticiaz.com.br\/litoralsp\/2022\/03\/19\/frete-fica-29-mais-caro-com-alta-do-combustivel","og_site_name":"Litoral SP","article_published_time":"2022-03-19T13:00:54+00:00","twitter_card":"summary_large_image","twitter_image":"https:\/\/redenoticiaz.com.br\/litoralsp\/wp-content\/uploads\/sites\/3\/2022\/03\/close-up-woman-at-gas-station.jpg?v=1647366465","twitter_misc":{"Escrito por":"","Est. tempo de leitura":"3 minutos"},"schema":{"@context":"https:\/\/schema.org","@graph":[{"@type":"Article","@id":"https:\/\/redenoticiaz.com.br\/litoralsp\/2022\/03\/19\/frete-fica-29-mais-caro-com-alta-do-combustivel#article","isPartOf":{"@id":"https:\/\/redenoticiaz.com.br\/litoralsp\/2022\/03\/19\/frete-fica-29-mais-caro-com-alta-do-combustivel"},"author":{"name":"","@id":""},"headline":"Frete fica 29% mais caro com alta do combust\u00edvel","datePublished":"2022-03-19T13:00:54+00:00","mainEntityOfPage":{"@id":"https:\/\/redenoticiaz.com.br\/litoralsp\/2022\/03\/19\/frete-fica-29-mais-caro-com-alta-do-combustivel"},"wordCount":586,"commentCount":0,"publisher":{"@id":"https:\/\/redenoticiaz.com.br\/litoralsp\/#organization"},"image":{"@id":"https:\/\/redenoticiaz.com.br\/litoralsp\/2022\/03\/19\/frete-fica-29-mais-caro-com-alta-do-combustivel#primaryimage"},"thumbnailUrl":"https:\/\/redenoticiaz.com.br\/litoralsp\/wp-content\/uploads\/sites\/3\/2022\/03\/close-up-woman-at-gas-station.jpg?v=1647366465","keywords":["alta","Combust\u00edvel","Frete","pre\u00e7os"],"articleSection":["Geral"],"inLanguage":"pt-BR","potentialAction":[{"@type":"CommentAction","name":"Comment","target":["https:\/\/redenoticiaz.com.br\/litoralsp\/2022\/03\/19\/frete-fica-29-mais-caro-com-alta-do-combustivel#respond"]}]},{"@type":"WebPage","@id":"https:\/\/redenoticiaz.com.br\/litoralsp\/2022\/03\/19\/frete-fica-29-mais-caro-com-alta-do-combustivel","url":"https:\/\/redenoticiaz.com.br\/litoralsp\/2022\/03\/19\/frete-fica-29-mais-caro-com-alta-do-combustivel","name":"Frete fica 29% mais caro com alta do combust\u00edvel - Litoral SP","isPartOf":{"@id":"https:\/\/redenoticiaz.com.br\/litoralsp\/#website"},"primaryImageOfPage":{"@id":"https:\/\/redenoticiaz.com.br\/litoralsp\/2022\/03\/19\/frete-fica-29-mais-caro-com-alta-do-combustivel#primaryimage"},"image":{"@id":"https:\/\/redenoticiaz.com.br\/litoralsp\/2022\/03\/19\/frete-fica-29-mais-caro-com-alta-do-combustivel#primaryimage"},"thumbnailUrl":"https:\/\/redenoticiaz.com.br\/litoralsp\/wp-content\/uploads\/sites\/3\/2022\/03\/close-up-woman-at-gas-station.jpg?v=1647366465","datePublished":"2022-03-19T13:00:54+00:00","description":"A alta no valor dos combust\u00edveis, em especial do diesel, anunciadas pela Petrobras na \u00faltima semana, impctar\u00e1 no valor do frete que ficar\u00e1 29% mais caro.","inLanguage":"pt-BR","potentialAction":[{"@type":"ReadAction","target":["https:\/\/redenoticiaz.com.br\/litoralsp\/2022\/03\/19\/frete-fica-29-mais-caro-com-alta-do-combustivel"]}]},{"@type":"ImageObject","inLanguage":"pt-BR","@id":"https:\/\/redenoticiaz.com.br\/litoralsp\/2022\/03\/19\/frete-fica-29-mais-caro-com-alta-do-combustivel#primaryimage","url":"https:\/\/redenoticiaz.com.br\/litoralsp\/wp-content\/uploads\/sites\/3\/2022\/03\/close-up-woman-at-gas-station.jpg?v=1647366465","contentUrl":"https:\/\/redenoticiaz.com.br\/litoralsp\/wp-content\/uploads\/sites\/3\/2022\/03\/close-up-woman-at-gas-station.jpg?v=1647366465","width":1920,"height":934,"caption":"Alta no valor do diesel afetar\u00e1 diretamente o valor do frete (Foto: Divulga\u00e7\u00e3o)"},{"@type":"WebSite","@id":"https:\/\/redenoticiaz.com.br\/litoralsp\/#website","url":"https:\/\/redenoticiaz.com.br\/litoralsp\/","name":"Litoral SP","description":"Rede NoticiaZ","publisher":{"@id":"https:\/\/redenoticiaz.com.br\/litoralsp\/#organization"},"potentialAction":[{"@type":"SearchAction","target":{"@type":"EntryPoint","urlTemplate":"https:\/\/redenoticiaz.com.br\/litoralsp\/?s={search_term_string}"},"query-input":{"@type":"PropertyValueSpecification","valueRequired":true,"valueName":"search_term_string"}}],"inLanguage":"pt-BR"},{"@type":"Organization","@id":"https:\/\/redenoticiaz.com.br\/litoralsp\/#organization","name":"Litoral SP","url":"https:\/\/redenoticiaz.com.br\/litoralsp\/","logo":{"@type":"ImageObject","inLanguage":"pt-BR","@id":"https:\/\/redenoticiaz.com.br\/litoralsp\/#\/schema\/logo\/image\/","url":"https:\/\/redenoticiaz.com.br\/litoralsp\/wp-content\/uploads\/sites\/3\/2020\/11\/logo.jpg","contentUrl":"https:\/\/redenoticiaz.com.br\/litoralsp\/wp-content\/uploads\/sites\/3\/2020\/11\/logo.jpg","width":400,"height":250,"caption":"Litoral SP"},"image":{"@id":"https:\/\/redenoticiaz.com.br\/litoralsp\/#\/schema\/logo\/image\/"}},{"@type":"Person","@id":"","url":"https:\/\/redenoticiaz.com.br\/litoralsp\/author"}]}},"_links":{"self":[{"href":"https:\/\/redenoticiaz.com.br\/litoralsp\/wp-json\/wp\/v2\/posts\/24936","targetHints":{"allow":["GET"]}}],"collection":[{"href":"https:\/\/redenoticiaz.com.br\/litoralsp\/wp-json\/wp\/v2\/posts"}],"about":[{"href":"https:\/\/redenoticiaz.com.br\/litoralsp\/wp-json\/wp\/v2\/types\/post"}],"author":[{"embeddable":true,"href":"https:\/\/redenoticiaz.com.br\/litoralsp\/wp-json\/wp\/v2\/users\/15"}],"replies":[{"embeddable":true,"href":"https:\/\/redenoticiaz.com.br\/litoralsp\/wp-json\/wp\/v2\/comments?post=24936"}],"version-history":[{"count":0,"href":"https:\/\/redenoticiaz.com.br\/litoralsp\/wp-json\/wp\/v2\/posts\/24936\/revisions"}],"wp:featuredmedia":[{"embeddable":true,"href":"https:\/\/redenoticiaz.com.br\/litoralsp\/wp-json\/wp\/v2\/media\/24937"}],"wp:attachment":[{"href":"https:\/\/redenoticiaz.com.br\/litoralsp\/wp-json\/wp\/v2\/media?parent=24936"}],"wp:term":[{"taxonomy":"category","embeddable":true,"href":"https:\/\/redenoticiaz.com.br\/litoralsp\/wp-json\/wp\/v2\/categories?post=24936"},{"taxonomy":"post_tag","embeddable":true,"href":"https:\/\/redenoticiaz.com.br\/litoralsp\/wp-json\/wp\/v2\/tags?post=24936"}],"curies":[{"name":"wp","href":"https:\/\/api.w.org\/{rel}","templated":true}]}}