{"id":25202,"date":"2022-03-20T14:25:31","date_gmt":"2022-03-20T17:25:31","guid":{"rendered":"https:\/\/redenoticiaz.com.br\/litoralsp\/?p=25202"},"modified":"2022-03-20T14:25:31","modified_gmt":"2022-03-20T17:25:31","slug":"policial-morre-ao-ser-atingido-pela-propria-lancha-em-ilhabela","status":"publish","type":"post","link":"https:\/\/redenoticiaz.com.br\/litoralsp\/2022\/03\/20\/policial-morre-ao-ser-atingido-pela-propria-lancha-em-ilhabela","title":{"rendered":"Policial morre ao ser atingido pela pr\u00f3pria lancha em Ilhabela"},"content":{"rendered":"<p>Morreu um <strong>policial militar de 41 anos, atingido pela pr\u00f3pria lancha<\/strong> que pilotava, em <a href=\"https:\/\/www.ilhabela.sp.gov.br\/\">Ilhabela<\/a>. O acidente aconteceu nesse s\u00e1bado (19), enquanto estava na Praia do Pinto, regi\u00e3o norte da cidade. O Grupamento de Bombeiros Mar\u00edtimos (GBMar), o Samu e a Pol\u00edcia Militar foram acionados para atender a ocorr\u00eancia.<\/p>\n<p>Segundo o GBMar, o cabo Israel Jo\u00e3o de Souza caiu da lancha em movimento. Ele ainda tentou subir de volta mas a embarca\u00e7\u00e3o ficou descontrolada e acabou atropelando o dono.<\/p>\n<div class=\"mc-column content-text active-extra-styles \" data-block-type=\"unstyled\" data-block-weight=\"29\" data-block-id=\"4\">\n<p class=\"content-text__container \" data-track-category=\"Link no Texto\" data-track-links=\"\">Foram realizados os primeiros socorros no local, na altura da rua Jos\u00e9 Baltazar de Lorena, at\u00e9 a chegada de uma viatura do Servi\u00e7o de Atendimento M\u00f3vel de Urg\u00eancia (Samu).<\/p>\n<\/div>\n<div class=\"mc-column content-text active-extra-styles \" data-block-type=\"unstyled\" data-block-weight=\"20\" data-block-id=\"5\">\n<p class=\"content-text__container \" data-track-category=\"Link no Texto\" data-track-links=\"\">O policial foi socorrido em parada cardiorrespirat\u00f3ria e levado ao Pronto Socorro Municipal da cidade, mas n\u00e3o resistiu e morreu. A Pol\u00edcia Militar do Litoral Norte se manifestou pelas redes sociais e emitiu uma nota de condol\u00eancias. Israel Jo\u00e3o de Souza tinha 15 anos de carreira na PM e era bastante conhecido por sua atua\u00e7\u00e3o em Ilhabela.<\/p>\n<div class=\"mc-column content-text active-extra-styles \" data-block-type=\"unstyled\" data-block-weight=\"17\" data-block-id=\"8\">\n<p class=\"content-text__container \" data-track-category=\"Link no Texto\" data-track-links=\"\">O corpo de Israel vai ser enterrado no domingo (20) no cemit\u00e9rio municipal de S\u00e3o Sebasti\u00e3o.<\/p>\n<p data-track-category=\"Link no Texto\" data-track-links=\"\"><strong>LEIA TAMB\u00c9M<\/strong><\/p>\n<p data-track-category=\"Link no Texto\" data-track-links=\"\"><a href=\"https:\/\/redenoticiaz.com.br\/litoralsp\/2022\/03\/19\/policia-civil-prende-traficante-na-praia-grande\">Pol\u00edcia Civil prende traficante na Praia Grande<\/a><\/p>\n<\/div>\n<\/div>\n","protected":false},"excerpt":{"rendered":"<p>Morreu um policial militar de 41 anos, atingido pela pr\u00f3pria lancha que pilotava, em Ilhabela. O acidente aconteceu nesse s\u00e1bado (19), enquanto estava na Praia do Pinto, regi\u00e3o norte da cidade. O Grupamento de Bombeiros Mar\u00edtimos (GBMar), o Samu e a Pol\u00edcia Militar foram acionados para atender a ocorr\u00eancia. Segundo o GBMar, o cabo Israel &hellip;<\/p>\n","protected":false},"author":6,"featured_media":25203,"comment_status":"open","ping_status":"closed","sticky":false,"template":"","format":"standard","meta":{"footnotes":""},"categories":[3411,10],"tags":[7601,3999,6441,1766,32554,36930,3143],"class_list":["post-25202","post","type-post","status-publish","format-standard","has-post-thumbnail","hentry","category-ilhabela","category-policia","tag-gbmar","tag-ilhabela","tag-lancha","tag-policia-militar","tag-policial-militar-morto","tag-praia-do-pinto","tag-samu"],"yoast_head":"<!-- This site is optimized with the Yoast SEO plugin v27.5 - https:\/\/yoast.com\/product\/yoast-seo-wordpress\/ -->\n<title>Policial morre ao ser atingido pela pr\u00f3pria lancha em Ilhabela - Litoral SP<\/title>\n<meta name=\"description\" content=\"Morreu um policial militar de 41 anos, atingido pela pr\u00f3pria lancha que pilotava, em Ilhabela. O acidente aconteceu nesse s\u00e1bado\" \/>\n<meta name=\"robots\" content=\"index, follow, max-snippet:-1, max-image-preview:large, max-video-preview:-1\" \/>\n<link rel=\"canonical\" href=\"https:\/\/redenoticiaz.com.br\/litoralsp\/2022\/03\/20\/policial-morre-ao-ser-atingido-pela-propria-lancha-em-ilhabela\" \/>\n<meta property=\"og:locale\" content=\"pt_BR\" \/>\n<meta property=\"og:type\" content=\"article\" \/>\n<meta property=\"og:title\" content=\"Policial morre ao ser atingido pela pr\u00f3pria lancha em Ilhabela - Litoral SP\" \/>\n<meta property=\"og:description\" content=\"Morreu um policial militar de 41 anos, atingido pela pr\u00f3pria lancha que pilotava, em Ilhabela. O acidente aconteceu nesse s\u00e1bado\" \/>\n<meta property=\"og:url\" content=\"https:\/\/redenoticiaz.com.br\/litoralsp\/2022\/03\/20\/policial-morre-ao-ser-atingido-pela-propria-lancha-em-ilhabela\" \/>\n<meta property=\"og:site_name\" content=\"Litoral SP\" \/>\n<meta property=\"article:published_time\" content=\"2022-03-20T17:25:31+00:00\" \/>\n<meta property=\"og:image\" content=\"https:\/\/redenoticiaz.com.br\/litoralsp\/wp-content\/uploads\/sites\/3\/2022\/03\/policial-1.jpg\" \/>\n\t<meta property=\"og:image:width\" content=\"984\" \/>\n\t<meta property=\"og:image:height\" content=\"735\" \/>\n\t<meta property=\"og:image:type\" content=\"image\/jpeg\" \/>\n<meta name=\"author\" content=\"Leonardo Francisco\" \/>\n<meta name=\"twitter:card\" content=\"summary_large_image\" \/>\n<meta name=\"twitter:label1\" content=\"Escrito por\" \/>\n\t<meta name=\"twitter:data1\" content=\"Leonardo Francisco\" \/>\n\t<meta name=\"twitter:label2\" content=\"Est. tempo de leitura\" \/>\n\t<meta name=\"twitter:data2\" content=\"1 minuto\" \/>\n<script type=\"application\/ld+json\" class=\"yoast-schema-graph\">{\"@context\":\"https:\\\/\\\/schema.org\",\"@graph\":[{\"@type\":\"Article\",\"@id\":\"https:\\\/\\\/redenoticiaz.com.br\\\/litoralsp\\\/2022\\\/03\\\/20\\\/policial-morre-ao-ser-atingido-pela-propria-lancha-em-ilhabela#article\",\"isPartOf\":{\"@id\":\"https:\\\/\\\/redenoticiaz.com.br\\\/litoralsp\\\/2022\\\/03\\\/20\\\/policial-morre-ao-ser-atingido-pela-propria-lancha-em-ilhabela\"},\"author\":{\"name\":\"Leonardo Francisco\",\"@id\":\"https:\\\/\\\/redenoticiaz.com.br\\\/litoralsp\\\/#\\\/schema\\\/person\\\/0f0b8a5bdafefe82841e07ae8d81ecb3\"},\"headline\":\"Policial morre ao ser atingido pela pr\u00f3pria lancha em Ilhabela\",\"datePublished\":\"2022-03-20T17:25:31+00:00\",\"mainEntityOfPage\":{\"@id\":\"https:\\\/\\\/redenoticiaz.com.br\\\/litoralsp\\\/2022\\\/03\\\/20\\\/policial-morre-ao-ser-atingido-pela-propria-lancha-em-ilhabela\"},\"wordCount\":219,\"commentCount\":0,\"publisher\":{\"@id\":\"https:\\\/\\\/redenoticiaz.com.br\\\/litoralsp\\\/#organization\"},\"image\":{\"@id\":\"https:\\\/\\\/redenoticiaz.com.br\\\/litoralsp\\\/2022\\\/03\\\/20\\\/policial-morre-ao-ser-atingido-pela-propria-lancha-em-ilhabela#primaryimage\"},\"thumbnailUrl\":\"https:\\\/\\\/redenoticiaz.com.br\\\/litoralsp\\\/wp-content\\\/uploads\\\/sites\\\/3\\\/2022\\\/03\\\/policial-1.jpg\",\"keywords\":[\"GBMAR\",\"ILHABELA\",\"LANCHA\",\"policia militar\",\"POLICIAL MILITAR MORTO\",\"PRAIA DO PINTO\",\"SAMU\"],\"articleSection\":[\"IlhaBela\",\"Pol\u00edcia\"],\"inLanguage\":\"pt-BR\",\"potentialAction\":[{\"@type\":\"CommentAction\",\"name\":\"Comment\",\"target\":[\"https:\\\/\\\/redenoticiaz.com.br\\\/litoralsp\\\/2022\\\/03\\\/20\\\/policial-morre-ao-ser-atingido-pela-propria-lancha-em-ilhabela#respond\"]}]},{\"@type\":\"WebPage\",\"@id\":\"https:\\\/\\\/redenoticiaz.com.br\\\/litoralsp\\\/2022\\\/03\\\/20\\\/policial-morre-ao-ser-atingido-pela-propria-lancha-em-ilhabela\",\"url\":\"https:\\\/\\\/redenoticiaz.com.br\\\/litoralsp\\\/2022\\\/03\\\/20\\\/policial-morre-ao-ser-atingido-pela-propria-lancha-em-ilhabela\",\"name\":\"Policial morre ao ser atingido pela pr\u00f3pria lancha em Ilhabela - Litoral SP\",\"isPartOf\":{\"@id\":\"https:\\\/\\\/redenoticiaz.com.br\\\/litoralsp\\\/#website\"},\"primaryImageOfPage\":{\"@id\":\"https:\\\/\\\/redenoticiaz.com.br\\\/litoralsp\\\/2022\\\/03\\\/20\\\/policial-morre-ao-ser-atingido-pela-propria-lancha-em-ilhabela#primaryimage\"},\"image\":{\"@id\":\"https:\\\/\\\/redenoticiaz.com.br\\\/litoralsp\\\/2022\\\/03\\\/20\\\/policial-morre-ao-ser-atingido-pela-propria-lancha-em-ilhabela#primaryimage\"},\"thumbnailUrl\":\"https:\\\/\\\/redenoticiaz.com.br\\\/litoralsp\\\/wp-content\\\/uploads\\\/sites\\\/3\\\/2022\\\/03\\\/policial-1.jpg\",\"datePublished\":\"2022-03-20T17:25:31+00:00\",\"description\":\"Morreu um policial militar de 41 anos, atingido pela pr\u00f3pria lancha que pilotava, em Ilhabela. O acidente aconteceu nesse s\u00e1bado\",\"inLanguage\":\"pt-BR\",\"potentialAction\":[{\"@type\":\"ReadAction\",\"target\":[\"https:\\\/\\\/redenoticiaz.com.br\\\/litoralsp\\\/2022\\\/03\\\/20\\\/policial-morre-ao-ser-atingido-pela-propria-lancha-em-ilhabela\"]}]},{\"@type\":\"ImageObject\",\"inLanguage\":\"pt-BR\",\"@id\":\"https:\\\/\\\/redenoticiaz.com.br\\\/litoralsp\\\/2022\\\/03\\\/20\\\/policial-morre-ao-ser-atingido-pela-propria-lancha-em-ilhabela#primaryimage\",\"url\":\"https:\\\/\\\/redenoticiaz.com.br\\\/litoralsp\\\/wp-content\\\/uploads\\\/sites\\\/3\\\/2022\\\/03\\\/policial-1.jpg\",\"contentUrl\":\"https:\\\/\\\/redenoticiaz.com.br\\\/litoralsp\\\/wp-content\\\/uploads\\\/sites\\\/3\\\/2022\\\/03\\\/policial-1.jpg\",\"width\":984,\"height\":735,\"caption\":\"Cr\u00e9ditos: Reprodu\u00e7\u00e3o\\\/Facebook\"},{\"@type\":\"WebSite\",\"@id\":\"https:\\\/\\\/redenoticiaz.com.br\\\/litoralsp\\\/#website\",\"url\":\"https:\\\/\\\/redenoticiaz.com.br\\\/litoralsp\\\/\",\"name\":\"Litoral SP\",\"description\":\"Rede NoticiaZ\",\"publisher\":{\"@id\":\"https:\\\/\\\/redenoticiaz.com.br\\\/litoralsp\\\/#organization\"},\"potentialAction\":[{\"@type\":\"SearchAction\",\"target\":{\"@type\":\"EntryPoint\",\"urlTemplate\":\"https:\\\/\\\/redenoticiaz.com.br\\\/litoralsp\\\/?s={search_term_string}\"},\"query-input\":{\"@type\":\"PropertyValueSpecification\",\"valueRequired\":true,\"valueName\":\"search_term_string\"}}],\"inLanguage\":\"pt-BR\"},{\"@type\":\"Organization\",\"@id\":\"https:\\\/\\\/redenoticiaz.com.br\\\/litoralsp\\\/#organization\",\"name\":\"Litoral SP\",\"url\":\"https:\\\/\\\/redenoticiaz.com.br\\\/litoralsp\\\/\",\"logo\":{\"@type\":\"ImageObject\",\"inLanguage\":\"pt-BR\",\"@id\":\"https:\\\/\\\/redenoticiaz.com.br\\\/litoralsp\\\/#\\\/schema\\\/logo\\\/image\\\/\",\"url\":\"https:\\\/\\\/redenoticiaz.com.br\\\/litoralsp\\\/wp-content\\\/uploads\\\/sites\\\/3\\\/2020\\\/11\\\/logo.jpg\",\"contentUrl\":\"https:\\\/\\\/redenoticiaz.com.br\\\/litoralsp\\\/wp-content\\\/uploads\\\/sites\\\/3\\\/2020\\\/11\\\/logo.jpg\",\"width\":400,\"height\":250,\"caption\":\"Litoral SP\"},\"image\":{\"@id\":\"https:\\\/\\\/redenoticiaz.com.br\\\/litoralsp\\\/#\\\/schema\\\/logo\\\/image\\\/\"}},{\"@type\":\"Person\",\"@id\":\"https:\\\/\\\/redenoticiaz.com.br\\\/litoralsp\\\/#\\\/schema\\\/person\\\/0f0b8a5bdafefe82841e07ae8d81ecb3\",\"name\":\"Leonardo Francisco\",\"image\":{\"@type\":\"ImageObject\",\"inLanguage\":\"pt-BR\",\"@id\":\"https:\\\/\\\/secure.gravatar.com\\\/avatar\\\/a7358cb406a99b682ec6df1e77e31ae82e63601f6784e8a3df411d72b37864da?s=96&d=mm&r=g\",\"url\":\"https:\\\/\\\/secure.gravatar.com\\\/avatar\\\/a7358cb406a99b682ec6df1e77e31ae82e63601f6784e8a3df411d72b37864da?s=96&d=mm&r=g\",\"contentUrl\":\"https:\\\/\\\/secure.gravatar.com\\\/avatar\\\/a7358cb406a99b682ec6df1e77e31ae82e63601f6784e8a3df411d72b37864da?s=96&d=mm&r=g\",\"caption\":\"Leonardo Francisco\"},\"url\":\"https:\\\/\\\/redenoticiaz.com.br\\\/litoralsp\\\/author\\\/leonardo-francisco\"}]}<\/script>\n<!-- \/ Yoast SEO plugin. -->","yoast_head_json":{"title":"Policial morre ao ser atingido pela pr\u00f3pria lancha em Ilhabela - Litoral SP","description":"Morreu um policial militar de 41 anos, atingido pela pr\u00f3pria lancha que pilotava, em Ilhabela. O acidente aconteceu nesse s\u00e1bado","robots":{"index":"index","follow":"follow","max-snippet":"max-snippet:-1","max-image-preview":"max-image-preview:large","max-video-preview":"max-video-preview:-1"},"canonical":"https:\/\/redenoticiaz.com.br\/litoralsp\/2022\/03\/20\/policial-morre-ao-ser-atingido-pela-propria-lancha-em-ilhabela","og_locale":"pt_BR","og_type":"article","og_title":"Policial morre ao ser atingido pela pr\u00f3pria lancha em Ilhabela - Litoral SP","og_description":"Morreu um policial militar de 41 anos, atingido pela pr\u00f3pria lancha que pilotava, em Ilhabela. O acidente aconteceu nesse s\u00e1bado","og_url":"https:\/\/redenoticiaz.com.br\/litoralsp\/2022\/03\/20\/policial-morre-ao-ser-atingido-pela-propria-lancha-em-ilhabela","og_site_name":"Litoral SP","article_published_time":"2022-03-20T17:25:31+00:00","og_image":[{"width":984,"height":735,"url":"https:\/\/redenoticiaz.com.br\/litoralsp\/wp-content\/uploads\/sites\/3\/2022\/03\/policial-1.jpg","type":"image\/jpeg"}],"author":"Leonardo Francisco","twitter_card":"summary_large_image","twitter_misc":{"Escrito por":"Leonardo Francisco","Est. tempo de leitura":"1 minuto"},"schema":{"@context":"https:\/\/schema.org","@graph":[{"@type":"Article","@id":"https:\/\/redenoticiaz.com.br\/litoralsp\/2022\/03\/20\/policial-morre-ao-ser-atingido-pela-propria-lancha-em-ilhabela#article","isPartOf":{"@id":"https:\/\/redenoticiaz.com.br\/litoralsp\/2022\/03\/20\/policial-morre-ao-ser-atingido-pela-propria-lancha-em-ilhabela"},"author":{"name":"Leonardo Francisco","@id":"https:\/\/redenoticiaz.com.br\/litoralsp\/#\/schema\/person\/0f0b8a5bdafefe82841e07ae8d81ecb3"},"headline":"Policial morre ao ser atingido pela pr\u00f3pria lancha em Ilhabela","datePublished":"2022-03-20T17:25:31+00:00","mainEntityOfPage":{"@id":"https:\/\/redenoticiaz.com.br\/litoralsp\/2022\/03\/20\/policial-morre-ao-ser-atingido-pela-propria-lancha-em-ilhabela"},"wordCount":219,"commentCount":0,"publisher":{"@id":"https:\/\/redenoticiaz.com.br\/litoralsp\/#organization"},"image":{"@id":"https:\/\/redenoticiaz.com.br\/litoralsp\/2022\/03\/20\/policial-morre-ao-ser-atingido-pela-propria-lancha-em-ilhabela#primaryimage"},"thumbnailUrl":"https:\/\/redenoticiaz.com.br\/litoralsp\/wp-content\/uploads\/sites\/3\/2022\/03\/policial-1.jpg","keywords":["GBMAR","ILHABELA","LANCHA","policia militar","POLICIAL MILITAR MORTO","PRAIA DO PINTO","SAMU"],"articleSection":["IlhaBela","Pol\u00edcia"],"inLanguage":"pt-BR","potentialAction":[{"@type":"CommentAction","name":"Comment","target":["https:\/\/redenoticiaz.com.br\/litoralsp\/2022\/03\/20\/policial-morre-ao-ser-atingido-pela-propria-lancha-em-ilhabela#respond"]}]},{"@type":"WebPage","@id":"https:\/\/redenoticiaz.com.br\/litoralsp\/2022\/03\/20\/policial-morre-ao-ser-atingido-pela-propria-lancha-em-ilhabela","url":"https:\/\/redenoticiaz.com.br\/litoralsp\/2022\/03\/20\/policial-morre-ao-ser-atingido-pela-propria-lancha-em-ilhabela","name":"Policial morre ao ser atingido pela pr\u00f3pria lancha em Ilhabela - Litoral SP","isPartOf":{"@id":"https:\/\/redenoticiaz.com.br\/litoralsp\/#website"},"primaryImageOfPage":{"@id":"https:\/\/redenoticiaz.com.br\/litoralsp\/2022\/03\/20\/policial-morre-ao-ser-atingido-pela-propria-lancha-em-ilhabela#primaryimage"},"image":{"@id":"https:\/\/redenoticiaz.com.br\/litoralsp\/2022\/03\/20\/policial-morre-ao-ser-atingido-pela-propria-lancha-em-ilhabela#primaryimage"},"thumbnailUrl":"https:\/\/redenoticiaz.com.br\/litoralsp\/wp-content\/uploads\/sites\/3\/2022\/03\/policial-1.jpg","datePublished":"2022-03-20T17:25:31+00:00","description":"Morreu um policial militar de 41 anos, atingido pela pr\u00f3pria lancha que pilotava, em Ilhabela. O acidente aconteceu nesse s\u00e1bado","inLanguage":"pt-BR","potentialAction":[{"@type":"ReadAction","target":["https:\/\/redenoticiaz.com.br\/litoralsp\/2022\/03\/20\/policial-morre-ao-ser-atingido-pela-propria-lancha-em-ilhabela"]}]},{"@type":"ImageObject","inLanguage":"pt-BR","@id":"https:\/\/redenoticiaz.com.br\/litoralsp\/2022\/03\/20\/policial-morre-ao-ser-atingido-pela-propria-lancha-em-ilhabela#primaryimage","url":"https:\/\/redenoticiaz.com.br\/litoralsp\/wp-content\/uploads\/sites\/3\/2022\/03\/policial-1.jpg","contentUrl":"https:\/\/redenoticiaz.com.br\/litoralsp\/wp-content\/uploads\/sites\/3\/2022\/03\/policial-1.jpg","width":984,"height":735,"caption":"Cr\u00e9ditos: Reprodu\u00e7\u00e3o\/Facebook"},{"@type":"WebSite","@id":"https:\/\/redenoticiaz.com.br\/litoralsp\/#website","url":"https:\/\/redenoticiaz.com.br\/litoralsp\/","name":"Litoral SP","description":"Rede NoticiaZ","publisher":{"@id":"https:\/\/redenoticiaz.com.br\/litoralsp\/#organization"},"potentialAction":[{"@type":"SearchAction","target":{"@type":"EntryPoint","urlTemplate":"https:\/\/redenoticiaz.com.br\/litoralsp\/?s={search_term_string}"},"query-input":{"@type":"PropertyValueSpecification","valueRequired":true,"valueName":"search_term_string"}}],"inLanguage":"pt-BR"},{"@type":"Organization","@id":"https:\/\/redenoticiaz.com.br\/litoralsp\/#organization","name":"Litoral SP","url":"https:\/\/redenoticiaz.com.br\/litoralsp\/","logo":{"@type":"ImageObject","inLanguage":"pt-BR","@id":"https:\/\/redenoticiaz.com.br\/litoralsp\/#\/schema\/logo\/image\/","url":"https:\/\/redenoticiaz.com.br\/litoralsp\/wp-content\/uploads\/sites\/3\/2020\/11\/logo.jpg","contentUrl":"https:\/\/redenoticiaz.com.br\/litoralsp\/wp-content\/uploads\/sites\/3\/2020\/11\/logo.jpg","width":400,"height":250,"caption":"Litoral SP"},"image":{"@id":"https:\/\/redenoticiaz.com.br\/litoralsp\/#\/schema\/logo\/image\/"}},{"@type":"Person","@id":"https:\/\/redenoticiaz.com.br\/litoralsp\/#\/schema\/person\/0f0b8a5bdafefe82841e07ae8d81ecb3","name":"Leonardo Francisco","image":{"@type":"ImageObject","inLanguage":"pt-BR","@id":"https:\/\/secure.gravatar.com\/avatar\/a7358cb406a99b682ec6df1e77e31ae82e63601f6784e8a3df411d72b37864da?s=96&d=mm&r=g","url":"https:\/\/secure.gravatar.com\/avatar\/a7358cb406a99b682ec6df1e77e31ae82e63601f6784e8a3df411d72b37864da?s=96&d=mm&r=g","contentUrl":"https:\/\/secure.gravatar.com\/avatar\/a7358cb406a99b682ec6df1e77e31ae82e63601f6784e8a3df411d72b37864da?s=96&d=mm&r=g","caption":"Leonardo Francisco"},"url":"https:\/\/redenoticiaz.com.br\/litoralsp\/author\/leonardo-francisco"}]}},"_links":{"self":[{"href":"https:\/\/redenoticiaz.com.br\/litoralsp\/wp-json\/wp\/v2\/posts\/25202","targetHints":{"allow":["GET"]}}],"collection":[{"href":"https:\/\/redenoticiaz.com.br\/litoralsp\/wp-json\/wp\/v2\/posts"}],"about":[{"href":"https:\/\/redenoticiaz.com.br\/litoralsp\/wp-json\/wp\/v2\/types\/post"}],"author":[{"embeddable":true,"href":"https:\/\/redenoticiaz.com.br\/litoralsp\/wp-json\/wp\/v2\/users\/6"}],"replies":[{"embeddable":true,"href":"https:\/\/redenoticiaz.com.br\/litoralsp\/wp-json\/wp\/v2\/comments?post=25202"}],"version-history":[{"count":1,"href":"https:\/\/redenoticiaz.com.br\/litoralsp\/wp-json\/wp\/v2\/posts\/25202\/revisions"}],"predecessor-version":[{"id":25204,"href":"https:\/\/redenoticiaz.com.br\/litoralsp\/wp-json\/wp\/v2\/posts\/25202\/revisions\/25204"}],"wp:featuredmedia":[{"embeddable":true,"href":"https:\/\/redenoticiaz.com.br\/litoralsp\/wp-json\/wp\/v2\/media\/25203"}],"wp:attachment":[{"href":"https:\/\/redenoticiaz.com.br\/litoralsp\/wp-json\/wp\/v2\/media?parent=25202"}],"wp:term":[{"taxonomy":"category","embeddable":true,"href":"https:\/\/redenoticiaz.com.br\/litoralsp\/wp-json\/wp\/v2\/categories?post=25202"},{"taxonomy":"post_tag","embeddable":true,"href":"https:\/\/redenoticiaz.com.br\/litoralsp\/wp-json\/wp\/v2\/tags?post=25202"}],"curies":[{"name":"wp","href":"https:\/\/api.w.org\/{rel}","templated":true}]}}