{"id":25236,"date":"2022-03-21T11:26:36","date_gmt":"2022-03-21T14:26:36","guid":{"rendered":"https:\/\/redenoticiaz.com.br\/litoralsp\/?p=25236"},"modified":"2022-03-21T11:26:36","modified_gmt":"2022-03-21T14:26:36","slug":"corpo-de-homem-baleado-e-encontrado-em-rua-de-praia-grande","status":"publish","type":"post","link":"https:\/\/redenoticiaz.com.br\/litoralsp\/2022\/03\/21\/corpo-de-homem-baleado-e-encontrado-em-rua-de-praia-grande","title":{"rendered":"Corpo de homem baleado \u00e9 encontrado em rua de Praia Grande"},"content":{"rendered":"<p>O <strong>corpo de um homem foi encontrado sem vida<\/strong> no bairro Ocian, em <a href=\"https:\/\/www.praiagrande.sp.gov.br\/\">Praia Grande<\/a>. A v\u00edtima foi baleada, mas at\u00e9 o momento n\u00e3o foi identificada. A Pol\u00edcia Civil iniciou as investiga\u00e7\u00f5es para identificar o homem e tamb\u00e9m para apurar a motiva\u00e7\u00e3o do crime.<\/p>\n<p>A Pol\u00edcia Militar informa que o corpo foi localizado na madrugada de s\u00e1bado (19) e a equipe foi acionada \u00e0s 1h20 para ir \u00e0 Rua Gon\u00e7alves Dias. Ao chegarem encontraram o corpo baleado e os socorristas tamb\u00e9m compareceram e tamb\u00e9m confirmaram a morte dele.<\/p>\n<p>Como o homem n\u00e3o tinha documentos, n\u00e3o foi poss\u00edvel identific\u00e1-lo. A hip\u00f3tese \u00e9 que ele tenha 40 anos ou mais. O caso foi encaminhado para a Central de Pol\u00edcia Judici\u00e1ria (CPJ) de Praia Grande e foi qualificado como homic\u00eddio.<\/p>\n<p><strong>LEIA TAMB\u00c9M<\/strong><\/p>\n<p><a href=\"https:\/\/redenoticiaz.com.br\/litoralsp\/2022\/03\/20\/policial-morre-ao-ser-atingido-pela-propria-lancha-em-ilhabela\">Policial morre ao ser atingido pela pr\u00f3pria lancha em Ilhabela<\/a><\/p>\n","protected":false},"excerpt":{"rendered":"<p>O corpo de um homem foi encontrado sem vida no bairro Ocian, em Praia Grande. A v\u00edtima foi baleada, mas at\u00e9 o momento n\u00e3o foi identificada. A Pol\u00edcia Civil iniciou as investiga\u00e7\u00f5es para identificar o homem e tamb\u00e9m para apurar a motiva\u00e7\u00e3o do crime. A Pol\u00edcia Militar informa que o corpo foi localizado na madrugada &hellip;<\/p>\n","protected":false},"author":6,"featured_media":18302,"comment_status":"open","ping_status":"closed","sticky":false,"template":"","format":"standard","meta":{"footnotes":""},"categories":[10,182],"tags":[52372,19687,28334,1762,1101],"class_list":["post-25236","post","type-post","status-publish","format-standard","has-post-thumbnail","hentry","category-policia","category-praia-grande","tag-corpo-baleado","tag-corpo-de-homem","tag-ocian","tag-policia-civil","tag-praia-grande"],"yoast_head":"<!-- This site is optimized with the Yoast SEO plugin v27.5 - https:\/\/yoast.com\/product\/yoast-seo-wordpress\/ -->\n<title>Corpo de homem baleado \u00e9 encontrado em rua de Praia Grande - Litoral SP<\/title>\n<meta name=\"description\" content=\"O corpo de um homem foi encontrado sem vida no bairro Ocian, em Praia Grande. A v\u00edtima foi baleada, mas at\u00e9 o momento\" \/>\n<meta name=\"robots\" content=\"index, follow, max-snippet:-1, max-image-preview:large, max-video-preview:-1\" \/>\n<link rel=\"canonical\" href=\"https:\/\/redenoticiaz.com.br\/litoralsp\/2022\/03\/21\/corpo-de-homem-baleado-e-encontrado-em-rua-de-praia-grande\" \/>\n<meta property=\"og:locale\" content=\"pt_BR\" \/>\n<meta property=\"og:type\" content=\"article\" \/>\n<meta property=\"og:title\" content=\"Corpo de homem baleado \u00e9 encontrado em rua de Praia Grande - Litoral SP\" \/>\n<meta property=\"og:description\" content=\"O corpo de um homem foi encontrado sem vida no bairro Ocian, em Praia Grande. A v\u00edtima foi baleada, mas at\u00e9 o momento\" \/>\n<meta property=\"og:url\" content=\"https:\/\/redenoticiaz.com.br\/litoralsp\/2022\/03\/21\/corpo-de-homem-baleado-e-encontrado-em-rua-de-praia-grande\" \/>\n<meta property=\"og:site_name\" content=\"Litoral SP\" \/>\n<meta property=\"article:published_time\" content=\"2022-03-21T14:26:36+00:00\" \/>\n<meta property=\"og:image\" content=\"https:\/\/redenoticiaz.com.br\/litoralsp\/wp-content\/uploads\/sites\/3\/2021\/11\/delegacia.jpg\" \/>\n\t<meta property=\"og:image:width\" content=\"984\" \/>\n\t<meta property=\"og:image:height\" content=\"632\" \/>\n\t<meta property=\"og:image:type\" content=\"image\/jpeg\" \/>\n<meta name=\"author\" content=\"Leonardo Francisco\" \/>\n<meta name=\"twitter:card\" content=\"summary_large_image\" \/>\n<meta name=\"twitter:label1\" content=\"Escrito por\" \/>\n\t<meta name=\"twitter:data1\" content=\"Leonardo Francisco\" \/>\n\t<meta name=\"twitter:label2\" content=\"Est. tempo de leitura\" \/>\n\t<meta name=\"twitter:data2\" content=\"1 minuto\" \/>\n<script type=\"application\/ld+json\" class=\"yoast-schema-graph\">{\"@context\":\"https:\\\/\\\/schema.org\",\"@graph\":[{\"@type\":\"Article\",\"@id\":\"https:\\\/\\\/redenoticiaz.com.br\\\/litoralsp\\\/2022\\\/03\\\/21\\\/corpo-de-homem-baleado-e-encontrado-em-rua-de-praia-grande#article\",\"isPartOf\":{\"@id\":\"https:\\\/\\\/redenoticiaz.com.br\\\/litoralsp\\\/2022\\\/03\\\/21\\\/corpo-de-homem-baleado-e-encontrado-em-rua-de-praia-grande\"},\"author\":{\"name\":\"Leonardo Francisco\",\"@id\":\"https:\\\/\\\/redenoticiaz.com.br\\\/litoralsp\\\/#\\\/schema\\\/person\\\/0f0b8a5bdafefe82841e07ae8d81ecb3\"},\"headline\":\"Corpo de homem baleado \u00e9 encontrado em rua de Praia Grande\",\"datePublished\":\"2022-03-21T14:26:36+00:00\",\"mainEntityOfPage\":{\"@id\":\"https:\\\/\\\/redenoticiaz.com.br\\\/litoralsp\\\/2022\\\/03\\\/21\\\/corpo-de-homem-baleado-e-encontrado-em-rua-de-praia-grande\"},\"wordCount\":166,\"commentCount\":0,\"publisher\":{\"@id\":\"https:\\\/\\\/redenoticiaz.com.br\\\/litoralsp\\\/#organization\"},\"image\":{\"@id\":\"https:\\\/\\\/redenoticiaz.com.br\\\/litoralsp\\\/2022\\\/03\\\/21\\\/corpo-de-homem-baleado-e-encontrado-em-rua-de-praia-grande#primaryimage\"},\"thumbnailUrl\":\"https:\\\/\\\/redenoticiaz.com.br\\\/litoralsp\\\/wp-content\\\/uploads\\\/sites\\\/3\\\/2021\\\/11\\\/delegacia.jpg\",\"keywords\":[\"CORPO BALEADO\",\"CORPO DE HOMEM\",\"OCIAN\",\"POL\u00cdCIA CIVIL\",\"PRAIA GRANDE\"],\"articleSection\":[\"Pol\u00edcia\",\"Praia Grande\"],\"inLanguage\":\"pt-BR\",\"potentialAction\":[{\"@type\":\"CommentAction\",\"name\":\"Comment\",\"target\":[\"https:\\\/\\\/redenoticiaz.com.br\\\/litoralsp\\\/2022\\\/03\\\/21\\\/corpo-de-homem-baleado-e-encontrado-em-rua-de-praia-grande#respond\"]}]},{\"@type\":\"WebPage\",\"@id\":\"https:\\\/\\\/redenoticiaz.com.br\\\/litoralsp\\\/2022\\\/03\\\/21\\\/corpo-de-homem-baleado-e-encontrado-em-rua-de-praia-grande\",\"url\":\"https:\\\/\\\/redenoticiaz.com.br\\\/litoralsp\\\/2022\\\/03\\\/21\\\/corpo-de-homem-baleado-e-encontrado-em-rua-de-praia-grande\",\"name\":\"Corpo de homem baleado \u00e9 encontrado em rua de Praia Grande - Litoral SP\",\"isPartOf\":{\"@id\":\"https:\\\/\\\/redenoticiaz.com.br\\\/litoralsp\\\/#website\"},\"primaryImageOfPage\":{\"@id\":\"https:\\\/\\\/redenoticiaz.com.br\\\/litoralsp\\\/2022\\\/03\\\/21\\\/corpo-de-homem-baleado-e-encontrado-em-rua-de-praia-grande#primaryimage\"},\"image\":{\"@id\":\"https:\\\/\\\/redenoticiaz.com.br\\\/litoralsp\\\/2022\\\/03\\\/21\\\/corpo-de-homem-baleado-e-encontrado-em-rua-de-praia-grande#primaryimage\"},\"thumbnailUrl\":\"https:\\\/\\\/redenoticiaz.com.br\\\/litoralsp\\\/wp-content\\\/uploads\\\/sites\\\/3\\\/2021\\\/11\\\/delegacia.jpg\",\"datePublished\":\"2022-03-21T14:26:36+00:00\",\"description\":\"O corpo de um homem foi encontrado sem vida no bairro Ocian, em Praia Grande. A v\u00edtima foi baleada, mas at\u00e9 o momento\",\"inLanguage\":\"pt-BR\",\"potentialAction\":[{\"@type\":\"ReadAction\",\"target\":[\"https:\\\/\\\/redenoticiaz.com.br\\\/litoralsp\\\/2022\\\/03\\\/21\\\/corpo-de-homem-baleado-e-encontrado-em-rua-de-praia-grande\"]}]},{\"@type\":\"ImageObject\",\"inLanguage\":\"pt-BR\",\"@id\":\"https:\\\/\\\/redenoticiaz.com.br\\\/litoralsp\\\/2022\\\/03\\\/21\\\/corpo-de-homem-baleado-e-encontrado-em-rua-de-praia-grande#primaryimage\",\"url\":\"https:\\\/\\\/redenoticiaz.com.br\\\/litoralsp\\\/wp-content\\\/uploads\\\/sites\\\/3\\\/2021\\\/11\\\/delegacia.jpg\",\"contentUrl\":\"https:\\\/\\\/redenoticiaz.com.br\\\/litoralsp\\\/wp-content\\\/uploads\\\/sites\\\/3\\\/2021\\\/11\\\/delegacia.jpg\",\"width\":984,\"height\":632,\"caption\":\"Cr\u00e9ditos: Divulga\u00e7\u00e3o\\\/Governo de S\u00e3o Paulo\"},{\"@type\":\"WebSite\",\"@id\":\"https:\\\/\\\/redenoticiaz.com.br\\\/litoralsp\\\/#website\",\"url\":\"https:\\\/\\\/redenoticiaz.com.br\\\/litoralsp\\\/\",\"name\":\"Litoral SP\",\"description\":\"Rede NoticiaZ\",\"publisher\":{\"@id\":\"https:\\\/\\\/redenoticiaz.com.br\\\/litoralsp\\\/#organization\"},\"potentialAction\":[{\"@type\":\"SearchAction\",\"target\":{\"@type\":\"EntryPoint\",\"urlTemplate\":\"https:\\\/\\\/redenoticiaz.com.br\\\/litoralsp\\\/?s={search_term_string}\"},\"query-input\":{\"@type\":\"PropertyValueSpecification\",\"valueRequired\":true,\"valueName\":\"search_term_string\"}}],\"inLanguage\":\"pt-BR\"},{\"@type\":\"Organization\",\"@id\":\"https:\\\/\\\/redenoticiaz.com.br\\\/litoralsp\\\/#organization\",\"name\":\"Litoral SP\",\"url\":\"https:\\\/\\\/redenoticiaz.com.br\\\/litoralsp\\\/\",\"logo\":{\"@type\":\"ImageObject\",\"inLanguage\":\"pt-BR\",\"@id\":\"https:\\\/\\\/redenoticiaz.com.br\\\/litoralsp\\\/#\\\/schema\\\/logo\\\/image\\\/\",\"url\":\"https:\\\/\\\/redenoticiaz.com.br\\\/litoralsp\\\/wp-content\\\/uploads\\\/sites\\\/3\\\/2020\\\/11\\\/logo.jpg\",\"contentUrl\":\"https:\\\/\\\/redenoticiaz.com.br\\\/litoralsp\\\/wp-content\\\/uploads\\\/sites\\\/3\\\/2020\\\/11\\\/logo.jpg\",\"width\":400,\"height\":250,\"caption\":\"Litoral SP\"},\"image\":{\"@id\":\"https:\\\/\\\/redenoticiaz.com.br\\\/litoralsp\\\/#\\\/schema\\\/logo\\\/image\\\/\"}},{\"@type\":\"Person\",\"@id\":\"https:\\\/\\\/redenoticiaz.com.br\\\/litoralsp\\\/#\\\/schema\\\/person\\\/0f0b8a5bdafefe82841e07ae8d81ecb3\",\"name\":\"Leonardo Francisco\",\"image\":{\"@type\":\"ImageObject\",\"inLanguage\":\"pt-BR\",\"@id\":\"https:\\\/\\\/secure.gravatar.com\\\/avatar\\\/a7358cb406a99b682ec6df1e77e31ae82e63601f6784e8a3df411d72b37864da?s=96&d=mm&r=g\",\"url\":\"https:\\\/\\\/secure.gravatar.com\\\/avatar\\\/a7358cb406a99b682ec6df1e77e31ae82e63601f6784e8a3df411d72b37864da?s=96&d=mm&r=g\",\"contentUrl\":\"https:\\\/\\\/secure.gravatar.com\\\/avatar\\\/a7358cb406a99b682ec6df1e77e31ae82e63601f6784e8a3df411d72b37864da?s=96&d=mm&r=g\",\"caption\":\"Leonardo Francisco\"},\"url\":\"https:\\\/\\\/redenoticiaz.com.br\\\/litoralsp\\\/author\\\/leonardo-francisco\"}]}<\/script>\n<!-- \/ Yoast SEO plugin. -->","yoast_head_json":{"title":"Corpo de homem baleado \u00e9 encontrado em rua de Praia Grande - Litoral SP","description":"O corpo de um homem foi encontrado sem vida no bairro Ocian, em Praia Grande. A v\u00edtima foi baleada, mas at\u00e9 o momento","robots":{"index":"index","follow":"follow","max-snippet":"max-snippet:-1","max-image-preview":"max-image-preview:large","max-video-preview":"max-video-preview:-1"},"canonical":"https:\/\/redenoticiaz.com.br\/litoralsp\/2022\/03\/21\/corpo-de-homem-baleado-e-encontrado-em-rua-de-praia-grande","og_locale":"pt_BR","og_type":"article","og_title":"Corpo de homem baleado \u00e9 encontrado em rua de Praia Grande - Litoral SP","og_description":"O corpo de um homem foi encontrado sem vida no bairro Ocian, em Praia Grande. A v\u00edtima foi baleada, mas at\u00e9 o momento","og_url":"https:\/\/redenoticiaz.com.br\/litoralsp\/2022\/03\/21\/corpo-de-homem-baleado-e-encontrado-em-rua-de-praia-grande","og_site_name":"Litoral SP","article_published_time":"2022-03-21T14:26:36+00:00","og_image":[{"width":984,"height":632,"url":"https:\/\/redenoticiaz.com.br\/litoralsp\/wp-content\/uploads\/sites\/3\/2021\/11\/delegacia.jpg","type":"image\/jpeg"}],"author":"Leonardo Francisco","twitter_card":"summary_large_image","twitter_misc":{"Escrito por":"Leonardo Francisco","Est. tempo de leitura":"1 minuto"},"schema":{"@context":"https:\/\/schema.org","@graph":[{"@type":"Article","@id":"https:\/\/redenoticiaz.com.br\/litoralsp\/2022\/03\/21\/corpo-de-homem-baleado-e-encontrado-em-rua-de-praia-grande#article","isPartOf":{"@id":"https:\/\/redenoticiaz.com.br\/litoralsp\/2022\/03\/21\/corpo-de-homem-baleado-e-encontrado-em-rua-de-praia-grande"},"author":{"name":"Leonardo Francisco","@id":"https:\/\/redenoticiaz.com.br\/litoralsp\/#\/schema\/person\/0f0b8a5bdafefe82841e07ae8d81ecb3"},"headline":"Corpo de homem baleado \u00e9 encontrado em rua de Praia Grande","datePublished":"2022-03-21T14:26:36+00:00","mainEntityOfPage":{"@id":"https:\/\/redenoticiaz.com.br\/litoralsp\/2022\/03\/21\/corpo-de-homem-baleado-e-encontrado-em-rua-de-praia-grande"},"wordCount":166,"commentCount":0,"publisher":{"@id":"https:\/\/redenoticiaz.com.br\/litoralsp\/#organization"},"image":{"@id":"https:\/\/redenoticiaz.com.br\/litoralsp\/2022\/03\/21\/corpo-de-homem-baleado-e-encontrado-em-rua-de-praia-grande#primaryimage"},"thumbnailUrl":"https:\/\/redenoticiaz.com.br\/litoralsp\/wp-content\/uploads\/sites\/3\/2021\/11\/delegacia.jpg","keywords":["CORPO BALEADO","CORPO DE HOMEM","OCIAN","POL\u00cdCIA CIVIL","PRAIA GRANDE"],"articleSection":["Pol\u00edcia","Praia Grande"],"inLanguage":"pt-BR","potentialAction":[{"@type":"CommentAction","name":"Comment","target":["https:\/\/redenoticiaz.com.br\/litoralsp\/2022\/03\/21\/corpo-de-homem-baleado-e-encontrado-em-rua-de-praia-grande#respond"]}]},{"@type":"WebPage","@id":"https:\/\/redenoticiaz.com.br\/litoralsp\/2022\/03\/21\/corpo-de-homem-baleado-e-encontrado-em-rua-de-praia-grande","url":"https:\/\/redenoticiaz.com.br\/litoralsp\/2022\/03\/21\/corpo-de-homem-baleado-e-encontrado-em-rua-de-praia-grande","name":"Corpo de homem baleado \u00e9 encontrado em rua de Praia Grande - Litoral SP","isPartOf":{"@id":"https:\/\/redenoticiaz.com.br\/litoralsp\/#website"},"primaryImageOfPage":{"@id":"https:\/\/redenoticiaz.com.br\/litoralsp\/2022\/03\/21\/corpo-de-homem-baleado-e-encontrado-em-rua-de-praia-grande#primaryimage"},"image":{"@id":"https:\/\/redenoticiaz.com.br\/litoralsp\/2022\/03\/21\/corpo-de-homem-baleado-e-encontrado-em-rua-de-praia-grande#primaryimage"},"thumbnailUrl":"https:\/\/redenoticiaz.com.br\/litoralsp\/wp-content\/uploads\/sites\/3\/2021\/11\/delegacia.jpg","datePublished":"2022-03-21T14:26:36+00:00","description":"O corpo de um homem foi encontrado sem vida no bairro Ocian, em Praia Grande. A v\u00edtima foi baleada, mas at\u00e9 o momento","inLanguage":"pt-BR","potentialAction":[{"@type":"ReadAction","target":["https:\/\/redenoticiaz.com.br\/litoralsp\/2022\/03\/21\/corpo-de-homem-baleado-e-encontrado-em-rua-de-praia-grande"]}]},{"@type":"ImageObject","inLanguage":"pt-BR","@id":"https:\/\/redenoticiaz.com.br\/litoralsp\/2022\/03\/21\/corpo-de-homem-baleado-e-encontrado-em-rua-de-praia-grande#primaryimage","url":"https:\/\/redenoticiaz.com.br\/litoralsp\/wp-content\/uploads\/sites\/3\/2021\/11\/delegacia.jpg","contentUrl":"https:\/\/redenoticiaz.com.br\/litoralsp\/wp-content\/uploads\/sites\/3\/2021\/11\/delegacia.jpg","width":984,"height":632,"caption":"Cr\u00e9ditos: Divulga\u00e7\u00e3o\/Governo de S\u00e3o Paulo"},{"@type":"WebSite","@id":"https:\/\/redenoticiaz.com.br\/litoralsp\/#website","url":"https:\/\/redenoticiaz.com.br\/litoralsp\/","name":"Litoral SP","description":"Rede NoticiaZ","publisher":{"@id":"https:\/\/redenoticiaz.com.br\/litoralsp\/#organization"},"potentialAction":[{"@type":"SearchAction","target":{"@type":"EntryPoint","urlTemplate":"https:\/\/redenoticiaz.com.br\/litoralsp\/?s={search_term_string}"},"query-input":{"@type":"PropertyValueSpecification","valueRequired":true,"valueName":"search_term_string"}}],"inLanguage":"pt-BR"},{"@type":"Organization","@id":"https:\/\/redenoticiaz.com.br\/litoralsp\/#organization","name":"Litoral SP","url":"https:\/\/redenoticiaz.com.br\/litoralsp\/","logo":{"@type":"ImageObject","inLanguage":"pt-BR","@id":"https:\/\/redenoticiaz.com.br\/litoralsp\/#\/schema\/logo\/image\/","url":"https:\/\/redenoticiaz.com.br\/litoralsp\/wp-content\/uploads\/sites\/3\/2020\/11\/logo.jpg","contentUrl":"https:\/\/redenoticiaz.com.br\/litoralsp\/wp-content\/uploads\/sites\/3\/2020\/11\/logo.jpg","width":400,"height":250,"caption":"Litoral SP"},"image":{"@id":"https:\/\/redenoticiaz.com.br\/litoralsp\/#\/schema\/logo\/image\/"}},{"@type":"Person","@id":"https:\/\/redenoticiaz.com.br\/litoralsp\/#\/schema\/person\/0f0b8a5bdafefe82841e07ae8d81ecb3","name":"Leonardo Francisco","image":{"@type":"ImageObject","inLanguage":"pt-BR","@id":"https:\/\/secure.gravatar.com\/avatar\/a7358cb406a99b682ec6df1e77e31ae82e63601f6784e8a3df411d72b37864da?s=96&d=mm&r=g","url":"https:\/\/secure.gravatar.com\/avatar\/a7358cb406a99b682ec6df1e77e31ae82e63601f6784e8a3df411d72b37864da?s=96&d=mm&r=g","contentUrl":"https:\/\/secure.gravatar.com\/avatar\/a7358cb406a99b682ec6df1e77e31ae82e63601f6784e8a3df411d72b37864da?s=96&d=mm&r=g","caption":"Leonardo Francisco"},"url":"https:\/\/redenoticiaz.com.br\/litoralsp\/author\/leonardo-francisco"}]}},"_links":{"self":[{"href":"https:\/\/redenoticiaz.com.br\/litoralsp\/wp-json\/wp\/v2\/posts\/25236","targetHints":{"allow":["GET"]}}],"collection":[{"href":"https:\/\/redenoticiaz.com.br\/litoralsp\/wp-json\/wp\/v2\/posts"}],"about":[{"href":"https:\/\/redenoticiaz.com.br\/litoralsp\/wp-json\/wp\/v2\/types\/post"}],"author":[{"embeddable":true,"href":"https:\/\/redenoticiaz.com.br\/litoralsp\/wp-json\/wp\/v2\/users\/6"}],"replies":[{"embeddable":true,"href":"https:\/\/redenoticiaz.com.br\/litoralsp\/wp-json\/wp\/v2\/comments?post=25236"}],"version-history":[{"count":1,"href":"https:\/\/redenoticiaz.com.br\/litoralsp\/wp-json\/wp\/v2\/posts\/25236\/revisions"}],"predecessor-version":[{"id":25237,"href":"https:\/\/redenoticiaz.com.br\/litoralsp\/wp-json\/wp\/v2\/posts\/25236\/revisions\/25237"}],"wp:featuredmedia":[{"embeddable":true,"href":"https:\/\/redenoticiaz.com.br\/litoralsp\/wp-json\/wp\/v2\/media\/18302"}],"wp:attachment":[{"href":"https:\/\/redenoticiaz.com.br\/litoralsp\/wp-json\/wp\/v2\/media?parent=25236"}],"wp:term":[{"taxonomy":"category","embeddable":true,"href":"https:\/\/redenoticiaz.com.br\/litoralsp\/wp-json\/wp\/v2\/categories?post=25236"},{"taxonomy":"post_tag","embeddable":true,"href":"https:\/\/redenoticiaz.com.br\/litoralsp\/wp-json\/wp\/v2\/tags?post=25236"}],"curies":[{"name":"wp","href":"https:\/\/api.w.org\/{rel}","templated":true}]}}