{"id":25253,"date":"2022-03-21T13:36:12","date_gmt":"2022-03-21T16:36:12","guid":{"rendered":"https:\/\/redenoticiaz.com.br\/litoralsp\/?p=25253"},"modified":"2022-03-21T13:36:12","modified_gmt":"2022-03-21T16:36:12","slug":"clima-ameno-com-fortes-chuvas-e-ressacas-ditam-o-outono-na-baixada-santista","status":"publish","type":"post","link":"https:\/\/redenoticiaz.com.br\/litoralsp\/2022\/03\/21\/clima-ameno-com-fortes-chuvas-e-ressacas-ditam-o-outono-na-baixada-santista","title":{"rendered":"Clima ameno com fortes chuvas e ressacas ditam o outono na Baixada Santista"},"content":{"rendered":"<p>No domingo (20), o <strong>outono come\u00e7ou<\/strong> e a tend\u00eancia \u00e9 que na Baixada Santista, as temperaturas estejam mais frias, devido a chegada de frente fria. A expectativa \u00e9 que com o clima mais ameno, tem possibilidade de chuvas fortes e acompanhadas de ressacas.<\/p>\n<p>Segundo o meteorologista da Defesa Civil de <a href=\"https:\/\/www.santos.sp.gov.br\/\">Santos<\/a>, Franco Cassol, o alerta \u00e9 com o volume de chuva, que deve estar presente no come\u00e7o do outono. &#8220;Pode ter chuva forte e volumosa, mas depois a tend\u00eancia \u00e9 que se normalize esse cen\u00e1rio de chuvas&#8221;.<\/p>\n<div class=\"mc-column content-text active-extra-styles \" data-block-type=\"unstyled\" data-block-weight=\"69\" data-block-id=\"4\">\n<p class=\"content-text__container \" data-track-category=\"Link no Texto\" data-track-links=\"\">Em rela\u00e7\u00e3o \u00e0s\u00a0temperaturas,\u00a0Cassol afirma que devem ficar dentro da m\u00e9dia para a esta\u00e7\u00e3o, de forma amena, com m\u00ednima de 22\u00b0C e m\u00e1xima de 27\u00b0C. &#8220;\u00c9 uma esta\u00e7\u00e3o que transita do ver\u00e3o para o inverno, n\u00e3o \u00e9 a esta\u00e7\u00e3o mais quente e nem a mais fria, mas mesmo assim deve ter temperaturas oscilando entre alguns per\u00edodos mais quentes a mais frios, conforme avan\u00e7a o sistema de tempo&#8221;.<\/p>\n<h3 data-track-category=\"Link no Texto\">Influ\u00eancia do La Ni\u00f1a<\/h3>\n<div class=\"mc-column content-text active-extra-styles \" data-block-type=\"unstyled\" data-block-weight=\"37\" data-block-id=\"6\">\n<p class=\"content-text__container \" data-track-category=\"Link no Texto\" data-track-links=\"\">O meteorologista ressalta que a esta\u00e7\u00e3o seguir\u00e1 com influ\u00eancia do fen\u00f4meno\u00a0La Ni\u00f1a, que \u00e9 o resfriamento das \u00e1guas do Oceano Pac\u00edfico equatorial, mas que o mesmo est\u00e1 perdendo for\u00e7a e deve encerrar durante o outono.<\/p>\n<\/div>\n<div class=\"mc-column content-text active-extra-styles \" data-block-type=\"unstyled\" data-block-weight=\"72\" data-block-id=\"7\">\n<p class=\"content-text__container \" data-track-category=\"Link no Texto\" data-track-links=\"\">A esta\u00e7\u00e3o, que segue at\u00e9 21 de junho \u00e0s 6h14, \u00e9 um per\u00edodo com maior ocorr\u00eancia de\u00a0ressacas\u00a0na regi\u00e3o por conta de sistemas atmosf\u00e9ricos e neste ano n\u00e3o deve ser diferente. &#8220;Por mais que, \u00e0s vezes, a gente acabe n\u00e3o sendo muito influenciado por isso, se n\u00e3o vai na praia acaba nem vendo isso acontecer, mas alguns servi\u00e7os podem ser afetados com isso, por exemplo, servi\u00e7os de navega\u00e7\u00e3o e travessias&#8221;.<\/p>\n<p data-track-category=\"Link no Texto\" data-track-links=\"\"><strong>LEIA TAMB\u00c9M<\/strong><\/p>\n<p data-track-category=\"Link no Texto\" data-track-links=\"\"><a href=\"https:\/\/redenoticiaz.com.br\/litoralsp\/2022\/03\/21\/mais-de-30-pessoas-ficam-desabrigadas-apos-fortes-chuvas-em-ubatuba\">Mais de 30 pessoas ficam desabrigadas ap\u00f3s fortes chuvas em Ubatuba<\/a><\/p>\n<\/div>\n<\/div>\n<div class=\"content-ads content-ads--reveal\" data-block-type=\"ads\" data-block-id=\"5\">\n<div id=\"banner_materia2\" class=\"tag-manager-publicidade-container mc-has-reveal mc-has-ad-lazyload tag-manager-publicidade-banner_materia2 tag-manager-publicidade-container--carregado tag-manager-publicidade-container--visivel\" data-id=\"banner_materia2\" data-req=\"true\" data-google-query-id=\"COjCxM3P1_YCFTECuQYdZtwOvA\" data-cid=\"138385183873\" data-lid=\"5949169143\"><\/div>\n<\/div>\n","protected":false},"excerpt":{"rendered":"<p>No domingo (20), o outono come\u00e7ou e a tend\u00eancia \u00e9 que na Baixada Santista, as temperaturas estejam mais frias, devido a chegada de frente fria. A expectativa \u00e9 que com o clima mais ameno, tem possibilidade de chuvas fortes e acompanhadas de ressacas. Segundo o meteorologista da Defesa Civil de Santos, Franco Cassol, o alerta &hellip;<\/p>\n","protected":false},"author":6,"featured_media":25254,"comment_status":"open","ping_status":"closed","sticky":false,"template":"","format":"standard","meta":{"footnotes":""},"categories":[26798,180],"tags":[1148,45237,7416,10996,52402,10995],"class_list":["post-25253","post","type-post","status-publish","format-standard","has-post-thumbnail","hentry","category-climatologia","category-santos","tag-baixada-santista","tag-defesa-civil-de-santos","tag-fortes-chuvas","tag-frente-fria","tag-outono","tag-ressaca"],"yoast_head":"<!-- This site is optimized with the Yoast SEO plugin v27.5 - https:\/\/yoast.com\/product\/yoast-seo-wordpress\/ -->\n<title>Clima ameno com fortes chuvas e ressacas ditam o outono na Baixada Santista - Litoral SP<\/title>\n<meta name=\"description\" content=\"No domingo (20), o outono come\u00e7ou e a tend\u00eancia \u00e9 que na Baixada Santista, as temperaturas estejam mais frias, devido a chegada\" \/>\n<meta name=\"robots\" content=\"index, follow, max-snippet:-1, max-image-preview:large, max-video-preview:-1\" \/>\n<link rel=\"canonical\" href=\"https:\/\/redenoticiaz.com.br\/litoralsp\/2022\/03\/21\/clima-ameno-com-fortes-chuvas-e-ressacas-ditam-o-outono-na-baixada-santista\" \/>\n<meta property=\"og:locale\" content=\"pt_BR\" \/>\n<meta property=\"og:type\" content=\"article\" \/>\n<meta property=\"og:title\" content=\"Clima ameno com fortes chuvas e ressacas ditam o outono na Baixada Santista - Litoral SP\" \/>\n<meta property=\"og:description\" content=\"No domingo (20), o outono come\u00e7ou e a tend\u00eancia \u00e9 que na Baixada Santista, as temperaturas estejam mais frias, devido a chegada\" \/>\n<meta property=\"og:url\" content=\"https:\/\/redenoticiaz.com.br\/litoralsp\/2022\/03\/21\/clima-ameno-com-fortes-chuvas-e-ressacas-ditam-o-outono-na-baixada-santista\" \/>\n<meta property=\"og:site_name\" content=\"Litoral SP\" \/>\n<meta property=\"article:published_time\" content=\"2022-03-21T16:36:12+00:00\" \/>\n<meta property=\"og:image\" content=\"https:\/\/redenoticiaz.com.br\/litoralsp\/wp-content\/uploads\/sites\/3\/2022\/03\/nublado_lo_0-1.jpg\" \/>\n\t<meta property=\"og:image:width\" content=\"927\" \/>\n\t<meta property=\"og:image:height\" content=\"417\" \/>\n\t<meta property=\"og:image:type\" content=\"image\/jpeg\" \/>\n<meta name=\"author\" content=\"Leonardo Francisco\" \/>\n<meta name=\"twitter:card\" content=\"summary_large_image\" \/>\n<meta name=\"twitter:label1\" content=\"Escrito por\" \/>\n\t<meta name=\"twitter:data1\" content=\"Leonardo Francisco\" \/>\n\t<meta name=\"twitter:label2\" content=\"Est. tempo de leitura\" \/>\n\t<meta name=\"twitter:data2\" content=\"2 minutos\" \/>\n<script type=\"application\/ld+json\" class=\"yoast-schema-graph\">{\"@context\":\"https:\\\/\\\/schema.org\",\"@graph\":[{\"@type\":\"Article\",\"@id\":\"https:\\\/\\\/redenoticiaz.com.br\\\/litoralsp\\\/2022\\\/03\\\/21\\\/clima-ameno-com-fortes-chuvas-e-ressacas-ditam-o-outono-na-baixada-santista#article\",\"isPartOf\":{\"@id\":\"https:\\\/\\\/redenoticiaz.com.br\\\/litoralsp\\\/2022\\\/03\\\/21\\\/clima-ameno-com-fortes-chuvas-e-ressacas-ditam-o-outono-na-baixada-santista\"},\"author\":{\"name\":\"Leonardo Francisco\",\"@id\":\"https:\\\/\\\/redenoticiaz.com.br\\\/litoralsp\\\/#\\\/schema\\\/person\\\/0f0b8a5bdafefe82841e07ae8d81ecb3\"},\"headline\":\"Clima ameno com fortes chuvas e ressacas ditam o outono na Baixada Santista\",\"datePublished\":\"2022-03-21T16:36:12+00:00\",\"mainEntityOfPage\":{\"@id\":\"https:\\\/\\\/redenoticiaz.com.br\\\/litoralsp\\\/2022\\\/03\\\/21\\\/clima-ameno-com-fortes-chuvas-e-ressacas-ditam-o-outono-na-baixada-santista\"},\"wordCount\":318,\"commentCount\":0,\"publisher\":{\"@id\":\"https:\\\/\\\/redenoticiaz.com.br\\\/litoralsp\\\/#organization\"},\"image\":{\"@id\":\"https:\\\/\\\/redenoticiaz.com.br\\\/litoralsp\\\/2022\\\/03\\\/21\\\/clima-ameno-com-fortes-chuvas-e-ressacas-ditam-o-outono-na-baixada-santista#primaryimage\"},\"thumbnailUrl\":\"https:\\\/\\\/redenoticiaz.com.br\\\/litoralsp\\\/wp-content\\\/uploads\\\/sites\\\/3\\\/2022\\\/03\\\/nublado_lo_0-1.jpg\",\"keywords\":[\"BAIXADA SANTISTA\",\"DEFESA CIVIL DE SANTOS\",\"FORTES CHUVAS\",\"FRENTE FRIA\",\"OUTONO\",\"RESSACA\"],\"articleSection\":[\"Climatologia\",\"Santos\"],\"inLanguage\":\"pt-BR\",\"potentialAction\":[{\"@type\":\"CommentAction\",\"name\":\"Comment\",\"target\":[\"https:\\\/\\\/redenoticiaz.com.br\\\/litoralsp\\\/2022\\\/03\\\/21\\\/clima-ameno-com-fortes-chuvas-e-ressacas-ditam-o-outono-na-baixada-santista#respond\"]}]},{\"@type\":\"WebPage\",\"@id\":\"https:\\\/\\\/redenoticiaz.com.br\\\/litoralsp\\\/2022\\\/03\\\/21\\\/clima-ameno-com-fortes-chuvas-e-ressacas-ditam-o-outono-na-baixada-santista\",\"url\":\"https:\\\/\\\/redenoticiaz.com.br\\\/litoralsp\\\/2022\\\/03\\\/21\\\/clima-ameno-com-fortes-chuvas-e-ressacas-ditam-o-outono-na-baixada-santista\",\"name\":\"Clima ameno com fortes chuvas e ressacas ditam o outono na Baixada Santista - Litoral SP\",\"isPartOf\":{\"@id\":\"https:\\\/\\\/redenoticiaz.com.br\\\/litoralsp\\\/#website\"},\"primaryImageOfPage\":{\"@id\":\"https:\\\/\\\/redenoticiaz.com.br\\\/litoralsp\\\/2022\\\/03\\\/21\\\/clima-ameno-com-fortes-chuvas-e-ressacas-ditam-o-outono-na-baixada-santista#primaryimage\"},\"image\":{\"@id\":\"https:\\\/\\\/redenoticiaz.com.br\\\/litoralsp\\\/2022\\\/03\\\/21\\\/clima-ameno-com-fortes-chuvas-e-ressacas-ditam-o-outono-na-baixada-santista#primaryimage\"},\"thumbnailUrl\":\"https:\\\/\\\/redenoticiaz.com.br\\\/litoralsp\\\/wp-content\\\/uploads\\\/sites\\\/3\\\/2022\\\/03\\\/nublado_lo_0-1.jpg\",\"datePublished\":\"2022-03-21T16:36:12+00:00\",\"description\":\"No domingo (20), o outono come\u00e7ou e a tend\u00eancia \u00e9 que na Baixada Santista, as temperaturas estejam mais frias, devido a chegada\",\"inLanguage\":\"pt-BR\",\"potentialAction\":[{\"@type\":\"ReadAction\",\"target\":[\"https:\\\/\\\/redenoticiaz.com.br\\\/litoralsp\\\/2022\\\/03\\\/21\\\/clima-ameno-com-fortes-chuvas-e-ressacas-ditam-o-outono-na-baixada-santista\"]}]},{\"@type\":\"ImageObject\",\"inLanguage\":\"pt-BR\",\"@id\":\"https:\\\/\\\/redenoticiaz.com.br\\\/litoralsp\\\/2022\\\/03\\\/21\\\/clima-ameno-com-fortes-chuvas-e-ressacas-ditam-o-outono-na-baixada-santista#primaryimage\",\"url\":\"https:\\\/\\\/redenoticiaz.com.br\\\/litoralsp\\\/wp-content\\\/uploads\\\/sites\\\/3\\\/2022\\\/03\\\/nublado_lo_0-1.jpg\",\"contentUrl\":\"https:\\\/\\\/redenoticiaz.com.br\\\/litoralsp\\\/wp-content\\\/uploads\\\/sites\\\/3\\\/2022\\\/03\\\/nublado_lo_0-1.jpg\",\"width\":927,\"height\":417,\"caption\":\"Cr\u00e9ditos: Divulga\u00e7\u00e3o\\\/Prefeitura de Santos\"},{\"@type\":\"WebSite\",\"@id\":\"https:\\\/\\\/redenoticiaz.com.br\\\/litoralsp\\\/#website\",\"url\":\"https:\\\/\\\/redenoticiaz.com.br\\\/litoralsp\\\/\",\"name\":\"Litoral SP\",\"description\":\"Rede NoticiaZ\",\"publisher\":{\"@id\":\"https:\\\/\\\/redenoticiaz.com.br\\\/litoralsp\\\/#organization\"},\"potentialAction\":[{\"@type\":\"SearchAction\",\"target\":{\"@type\":\"EntryPoint\",\"urlTemplate\":\"https:\\\/\\\/redenoticiaz.com.br\\\/litoralsp\\\/?s={search_term_string}\"},\"query-input\":{\"@type\":\"PropertyValueSpecification\",\"valueRequired\":true,\"valueName\":\"search_term_string\"}}],\"inLanguage\":\"pt-BR\"},{\"@type\":\"Organization\",\"@id\":\"https:\\\/\\\/redenoticiaz.com.br\\\/litoralsp\\\/#organization\",\"name\":\"Litoral SP\",\"url\":\"https:\\\/\\\/redenoticiaz.com.br\\\/litoralsp\\\/\",\"logo\":{\"@type\":\"ImageObject\",\"inLanguage\":\"pt-BR\",\"@id\":\"https:\\\/\\\/redenoticiaz.com.br\\\/litoralsp\\\/#\\\/schema\\\/logo\\\/image\\\/\",\"url\":\"https:\\\/\\\/redenoticiaz.com.br\\\/litoralsp\\\/wp-content\\\/uploads\\\/sites\\\/3\\\/2020\\\/11\\\/logo.jpg\",\"contentUrl\":\"https:\\\/\\\/redenoticiaz.com.br\\\/litoralsp\\\/wp-content\\\/uploads\\\/sites\\\/3\\\/2020\\\/11\\\/logo.jpg\",\"width\":400,\"height\":250,\"caption\":\"Litoral SP\"},\"image\":{\"@id\":\"https:\\\/\\\/redenoticiaz.com.br\\\/litoralsp\\\/#\\\/schema\\\/logo\\\/image\\\/\"}},{\"@type\":\"Person\",\"@id\":\"https:\\\/\\\/redenoticiaz.com.br\\\/litoralsp\\\/#\\\/schema\\\/person\\\/0f0b8a5bdafefe82841e07ae8d81ecb3\",\"name\":\"Leonardo Francisco\",\"image\":{\"@type\":\"ImageObject\",\"inLanguage\":\"pt-BR\",\"@id\":\"https:\\\/\\\/secure.gravatar.com\\\/avatar\\\/a7358cb406a99b682ec6df1e77e31ae82e63601f6784e8a3df411d72b37864da?s=96&d=mm&r=g\",\"url\":\"https:\\\/\\\/secure.gravatar.com\\\/avatar\\\/a7358cb406a99b682ec6df1e77e31ae82e63601f6784e8a3df411d72b37864da?s=96&d=mm&r=g\",\"contentUrl\":\"https:\\\/\\\/secure.gravatar.com\\\/avatar\\\/a7358cb406a99b682ec6df1e77e31ae82e63601f6784e8a3df411d72b37864da?s=96&d=mm&r=g\",\"caption\":\"Leonardo Francisco\"},\"url\":\"https:\\\/\\\/redenoticiaz.com.br\\\/litoralsp\\\/author\\\/leonardo-francisco\"}]}<\/script>\n<!-- \/ Yoast SEO plugin. -->","yoast_head_json":{"title":"Clima ameno com fortes chuvas e ressacas ditam o outono na Baixada Santista - Litoral SP","description":"No domingo (20), o outono come\u00e7ou e a tend\u00eancia \u00e9 que na Baixada Santista, as temperaturas estejam mais frias, devido a chegada","robots":{"index":"index","follow":"follow","max-snippet":"max-snippet:-1","max-image-preview":"max-image-preview:large","max-video-preview":"max-video-preview:-1"},"canonical":"https:\/\/redenoticiaz.com.br\/litoralsp\/2022\/03\/21\/clima-ameno-com-fortes-chuvas-e-ressacas-ditam-o-outono-na-baixada-santista","og_locale":"pt_BR","og_type":"article","og_title":"Clima ameno com fortes chuvas e ressacas ditam o outono na Baixada Santista - Litoral SP","og_description":"No domingo (20), o outono come\u00e7ou e a tend\u00eancia \u00e9 que na Baixada Santista, as temperaturas estejam mais frias, devido a chegada","og_url":"https:\/\/redenoticiaz.com.br\/litoralsp\/2022\/03\/21\/clima-ameno-com-fortes-chuvas-e-ressacas-ditam-o-outono-na-baixada-santista","og_site_name":"Litoral SP","article_published_time":"2022-03-21T16:36:12+00:00","og_image":[{"width":927,"height":417,"url":"https:\/\/redenoticiaz.com.br\/litoralsp\/wp-content\/uploads\/sites\/3\/2022\/03\/nublado_lo_0-1.jpg","type":"image\/jpeg"}],"author":"Leonardo Francisco","twitter_card":"summary_large_image","twitter_misc":{"Escrito por":"Leonardo Francisco","Est. tempo de leitura":"2 minutos"},"schema":{"@context":"https:\/\/schema.org","@graph":[{"@type":"Article","@id":"https:\/\/redenoticiaz.com.br\/litoralsp\/2022\/03\/21\/clima-ameno-com-fortes-chuvas-e-ressacas-ditam-o-outono-na-baixada-santista#article","isPartOf":{"@id":"https:\/\/redenoticiaz.com.br\/litoralsp\/2022\/03\/21\/clima-ameno-com-fortes-chuvas-e-ressacas-ditam-o-outono-na-baixada-santista"},"author":{"name":"Leonardo Francisco","@id":"https:\/\/redenoticiaz.com.br\/litoralsp\/#\/schema\/person\/0f0b8a5bdafefe82841e07ae8d81ecb3"},"headline":"Clima ameno com fortes chuvas e ressacas ditam o outono na Baixada Santista","datePublished":"2022-03-21T16:36:12+00:00","mainEntityOfPage":{"@id":"https:\/\/redenoticiaz.com.br\/litoralsp\/2022\/03\/21\/clima-ameno-com-fortes-chuvas-e-ressacas-ditam-o-outono-na-baixada-santista"},"wordCount":318,"commentCount":0,"publisher":{"@id":"https:\/\/redenoticiaz.com.br\/litoralsp\/#organization"},"image":{"@id":"https:\/\/redenoticiaz.com.br\/litoralsp\/2022\/03\/21\/clima-ameno-com-fortes-chuvas-e-ressacas-ditam-o-outono-na-baixada-santista#primaryimage"},"thumbnailUrl":"https:\/\/redenoticiaz.com.br\/litoralsp\/wp-content\/uploads\/sites\/3\/2022\/03\/nublado_lo_0-1.jpg","keywords":["BAIXADA SANTISTA","DEFESA CIVIL DE SANTOS","FORTES CHUVAS","FRENTE FRIA","OUTONO","RESSACA"],"articleSection":["Climatologia","Santos"],"inLanguage":"pt-BR","potentialAction":[{"@type":"CommentAction","name":"Comment","target":["https:\/\/redenoticiaz.com.br\/litoralsp\/2022\/03\/21\/clima-ameno-com-fortes-chuvas-e-ressacas-ditam-o-outono-na-baixada-santista#respond"]}]},{"@type":"WebPage","@id":"https:\/\/redenoticiaz.com.br\/litoralsp\/2022\/03\/21\/clima-ameno-com-fortes-chuvas-e-ressacas-ditam-o-outono-na-baixada-santista","url":"https:\/\/redenoticiaz.com.br\/litoralsp\/2022\/03\/21\/clima-ameno-com-fortes-chuvas-e-ressacas-ditam-o-outono-na-baixada-santista","name":"Clima ameno com fortes chuvas e ressacas ditam o outono na Baixada Santista - Litoral SP","isPartOf":{"@id":"https:\/\/redenoticiaz.com.br\/litoralsp\/#website"},"primaryImageOfPage":{"@id":"https:\/\/redenoticiaz.com.br\/litoralsp\/2022\/03\/21\/clima-ameno-com-fortes-chuvas-e-ressacas-ditam-o-outono-na-baixada-santista#primaryimage"},"image":{"@id":"https:\/\/redenoticiaz.com.br\/litoralsp\/2022\/03\/21\/clima-ameno-com-fortes-chuvas-e-ressacas-ditam-o-outono-na-baixada-santista#primaryimage"},"thumbnailUrl":"https:\/\/redenoticiaz.com.br\/litoralsp\/wp-content\/uploads\/sites\/3\/2022\/03\/nublado_lo_0-1.jpg","datePublished":"2022-03-21T16:36:12+00:00","description":"No domingo (20), o outono come\u00e7ou e a tend\u00eancia \u00e9 que na Baixada Santista, as temperaturas estejam mais frias, devido a chegada","inLanguage":"pt-BR","potentialAction":[{"@type":"ReadAction","target":["https:\/\/redenoticiaz.com.br\/litoralsp\/2022\/03\/21\/clima-ameno-com-fortes-chuvas-e-ressacas-ditam-o-outono-na-baixada-santista"]}]},{"@type":"ImageObject","inLanguage":"pt-BR","@id":"https:\/\/redenoticiaz.com.br\/litoralsp\/2022\/03\/21\/clima-ameno-com-fortes-chuvas-e-ressacas-ditam-o-outono-na-baixada-santista#primaryimage","url":"https:\/\/redenoticiaz.com.br\/litoralsp\/wp-content\/uploads\/sites\/3\/2022\/03\/nublado_lo_0-1.jpg","contentUrl":"https:\/\/redenoticiaz.com.br\/litoralsp\/wp-content\/uploads\/sites\/3\/2022\/03\/nublado_lo_0-1.jpg","width":927,"height":417,"caption":"Cr\u00e9ditos: Divulga\u00e7\u00e3o\/Prefeitura de Santos"},{"@type":"WebSite","@id":"https:\/\/redenoticiaz.com.br\/litoralsp\/#website","url":"https:\/\/redenoticiaz.com.br\/litoralsp\/","name":"Litoral SP","description":"Rede NoticiaZ","publisher":{"@id":"https:\/\/redenoticiaz.com.br\/litoralsp\/#organization"},"potentialAction":[{"@type":"SearchAction","target":{"@type":"EntryPoint","urlTemplate":"https:\/\/redenoticiaz.com.br\/litoralsp\/?s={search_term_string}"},"query-input":{"@type":"PropertyValueSpecification","valueRequired":true,"valueName":"search_term_string"}}],"inLanguage":"pt-BR"},{"@type":"Organization","@id":"https:\/\/redenoticiaz.com.br\/litoralsp\/#organization","name":"Litoral SP","url":"https:\/\/redenoticiaz.com.br\/litoralsp\/","logo":{"@type":"ImageObject","inLanguage":"pt-BR","@id":"https:\/\/redenoticiaz.com.br\/litoralsp\/#\/schema\/logo\/image\/","url":"https:\/\/redenoticiaz.com.br\/litoralsp\/wp-content\/uploads\/sites\/3\/2020\/11\/logo.jpg","contentUrl":"https:\/\/redenoticiaz.com.br\/litoralsp\/wp-content\/uploads\/sites\/3\/2020\/11\/logo.jpg","width":400,"height":250,"caption":"Litoral SP"},"image":{"@id":"https:\/\/redenoticiaz.com.br\/litoralsp\/#\/schema\/logo\/image\/"}},{"@type":"Person","@id":"https:\/\/redenoticiaz.com.br\/litoralsp\/#\/schema\/person\/0f0b8a5bdafefe82841e07ae8d81ecb3","name":"Leonardo Francisco","image":{"@type":"ImageObject","inLanguage":"pt-BR","@id":"https:\/\/secure.gravatar.com\/avatar\/a7358cb406a99b682ec6df1e77e31ae82e63601f6784e8a3df411d72b37864da?s=96&d=mm&r=g","url":"https:\/\/secure.gravatar.com\/avatar\/a7358cb406a99b682ec6df1e77e31ae82e63601f6784e8a3df411d72b37864da?s=96&d=mm&r=g","contentUrl":"https:\/\/secure.gravatar.com\/avatar\/a7358cb406a99b682ec6df1e77e31ae82e63601f6784e8a3df411d72b37864da?s=96&d=mm&r=g","caption":"Leonardo Francisco"},"url":"https:\/\/redenoticiaz.com.br\/litoralsp\/author\/leonardo-francisco"}]}},"_links":{"self":[{"href":"https:\/\/redenoticiaz.com.br\/litoralsp\/wp-json\/wp\/v2\/posts\/25253","targetHints":{"allow":["GET"]}}],"collection":[{"href":"https:\/\/redenoticiaz.com.br\/litoralsp\/wp-json\/wp\/v2\/posts"}],"about":[{"href":"https:\/\/redenoticiaz.com.br\/litoralsp\/wp-json\/wp\/v2\/types\/post"}],"author":[{"embeddable":true,"href":"https:\/\/redenoticiaz.com.br\/litoralsp\/wp-json\/wp\/v2\/users\/6"}],"replies":[{"embeddable":true,"href":"https:\/\/redenoticiaz.com.br\/litoralsp\/wp-json\/wp\/v2\/comments?post=25253"}],"version-history":[{"count":1,"href":"https:\/\/redenoticiaz.com.br\/litoralsp\/wp-json\/wp\/v2\/posts\/25253\/revisions"}],"predecessor-version":[{"id":25255,"href":"https:\/\/redenoticiaz.com.br\/litoralsp\/wp-json\/wp\/v2\/posts\/25253\/revisions\/25255"}],"wp:featuredmedia":[{"embeddable":true,"href":"https:\/\/redenoticiaz.com.br\/litoralsp\/wp-json\/wp\/v2\/media\/25254"}],"wp:attachment":[{"href":"https:\/\/redenoticiaz.com.br\/litoralsp\/wp-json\/wp\/v2\/media?parent=25253"}],"wp:term":[{"taxonomy":"category","embeddable":true,"href":"https:\/\/redenoticiaz.com.br\/litoralsp\/wp-json\/wp\/v2\/categories?post=25253"},{"taxonomy":"post_tag","embeddable":true,"href":"https:\/\/redenoticiaz.com.br\/litoralsp\/wp-json\/wp\/v2\/tags?post=25253"}],"curies":[{"name":"wp","href":"https:\/\/api.w.org\/{rel}","templated":true}]}}