{"id":25333,"date":"2022-03-27T08:00:50","date_gmt":"2022-03-27T11:00:50","guid":{"rendered":"https:\/\/redenoticiaz.com.br\/litoralsp\/?p=25333"},"modified":"2022-03-27T08:00:50","modified_gmt":"2022-03-27T11:00:50","slug":"instalacoes-de-pisos-e-azulejos-vao-contar-com-novidades","status":"publish","type":"post","link":"https:\/\/redenoticiaz.com.br\/litoralsp\/2022\/03\/27\/instalacoes-de-pisos-e-azulejos-vao-contar-com-novidades","title":{"rendered":"Instala\u00e7\u00f5es de pisos e azulejos v\u00e3o contar com novidades"},"content":{"rendered":"<p>Enquanto um produto \u00e9\u00a0tend\u00eancia\u00a0mundial no setor da\u00a0<a href=\"https:\/\/moldimplas.com.br\/\" target=\"_blank\" rel=\"noopener noreferrer\">constru\u00e7\u00e3o civil<\/a>, o outro est\u00e1 revolucionando o processo de assentar pisos. O\u00a0Espa\u00e7ador e Nivelador T-Lock\u00a0e a\u00a0Ventosa Vibrat\u00f3ria, respectivamente, ser\u00e3o os destaques no estande da\u00a0<a href=\"https:\/\/moldimplas.com.br\/\" target=\"_blank\" rel=\"noopener noreferrer\">Moldimplas<\/a>, empresa de\u00a0<a href=\"https:\/\/grupoodp.com.br\/\" target=\"_blank\" rel=\"noopener noreferrer\">Blumenau<\/a>, em Santa Catarina, na 26\u00aa edi\u00e7\u00e3o da Feicon. O evento, que ser\u00e1 realizado de 29 de mar\u00e7o a 1\u00ba de abril, \u00e9 o \u00fanico da Am\u00e9rica Latina que oferece uma vis\u00e3o completa do mix de setores da\u00a0constru\u00e7\u00e3o\u00a0e arquitetura em um s\u00f3 lugar.<\/p>\n<figure id=\"attachment_25336\" aria-describedby=\"caption-attachment-25336\" style=\"width: 217px\" class=\"wp-caption alignleft\"><img loading=\"lazy\" decoding=\"async\" class=\"wp-image-25336 size-medium\" src=\"https:\/\/redenoticiaz.com.br\/litoralsp\/wp-content\/uploads\/sites\/3\/2022\/03\/foto-012-2022-feicon-217x220.jpg\" alt=\"\" width=\"217\" height=\"220\" \/><figcaption id=\"caption-attachment-25336\" class=\"wp-caption-text\">Cr\u00e9ditos: Divulga\u00e7\u00e3o<\/figcaption><\/figure>\n<p>O principal diferencial do sistema de nivelamento T-Lock, em compara\u00e7\u00e3o ao nivelador tradicional, \u00e9 a sua caracter\u00edstica 100%\u00a0reutiliz\u00e1vel. Ao optar por essa vers\u00e3o, o profissional desrosqueia a pe\u00e7a e ela sai por completo, n\u00e3o precisando quebrar para remov\u00ea-la. Al\u00e9m de contar com a\u00a0economia\u00a0de uma pe\u00e7a\u00a0resistente\u00a0e\u00a0reutiliz\u00e1vel\u00a0por anos, ainda estar\u00e1 contribuindo para o\u00a0meio ambiente, pois reduz consideravelmente a quantidade de pl\u00e1stico descartado. Atualmente, a Moldimplas \u00e9 a \u00fanica ind\u00fastria a disponibilizar esse produto no pa\u00eds.<\/p>\n<h3>Ventosa<\/h3>\n<p>O outro destaque da Moldimplas na Feicon, a Ventosa Vibrat\u00f3ria, prop\u00f5e uma\u00a0qualidade\u00a0maior nos servi\u00e7os de instala\u00e7\u00e3o. \u201cPor meio da vibra\u00e7\u00e3o, esse produto elimina eventuais bolhas de ar, que se prendem entre a argamassa e as cer\u00e2micas, e podem danificar ou at\u00e9 solt\u00e1-las com o passar do tempo\u201d, explica Josiane de Araujo, diretora Executiva da Moldimplas.<\/p>\n<figure id=\"attachment_25335\" aria-describedby=\"caption-attachment-25335\" style=\"width: 219px\" class=\"wp-caption alignleft\"><img loading=\"lazy\" decoding=\"async\" class=\"size-medium wp-image-25335\" src=\"https:\/\/redenoticiaz.com.br\/litoralsp\/wp-content\/uploads\/sites\/3\/2022\/03\/foto-016-2022-feicon-219x220.jpg\" alt=\"\" width=\"219\" height=\"220\" \/><figcaption id=\"caption-attachment-25335\" class=\"wp-caption-text\">Cr\u00e9ditos: Divulga\u00e7\u00e3o<\/figcaption><\/figure>\n<p>Esses dois produtos fazem parte de um amplo portf\u00f3lio com 72 op\u00e7\u00f5es, sendo 18 delas lan\u00e7amentos da linha pr\u00f3pria Dimaestro, que a Moldimplas estar\u00e1 expondo em sua quarta participa\u00e7\u00e3o na Feicon. \u201cAs feiras t\u00eam um importante papel no nosso contato com o consumidor. Por isso, ap\u00f3s dois anos sem eventos presenciais, estamos entusiasmados com esse retorno. Para deixar o nosso estande ainda mais completo e atrativo, pensamos em cada detalhe, desde a montagem at\u00e9 as atra\u00e7\u00f5es. Teremos o apoio de parceiros, diversas novidades, atividades, brindes e um sorteio\u201d, conta a diretora.<\/p>\n<p>Para contribuir na demonstra\u00e7\u00e3o dos produtos, a Moldimplas contar\u00e1 com a participa\u00e7\u00e3o especial do grupo Sou Cunheiro, que capacita e apoia os profissionais azulejistas.<\/p>\n<h3>Produtos importados na Feicon<\/h3>\n<p>No Brasil, a\u00a0Moldimplas\u00a0\u00e9 a distribuidora exclusiva da marca italiana Montolit e da espanhola Rubi, ambas l\u00edderes mundiais na fabrica\u00e7\u00e3o de m\u00e1quinas de corte e equipamentos para azulejistas. \u201cEst\u00e1 entre as nossas maiores conquistas a oportunidade de disponibilizar produtos t\u00e3o diferenciados e inovadores no nosso pa\u00eds. Para quem quiser conferir de perto, estaremos com destaques das duas marcas internacionais na Feicon\u201d, comemora Josiane.<\/p>\n<p>Para refor\u00e7ar a parceria, ap\u00f3s a Feicon a Moldimplas ir\u00e1 sortear tr\u00eas produtos que estar\u00e3o expostos na feira, incluindo os da marca espanhola. Podem participar todos os profissionais da constru\u00e7\u00e3o civil que se cadastrarem neste<a href=\"https:\/\/blog.moldimplas.com.br\/feira-super-sorteio\/?utm_source=Sorteio\" target=\"_blank\" rel=\"noopener noreferrer\">\u00a0link<\/a>.<\/p>\n<p><strong>LEIA TAMB\u00c9M<\/strong><\/p>\n<p><a href=\"https:\/\/redenoticiaz.com.br\/blog\/2022\/02\/26\/vai-comprar-um-imovel-e-bom-seguir-algumas-dicas\">Vai comprar um im\u00f3vel? \u00c9 bom seguir algumas dicas<\/a><\/p>\n","protected":false},"excerpt":{"rendered":"<p>Enquanto um produto \u00e9\u00a0tend\u00eancia\u00a0mundial no setor da\u00a0constru\u00e7\u00e3o civil, o outro est\u00e1 revolucionando o processo de assentar pisos. O\u00a0Espa\u00e7ador e Nivelador T-Lock\u00a0e a\u00a0Ventosa Vibrat\u00f3ria, respectivamente, ser\u00e3o os destaques no estande da\u00a0Moldimplas, empresa de\u00a0Blumenau, em Santa Catarina, na 26\u00aa edi\u00e7\u00e3o da Feicon. O evento, que ser\u00e1 realizado de 29 de mar\u00e7o a 1\u00ba de abril, \u00e9 o &hellip;<\/p>\n","protected":false},"author":6,"featured_media":25334,"comment_status":"open","ping_status":"closed","sticky":false,"template":"","format":"standard","meta":{"footnotes":""},"categories":[51306],"tags":[52518,52519,2923,52520],"class_list":["post-25333","post","type-post","status-publish","format-standard","has-post-thumbnail","hentry","category-lar-e-construcao","tag-feicon","tag-nivelamento-t-lock","tag-santa-catarina","tag-ventosa"],"yoast_head":"<!-- This site is optimized with the Yoast SEO plugin v27.5 - https:\/\/yoast.com\/product\/yoast-seo-wordpress\/ -->\n<title>Instala\u00e7\u00f5es de pisos e azulejos v\u00e3o contar com novidades - Litoral SP<\/title>\n<meta name=\"description\" content=\"Enquanto um produto \u00e9\u00a0tend\u00eancia\u00a0mundial no setor da\u00a0constru\u00e7\u00e3o civil, o outro est\u00e1 revolucionando o processo de assentar pisos. O\u00a0Espa\u00e7ador\" \/>\n<meta name=\"robots\" content=\"index, follow, max-snippet:-1, max-image-preview:large, max-video-preview:-1\" \/>\n<link rel=\"canonical\" href=\"https:\/\/redenoticiaz.com.br\/litoralsp\/2022\/03\/27\/instalacoes-de-pisos-e-azulejos-vao-contar-com-novidades\" \/>\n<meta property=\"og:locale\" content=\"pt_BR\" \/>\n<meta property=\"og:type\" content=\"article\" \/>\n<meta property=\"og:title\" content=\"Instala\u00e7\u00f5es de pisos e azulejos v\u00e3o contar com novidades - Litoral SP\" \/>\n<meta property=\"og:description\" content=\"Enquanto um produto \u00e9\u00a0tend\u00eancia\u00a0mundial no setor da\u00a0constru\u00e7\u00e3o civil, o outro est\u00e1 revolucionando o processo de assentar pisos. O\u00a0Espa\u00e7ador\" \/>\n<meta property=\"og:url\" content=\"https:\/\/redenoticiaz.com.br\/litoralsp\/2022\/03\/27\/instalacoes-de-pisos-e-azulejos-vao-contar-com-novidades\" \/>\n<meta property=\"og:site_name\" content=\"Litoral SP\" \/>\n<meta property=\"article:published_time\" content=\"2022-03-27T11:00:50+00:00\" \/>\n<meta name=\"author\" content=\"Leonardo Francisco\" \/>\n<meta name=\"twitter:card\" content=\"summary_large_image\" \/>\n<meta name=\"twitter:image\" content=\"https:\/\/redenoticiaz.com.br\/litoralsp\/wp-content\/uploads\/sites\/3\/2022\/03\/foto-015-2022-feicon.jpg?v=1647993579\" \/>\n<meta name=\"twitter:label1\" content=\"Escrito por\" \/>\n\t<meta name=\"twitter:data1\" content=\"Leonardo Francisco\" \/>\n\t<meta name=\"twitter:label2\" content=\"Est. tempo de leitura\" \/>\n\t<meta name=\"twitter:data2\" content=\"3 minutos\" \/>\n<script type=\"application\/ld+json\" class=\"yoast-schema-graph\">{\"@context\":\"https:\\\/\\\/schema.org\",\"@graph\":[{\"@type\":\"Article\",\"@id\":\"https:\\\/\\\/redenoticiaz.com.br\\\/litoralsp\\\/2022\\\/03\\\/27\\\/instalacoes-de-pisos-e-azulejos-vao-contar-com-novidades#article\",\"isPartOf\":{\"@id\":\"https:\\\/\\\/redenoticiaz.com.br\\\/litoralsp\\\/2022\\\/03\\\/27\\\/instalacoes-de-pisos-e-azulejos-vao-contar-com-novidades\"},\"author\":{\"name\":\"Leonardo Francisco\",\"@id\":\"https:\\\/\\\/redenoticiaz.com.br\\\/litoralsp\\\/#\\\/schema\\\/person\\\/0f0b8a5bdafefe82841e07ae8d81ecb3\"},\"headline\":\"Instala\u00e7\u00f5es de pisos e azulejos v\u00e3o contar com novidades\",\"datePublished\":\"2022-03-27T11:00:50+00:00\",\"mainEntityOfPage\":{\"@id\":\"https:\\\/\\\/redenoticiaz.com.br\\\/litoralsp\\\/2022\\\/03\\\/27\\\/instalacoes-de-pisos-e-azulejos-vao-contar-com-novidades\"},\"wordCount\":526,\"commentCount\":0,\"publisher\":{\"@id\":\"https:\\\/\\\/redenoticiaz.com.br\\\/litoralsp\\\/#organization\"},\"image\":{\"@id\":\"https:\\\/\\\/redenoticiaz.com.br\\\/litoralsp\\\/2022\\\/03\\\/27\\\/instalacoes-de-pisos-e-azulejos-vao-contar-com-novidades#primaryimage\"},\"thumbnailUrl\":\"https:\\\/\\\/redenoticiaz.com.br\\\/litoralsp\\\/wp-content\\\/uploads\\\/sites\\\/3\\\/2022\\\/03\\\/foto-015-2022-feicon.jpg?v=1647993579\",\"keywords\":[\"FEICON\",\"NIVELAMENTO T-LOCK\",\"SANTA CATARINA\",\"VENTOSA\"],\"articleSection\":[\"Lar e Constru\u00e7\u00e3o\"],\"inLanguage\":\"pt-BR\",\"potentialAction\":[{\"@type\":\"CommentAction\",\"name\":\"Comment\",\"target\":[\"https:\\\/\\\/redenoticiaz.com.br\\\/litoralsp\\\/2022\\\/03\\\/27\\\/instalacoes-de-pisos-e-azulejos-vao-contar-com-novidades#respond\"]}]},{\"@type\":\"WebPage\",\"@id\":\"https:\\\/\\\/redenoticiaz.com.br\\\/litoralsp\\\/2022\\\/03\\\/27\\\/instalacoes-de-pisos-e-azulejos-vao-contar-com-novidades\",\"url\":\"https:\\\/\\\/redenoticiaz.com.br\\\/litoralsp\\\/2022\\\/03\\\/27\\\/instalacoes-de-pisos-e-azulejos-vao-contar-com-novidades\",\"name\":\"Instala\u00e7\u00f5es de pisos e azulejos v\u00e3o contar com novidades - Litoral SP\",\"isPartOf\":{\"@id\":\"https:\\\/\\\/redenoticiaz.com.br\\\/litoralsp\\\/#website\"},\"primaryImageOfPage\":{\"@id\":\"https:\\\/\\\/redenoticiaz.com.br\\\/litoralsp\\\/2022\\\/03\\\/27\\\/instalacoes-de-pisos-e-azulejos-vao-contar-com-novidades#primaryimage\"},\"image\":{\"@id\":\"https:\\\/\\\/redenoticiaz.com.br\\\/litoralsp\\\/2022\\\/03\\\/27\\\/instalacoes-de-pisos-e-azulejos-vao-contar-com-novidades#primaryimage\"},\"thumbnailUrl\":\"https:\\\/\\\/redenoticiaz.com.br\\\/litoralsp\\\/wp-content\\\/uploads\\\/sites\\\/3\\\/2022\\\/03\\\/foto-015-2022-feicon.jpg?v=1647993579\",\"datePublished\":\"2022-03-27T11:00:50+00:00\",\"description\":\"Enquanto um produto \u00e9\u00a0tend\u00eancia\u00a0mundial no setor da\u00a0constru\u00e7\u00e3o civil, o outro est\u00e1 revolucionando o processo de assentar pisos. O\u00a0Espa\u00e7ador\",\"inLanguage\":\"pt-BR\",\"potentialAction\":[{\"@type\":\"ReadAction\",\"target\":[\"https:\\\/\\\/redenoticiaz.com.br\\\/litoralsp\\\/2022\\\/03\\\/27\\\/instalacoes-de-pisos-e-azulejos-vao-contar-com-novidades\"]}]},{\"@type\":\"ImageObject\",\"inLanguage\":\"pt-BR\",\"@id\":\"https:\\\/\\\/redenoticiaz.com.br\\\/litoralsp\\\/2022\\\/03\\\/27\\\/instalacoes-de-pisos-e-azulejos-vao-contar-com-novidades#primaryimage\",\"url\":\"https:\\\/\\\/redenoticiaz.com.br\\\/litoralsp\\\/wp-content\\\/uploads\\\/sites\\\/3\\\/2022\\\/03\\\/foto-015-2022-feicon.jpg?v=1647993579\",\"contentUrl\":\"https:\\\/\\\/redenoticiaz.com.br\\\/litoralsp\\\/wp-content\\\/uploads\\\/sites\\\/3\\\/2022\\\/03\\\/foto-015-2022-feicon.jpg?v=1647993579\",\"width\":904,\"height\":613,\"caption\":\"Cr\u00e9ditos: Divulga\u00e7\u00e3o.\"},{\"@type\":\"WebSite\",\"@id\":\"https:\\\/\\\/redenoticiaz.com.br\\\/litoralsp\\\/#website\",\"url\":\"https:\\\/\\\/redenoticiaz.com.br\\\/litoralsp\\\/\",\"name\":\"Litoral SP\",\"description\":\"Rede NoticiaZ\",\"publisher\":{\"@id\":\"https:\\\/\\\/redenoticiaz.com.br\\\/litoralsp\\\/#organization\"},\"potentialAction\":[{\"@type\":\"SearchAction\",\"target\":{\"@type\":\"EntryPoint\",\"urlTemplate\":\"https:\\\/\\\/redenoticiaz.com.br\\\/litoralsp\\\/?s={search_term_string}\"},\"query-input\":{\"@type\":\"PropertyValueSpecification\",\"valueRequired\":true,\"valueName\":\"search_term_string\"}}],\"inLanguage\":\"pt-BR\"},{\"@type\":\"Organization\",\"@id\":\"https:\\\/\\\/redenoticiaz.com.br\\\/litoralsp\\\/#organization\",\"name\":\"Litoral SP\",\"url\":\"https:\\\/\\\/redenoticiaz.com.br\\\/litoralsp\\\/\",\"logo\":{\"@type\":\"ImageObject\",\"inLanguage\":\"pt-BR\",\"@id\":\"https:\\\/\\\/redenoticiaz.com.br\\\/litoralsp\\\/#\\\/schema\\\/logo\\\/image\\\/\",\"url\":\"https:\\\/\\\/redenoticiaz.com.br\\\/litoralsp\\\/wp-content\\\/uploads\\\/sites\\\/3\\\/2020\\\/11\\\/logo.jpg\",\"contentUrl\":\"https:\\\/\\\/redenoticiaz.com.br\\\/litoralsp\\\/wp-content\\\/uploads\\\/sites\\\/3\\\/2020\\\/11\\\/logo.jpg\",\"width\":400,\"height\":250,\"caption\":\"Litoral SP\"},\"image\":{\"@id\":\"https:\\\/\\\/redenoticiaz.com.br\\\/litoralsp\\\/#\\\/schema\\\/logo\\\/image\\\/\"}},{\"@type\":\"Person\",\"@id\":\"https:\\\/\\\/redenoticiaz.com.br\\\/litoralsp\\\/#\\\/schema\\\/person\\\/0f0b8a5bdafefe82841e07ae8d81ecb3\",\"name\":\"Leonardo Francisco\",\"image\":{\"@type\":\"ImageObject\",\"inLanguage\":\"pt-BR\",\"@id\":\"https:\\\/\\\/secure.gravatar.com\\\/avatar\\\/a7358cb406a99b682ec6df1e77e31ae82e63601f6784e8a3df411d72b37864da?s=96&d=mm&r=g\",\"url\":\"https:\\\/\\\/secure.gravatar.com\\\/avatar\\\/a7358cb406a99b682ec6df1e77e31ae82e63601f6784e8a3df411d72b37864da?s=96&d=mm&r=g\",\"contentUrl\":\"https:\\\/\\\/secure.gravatar.com\\\/avatar\\\/a7358cb406a99b682ec6df1e77e31ae82e63601f6784e8a3df411d72b37864da?s=96&d=mm&r=g\",\"caption\":\"Leonardo Francisco\"},\"url\":\"https:\\\/\\\/redenoticiaz.com.br\\\/litoralsp\\\/author\\\/leonardo-francisco\"}]}<\/script>\n<!-- \/ Yoast SEO plugin. -->","yoast_head_json":{"title":"Instala\u00e7\u00f5es de pisos e azulejos v\u00e3o contar com novidades - Litoral SP","description":"Enquanto um produto \u00e9\u00a0tend\u00eancia\u00a0mundial no setor da\u00a0constru\u00e7\u00e3o civil, o outro est\u00e1 revolucionando o processo de assentar pisos. O\u00a0Espa\u00e7ador","robots":{"index":"index","follow":"follow","max-snippet":"max-snippet:-1","max-image-preview":"max-image-preview:large","max-video-preview":"max-video-preview:-1"},"canonical":"https:\/\/redenoticiaz.com.br\/litoralsp\/2022\/03\/27\/instalacoes-de-pisos-e-azulejos-vao-contar-com-novidades","og_locale":"pt_BR","og_type":"article","og_title":"Instala\u00e7\u00f5es de pisos e azulejos v\u00e3o contar com novidades - Litoral SP","og_description":"Enquanto um produto \u00e9\u00a0tend\u00eancia\u00a0mundial no setor da\u00a0constru\u00e7\u00e3o civil, o outro est\u00e1 revolucionando o processo de assentar pisos. O\u00a0Espa\u00e7ador","og_url":"https:\/\/redenoticiaz.com.br\/litoralsp\/2022\/03\/27\/instalacoes-de-pisos-e-azulejos-vao-contar-com-novidades","og_site_name":"Litoral SP","article_published_time":"2022-03-27T11:00:50+00:00","author":"Leonardo Francisco","twitter_card":"summary_large_image","twitter_image":"https:\/\/redenoticiaz.com.br\/litoralsp\/wp-content\/uploads\/sites\/3\/2022\/03\/foto-015-2022-feicon.jpg?v=1647993579","twitter_misc":{"Escrito por":"Leonardo Francisco","Est. tempo de leitura":"3 minutos"},"schema":{"@context":"https:\/\/schema.org","@graph":[{"@type":"Article","@id":"https:\/\/redenoticiaz.com.br\/litoralsp\/2022\/03\/27\/instalacoes-de-pisos-e-azulejos-vao-contar-com-novidades#article","isPartOf":{"@id":"https:\/\/redenoticiaz.com.br\/litoralsp\/2022\/03\/27\/instalacoes-de-pisos-e-azulejos-vao-contar-com-novidades"},"author":{"name":"Leonardo Francisco","@id":"https:\/\/redenoticiaz.com.br\/litoralsp\/#\/schema\/person\/0f0b8a5bdafefe82841e07ae8d81ecb3"},"headline":"Instala\u00e7\u00f5es de pisos e azulejos v\u00e3o contar com novidades","datePublished":"2022-03-27T11:00:50+00:00","mainEntityOfPage":{"@id":"https:\/\/redenoticiaz.com.br\/litoralsp\/2022\/03\/27\/instalacoes-de-pisos-e-azulejos-vao-contar-com-novidades"},"wordCount":526,"commentCount":0,"publisher":{"@id":"https:\/\/redenoticiaz.com.br\/litoralsp\/#organization"},"image":{"@id":"https:\/\/redenoticiaz.com.br\/litoralsp\/2022\/03\/27\/instalacoes-de-pisos-e-azulejos-vao-contar-com-novidades#primaryimage"},"thumbnailUrl":"https:\/\/redenoticiaz.com.br\/litoralsp\/wp-content\/uploads\/sites\/3\/2022\/03\/foto-015-2022-feicon.jpg?v=1647993579","keywords":["FEICON","NIVELAMENTO T-LOCK","SANTA CATARINA","VENTOSA"],"articleSection":["Lar e Constru\u00e7\u00e3o"],"inLanguage":"pt-BR","potentialAction":[{"@type":"CommentAction","name":"Comment","target":["https:\/\/redenoticiaz.com.br\/litoralsp\/2022\/03\/27\/instalacoes-de-pisos-e-azulejos-vao-contar-com-novidades#respond"]}]},{"@type":"WebPage","@id":"https:\/\/redenoticiaz.com.br\/litoralsp\/2022\/03\/27\/instalacoes-de-pisos-e-azulejos-vao-contar-com-novidades","url":"https:\/\/redenoticiaz.com.br\/litoralsp\/2022\/03\/27\/instalacoes-de-pisos-e-azulejos-vao-contar-com-novidades","name":"Instala\u00e7\u00f5es de pisos e azulejos v\u00e3o contar com novidades - Litoral SP","isPartOf":{"@id":"https:\/\/redenoticiaz.com.br\/litoralsp\/#website"},"primaryImageOfPage":{"@id":"https:\/\/redenoticiaz.com.br\/litoralsp\/2022\/03\/27\/instalacoes-de-pisos-e-azulejos-vao-contar-com-novidades#primaryimage"},"image":{"@id":"https:\/\/redenoticiaz.com.br\/litoralsp\/2022\/03\/27\/instalacoes-de-pisos-e-azulejos-vao-contar-com-novidades#primaryimage"},"thumbnailUrl":"https:\/\/redenoticiaz.com.br\/litoralsp\/wp-content\/uploads\/sites\/3\/2022\/03\/foto-015-2022-feicon.jpg?v=1647993579","datePublished":"2022-03-27T11:00:50+00:00","description":"Enquanto um produto \u00e9\u00a0tend\u00eancia\u00a0mundial no setor da\u00a0constru\u00e7\u00e3o civil, o outro est\u00e1 revolucionando o processo de assentar pisos. O\u00a0Espa\u00e7ador","inLanguage":"pt-BR","potentialAction":[{"@type":"ReadAction","target":["https:\/\/redenoticiaz.com.br\/litoralsp\/2022\/03\/27\/instalacoes-de-pisos-e-azulejos-vao-contar-com-novidades"]}]},{"@type":"ImageObject","inLanguage":"pt-BR","@id":"https:\/\/redenoticiaz.com.br\/litoralsp\/2022\/03\/27\/instalacoes-de-pisos-e-azulejos-vao-contar-com-novidades#primaryimage","url":"https:\/\/redenoticiaz.com.br\/litoralsp\/wp-content\/uploads\/sites\/3\/2022\/03\/foto-015-2022-feicon.jpg?v=1647993579","contentUrl":"https:\/\/redenoticiaz.com.br\/litoralsp\/wp-content\/uploads\/sites\/3\/2022\/03\/foto-015-2022-feicon.jpg?v=1647993579","width":904,"height":613,"caption":"Cr\u00e9ditos: Divulga\u00e7\u00e3o."},{"@type":"WebSite","@id":"https:\/\/redenoticiaz.com.br\/litoralsp\/#website","url":"https:\/\/redenoticiaz.com.br\/litoralsp\/","name":"Litoral SP","description":"Rede NoticiaZ","publisher":{"@id":"https:\/\/redenoticiaz.com.br\/litoralsp\/#organization"},"potentialAction":[{"@type":"SearchAction","target":{"@type":"EntryPoint","urlTemplate":"https:\/\/redenoticiaz.com.br\/litoralsp\/?s={search_term_string}"},"query-input":{"@type":"PropertyValueSpecification","valueRequired":true,"valueName":"search_term_string"}}],"inLanguage":"pt-BR"},{"@type":"Organization","@id":"https:\/\/redenoticiaz.com.br\/litoralsp\/#organization","name":"Litoral SP","url":"https:\/\/redenoticiaz.com.br\/litoralsp\/","logo":{"@type":"ImageObject","inLanguage":"pt-BR","@id":"https:\/\/redenoticiaz.com.br\/litoralsp\/#\/schema\/logo\/image\/","url":"https:\/\/redenoticiaz.com.br\/litoralsp\/wp-content\/uploads\/sites\/3\/2020\/11\/logo.jpg","contentUrl":"https:\/\/redenoticiaz.com.br\/litoralsp\/wp-content\/uploads\/sites\/3\/2020\/11\/logo.jpg","width":400,"height":250,"caption":"Litoral SP"},"image":{"@id":"https:\/\/redenoticiaz.com.br\/litoralsp\/#\/schema\/logo\/image\/"}},{"@type":"Person","@id":"https:\/\/redenoticiaz.com.br\/litoralsp\/#\/schema\/person\/0f0b8a5bdafefe82841e07ae8d81ecb3","name":"Leonardo Francisco","image":{"@type":"ImageObject","inLanguage":"pt-BR","@id":"https:\/\/secure.gravatar.com\/avatar\/a7358cb406a99b682ec6df1e77e31ae82e63601f6784e8a3df411d72b37864da?s=96&d=mm&r=g","url":"https:\/\/secure.gravatar.com\/avatar\/a7358cb406a99b682ec6df1e77e31ae82e63601f6784e8a3df411d72b37864da?s=96&d=mm&r=g","contentUrl":"https:\/\/secure.gravatar.com\/avatar\/a7358cb406a99b682ec6df1e77e31ae82e63601f6784e8a3df411d72b37864da?s=96&d=mm&r=g","caption":"Leonardo Francisco"},"url":"https:\/\/redenoticiaz.com.br\/litoralsp\/author\/leonardo-francisco"}]}},"_links":{"self":[{"href":"https:\/\/redenoticiaz.com.br\/litoralsp\/wp-json\/wp\/v2\/posts\/25333","targetHints":{"allow":["GET"]}}],"collection":[{"href":"https:\/\/redenoticiaz.com.br\/litoralsp\/wp-json\/wp\/v2\/posts"}],"about":[{"href":"https:\/\/redenoticiaz.com.br\/litoralsp\/wp-json\/wp\/v2\/types\/post"}],"author":[{"embeddable":true,"href":"https:\/\/redenoticiaz.com.br\/litoralsp\/wp-json\/wp\/v2\/users\/6"}],"replies":[{"embeddable":true,"href":"https:\/\/redenoticiaz.com.br\/litoralsp\/wp-json\/wp\/v2\/comments?post=25333"}],"version-history":[{"count":1,"href":"https:\/\/redenoticiaz.com.br\/litoralsp\/wp-json\/wp\/v2\/posts\/25333\/revisions"}],"predecessor-version":[{"id":25337,"href":"https:\/\/redenoticiaz.com.br\/litoralsp\/wp-json\/wp\/v2\/posts\/25333\/revisions\/25337"}],"wp:featuredmedia":[{"embeddable":true,"href":"https:\/\/redenoticiaz.com.br\/litoralsp\/wp-json\/wp\/v2\/media\/25334"}],"wp:attachment":[{"href":"https:\/\/redenoticiaz.com.br\/litoralsp\/wp-json\/wp\/v2\/media?parent=25333"}],"wp:term":[{"taxonomy":"category","embeddable":true,"href":"https:\/\/redenoticiaz.com.br\/litoralsp\/wp-json\/wp\/v2\/categories?post=25333"},{"taxonomy":"post_tag","embeddable":true,"href":"https:\/\/redenoticiaz.com.br\/litoralsp\/wp-json\/wp\/v2\/tags?post=25333"}],"curies":[{"name":"wp","href":"https:\/\/api.w.org\/{rel}","templated":true}]}}