{"id":25441,"date":"2022-03-24T19:54:26","date_gmt":"2022-03-24T22:54:26","guid":{"rendered":"https:\/\/redenoticiaz.com.br\/litoralsp\/?p=25441"},"modified":"2022-03-24T19:54:26","modified_gmt":"2022-03-24T22:54:26","slug":"cetesb-afirma-que-objeto-inflamavel-provocou-incendio-com-explosao-em-praia-grande","status":"publish","type":"post","link":"https:\/\/redenoticiaz.com.br\/litoralsp\/2022\/03\/24\/cetesb-afirma-que-objeto-inflamavel-provocou-incendio-com-explosao-em-praia-grande","title":{"rendered":"Cetesb afirma que objeto inflam\u00e1vel provocou inc\u00eandio com explos\u00e3o em Praia Grande"},"content":{"rendered":"<p>A causa do inc\u00eandio acompanhado de explos\u00e3o em uma avenida pr\u00f3xima a um posto de combust\u00edveis de <a href=\"https:\/\/www.praiagrande.sp.gov.br\/\">Praia Grande<\/a> teria sido um <strong>objeto inflam\u00e1vel<\/strong> jogado no bueiro. A afirma\u00e7\u00e3o foi dada pela Companhia Ambiental do Estado de S\u00e3o Paulo (Cetesb).<\/p>\n<p>De acordo com a companhia, t\u00e9cnicos acessaram as imagens de c\u00e2meras de seguran\u00e7a pr\u00f3ximos do local e perceberam que uma caixa de drenagem localizada de frente ao posto de combust\u00edveis, recebeu a contribui\u00e7\u00e3o de gasolina do sistema de esgotamento sanit\u00e1rio. Por isso, a caixa lan\u00e7ou efluentes para a guia e sarjeta. Assim, o inc\u00eandio aconteceu e atingiu cinco carros. Em seguida a explos\u00e3o tamb\u00e9m surgiu.<\/p>\n<p>Ainda de acordo com os t\u00e9cnicos da Cetesb, o inc\u00eandio ocorreu em um ponto mais distante do posto de combust\u00edveis. O objeto inflam\u00e1vel foi jogado no bueiro e ele explodiu. Agora a investiga\u00e7\u00e3o \u00e9 para encontrar os respons\u00e1veis pelos ponto e eles ser\u00e3o autuados.<\/p>\n<h3>Respostas<\/h3>\n<p>A Secretaria de Seguran\u00e7a P\u00fablica de S\u00e3o Paulo (SSP-SP) disse, em nota, que as investiga\u00e7\u00f5es est\u00e3o em andamento. O caso foi registrado como inc\u00eandio culposo na Central de Pol\u00edcia Judici\u00e1ria (CPJ) de Praia Grande.<\/p>\n<div class=\"mc-column content-text active-extra-styles \" data-block-type=\"unstyled\" data-block-weight=\"78\" data-block-id=\"11\">\n<p class=\"content-text__container \" data-track-category=\"Link no Texto\" data-track-links=\"\">A Ag\u00eancia Nacional do Petr\u00f3leo, G\u00e1s Natural e Biocombust\u00edveis (ANP), em nota, disse que foi acionada na quarta-feira, e que um agente de fiscaliza\u00e7\u00e3o foi deslocado para auxiliar as autoridades locais. Na a\u00e7\u00e3o, foram coletadas amostras de combust\u00edveis dos tanques do posto, e os testes locais indicaram que o revendedor, al\u00e9m dos problemas de seguran\u00e7a que deram causa ao acidente, tamb\u00e9m estava armazenando e comercializando gasolina comum fora das especifica\u00e7\u00f5es (61% de etanol, quando o correto \u00e9 27%).<\/p>\n<\/div>\n<div class=\"mc-column content-text active-extra-styles \" data-block-type=\"unstyled\" data-block-weight=\"24\" data-block-id=\"12\">\n<p class=\"content-text__container \" data-track-category=\"Link no Texto\" data-track-links=\"\">O etanol hidratado comum tamb\u00e9m estava fora de especifica\u00e7\u00f5es nos aspectos teor alco\u00f3lico e massa espec\u00edficas. Amostras adicionais foram coletadas para an\u00e1lise laboratorial detalhada.<\/p>\n<div class=\"mc-column content-text active-extra-styles \" data-block-type=\"unstyled\" data-block-weight=\"45\" data-block-id=\"14\">\n<p class=\"content-text__container \" data-track-category=\"Link no Texto\" data-track-links=\"\">Por essa raz\u00e3o, a ANP autuou e interditou o posto, devido \u00e0 falta de seguran\u00e7a nas instala\u00e7\u00f5es e por armazenar e comercializar combust\u00edveis fora das especifica\u00e7\u00f5es. A desinterdi\u00e7\u00e3o ser\u00e1 efetuada ap\u00f3s o estabelecimento provar a solu\u00e7\u00e3o dos problemas de seguran\u00e7a e qualidade dos combust\u00edveis.<\/p>\n<\/div>\n<div class=\"mc-column content-text active-extra-styles \" data-block-type=\"unstyled\" data-block-weight=\"34\" data-block-id=\"15\">\n<p class=\"content-text__container \" data-track-category=\"Link no Texto\" data-track-links=\"\">Paralelamente \u00e0 a\u00e7\u00e3o de fiscaliza\u00e7\u00e3o, o s\u00f3cio administrador do posto foi contatado para que tomasse as provid\u00eancias com rela\u00e7\u00e3o ao produto remanescente, de forma a minimizar os riscos a pessoas, meio ambiente e patrim\u00f4nio.<\/p>\n<\/div>\n<\/div>\n<p><strong>LEIA TAMB\u00c9M<\/strong><\/p>\n<p><a href=\"https:\/\/redenoticiaz.com.br\/litoralsp\/2022\/03\/23\/video-combustivel-de-carro-vaza-e-provoca-explosoes-em-rua-do-litoral\">V\u00cdDEO \u2013 Combust\u00edvel de carro vaza e provoca explos\u00f5es em avenida do Litoral<\/a><\/p>\n","protected":false},"excerpt":{"rendered":"<p>A causa do inc\u00eandio acompanhado de explos\u00e3o em uma avenida pr\u00f3xima a um posto de combust\u00edveis de Praia Grande teria sido um objeto inflam\u00e1vel jogado no bueiro. A afirma\u00e7\u00e3o foi dada pela Companhia Ambiental do Estado de S\u00e3o Paulo (Cetesb). De acordo com a companhia, t\u00e9cnicos acessaram as imagens de c\u00e2meras de seguran\u00e7a pr\u00f3ximos do &hellip;<\/p>\n","protected":false},"author":6,"featured_media":25442,"comment_status":"open","ping_status":"closed","sticky":false,"template":"","format":"standard","meta":{"footnotes":""},"categories":[1487,182],"tags":[52629,8783,6440,4039,12263,11369,1101],"class_list":["post-25441","post","type-post","status-publish","format-standard","has-post-thumbnail","hentry","category-meio-ambiente","category-praia-grande","tag-causas-do-incendio","tag-cetesb","tag-explosao","tag-incendio","tag-meio-ambiente","tag-posto-de-combustiveis","tag-praia-grande"],"yoast_head":"<!-- This site is optimized with the Yoast SEO plugin v27.5 - https:\/\/yoast.com\/product\/yoast-seo-wordpress\/ -->\n<title>Cetesb afirma que objeto inflam\u00e1vel provocou inc\u00eandio com explos\u00e3o em Praia Grande - Litoral SP<\/title>\n<meta name=\"description\" content=\"acompanhado de explos\u00e3o em uma avenida pr\u00f3xima a um posto de combust\u00edveis de Praia Grande teria sido um objeto inflam\u00e1vel jogado\" \/>\n<meta name=\"robots\" content=\"index, follow, max-snippet:-1, max-image-preview:large, max-video-preview:-1\" \/>\n<link rel=\"canonical\" href=\"https:\/\/redenoticiaz.com.br\/litoralsp\/2022\/03\/24\/cetesb-afirma-que-objeto-inflamavel-provocou-incendio-com-explosao-em-praia-grande\" \/>\n<meta property=\"og:locale\" content=\"pt_BR\" \/>\n<meta property=\"og:type\" content=\"article\" \/>\n<meta property=\"og:title\" content=\"Cetesb afirma que objeto inflam\u00e1vel provocou inc\u00eandio com explos\u00e3o em Praia Grande - Litoral SP\" \/>\n<meta property=\"og:description\" content=\"acompanhado de explos\u00e3o em uma avenida pr\u00f3xima a um posto de combust\u00edveis de Praia Grande teria sido um objeto inflam\u00e1vel jogado\" \/>\n<meta property=\"og:url\" content=\"https:\/\/redenoticiaz.com.br\/litoralsp\/2022\/03\/24\/cetesb-afirma-que-objeto-inflamavel-provocou-incendio-com-explosao-em-praia-grande\" \/>\n<meta property=\"og:site_name\" content=\"Litoral SP\" \/>\n<meta property=\"article:published_time\" content=\"2022-03-24T22:54:26+00:00\" \/>\n<meta property=\"og:image\" content=\"https:\/\/redenoticiaz.com.br\/litoralsp\/wp-content\/uploads\/sites\/3\/2022\/03\/incendio-praia-grande.jpg\" \/>\n\t<meta property=\"og:image:width\" content=\"984\" \/>\n\t<meta property=\"og:image:height\" content=\"492\" \/>\n\t<meta property=\"og:image:type\" content=\"image\/jpeg\" \/>\n<meta name=\"author\" content=\"Leonardo Francisco\" \/>\n<meta name=\"twitter:card\" content=\"summary_large_image\" \/>\n<meta name=\"twitter:label1\" content=\"Escrito por\" \/>\n\t<meta name=\"twitter:data1\" content=\"Leonardo Francisco\" \/>\n\t<meta name=\"twitter:label2\" content=\"Est. tempo de leitura\" \/>\n\t<meta name=\"twitter:data2\" content=\"2 minutos\" \/>\n<script type=\"application\/ld+json\" class=\"yoast-schema-graph\">{\"@context\":\"https:\\\/\\\/schema.org\",\"@graph\":[{\"@type\":\"Article\",\"@id\":\"https:\\\/\\\/redenoticiaz.com.br\\\/litoralsp\\\/2022\\\/03\\\/24\\\/cetesb-afirma-que-objeto-inflamavel-provocou-incendio-com-explosao-em-praia-grande#article\",\"isPartOf\":{\"@id\":\"https:\\\/\\\/redenoticiaz.com.br\\\/litoralsp\\\/2022\\\/03\\\/24\\\/cetesb-afirma-que-objeto-inflamavel-provocou-incendio-com-explosao-em-praia-grande\"},\"author\":{\"name\":\"Leonardo Francisco\",\"@id\":\"https:\\\/\\\/redenoticiaz.com.br\\\/litoralsp\\\/#\\\/schema\\\/person\\\/0f0b8a5bdafefe82841e07ae8d81ecb3\"},\"headline\":\"Cetesb afirma que objeto inflam\u00e1vel provocou inc\u00eandio com explos\u00e3o em Praia Grande\",\"datePublished\":\"2022-03-24T22:54:26+00:00\",\"mainEntityOfPage\":{\"@id\":\"https:\\\/\\\/redenoticiaz.com.br\\\/litoralsp\\\/2022\\\/03\\\/24\\\/cetesb-afirma-que-objeto-inflamavel-provocou-incendio-com-explosao-em-praia-grande\"},\"wordCount\":456,\"commentCount\":0,\"publisher\":{\"@id\":\"https:\\\/\\\/redenoticiaz.com.br\\\/litoralsp\\\/#organization\"},\"image\":{\"@id\":\"https:\\\/\\\/redenoticiaz.com.br\\\/litoralsp\\\/2022\\\/03\\\/24\\\/cetesb-afirma-que-objeto-inflamavel-provocou-incendio-com-explosao-em-praia-grande#primaryimage\"},\"thumbnailUrl\":\"https:\\\/\\\/redenoticiaz.com.br\\\/litoralsp\\\/wp-content\\\/uploads\\\/sites\\\/3\\\/2022\\\/03\\\/incendio-praia-grande.jpg\",\"keywords\":[\"CAUSAS DO INC\u00caNDIO\",\"CETESB\",\"EXPLOS\u00c3O\",\"inc\u00eandio\",\"MEIO AMBIENTE\",\"POSTO DE COMBUST\u00cdVEIS\",\"PRAIA GRANDE\"],\"articleSection\":[\"Meio Ambiente\",\"Praia Grande\"],\"inLanguage\":\"pt-BR\",\"potentialAction\":[{\"@type\":\"CommentAction\",\"name\":\"Comment\",\"target\":[\"https:\\\/\\\/redenoticiaz.com.br\\\/litoralsp\\\/2022\\\/03\\\/24\\\/cetesb-afirma-que-objeto-inflamavel-provocou-incendio-com-explosao-em-praia-grande#respond\"]}]},{\"@type\":\"WebPage\",\"@id\":\"https:\\\/\\\/redenoticiaz.com.br\\\/litoralsp\\\/2022\\\/03\\\/24\\\/cetesb-afirma-que-objeto-inflamavel-provocou-incendio-com-explosao-em-praia-grande\",\"url\":\"https:\\\/\\\/redenoticiaz.com.br\\\/litoralsp\\\/2022\\\/03\\\/24\\\/cetesb-afirma-que-objeto-inflamavel-provocou-incendio-com-explosao-em-praia-grande\",\"name\":\"Cetesb afirma que objeto inflam\u00e1vel provocou inc\u00eandio com explos\u00e3o em Praia Grande - Litoral SP\",\"isPartOf\":{\"@id\":\"https:\\\/\\\/redenoticiaz.com.br\\\/litoralsp\\\/#website\"},\"primaryImageOfPage\":{\"@id\":\"https:\\\/\\\/redenoticiaz.com.br\\\/litoralsp\\\/2022\\\/03\\\/24\\\/cetesb-afirma-que-objeto-inflamavel-provocou-incendio-com-explosao-em-praia-grande#primaryimage\"},\"image\":{\"@id\":\"https:\\\/\\\/redenoticiaz.com.br\\\/litoralsp\\\/2022\\\/03\\\/24\\\/cetesb-afirma-que-objeto-inflamavel-provocou-incendio-com-explosao-em-praia-grande#primaryimage\"},\"thumbnailUrl\":\"https:\\\/\\\/redenoticiaz.com.br\\\/litoralsp\\\/wp-content\\\/uploads\\\/sites\\\/3\\\/2022\\\/03\\\/incendio-praia-grande.jpg\",\"datePublished\":\"2022-03-24T22:54:26+00:00\",\"description\":\"acompanhado de explos\u00e3o em uma avenida pr\u00f3xima a um posto de combust\u00edveis de Praia Grande teria sido um objeto inflam\u00e1vel jogado\",\"inLanguage\":\"pt-BR\",\"potentialAction\":[{\"@type\":\"ReadAction\",\"target\":[\"https:\\\/\\\/redenoticiaz.com.br\\\/litoralsp\\\/2022\\\/03\\\/24\\\/cetesb-afirma-que-objeto-inflamavel-provocou-incendio-com-explosao-em-praia-grande\"]}]},{\"@type\":\"ImageObject\",\"inLanguage\":\"pt-BR\",\"@id\":\"https:\\\/\\\/redenoticiaz.com.br\\\/litoralsp\\\/2022\\\/03\\\/24\\\/cetesb-afirma-que-objeto-inflamavel-provocou-incendio-com-explosao-em-praia-grande#primaryimage\",\"url\":\"https:\\\/\\\/redenoticiaz.com.br\\\/litoralsp\\\/wp-content\\\/uploads\\\/sites\\\/3\\\/2022\\\/03\\\/incendio-praia-grande.jpg\",\"contentUrl\":\"https:\\\/\\\/redenoticiaz.com.br\\\/litoralsp\\\/wp-content\\\/uploads\\\/sites\\\/3\\\/2022\\\/03\\\/incendio-praia-grande.jpg\",\"width\":984,\"height\":492,\"caption\":\"Cr\u00e9ditos: Reprodu\u00e7\u00e3o\\\/Praia Grande Mil Grau\"},{\"@type\":\"WebSite\",\"@id\":\"https:\\\/\\\/redenoticiaz.com.br\\\/litoralsp\\\/#website\",\"url\":\"https:\\\/\\\/redenoticiaz.com.br\\\/litoralsp\\\/\",\"name\":\"Litoral SP\",\"description\":\"Rede NoticiaZ\",\"publisher\":{\"@id\":\"https:\\\/\\\/redenoticiaz.com.br\\\/litoralsp\\\/#organization\"},\"potentialAction\":[{\"@type\":\"SearchAction\",\"target\":{\"@type\":\"EntryPoint\",\"urlTemplate\":\"https:\\\/\\\/redenoticiaz.com.br\\\/litoralsp\\\/?s={search_term_string}\"},\"query-input\":{\"@type\":\"PropertyValueSpecification\",\"valueRequired\":true,\"valueName\":\"search_term_string\"}}],\"inLanguage\":\"pt-BR\"},{\"@type\":\"Organization\",\"@id\":\"https:\\\/\\\/redenoticiaz.com.br\\\/litoralsp\\\/#organization\",\"name\":\"Litoral SP\",\"url\":\"https:\\\/\\\/redenoticiaz.com.br\\\/litoralsp\\\/\",\"logo\":{\"@type\":\"ImageObject\",\"inLanguage\":\"pt-BR\",\"@id\":\"https:\\\/\\\/redenoticiaz.com.br\\\/litoralsp\\\/#\\\/schema\\\/logo\\\/image\\\/\",\"url\":\"https:\\\/\\\/redenoticiaz.com.br\\\/litoralsp\\\/wp-content\\\/uploads\\\/sites\\\/3\\\/2020\\\/11\\\/logo.jpg\",\"contentUrl\":\"https:\\\/\\\/redenoticiaz.com.br\\\/litoralsp\\\/wp-content\\\/uploads\\\/sites\\\/3\\\/2020\\\/11\\\/logo.jpg\",\"width\":400,\"height\":250,\"caption\":\"Litoral SP\"},\"image\":{\"@id\":\"https:\\\/\\\/redenoticiaz.com.br\\\/litoralsp\\\/#\\\/schema\\\/logo\\\/image\\\/\"}},{\"@type\":\"Person\",\"@id\":\"https:\\\/\\\/redenoticiaz.com.br\\\/litoralsp\\\/#\\\/schema\\\/person\\\/0f0b8a5bdafefe82841e07ae8d81ecb3\",\"name\":\"Leonardo Francisco\",\"image\":{\"@type\":\"ImageObject\",\"inLanguage\":\"pt-BR\",\"@id\":\"https:\\\/\\\/secure.gravatar.com\\\/avatar\\\/a7358cb406a99b682ec6df1e77e31ae82e63601f6784e8a3df411d72b37864da?s=96&d=mm&r=g\",\"url\":\"https:\\\/\\\/secure.gravatar.com\\\/avatar\\\/a7358cb406a99b682ec6df1e77e31ae82e63601f6784e8a3df411d72b37864da?s=96&d=mm&r=g\",\"contentUrl\":\"https:\\\/\\\/secure.gravatar.com\\\/avatar\\\/a7358cb406a99b682ec6df1e77e31ae82e63601f6784e8a3df411d72b37864da?s=96&d=mm&r=g\",\"caption\":\"Leonardo Francisco\"},\"url\":\"https:\\\/\\\/redenoticiaz.com.br\\\/litoralsp\\\/author\\\/leonardo-francisco\"}]}<\/script>\n<!-- \/ Yoast SEO plugin. -->","yoast_head_json":{"title":"Cetesb afirma que objeto inflam\u00e1vel provocou inc\u00eandio com explos\u00e3o em Praia Grande - Litoral SP","description":"acompanhado de explos\u00e3o em uma avenida pr\u00f3xima a um posto de combust\u00edveis de Praia Grande teria sido um objeto inflam\u00e1vel jogado","robots":{"index":"index","follow":"follow","max-snippet":"max-snippet:-1","max-image-preview":"max-image-preview:large","max-video-preview":"max-video-preview:-1"},"canonical":"https:\/\/redenoticiaz.com.br\/litoralsp\/2022\/03\/24\/cetesb-afirma-que-objeto-inflamavel-provocou-incendio-com-explosao-em-praia-grande","og_locale":"pt_BR","og_type":"article","og_title":"Cetesb afirma que objeto inflam\u00e1vel provocou inc\u00eandio com explos\u00e3o em Praia Grande - Litoral SP","og_description":"acompanhado de explos\u00e3o em uma avenida pr\u00f3xima a um posto de combust\u00edveis de Praia Grande teria sido um objeto inflam\u00e1vel jogado","og_url":"https:\/\/redenoticiaz.com.br\/litoralsp\/2022\/03\/24\/cetesb-afirma-que-objeto-inflamavel-provocou-incendio-com-explosao-em-praia-grande","og_site_name":"Litoral SP","article_published_time":"2022-03-24T22:54:26+00:00","og_image":[{"width":984,"height":492,"url":"https:\/\/redenoticiaz.com.br\/litoralsp\/wp-content\/uploads\/sites\/3\/2022\/03\/incendio-praia-grande.jpg","type":"image\/jpeg"}],"author":"Leonardo Francisco","twitter_card":"summary_large_image","twitter_misc":{"Escrito por":"Leonardo Francisco","Est. tempo de leitura":"2 minutos"},"schema":{"@context":"https:\/\/schema.org","@graph":[{"@type":"Article","@id":"https:\/\/redenoticiaz.com.br\/litoralsp\/2022\/03\/24\/cetesb-afirma-que-objeto-inflamavel-provocou-incendio-com-explosao-em-praia-grande#article","isPartOf":{"@id":"https:\/\/redenoticiaz.com.br\/litoralsp\/2022\/03\/24\/cetesb-afirma-que-objeto-inflamavel-provocou-incendio-com-explosao-em-praia-grande"},"author":{"name":"Leonardo Francisco","@id":"https:\/\/redenoticiaz.com.br\/litoralsp\/#\/schema\/person\/0f0b8a5bdafefe82841e07ae8d81ecb3"},"headline":"Cetesb afirma que objeto inflam\u00e1vel provocou inc\u00eandio com explos\u00e3o em Praia Grande","datePublished":"2022-03-24T22:54:26+00:00","mainEntityOfPage":{"@id":"https:\/\/redenoticiaz.com.br\/litoralsp\/2022\/03\/24\/cetesb-afirma-que-objeto-inflamavel-provocou-incendio-com-explosao-em-praia-grande"},"wordCount":456,"commentCount":0,"publisher":{"@id":"https:\/\/redenoticiaz.com.br\/litoralsp\/#organization"},"image":{"@id":"https:\/\/redenoticiaz.com.br\/litoralsp\/2022\/03\/24\/cetesb-afirma-que-objeto-inflamavel-provocou-incendio-com-explosao-em-praia-grande#primaryimage"},"thumbnailUrl":"https:\/\/redenoticiaz.com.br\/litoralsp\/wp-content\/uploads\/sites\/3\/2022\/03\/incendio-praia-grande.jpg","keywords":["CAUSAS DO INC\u00caNDIO","CETESB","EXPLOS\u00c3O","inc\u00eandio","MEIO AMBIENTE","POSTO DE COMBUST\u00cdVEIS","PRAIA GRANDE"],"articleSection":["Meio Ambiente","Praia Grande"],"inLanguage":"pt-BR","potentialAction":[{"@type":"CommentAction","name":"Comment","target":["https:\/\/redenoticiaz.com.br\/litoralsp\/2022\/03\/24\/cetesb-afirma-que-objeto-inflamavel-provocou-incendio-com-explosao-em-praia-grande#respond"]}]},{"@type":"WebPage","@id":"https:\/\/redenoticiaz.com.br\/litoralsp\/2022\/03\/24\/cetesb-afirma-que-objeto-inflamavel-provocou-incendio-com-explosao-em-praia-grande","url":"https:\/\/redenoticiaz.com.br\/litoralsp\/2022\/03\/24\/cetesb-afirma-que-objeto-inflamavel-provocou-incendio-com-explosao-em-praia-grande","name":"Cetesb afirma que objeto inflam\u00e1vel provocou inc\u00eandio com explos\u00e3o em Praia Grande - Litoral SP","isPartOf":{"@id":"https:\/\/redenoticiaz.com.br\/litoralsp\/#website"},"primaryImageOfPage":{"@id":"https:\/\/redenoticiaz.com.br\/litoralsp\/2022\/03\/24\/cetesb-afirma-que-objeto-inflamavel-provocou-incendio-com-explosao-em-praia-grande#primaryimage"},"image":{"@id":"https:\/\/redenoticiaz.com.br\/litoralsp\/2022\/03\/24\/cetesb-afirma-que-objeto-inflamavel-provocou-incendio-com-explosao-em-praia-grande#primaryimage"},"thumbnailUrl":"https:\/\/redenoticiaz.com.br\/litoralsp\/wp-content\/uploads\/sites\/3\/2022\/03\/incendio-praia-grande.jpg","datePublished":"2022-03-24T22:54:26+00:00","description":"acompanhado de explos\u00e3o em uma avenida pr\u00f3xima a um posto de combust\u00edveis de Praia Grande teria sido um objeto inflam\u00e1vel jogado","inLanguage":"pt-BR","potentialAction":[{"@type":"ReadAction","target":["https:\/\/redenoticiaz.com.br\/litoralsp\/2022\/03\/24\/cetesb-afirma-que-objeto-inflamavel-provocou-incendio-com-explosao-em-praia-grande"]}]},{"@type":"ImageObject","inLanguage":"pt-BR","@id":"https:\/\/redenoticiaz.com.br\/litoralsp\/2022\/03\/24\/cetesb-afirma-que-objeto-inflamavel-provocou-incendio-com-explosao-em-praia-grande#primaryimage","url":"https:\/\/redenoticiaz.com.br\/litoralsp\/wp-content\/uploads\/sites\/3\/2022\/03\/incendio-praia-grande.jpg","contentUrl":"https:\/\/redenoticiaz.com.br\/litoralsp\/wp-content\/uploads\/sites\/3\/2022\/03\/incendio-praia-grande.jpg","width":984,"height":492,"caption":"Cr\u00e9ditos: Reprodu\u00e7\u00e3o\/Praia Grande Mil Grau"},{"@type":"WebSite","@id":"https:\/\/redenoticiaz.com.br\/litoralsp\/#website","url":"https:\/\/redenoticiaz.com.br\/litoralsp\/","name":"Litoral SP","description":"Rede NoticiaZ","publisher":{"@id":"https:\/\/redenoticiaz.com.br\/litoralsp\/#organization"},"potentialAction":[{"@type":"SearchAction","target":{"@type":"EntryPoint","urlTemplate":"https:\/\/redenoticiaz.com.br\/litoralsp\/?s={search_term_string}"},"query-input":{"@type":"PropertyValueSpecification","valueRequired":true,"valueName":"search_term_string"}}],"inLanguage":"pt-BR"},{"@type":"Organization","@id":"https:\/\/redenoticiaz.com.br\/litoralsp\/#organization","name":"Litoral SP","url":"https:\/\/redenoticiaz.com.br\/litoralsp\/","logo":{"@type":"ImageObject","inLanguage":"pt-BR","@id":"https:\/\/redenoticiaz.com.br\/litoralsp\/#\/schema\/logo\/image\/","url":"https:\/\/redenoticiaz.com.br\/litoralsp\/wp-content\/uploads\/sites\/3\/2020\/11\/logo.jpg","contentUrl":"https:\/\/redenoticiaz.com.br\/litoralsp\/wp-content\/uploads\/sites\/3\/2020\/11\/logo.jpg","width":400,"height":250,"caption":"Litoral SP"},"image":{"@id":"https:\/\/redenoticiaz.com.br\/litoralsp\/#\/schema\/logo\/image\/"}},{"@type":"Person","@id":"https:\/\/redenoticiaz.com.br\/litoralsp\/#\/schema\/person\/0f0b8a5bdafefe82841e07ae8d81ecb3","name":"Leonardo Francisco","image":{"@type":"ImageObject","inLanguage":"pt-BR","@id":"https:\/\/secure.gravatar.com\/avatar\/a7358cb406a99b682ec6df1e77e31ae82e63601f6784e8a3df411d72b37864da?s=96&d=mm&r=g","url":"https:\/\/secure.gravatar.com\/avatar\/a7358cb406a99b682ec6df1e77e31ae82e63601f6784e8a3df411d72b37864da?s=96&d=mm&r=g","contentUrl":"https:\/\/secure.gravatar.com\/avatar\/a7358cb406a99b682ec6df1e77e31ae82e63601f6784e8a3df411d72b37864da?s=96&d=mm&r=g","caption":"Leonardo Francisco"},"url":"https:\/\/redenoticiaz.com.br\/litoralsp\/author\/leonardo-francisco"}]}},"_links":{"self":[{"href":"https:\/\/redenoticiaz.com.br\/litoralsp\/wp-json\/wp\/v2\/posts\/25441","targetHints":{"allow":["GET"]}}],"collection":[{"href":"https:\/\/redenoticiaz.com.br\/litoralsp\/wp-json\/wp\/v2\/posts"}],"about":[{"href":"https:\/\/redenoticiaz.com.br\/litoralsp\/wp-json\/wp\/v2\/types\/post"}],"author":[{"embeddable":true,"href":"https:\/\/redenoticiaz.com.br\/litoralsp\/wp-json\/wp\/v2\/users\/6"}],"replies":[{"embeddable":true,"href":"https:\/\/redenoticiaz.com.br\/litoralsp\/wp-json\/wp\/v2\/comments?post=25441"}],"version-history":[{"count":1,"href":"https:\/\/redenoticiaz.com.br\/litoralsp\/wp-json\/wp\/v2\/posts\/25441\/revisions"}],"predecessor-version":[{"id":25443,"href":"https:\/\/redenoticiaz.com.br\/litoralsp\/wp-json\/wp\/v2\/posts\/25441\/revisions\/25443"}],"wp:featuredmedia":[{"embeddable":true,"href":"https:\/\/redenoticiaz.com.br\/litoralsp\/wp-json\/wp\/v2\/media\/25442"}],"wp:attachment":[{"href":"https:\/\/redenoticiaz.com.br\/litoralsp\/wp-json\/wp\/v2\/media?parent=25441"}],"wp:term":[{"taxonomy":"category","embeddable":true,"href":"https:\/\/redenoticiaz.com.br\/litoralsp\/wp-json\/wp\/v2\/categories?post=25441"},{"taxonomy":"post_tag","embeddable":true,"href":"https:\/\/redenoticiaz.com.br\/litoralsp\/wp-json\/wp\/v2\/tags?post=25441"}],"curies":[{"name":"wp","href":"https:\/\/api.w.org\/{rel}","templated":true}]}}