{"id":25522,"date":"2022-03-25T20:18:58","date_gmt":"2022-03-25T23:18:58","guid":{"rendered":"https:\/\/redenoticiaz.com.br\/litoralsp\/?p=25522"},"modified":"2022-03-25T20:18:58","modified_gmt":"2022-03-25T23:18:58","slug":"carretas-batem-e-provocam-congestioinamento-na-anchieta","status":"publish","type":"post","link":"https:\/\/redenoticiaz.com.br\/litoralsp\/2022\/03\/25\/carretas-batem-e-provocam-congestioinamento-na-anchieta","title":{"rendered":"Carretas batem e provocam congestioinamento na Anchieta"},"content":{"rendered":"<p>Duas <strong>carretas se envolveram em um acidente<\/strong> na pista de descida da Rodovia Anchieta, em <a href=\"https:\/\/www.cubatao.sp.gov.br\/\">Cubat\u00e3o<\/a>, nesta sexta-feira (25). De acordo com informa\u00e7\u00f5es da Ag\u00eancia de Transporte do Estado de S\u00e3o Paulo (Artesp), o acidente aconteceu na altura do Km 51, mas felizmente ningu\u00e9m se feriu.<\/p>\n<p>O \u00f3rg\u00e3o informa que o acidente aconteceu \u00e0s 14h, quando uma carreta bateu na traseira de uma outra e duas faixas dicaram interditadas. Por isso, quem seguiu rumo \u00e0 Baixada Santista, enfrentou dificuldades. O tr\u00e2nsito ficou totalmente parado, acumulando carros, \u00f4nibus e caminh\u00f5es por cerca de duas horas, at\u00e9 que, \u00e0s 16h, a pista foi liberada.<\/p>\n<p>Uma equipe em ambul\u00e2ncia foi acionada para ajudar no local do acidente. Segundo o Centro de Controle de Informa\u00e7\u00f5es (CCI) da Artesp, n\u00e3o houve v\u00edtimas. Uma equipe da Ecovias, concession\u00e1ria que administra o Sistema Anchieta-Imigrantes (SAI), tamb\u00e9m auxiliou na ocorr\u00eancia.<\/p>\n<p><strong>LEIA TAMB\u00c9M<\/strong><\/p>\n<p><a href=\"https:\/\/redenoticiaz.com.br\/litoralsp\/2022\/03\/24\/carrinhos-de-supermercados-poderao-contar-com-sistema-antifurto\">Carrinhos de supermercados poder\u00e3o contar com sistema antifurto<\/a><\/p>\n","protected":false},"excerpt":{"rendered":"<p>Duas carretas se envolveram em um acidente na pista de descida da Rodovia Anchieta, em Cubat\u00e3o, nesta sexta-feira (25). De acordo com informa\u00e7\u00f5es da Ag\u00eancia de Transporte do Estado de S\u00e3o Paulo (Artesp), o acidente aconteceu na altura do Km 51, mas felizmente ningu\u00e9m se feriu. O \u00f3rg\u00e3o informa que o acidente aconteceu \u00e0s 14h, &hellip;<\/p>\n","protected":false},"author":6,"featured_media":25523,"comment_status":"open","ping_status":"closed","sticky":false,"template":"","format":"standard","meta":{"footnotes":""},"categories":[186,5],"tags":[7,22151,20375,9872,1024,1607],"class_list":["post-25522","post","type-post","status-publish","format-standard","has-post-thumbnail","hentry","category-cubatao","category-transito","tag-acidente","tag-artesp","tag-carretas","tag-congestionamento","tag-cubatao","tag-rodovia-anchieta"],"yoast_head":"<!-- This site is optimized with the Yoast SEO plugin v27.5 - https:\/\/yoast.com\/product\/yoast-seo-wordpress\/ -->\n<title>Carretas batem e provocam congestioinamento na Anchieta - Litoral SP<\/title>\n<meta name=\"description\" content=\"Duas carretas se envolveram em um acidente na pista de descida da Rodovia Anchieta, em Cubat\u00e3o, nesta sexta-feira (25). De acordo\" \/>\n<meta name=\"robots\" content=\"index, follow, max-snippet:-1, max-image-preview:large, max-video-preview:-1\" \/>\n<link rel=\"canonical\" href=\"https:\/\/redenoticiaz.com.br\/litoralsp\/2022\/03\/25\/carretas-batem-e-provocam-congestioinamento-na-anchieta\" \/>\n<meta property=\"og:locale\" content=\"pt_BR\" \/>\n<meta property=\"og:type\" content=\"article\" \/>\n<meta property=\"og:title\" content=\"Carretas batem e provocam congestioinamento na Anchieta - Litoral SP\" \/>\n<meta property=\"og:description\" content=\"Duas carretas se envolveram em um acidente na pista de descida da Rodovia Anchieta, em Cubat\u00e3o, nesta sexta-feira (25). De acordo\" \/>\n<meta property=\"og:url\" content=\"https:\/\/redenoticiaz.com.br\/litoralsp\/2022\/03\/25\/carretas-batem-e-provocam-congestioinamento-na-anchieta\" \/>\n<meta property=\"og:site_name\" content=\"Litoral SP\" \/>\n<meta property=\"article:published_time\" content=\"2022-03-25T23:18:58+00:00\" \/>\n<meta property=\"og:image\" content=\"https:\/\/redenoticiaz.com.br\/litoralsp\/wp-content\/uploads\/sites\/3\/2022\/03\/acidente-cubatao.jpeg\" \/>\n\t<meta property=\"og:image:width\" content=\"984\" \/>\n\t<meta property=\"og:image:height\" content=\"544\" \/>\n\t<meta property=\"og:image:type\" content=\"image\/jpeg\" \/>\n<meta name=\"author\" content=\"Leonardo Francisco\" \/>\n<meta name=\"twitter:card\" content=\"summary_large_image\" \/>\n<meta name=\"twitter:label1\" content=\"Escrito por\" \/>\n\t<meta name=\"twitter:data1\" content=\"Leonardo Francisco\" \/>\n\t<meta name=\"twitter:label2\" content=\"Est. tempo de leitura\" \/>\n\t<meta name=\"twitter:data2\" content=\"1 minuto\" \/>\n<script type=\"application\/ld+json\" class=\"yoast-schema-graph\">{\"@context\":\"https:\\\/\\\/schema.org\",\"@graph\":[{\"@type\":\"Article\",\"@id\":\"https:\\\/\\\/redenoticiaz.com.br\\\/litoralsp\\\/2022\\\/03\\\/25\\\/carretas-batem-e-provocam-congestioinamento-na-anchieta#article\",\"isPartOf\":{\"@id\":\"https:\\\/\\\/redenoticiaz.com.br\\\/litoralsp\\\/2022\\\/03\\\/25\\\/carretas-batem-e-provocam-congestioinamento-na-anchieta\"},\"author\":{\"name\":\"Leonardo Francisco\",\"@id\":\"https:\\\/\\\/redenoticiaz.com.br\\\/litoralsp\\\/#\\\/schema\\\/person\\\/0f0b8a5bdafefe82841e07ae8d81ecb3\"},\"headline\":\"Carretas batem e provocam congestioinamento na Anchieta\",\"datePublished\":\"2022-03-25T23:18:58+00:00\",\"mainEntityOfPage\":{\"@id\":\"https:\\\/\\\/redenoticiaz.com.br\\\/litoralsp\\\/2022\\\/03\\\/25\\\/carretas-batem-e-provocam-congestioinamento-na-anchieta\"},\"wordCount\":173,\"commentCount\":0,\"publisher\":{\"@id\":\"https:\\\/\\\/redenoticiaz.com.br\\\/litoralsp\\\/#organization\"},\"image\":{\"@id\":\"https:\\\/\\\/redenoticiaz.com.br\\\/litoralsp\\\/2022\\\/03\\\/25\\\/carretas-batem-e-provocam-congestioinamento-na-anchieta#primaryimage\"},\"thumbnailUrl\":\"https:\\\/\\\/redenoticiaz.com.br\\\/litoralsp\\\/wp-content\\\/uploads\\\/sites\\\/3\\\/2022\\\/03\\\/acidente-cubatao.jpeg\",\"keywords\":[\"acidente\",\"ARTESP\",\"CARRETAS\",\"CONGESTIONAMENTO\",\"CUBAT\u00c3O\",\"RODOVIA ANCHIETA\"],\"articleSection\":[\"Cubat\u00e3o\",\"Tr\u00e2nsito\"],\"inLanguage\":\"pt-BR\",\"potentialAction\":[{\"@type\":\"CommentAction\",\"name\":\"Comment\",\"target\":[\"https:\\\/\\\/redenoticiaz.com.br\\\/litoralsp\\\/2022\\\/03\\\/25\\\/carretas-batem-e-provocam-congestioinamento-na-anchieta#respond\"]}]},{\"@type\":\"WebPage\",\"@id\":\"https:\\\/\\\/redenoticiaz.com.br\\\/litoralsp\\\/2022\\\/03\\\/25\\\/carretas-batem-e-provocam-congestioinamento-na-anchieta\",\"url\":\"https:\\\/\\\/redenoticiaz.com.br\\\/litoralsp\\\/2022\\\/03\\\/25\\\/carretas-batem-e-provocam-congestioinamento-na-anchieta\",\"name\":\"Carretas batem e provocam congestioinamento na Anchieta - Litoral SP\",\"isPartOf\":{\"@id\":\"https:\\\/\\\/redenoticiaz.com.br\\\/litoralsp\\\/#website\"},\"primaryImageOfPage\":{\"@id\":\"https:\\\/\\\/redenoticiaz.com.br\\\/litoralsp\\\/2022\\\/03\\\/25\\\/carretas-batem-e-provocam-congestioinamento-na-anchieta#primaryimage\"},\"image\":{\"@id\":\"https:\\\/\\\/redenoticiaz.com.br\\\/litoralsp\\\/2022\\\/03\\\/25\\\/carretas-batem-e-provocam-congestioinamento-na-anchieta#primaryimage\"},\"thumbnailUrl\":\"https:\\\/\\\/redenoticiaz.com.br\\\/litoralsp\\\/wp-content\\\/uploads\\\/sites\\\/3\\\/2022\\\/03\\\/acidente-cubatao.jpeg\",\"datePublished\":\"2022-03-25T23:18:58+00:00\",\"description\":\"Duas carretas se envolveram em um acidente na pista de descida da Rodovia Anchieta, em Cubat\u00e3o, nesta sexta-feira (25). De acordo\",\"inLanguage\":\"pt-BR\",\"potentialAction\":[{\"@type\":\"ReadAction\",\"target\":[\"https:\\\/\\\/redenoticiaz.com.br\\\/litoralsp\\\/2022\\\/03\\\/25\\\/carretas-batem-e-provocam-congestioinamento-na-anchieta\"]}]},{\"@type\":\"ImageObject\",\"inLanguage\":\"pt-BR\",\"@id\":\"https:\\\/\\\/redenoticiaz.com.br\\\/litoralsp\\\/2022\\\/03\\\/25\\\/carretas-batem-e-provocam-congestioinamento-na-anchieta#primaryimage\",\"url\":\"https:\\\/\\\/redenoticiaz.com.br\\\/litoralsp\\\/wp-content\\\/uploads\\\/sites\\\/3\\\/2022\\\/03\\\/acidente-cubatao.jpeg\",\"contentUrl\":\"https:\\\/\\\/redenoticiaz.com.br\\\/litoralsp\\\/wp-content\\\/uploads\\\/sites\\\/3\\\/2022\\\/03\\\/acidente-cubatao.jpeg\",\"width\":984,\"height\":544,\"caption\":\"Cr\u00e9ditos: Divulga\u00e7\u00e3o\\\/Artesp\"},{\"@type\":\"WebSite\",\"@id\":\"https:\\\/\\\/redenoticiaz.com.br\\\/litoralsp\\\/#website\",\"url\":\"https:\\\/\\\/redenoticiaz.com.br\\\/litoralsp\\\/\",\"name\":\"Litoral SP\",\"description\":\"Rede NoticiaZ\",\"publisher\":{\"@id\":\"https:\\\/\\\/redenoticiaz.com.br\\\/litoralsp\\\/#organization\"},\"potentialAction\":[{\"@type\":\"SearchAction\",\"target\":{\"@type\":\"EntryPoint\",\"urlTemplate\":\"https:\\\/\\\/redenoticiaz.com.br\\\/litoralsp\\\/?s={search_term_string}\"},\"query-input\":{\"@type\":\"PropertyValueSpecification\",\"valueRequired\":true,\"valueName\":\"search_term_string\"}}],\"inLanguage\":\"pt-BR\"},{\"@type\":\"Organization\",\"@id\":\"https:\\\/\\\/redenoticiaz.com.br\\\/litoralsp\\\/#organization\",\"name\":\"Litoral SP\",\"url\":\"https:\\\/\\\/redenoticiaz.com.br\\\/litoralsp\\\/\",\"logo\":{\"@type\":\"ImageObject\",\"inLanguage\":\"pt-BR\",\"@id\":\"https:\\\/\\\/redenoticiaz.com.br\\\/litoralsp\\\/#\\\/schema\\\/logo\\\/image\\\/\",\"url\":\"https:\\\/\\\/redenoticiaz.com.br\\\/litoralsp\\\/wp-content\\\/uploads\\\/sites\\\/3\\\/2020\\\/11\\\/logo.jpg\",\"contentUrl\":\"https:\\\/\\\/redenoticiaz.com.br\\\/litoralsp\\\/wp-content\\\/uploads\\\/sites\\\/3\\\/2020\\\/11\\\/logo.jpg\",\"width\":400,\"height\":250,\"caption\":\"Litoral SP\"},\"image\":{\"@id\":\"https:\\\/\\\/redenoticiaz.com.br\\\/litoralsp\\\/#\\\/schema\\\/logo\\\/image\\\/\"}},{\"@type\":\"Person\",\"@id\":\"https:\\\/\\\/redenoticiaz.com.br\\\/litoralsp\\\/#\\\/schema\\\/person\\\/0f0b8a5bdafefe82841e07ae8d81ecb3\",\"name\":\"Leonardo Francisco\",\"image\":{\"@type\":\"ImageObject\",\"inLanguage\":\"pt-BR\",\"@id\":\"https:\\\/\\\/secure.gravatar.com\\\/avatar\\\/a7358cb406a99b682ec6df1e77e31ae82e63601f6784e8a3df411d72b37864da?s=96&d=mm&r=g\",\"url\":\"https:\\\/\\\/secure.gravatar.com\\\/avatar\\\/a7358cb406a99b682ec6df1e77e31ae82e63601f6784e8a3df411d72b37864da?s=96&d=mm&r=g\",\"contentUrl\":\"https:\\\/\\\/secure.gravatar.com\\\/avatar\\\/a7358cb406a99b682ec6df1e77e31ae82e63601f6784e8a3df411d72b37864da?s=96&d=mm&r=g\",\"caption\":\"Leonardo Francisco\"},\"url\":\"https:\\\/\\\/redenoticiaz.com.br\\\/litoralsp\\\/author\\\/leonardo-francisco\"}]}<\/script>\n<!-- \/ Yoast SEO plugin. -->","yoast_head_json":{"title":"Carretas batem e provocam congestioinamento na Anchieta - Litoral SP","description":"Duas carretas se envolveram em um acidente na pista de descida da Rodovia Anchieta, em Cubat\u00e3o, nesta sexta-feira (25). De acordo","robots":{"index":"index","follow":"follow","max-snippet":"max-snippet:-1","max-image-preview":"max-image-preview:large","max-video-preview":"max-video-preview:-1"},"canonical":"https:\/\/redenoticiaz.com.br\/litoralsp\/2022\/03\/25\/carretas-batem-e-provocam-congestioinamento-na-anchieta","og_locale":"pt_BR","og_type":"article","og_title":"Carretas batem e provocam congestioinamento na Anchieta - Litoral SP","og_description":"Duas carretas se envolveram em um acidente na pista de descida da Rodovia Anchieta, em Cubat\u00e3o, nesta sexta-feira (25). De acordo","og_url":"https:\/\/redenoticiaz.com.br\/litoralsp\/2022\/03\/25\/carretas-batem-e-provocam-congestioinamento-na-anchieta","og_site_name":"Litoral SP","article_published_time":"2022-03-25T23:18:58+00:00","og_image":[{"width":984,"height":544,"url":"https:\/\/redenoticiaz.com.br\/litoralsp\/wp-content\/uploads\/sites\/3\/2022\/03\/acidente-cubatao.jpeg","type":"image\/jpeg"}],"author":"Leonardo Francisco","twitter_card":"summary_large_image","twitter_misc":{"Escrito por":"Leonardo Francisco","Est. tempo de leitura":"1 minuto"},"schema":{"@context":"https:\/\/schema.org","@graph":[{"@type":"Article","@id":"https:\/\/redenoticiaz.com.br\/litoralsp\/2022\/03\/25\/carretas-batem-e-provocam-congestioinamento-na-anchieta#article","isPartOf":{"@id":"https:\/\/redenoticiaz.com.br\/litoralsp\/2022\/03\/25\/carretas-batem-e-provocam-congestioinamento-na-anchieta"},"author":{"name":"Leonardo Francisco","@id":"https:\/\/redenoticiaz.com.br\/litoralsp\/#\/schema\/person\/0f0b8a5bdafefe82841e07ae8d81ecb3"},"headline":"Carretas batem e provocam congestioinamento na Anchieta","datePublished":"2022-03-25T23:18:58+00:00","mainEntityOfPage":{"@id":"https:\/\/redenoticiaz.com.br\/litoralsp\/2022\/03\/25\/carretas-batem-e-provocam-congestioinamento-na-anchieta"},"wordCount":173,"commentCount":0,"publisher":{"@id":"https:\/\/redenoticiaz.com.br\/litoralsp\/#organization"},"image":{"@id":"https:\/\/redenoticiaz.com.br\/litoralsp\/2022\/03\/25\/carretas-batem-e-provocam-congestioinamento-na-anchieta#primaryimage"},"thumbnailUrl":"https:\/\/redenoticiaz.com.br\/litoralsp\/wp-content\/uploads\/sites\/3\/2022\/03\/acidente-cubatao.jpeg","keywords":["acidente","ARTESP","CARRETAS","CONGESTIONAMENTO","CUBAT\u00c3O","RODOVIA ANCHIETA"],"articleSection":["Cubat\u00e3o","Tr\u00e2nsito"],"inLanguage":"pt-BR","potentialAction":[{"@type":"CommentAction","name":"Comment","target":["https:\/\/redenoticiaz.com.br\/litoralsp\/2022\/03\/25\/carretas-batem-e-provocam-congestioinamento-na-anchieta#respond"]}]},{"@type":"WebPage","@id":"https:\/\/redenoticiaz.com.br\/litoralsp\/2022\/03\/25\/carretas-batem-e-provocam-congestioinamento-na-anchieta","url":"https:\/\/redenoticiaz.com.br\/litoralsp\/2022\/03\/25\/carretas-batem-e-provocam-congestioinamento-na-anchieta","name":"Carretas batem e provocam congestioinamento na Anchieta - Litoral SP","isPartOf":{"@id":"https:\/\/redenoticiaz.com.br\/litoralsp\/#website"},"primaryImageOfPage":{"@id":"https:\/\/redenoticiaz.com.br\/litoralsp\/2022\/03\/25\/carretas-batem-e-provocam-congestioinamento-na-anchieta#primaryimage"},"image":{"@id":"https:\/\/redenoticiaz.com.br\/litoralsp\/2022\/03\/25\/carretas-batem-e-provocam-congestioinamento-na-anchieta#primaryimage"},"thumbnailUrl":"https:\/\/redenoticiaz.com.br\/litoralsp\/wp-content\/uploads\/sites\/3\/2022\/03\/acidente-cubatao.jpeg","datePublished":"2022-03-25T23:18:58+00:00","description":"Duas carretas se envolveram em um acidente na pista de descida da Rodovia Anchieta, em Cubat\u00e3o, nesta sexta-feira (25). De acordo","inLanguage":"pt-BR","potentialAction":[{"@type":"ReadAction","target":["https:\/\/redenoticiaz.com.br\/litoralsp\/2022\/03\/25\/carretas-batem-e-provocam-congestioinamento-na-anchieta"]}]},{"@type":"ImageObject","inLanguage":"pt-BR","@id":"https:\/\/redenoticiaz.com.br\/litoralsp\/2022\/03\/25\/carretas-batem-e-provocam-congestioinamento-na-anchieta#primaryimage","url":"https:\/\/redenoticiaz.com.br\/litoralsp\/wp-content\/uploads\/sites\/3\/2022\/03\/acidente-cubatao.jpeg","contentUrl":"https:\/\/redenoticiaz.com.br\/litoralsp\/wp-content\/uploads\/sites\/3\/2022\/03\/acidente-cubatao.jpeg","width":984,"height":544,"caption":"Cr\u00e9ditos: Divulga\u00e7\u00e3o\/Artesp"},{"@type":"WebSite","@id":"https:\/\/redenoticiaz.com.br\/litoralsp\/#website","url":"https:\/\/redenoticiaz.com.br\/litoralsp\/","name":"Litoral SP","description":"Rede NoticiaZ","publisher":{"@id":"https:\/\/redenoticiaz.com.br\/litoralsp\/#organization"},"potentialAction":[{"@type":"SearchAction","target":{"@type":"EntryPoint","urlTemplate":"https:\/\/redenoticiaz.com.br\/litoralsp\/?s={search_term_string}"},"query-input":{"@type":"PropertyValueSpecification","valueRequired":true,"valueName":"search_term_string"}}],"inLanguage":"pt-BR"},{"@type":"Organization","@id":"https:\/\/redenoticiaz.com.br\/litoralsp\/#organization","name":"Litoral SP","url":"https:\/\/redenoticiaz.com.br\/litoralsp\/","logo":{"@type":"ImageObject","inLanguage":"pt-BR","@id":"https:\/\/redenoticiaz.com.br\/litoralsp\/#\/schema\/logo\/image\/","url":"https:\/\/redenoticiaz.com.br\/litoralsp\/wp-content\/uploads\/sites\/3\/2020\/11\/logo.jpg","contentUrl":"https:\/\/redenoticiaz.com.br\/litoralsp\/wp-content\/uploads\/sites\/3\/2020\/11\/logo.jpg","width":400,"height":250,"caption":"Litoral SP"},"image":{"@id":"https:\/\/redenoticiaz.com.br\/litoralsp\/#\/schema\/logo\/image\/"}},{"@type":"Person","@id":"https:\/\/redenoticiaz.com.br\/litoralsp\/#\/schema\/person\/0f0b8a5bdafefe82841e07ae8d81ecb3","name":"Leonardo Francisco","image":{"@type":"ImageObject","inLanguage":"pt-BR","@id":"https:\/\/secure.gravatar.com\/avatar\/a7358cb406a99b682ec6df1e77e31ae82e63601f6784e8a3df411d72b37864da?s=96&d=mm&r=g","url":"https:\/\/secure.gravatar.com\/avatar\/a7358cb406a99b682ec6df1e77e31ae82e63601f6784e8a3df411d72b37864da?s=96&d=mm&r=g","contentUrl":"https:\/\/secure.gravatar.com\/avatar\/a7358cb406a99b682ec6df1e77e31ae82e63601f6784e8a3df411d72b37864da?s=96&d=mm&r=g","caption":"Leonardo Francisco"},"url":"https:\/\/redenoticiaz.com.br\/litoralsp\/author\/leonardo-francisco"}]}},"_links":{"self":[{"href":"https:\/\/redenoticiaz.com.br\/litoralsp\/wp-json\/wp\/v2\/posts\/25522","targetHints":{"allow":["GET"]}}],"collection":[{"href":"https:\/\/redenoticiaz.com.br\/litoralsp\/wp-json\/wp\/v2\/posts"}],"about":[{"href":"https:\/\/redenoticiaz.com.br\/litoralsp\/wp-json\/wp\/v2\/types\/post"}],"author":[{"embeddable":true,"href":"https:\/\/redenoticiaz.com.br\/litoralsp\/wp-json\/wp\/v2\/users\/6"}],"replies":[{"embeddable":true,"href":"https:\/\/redenoticiaz.com.br\/litoralsp\/wp-json\/wp\/v2\/comments?post=25522"}],"version-history":[{"count":1,"href":"https:\/\/redenoticiaz.com.br\/litoralsp\/wp-json\/wp\/v2\/posts\/25522\/revisions"}],"predecessor-version":[{"id":25524,"href":"https:\/\/redenoticiaz.com.br\/litoralsp\/wp-json\/wp\/v2\/posts\/25522\/revisions\/25524"}],"wp:featuredmedia":[{"embeddable":true,"href":"https:\/\/redenoticiaz.com.br\/litoralsp\/wp-json\/wp\/v2\/media\/25523"}],"wp:attachment":[{"href":"https:\/\/redenoticiaz.com.br\/litoralsp\/wp-json\/wp\/v2\/media?parent=25522"}],"wp:term":[{"taxonomy":"category","embeddable":true,"href":"https:\/\/redenoticiaz.com.br\/litoralsp\/wp-json\/wp\/v2\/categories?post=25522"},{"taxonomy":"post_tag","embeddable":true,"href":"https:\/\/redenoticiaz.com.br\/litoralsp\/wp-json\/wp\/v2\/tags?post=25522"}],"curies":[{"name":"wp","href":"https:\/\/api.w.org\/{rel}","templated":true}]}}