{"id":25528,"date":"2022-03-25T20:56:25","date_gmt":"2022-03-25T23:56:25","guid":{"rendered":"https:\/\/redenoticiaz.com.br\/litoralsp\/?p=25528"},"modified":"2022-03-25T20:56:25","modified_gmt":"2022-03-25T23:56:25","slug":"video-estacao-de-energia-explode-e-cidades-do-litoral-norte-ficam-sem-luz","status":"publish","type":"post","link":"https:\/\/redenoticiaz.com.br\/litoralsp\/2022\/03\/25\/video-estacao-de-energia-explode-e-cidades-do-litoral-norte-ficam-sem-luz","title":{"rendered":"V\u00cdDEO &#8211; Esta\u00e7\u00e3o de energia explode e cidades do Litoral Norte ficam sem luz"},"content":{"rendered":"<p>Nesta sexta-feira (25), uma <strong>esta\u00e7\u00e3o de energia explodiu<\/strong> e deixou parte das cidades de Ilhabela e S\u00e3o Sebasti\u00e3o sem luz. A <a href=\"https:\/\/www.isacteep.com.br\/\">ISA CTEEP<\/a>, respons\u00e1vel pelo local informou que vai apurar a ocorr\u00eancia e ningu\u00e9m ficou ferido no acidente.<\/p>\n<div class=\"mc-column content-text active-extra-styles \" data-block-type=\"unstyled\" data-block-weight=\"46\" data-block-id=\"3\">\n<p class=\"content-text__container \" data-track-category=\"Link no Texto\" data-track-links=\"\">A explos\u00e3o ocorreu por volta das 14h50. Em nota, a EDP informou que atua para restabelecer o servi\u00e7o, mas que aguarda a Companhia de Transmiss\u00e3o de Energia El\u00e9trica Paulista (CTEEP) fazer a abertura manual dos disjuntores que atendem a distribui\u00e7\u00e3o. A esta\u00e7\u00e3o \u00e9 de responsabilidade da CTEEP.<\/p>\n<\/div>\n<div class=\"mc-column content-text active-extra-styles \" data-block-type=\"unstyled\" data-block-weight=\"24\" data-block-id=\"4\">\n<p class=\"content-text__container \" data-track-category=\"Link no Texto\" data-track-links=\"\">Segundo a concession\u00e1ria, \u00e0s 14h50 foi interrompido o fluxo de energia nas esta\u00e7\u00f5es da Barra do Una, Boissucanga, Maresias, Porto Novo e S\u00e3o Sebasti\u00e3o. S\u00f3 que as 15h05 foram normalizadas as cargas das unidades de Barra do Una, Boissucanga, Maresias e Porto Novo.<\/p>\n<div class=\"mc-column content-text active-extra-styles \" data-block-type=\"unstyled\" data-block-weight=\"25\" data-block-id=\"7\">\n<p class=\"content-text__container \" data-track-category=\"Link no Texto\" data-track-links=\"\">A concession\u00e1ria informou ainda que o restabelecimento do servi\u00e7o em\u00a0Ilhabela\u00a0depende da CTEEP regularizar a Esta\u00e7\u00f5es de Transforma\u00e7\u00e3o de Distribui\u00e7\u00e3o de\u00a0S\u00e3o Sebasti\u00e3o.<\/p>\n<\/div>\n<div class=\"mc-column content-text active-extra-styles \" data-block-type=\"unstyled\" data-block-weight=\"42\" data-block-id=\"8\">\n<p class=\"content-text__container \" data-track-category=\"Link no Texto\" data-track-links=\"\">Em nota a ISA CTEEP informou que houve uma falha na subesta\u00e7\u00e3o de\u00a0S\u00e3o Sebasti\u00e3o\u00a0que impactou o fornecimento de energia \u00e0 distribuidora local. \u00c0s 15h47, a parte que cabe \u00e0 empresa foi normalizada e a causa da falha est\u00e1 sendo apurada.<\/p>\n<h5 data-track-category=\"Link no Texto\">Veja o v\u00eddeo:<\/h5>\n<div style=\"width: 234px;\" class=\"wp-video\"><video class=\"wp-video-shortcode\" id=\"video-25528-1\" width=\"234\" height=\"426\" preload=\"metadata\" controls=\"controls\"><source type=\"video\/mp4\" src=\"https:\/\/redenoticiaz.com.br\/litoralsp\/wp-content\/uploads\/sites\/3\/2022\/03\/videoplayback-2.mp4?_=1\" \/><a href=\"https:\/\/redenoticiaz.com.br\/litoralsp\/wp-content\/uploads\/sites\/3\/2022\/03\/videoplayback-2.mp4\">https:\/\/redenoticiaz.com.br\/litoralsp\/wp-content\/uploads\/sites\/3\/2022\/03\/videoplayback-2.mp4<\/a><\/video><\/div>\n<p data-track-category=\"Link no Texto\" data-track-links=\"\"><strong>LEIA TAMB\u00c9M<\/strong><\/p>\n<p data-track-category=\"Link no Texto\" data-track-links=\"\"><a href=\"https:\/\/redenoticiaz.com.br\/litoralsp\/2022\/03\/25\/video-estrutura-metalica-cai-no-primeiro-dia-do-festival-lollapalooza-2022\">V\u00cdDEO \u2013 Estrutura met\u00e1lica cai no primeiro dia do Festival Lollapalooza 2022<\/a><\/p>\n<\/div>\n<\/div>\n","protected":false},"excerpt":{"rendered":"<p>Nesta sexta-feira (25), uma esta\u00e7\u00e3o de energia explodiu e deixou parte das cidades de Ilhabela e S\u00e3o Sebasti\u00e3o sem luz. A ISA CTEEP, respons\u00e1vel pelo local informou que vai apurar a ocorr\u00eancia e ningu\u00e9m ficou ferido no acidente. A explos\u00e3o ocorreu por volta das 14h50. Em nota, a EDP informou que atua para restabelecer o &hellip;<\/p>\n","protected":false},"author":6,"featured_media":25529,"comment_status":"open","ping_status":"closed","sticky":false,"template":"","format":"standard","meta":{"footnotes":""},"categories":[3411,10,188],"tags":[52705,6440,30541,3999,3707],"class_list":["post-25528","post","type-post","status-publish","format-standard","has-post-thumbnail","hentry","category-ilhabela","category-policia","category-sao-sebastiao","tag-estacao-de-energia","tag-explosao","tag-falta-de-luz","tag-ilhabela","tag-sao-sebastiao"],"yoast_head":"<!-- This site is optimized with the Yoast SEO plugin v27.5 - https:\/\/yoast.com\/product\/yoast-seo-wordpress\/ -->\n<title>V\u00cdDEO - Esta\u00e7\u00e3o de energia explode e cidades do Litoral Norte ficam sem luz - Litoral SP<\/title>\n<meta name=\"description\" content=\"sexta-feira (25), uma esta\u00e7\u00e3o de energia explodiu e deixou parte das cidades de Ilhabela e S\u00e3o Sebasti\u00e3o sem luz. A ISA CTEEP, respons\u00e1vel\" \/>\n<meta name=\"robots\" content=\"index, follow, max-snippet:-1, max-image-preview:large, max-video-preview:-1\" \/>\n<link rel=\"canonical\" href=\"https:\/\/redenoticiaz.com.br\/litoralsp\/2022\/03\/25\/video-estacao-de-energia-explode-e-cidades-do-litoral-norte-ficam-sem-luz\" \/>\n<meta property=\"og:locale\" content=\"pt_BR\" \/>\n<meta property=\"og:type\" content=\"article\" \/>\n<meta property=\"og:title\" content=\"V\u00cdDEO - Esta\u00e7\u00e3o de energia explode e cidades do Litoral Norte ficam sem luz - Litoral SP\" \/>\n<meta property=\"og:description\" content=\"sexta-feira (25), uma esta\u00e7\u00e3o de energia explodiu e deixou parte das cidades de Ilhabela e S\u00e3o Sebasti\u00e3o sem luz. A ISA CTEEP, respons\u00e1vel\" \/>\n<meta property=\"og:url\" content=\"https:\/\/redenoticiaz.com.br\/litoralsp\/2022\/03\/25\/video-estacao-de-energia-explode-e-cidades-do-litoral-norte-ficam-sem-luz\" \/>\n<meta property=\"og:site_name\" content=\"Litoral SP\" \/>\n<meta property=\"article:published_time\" content=\"2022-03-25T23:56:25+00:00\" \/>\n<meta property=\"og:image\" content=\"https:\/\/redenoticiaz.com.br\/litoralsp\/wp-content\/uploads\/sites\/3\/2022\/03\/explosao-059963_1028-742-0-0.png\" \/>\n\t<meta property=\"og:image:width\" content=\"1028\" \/>\n\t<meta property=\"og:image:height\" content=\"742\" \/>\n\t<meta property=\"og:image:type\" content=\"image\/png\" \/>\n<meta name=\"author\" content=\"Leonardo Francisco\" \/>\n<meta name=\"twitter:card\" content=\"summary_large_image\" \/>\n<meta name=\"twitter:label1\" content=\"Escrito por\" \/>\n\t<meta name=\"twitter:data1\" content=\"Leonardo Francisco\" \/>\n\t<meta name=\"twitter:label2\" content=\"Est. tempo de leitura\" \/>\n\t<meta name=\"twitter:data2\" content=\"1 minuto\" \/>\n<script type=\"application\/ld+json\" class=\"yoast-schema-graph\">{\"@context\":\"https:\\\/\\\/schema.org\",\"@graph\":[{\"@type\":\"Article\",\"@id\":\"https:\\\/\\\/redenoticiaz.com.br\\\/litoralsp\\\/2022\\\/03\\\/25\\\/video-estacao-de-energia-explode-e-cidades-do-litoral-norte-ficam-sem-luz#article\",\"isPartOf\":{\"@id\":\"https:\\\/\\\/redenoticiaz.com.br\\\/litoralsp\\\/2022\\\/03\\\/25\\\/video-estacao-de-energia-explode-e-cidades-do-litoral-norte-ficam-sem-luz\"},\"author\":{\"name\":\"Leonardo Francisco\",\"@id\":\"https:\\\/\\\/redenoticiaz.com.br\\\/litoralsp\\\/#\\\/schema\\\/person\\\/0f0b8a5bdafefe82841e07ae8d81ecb3\"},\"headline\":\"V\u00cdDEO &#8211; Esta\u00e7\u00e3o de energia explode e cidades do Litoral Norte ficam sem luz\",\"datePublished\":\"2022-03-25T23:56:25+00:00\",\"mainEntityOfPage\":{\"@id\":\"https:\\\/\\\/redenoticiaz.com.br\\\/litoralsp\\\/2022\\\/03\\\/25\\\/video-estacao-de-energia-explode-e-cidades-do-litoral-norte-ficam-sem-luz\"},\"wordCount\":266,\"commentCount\":0,\"publisher\":{\"@id\":\"https:\\\/\\\/redenoticiaz.com.br\\\/litoralsp\\\/#organization\"},\"image\":{\"@id\":\"https:\\\/\\\/redenoticiaz.com.br\\\/litoralsp\\\/2022\\\/03\\\/25\\\/video-estacao-de-energia-explode-e-cidades-do-litoral-norte-ficam-sem-luz#primaryimage\"},\"thumbnailUrl\":\"https:\\\/\\\/redenoticiaz.com.br\\\/litoralsp\\\/wp-content\\\/uploads\\\/sites\\\/3\\\/2022\\\/03\\\/explosao-059963_1028-742-0-0.png\",\"keywords\":[\"ESTA\u00c7\u00c3O DE ENERGIA\",\"EXPLOS\u00c3O\",\"FALTA DE LUZ\",\"ILHABELA\",\"S\u00c3O SEBASTI\u00c3O\"],\"articleSection\":[\"IlhaBela\",\"Pol\u00edcia\",\"S\u00e3o Sebasti\u00e3o\"],\"inLanguage\":\"pt-BR\",\"potentialAction\":[{\"@type\":\"CommentAction\",\"name\":\"Comment\",\"target\":[\"https:\\\/\\\/redenoticiaz.com.br\\\/litoralsp\\\/2022\\\/03\\\/25\\\/video-estacao-de-energia-explode-e-cidades-do-litoral-norte-ficam-sem-luz#respond\"]}]},{\"@type\":\"WebPage\",\"@id\":\"https:\\\/\\\/redenoticiaz.com.br\\\/litoralsp\\\/2022\\\/03\\\/25\\\/video-estacao-de-energia-explode-e-cidades-do-litoral-norte-ficam-sem-luz\",\"url\":\"https:\\\/\\\/redenoticiaz.com.br\\\/litoralsp\\\/2022\\\/03\\\/25\\\/video-estacao-de-energia-explode-e-cidades-do-litoral-norte-ficam-sem-luz\",\"name\":\"V\u00cdDEO - Esta\u00e7\u00e3o de energia explode e cidades do Litoral Norte ficam sem luz - Litoral SP\",\"isPartOf\":{\"@id\":\"https:\\\/\\\/redenoticiaz.com.br\\\/litoralsp\\\/#website\"},\"primaryImageOfPage\":{\"@id\":\"https:\\\/\\\/redenoticiaz.com.br\\\/litoralsp\\\/2022\\\/03\\\/25\\\/video-estacao-de-energia-explode-e-cidades-do-litoral-norte-ficam-sem-luz#primaryimage\"},\"image\":{\"@id\":\"https:\\\/\\\/redenoticiaz.com.br\\\/litoralsp\\\/2022\\\/03\\\/25\\\/video-estacao-de-energia-explode-e-cidades-do-litoral-norte-ficam-sem-luz#primaryimage\"},\"thumbnailUrl\":\"https:\\\/\\\/redenoticiaz.com.br\\\/litoralsp\\\/wp-content\\\/uploads\\\/sites\\\/3\\\/2022\\\/03\\\/explosao-059963_1028-742-0-0.png\",\"datePublished\":\"2022-03-25T23:56:25+00:00\",\"description\":\"sexta-feira (25), uma esta\u00e7\u00e3o de energia explodiu e deixou parte das cidades de Ilhabela e S\u00e3o Sebasti\u00e3o sem luz. A ISA CTEEP, respons\u00e1vel\",\"inLanguage\":\"pt-BR\",\"potentialAction\":[{\"@type\":\"ReadAction\",\"target\":[\"https:\\\/\\\/redenoticiaz.com.br\\\/litoralsp\\\/2022\\\/03\\\/25\\\/video-estacao-de-energia-explode-e-cidades-do-litoral-norte-ficam-sem-luz\"]}]},{\"@type\":\"ImageObject\",\"inLanguage\":\"pt-BR\",\"@id\":\"https:\\\/\\\/redenoticiaz.com.br\\\/litoralsp\\\/2022\\\/03\\\/25\\\/video-estacao-de-energia-explode-e-cidades-do-litoral-norte-ficam-sem-luz#primaryimage\",\"url\":\"https:\\\/\\\/redenoticiaz.com.br\\\/litoralsp\\\/wp-content\\\/uploads\\\/sites\\\/3\\\/2022\\\/03\\\/explosao-059963_1028-742-0-0.png\",\"contentUrl\":\"https:\\\/\\\/redenoticiaz.com.br\\\/litoralsp\\\/wp-content\\\/uploads\\\/sites\\\/3\\\/2022\\\/03\\\/explosao-059963_1028-742-0-0.png\",\"width\":1028,\"height\":742,\"caption\":\"Cr\u00e9ditos: Reprodu\u00e7\u00e3o.\"},{\"@type\":\"WebSite\",\"@id\":\"https:\\\/\\\/redenoticiaz.com.br\\\/litoralsp\\\/#website\",\"url\":\"https:\\\/\\\/redenoticiaz.com.br\\\/litoralsp\\\/\",\"name\":\"Litoral SP\",\"description\":\"Rede NoticiaZ\",\"publisher\":{\"@id\":\"https:\\\/\\\/redenoticiaz.com.br\\\/litoralsp\\\/#organization\"},\"potentialAction\":[{\"@type\":\"SearchAction\",\"target\":{\"@type\":\"EntryPoint\",\"urlTemplate\":\"https:\\\/\\\/redenoticiaz.com.br\\\/litoralsp\\\/?s={search_term_string}\"},\"query-input\":{\"@type\":\"PropertyValueSpecification\",\"valueRequired\":true,\"valueName\":\"search_term_string\"}}],\"inLanguage\":\"pt-BR\"},{\"@type\":\"Organization\",\"@id\":\"https:\\\/\\\/redenoticiaz.com.br\\\/litoralsp\\\/#organization\",\"name\":\"Litoral SP\",\"url\":\"https:\\\/\\\/redenoticiaz.com.br\\\/litoralsp\\\/\",\"logo\":{\"@type\":\"ImageObject\",\"inLanguage\":\"pt-BR\",\"@id\":\"https:\\\/\\\/redenoticiaz.com.br\\\/litoralsp\\\/#\\\/schema\\\/logo\\\/image\\\/\",\"url\":\"https:\\\/\\\/redenoticiaz.com.br\\\/litoralsp\\\/wp-content\\\/uploads\\\/sites\\\/3\\\/2020\\\/11\\\/logo.jpg\",\"contentUrl\":\"https:\\\/\\\/redenoticiaz.com.br\\\/litoralsp\\\/wp-content\\\/uploads\\\/sites\\\/3\\\/2020\\\/11\\\/logo.jpg\",\"width\":400,\"height\":250,\"caption\":\"Litoral SP\"},\"image\":{\"@id\":\"https:\\\/\\\/redenoticiaz.com.br\\\/litoralsp\\\/#\\\/schema\\\/logo\\\/image\\\/\"}},{\"@type\":\"Person\",\"@id\":\"https:\\\/\\\/redenoticiaz.com.br\\\/litoralsp\\\/#\\\/schema\\\/person\\\/0f0b8a5bdafefe82841e07ae8d81ecb3\",\"name\":\"Leonardo Francisco\",\"image\":{\"@type\":\"ImageObject\",\"inLanguage\":\"pt-BR\",\"@id\":\"https:\\\/\\\/secure.gravatar.com\\\/avatar\\\/a7358cb406a99b682ec6df1e77e31ae82e63601f6784e8a3df411d72b37864da?s=96&d=mm&r=g\",\"url\":\"https:\\\/\\\/secure.gravatar.com\\\/avatar\\\/a7358cb406a99b682ec6df1e77e31ae82e63601f6784e8a3df411d72b37864da?s=96&d=mm&r=g\",\"contentUrl\":\"https:\\\/\\\/secure.gravatar.com\\\/avatar\\\/a7358cb406a99b682ec6df1e77e31ae82e63601f6784e8a3df411d72b37864da?s=96&d=mm&r=g\",\"caption\":\"Leonardo Francisco\"},\"url\":\"https:\\\/\\\/redenoticiaz.com.br\\\/litoralsp\\\/author\\\/leonardo-francisco\"}]}<\/script>\n<!-- \/ Yoast SEO plugin. -->","yoast_head_json":{"title":"V\u00cdDEO - Esta\u00e7\u00e3o de energia explode e cidades do Litoral Norte ficam sem luz - Litoral SP","description":"sexta-feira (25), uma esta\u00e7\u00e3o de energia explodiu e deixou parte das cidades de Ilhabela e S\u00e3o Sebasti\u00e3o sem luz. A ISA CTEEP, respons\u00e1vel","robots":{"index":"index","follow":"follow","max-snippet":"max-snippet:-1","max-image-preview":"max-image-preview:large","max-video-preview":"max-video-preview:-1"},"canonical":"https:\/\/redenoticiaz.com.br\/litoralsp\/2022\/03\/25\/video-estacao-de-energia-explode-e-cidades-do-litoral-norte-ficam-sem-luz","og_locale":"pt_BR","og_type":"article","og_title":"V\u00cdDEO - Esta\u00e7\u00e3o de energia explode e cidades do Litoral Norte ficam sem luz - Litoral SP","og_description":"sexta-feira (25), uma esta\u00e7\u00e3o de energia explodiu e deixou parte das cidades de Ilhabela e S\u00e3o Sebasti\u00e3o sem luz. A ISA CTEEP, respons\u00e1vel","og_url":"https:\/\/redenoticiaz.com.br\/litoralsp\/2022\/03\/25\/video-estacao-de-energia-explode-e-cidades-do-litoral-norte-ficam-sem-luz","og_site_name":"Litoral SP","article_published_time":"2022-03-25T23:56:25+00:00","og_image":[{"width":1028,"height":742,"url":"https:\/\/redenoticiaz.com.br\/litoralsp\/wp-content\/uploads\/sites\/3\/2022\/03\/explosao-059963_1028-742-0-0.png","type":"image\/png"}],"author":"Leonardo Francisco","twitter_card":"summary_large_image","twitter_misc":{"Escrito por":"Leonardo Francisco","Est. tempo de leitura":"1 minuto"},"schema":{"@context":"https:\/\/schema.org","@graph":[{"@type":"Article","@id":"https:\/\/redenoticiaz.com.br\/litoralsp\/2022\/03\/25\/video-estacao-de-energia-explode-e-cidades-do-litoral-norte-ficam-sem-luz#article","isPartOf":{"@id":"https:\/\/redenoticiaz.com.br\/litoralsp\/2022\/03\/25\/video-estacao-de-energia-explode-e-cidades-do-litoral-norte-ficam-sem-luz"},"author":{"name":"Leonardo Francisco","@id":"https:\/\/redenoticiaz.com.br\/litoralsp\/#\/schema\/person\/0f0b8a5bdafefe82841e07ae8d81ecb3"},"headline":"V\u00cdDEO &#8211; Esta\u00e7\u00e3o de energia explode e cidades do Litoral Norte ficam sem luz","datePublished":"2022-03-25T23:56:25+00:00","mainEntityOfPage":{"@id":"https:\/\/redenoticiaz.com.br\/litoralsp\/2022\/03\/25\/video-estacao-de-energia-explode-e-cidades-do-litoral-norte-ficam-sem-luz"},"wordCount":266,"commentCount":0,"publisher":{"@id":"https:\/\/redenoticiaz.com.br\/litoralsp\/#organization"},"image":{"@id":"https:\/\/redenoticiaz.com.br\/litoralsp\/2022\/03\/25\/video-estacao-de-energia-explode-e-cidades-do-litoral-norte-ficam-sem-luz#primaryimage"},"thumbnailUrl":"https:\/\/redenoticiaz.com.br\/litoralsp\/wp-content\/uploads\/sites\/3\/2022\/03\/explosao-059963_1028-742-0-0.png","keywords":["ESTA\u00c7\u00c3O DE ENERGIA","EXPLOS\u00c3O","FALTA DE LUZ","ILHABELA","S\u00c3O SEBASTI\u00c3O"],"articleSection":["IlhaBela","Pol\u00edcia","S\u00e3o Sebasti\u00e3o"],"inLanguage":"pt-BR","potentialAction":[{"@type":"CommentAction","name":"Comment","target":["https:\/\/redenoticiaz.com.br\/litoralsp\/2022\/03\/25\/video-estacao-de-energia-explode-e-cidades-do-litoral-norte-ficam-sem-luz#respond"]}]},{"@type":"WebPage","@id":"https:\/\/redenoticiaz.com.br\/litoralsp\/2022\/03\/25\/video-estacao-de-energia-explode-e-cidades-do-litoral-norte-ficam-sem-luz","url":"https:\/\/redenoticiaz.com.br\/litoralsp\/2022\/03\/25\/video-estacao-de-energia-explode-e-cidades-do-litoral-norte-ficam-sem-luz","name":"V\u00cdDEO - Esta\u00e7\u00e3o de energia explode e cidades do Litoral Norte ficam sem luz - Litoral SP","isPartOf":{"@id":"https:\/\/redenoticiaz.com.br\/litoralsp\/#website"},"primaryImageOfPage":{"@id":"https:\/\/redenoticiaz.com.br\/litoralsp\/2022\/03\/25\/video-estacao-de-energia-explode-e-cidades-do-litoral-norte-ficam-sem-luz#primaryimage"},"image":{"@id":"https:\/\/redenoticiaz.com.br\/litoralsp\/2022\/03\/25\/video-estacao-de-energia-explode-e-cidades-do-litoral-norte-ficam-sem-luz#primaryimage"},"thumbnailUrl":"https:\/\/redenoticiaz.com.br\/litoralsp\/wp-content\/uploads\/sites\/3\/2022\/03\/explosao-059963_1028-742-0-0.png","datePublished":"2022-03-25T23:56:25+00:00","description":"sexta-feira (25), uma esta\u00e7\u00e3o de energia explodiu e deixou parte das cidades de Ilhabela e S\u00e3o Sebasti\u00e3o sem luz. A ISA CTEEP, respons\u00e1vel","inLanguage":"pt-BR","potentialAction":[{"@type":"ReadAction","target":["https:\/\/redenoticiaz.com.br\/litoralsp\/2022\/03\/25\/video-estacao-de-energia-explode-e-cidades-do-litoral-norte-ficam-sem-luz"]}]},{"@type":"ImageObject","inLanguage":"pt-BR","@id":"https:\/\/redenoticiaz.com.br\/litoralsp\/2022\/03\/25\/video-estacao-de-energia-explode-e-cidades-do-litoral-norte-ficam-sem-luz#primaryimage","url":"https:\/\/redenoticiaz.com.br\/litoralsp\/wp-content\/uploads\/sites\/3\/2022\/03\/explosao-059963_1028-742-0-0.png","contentUrl":"https:\/\/redenoticiaz.com.br\/litoralsp\/wp-content\/uploads\/sites\/3\/2022\/03\/explosao-059963_1028-742-0-0.png","width":1028,"height":742,"caption":"Cr\u00e9ditos: Reprodu\u00e7\u00e3o."},{"@type":"WebSite","@id":"https:\/\/redenoticiaz.com.br\/litoralsp\/#website","url":"https:\/\/redenoticiaz.com.br\/litoralsp\/","name":"Litoral SP","description":"Rede NoticiaZ","publisher":{"@id":"https:\/\/redenoticiaz.com.br\/litoralsp\/#organization"},"potentialAction":[{"@type":"SearchAction","target":{"@type":"EntryPoint","urlTemplate":"https:\/\/redenoticiaz.com.br\/litoralsp\/?s={search_term_string}"},"query-input":{"@type":"PropertyValueSpecification","valueRequired":true,"valueName":"search_term_string"}}],"inLanguage":"pt-BR"},{"@type":"Organization","@id":"https:\/\/redenoticiaz.com.br\/litoralsp\/#organization","name":"Litoral SP","url":"https:\/\/redenoticiaz.com.br\/litoralsp\/","logo":{"@type":"ImageObject","inLanguage":"pt-BR","@id":"https:\/\/redenoticiaz.com.br\/litoralsp\/#\/schema\/logo\/image\/","url":"https:\/\/redenoticiaz.com.br\/litoralsp\/wp-content\/uploads\/sites\/3\/2020\/11\/logo.jpg","contentUrl":"https:\/\/redenoticiaz.com.br\/litoralsp\/wp-content\/uploads\/sites\/3\/2020\/11\/logo.jpg","width":400,"height":250,"caption":"Litoral SP"},"image":{"@id":"https:\/\/redenoticiaz.com.br\/litoralsp\/#\/schema\/logo\/image\/"}},{"@type":"Person","@id":"https:\/\/redenoticiaz.com.br\/litoralsp\/#\/schema\/person\/0f0b8a5bdafefe82841e07ae8d81ecb3","name":"Leonardo Francisco","image":{"@type":"ImageObject","inLanguage":"pt-BR","@id":"https:\/\/secure.gravatar.com\/avatar\/a7358cb406a99b682ec6df1e77e31ae82e63601f6784e8a3df411d72b37864da?s=96&d=mm&r=g","url":"https:\/\/secure.gravatar.com\/avatar\/a7358cb406a99b682ec6df1e77e31ae82e63601f6784e8a3df411d72b37864da?s=96&d=mm&r=g","contentUrl":"https:\/\/secure.gravatar.com\/avatar\/a7358cb406a99b682ec6df1e77e31ae82e63601f6784e8a3df411d72b37864da?s=96&d=mm&r=g","caption":"Leonardo Francisco"},"url":"https:\/\/redenoticiaz.com.br\/litoralsp\/author\/leonardo-francisco"}]}},"_links":{"self":[{"href":"https:\/\/redenoticiaz.com.br\/litoralsp\/wp-json\/wp\/v2\/posts\/25528","targetHints":{"allow":["GET"]}}],"collection":[{"href":"https:\/\/redenoticiaz.com.br\/litoralsp\/wp-json\/wp\/v2\/posts"}],"about":[{"href":"https:\/\/redenoticiaz.com.br\/litoralsp\/wp-json\/wp\/v2\/types\/post"}],"author":[{"embeddable":true,"href":"https:\/\/redenoticiaz.com.br\/litoralsp\/wp-json\/wp\/v2\/users\/6"}],"replies":[{"embeddable":true,"href":"https:\/\/redenoticiaz.com.br\/litoralsp\/wp-json\/wp\/v2\/comments?post=25528"}],"version-history":[{"count":1,"href":"https:\/\/redenoticiaz.com.br\/litoralsp\/wp-json\/wp\/v2\/posts\/25528\/revisions"}],"predecessor-version":[{"id":25531,"href":"https:\/\/redenoticiaz.com.br\/litoralsp\/wp-json\/wp\/v2\/posts\/25528\/revisions\/25531"}],"wp:featuredmedia":[{"embeddable":true,"href":"https:\/\/redenoticiaz.com.br\/litoralsp\/wp-json\/wp\/v2\/media\/25529"}],"wp:attachment":[{"href":"https:\/\/redenoticiaz.com.br\/litoralsp\/wp-json\/wp\/v2\/media?parent=25528"}],"wp:term":[{"taxonomy":"category","embeddable":true,"href":"https:\/\/redenoticiaz.com.br\/litoralsp\/wp-json\/wp\/v2\/categories?post=25528"},{"taxonomy":"post_tag","embeddable":true,"href":"https:\/\/redenoticiaz.com.br\/litoralsp\/wp-json\/wp\/v2\/tags?post=25528"}],"curies":[{"name":"wp","href":"https:\/\/api.w.org\/{rel}","templated":true}]}}