{"id":25844,"date":"2022-03-31T13:45:24","date_gmt":"2022-03-31T16:45:24","guid":{"rendered":"https:\/\/redenoticiaz.com.br\/litoralsp\/2022\/03\/31\/bolsonaro-realiza-ato-para-dar-posse-a-novos-ministros"},"modified":"2022-03-31T13:45:25","modified_gmt":"2022-03-31T16:45:25","slug":"bolsonaro-realiza-ato-para-dar-posse-a-novos-ministros","status":"publish","type":"post","link":"https:\/\/redenoticiaz.com.br\/litoralsp\/2022\/03\/31\/bolsonaro-realiza-ato-para-dar-posse-a-novos-ministros","title":{"rendered":"Bolsonaro realiza ato para dar posse \u00e0 novos ministros"},"content":{"rendered":"<p>Nesta quinta-feira (31), o presidente Jair Bolsonaro (PL) participou de um ato no <a href=\"https:\/\/www.gov.br\/pt-br\">Pal\u00e1cio do Planalto<\/a> para se despedir de alguns ministros que ir\u00e3o concorrer a cargos eleitorais. <strong>Novos ministros tomaram posse<\/strong> e dever\u00e3o seguir ao cargo at\u00e9 o final do ano.<\/p>\n<p>Conforme determina a legisla\u00e7\u00e3o eleitoral, os ministros que forem concorrer \u00e0s Elei\u00e7\u00f5es, devem deixar os cargos. Tecnicamente ele \u00e9 chamado de &#8220;desincompatibiliza\u00e7\u00e3o&#8221;, e a medida deve acontecer at\u00e9 seis meses antes do pleito. O primeiro turno deste ano est\u00e1 marcado para 2 de outubro.<\/p>\n<div class=\"mc-column content-text active-extra-styles \" data-block-type=\"unstyled\" data-block-weight=\"15\" data-block-id=\"5\">\n<p class=\"content-text__container \" data-track-category=\"Link no Texto\" data-track-links=\"\">Durante a cerim\u00f4nia, os ministros que deixam os cargos fizeram discursos de agradecimento a Bolsonaro. A troca de nove ministros foi publicada no Di\u00e1rio Oficial da Uni\u00e3o. Al\u00e9m disso, Walter Souza Braga Netto, tamb\u00e9m deve deixar o cargo de ministro da Defesa. Ele pode ser o candidato \u00e0 vice-presid\u00eancia. O atual vice, Hamilton Mour\u00e3o,\u00a0deve disputar uma vaga no Senado, pelo Rio Grande do Sul.<\/p>\n<div class=\"mc-column content-text active-extra-styles \" data-block-type=\"unstyled\" data-block-weight=\"38\" data-block-id=\"11\">\n<p class=\"content-text__container \" data-track-category=\"Link no Texto\" data-track-links=\"\">O sucessor de Braga Netto deve ser o general Paulo S\u00e9rgio Nogueira, atual comandante do Ex\u00e9rcito, que ser\u00e1 substitu\u00eddo pelo general Marco Ant\u00f4nio Freire Gomes. A passagem de comando do Ex\u00e9rcito est\u00e1 prevista para a tarde desta quinta.<\/p>\n<\/div>\n<div class=\"content-ads content-ads--reveal\" data-block-type=\"ads\" data-block-id=\"12\">\n<div id=\"banner_materia__5ba40278-4ca7-4224-af14-76da130eaa38\" class=\"tag-manager-publicidade-container mc-has-reveal mc-has-ad-lazyload tag-manager-publicidade-banner_materia__5ba40278-4ca7-4224-af14-76da130eaa38 tag-manager-publicidade-container--carregado tag-manager-publicidade-container--visivel\" data-id=\"banner_materia__5ba40278-4ca7-4224-af14-76da130eaa38\" data-req=\"true\" data-google-query-id=\"CK3UsuDk8PYCFQIF1AodKA8CTA\" data-cid=\"138386731876\" data-lid=\"5963461140\"><\/div>\n<\/div>\n<h3 data-track-category=\"Link no Texto\">Veja quais ser\u00e3o as mudan\u00e7as:<\/h3>\n<div class=\"mc-column content-text active-extra-styles \" data-block-type=\"unstyled\" data-block-weight=\"1\" data-block-id=\"22\">\n<p class=\"content-text__container \" data-track-category=\"Link no Texto\" data-track-links=\"\"><strong>INFRAESTRUTURA<\/strong><\/p>\n<\/div>\n<div class=\"mc-column content-text active-extra-styles\" data-block-type=\"raw\" data-block-weight=\"20\" data-block-id=\"23\">\n<ul class=\"content-unordered-list\">\n<li><strong>Quem sai:\u00a0<\/strong>Tarc\u00edsio de Freitas, pr\u00e9-candidato ao governo de S\u00e3o Paulo;<\/li>\n<li><strong>Quem entra:<\/strong>\u00a0Marcelo Sampaio, que era secret\u00e1rio-executivo do minist\u00e9rio.<\/li>\n<\/ul>\n<\/div>\n<div class=\"mc-column content-text active-extra-styles \" data-block-type=\"unstyled\" data-block-weight=\"1\" data-block-id=\"24\">\n<p class=\"content-text__container \" data-track-category=\"Link no Texto\" data-track-links=\"\"><strong>CIDADANIA<\/strong><\/p>\n<\/div>\n<div class=\"mc-column content-text active-extra-styles\" data-block-type=\"raw\" data-block-weight=\"28\" data-block-id=\"25\">\n<ul class=\"content-unordered-list\">\n<li><strong>Quem sai:\u00a0<\/strong>Jo\u00e3o Roma, pr\u00e9-candidato ao governo da Bahia. Volta \u00e0 C\u00e2mara dos Deputados;<\/li>\n<li><strong>Quem entra:<\/strong>\u00a0Ronaldo Vieira Bento, que chefiava a assessoria de Assuntos Estrat\u00e9gicos do minist\u00e9rio.<\/li>\n<\/ul>\n<\/div>\n<div class=\"mc-column content-text active-extra-styles \" data-block-type=\"unstyled\" data-block-weight=\"5\" data-block-id=\"26\">\n<p class=\"content-text__container \" data-track-category=\"Link no Texto\" data-track-links=\"\"><strong>MULHER, FAM\u00cdLIA E DIREITOS HUMANOS<\/strong><\/p>\n<\/div>\n<div class=\"mc-column content-text active-extra-styles\" data-block-type=\"raw\" data-block-weight=\"25\" data-block-id=\"27\">\n<ul class=\"content-unordered-list\">\n<li><strong>Quem sai:\u00a0<\/strong>Damares Alves, pr\u00e9-candidata ao Senado ou a C\u00e2mara dos Deputados;<\/li>\n<li><strong>Quem entra:<\/strong>\u00a0Cristiane Britto, que era secret\u00e1ria nacional de Pol\u00edticas para as Mulheres.<\/li>\n<\/ul>\n<\/div>\n<div class=\"mc-column content-text active-extra-styles \" data-block-type=\"unstyled\" data-block-weight=\"4\" data-block-id=\"28\">\n<p class=\"content-text__container \" data-track-category=\"Link no Texto\" data-track-links=\"\"><strong>CI\u00caNCIA, TECNOLOGIA E INOVA\u00c7\u00d5ES<\/strong><\/p>\n<\/div>\n<div class=\"mc-column content-text active-extra-styles\" data-block-type=\"raw\" data-block-weight=\"22\" data-block-id=\"29\">\n<ul class=\"content-unordered-list\">\n<li><strong>Quem sai:\u00a0<\/strong>Marcos Pontes, pr\u00e9-candidato a deputado federal por S\u00e3o Paulo.<\/li>\n<li><strong>Quem entra:<\/strong>\u00a0Paulo Alvim, que era secret\u00e1rio de Inova\u00e7\u00e3o do minist\u00e9rio.<\/li>\n<\/ul>\n<\/div>\n<div class=\"mc-column content-text active-extra-styles \" data-block-type=\"unstyled\" data-block-weight=\"3\" data-block-id=\"30\">\n<p class=\"content-text__container \" data-track-category=\"Link no Texto\" data-track-links=\"\"><strong>TRABALHO E PREVID\u00caNCIA<\/strong><\/p>\n<\/div>\n<div class=\"mc-column content-text active-extra-styles\" data-block-type=\"raw\" data-block-weight=\"31\" data-block-id=\"31\">\n<ul class=\"content-unordered-list\">\n<li><strong>Quem sai:<\/strong>\u00a0Onyx Lorenzoni, pr\u00e9-candidato ao governo do Rio Grande do Sul. Volta \u00e0 C\u00e2mara dos Deputados;<\/li>\n<li><strong>Quem entra:\u00a0<\/strong>Jos\u00e9 Carlos Oliveira, que presidia o Instituto Nacional do Seguro Social (INSS).<\/li>\n<\/ul>\n<\/div>\n<div class=\"mc-column content-text active-extra-styles \" data-block-type=\"unstyled\" data-block-weight=\"3\" data-block-id=\"32\">\n<p class=\"content-text__container \" data-track-category=\"Link no Texto\" data-track-links=\"\"><strong>SECRETARIA DE GOVERNO<\/strong><\/p>\n<\/div>\n<div class=\"mc-column content-text active-extra-styles\" data-block-type=\"raw\" data-block-weight=\"28\" data-block-id=\"33\">\n<ul class=\"content-unordered-list\">\n<li><strong>Quem sai:\u00a0<\/strong>Fl\u00e1via Arruda, pr\u00e9-candidata ao Senado no Distrito Federal. Volta \u00e0 C\u00e2mara dos Deputados.<\/li>\n<li><strong>Quem entra:<\/strong>\u00a0C\u00e9lio Faria Junior, que era chefe do gabinete pessoal de Bolsonaro.<\/li>\n<\/ul>\n<\/div>\n<div class=\"mc-column content-text active-extra-styles \" data-block-type=\"unstyled\" data-block-weight=\"1\" data-block-id=\"34\">\n<p class=\"content-text__container \" data-track-category=\"Link no Texto\" data-track-links=\"\"><strong>AGRICULTURA<\/strong><\/p>\n<\/div>\n<div class=\"mc-column content-text active-extra-styles\" data-block-type=\"raw\" data-block-weight=\"27\" data-block-id=\"35\">\n<ul class=\"content-unordered-list\">\n<li><strong>Quem sai:\u00a0<\/strong>Tereza Cristina, pr\u00e9-candidata ao Senado no Mato Grosso do Sul. Volta \u00e0 C\u00e2mara dos Deputados.<\/li>\n<li><strong>Quem entra:\u00a0<\/strong>Marcos Montes, ex-deputado, que era secret\u00e1rio-executivo do minist\u00e9rio.<\/li>\n<\/ul>\n<div class=\"mc-column content-text active-extra-styles \" data-block-type=\"unstyled\" data-block-weight=\"2\" data-block-id=\"37\">\n<p class=\"content-text__container \" data-track-category=\"Link no Texto\" data-track-links=\"\"><strong>DESENVOLVIMENTO REGIONAL<\/strong><\/p>\n<\/div>\n<div class=\"mc-column content-text active-extra-styles\" data-block-type=\"raw\" data-block-weight=\"24\" data-block-id=\"38\">\n<ul class=\"content-unordered-list\">\n<li><strong>Quem sai:<\/strong>\u00a0Rog\u00e9rio Marinho, pr\u00e9-candidato ao Senado no Rio Grande do Norte;<\/li>\n<li><strong>Quem entra:<\/strong>\u00a0Daniel de Oliveira Duarte Ferreira, que era secret\u00e1rio-executivo da pasta.<\/li>\n<\/ul>\n<\/div>\n<div class=\"mc-column content-text active-extra-styles \" data-block-type=\"unstyled\" data-block-weight=\"1\" data-block-id=\"39\">\n<p class=\"content-text__container \" data-track-category=\"Link no Texto\" data-track-links=\"\"><strong>TURISMO<\/strong><\/p>\n<\/div>\n<div class=\"mc-column content-text active-extra-styles\" data-block-type=\"raw\" data-block-weight=\"18\" data-block-id=\"40\">\n<ul class=\"content-unordered-list\">\n<li><strong>Quem sai:\u00a0<\/strong>Gilson Machado, pr\u00e9-candidato ao Senado em Pernambuco;<\/li>\n<li><strong>Quem entra:<\/strong>\u00a0Carlos Brito, que era diretor-presidente da Embratur.<\/li>\n<\/ul>\n<\/div>\n<div class=\"mc-column content-text active-extra-styles\" data-block-type=\"raw\" data-block-weight=\"3\" data-block-id=\"41\">\n<div class=\"content-intertitle\">\n<h2>Ministros que ficam<\/h2>\n<\/div>\n<\/div>\n<div class=\"mc-column content-text active-extra-styles \" data-block-type=\"unstyled\" data-block-weight=\"27\" data-block-id=\"42\">\n<p class=\"content-text__container \" data-track-category=\"Link no Texto\" data-track-links=\"\">O governo Bolsonaro tem 23 minist\u00e9rios. O presidente j\u00e1 trocou nove ministros e ainda deve fazer uma mudan\u00e7a na pasta da Defesa, totalizando 10 nesta reforma ministerial.<\/p>\n<\/div>\n<div class=\"mc-column content-text active-extra-styles\" data-block-type=\"raw\" data-block-weight=\"54\" data-block-id=\"43\">\n<ul class=\"content-unordered-list\">\n<li>Ciro Nogueira (Casa Civil);<\/li>\n<li>Anderson Torres (Justi\u00e7a);<\/li>\n<li>Carlos Fran\u00e7a (Rela\u00e7\u00f5es Exteriores);<\/li>\n<li>Paulo Guedes (Economia);<\/li>\n<li>Marcelo Queiroga (Sa\u00fade);<\/li>\n<li>Bento Albuquerque (Minas e Energia);<\/li>\n<li>F\u00e1bio Faria (Comunica\u00e7\u00f5es);<\/li>\n<li>Joaquim Leite (Meio Ambiente);<\/li>\n<li>Wagner Ros\u00e1rio (CGU);<\/li>\n<li>Luiz Eduardo Ramos (Secretaria-Geral da Presid\u00eancia);<\/li>\n<li>Augusto Heleno (Gabinete de Seguran\u00e7a Institucional);<\/li>\n<li>Bruno Bianco (Advocacia-Geral da Uni\u00e3o);<\/li>\n<li>Victor Godoy Veiga (Educa\u00e7\u00e3o, interino).<\/li>\n<\/ul>\n<p><strong>LEIA TAMB\u00c9M<\/strong><\/p>\n<p><a href=\"https:\/\/redenoticiaz.com.br\/blog\/2022\/03\/30\/ministerio-da-saude-nao-vai-decretar-o-fim-da-pandemia-da-covid-19\">Minist\u00e9rio da Sa\u00fade n\u00e3o vai decretar o \u2018fim da pandemia\u2019 da Covid-19<\/a><\/p>\n<\/div>\n<\/div>\n<\/div>\n","protected":false},"excerpt":{"rendered":"<p>Nesta quinta-feira (31), o presidente Jair Bolsonaro (PL) participou de um ato no Pal\u00e1cio do Planalto para se despedir de alguns ministros que ir\u00e3o concorrer a cargos eleitorais. Novos ministros tomaram posse e dever\u00e3o seguir ao cargo at\u00e9 o final do ano. Conforme determina a legisla\u00e7\u00e3o eleitoral, os ministros que forem concorrer \u00e0s Elei\u00e7\u00f5es, devem &hellip;<\/p>\n","protected":false},"author":6,"featured_media":25845,"comment_status":"open","ping_status":"closed","sticky":false,"template":"","format":"standard","meta":{"footnotes":""},"categories":[15],"tags":[173,39729,18,53038,25015,53039],"class_list":["post-25844","post","type-post","status-publish","format-standard","has-post-thumbnail","hentry","category-politica","tag-brasil","tag-eleicoes-2022","tag-jair-bolsonaro","tag-novos-ministros","tag-palacio-do-planalto","tag-troca-de-ministros"],"yoast_head":"<!-- This site is optimized with the Yoast SEO plugin v27.5 - https:\/\/yoast.com\/product\/yoast-seo-wordpress\/ -->\n<title>Bolsonaro realiza ato para dar posse \u00e0 novos ministros - Litoral SP<\/title>\n<meta name=\"description\" content=\"Nesta quinta-feira (31), o presidente Jair Bolsonaro (PL) participou de um ato no Pal\u00e1cio do Planalto para se despedir de alguns ministros que\" \/>\n<meta name=\"robots\" content=\"index, follow, max-snippet:-1, max-image-preview:large, max-video-preview:-1\" \/>\n<link rel=\"canonical\" href=\"https:\/\/redenoticiaz.com.br\/litoralsp\/2022\/03\/31\/bolsonaro-realiza-ato-para-dar-posse-a-novos-ministros\" \/>\n<meta property=\"og:locale\" content=\"pt_BR\" \/>\n<meta property=\"og:type\" content=\"article\" \/>\n<meta property=\"og:title\" content=\"Bolsonaro realiza ato para dar posse \u00e0 novos ministros - Litoral SP\" \/>\n<meta property=\"og:description\" content=\"Nesta quinta-feira (31), o presidente Jair Bolsonaro (PL) participou de um ato no Pal\u00e1cio do Planalto para se despedir de alguns ministros que\" \/>\n<meta property=\"og:url\" content=\"https:\/\/redenoticiaz.com.br\/litoralsp\/2022\/03\/31\/bolsonaro-realiza-ato-para-dar-posse-a-novos-ministros\" \/>\n<meta property=\"og:site_name\" content=\"Litoral SP\" \/>\n<meta property=\"article:published_time\" content=\"2022-03-31T16:45:24+00:00\" \/>\n<meta property=\"article:modified_time\" content=\"2022-03-31T16:45:25+00:00\" \/>\n<meta name=\"author\" content=\"Leonardo Francisco\" \/>\n<meta name=\"twitter:card\" content=\"summary_large_image\" \/>\n<meta name=\"twitter:image\" content=\"https:\/\/redenoticiaz.com.br\/litoralsp\/wp-content\/uploads\/sites\/3\/2022\/03\/evento-bolsonaro-e1648745068547.jpg?v=1648745049\" \/>\n<meta name=\"twitter:label1\" content=\"Escrito por\" \/>\n\t<meta name=\"twitter:data1\" content=\"Leonardo Francisco\" \/>\n\t<meta name=\"twitter:label2\" content=\"Est. tempo de leitura\" \/>\n\t<meta name=\"twitter:data2\" content=\"3 minutos\" \/>\n<script type=\"application\/ld+json\" class=\"yoast-schema-graph\">{\"@context\":\"https:\\\/\\\/schema.org\",\"@graph\":[{\"@type\":\"Article\",\"@id\":\"https:\\\/\\\/redenoticiaz.com.br\\\/litoralsp\\\/2022\\\/03\\\/31\\\/bolsonaro-realiza-ato-para-dar-posse-a-novos-ministros#article\",\"isPartOf\":{\"@id\":\"https:\\\/\\\/redenoticiaz.com.br\\\/litoralsp\\\/2022\\\/03\\\/31\\\/bolsonaro-realiza-ato-para-dar-posse-a-novos-ministros\"},\"author\":{\"name\":\"Leonardo Francisco\",\"@id\":\"https:\\\/\\\/redenoticiaz.com.br\\\/litoralsp\\\/#\\\/schema\\\/person\\\/0f0b8a5bdafefe82841e07ae8d81ecb3\"},\"headline\":\"Bolsonaro realiza ato para dar posse \u00e0 novos ministros\",\"datePublished\":\"2022-03-31T16:45:24+00:00\",\"dateModified\":\"2022-03-31T16:45:25+00:00\",\"mainEntityOfPage\":{\"@id\":\"https:\\\/\\\/redenoticiaz.com.br\\\/litoralsp\\\/2022\\\/03\\\/31\\\/bolsonaro-realiza-ato-para-dar-posse-a-novos-ministros\"},\"wordCount\":608,\"commentCount\":0,\"publisher\":{\"@id\":\"https:\\\/\\\/redenoticiaz.com.br\\\/litoralsp\\\/#organization\"},\"image\":{\"@id\":\"https:\\\/\\\/redenoticiaz.com.br\\\/litoralsp\\\/2022\\\/03\\\/31\\\/bolsonaro-realiza-ato-para-dar-posse-a-novos-ministros#primaryimage\"},\"thumbnailUrl\":\"https:\\\/\\\/redenoticiaz.com.br\\\/litoralsp\\\/wp-content\\\/uploads\\\/sites\\\/3\\\/2022\\\/03\\\/evento-bolsonaro-e1648745068547.jpg?v=1648745049\",\"keywords\":[\"Brasil\",\"ELEI\u00c7\u00d5ES 2022\",\"Jair Bolsonaro\",\"NOVOS MINISTROS\",\"PAL\u00c1CIO DO PLANALTO\",\"TROCA DE MINISTROS\"],\"articleSection\":[\"Pol\u00edtica\"],\"inLanguage\":\"pt-BR\",\"potentialAction\":[{\"@type\":\"CommentAction\",\"name\":\"Comment\",\"target\":[\"https:\\\/\\\/redenoticiaz.com.br\\\/litoralsp\\\/2022\\\/03\\\/31\\\/bolsonaro-realiza-ato-para-dar-posse-a-novos-ministros#respond\"]}]},{\"@type\":\"WebPage\",\"@id\":\"https:\\\/\\\/redenoticiaz.com.br\\\/litoralsp\\\/2022\\\/03\\\/31\\\/bolsonaro-realiza-ato-para-dar-posse-a-novos-ministros\",\"url\":\"https:\\\/\\\/redenoticiaz.com.br\\\/litoralsp\\\/2022\\\/03\\\/31\\\/bolsonaro-realiza-ato-para-dar-posse-a-novos-ministros\",\"name\":\"Bolsonaro realiza ato para dar posse \u00e0 novos ministros - Litoral SP\",\"isPartOf\":{\"@id\":\"https:\\\/\\\/redenoticiaz.com.br\\\/litoralsp\\\/#website\"},\"primaryImageOfPage\":{\"@id\":\"https:\\\/\\\/redenoticiaz.com.br\\\/litoralsp\\\/2022\\\/03\\\/31\\\/bolsonaro-realiza-ato-para-dar-posse-a-novos-ministros#primaryimage\"},\"image\":{\"@id\":\"https:\\\/\\\/redenoticiaz.com.br\\\/litoralsp\\\/2022\\\/03\\\/31\\\/bolsonaro-realiza-ato-para-dar-posse-a-novos-ministros#primaryimage\"},\"thumbnailUrl\":\"https:\\\/\\\/redenoticiaz.com.br\\\/litoralsp\\\/wp-content\\\/uploads\\\/sites\\\/3\\\/2022\\\/03\\\/evento-bolsonaro-e1648745068547.jpg?v=1648745049\",\"datePublished\":\"2022-03-31T16:45:24+00:00\",\"dateModified\":\"2022-03-31T16:45:25+00:00\",\"description\":\"Nesta quinta-feira (31), o presidente Jair Bolsonaro (PL) participou de um ato no Pal\u00e1cio do Planalto para se despedir de alguns ministros que\",\"inLanguage\":\"pt-BR\",\"potentialAction\":[{\"@type\":\"ReadAction\",\"target\":[\"https:\\\/\\\/redenoticiaz.com.br\\\/litoralsp\\\/2022\\\/03\\\/31\\\/bolsonaro-realiza-ato-para-dar-posse-a-novos-ministros\"]}]},{\"@type\":\"ImageObject\",\"inLanguage\":\"pt-BR\",\"@id\":\"https:\\\/\\\/redenoticiaz.com.br\\\/litoralsp\\\/2022\\\/03\\\/31\\\/bolsonaro-realiza-ato-para-dar-posse-a-novos-ministros#primaryimage\",\"url\":\"https:\\\/\\\/redenoticiaz.com.br\\\/litoralsp\\\/wp-content\\\/uploads\\\/sites\\\/3\\\/2022\\\/03\\\/evento-bolsonaro-e1648745068547.jpg?v=1648745049\",\"contentUrl\":\"https:\\\/\\\/redenoticiaz.com.br\\\/litoralsp\\\/wp-content\\\/uploads\\\/sites\\\/3\\\/2022\\\/03\\\/evento-bolsonaro-e1648745068547.jpg?v=1648745049\",\"width\":984,\"height\":514,\"caption\":\"Cr\u00e9ditos: Reprodu\u00e7\u00e3o\\\/ TV Brasil\"},{\"@type\":\"WebSite\",\"@id\":\"https:\\\/\\\/redenoticiaz.com.br\\\/litoralsp\\\/#website\",\"url\":\"https:\\\/\\\/redenoticiaz.com.br\\\/litoralsp\\\/\",\"name\":\"Litoral SP\",\"description\":\"Rede NoticiaZ\",\"publisher\":{\"@id\":\"https:\\\/\\\/redenoticiaz.com.br\\\/litoralsp\\\/#organization\"},\"potentialAction\":[{\"@type\":\"SearchAction\",\"target\":{\"@type\":\"EntryPoint\",\"urlTemplate\":\"https:\\\/\\\/redenoticiaz.com.br\\\/litoralsp\\\/?s={search_term_string}\"},\"query-input\":{\"@type\":\"PropertyValueSpecification\",\"valueRequired\":true,\"valueName\":\"search_term_string\"}}],\"inLanguage\":\"pt-BR\"},{\"@type\":\"Organization\",\"@id\":\"https:\\\/\\\/redenoticiaz.com.br\\\/litoralsp\\\/#organization\",\"name\":\"Litoral SP\",\"url\":\"https:\\\/\\\/redenoticiaz.com.br\\\/litoralsp\\\/\",\"logo\":{\"@type\":\"ImageObject\",\"inLanguage\":\"pt-BR\",\"@id\":\"https:\\\/\\\/redenoticiaz.com.br\\\/litoralsp\\\/#\\\/schema\\\/logo\\\/image\\\/\",\"url\":\"https:\\\/\\\/redenoticiaz.com.br\\\/litoralsp\\\/wp-content\\\/uploads\\\/sites\\\/3\\\/2020\\\/11\\\/logo.jpg\",\"contentUrl\":\"https:\\\/\\\/redenoticiaz.com.br\\\/litoralsp\\\/wp-content\\\/uploads\\\/sites\\\/3\\\/2020\\\/11\\\/logo.jpg\",\"width\":400,\"height\":250,\"caption\":\"Litoral SP\"},\"image\":{\"@id\":\"https:\\\/\\\/redenoticiaz.com.br\\\/litoralsp\\\/#\\\/schema\\\/logo\\\/image\\\/\"}},{\"@type\":\"Person\",\"@id\":\"https:\\\/\\\/redenoticiaz.com.br\\\/litoralsp\\\/#\\\/schema\\\/person\\\/0f0b8a5bdafefe82841e07ae8d81ecb3\",\"name\":\"Leonardo Francisco\",\"image\":{\"@type\":\"ImageObject\",\"inLanguage\":\"pt-BR\",\"@id\":\"https:\\\/\\\/secure.gravatar.com\\\/avatar\\\/a7358cb406a99b682ec6df1e77e31ae82e63601f6784e8a3df411d72b37864da?s=96&d=mm&r=g\",\"url\":\"https:\\\/\\\/secure.gravatar.com\\\/avatar\\\/a7358cb406a99b682ec6df1e77e31ae82e63601f6784e8a3df411d72b37864da?s=96&d=mm&r=g\",\"contentUrl\":\"https:\\\/\\\/secure.gravatar.com\\\/avatar\\\/a7358cb406a99b682ec6df1e77e31ae82e63601f6784e8a3df411d72b37864da?s=96&d=mm&r=g\",\"caption\":\"Leonardo Francisco\"},\"url\":\"https:\\\/\\\/redenoticiaz.com.br\\\/litoralsp\\\/author\\\/leonardo-francisco\"}]}<\/script>\n<!-- \/ Yoast SEO plugin. -->","yoast_head_json":{"title":"Bolsonaro realiza ato para dar posse \u00e0 novos ministros - Litoral SP","description":"Nesta quinta-feira (31), o presidente Jair Bolsonaro (PL) participou de um ato no Pal\u00e1cio do Planalto para se despedir de alguns ministros que","robots":{"index":"index","follow":"follow","max-snippet":"max-snippet:-1","max-image-preview":"max-image-preview:large","max-video-preview":"max-video-preview:-1"},"canonical":"https:\/\/redenoticiaz.com.br\/litoralsp\/2022\/03\/31\/bolsonaro-realiza-ato-para-dar-posse-a-novos-ministros","og_locale":"pt_BR","og_type":"article","og_title":"Bolsonaro realiza ato para dar posse \u00e0 novos ministros - Litoral SP","og_description":"Nesta quinta-feira (31), o presidente Jair Bolsonaro (PL) participou de um ato no Pal\u00e1cio do Planalto para se despedir de alguns ministros que","og_url":"https:\/\/redenoticiaz.com.br\/litoralsp\/2022\/03\/31\/bolsonaro-realiza-ato-para-dar-posse-a-novos-ministros","og_site_name":"Litoral SP","article_published_time":"2022-03-31T16:45:24+00:00","article_modified_time":"2022-03-31T16:45:25+00:00","author":"Leonardo Francisco","twitter_card":"summary_large_image","twitter_image":"https:\/\/redenoticiaz.com.br\/litoralsp\/wp-content\/uploads\/sites\/3\/2022\/03\/evento-bolsonaro-e1648745068547.jpg?v=1648745049","twitter_misc":{"Escrito por":"Leonardo Francisco","Est. tempo de leitura":"3 minutos"},"schema":{"@context":"https:\/\/schema.org","@graph":[{"@type":"Article","@id":"https:\/\/redenoticiaz.com.br\/litoralsp\/2022\/03\/31\/bolsonaro-realiza-ato-para-dar-posse-a-novos-ministros#article","isPartOf":{"@id":"https:\/\/redenoticiaz.com.br\/litoralsp\/2022\/03\/31\/bolsonaro-realiza-ato-para-dar-posse-a-novos-ministros"},"author":{"name":"Leonardo Francisco","@id":"https:\/\/redenoticiaz.com.br\/litoralsp\/#\/schema\/person\/0f0b8a5bdafefe82841e07ae8d81ecb3"},"headline":"Bolsonaro realiza ato para dar posse \u00e0 novos ministros","datePublished":"2022-03-31T16:45:24+00:00","dateModified":"2022-03-31T16:45:25+00:00","mainEntityOfPage":{"@id":"https:\/\/redenoticiaz.com.br\/litoralsp\/2022\/03\/31\/bolsonaro-realiza-ato-para-dar-posse-a-novos-ministros"},"wordCount":608,"commentCount":0,"publisher":{"@id":"https:\/\/redenoticiaz.com.br\/litoralsp\/#organization"},"image":{"@id":"https:\/\/redenoticiaz.com.br\/litoralsp\/2022\/03\/31\/bolsonaro-realiza-ato-para-dar-posse-a-novos-ministros#primaryimage"},"thumbnailUrl":"https:\/\/redenoticiaz.com.br\/litoralsp\/wp-content\/uploads\/sites\/3\/2022\/03\/evento-bolsonaro-e1648745068547.jpg?v=1648745049","keywords":["Brasil","ELEI\u00c7\u00d5ES 2022","Jair Bolsonaro","NOVOS MINISTROS","PAL\u00c1CIO DO PLANALTO","TROCA DE MINISTROS"],"articleSection":["Pol\u00edtica"],"inLanguage":"pt-BR","potentialAction":[{"@type":"CommentAction","name":"Comment","target":["https:\/\/redenoticiaz.com.br\/litoralsp\/2022\/03\/31\/bolsonaro-realiza-ato-para-dar-posse-a-novos-ministros#respond"]}]},{"@type":"WebPage","@id":"https:\/\/redenoticiaz.com.br\/litoralsp\/2022\/03\/31\/bolsonaro-realiza-ato-para-dar-posse-a-novos-ministros","url":"https:\/\/redenoticiaz.com.br\/litoralsp\/2022\/03\/31\/bolsonaro-realiza-ato-para-dar-posse-a-novos-ministros","name":"Bolsonaro realiza ato para dar posse \u00e0 novos ministros - Litoral SP","isPartOf":{"@id":"https:\/\/redenoticiaz.com.br\/litoralsp\/#website"},"primaryImageOfPage":{"@id":"https:\/\/redenoticiaz.com.br\/litoralsp\/2022\/03\/31\/bolsonaro-realiza-ato-para-dar-posse-a-novos-ministros#primaryimage"},"image":{"@id":"https:\/\/redenoticiaz.com.br\/litoralsp\/2022\/03\/31\/bolsonaro-realiza-ato-para-dar-posse-a-novos-ministros#primaryimage"},"thumbnailUrl":"https:\/\/redenoticiaz.com.br\/litoralsp\/wp-content\/uploads\/sites\/3\/2022\/03\/evento-bolsonaro-e1648745068547.jpg?v=1648745049","datePublished":"2022-03-31T16:45:24+00:00","dateModified":"2022-03-31T16:45:25+00:00","description":"Nesta quinta-feira (31), o presidente Jair Bolsonaro (PL) participou de um ato no Pal\u00e1cio do Planalto para se despedir de alguns ministros que","inLanguage":"pt-BR","potentialAction":[{"@type":"ReadAction","target":["https:\/\/redenoticiaz.com.br\/litoralsp\/2022\/03\/31\/bolsonaro-realiza-ato-para-dar-posse-a-novos-ministros"]}]},{"@type":"ImageObject","inLanguage":"pt-BR","@id":"https:\/\/redenoticiaz.com.br\/litoralsp\/2022\/03\/31\/bolsonaro-realiza-ato-para-dar-posse-a-novos-ministros#primaryimage","url":"https:\/\/redenoticiaz.com.br\/litoralsp\/wp-content\/uploads\/sites\/3\/2022\/03\/evento-bolsonaro-e1648745068547.jpg?v=1648745049","contentUrl":"https:\/\/redenoticiaz.com.br\/litoralsp\/wp-content\/uploads\/sites\/3\/2022\/03\/evento-bolsonaro-e1648745068547.jpg?v=1648745049","width":984,"height":514,"caption":"Cr\u00e9ditos: Reprodu\u00e7\u00e3o\/ TV Brasil"},{"@type":"WebSite","@id":"https:\/\/redenoticiaz.com.br\/litoralsp\/#website","url":"https:\/\/redenoticiaz.com.br\/litoralsp\/","name":"Litoral SP","description":"Rede NoticiaZ","publisher":{"@id":"https:\/\/redenoticiaz.com.br\/litoralsp\/#organization"},"potentialAction":[{"@type":"SearchAction","target":{"@type":"EntryPoint","urlTemplate":"https:\/\/redenoticiaz.com.br\/litoralsp\/?s={search_term_string}"},"query-input":{"@type":"PropertyValueSpecification","valueRequired":true,"valueName":"search_term_string"}}],"inLanguage":"pt-BR"},{"@type":"Organization","@id":"https:\/\/redenoticiaz.com.br\/litoralsp\/#organization","name":"Litoral SP","url":"https:\/\/redenoticiaz.com.br\/litoralsp\/","logo":{"@type":"ImageObject","inLanguage":"pt-BR","@id":"https:\/\/redenoticiaz.com.br\/litoralsp\/#\/schema\/logo\/image\/","url":"https:\/\/redenoticiaz.com.br\/litoralsp\/wp-content\/uploads\/sites\/3\/2020\/11\/logo.jpg","contentUrl":"https:\/\/redenoticiaz.com.br\/litoralsp\/wp-content\/uploads\/sites\/3\/2020\/11\/logo.jpg","width":400,"height":250,"caption":"Litoral SP"},"image":{"@id":"https:\/\/redenoticiaz.com.br\/litoralsp\/#\/schema\/logo\/image\/"}},{"@type":"Person","@id":"https:\/\/redenoticiaz.com.br\/litoralsp\/#\/schema\/person\/0f0b8a5bdafefe82841e07ae8d81ecb3","name":"Leonardo Francisco","image":{"@type":"ImageObject","inLanguage":"pt-BR","@id":"https:\/\/secure.gravatar.com\/avatar\/a7358cb406a99b682ec6df1e77e31ae82e63601f6784e8a3df411d72b37864da?s=96&d=mm&r=g","url":"https:\/\/secure.gravatar.com\/avatar\/a7358cb406a99b682ec6df1e77e31ae82e63601f6784e8a3df411d72b37864da?s=96&d=mm&r=g","contentUrl":"https:\/\/secure.gravatar.com\/avatar\/a7358cb406a99b682ec6df1e77e31ae82e63601f6784e8a3df411d72b37864da?s=96&d=mm&r=g","caption":"Leonardo Francisco"},"url":"https:\/\/redenoticiaz.com.br\/litoralsp\/author\/leonardo-francisco"}]}},"_links":{"self":[{"href":"https:\/\/redenoticiaz.com.br\/litoralsp\/wp-json\/wp\/v2\/posts\/25844","targetHints":{"allow":["GET"]}}],"collection":[{"href":"https:\/\/redenoticiaz.com.br\/litoralsp\/wp-json\/wp\/v2\/posts"}],"about":[{"href":"https:\/\/redenoticiaz.com.br\/litoralsp\/wp-json\/wp\/v2\/types\/post"}],"author":[{"embeddable":true,"href":"https:\/\/redenoticiaz.com.br\/litoralsp\/wp-json\/wp\/v2\/users\/6"}],"replies":[{"embeddable":true,"href":"https:\/\/redenoticiaz.com.br\/litoralsp\/wp-json\/wp\/v2\/comments?post=25844"}],"version-history":[{"count":0,"href":"https:\/\/redenoticiaz.com.br\/litoralsp\/wp-json\/wp\/v2\/posts\/25844\/revisions"}],"wp:featuredmedia":[{"embeddable":true,"href":"https:\/\/redenoticiaz.com.br\/litoralsp\/wp-json\/wp\/v2\/media\/25845"}],"wp:attachment":[{"href":"https:\/\/redenoticiaz.com.br\/litoralsp\/wp-json\/wp\/v2\/media?parent=25844"}],"wp:term":[{"taxonomy":"category","embeddable":true,"href":"https:\/\/redenoticiaz.com.br\/litoralsp\/wp-json\/wp\/v2\/categories?post=25844"},{"taxonomy":"post_tag","embeddable":true,"href":"https:\/\/redenoticiaz.com.br\/litoralsp\/wp-json\/wp\/v2\/tags?post=25844"}],"curies":[{"name":"wp","href":"https:\/\/api.w.org\/{rel}","templated":true}]}}