{"id":25925,"date":"2022-04-02T10:08:01","date_gmt":"2022-04-02T13:08:01","guid":{"rendered":"https:\/\/redenoticiaz.com.br\/litoralsp\/?p=25925"},"modified":"2022-04-02T10:08:01","modified_gmt":"2022-04-02T13:08:01","slug":"santos-tera-3-mil-novas-lampadas-de-led","status":"publish","type":"post","link":"https:\/\/redenoticiaz.com.br\/litoralsp\/2022\/04\/02\/santos-tera-3-mil-novas-lampadas-de-led","title":{"rendered":"Santos ter\u00e1 3 mil novas l\u00e2mpadas de LED"},"content":{"rendered":"<p>A CPFL Energia iniciar\u00e1, nesta segunda-feira (4), a instala\u00e7\u00e3o de <strong>tr\u00eas mil l\u00e2mpadas de LED<\/strong>, na cidade de <a href=\"http:\/\/www.santos.sp.gov.br\">Santos<\/a>. O primeiro local a passar pela revitaliza\u00e7\u00e3o ser\u00e1 o Centro Hist\u00f3rico, com a substitui\u00e7\u00e3o de 181 lumin\u00e1rias. Esta primeira etapa dever\u00e1 ser finalizada at\u00e9 a pr\u00f3xima sexta-feira (8).<\/p>\n<p>As demais 2.800 l\u00e2mpadas dever\u00e3o ser instaladas at\u00e9 o m\u00eas de junho e atender\u00e1 a 14 bairros. Por ser mais econ\u00f4mica e dur\u00e1vel, as substitui\u00e7\u00f5es dever\u00e3o render uma economia de 1.588,2 MWh ao ano, equivalente ao consumo m\u00e9dio de 670 resid\u00eancias. A energia economizada evitar\u00e1 a emiss\u00e3o de 98 toneladas de CO\u00b2 na atmosfera, o que corresponde ao plantio de 588 novas \u00e1rvores<\/p>\n<p>Al\u00e9m do Centro, ser\u00e3o contempladas diversas ruas dos bairros Aparecida, Boqueir\u00e3o, Campo Grande, Embar\u00e9, Encruzilhada, Estu\u00e1rio, Gonzaga, Jabaquara, Macuco, Paquet\u00e1, Valongo, Vila Mathias e Vila Nova. O investimento total para a troca das novas l\u00e2mpadas est\u00e1 avaliado na ordem de R$ 4,5 milh\u00f5es.<\/p>\n<p>Trata-se de uma compensa\u00e7\u00e3o pelos impactos decorrentes da constru\u00e7\u00e3o de um novo sistema subterr\u00e2neo de alta tens\u00e3o, estimado de R$ 220 milh\u00f5es. O projeto envolve linhas subterr\u00e2neas de transmiss\u00e3o de energia, que ser\u00e3o distribu\u00eddas pelo Munic\u00edpio. Com a instala\u00e7\u00e3o destes cabos, n\u00e3o haver\u00e1 necessidade de grandes postes ou torres met\u00e1licas nas ruas, de acordo com a CPFL.<\/p>\n<p><strong>LEIA TAMB\u00c9M<\/strong><\/p>\n<p><a href=\"https:\/\/redenoticiaz.com.br\/litoralsp\/2022\/04\/01\/alunos-provocam-briga-generalizada-dentro-de-escola-estadual-de-santos\">Alunos provocam briga generalizada dentro de escola estadual de Santos<\/a><\/p>\n","protected":false},"excerpt":{"rendered":"<p>A CPFL Energia iniciar\u00e1, nesta segunda-feira (4), a instala\u00e7\u00e3o de tr\u00eas mil l\u00e2mpadas de LED, na cidade de Santos. O primeiro local a passar pela revitaliza\u00e7\u00e3o ser\u00e1 o Centro Hist\u00f3rico, com a substitui\u00e7\u00e3o de 181 lumin\u00e1rias. Esta primeira etapa dever\u00e1 ser finalizada at\u00e9 a pr\u00f3xima sexta-feira (8). As demais 2.800 l\u00e2mpadas dever\u00e3o ser instaladas at\u00e9 &hellip;<\/p>\n","protected":false},"author":15,"featured_media":25926,"comment_status":"open","ping_status":"closed","sticky":false,"template":"","format":"standard","meta":{"footnotes":""},"categories":[1487,180],"tags":[8125,37892,37893,986],"class_list":["post-25925","post","type-post","status-publish","format-standard","has-post-thumbnail","hentry","category-meio-ambiente","category-santos","tag-cpfl","tag-lampadas","tag-led","tag-santos"],"yoast_head":"<!-- This site is optimized with the Yoast SEO plugin v27.5 - https:\/\/yoast.com\/product\/yoast-seo-wordpress\/ -->\n<title>Santos ter\u00e1 3 mil novas l\u00e2mpadas de LED - Litoral SP<\/title>\n<meta name=\"description\" content=\"A CPFL Energia iniciar\u00e1, nesta segunda-feira (4), a instala\u00e7\u00e3o de tr\u00eas mil l\u00e2mpadas de LED, na cidade de Santos, a come\u00e7ar pelo Centro Hist\u00f3rico.\" \/>\n<meta name=\"robots\" content=\"index, follow, max-snippet:-1, max-image-preview:large, max-video-preview:-1\" \/>\n<link rel=\"canonical\" href=\"https:\/\/redenoticiaz.com.br\/litoralsp\/2022\/04\/02\/santos-tera-3-mil-novas-lampadas-de-led\" \/>\n<meta property=\"og:locale\" content=\"pt_BR\" \/>\n<meta property=\"og:type\" content=\"article\" \/>\n<meta property=\"og:title\" content=\"Santos ter\u00e1 3 mil novas l\u00e2mpadas de LED - Litoral SP\" \/>\n<meta property=\"og:description\" content=\"A CPFL Energia iniciar\u00e1, nesta segunda-feira (4), a instala\u00e7\u00e3o de tr\u00eas mil l\u00e2mpadas de LED, na cidade de Santos, a come\u00e7ar pelo Centro Hist\u00f3rico.\" \/>\n<meta property=\"og:url\" content=\"https:\/\/redenoticiaz.com.br\/litoralsp\/2022\/04\/02\/santos-tera-3-mil-novas-lampadas-de-led\" \/>\n<meta property=\"og:site_name\" content=\"Litoral SP\" \/>\n<meta property=\"article:published_time\" content=\"2022-04-02T13:08:01+00:00\" \/>\n<meta property=\"og:image\" content=\"https:\/\/redenoticiaz.com.br\/litoralsp\/wp-content\/uploads\/sites\/3\/2022\/04\/sem-titulo-1.jpg\" \/>\n\t<meta property=\"og:image:width\" content=\"895\" \/>\n\t<meta property=\"og:image:height\" content=\"535\" \/>\n\t<meta property=\"og:image:type\" content=\"image\/jpeg\" \/>\n<meta name=\"twitter:card\" content=\"summary_large_image\" \/>\n<meta name=\"twitter:label1\" content=\"Escrito por\" \/>\n\t<meta name=\"twitter:data1\" content=\"\" \/>\n\t<meta name=\"twitter:label2\" content=\"Est. tempo de leitura\" \/>\n\t<meta name=\"twitter:data2\" content=\"1 minuto\" \/>\n<script type=\"application\/ld+json\" class=\"yoast-schema-graph\">{\"@context\":\"https:\\\/\\\/schema.org\",\"@graph\":[{\"@type\":\"Article\",\"@id\":\"https:\\\/\\\/redenoticiaz.com.br\\\/litoralsp\\\/2022\\\/04\\\/02\\\/santos-tera-3-mil-novas-lampadas-de-led#article\",\"isPartOf\":{\"@id\":\"https:\\\/\\\/redenoticiaz.com.br\\\/litoralsp\\\/2022\\\/04\\\/02\\\/santos-tera-3-mil-novas-lampadas-de-led\"},\"author\":{\"name\":\"\",\"@id\":\"\"},\"headline\":\"Santos ter\u00e1 3 mil novas l\u00e2mpadas de LED\",\"datePublished\":\"2022-04-02T13:08:01+00:00\",\"mainEntityOfPage\":{\"@id\":\"https:\\\/\\\/redenoticiaz.com.br\\\/litoralsp\\\/2022\\\/04\\\/02\\\/santos-tera-3-mil-novas-lampadas-de-led\"},\"wordCount\":257,\"commentCount\":0,\"publisher\":{\"@id\":\"https:\\\/\\\/redenoticiaz.com.br\\\/litoralsp\\\/#organization\"},\"image\":{\"@id\":\"https:\\\/\\\/redenoticiaz.com.br\\\/litoralsp\\\/2022\\\/04\\\/02\\\/santos-tera-3-mil-novas-lampadas-de-led#primaryimage\"},\"thumbnailUrl\":\"https:\\\/\\\/redenoticiaz.com.br\\\/litoralsp\\\/wp-content\\\/uploads\\\/sites\\\/3\\\/2022\\\/04\\\/sem-titulo-1.jpg\",\"keywords\":[\"CPFL\",\"LAMPADAS\",\"LED\",\"Santos\"],\"articleSection\":[\"Meio Ambiente\",\"Santos\"],\"inLanguage\":\"pt-BR\",\"potentialAction\":[{\"@type\":\"CommentAction\",\"name\":\"Comment\",\"target\":[\"https:\\\/\\\/redenoticiaz.com.br\\\/litoralsp\\\/2022\\\/04\\\/02\\\/santos-tera-3-mil-novas-lampadas-de-led#respond\"]}]},{\"@type\":\"WebPage\",\"@id\":\"https:\\\/\\\/redenoticiaz.com.br\\\/litoralsp\\\/2022\\\/04\\\/02\\\/santos-tera-3-mil-novas-lampadas-de-led\",\"url\":\"https:\\\/\\\/redenoticiaz.com.br\\\/litoralsp\\\/2022\\\/04\\\/02\\\/santos-tera-3-mil-novas-lampadas-de-led\",\"name\":\"Santos ter\u00e1 3 mil novas l\u00e2mpadas de LED - Litoral SP\",\"isPartOf\":{\"@id\":\"https:\\\/\\\/redenoticiaz.com.br\\\/litoralsp\\\/#website\"},\"primaryImageOfPage\":{\"@id\":\"https:\\\/\\\/redenoticiaz.com.br\\\/litoralsp\\\/2022\\\/04\\\/02\\\/santos-tera-3-mil-novas-lampadas-de-led#primaryimage\"},\"image\":{\"@id\":\"https:\\\/\\\/redenoticiaz.com.br\\\/litoralsp\\\/2022\\\/04\\\/02\\\/santos-tera-3-mil-novas-lampadas-de-led#primaryimage\"},\"thumbnailUrl\":\"https:\\\/\\\/redenoticiaz.com.br\\\/litoralsp\\\/wp-content\\\/uploads\\\/sites\\\/3\\\/2022\\\/04\\\/sem-titulo-1.jpg\",\"datePublished\":\"2022-04-02T13:08:01+00:00\",\"description\":\"A CPFL Energia iniciar\u00e1, nesta segunda-feira (4), a instala\u00e7\u00e3o de tr\u00eas mil l\u00e2mpadas de LED, na cidade de Santos, a come\u00e7ar pelo Centro Hist\u00f3rico.\",\"inLanguage\":\"pt-BR\",\"potentialAction\":[{\"@type\":\"ReadAction\",\"target\":[\"https:\\\/\\\/redenoticiaz.com.br\\\/litoralsp\\\/2022\\\/04\\\/02\\\/santos-tera-3-mil-novas-lampadas-de-led\"]}]},{\"@type\":\"ImageObject\",\"inLanguage\":\"pt-BR\",\"@id\":\"https:\\\/\\\/redenoticiaz.com.br\\\/litoralsp\\\/2022\\\/04\\\/02\\\/santos-tera-3-mil-novas-lampadas-de-led#primaryimage\",\"url\":\"https:\\\/\\\/redenoticiaz.com.br\\\/litoralsp\\\/wp-content\\\/uploads\\\/sites\\\/3\\\/2022\\\/04\\\/sem-titulo-1.jpg\",\"contentUrl\":\"https:\\\/\\\/redenoticiaz.com.br\\\/litoralsp\\\/wp-content\\\/uploads\\\/sites\\\/3\\\/2022\\\/04\\\/sem-titulo-1.jpg\",\"width\":895,\"height\":535,\"caption\":\"Cidade de Santos ter\u00e1 a instala\u00e7\u00e3o de tr\u00eas mil novas l\u00e2mpadas de LED (Foto: Divulga\u00e7\u00e3o Prefeitura de Santos)\"},{\"@type\":\"WebSite\",\"@id\":\"https:\\\/\\\/redenoticiaz.com.br\\\/litoralsp\\\/#website\",\"url\":\"https:\\\/\\\/redenoticiaz.com.br\\\/litoralsp\\\/\",\"name\":\"Litoral SP\",\"description\":\"Rede NoticiaZ\",\"publisher\":{\"@id\":\"https:\\\/\\\/redenoticiaz.com.br\\\/litoralsp\\\/#organization\"},\"potentialAction\":[{\"@type\":\"SearchAction\",\"target\":{\"@type\":\"EntryPoint\",\"urlTemplate\":\"https:\\\/\\\/redenoticiaz.com.br\\\/litoralsp\\\/?s={search_term_string}\"},\"query-input\":{\"@type\":\"PropertyValueSpecification\",\"valueRequired\":true,\"valueName\":\"search_term_string\"}}],\"inLanguage\":\"pt-BR\"},{\"@type\":\"Organization\",\"@id\":\"https:\\\/\\\/redenoticiaz.com.br\\\/litoralsp\\\/#organization\",\"name\":\"Litoral SP\",\"url\":\"https:\\\/\\\/redenoticiaz.com.br\\\/litoralsp\\\/\",\"logo\":{\"@type\":\"ImageObject\",\"inLanguage\":\"pt-BR\",\"@id\":\"https:\\\/\\\/redenoticiaz.com.br\\\/litoralsp\\\/#\\\/schema\\\/logo\\\/image\\\/\",\"url\":\"https:\\\/\\\/redenoticiaz.com.br\\\/litoralsp\\\/wp-content\\\/uploads\\\/sites\\\/3\\\/2020\\\/11\\\/logo.jpg\",\"contentUrl\":\"https:\\\/\\\/redenoticiaz.com.br\\\/litoralsp\\\/wp-content\\\/uploads\\\/sites\\\/3\\\/2020\\\/11\\\/logo.jpg\",\"width\":400,\"height\":250,\"caption\":\"Litoral SP\"},\"image\":{\"@id\":\"https:\\\/\\\/redenoticiaz.com.br\\\/litoralsp\\\/#\\\/schema\\\/logo\\\/image\\\/\"}},{\"@type\":\"Person\",\"@id\":\"\",\"url\":\"https:\\\/\\\/redenoticiaz.com.br\\\/litoralsp\\\/author\"}]}<\/script>\n<!-- \/ Yoast SEO plugin. -->","yoast_head_json":{"title":"Santos ter\u00e1 3 mil novas l\u00e2mpadas de LED - Litoral SP","description":"A CPFL Energia iniciar\u00e1, nesta segunda-feira (4), a instala\u00e7\u00e3o de tr\u00eas mil l\u00e2mpadas de LED, na cidade de Santos, a come\u00e7ar pelo Centro Hist\u00f3rico.","robots":{"index":"index","follow":"follow","max-snippet":"max-snippet:-1","max-image-preview":"max-image-preview:large","max-video-preview":"max-video-preview:-1"},"canonical":"https:\/\/redenoticiaz.com.br\/litoralsp\/2022\/04\/02\/santos-tera-3-mil-novas-lampadas-de-led","og_locale":"pt_BR","og_type":"article","og_title":"Santos ter\u00e1 3 mil novas l\u00e2mpadas de LED - Litoral SP","og_description":"A CPFL Energia iniciar\u00e1, nesta segunda-feira (4), a instala\u00e7\u00e3o de tr\u00eas mil l\u00e2mpadas de LED, na cidade de Santos, a come\u00e7ar pelo Centro Hist\u00f3rico.","og_url":"https:\/\/redenoticiaz.com.br\/litoralsp\/2022\/04\/02\/santos-tera-3-mil-novas-lampadas-de-led","og_site_name":"Litoral SP","article_published_time":"2022-04-02T13:08:01+00:00","og_image":[{"width":895,"height":535,"url":"https:\/\/redenoticiaz.com.br\/litoralsp\/wp-content\/uploads\/sites\/3\/2022\/04\/sem-titulo-1.jpg","type":"image\/jpeg"}],"twitter_card":"summary_large_image","twitter_misc":{"Escrito por":"","Est. tempo de leitura":"1 minuto"},"schema":{"@context":"https:\/\/schema.org","@graph":[{"@type":"Article","@id":"https:\/\/redenoticiaz.com.br\/litoralsp\/2022\/04\/02\/santos-tera-3-mil-novas-lampadas-de-led#article","isPartOf":{"@id":"https:\/\/redenoticiaz.com.br\/litoralsp\/2022\/04\/02\/santos-tera-3-mil-novas-lampadas-de-led"},"author":{"name":"","@id":""},"headline":"Santos ter\u00e1 3 mil novas l\u00e2mpadas de LED","datePublished":"2022-04-02T13:08:01+00:00","mainEntityOfPage":{"@id":"https:\/\/redenoticiaz.com.br\/litoralsp\/2022\/04\/02\/santos-tera-3-mil-novas-lampadas-de-led"},"wordCount":257,"commentCount":0,"publisher":{"@id":"https:\/\/redenoticiaz.com.br\/litoralsp\/#organization"},"image":{"@id":"https:\/\/redenoticiaz.com.br\/litoralsp\/2022\/04\/02\/santos-tera-3-mil-novas-lampadas-de-led#primaryimage"},"thumbnailUrl":"https:\/\/redenoticiaz.com.br\/litoralsp\/wp-content\/uploads\/sites\/3\/2022\/04\/sem-titulo-1.jpg","keywords":["CPFL","LAMPADAS","LED","Santos"],"articleSection":["Meio Ambiente","Santos"],"inLanguage":"pt-BR","potentialAction":[{"@type":"CommentAction","name":"Comment","target":["https:\/\/redenoticiaz.com.br\/litoralsp\/2022\/04\/02\/santos-tera-3-mil-novas-lampadas-de-led#respond"]}]},{"@type":"WebPage","@id":"https:\/\/redenoticiaz.com.br\/litoralsp\/2022\/04\/02\/santos-tera-3-mil-novas-lampadas-de-led","url":"https:\/\/redenoticiaz.com.br\/litoralsp\/2022\/04\/02\/santos-tera-3-mil-novas-lampadas-de-led","name":"Santos ter\u00e1 3 mil novas l\u00e2mpadas de LED - Litoral SP","isPartOf":{"@id":"https:\/\/redenoticiaz.com.br\/litoralsp\/#website"},"primaryImageOfPage":{"@id":"https:\/\/redenoticiaz.com.br\/litoralsp\/2022\/04\/02\/santos-tera-3-mil-novas-lampadas-de-led#primaryimage"},"image":{"@id":"https:\/\/redenoticiaz.com.br\/litoralsp\/2022\/04\/02\/santos-tera-3-mil-novas-lampadas-de-led#primaryimage"},"thumbnailUrl":"https:\/\/redenoticiaz.com.br\/litoralsp\/wp-content\/uploads\/sites\/3\/2022\/04\/sem-titulo-1.jpg","datePublished":"2022-04-02T13:08:01+00:00","description":"A CPFL Energia iniciar\u00e1, nesta segunda-feira (4), a instala\u00e7\u00e3o de tr\u00eas mil l\u00e2mpadas de LED, na cidade de Santos, a come\u00e7ar pelo Centro Hist\u00f3rico.","inLanguage":"pt-BR","potentialAction":[{"@type":"ReadAction","target":["https:\/\/redenoticiaz.com.br\/litoralsp\/2022\/04\/02\/santos-tera-3-mil-novas-lampadas-de-led"]}]},{"@type":"ImageObject","inLanguage":"pt-BR","@id":"https:\/\/redenoticiaz.com.br\/litoralsp\/2022\/04\/02\/santos-tera-3-mil-novas-lampadas-de-led#primaryimage","url":"https:\/\/redenoticiaz.com.br\/litoralsp\/wp-content\/uploads\/sites\/3\/2022\/04\/sem-titulo-1.jpg","contentUrl":"https:\/\/redenoticiaz.com.br\/litoralsp\/wp-content\/uploads\/sites\/3\/2022\/04\/sem-titulo-1.jpg","width":895,"height":535,"caption":"Cidade de Santos ter\u00e1 a instala\u00e7\u00e3o de tr\u00eas mil novas l\u00e2mpadas de LED (Foto: Divulga\u00e7\u00e3o Prefeitura de Santos)"},{"@type":"WebSite","@id":"https:\/\/redenoticiaz.com.br\/litoralsp\/#website","url":"https:\/\/redenoticiaz.com.br\/litoralsp\/","name":"Litoral SP","description":"Rede NoticiaZ","publisher":{"@id":"https:\/\/redenoticiaz.com.br\/litoralsp\/#organization"},"potentialAction":[{"@type":"SearchAction","target":{"@type":"EntryPoint","urlTemplate":"https:\/\/redenoticiaz.com.br\/litoralsp\/?s={search_term_string}"},"query-input":{"@type":"PropertyValueSpecification","valueRequired":true,"valueName":"search_term_string"}}],"inLanguage":"pt-BR"},{"@type":"Organization","@id":"https:\/\/redenoticiaz.com.br\/litoralsp\/#organization","name":"Litoral SP","url":"https:\/\/redenoticiaz.com.br\/litoralsp\/","logo":{"@type":"ImageObject","inLanguage":"pt-BR","@id":"https:\/\/redenoticiaz.com.br\/litoralsp\/#\/schema\/logo\/image\/","url":"https:\/\/redenoticiaz.com.br\/litoralsp\/wp-content\/uploads\/sites\/3\/2020\/11\/logo.jpg","contentUrl":"https:\/\/redenoticiaz.com.br\/litoralsp\/wp-content\/uploads\/sites\/3\/2020\/11\/logo.jpg","width":400,"height":250,"caption":"Litoral SP"},"image":{"@id":"https:\/\/redenoticiaz.com.br\/litoralsp\/#\/schema\/logo\/image\/"}},{"@type":"Person","@id":"","url":"https:\/\/redenoticiaz.com.br\/litoralsp\/author"}]}},"_links":{"self":[{"href":"https:\/\/redenoticiaz.com.br\/litoralsp\/wp-json\/wp\/v2\/posts\/25925","targetHints":{"allow":["GET"]}}],"collection":[{"href":"https:\/\/redenoticiaz.com.br\/litoralsp\/wp-json\/wp\/v2\/posts"}],"about":[{"href":"https:\/\/redenoticiaz.com.br\/litoralsp\/wp-json\/wp\/v2\/types\/post"}],"author":[{"embeddable":true,"href":"https:\/\/redenoticiaz.com.br\/litoralsp\/wp-json\/wp\/v2\/users\/15"}],"replies":[{"embeddable":true,"href":"https:\/\/redenoticiaz.com.br\/litoralsp\/wp-json\/wp\/v2\/comments?post=25925"}],"version-history":[{"count":1,"href":"https:\/\/redenoticiaz.com.br\/litoralsp\/wp-json\/wp\/v2\/posts\/25925\/revisions"}],"predecessor-version":[{"id":25929,"href":"https:\/\/redenoticiaz.com.br\/litoralsp\/wp-json\/wp\/v2\/posts\/25925\/revisions\/25929"}],"wp:featuredmedia":[{"embeddable":true,"href":"https:\/\/redenoticiaz.com.br\/litoralsp\/wp-json\/wp\/v2\/media\/25926"}],"wp:attachment":[{"href":"https:\/\/redenoticiaz.com.br\/litoralsp\/wp-json\/wp\/v2\/media?parent=25925"}],"wp:term":[{"taxonomy":"category","embeddable":true,"href":"https:\/\/redenoticiaz.com.br\/litoralsp\/wp-json\/wp\/v2\/categories?post=25925"},{"taxonomy":"post_tag","embeddable":true,"href":"https:\/\/redenoticiaz.com.br\/litoralsp\/wp-json\/wp\/v2\/tags?post=25925"}],"curies":[{"name":"wp","href":"https:\/\/api.w.org\/{rel}","templated":true}]}}