{"id":25947,"date":"2022-04-02T12:53:22","date_gmt":"2022-04-02T15:53:22","guid":{"rendered":"https:\/\/redenoticiaz.com.br\/litoralsp\/?p=25947"},"modified":"2022-04-02T12:53:22","modified_gmt":"2022-04-02T15:53:22","slug":"condenado-por-furto-e-preso-em-mongagua","status":"publish","type":"post","link":"https:\/\/redenoticiaz.com.br\/litoralsp\/2022\/04\/02\/condenado-por-furto-e-preso-em-mongagua","title":{"rendered":"Condenado por furto \u00e9 preso em Mongagu\u00e1"},"content":{"rendered":"<p>A Policia Civil prendeu, nesta sexta-feira (1\u00ba), em <a href=\"https:\/\/mongagua.sp.gov.br\/\">Mongagu\u00e1<\/a>, um homem, de 36 anos, que havia sido condenado pela Justi\u00e7a pelo crime de furto qualificado, cometido em 2016. Os policiais cumpriram mandado de pris\u00e3o, e encontraram o rapaz\u00a0na Rua Canan\u00e9ia, no bairro de Balne\u00e1rio Regina Maria.<\/p>\n<p>O homem era foragido pela Justi\u00e7a. Em 2016, ele foi condenado por tentou furtar aparelhos de som e GPS de um autom\u00f3vel, que estava em um edif\u00edcio. Para chegar ao carro, o rapaz arrombou um port\u00e3o.<\/p>\n<p>Ele foi conduzido para a Delegacia, e, em seguida para a cadeia.<\/p>\n<p><strong>LEIA TAMB\u00c9M<\/strong><\/p>\n<p><a href=\"https:\/\/redenoticiaz.com.br\/litoralsp\/2022\/04\/02\/policia-prende-em-itanhaem-suspeitos-por-clonar-contas-bancarias\">Pol\u00edcia prende, em Itanha\u00e9m, suspeitos por clonar contas banc\u00e1rias<\/a><\/p>\n","protected":false},"excerpt":{"rendered":"<p>A Policia Civil prendeu, nesta sexta-feira (1\u00ba), em Mongagu\u00e1, um homem, de 36 anos, que havia sido condenado pela Justi\u00e7a pelo crime de furto qualificado, cometido em 2016. Os policiais cumpriram mandado de pris\u00e3o, e encontraram o rapaz\u00a0na Rua Canan\u00e9ia, no bairro de Balne\u00e1rio Regina Maria. O homem era foragido pela Justi\u00e7a. Em 2016, ele &hellip;<\/p>\n","protected":false},"author":15,"featured_media":25948,"comment_status":"open","ping_status":"closed","sticky":false,"template":"","format":"standard","meta":{"footnotes":""},"categories":[183,10],"tags":[4040,1051,1762,53152],"class_list":["post-25947","post","type-post","status-publish","format-standard","has-post-thumbnail","hentry","category-mongagua","category-policia","tag-condenado","tag-mongagua","tag-policia-civil","tag-prsiao"],"yoast_head":"<!-- This site is optimized with the Yoast SEO plugin v27.5 - https:\/\/yoast.com\/product\/yoast-seo-wordpress\/ -->\n<title>Condenado por furto \u00e9 preso em Mongagu\u00e1 - Litoral SP<\/title>\n<meta name=\"description\" content=\"A Policia Civil prendeu, nesta sexta-feira (1\u00ba), em Mongagu\u00e1, um homem, de 36 anos, que havia sido condenado pela Justi\u00e7a pelo crime de furto qualificado\" \/>\n<meta name=\"robots\" content=\"index, follow, max-snippet:-1, max-image-preview:large, max-video-preview:-1\" \/>\n<link rel=\"canonical\" href=\"https:\/\/redenoticiaz.com.br\/litoralsp\/2022\/04\/02\/condenado-por-furto-e-preso-em-mongagua\" \/>\n<meta property=\"og:locale\" content=\"pt_BR\" \/>\n<meta property=\"og:type\" content=\"article\" \/>\n<meta property=\"og:title\" content=\"Condenado por furto \u00e9 preso em Mongagu\u00e1 - Litoral SP\" \/>\n<meta property=\"og:description\" content=\"A Policia Civil prendeu, nesta sexta-feira (1\u00ba), em Mongagu\u00e1, um homem, de 36 anos, que havia sido condenado pela Justi\u00e7a pelo crime de furto qualificado\" \/>\n<meta property=\"og:url\" content=\"https:\/\/redenoticiaz.com.br\/litoralsp\/2022\/04\/02\/condenado-por-furto-e-preso-em-mongagua\" \/>\n<meta property=\"og:site_name\" content=\"Litoral SP\" \/>\n<meta property=\"article:published_time\" content=\"2022-04-02T15:53:22+00:00\" \/>\n<meta property=\"og:image\" content=\"https:\/\/redenoticiaz.com.br\/litoralsp\/wp-content\/uploads\/sites\/3\/2022\/04\/whatsapp-image-2022-04-02-at-12-40-45.jpeg\" \/>\n\t<meta property=\"og:image:width\" content=\"1156\" \/>\n\t<meta property=\"og:image:height\" content=\"521\" \/>\n\t<meta property=\"og:image:type\" content=\"image\/jpeg\" \/>\n<meta name=\"twitter:card\" content=\"summary_large_image\" \/>\n<meta name=\"twitter:label1\" content=\"Escrito por\" \/>\n\t<meta name=\"twitter:data1\" content=\"\" \/>\n\t<meta name=\"twitter:label2\" content=\"Est. tempo de leitura\" \/>\n\t<meta name=\"twitter:data2\" content=\"1 minuto\" \/>\n<script type=\"application\/ld+json\" class=\"yoast-schema-graph\">{\"@context\":\"https:\\\/\\\/schema.org\",\"@graph\":[{\"@type\":\"Article\",\"@id\":\"https:\\\/\\\/redenoticiaz.com.br\\\/litoralsp\\\/2022\\\/04\\\/02\\\/condenado-por-furto-e-preso-em-mongagua#article\",\"isPartOf\":{\"@id\":\"https:\\\/\\\/redenoticiaz.com.br\\\/litoralsp\\\/2022\\\/04\\\/02\\\/condenado-por-furto-e-preso-em-mongagua\"},\"author\":{\"name\":\"\",\"@id\":\"\"},\"headline\":\"Condenado por furto \u00e9 preso em Mongagu\u00e1\",\"datePublished\":\"2022-04-02T15:53:22+00:00\",\"mainEntityOfPage\":{\"@id\":\"https:\\\/\\\/redenoticiaz.com.br\\\/litoralsp\\\/2022\\\/04\\\/02\\\/condenado-por-furto-e-preso-em-mongagua\"},\"wordCount\":120,\"commentCount\":0,\"publisher\":{\"@id\":\"https:\\\/\\\/redenoticiaz.com.br\\\/litoralsp\\\/#organization\"},\"image\":{\"@id\":\"https:\\\/\\\/redenoticiaz.com.br\\\/litoralsp\\\/2022\\\/04\\\/02\\\/condenado-por-furto-e-preso-em-mongagua#primaryimage\"},\"thumbnailUrl\":\"https:\\\/\\\/redenoticiaz.com.br\\\/litoralsp\\\/wp-content\\\/uploads\\\/sites\\\/3\\\/2022\\\/04\\\/whatsapp-image-2022-04-02-at-12-40-45.jpeg\",\"keywords\":[\"CONDENADO\",\"MONGAGU\u00c1\",\"POL\u00cdCIA CIVIL\",\"Prsi\u00e3o\"],\"articleSection\":[\"Mongagu\u00e1\",\"Pol\u00edcia\"],\"inLanguage\":\"pt-BR\",\"potentialAction\":[{\"@type\":\"CommentAction\",\"name\":\"Comment\",\"target\":[\"https:\\\/\\\/redenoticiaz.com.br\\\/litoralsp\\\/2022\\\/04\\\/02\\\/condenado-por-furto-e-preso-em-mongagua#respond\"]}]},{\"@type\":\"WebPage\",\"@id\":\"https:\\\/\\\/redenoticiaz.com.br\\\/litoralsp\\\/2022\\\/04\\\/02\\\/condenado-por-furto-e-preso-em-mongagua\",\"url\":\"https:\\\/\\\/redenoticiaz.com.br\\\/litoralsp\\\/2022\\\/04\\\/02\\\/condenado-por-furto-e-preso-em-mongagua\",\"name\":\"Condenado por furto \u00e9 preso em Mongagu\u00e1 - Litoral SP\",\"isPartOf\":{\"@id\":\"https:\\\/\\\/redenoticiaz.com.br\\\/litoralsp\\\/#website\"},\"primaryImageOfPage\":{\"@id\":\"https:\\\/\\\/redenoticiaz.com.br\\\/litoralsp\\\/2022\\\/04\\\/02\\\/condenado-por-furto-e-preso-em-mongagua#primaryimage\"},\"image\":{\"@id\":\"https:\\\/\\\/redenoticiaz.com.br\\\/litoralsp\\\/2022\\\/04\\\/02\\\/condenado-por-furto-e-preso-em-mongagua#primaryimage\"},\"thumbnailUrl\":\"https:\\\/\\\/redenoticiaz.com.br\\\/litoralsp\\\/wp-content\\\/uploads\\\/sites\\\/3\\\/2022\\\/04\\\/whatsapp-image-2022-04-02-at-12-40-45.jpeg\",\"datePublished\":\"2022-04-02T15:53:22+00:00\",\"description\":\"A Policia Civil prendeu, nesta sexta-feira (1\u00ba), em Mongagu\u00e1, um homem, de 36 anos, que havia sido condenado pela Justi\u00e7a pelo crime de furto qualificado\",\"inLanguage\":\"pt-BR\",\"potentialAction\":[{\"@type\":\"ReadAction\",\"target\":[\"https:\\\/\\\/redenoticiaz.com.br\\\/litoralsp\\\/2022\\\/04\\\/02\\\/condenado-por-furto-e-preso-em-mongagua\"]}]},{\"@type\":\"ImageObject\",\"inLanguage\":\"pt-BR\",\"@id\":\"https:\\\/\\\/redenoticiaz.com.br\\\/litoralsp\\\/2022\\\/04\\\/02\\\/condenado-por-furto-e-preso-em-mongagua#primaryimage\",\"url\":\"https:\\\/\\\/redenoticiaz.com.br\\\/litoralsp\\\/wp-content\\\/uploads\\\/sites\\\/3\\\/2022\\\/04\\\/whatsapp-image-2022-04-02-at-12-40-45.jpeg\",\"contentUrl\":\"https:\\\/\\\/redenoticiaz.com.br\\\/litoralsp\\\/wp-content\\\/uploads\\\/sites\\\/3\\\/2022\\\/04\\\/whatsapp-image-2022-04-02-at-12-40-45.jpeg\",\"width\":1156,\"height\":521,\"caption\":\"Condenado por furto \u00e9 preso em Mongagu\u00e1 (Foto: Divulga\u00e7\u00e3o Pol\u00edcia Civil)\"},{\"@type\":\"WebSite\",\"@id\":\"https:\\\/\\\/redenoticiaz.com.br\\\/litoralsp\\\/#website\",\"url\":\"https:\\\/\\\/redenoticiaz.com.br\\\/litoralsp\\\/\",\"name\":\"Litoral SP\",\"description\":\"Rede NoticiaZ\",\"publisher\":{\"@id\":\"https:\\\/\\\/redenoticiaz.com.br\\\/litoralsp\\\/#organization\"},\"potentialAction\":[{\"@type\":\"SearchAction\",\"target\":{\"@type\":\"EntryPoint\",\"urlTemplate\":\"https:\\\/\\\/redenoticiaz.com.br\\\/litoralsp\\\/?s={search_term_string}\"},\"query-input\":{\"@type\":\"PropertyValueSpecification\",\"valueRequired\":true,\"valueName\":\"search_term_string\"}}],\"inLanguage\":\"pt-BR\"},{\"@type\":\"Organization\",\"@id\":\"https:\\\/\\\/redenoticiaz.com.br\\\/litoralsp\\\/#organization\",\"name\":\"Litoral SP\",\"url\":\"https:\\\/\\\/redenoticiaz.com.br\\\/litoralsp\\\/\",\"logo\":{\"@type\":\"ImageObject\",\"inLanguage\":\"pt-BR\",\"@id\":\"https:\\\/\\\/redenoticiaz.com.br\\\/litoralsp\\\/#\\\/schema\\\/logo\\\/image\\\/\",\"url\":\"https:\\\/\\\/redenoticiaz.com.br\\\/litoralsp\\\/wp-content\\\/uploads\\\/sites\\\/3\\\/2020\\\/11\\\/logo.jpg\",\"contentUrl\":\"https:\\\/\\\/redenoticiaz.com.br\\\/litoralsp\\\/wp-content\\\/uploads\\\/sites\\\/3\\\/2020\\\/11\\\/logo.jpg\",\"width\":400,\"height\":250,\"caption\":\"Litoral SP\"},\"image\":{\"@id\":\"https:\\\/\\\/redenoticiaz.com.br\\\/litoralsp\\\/#\\\/schema\\\/logo\\\/image\\\/\"}},{\"@type\":\"Person\",\"@id\":\"\",\"url\":\"https:\\\/\\\/redenoticiaz.com.br\\\/litoralsp\\\/author\"}]}<\/script>\n<!-- \/ Yoast SEO plugin. -->","yoast_head_json":{"title":"Condenado por furto \u00e9 preso em Mongagu\u00e1 - Litoral SP","description":"A Policia Civil prendeu, nesta sexta-feira (1\u00ba), em Mongagu\u00e1, um homem, de 36 anos, que havia sido condenado pela Justi\u00e7a pelo crime de furto qualificado","robots":{"index":"index","follow":"follow","max-snippet":"max-snippet:-1","max-image-preview":"max-image-preview:large","max-video-preview":"max-video-preview:-1"},"canonical":"https:\/\/redenoticiaz.com.br\/litoralsp\/2022\/04\/02\/condenado-por-furto-e-preso-em-mongagua","og_locale":"pt_BR","og_type":"article","og_title":"Condenado por furto \u00e9 preso em Mongagu\u00e1 - Litoral SP","og_description":"A Policia Civil prendeu, nesta sexta-feira (1\u00ba), em Mongagu\u00e1, um homem, de 36 anos, que havia sido condenado pela Justi\u00e7a pelo crime de furto qualificado","og_url":"https:\/\/redenoticiaz.com.br\/litoralsp\/2022\/04\/02\/condenado-por-furto-e-preso-em-mongagua","og_site_name":"Litoral SP","article_published_time":"2022-04-02T15:53:22+00:00","og_image":[{"width":1156,"height":521,"url":"https:\/\/redenoticiaz.com.br\/litoralsp\/wp-content\/uploads\/sites\/3\/2022\/04\/whatsapp-image-2022-04-02-at-12-40-45.jpeg","type":"image\/jpeg"}],"twitter_card":"summary_large_image","twitter_misc":{"Escrito por":"","Est. tempo de leitura":"1 minuto"},"schema":{"@context":"https:\/\/schema.org","@graph":[{"@type":"Article","@id":"https:\/\/redenoticiaz.com.br\/litoralsp\/2022\/04\/02\/condenado-por-furto-e-preso-em-mongagua#article","isPartOf":{"@id":"https:\/\/redenoticiaz.com.br\/litoralsp\/2022\/04\/02\/condenado-por-furto-e-preso-em-mongagua"},"author":{"name":"","@id":""},"headline":"Condenado por furto \u00e9 preso em Mongagu\u00e1","datePublished":"2022-04-02T15:53:22+00:00","mainEntityOfPage":{"@id":"https:\/\/redenoticiaz.com.br\/litoralsp\/2022\/04\/02\/condenado-por-furto-e-preso-em-mongagua"},"wordCount":120,"commentCount":0,"publisher":{"@id":"https:\/\/redenoticiaz.com.br\/litoralsp\/#organization"},"image":{"@id":"https:\/\/redenoticiaz.com.br\/litoralsp\/2022\/04\/02\/condenado-por-furto-e-preso-em-mongagua#primaryimage"},"thumbnailUrl":"https:\/\/redenoticiaz.com.br\/litoralsp\/wp-content\/uploads\/sites\/3\/2022\/04\/whatsapp-image-2022-04-02-at-12-40-45.jpeg","keywords":["CONDENADO","MONGAGU\u00c1","POL\u00cdCIA CIVIL","Prsi\u00e3o"],"articleSection":["Mongagu\u00e1","Pol\u00edcia"],"inLanguage":"pt-BR","potentialAction":[{"@type":"CommentAction","name":"Comment","target":["https:\/\/redenoticiaz.com.br\/litoralsp\/2022\/04\/02\/condenado-por-furto-e-preso-em-mongagua#respond"]}]},{"@type":"WebPage","@id":"https:\/\/redenoticiaz.com.br\/litoralsp\/2022\/04\/02\/condenado-por-furto-e-preso-em-mongagua","url":"https:\/\/redenoticiaz.com.br\/litoralsp\/2022\/04\/02\/condenado-por-furto-e-preso-em-mongagua","name":"Condenado por furto \u00e9 preso em Mongagu\u00e1 - Litoral SP","isPartOf":{"@id":"https:\/\/redenoticiaz.com.br\/litoralsp\/#website"},"primaryImageOfPage":{"@id":"https:\/\/redenoticiaz.com.br\/litoralsp\/2022\/04\/02\/condenado-por-furto-e-preso-em-mongagua#primaryimage"},"image":{"@id":"https:\/\/redenoticiaz.com.br\/litoralsp\/2022\/04\/02\/condenado-por-furto-e-preso-em-mongagua#primaryimage"},"thumbnailUrl":"https:\/\/redenoticiaz.com.br\/litoralsp\/wp-content\/uploads\/sites\/3\/2022\/04\/whatsapp-image-2022-04-02-at-12-40-45.jpeg","datePublished":"2022-04-02T15:53:22+00:00","description":"A Policia Civil prendeu, nesta sexta-feira (1\u00ba), em Mongagu\u00e1, um homem, de 36 anos, que havia sido condenado pela Justi\u00e7a pelo crime de furto qualificado","inLanguage":"pt-BR","potentialAction":[{"@type":"ReadAction","target":["https:\/\/redenoticiaz.com.br\/litoralsp\/2022\/04\/02\/condenado-por-furto-e-preso-em-mongagua"]}]},{"@type":"ImageObject","inLanguage":"pt-BR","@id":"https:\/\/redenoticiaz.com.br\/litoralsp\/2022\/04\/02\/condenado-por-furto-e-preso-em-mongagua#primaryimage","url":"https:\/\/redenoticiaz.com.br\/litoralsp\/wp-content\/uploads\/sites\/3\/2022\/04\/whatsapp-image-2022-04-02-at-12-40-45.jpeg","contentUrl":"https:\/\/redenoticiaz.com.br\/litoralsp\/wp-content\/uploads\/sites\/3\/2022\/04\/whatsapp-image-2022-04-02-at-12-40-45.jpeg","width":1156,"height":521,"caption":"Condenado por furto \u00e9 preso em Mongagu\u00e1 (Foto: Divulga\u00e7\u00e3o Pol\u00edcia Civil)"},{"@type":"WebSite","@id":"https:\/\/redenoticiaz.com.br\/litoralsp\/#website","url":"https:\/\/redenoticiaz.com.br\/litoralsp\/","name":"Litoral SP","description":"Rede NoticiaZ","publisher":{"@id":"https:\/\/redenoticiaz.com.br\/litoralsp\/#organization"},"potentialAction":[{"@type":"SearchAction","target":{"@type":"EntryPoint","urlTemplate":"https:\/\/redenoticiaz.com.br\/litoralsp\/?s={search_term_string}"},"query-input":{"@type":"PropertyValueSpecification","valueRequired":true,"valueName":"search_term_string"}}],"inLanguage":"pt-BR"},{"@type":"Organization","@id":"https:\/\/redenoticiaz.com.br\/litoralsp\/#organization","name":"Litoral SP","url":"https:\/\/redenoticiaz.com.br\/litoralsp\/","logo":{"@type":"ImageObject","inLanguage":"pt-BR","@id":"https:\/\/redenoticiaz.com.br\/litoralsp\/#\/schema\/logo\/image\/","url":"https:\/\/redenoticiaz.com.br\/litoralsp\/wp-content\/uploads\/sites\/3\/2020\/11\/logo.jpg","contentUrl":"https:\/\/redenoticiaz.com.br\/litoralsp\/wp-content\/uploads\/sites\/3\/2020\/11\/logo.jpg","width":400,"height":250,"caption":"Litoral SP"},"image":{"@id":"https:\/\/redenoticiaz.com.br\/litoralsp\/#\/schema\/logo\/image\/"}},{"@type":"Person","@id":"","url":"https:\/\/redenoticiaz.com.br\/litoralsp\/author"}]}},"_links":{"self":[{"href":"https:\/\/redenoticiaz.com.br\/litoralsp\/wp-json\/wp\/v2\/posts\/25947","targetHints":{"allow":["GET"]}}],"collection":[{"href":"https:\/\/redenoticiaz.com.br\/litoralsp\/wp-json\/wp\/v2\/posts"}],"about":[{"href":"https:\/\/redenoticiaz.com.br\/litoralsp\/wp-json\/wp\/v2\/types\/post"}],"author":[{"embeddable":true,"href":"https:\/\/redenoticiaz.com.br\/litoralsp\/wp-json\/wp\/v2\/users\/15"}],"replies":[{"embeddable":true,"href":"https:\/\/redenoticiaz.com.br\/litoralsp\/wp-json\/wp\/v2\/comments?post=25947"}],"version-history":[{"count":1,"href":"https:\/\/redenoticiaz.com.br\/litoralsp\/wp-json\/wp\/v2\/posts\/25947\/revisions"}],"predecessor-version":[{"id":25949,"href":"https:\/\/redenoticiaz.com.br\/litoralsp\/wp-json\/wp\/v2\/posts\/25947\/revisions\/25949"}],"wp:featuredmedia":[{"embeddable":true,"href":"https:\/\/redenoticiaz.com.br\/litoralsp\/wp-json\/wp\/v2\/media\/25948"}],"wp:attachment":[{"href":"https:\/\/redenoticiaz.com.br\/litoralsp\/wp-json\/wp\/v2\/media?parent=25947"}],"wp:term":[{"taxonomy":"category","embeddable":true,"href":"https:\/\/redenoticiaz.com.br\/litoralsp\/wp-json\/wp\/v2\/categories?post=25947"},{"taxonomy":"post_tag","embeddable":true,"href":"https:\/\/redenoticiaz.com.br\/litoralsp\/wp-json\/wp\/v2\/tags?post=25947"}],"curies":[{"name":"wp","href":"https:\/\/api.w.org\/{rel}","templated":true}]}}