{"id":26044,"date":"2022-04-05T11:15:56","date_gmt":"2022-04-05T14:15:56","guid":{"rendered":"https:\/\/redenoticiaz.com.br\/litoralsp\/?p=26044"},"modified":"2022-04-05T11:15:56","modified_gmt":"2022-04-05T14:15:56","slug":"julgamento-do-caso-do-maniaco-da-peruca-acontece-no-forum-de-santos","status":"publish","type":"post","link":"https:\/\/redenoticiaz.com.br\/litoralsp\/2022\/04\/05\/julgamento-do-caso-do-maniaco-da-peruca-acontece-no-forum-de-santos","title":{"rendered":"Julgamento do caso do &#8216;Man\u00edaco da Peruca&#8217; acontece no F\u00f3rum de Santos"},"content":{"rendered":"<p>Est\u00e1 previsto para acontecer nesta ter\u00e7a-feira (5) o julgamento do dentista Fl\u00e1vio do Nascimento Gra\u00e7a, de 39 anos, conhecido como o <strong>&#8216;Man\u00edaco da Peruca&#8217;<\/strong>. Ele \u00e9 acusado de matar tr\u00eas pessoas que trabalhavam em uma cl\u00ednica dent\u00e1ria em Santos entre os anos de 2014 e 2015. O j\u00fari popular ser\u00e1 realizado no F\u00f3rum de <a href=\"https:\/\/www.santos.sp.gov.br\/\">Santos<\/a>.<\/p>\n<p>O suspeito ficou famoso por ser o &#8216;Man\u00edaco da Peruca&#8217;, porque sempre que iria cometer os crimes usava uma peruca, como inten\u00e7\u00e3o de n\u00e3o ser reconhecido. Fl\u00e1vio \u00e9 apontado como autor de tr\u00eas homic\u00eddios dolosos e duas tentativas de homic\u00eddio contra os donos e uma ex-funcion\u00e1ria da Cl\u00ednica Americana. Depois de analisar imagens de monitoramento, a pol\u00edcia descobriu que Fl\u00e1vio monitorava os passos das v\u00edtimas. Elas faziam parte de um consult\u00f3rio dent\u00e1rio concorrente ao dele, localizado na mesma rua.<\/p>\n<p>Segundo as investiga\u00e7\u00f5es, o motivo pelos crimes terem sido cometidos por Fl\u00e1vio era por conta de vingan\u00e7a, j\u00e1 que o consult\u00f3rio dent\u00e1rio dele entrou em fal\u00eancia e ele acreditava que a concorr\u00eancia foi o motivo. Depois de ter matado, o suspeito esteve foragido, sendo encontrado e preso em 2019.<\/p>\n<p>Fl\u00e1vio \u00e9 apontado como autor de tr\u00eas homic\u00eddios dolosos e duas tentativas de homic\u00eddio contra os donos e uma ex-funcion\u00e1ria da Cl\u00ednica Americana. Depois de analisar imagens de monitoramento, a pol\u00edcia descobriu que Fl\u00e1vio monitorava os passos das v\u00edtimas. Elas faziam parte de um consult\u00f3rio dent\u00e1rio concorrente ao dele, localizado na mesma rua.<\/p>\n<h3>O j\u00fari popular<\/h3>\n<div class=\"mc-column content-text active-extra-styles \" data-block-type=\"unstyled\" data-block-weight=\"58\" data-block-id=\"12\">\n<p class=\"content-text__container \" data-track-category=\"Link no Texto\" data-track-links=\"\">O pedido para que Fl\u00e1vio v\u00e1 a j\u00fari popular foi analisado e deferido pelo juiz titular da Vara do J\u00fari e Execu\u00e7\u00f5es do Foro de Santos, Alexandre Betini, ap\u00f3s dois laudos de sanidade mental do r\u00e9u apresentarem resultados diferentes. Os exames foram pedidos ap\u00f3s Fl\u00e1vio alegar que n\u00e3o lembrava do que tinha acontecido, durante seu depoimento \u00e0 Justi\u00e7a.<\/p>\n<\/div>\n<div class=\"mc-column content-text active-extra-styles \" data-block-type=\"unstyled\" data-block-weight=\"60\" data-block-id=\"13\">\n<p class=\"content-text__container \" data-track-category=\"Link no Texto\" data-track-links=\"\">Diante disso, a defesa do r\u00e9u pediu exame de sanidade mental por acreditar que ele tinha problemas psiqui\u00e1tricos. O laudo solicitado foi assinado por dois m\u00e9dicos psiquiatras, peritos da Justi\u00e7a, e atestou que Fl\u00e1vio tem esquizofrenia. No entanto, durante os exames, um perito do Centro de Apoio Operacional \u00e0 Execu\u00e7\u00e3o acompanhou o acusado e, com isso, emitiu um novo laudo.<\/p>\n<\/div>\n<div class=\"mc-column content-text active-extra-styles \" data-block-type=\"unstyled\" data-block-weight=\"68\" data-block-id=\"14\">\n<p class=\"content-text__container \" data-track-category=\"Link no Texto\" data-track-links=\"\">O documento do perito do Minist\u00e9rio P\u00fablico concluiu que o r\u00e9u \u00e9 inteiramente capaz de entender o que fez e afirma que Fl\u00e1vio n\u00e3o preenche os crit\u00e9rios para o diagn\u00f3stico de nenhum transtorno mental, inclusive esquizofrenia. Com a d\u00favida de ambos os laudos, o juiz decidiu que Fl\u00e1vio fosse a j\u00fari popular. A decis\u00e3o foi publicada no Di\u00e1rio de Justi\u00e7a Eletr\u00f4nico no dia 22 de junho de 2020.<\/p>\n<\/div>\n<h3>Acusa\u00e7\u00e3o e defesa<\/h3>\n<p>De acordo com o assistente de acusa\u00e7\u00e3o Alex Ochsendorf, o j\u00fari ir\u00e1 provar que Fl\u00e1vio tinha sim a inten\u00e7\u00e3o de matar. &#8220;A expectativa \u00e9 derrubar a tese de que o r\u00e9u se esconde atrav\u00e9s de um laudo psiqui\u00e1trico, alegando que n\u00e3o tinha a capacidade de cometer os crimes. Mas uma pessoa que planeja os m\u00ednimos detalhes os crimes e\u00a0 ap\u00f3s comet\u00ea-los, se esconde fazendo troca de d\u00f3lar e se esconder em diversas cidades, demonstra claramente a inten\u00e7\u00e3o de que sabia o que estava fazendo&#8221;, explica.<\/p>\n<p>J\u00e1 o advogado de defesa, Eug\u00eanio Malavasi alega que a inten\u00e7\u00e3o \u00e9 comprovar que o r\u00e9u n\u00e3o tinha a capacidade de cometer tais crimes, j\u00e1 que os laudos psiqui\u00e1tricos e a per\u00edcia atestaram que ele sofria de problemas mentais.<\/p>\n<p>At\u00e9 o momento, testemunhas consideradas pe\u00e7as chaves ainda est\u00e3o sendo aguardadas. &#8220;Estamos buscando a testemunha para dar in\u00edcio ao julgamento e buscar as resolu\u00e7\u00f5es do caso, que deve durar dois dias&#8221;, explica Eug\u00eanio.<\/p>\n<p>Tr\u00eas testemunhas ainda est\u00e3o sendo esperadas para comparecer no j\u00fari popular.<\/p>\n<p><strong>LEIA TAMB\u00c9M<\/strong><\/p>\n<p><a href=\"https:\/\/redenoticiaz.com.br\/litoralsp\/2022\/03\/09\/juri-popular-do-maniaco-da-peruca-e-marcado-para-acontecer-em-abril\">J\u00fari popular do \u2018Man\u00edaco da Peruca\u2019 \u00e9 marcado para acontecer em abril<\/a><\/p>\n","protected":false},"excerpt":{"rendered":"<p>Est\u00e1 previsto para acontecer nesta ter\u00e7a-feira (5) o julgamento do dentista Fl\u00e1vio do Nascimento Gra\u00e7a, de 39 anos, conhecido como o &#8216;Man\u00edaco da Peruca&#8217;. Ele \u00e9 acusado de matar tr\u00eas pessoas que trabalhavam em uma cl\u00ednica dent\u00e1ria em Santos entre os anos de 2014 e 2015. O j\u00fari popular ser\u00e1 realizado no F\u00f3rum de Santos. &hellip;<\/p>\n","protected":false},"author":6,"featured_media":24585,"comment_status":"open","ping_status":"closed","sticky":false,"template":"","format":"standard","meta":{"footnotes":""},"categories":[22,180],"tags":[38787,33316,51799,986],"class_list":["post-26044","post","type-post","status-publish","format-standard","has-post-thumbnail","hentry","category-justica","category-santos","tag-forum-de-santos","tag-juri-popular","tag-maniaco-da-peruca","tag-santos"],"yoast_head":"<!-- This site is optimized with the Yoast SEO plugin v27.4 - https:\/\/yoast.com\/product\/yoast-seo-wordpress\/ -->\n<title>Julgamento do caso do &#039;Man\u00edaco da Peruca&#039; acontece no F\u00f3rum de Santos - Litoral SP<\/title>\n<meta name=\"description\" content=\"acontecer nesta ter\u00e7a-feira (5) o julgamento do dentista Fl\u00e1vio do Nascimento Gra\u00e7a, de 39 anos, conhecido como o &#039;Man\u00edaco da Peruca&#039;. Ele\" \/>\n<meta name=\"robots\" content=\"index, follow, max-snippet:-1, max-image-preview:large, max-video-preview:-1\" \/>\n<link rel=\"canonical\" href=\"https:\/\/redenoticiaz.com.br\/litoralsp\/2022\/04\/05\/julgamento-do-caso-do-maniaco-da-peruca-acontece-no-forum-de-santos\" \/>\n<meta property=\"og:locale\" content=\"pt_BR\" \/>\n<meta property=\"og:type\" content=\"article\" \/>\n<meta property=\"og:title\" content=\"Julgamento do caso do &#039;Man\u00edaco da Peruca&#039; acontece no F\u00f3rum de Santos - Litoral SP\" \/>\n<meta property=\"og:description\" content=\"acontecer nesta ter\u00e7a-feira (5) o julgamento do dentista Fl\u00e1vio do Nascimento Gra\u00e7a, de 39 anos, conhecido como o &#039;Man\u00edaco da Peruca&#039;. Ele\" \/>\n<meta property=\"og:url\" content=\"https:\/\/redenoticiaz.com.br\/litoralsp\/2022\/04\/05\/julgamento-do-caso-do-maniaco-da-peruca-acontece-no-forum-de-santos\" \/>\n<meta property=\"og:site_name\" content=\"Litoral SP\" \/>\n<meta property=\"article:published_time\" content=\"2022-04-05T14:15:56+00:00\" \/>\n<meta property=\"og:image\" content=\"https:\/\/redenoticiaz.com.br\/litoralsp\/wp-content\/uploads\/sites\/3\/2022\/03\/maniacodaperuca.jpg\" \/>\n\t<meta property=\"og:image:width\" content=\"900\" \/>\n\t<meta property=\"og:image:height\" content=\"600\" \/>\n\t<meta property=\"og:image:type\" content=\"image\/jpeg\" \/>\n<meta name=\"author\" content=\"Leonardo Francisco\" \/>\n<meta name=\"twitter:card\" content=\"summary_large_image\" \/>\n<meta name=\"twitter:label1\" content=\"Escrito por\" \/>\n\t<meta name=\"twitter:data1\" content=\"Leonardo Francisco\" \/>\n\t<meta name=\"twitter:label2\" content=\"Est. tempo de leitura\" \/>\n\t<meta name=\"twitter:data2\" content=\"3 minutos\" \/>\n<script type=\"application\/ld+json\" class=\"yoast-schema-graph\">{\"@context\":\"https:\\\/\\\/schema.org\",\"@graph\":[{\"@type\":\"Article\",\"@id\":\"https:\\\/\\\/redenoticiaz.com.br\\\/litoralsp\\\/2022\\\/04\\\/05\\\/julgamento-do-caso-do-maniaco-da-peruca-acontece-no-forum-de-santos#article\",\"isPartOf\":{\"@id\":\"https:\\\/\\\/redenoticiaz.com.br\\\/litoralsp\\\/2022\\\/04\\\/05\\\/julgamento-do-caso-do-maniaco-da-peruca-acontece-no-forum-de-santos\"},\"author\":{\"name\":\"Leonardo Francisco\",\"@id\":\"https:\\\/\\\/redenoticiaz.com.br\\\/litoralsp\\\/#\\\/schema\\\/person\\\/0f0b8a5bdafefe82841e07ae8d81ecb3\"},\"headline\":\"Julgamento do caso do &#8216;Man\u00edaco da Peruca&#8217; acontece no F\u00f3rum de Santos\",\"datePublished\":\"2022-04-05T14:15:56+00:00\",\"mainEntityOfPage\":{\"@id\":\"https:\\\/\\\/redenoticiaz.com.br\\\/litoralsp\\\/2022\\\/04\\\/05\\\/julgamento-do-caso-do-maniaco-da-peruca-acontece-no-forum-de-santos\"},\"wordCount\":711,\"commentCount\":0,\"publisher\":{\"@id\":\"https:\\\/\\\/redenoticiaz.com.br\\\/litoralsp\\\/#organization\"},\"image\":{\"@id\":\"https:\\\/\\\/redenoticiaz.com.br\\\/litoralsp\\\/2022\\\/04\\\/05\\\/julgamento-do-caso-do-maniaco-da-peruca-acontece-no-forum-de-santos#primaryimage\"},\"thumbnailUrl\":\"https:\\\/\\\/redenoticiaz.com.br\\\/litoralsp\\\/wp-content\\\/uploads\\\/sites\\\/3\\\/2022\\\/03\\\/maniacodaperuca.jpg\",\"keywords\":[\"F\u00d3RUM DE SANTOS\",\"J\u00daRI POPULAR\",\"MAN\u00cdACO DA PERUCA\",\"Santos\"],\"articleSection\":[\"Justi\u00e7a\",\"Santos\"],\"inLanguage\":\"pt-BR\",\"potentialAction\":[{\"@type\":\"CommentAction\",\"name\":\"Comment\",\"target\":[\"https:\\\/\\\/redenoticiaz.com.br\\\/litoralsp\\\/2022\\\/04\\\/05\\\/julgamento-do-caso-do-maniaco-da-peruca-acontece-no-forum-de-santos#respond\"]}]},{\"@type\":\"WebPage\",\"@id\":\"https:\\\/\\\/redenoticiaz.com.br\\\/litoralsp\\\/2022\\\/04\\\/05\\\/julgamento-do-caso-do-maniaco-da-peruca-acontece-no-forum-de-santos\",\"url\":\"https:\\\/\\\/redenoticiaz.com.br\\\/litoralsp\\\/2022\\\/04\\\/05\\\/julgamento-do-caso-do-maniaco-da-peruca-acontece-no-forum-de-santos\",\"name\":\"Julgamento do caso do 'Man\u00edaco da Peruca' acontece no F\u00f3rum de Santos - Litoral SP\",\"isPartOf\":{\"@id\":\"https:\\\/\\\/redenoticiaz.com.br\\\/litoralsp\\\/#website\"},\"primaryImageOfPage\":{\"@id\":\"https:\\\/\\\/redenoticiaz.com.br\\\/litoralsp\\\/2022\\\/04\\\/05\\\/julgamento-do-caso-do-maniaco-da-peruca-acontece-no-forum-de-santos#primaryimage\"},\"image\":{\"@id\":\"https:\\\/\\\/redenoticiaz.com.br\\\/litoralsp\\\/2022\\\/04\\\/05\\\/julgamento-do-caso-do-maniaco-da-peruca-acontece-no-forum-de-santos#primaryimage\"},\"thumbnailUrl\":\"https:\\\/\\\/redenoticiaz.com.br\\\/litoralsp\\\/wp-content\\\/uploads\\\/sites\\\/3\\\/2022\\\/03\\\/maniacodaperuca.jpg\",\"datePublished\":\"2022-04-05T14:15:56+00:00\",\"description\":\"acontecer nesta ter\u00e7a-feira (5) o julgamento do dentista Fl\u00e1vio do Nascimento Gra\u00e7a, de 39 anos, conhecido como o 'Man\u00edaco da Peruca'. Ele\",\"inLanguage\":\"pt-BR\",\"potentialAction\":[{\"@type\":\"ReadAction\",\"target\":[\"https:\\\/\\\/redenoticiaz.com.br\\\/litoralsp\\\/2022\\\/04\\\/05\\\/julgamento-do-caso-do-maniaco-da-peruca-acontece-no-forum-de-santos\"]}]},{\"@type\":\"ImageObject\",\"inLanguage\":\"pt-BR\",\"@id\":\"https:\\\/\\\/redenoticiaz.com.br\\\/litoralsp\\\/2022\\\/04\\\/05\\\/julgamento-do-caso-do-maniaco-da-peruca-acontece-no-forum-de-santos#primaryimage\",\"url\":\"https:\\\/\\\/redenoticiaz.com.br\\\/litoralsp\\\/wp-content\\\/uploads\\\/sites\\\/3\\\/2022\\\/03\\\/maniacodaperuca.jpg\",\"contentUrl\":\"https:\\\/\\\/redenoticiaz.com.br\\\/litoralsp\\\/wp-content\\\/uploads\\\/sites\\\/3\\\/2022\\\/03\\\/maniacodaperuca.jpg\",\"width\":900,\"height\":600,\"caption\":\"Somente em 2019 que o suspeito foi preso. Cr\u00e9ditos: Reprodu\u00e7\u00e3o\\\/Santa Cec\u00edlia TV\"},{\"@type\":\"WebSite\",\"@id\":\"https:\\\/\\\/redenoticiaz.com.br\\\/litoralsp\\\/#website\",\"url\":\"https:\\\/\\\/redenoticiaz.com.br\\\/litoralsp\\\/\",\"name\":\"Litoral SP\",\"description\":\"Rede NoticiaZ\",\"publisher\":{\"@id\":\"https:\\\/\\\/redenoticiaz.com.br\\\/litoralsp\\\/#organization\"},\"potentialAction\":[{\"@type\":\"SearchAction\",\"target\":{\"@type\":\"EntryPoint\",\"urlTemplate\":\"https:\\\/\\\/redenoticiaz.com.br\\\/litoralsp\\\/?s={search_term_string}\"},\"query-input\":{\"@type\":\"PropertyValueSpecification\",\"valueRequired\":true,\"valueName\":\"search_term_string\"}}],\"inLanguage\":\"pt-BR\"},{\"@type\":\"Organization\",\"@id\":\"https:\\\/\\\/redenoticiaz.com.br\\\/litoralsp\\\/#organization\",\"name\":\"Litoral SP\",\"url\":\"https:\\\/\\\/redenoticiaz.com.br\\\/litoralsp\\\/\",\"logo\":{\"@type\":\"ImageObject\",\"inLanguage\":\"pt-BR\",\"@id\":\"https:\\\/\\\/redenoticiaz.com.br\\\/litoralsp\\\/#\\\/schema\\\/logo\\\/image\\\/\",\"url\":\"https:\\\/\\\/redenoticiaz.com.br\\\/litoralsp\\\/wp-content\\\/uploads\\\/sites\\\/3\\\/2020\\\/11\\\/logo.jpg\",\"contentUrl\":\"https:\\\/\\\/redenoticiaz.com.br\\\/litoralsp\\\/wp-content\\\/uploads\\\/sites\\\/3\\\/2020\\\/11\\\/logo.jpg\",\"width\":400,\"height\":250,\"caption\":\"Litoral SP\"},\"image\":{\"@id\":\"https:\\\/\\\/redenoticiaz.com.br\\\/litoralsp\\\/#\\\/schema\\\/logo\\\/image\\\/\"}},{\"@type\":\"Person\",\"@id\":\"https:\\\/\\\/redenoticiaz.com.br\\\/litoralsp\\\/#\\\/schema\\\/person\\\/0f0b8a5bdafefe82841e07ae8d81ecb3\",\"name\":\"Leonardo Francisco\",\"image\":{\"@type\":\"ImageObject\",\"inLanguage\":\"pt-BR\",\"@id\":\"https:\\\/\\\/secure.gravatar.com\\\/avatar\\\/a7358cb406a99b682ec6df1e77e31ae82e63601f6784e8a3df411d72b37864da?s=96&d=mm&r=g\",\"url\":\"https:\\\/\\\/secure.gravatar.com\\\/avatar\\\/a7358cb406a99b682ec6df1e77e31ae82e63601f6784e8a3df411d72b37864da?s=96&d=mm&r=g\",\"contentUrl\":\"https:\\\/\\\/secure.gravatar.com\\\/avatar\\\/a7358cb406a99b682ec6df1e77e31ae82e63601f6784e8a3df411d72b37864da?s=96&d=mm&r=g\",\"caption\":\"Leonardo Francisco\"},\"url\":\"https:\\\/\\\/redenoticiaz.com.br\\\/litoralsp\\\/author\\\/leonardo-francisco\"}]}<\/script>\n<!-- \/ Yoast SEO plugin. -->","yoast_head_json":{"title":"Julgamento do caso do 'Man\u00edaco da Peruca' acontece no F\u00f3rum de Santos - Litoral SP","description":"acontecer nesta ter\u00e7a-feira (5) o julgamento do dentista Fl\u00e1vio do Nascimento Gra\u00e7a, de 39 anos, conhecido como o 'Man\u00edaco da Peruca'. Ele","robots":{"index":"index","follow":"follow","max-snippet":"max-snippet:-1","max-image-preview":"max-image-preview:large","max-video-preview":"max-video-preview:-1"},"canonical":"https:\/\/redenoticiaz.com.br\/litoralsp\/2022\/04\/05\/julgamento-do-caso-do-maniaco-da-peruca-acontece-no-forum-de-santos","og_locale":"pt_BR","og_type":"article","og_title":"Julgamento do caso do 'Man\u00edaco da Peruca' acontece no F\u00f3rum de Santos - Litoral SP","og_description":"acontecer nesta ter\u00e7a-feira (5) o julgamento do dentista Fl\u00e1vio do Nascimento Gra\u00e7a, de 39 anos, conhecido como o 'Man\u00edaco da Peruca'. Ele","og_url":"https:\/\/redenoticiaz.com.br\/litoralsp\/2022\/04\/05\/julgamento-do-caso-do-maniaco-da-peruca-acontece-no-forum-de-santos","og_site_name":"Litoral SP","article_published_time":"2022-04-05T14:15:56+00:00","og_image":[{"width":900,"height":600,"url":"https:\/\/redenoticiaz.com.br\/litoralsp\/wp-content\/uploads\/sites\/3\/2022\/03\/maniacodaperuca.jpg","type":"image\/jpeg"}],"author":"Leonardo Francisco","twitter_card":"summary_large_image","twitter_misc":{"Escrito por":"Leonardo Francisco","Est. tempo de leitura":"3 minutos"},"schema":{"@context":"https:\/\/schema.org","@graph":[{"@type":"Article","@id":"https:\/\/redenoticiaz.com.br\/litoralsp\/2022\/04\/05\/julgamento-do-caso-do-maniaco-da-peruca-acontece-no-forum-de-santos#article","isPartOf":{"@id":"https:\/\/redenoticiaz.com.br\/litoralsp\/2022\/04\/05\/julgamento-do-caso-do-maniaco-da-peruca-acontece-no-forum-de-santos"},"author":{"name":"Leonardo Francisco","@id":"https:\/\/redenoticiaz.com.br\/litoralsp\/#\/schema\/person\/0f0b8a5bdafefe82841e07ae8d81ecb3"},"headline":"Julgamento do caso do &#8216;Man\u00edaco da Peruca&#8217; acontece no F\u00f3rum de Santos","datePublished":"2022-04-05T14:15:56+00:00","mainEntityOfPage":{"@id":"https:\/\/redenoticiaz.com.br\/litoralsp\/2022\/04\/05\/julgamento-do-caso-do-maniaco-da-peruca-acontece-no-forum-de-santos"},"wordCount":711,"commentCount":0,"publisher":{"@id":"https:\/\/redenoticiaz.com.br\/litoralsp\/#organization"},"image":{"@id":"https:\/\/redenoticiaz.com.br\/litoralsp\/2022\/04\/05\/julgamento-do-caso-do-maniaco-da-peruca-acontece-no-forum-de-santos#primaryimage"},"thumbnailUrl":"https:\/\/redenoticiaz.com.br\/litoralsp\/wp-content\/uploads\/sites\/3\/2022\/03\/maniacodaperuca.jpg","keywords":["F\u00d3RUM DE SANTOS","J\u00daRI POPULAR","MAN\u00cdACO DA PERUCA","Santos"],"articleSection":["Justi\u00e7a","Santos"],"inLanguage":"pt-BR","potentialAction":[{"@type":"CommentAction","name":"Comment","target":["https:\/\/redenoticiaz.com.br\/litoralsp\/2022\/04\/05\/julgamento-do-caso-do-maniaco-da-peruca-acontece-no-forum-de-santos#respond"]}]},{"@type":"WebPage","@id":"https:\/\/redenoticiaz.com.br\/litoralsp\/2022\/04\/05\/julgamento-do-caso-do-maniaco-da-peruca-acontece-no-forum-de-santos","url":"https:\/\/redenoticiaz.com.br\/litoralsp\/2022\/04\/05\/julgamento-do-caso-do-maniaco-da-peruca-acontece-no-forum-de-santos","name":"Julgamento do caso do 'Man\u00edaco da Peruca' acontece no F\u00f3rum de Santos - Litoral SP","isPartOf":{"@id":"https:\/\/redenoticiaz.com.br\/litoralsp\/#website"},"primaryImageOfPage":{"@id":"https:\/\/redenoticiaz.com.br\/litoralsp\/2022\/04\/05\/julgamento-do-caso-do-maniaco-da-peruca-acontece-no-forum-de-santos#primaryimage"},"image":{"@id":"https:\/\/redenoticiaz.com.br\/litoralsp\/2022\/04\/05\/julgamento-do-caso-do-maniaco-da-peruca-acontece-no-forum-de-santos#primaryimage"},"thumbnailUrl":"https:\/\/redenoticiaz.com.br\/litoralsp\/wp-content\/uploads\/sites\/3\/2022\/03\/maniacodaperuca.jpg","datePublished":"2022-04-05T14:15:56+00:00","description":"acontecer nesta ter\u00e7a-feira (5) o julgamento do dentista Fl\u00e1vio do Nascimento Gra\u00e7a, de 39 anos, conhecido como o 'Man\u00edaco da Peruca'. Ele","inLanguage":"pt-BR","potentialAction":[{"@type":"ReadAction","target":["https:\/\/redenoticiaz.com.br\/litoralsp\/2022\/04\/05\/julgamento-do-caso-do-maniaco-da-peruca-acontece-no-forum-de-santos"]}]},{"@type":"ImageObject","inLanguage":"pt-BR","@id":"https:\/\/redenoticiaz.com.br\/litoralsp\/2022\/04\/05\/julgamento-do-caso-do-maniaco-da-peruca-acontece-no-forum-de-santos#primaryimage","url":"https:\/\/redenoticiaz.com.br\/litoralsp\/wp-content\/uploads\/sites\/3\/2022\/03\/maniacodaperuca.jpg","contentUrl":"https:\/\/redenoticiaz.com.br\/litoralsp\/wp-content\/uploads\/sites\/3\/2022\/03\/maniacodaperuca.jpg","width":900,"height":600,"caption":"Somente em 2019 que o suspeito foi preso. Cr\u00e9ditos: Reprodu\u00e7\u00e3o\/Santa Cec\u00edlia TV"},{"@type":"WebSite","@id":"https:\/\/redenoticiaz.com.br\/litoralsp\/#website","url":"https:\/\/redenoticiaz.com.br\/litoralsp\/","name":"Litoral SP","description":"Rede NoticiaZ","publisher":{"@id":"https:\/\/redenoticiaz.com.br\/litoralsp\/#organization"},"potentialAction":[{"@type":"SearchAction","target":{"@type":"EntryPoint","urlTemplate":"https:\/\/redenoticiaz.com.br\/litoralsp\/?s={search_term_string}"},"query-input":{"@type":"PropertyValueSpecification","valueRequired":true,"valueName":"search_term_string"}}],"inLanguage":"pt-BR"},{"@type":"Organization","@id":"https:\/\/redenoticiaz.com.br\/litoralsp\/#organization","name":"Litoral SP","url":"https:\/\/redenoticiaz.com.br\/litoralsp\/","logo":{"@type":"ImageObject","inLanguage":"pt-BR","@id":"https:\/\/redenoticiaz.com.br\/litoralsp\/#\/schema\/logo\/image\/","url":"https:\/\/redenoticiaz.com.br\/litoralsp\/wp-content\/uploads\/sites\/3\/2020\/11\/logo.jpg","contentUrl":"https:\/\/redenoticiaz.com.br\/litoralsp\/wp-content\/uploads\/sites\/3\/2020\/11\/logo.jpg","width":400,"height":250,"caption":"Litoral SP"},"image":{"@id":"https:\/\/redenoticiaz.com.br\/litoralsp\/#\/schema\/logo\/image\/"}},{"@type":"Person","@id":"https:\/\/redenoticiaz.com.br\/litoralsp\/#\/schema\/person\/0f0b8a5bdafefe82841e07ae8d81ecb3","name":"Leonardo Francisco","image":{"@type":"ImageObject","inLanguage":"pt-BR","@id":"https:\/\/secure.gravatar.com\/avatar\/a7358cb406a99b682ec6df1e77e31ae82e63601f6784e8a3df411d72b37864da?s=96&d=mm&r=g","url":"https:\/\/secure.gravatar.com\/avatar\/a7358cb406a99b682ec6df1e77e31ae82e63601f6784e8a3df411d72b37864da?s=96&d=mm&r=g","contentUrl":"https:\/\/secure.gravatar.com\/avatar\/a7358cb406a99b682ec6df1e77e31ae82e63601f6784e8a3df411d72b37864da?s=96&d=mm&r=g","caption":"Leonardo Francisco"},"url":"https:\/\/redenoticiaz.com.br\/litoralsp\/author\/leonardo-francisco"}]}},"_links":{"self":[{"href":"https:\/\/redenoticiaz.com.br\/litoralsp\/wp-json\/wp\/v2\/posts\/26044","targetHints":{"allow":["GET"]}}],"collection":[{"href":"https:\/\/redenoticiaz.com.br\/litoralsp\/wp-json\/wp\/v2\/posts"}],"about":[{"href":"https:\/\/redenoticiaz.com.br\/litoralsp\/wp-json\/wp\/v2\/types\/post"}],"author":[{"embeddable":true,"href":"https:\/\/redenoticiaz.com.br\/litoralsp\/wp-json\/wp\/v2\/users\/6"}],"replies":[{"embeddable":true,"href":"https:\/\/redenoticiaz.com.br\/litoralsp\/wp-json\/wp\/v2\/comments?post=26044"}],"version-history":[{"count":1,"href":"https:\/\/redenoticiaz.com.br\/litoralsp\/wp-json\/wp\/v2\/posts\/26044\/revisions"}],"predecessor-version":[{"id":26045,"href":"https:\/\/redenoticiaz.com.br\/litoralsp\/wp-json\/wp\/v2\/posts\/26044\/revisions\/26045"}],"wp:featuredmedia":[{"embeddable":true,"href":"https:\/\/redenoticiaz.com.br\/litoralsp\/wp-json\/wp\/v2\/media\/24585"}],"wp:attachment":[{"href":"https:\/\/redenoticiaz.com.br\/litoralsp\/wp-json\/wp\/v2\/media?parent=26044"}],"wp:term":[{"taxonomy":"category","embeddable":true,"href":"https:\/\/redenoticiaz.com.br\/litoralsp\/wp-json\/wp\/v2\/categories?post=26044"},{"taxonomy":"post_tag","embeddable":true,"href":"https:\/\/redenoticiaz.com.br\/litoralsp\/wp-json\/wp\/v2\/tags?post=26044"}],"curies":[{"name":"wp","href":"https:\/\/api.w.org\/{rel}","templated":true}]}}