{"id":26069,"date":"2022-04-05T12:50:59","date_gmt":"2022-04-05T15:50:59","guid":{"rendered":"https:\/\/redenoticiaz.com.br\/litoralsp\/?p=26069"},"modified":"2022-04-05T12:50:59","modified_gmt":"2022-04-05T15:50:59","slug":"volume-de-chuvas-em-ubatuba-passa-de-600-milimetros-e-deixam-problemas-em-rodovias","status":"publish","type":"post","link":"https:\/\/redenoticiaz.com.br\/litoralsp\/2022\/04\/05\/volume-de-chuvas-em-ubatuba-passa-de-600-milimetros-e-deixam-problemas-em-rodovias","title":{"rendered":"Volume de chuvas em Ubatuba passa de 600 mil\u00edmetros e deixam problemas em rodovias"},"content":{"rendered":"<p>As chuvas que ca\u00edram em <a href=\"https:\/\/www.ubatuba.sp.gov.br\/\">Ubatuba<\/a> deixaram s\u00e9rios problemas na cidade. At\u00e9 esta ter\u00e7a-feira (5), foram registrados <strong>600 mil\u00edmetros<\/strong> acumulados e como consequ\u00eancia houveram alagamentos que for\u00e7aram pessoas a estarem desalojadas, al\u00e9m d eproblemas nas rodovias Oswaldo Cruz e Rio-Santos.<\/p>\n<p>Segundo a Defesa Civil de Ubatuba, ap\u00f3s a queda de 600 mil\u00edmetros de chuvas, foi superado o recorde de chuvas esperados para dois meses. Al\u00e9m disso, as \u00e1reas de risco da cidade est\u00e3o sendo apuradas. Com a chuva do fim de semana,\u00a0mais de 170 pessoas estavam fora de suas casas. No bairro Camburi, uma comunidade inteira estava ilhada por causa do volume de chuva e recebendo suporte com alimentos e suprimentos com ajuda do helic\u00f3ptero da PM.<\/p>\n<p>O temporal causou v\u00e1rios pontos de alagamento e nesta segunda-feira, com a tr\u00e9gua da chuva, a \u00e1gua baixou em alguns pontos e os moradores puderam voltar. At\u00e9 esta ter\u00e7a-feira, 30 pessoas ainda est\u00e3o sendo mantidas em um abrigo da prefeitura.<\/p>\n<p>J\u00e1 nas estradas de Ubatuba e do Litoral Norte, as rodovias Rio-Santos, Oswaldo Cruz e Tamoios tiveram interdi\u00e7\u00f5es. Na noite de segunda-feira (4), a rodovia Oswaldo Cruz liberou os trechos que antes estavam interditados por queda de barreira. Apenas um trecho no km 80 est\u00e1 parcialmente interditado, seguindo em pare e siga.<\/p>\n<div class=\"mc-column content-text active-extra-styles \" data-block-type=\"unstyled\" data-block-weight=\"44\" data-block-id=\"12\">\n<p class=\"content-text__container \" data-track-category=\"Link no Texto\" data-track-links=\"\">A Rio-Santos segue com v\u00e1rios pontos de interdi\u00e7\u00e3o. O principal deles na regi\u00e3o do F\u00e9lix, onde a encosta cedeu e fez com que o asfalto deslizasse, abrindo uma cratera. As interdi\u00e7\u00f5es no trecho seguem em pontos entre os km 1 e km 33.<\/p>\n<p data-track-category=\"Link no Texto\" data-track-links=\"\"><strong>LEIA TAMB\u00c9M<\/strong><\/p>\n<p data-track-category=\"Link no Texto\" data-track-links=\"\"><a href=\"https:\/\/redenoticiaz.com.br\/litoralsp\/2022\/04\/04\/chuvas-em-ubatuba-forcam-mais-de-170-pessoas-deixarem-suas-casas\">Chuvas em Ubatuba for\u00e7am mais de 170 pessoas deixarem suas casas<\/a><\/p>\n<\/div>\n","protected":false},"excerpt":{"rendered":"<p>As chuvas que ca\u00edram em Ubatuba deixaram s\u00e9rios problemas na cidade. At\u00e9 esta ter\u00e7a-feira (5), foram registrados 600 mil\u00edmetros acumulados e como consequ\u00eancia houveram alagamentos que for\u00e7aram pessoas a estarem desalojadas, al\u00e9m d eproblemas nas rodovias Oswaldo Cruz e Rio-Santos. Segundo a Defesa Civil de Ubatuba, ap\u00f3s a queda de 600 mil\u00edmetros de chuvas, foi &hellip;<\/p>\n","protected":false},"author":6,"featured_media":26072,"comment_status":"open","ping_status":"closed","sticky":false,"template":"","format":"standard","meta":{"footnotes":""},"categories":[26798,189],"tags":[11633,1151,32836,7416,6896,4629,1333],"class_list":["post-26069","post","type-post","status-publish","format-standard","has-post-thumbnail","hentry","category-climatologia","category-ubatuba","tag-climatologia","tag-defesa-civil","tag-estradas","tag-fortes-chuvas","tag-rodovia-oswaldo-cruz","tag-rodovia-rio-santos","tag-ubatuba"],"yoast_head":"<!-- This site is optimized with the Yoast SEO plugin v27.5 - https:\/\/yoast.com\/product\/yoast-seo-wordpress\/ -->\n<title>Volume de chuvas em Ubatuba passa de 600 mil\u00edmetros e deixam problemas em rodovias - Litoral SP<\/title>\n<meta name=\"description\" content=\"que ca\u00edram em Ubatuba deixaram s\u00e9rios problemas na cidade. At\u00e9 esta ter\u00e7a-feira (5), foram registrados 600 mil\u00edmetros acumulados\" \/>\n<meta name=\"robots\" content=\"index, follow, max-snippet:-1, max-image-preview:large, max-video-preview:-1\" \/>\n<link rel=\"canonical\" href=\"https:\/\/redenoticiaz.com.br\/litoralsp\/2022\/04\/05\/volume-de-chuvas-em-ubatuba-passa-de-600-milimetros-e-deixam-problemas-em-rodovias\" \/>\n<meta property=\"og:locale\" content=\"pt_BR\" \/>\n<meta property=\"og:type\" content=\"article\" \/>\n<meta property=\"og:title\" content=\"Volume de chuvas em Ubatuba passa de 600 mil\u00edmetros e deixam problemas em rodovias - Litoral SP\" \/>\n<meta property=\"og:description\" content=\"que ca\u00edram em Ubatuba deixaram s\u00e9rios problemas na cidade. At\u00e9 esta ter\u00e7a-feira (5), foram registrados 600 mil\u00edmetros acumulados\" \/>\n<meta property=\"og:url\" content=\"https:\/\/redenoticiaz.com.br\/litoralsp\/2022\/04\/05\/volume-de-chuvas-em-ubatuba-passa-de-600-milimetros-e-deixam-problemas-em-rodovias\" \/>\n<meta property=\"og:site_name\" content=\"Litoral SP\" \/>\n<meta property=\"article:published_time\" content=\"2022-04-05T15:50:59+00:00\" \/>\n<meta property=\"og:image\" content=\"https:\/\/redenoticiaz.com.br\/litoralsp\/wp-content\/uploads\/sites\/3\/2022\/04\/almada-bloqueada-770x578-1.jpeg\" \/>\n\t<meta property=\"og:image:width\" content=\"770\" \/>\n\t<meta property=\"og:image:height\" content=\"578\" \/>\n\t<meta property=\"og:image:type\" content=\"image\/jpeg\" \/>\n<meta name=\"author\" content=\"Leonardo Francisco\" \/>\n<meta name=\"twitter:card\" content=\"summary_large_image\" \/>\n<meta name=\"twitter:label1\" content=\"Escrito por\" \/>\n\t<meta name=\"twitter:data1\" content=\"Leonardo Francisco\" \/>\n\t<meta name=\"twitter:label2\" content=\"Est. tempo de leitura\" \/>\n\t<meta name=\"twitter:data2\" content=\"1 minuto\" \/>\n<script type=\"application\/ld+json\" class=\"yoast-schema-graph\">{\"@context\":\"https:\\\/\\\/schema.org\",\"@graph\":[{\"@type\":\"Article\",\"@id\":\"https:\\\/\\\/redenoticiaz.com.br\\\/litoralsp\\\/2022\\\/04\\\/05\\\/volume-de-chuvas-em-ubatuba-passa-de-600-milimetros-e-deixam-problemas-em-rodovias#article\",\"isPartOf\":{\"@id\":\"https:\\\/\\\/redenoticiaz.com.br\\\/litoralsp\\\/2022\\\/04\\\/05\\\/volume-de-chuvas-em-ubatuba-passa-de-600-milimetros-e-deixam-problemas-em-rodovias\"},\"author\":{\"name\":\"Leonardo Francisco\",\"@id\":\"https:\\\/\\\/redenoticiaz.com.br\\\/litoralsp\\\/#\\\/schema\\\/person\\\/0f0b8a5bdafefe82841e07ae8d81ecb3\"},\"headline\":\"Volume de chuvas em Ubatuba passa de 600 mil\u00edmetros e deixam problemas em rodovias\",\"datePublished\":\"2022-04-05T15:50:59+00:00\",\"mainEntityOfPage\":{\"@id\":\"https:\\\/\\\/redenoticiaz.com.br\\\/litoralsp\\\/2022\\\/04\\\/05\\\/volume-de-chuvas-em-ubatuba-passa-de-600-milimetros-e-deixam-problemas-em-rodovias\"},\"wordCount\":294,\"commentCount\":0,\"publisher\":{\"@id\":\"https:\\\/\\\/redenoticiaz.com.br\\\/litoralsp\\\/#organization\"},\"image\":{\"@id\":\"https:\\\/\\\/redenoticiaz.com.br\\\/litoralsp\\\/2022\\\/04\\\/05\\\/volume-de-chuvas-em-ubatuba-passa-de-600-milimetros-e-deixam-problemas-em-rodovias#primaryimage\"},\"thumbnailUrl\":\"https:\\\/\\\/redenoticiaz.com.br\\\/litoralsp\\\/wp-content\\\/uploads\\\/sites\\\/3\\\/2022\\\/04\\\/almada-bloqueada-770x578-1.jpeg\",\"keywords\":[\"CLIMATOLOGIA\",\"DEFESA CIVIL\",\"ESTRADAS\",\"FORTES CHUVAS\",\"RODOVIA OSWALDO CRUZ\",\"RODOVIA RIO-SANTOS\",\"UBATUBA\"],\"articleSection\":[\"Climatologia\",\"Ubatuba\"],\"inLanguage\":\"pt-BR\",\"potentialAction\":[{\"@type\":\"CommentAction\",\"name\":\"Comment\",\"target\":[\"https:\\\/\\\/redenoticiaz.com.br\\\/litoralsp\\\/2022\\\/04\\\/05\\\/volume-de-chuvas-em-ubatuba-passa-de-600-milimetros-e-deixam-problemas-em-rodovias#respond\"]}]},{\"@type\":\"WebPage\",\"@id\":\"https:\\\/\\\/redenoticiaz.com.br\\\/litoralsp\\\/2022\\\/04\\\/05\\\/volume-de-chuvas-em-ubatuba-passa-de-600-milimetros-e-deixam-problemas-em-rodovias\",\"url\":\"https:\\\/\\\/redenoticiaz.com.br\\\/litoralsp\\\/2022\\\/04\\\/05\\\/volume-de-chuvas-em-ubatuba-passa-de-600-milimetros-e-deixam-problemas-em-rodovias\",\"name\":\"Volume de chuvas em Ubatuba passa de 600 mil\u00edmetros e deixam problemas em rodovias - Litoral SP\",\"isPartOf\":{\"@id\":\"https:\\\/\\\/redenoticiaz.com.br\\\/litoralsp\\\/#website\"},\"primaryImageOfPage\":{\"@id\":\"https:\\\/\\\/redenoticiaz.com.br\\\/litoralsp\\\/2022\\\/04\\\/05\\\/volume-de-chuvas-em-ubatuba-passa-de-600-milimetros-e-deixam-problemas-em-rodovias#primaryimage\"},\"image\":{\"@id\":\"https:\\\/\\\/redenoticiaz.com.br\\\/litoralsp\\\/2022\\\/04\\\/05\\\/volume-de-chuvas-em-ubatuba-passa-de-600-milimetros-e-deixam-problemas-em-rodovias#primaryimage\"},\"thumbnailUrl\":\"https:\\\/\\\/redenoticiaz.com.br\\\/litoralsp\\\/wp-content\\\/uploads\\\/sites\\\/3\\\/2022\\\/04\\\/almada-bloqueada-770x578-1.jpeg\",\"datePublished\":\"2022-04-05T15:50:59+00:00\",\"description\":\"que ca\u00edram em Ubatuba deixaram s\u00e9rios problemas na cidade. At\u00e9 esta ter\u00e7a-feira (5), foram registrados 600 mil\u00edmetros acumulados\",\"inLanguage\":\"pt-BR\",\"potentialAction\":[{\"@type\":\"ReadAction\",\"target\":[\"https:\\\/\\\/redenoticiaz.com.br\\\/litoralsp\\\/2022\\\/04\\\/05\\\/volume-de-chuvas-em-ubatuba-passa-de-600-milimetros-e-deixam-problemas-em-rodovias\"]}]},{\"@type\":\"ImageObject\",\"inLanguage\":\"pt-BR\",\"@id\":\"https:\\\/\\\/redenoticiaz.com.br\\\/litoralsp\\\/2022\\\/04\\\/05\\\/volume-de-chuvas-em-ubatuba-passa-de-600-milimetros-e-deixam-problemas-em-rodovias#primaryimage\",\"url\":\"https:\\\/\\\/redenoticiaz.com.br\\\/litoralsp\\\/wp-content\\\/uploads\\\/sites\\\/3\\\/2022\\\/04\\\/almada-bloqueada-770x578-1.jpeg\",\"contentUrl\":\"https:\\\/\\\/redenoticiaz.com.br\\\/litoralsp\\\/wp-content\\\/uploads\\\/sites\\\/3\\\/2022\\\/04\\\/almada-bloqueada-770x578-1.jpeg\",\"width\":770,\"height\":578,\"caption\":\"Cr\u00e9ditos: Divulga\u00e7\u00e3o\\\/Prefeitura de Campo Limpo Paulista\"},{\"@type\":\"WebSite\",\"@id\":\"https:\\\/\\\/redenoticiaz.com.br\\\/litoralsp\\\/#website\",\"url\":\"https:\\\/\\\/redenoticiaz.com.br\\\/litoralsp\\\/\",\"name\":\"Litoral SP\",\"description\":\"Rede NoticiaZ\",\"publisher\":{\"@id\":\"https:\\\/\\\/redenoticiaz.com.br\\\/litoralsp\\\/#organization\"},\"potentialAction\":[{\"@type\":\"SearchAction\",\"target\":{\"@type\":\"EntryPoint\",\"urlTemplate\":\"https:\\\/\\\/redenoticiaz.com.br\\\/litoralsp\\\/?s={search_term_string}\"},\"query-input\":{\"@type\":\"PropertyValueSpecification\",\"valueRequired\":true,\"valueName\":\"search_term_string\"}}],\"inLanguage\":\"pt-BR\"},{\"@type\":\"Organization\",\"@id\":\"https:\\\/\\\/redenoticiaz.com.br\\\/litoralsp\\\/#organization\",\"name\":\"Litoral SP\",\"url\":\"https:\\\/\\\/redenoticiaz.com.br\\\/litoralsp\\\/\",\"logo\":{\"@type\":\"ImageObject\",\"inLanguage\":\"pt-BR\",\"@id\":\"https:\\\/\\\/redenoticiaz.com.br\\\/litoralsp\\\/#\\\/schema\\\/logo\\\/image\\\/\",\"url\":\"https:\\\/\\\/redenoticiaz.com.br\\\/litoralsp\\\/wp-content\\\/uploads\\\/sites\\\/3\\\/2020\\\/11\\\/logo.jpg\",\"contentUrl\":\"https:\\\/\\\/redenoticiaz.com.br\\\/litoralsp\\\/wp-content\\\/uploads\\\/sites\\\/3\\\/2020\\\/11\\\/logo.jpg\",\"width\":400,\"height\":250,\"caption\":\"Litoral SP\"},\"image\":{\"@id\":\"https:\\\/\\\/redenoticiaz.com.br\\\/litoralsp\\\/#\\\/schema\\\/logo\\\/image\\\/\"}},{\"@type\":\"Person\",\"@id\":\"https:\\\/\\\/redenoticiaz.com.br\\\/litoralsp\\\/#\\\/schema\\\/person\\\/0f0b8a5bdafefe82841e07ae8d81ecb3\",\"name\":\"Leonardo Francisco\",\"image\":{\"@type\":\"ImageObject\",\"inLanguage\":\"pt-BR\",\"@id\":\"https:\\\/\\\/secure.gravatar.com\\\/avatar\\\/a7358cb406a99b682ec6df1e77e31ae82e63601f6784e8a3df411d72b37864da?s=96&d=mm&r=g\",\"url\":\"https:\\\/\\\/secure.gravatar.com\\\/avatar\\\/a7358cb406a99b682ec6df1e77e31ae82e63601f6784e8a3df411d72b37864da?s=96&d=mm&r=g\",\"contentUrl\":\"https:\\\/\\\/secure.gravatar.com\\\/avatar\\\/a7358cb406a99b682ec6df1e77e31ae82e63601f6784e8a3df411d72b37864da?s=96&d=mm&r=g\",\"caption\":\"Leonardo Francisco\"},\"url\":\"https:\\\/\\\/redenoticiaz.com.br\\\/litoralsp\\\/author\\\/leonardo-francisco\"}]}<\/script>\n<!-- \/ Yoast SEO plugin. -->","yoast_head_json":{"title":"Volume de chuvas em Ubatuba passa de 600 mil\u00edmetros e deixam problemas em rodovias - Litoral SP","description":"que ca\u00edram em Ubatuba deixaram s\u00e9rios problemas na cidade. At\u00e9 esta ter\u00e7a-feira (5), foram registrados 600 mil\u00edmetros acumulados","robots":{"index":"index","follow":"follow","max-snippet":"max-snippet:-1","max-image-preview":"max-image-preview:large","max-video-preview":"max-video-preview:-1"},"canonical":"https:\/\/redenoticiaz.com.br\/litoralsp\/2022\/04\/05\/volume-de-chuvas-em-ubatuba-passa-de-600-milimetros-e-deixam-problemas-em-rodovias","og_locale":"pt_BR","og_type":"article","og_title":"Volume de chuvas em Ubatuba passa de 600 mil\u00edmetros e deixam problemas em rodovias - Litoral SP","og_description":"que ca\u00edram em Ubatuba deixaram s\u00e9rios problemas na cidade. At\u00e9 esta ter\u00e7a-feira (5), foram registrados 600 mil\u00edmetros acumulados","og_url":"https:\/\/redenoticiaz.com.br\/litoralsp\/2022\/04\/05\/volume-de-chuvas-em-ubatuba-passa-de-600-milimetros-e-deixam-problemas-em-rodovias","og_site_name":"Litoral SP","article_published_time":"2022-04-05T15:50:59+00:00","og_image":[{"width":770,"height":578,"url":"https:\/\/redenoticiaz.com.br\/litoralsp\/wp-content\/uploads\/sites\/3\/2022\/04\/almada-bloqueada-770x578-1.jpeg","type":"image\/jpeg"}],"author":"Leonardo Francisco","twitter_card":"summary_large_image","twitter_misc":{"Escrito por":"Leonardo Francisco","Est. tempo de leitura":"1 minuto"},"schema":{"@context":"https:\/\/schema.org","@graph":[{"@type":"Article","@id":"https:\/\/redenoticiaz.com.br\/litoralsp\/2022\/04\/05\/volume-de-chuvas-em-ubatuba-passa-de-600-milimetros-e-deixam-problemas-em-rodovias#article","isPartOf":{"@id":"https:\/\/redenoticiaz.com.br\/litoralsp\/2022\/04\/05\/volume-de-chuvas-em-ubatuba-passa-de-600-milimetros-e-deixam-problemas-em-rodovias"},"author":{"name":"Leonardo Francisco","@id":"https:\/\/redenoticiaz.com.br\/litoralsp\/#\/schema\/person\/0f0b8a5bdafefe82841e07ae8d81ecb3"},"headline":"Volume de chuvas em Ubatuba passa de 600 mil\u00edmetros e deixam problemas em rodovias","datePublished":"2022-04-05T15:50:59+00:00","mainEntityOfPage":{"@id":"https:\/\/redenoticiaz.com.br\/litoralsp\/2022\/04\/05\/volume-de-chuvas-em-ubatuba-passa-de-600-milimetros-e-deixam-problemas-em-rodovias"},"wordCount":294,"commentCount":0,"publisher":{"@id":"https:\/\/redenoticiaz.com.br\/litoralsp\/#organization"},"image":{"@id":"https:\/\/redenoticiaz.com.br\/litoralsp\/2022\/04\/05\/volume-de-chuvas-em-ubatuba-passa-de-600-milimetros-e-deixam-problemas-em-rodovias#primaryimage"},"thumbnailUrl":"https:\/\/redenoticiaz.com.br\/litoralsp\/wp-content\/uploads\/sites\/3\/2022\/04\/almada-bloqueada-770x578-1.jpeg","keywords":["CLIMATOLOGIA","DEFESA CIVIL","ESTRADAS","FORTES CHUVAS","RODOVIA OSWALDO CRUZ","RODOVIA RIO-SANTOS","UBATUBA"],"articleSection":["Climatologia","Ubatuba"],"inLanguage":"pt-BR","potentialAction":[{"@type":"CommentAction","name":"Comment","target":["https:\/\/redenoticiaz.com.br\/litoralsp\/2022\/04\/05\/volume-de-chuvas-em-ubatuba-passa-de-600-milimetros-e-deixam-problemas-em-rodovias#respond"]}]},{"@type":"WebPage","@id":"https:\/\/redenoticiaz.com.br\/litoralsp\/2022\/04\/05\/volume-de-chuvas-em-ubatuba-passa-de-600-milimetros-e-deixam-problemas-em-rodovias","url":"https:\/\/redenoticiaz.com.br\/litoralsp\/2022\/04\/05\/volume-de-chuvas-em-ubatuba-passa-de-600-milimetros-e-deixam-problemas-em-rodovias","name":"Volume de chuvas em Ubatuba passa de 600 mil\u00edmetros e deixam problemas em rodovias - Litoral SP","isPartOf":{"@id":"https:\/\/redenoticiaz.com.br\/litoralsp\/#website"},"primaryImageOfPage":{"@id":"https:\/\/redenoticiaz.com.br\/litoralsp\/2022\/04\/05\/volume-de-chuvas-em-ubatuba-passa-de-600-milimetros-e-deixam-problemas-em-rodovias#primaryimage"},"image":{"@id":"https:\/\/redenoticiaz.com.br\/litoralsp\/2022\/04\/05\/volume-de-chuvas-em-ubatuba-passa-de-600-milimetros-e-deixam-problemas-em-rodovias#primaryimage"},"thumbnailUrl":"https:\/\/redenoticiaz.com.br\/litoralsp\/wp-content\/uploads\/sites\/3\/2022\/04\/almada-bloqueada-770x578-1.jpeg","datePublished":"2022-04-05T15:50:59+00:00","description":"que ca\u00edram em Ubatuba deixaram s\u00e9rios problemas na cidade. At\u00e9 esta ter\u00e7a-feira (5), foram registrados 600 mil\u00edmetros acumulados","inLanguage":"pt-BR","potentialAction":[{"@type":"ReadAction","target":["https:\/\/redenoticiaz.com.br\/litoralsp\/2022\/04\/05\/volume-de-chuvas-em-ubatuba-passa-de-600-milimetros-e-deixam-problemas-em-rodovias"]}]},{"@type":"ImageObject","inLanguage":"pt-BR","@id":"https:\/\/redenoticiaz.com.br\/litoralsp\/2022\/04\/05\/volume-de-chuvas-em-ubatuba-passa-de-600-milimetros-e-deixam-problemas-em-rodovias#primaryimage","url":"https:\/\/redenoticiaz.com.br\/litoralsp\/wp-content\/uploads\/sites\/3\/2022\/04\/almada-bloqueada-770x578-1.jpeg","contentUrl":"https:\/\/redenoticiaz.com.br\/litoralsp\/wp-content\/uploads\/sites\/3\/2022\/04\/almada-bloqueada-770x578-1.jpeg","width":770,"height":578,"caption":"Cr\u00e9ditos: Divulga\u00e7\u00e3o\/Prefeitura de Campo Limpo Paulista"},{"@type":"WebSite","@id":"https:\/\/redenoticiaz.com.br\/litoralsp\/#website","url":"https:\/\/redenoticiaz.com.br\/litoralsp\/","name":"Litoral SP","description":"Rede NoticiaZ","publisher":{"@id":"https:\/\/redenoticiaz.com.br\/litoralsp\/#organization"},"potentialAction":[{"@type":"SearchAction","target":{"@type":"EntryPoint","urlTemplate":"https:\/\/redenoticiaz.com.br\/litoralsp\/?s={search_term_string}"},"query-input":{"@type":"PropertyValueSpecification","valueRequired":true,"valueName":"search_term_string"}}],"inLanguage":"pt-BR"},{"@type":"Organization","@id":"https:\/\/redenoticiaz.com.br\/litoralsp\/#organization","name":"Litoral SP","url":"https:\/\/redenoticiaz.com.br\/litoralsp\/","logo":{"@type":"ImageObject","inLanguage":"pt-BR","@id":"https:\/\/redenoticiaz.com.br\/litoralsp\/#\/schema\/logo\/image\/","url":"https:\/\/redenoticiaz.com.br\/litoralsp\/wp-content\/uploads\/sites\/3\/2020\/11\/logo.jpg","contentUrl":"https:\/\/redenoticiaz.com.br\/litoralsp\/wp-content\/uploads\/sites\/3\/2020\/11\/logo.jpg","width":400,"height":250,"caption":"Litoral SP"},"image":{"@id":"https:\/\/redenoticiaz.com.br\/litoralsp\/#\/schema\/logo\/image\/"}},{"@type":"Person","@id":"https:\/\/redenoticiaz.com.br\/litoralsp\/#\/schema\/person\/0f0b8a5bdafefe82841e07ae8d81ecb3","name":"Leonardo Francisco","image":{"@type":"ImageObject","inLanguage":"pt-BR","@id":"https:\/\/secure.gravatar.com\/avatar\/a7358cb406a99b682ec6df1e77e31ae82e63601f6784e8a3df411d72b37864da?s=96&d=mm&r=g","url":"https:\/\/secure.gravatar.com\/avatar\/a7358cb406a99b682ec6df1e77e31ae82e63601f6784e8a3df411d72b37864da?s=96&d=mm&r=g","contentUrl":"https:\/\/secure.gravatar.com\/avatar\/a7358cb406a99b682ec6df1e77e31ae82e63601f6784e8a3df411d72b37864da?s=96&d=mm&r=g","caption":"Leonardo Francisco"},"url":"https:\/\/redenoticiaz.com.br\/litoralsp\/author\/leonardo-francisco"}]}},"_links":{"self":[{"href":"https:\/\/redenoticiaz.com.br\/litoralsp\/wp-json\/wp\/v2\/posts\/26069","targetHints":{"allow":["GET"]}}],"collection":[{"href":"https:\/\/redenoticiaz.com.br\/litoralsp\/wp-json\/wp\/v2\/posts"}],"about":[{"href":"https:\/\/redenoticiaz.com.br\/litoralsp\/wp-json\/wp\/v2\/types\/post"}],"author":[{"embeddable":true,"href":"https:\/\/redenoticiaz.com.br\/litoralsp\/wp-json\/wp\/v2\/users\/6"}],"replies":[{"embeddable":true,"href":"https:\/\/redenoticiaz.com.br\/litoralsp\/wp-json\/wp\/v2\/comments?post=26069"}],"version-history":[{"count":1,"href":"https:\/\/redenoticiaz.com.br\/litoralsp\/wp-json\/wp\/v2\/posts\/26069\/revisions"}],"predecessor-version":[{"id":26073,"href":"https:\/\/redenoticiaz.com.br\/litoralsp\/wp-json\/wp\/v2\/posts\/26069\/revisions\/26073"}],"wp:featuredmedia":[{"embeddable":true,"href":"https:\/\/redenoticiaz.com.br\/litoralsp\/wp-json\/wp\/v2\/media\/26072"}],"wp:attachment":[{"href":"https:\/\/redenoticiaz.com.br\/litoralsp\/wp-json\/wp\/v2\/media?parent=26069"}],"wp:term":[{"taxonomy":"category","embeddable":true,"href":"https:\/\/redenoticiaz.com.br\/litoralsp\/wp-json\/wp\/v2\/categories?post=26069"},{"taxonomy":"post_tag","embeddable":true,"href":"https:\/\/redenoticiaz.com.br\/litoralsp\/wp-json\/wp\/v2\/tags?post=26069"}],"curies":[{"name":"wp","href":"https:\/\/api.w.org\/{rel}","templated":true}]}}