{"id":26081,"date":"2022-04-05T13:45:13","date_gmt":"2022-04-05T16:45:13","guid":{"rendered":"https:\/\/redenoticiaz.com.br\/litoralsp\/?p=26081"},"modified":"2022-04-05T13:45:13","modified_gmt":"2022-04-05T16:45:13","slug":"maniaco-da-peruca-juri-popular-e-adiado-no-forum-de-santos","status":"publish","type":"post","link":"https:\/\/redenoticiaz.com.br\/litoralsp\/2022\/04\/05\/maniaco-da-peruca-juri-popular-e-adiado-no-forum-de-santos","title":{"rendered":"&#8216;Man\u00edaco da Peruca&#8217;: J\u00fari popular \u00e9 adiado no F\u00f3rum de Santos"},"content":{"rendered":"<p>Foi adiado nesta ter\u00e7a-feira (5), o j\u00fari popular do caso do &#8216;Man\u00edaco da Peruca&#8217;. O julgamento aconteceria no F\u00f3rum de <a href=\"https:\/\/www.santos.sp.gov.br\/\">Santos<\/a> e o r\u00e9u Fl\u00e1vio do Nascimento Gra\u00e7a, de 39 anos, seria julgado pelas mortes contra funcion\u00e1rios de uma cl\u00ednica dent\u00e1ria entre os anos de 2014 e 2015.<\/p>\n<p>Fl\u00e1vio \u00e9 apontado como autor de tr\u00eas homic\u00eddios dolosos e duas tentativas de homic\u00eddio contra os donos e uma ex-funcion\u00e1ria da Cl\u00ednica Americana. Depois de analisar imagens de monitoramento, a pol\u00edcia descobriu que Fl\u00e1vio monitorava os passos das v\u00edtimas. Elas faziam parte de um consult\u00f3rio dent\u00e1rio concorrente ao dele, localizado na mesma rua.<\/p>\n<div class=\"mc-column content-text active-extra-styles \" data-block-type=\"unstyled\" data-block-weight=\"48\" data-block-id=\"5\">\n<p class=\"content-text__container \" data-track-category=\"Link no Texto\" data-track-links=\"\">De acordo com a investiga\u00e7\u00e3o, Fl\u00e1vio cometeu os crimes por vingan\u00e7a. O dentista tinha entrado em fal\u00eancia e atribu\u00eda isso \u00e0 concorr\u00eancia. O acusado usava como disfarce uma peruca, e por isso ficou conhecido como &#8216;Man\u00edaco da Peruca&#8217;. Fl\u00e1vio foi preso quatro anos ap\u00f3s o primeiro crime.<\/p>\n<\/div>\n<div class=\"mc-column content-text active-extra-styles \" data-block-type=\"unstyled\" data-block-weight=\"54\" data-block-id=\"6\">\n<p class=\"content-text__container \" data-track-category=\"Link no Texto\" data-track-links=\"\">Nesta ter\u00e7a-feira (5), depois de mais de sete anos do primeiro crime, Fl\u00e1vio veio direto da Penitenci\u00e1ria de Tremenb\u00e9 II para o F\u00f3rum de Santos. O j\u00fari popular estava previsto para come\u00e7ar \u00e0s 9h. Por volta das 11h30, o j\u00fari foi adiado a pedido da defesa, em raz\u00e3o da aus\u00eancia de uma testemunha.<\/p>\n<\/div>\n<div class=\"mc-column content-text active-extra-styles \" data-block-type=\"unstyled\" data-block-weight=\"39\" data-block-id=\"7\">\n<p class=\"content-text__container \" data-track-category=\"Link no Texto\" data-track-links=\"\">Ao todo, pelo menos quinze testemunhas e dois sobreviventes participariam do j\u00fari popular. Entre as testemunhas est\u00e3o os m\u00e9dicos psiquiatras que assinaram laudos de avalia\u00e7\u00f5es feitas em Fl\u00e1vio. O julgamento foi remarcado para o dia 10 de maio.<\/p>\n<p data-track-category=\"Link no Texto\" data-track-links=\"\"><strong>LEIA TAMB\u00c9M<\/strong><\/p>\n<p data-track-category=\"Link no Texto\" data-track-links=\"\"><a href=\"https:\/\/redenoticiaz.com.br\/litoralsp\/2022\/04\/05\/julgamento-do-caso-do-maniaco-da-peruca-acontece-no-forum-de-santos\">Julgamento do caso do \u2018Man\u00edaco da Peruca\u2019 acontece no F\u00f3rum de Santos<\/a><\/p>\n<\/div>\n","protected":false},"excerpt":{"rendered":"<p>Foi adiado nesta ter\u00e7a-feira (5), o j\u00fari popular do caso do &#8216;Man\u00edaco da Peruca&#8217;. O julgamento aconteceria no F\u00f3rum de Santos e o r\u00e9u Fl\u00e1vio do Nascimento Gra\u00e7a, de 39 anos, seria julgado pelas mortes contra funcion\u00e1rios de uma cl\u00ednica dent\u00e1ria entre os anos de 2014 e 2015. Fl\u00e1vio \u00e9 apontado como autor de tr\u00eas &hellip;<\/p>\n","protected":false},"author":6,"featured_media":26082,"comment_status":"open","ping_status":"closed","sticky":false,"template":"","format":"standard","meta":{"footnotes":""},"categories":[22,180],"tags":[38787,17452,53283,33316,51799,986],"class_list":["post-26081","post","type-post","status-publish","format-standard","has-post-thumbnail","hentry","category-justica","category-santos","tag-forum-de-santos","tag-julgamento","tag-julgamento-adiado","tag-juri-popular","tag-maniaco-da-peruca","tag-santos"],"yoast_head":"<!-- This site is optimized with the Yoast SEO plugin v27.4 - https:\/\/yoast.com\/product\/yoast-seo-wordpress\/ -->\n<title>&#039;Man\u00edaco da Peruca&#039;: J\u00fari popular \u00e9 adiado no F\u00f3rum de Santos - Litoral SP<\/title>\n<meta name=\"description\" content=\"Foi adiado nesta ter\u00e7a-feira (5), o j\u00fari popular do caso do &#039;Man\u00edaco da Peruca&#039;. O julgamento aconteceria no F\u00f3rum de Santos e o r\u00e9u\" \/>\n<meta name=\"robots\" content=\"index, follow, max-snippet:-1, max-image-preview:large, max-video-preview:-1\" \/>\n<link rel=\"canonical\" href=\"https:\/\/redenoticiaz.com.br\/litoralsp\/2022\/04\/05\/maniaco-da-peruca-juri-popular-e-adiado-no-forum-de-santos\" \/>\n<meta property=\"og:locale\" content=\"pt_BR\" \/>\n<meta property=\"og:type\" content=\"article\" \/>\n<meta property=\"og:title\" content=\"&#039;Man\u00edaco da Peruca&#039;: J\u00fari popular \u00e9 adiado no F\u00f3rum de Santos - Litoral SP\" \/>\n<meta property=\"og:description\" content=\"Foi adiado nesta ter\u00e7a-feira (5), o j\u00fari popular do caso do &#039;Man\u00edaco da Peruca&#039;. O julgamento aconteceria no F\u00f3rum de Santos e o r\u00e9u\" \/>\n<meta property=\"og:url\" content=\"https:\/\/redenoticiaz.com.br\/litoralsp\/2022\/04\/05\/maniaco-da-peruca-juri-popular-e-adiado-no-forum-de-santos\" \/>\n<meta property=\"og:site_name\" content=\"Litoral SP\" \/>\n<meta property=\"article:published_time\" content=\"2022-04-05T16:45:13+00:00\" \/>\n<meta property=\"og:image\" content=\"https:\/\/redenoticiaz.com.br\/litoralsp\/wp-content\/uploads\/sites\/3\/2022\/04\/whatsapp-image-2022-04-05-at-13-38-09.jpeg\" \/>\n\t<meta property=\"og:image:width\" content=\"1280\" \/>\n\t<meta property=\"og:image:height\" content=\"960\" \/>\n\t<meta property=\"og:image:type\" content=\"image\/jpeg\" \/>\n<meta name=\"author\" content=\"Leonardo Francisco\" \/>\n<meta name=\"twitter:card\" content=\"summary_large_image\" \/>\n<meta name=\"twitter:label1\" content=\"Escrito por\" \/>\n\t<meta name=\"twitter:data1\" content=\"Leonardo Francisco\" \/>\n\t<meta name=\"twitter:label2\" content=\"Est. tempo de leitura\" \/>\n\t<meta name=\"twitter:data2\" content=\"1 minuto\" \/>\n<script type=\"application\/ld+json\" class=\"yoast-schema-graph\">{\"@context\":\"https:\\\/\\\/schema.org\",\"@graph\":[{\"@type\":\"Article\",\"@id\":\"https:\\\/\\\/redenoticiaz.com.br\\\/litoralsp\\\/2022\\\/04\\\/05\\\/maniaco-da-peruca-juri-popular-e-adiado-no-forum-de-santos#article\",\"isPartOf\":{\"@id\":\"https:\\\/\\\/redenoticiaz.com.br\\\/litoralsp\\\/2022\\\/04\\\/05\\\/maniaco-da-peruca-juri-popular-e-adiado-no-forum-de-santos\"},\"author\":{\"name\":\"Leonardo Francisco\",\"@id\":\"https:\\\/\\\/redenoticiaz.com.br\\\/litoralsp\\\/#\\\/schema\\\/person\\\/0f0b8a5bdafefe82841e07ae8d81ecb3\"},\"headline\":\"&#8216;Man\u00edaco da Peruca&#8217;: J\u00fari popular \u00e9 adiado no F\u00f3rum de Santos\",\"datePublished\":\"2022-04-05T16:45:13+00:00\",\"mainEntityOfPage\":{\"@id\":\"https:\\\/\\\/redenoticiaz.com.br\\\/litoralsp\\\/2022\\\/04\\\/05\\\/maniaco-da-peruca-juri-popular-e-adiado-no-forum-de-santos\"},\"wordCount\":305,\"commentCount\":0,\"publisher\":{\"@id\":\"https:\\\/\\\/redenoticiaz.com.br\\\/litoralsp\\\/#organization\"},\"image\":{\"@id\":\"https:\\\/\\\/redenoticiaz.com.br\\\/litoralsp\\\/2022\\\/04\\\/05\\\/maniaco-da-peruca-juri-popular-e-adiado-no-forum-de-santos#primaryimage\"},\"thumbnailUrl\":\"https:\\\/\\\/redenoticiaz.com.br\\\/litoralsp\\\/wp-content\\\/uploads\\\/sites\\\/3\\\/2022\\\/04\\\/whatsapp-image-2022-04-05-at-13-38-09.jpeg\",\"keywords\":[\"F\u00d3RUM DE SANTOS\",\"JULGAMENTO\",\"JULGAMENTO ADIADO\",\"J\u00daRI POPULAR\",\"MAN\u00cdACO DA PERUCA\",\"Santos\"],\"articleSection\":[\"Justi\u00e7a\",\"Santos\"],\"inLanguage\":\"pt-BR\",\"potentialAction\":[{\"@type\":\"CommentAction\",\"name\":\"Comment\",\"target\":[\"https:\\\/\\\/redenoticiaz.com.br\\\/litoralsp\\\/2022\\\/04\\\/05\\\/maniaco-da-peruca-juri-popular-e-adiado-no-forum-de-santos#respond\"]}]},{\"@type\":\"WebPage\",\"@id\":\"https:\\\/\\\/redenoticiaz.com.br\\\/litoralsp\\\/2022\\\/04\\\/05\\\/maniaco-da-peruca-juri-popular-e-adiado-no-forum-de-santos\",\"url\":\"https:\\\/\\\/redenoticiaz.com.br\\\/litoralsp\\\/2022\\\/04\\\/05\\\/maniaco-da-peruca-juri-popular-e-adiado-no-forum-de-santos\",\"name\":\"'Man\u00edaco da Peruca': J\u00fari popular \u00e9 adiado no F\u00f3rum de Santos - Litoral SP\",\"isPartOf\":{\"@id\":\"https:\\\/\\\/redenoticiaz.com.br\\\/litoralsp\\\/#website\"},\"primaryImageOfPage\":{\"@id\":\"https:\\\/\\\/redenoticiaz.com.br\\\/litoralsp\\\/2022\\\/04\\\/05\\\/maniaco-da-peruca-juri-popular-e-adiado-no-forum-de-santos#primaryimage\"},\"image\":{\"@id\":\"https:\\\/\\\/redenoticiaz.com.br\\\/litoralsp\\\/2022\\\/04\\\/05\\\/maniaco-da-peruca-juri-popular-e-adiado-no-forum-de-santos#primaryimage\"},\"thumbnailUrl\":\"https:\\\/\\\/redenoticiaz.com.br\\\/litoralsp\\\/wp-content\\\/uploads\\\/sites\\\/3\\\/2022\\\/04\\\/whatsapp-image-2022-04-05-at-13-38-09.jpeg\",\"datePublished\":\"2022-04-05T16:45:13+00:00\",\"description\":\"Foi adiado nesta ter\u00e7a-feira (5), o j\u00fari popular do caso do 'Man\u00edaco da Peruca'. O julgamento aconteceria no F\u00f3rum de Santos e o r\u00e9u\",\"inLanguage\":\"pt-BR\",\"potentialAction\":[{\"@type\":\"ReadAction\",\"target\":[\"https:\\\/\\\/redenoticiaz.com.br\\\/litoralsp\\\/2022\\\/04\\\/05\\\/maniaco-da-peruca-juri-popular-e-adiado-no-forum-de-santos\"]}]},{\"@type\":\"ImageObject\",\"inLanguage\":\"pt-BR\",\"@id\":\"https:\\\/\\\/redenoticiaz.com.br\\\/litoralsp\\\/2022\\\/04\\\/05\\\/maniaco-da-peruca-juri-popular-e-adiado-no-forum-de-santos#primaryimage\",\"url\":\"https:\\\/\\\/redenoticiaz.com.br\\\/litoralsp\\\/wp-content\\\/uploads\\\/sites\\\/3\\\/2022\\\/04\\\/whatsapp-image-2022-04-05-at-13-38-09.jpeg\",\"contentUrl\":\"https:\\\/\\\/redenoticiaz.com.br\\\/litoralsp\\\/wp-content\\\/uploads\\\/sites\\\/3\\\/2022\\\/04\\\/whatsapp-image-2022-04-05-at-13-38-09.jpeg\",\"width\":1280,\"height\":960,\"caption\":\"Julgamento ocorreria no F\u00f3rum de Santos e iria durar dois dias. Cr\u00e9ditos: Leonardo Francisco\"},{\"@type\":\"WebSite\",\"@id\":\"https:\\\/\\\/redenoticiaz.com.br\\\/litoralsp\\\/#website\",\"url\":\"https:\\\/\\\/redenoticiaz.com.br\\\/litoralsp\\\/\",\"name\":\"Litoral SP\",\"description\":\"Rede NoticiaZ\",\"publisher\":{\"@id\":\"https:\\\/\\\/redenoticiaz.com.br\\\/litoralsp\\\/#organization\"},\"potentialAction\":[{\"@type\":\"SearchAction\",\"target\":{\"@type\":\"EntryPoint\",\"urlTemplate\":\"https:\\\/\\\/redenoticiaz.com.br\\\/litoralsp\\\/?s={search_term_string}\"},\"query-input\":{\"@type\":\"PropertyValueSpecification\",\"valueRequired\":true,\"valueName\":\"search_term_string\"}}],\"inLanguage\":\"pt-BR\"},{\"@type\":\"Organization\",\"@id\":\"https:\\\/\\\/redenoticiaz.com.br\\\/litoralsp\\\/#organization\",\"name\":\"Litoral SP\",\"url\":\"https:\\\/\\\/redenoticiaz.com.br\\\/litoralsp\\\/\",\"logo\":{\"@type\":\"ImageObject\",\"inLanguage\":\"pt-BR\",\"@id\":\"https:\\\/\\\/redenoticiaz.com.br\\\/litoralsp\\\/#\\\/schema\\\/logo\\\/image\\\/\",\"url\":\"https:\\\/\\\/redenoticiaz.com.br\\\/litoralsp\\\/wp-content\\\/uploads\\\/sites\\\/3\\\/2020\\\/11\\\/logo.jpg\",\"contentUrl\":\"https:\\\/\\\/redenoticiaz.com.br\\\/litoralsp\\\/wp-content\\\/uploads\\\/sites\\\/3\\\/2020\\\/11\\\/logo.jpg\",\"width\":400,\"height\":250,\"caption\":\"Litoral SP\"},\"image\":{\"@id\":\"https:\\\/\\\/redenoticiaz.com.br\\\/litoralsp\\\/#\\\/schema\\\/logo\\\/image\\\/\"}},{\"@type\":\"Person\",\"@id\":\"https:\\\/\\\/redenoticiaz.com.br\\\/litoralsp\\\/#\\\/schema\\\/person\\\/0f0b8a5bdafefe82841e07ae8d81ecb3\",\"name\":\"Leonardo Francisco\",\"image\":{\"@type\":\"ImageObject\",\"inLanguage\":\"pt-BR\",\"@id\":\"https:\\\/\\\/secure.gravatar.com\\\/avatar\\\/a7358cb406a99b682ec6df1e77e31ae82e63601f6784e8a3df411d72b37864da?s=96&d=mm&r=g\",\"url\":\"https:\\\/\\\/secure.gravatar.com\\\/avatar\\\/a7358cb406a99b682ec6df1e77e31ae82e63601f6784e8a3df411d72b37864da?s=96&d=mm&r=g\",\"contentUrl\":\"https:\\\/\\\/secure.gravatar.com\\\/avatar\\\/a7358cb406a99b682ec6df1e77e31ae82e63601f6784e8a3df411d72b37864da?s=96&d=mm&r=g\",\"caption\":\"Leonardo Francisco\"},\"url\":\"https:\\\/\\\/redenoticiaz.com.br\\\/litoralsp\\\/author\\\/leonardo-francisco\"}]}<\/script>\n<!-- \/ Yoast SEO plugin. -->","yoast_head_json":{"title":"'Man\u00edaco da Peruca': J\u00fari popular \u00e9 adiado no F\u00f3rum de Santos - Litoral SP","description":"Foi adiado nesta ter\u00e7a-feira (5), o j\u00fari popular do caso do 'Man\u00edaco da Peruca'. O julgamento aconteceria no F\u00f3rum de Santos e o r\u00e9u","robots":{"index":"index","follow":"follow","max-snippet":"max-snippet:-1","max-image-preview":"max-image-preview:large","max-video-preview":"max-video-preview:-1"},"canonical":"https:\/\/redenoticiaz.com.br\/litoralsp\/2022\/04\/05\/maniaco-da-peruca-juri-popular-e-adiado-no-forum-de-santos","og_locale":"pt_BR","og_type":"article","og_title":"'Man\u00edaco da Peruca': J\u00fari popular \u00e9 adiado no F\u00f3rum de Santos - Litoral SP","og_description":"Foi adiado nesta ter\u00e7a-feira (5), o j\u00fari popular do caso do 'Man\u00edaco da Peruca'. O julgamento aconteceria no F\u00f3rum de Santos e o r\u00e9u","og_url":"https:\/\/redenoticiaz.com.br\/litoralsp\/2022\/04\/05\/maniaco-da-peruca-juri-popular-e-adiado-no-forum-de-santos","og_site_name":"Litoral SP","article_published_time":"2022-04-05T16:45:13+00:00","og_image":[{"width":1280,"height":960,"url":"https:\/\/redenoticiaz.com.br\/litoralsp\/wp-content\/uploads\/sites\/3\/2022\/04\/whatsapp-image-2022-04-05-at-13-38-09.jpeg","type":"image\/jpeg"}],"author":"Leonardo Francisco","twitter_card":"summary_large_image","twitter_misc":{"Escrito por":"Leonardo Francisco","Est. tempo de leitura":"1 minuto"},"schema":{"@context":"https:\/\/schema.org","@graph":[{"@type":"Article","@id":"https:\/\/redenoticiaz.com.br\/litoralsp\/2022\/04\/05\/maniaco-da-peruca-juri-popular-e-adiado-no-forum-de-santos#article","isPartOf":{"@id":"https:\/\/redenoticiaz.com.br\/litoralsp\/2022\/04\/05\/maniaco-da-peruca-juri-popular-e-adiado-no-forum-de-santos"},"author":{"name":"Leonardo Francisco","@id":"https:\/\/redenoticiaz.com.br\/litoralsp\/#\/schema\/person\/0f0b8a5bdafefe82841e07ae8d81ecb3"},"headline":"&#8216;Man\u00edaco da Peruca&#8217;: J\u00fari popular \u00e9 adiado no F\u00f3rum de Santos","datePublished":"2022-04-05T16:45:13+00:00","mainEntityOfPage":{"@id":"https:\/\/redenoticiaz.com.br\/litoralsp\/2022\/04\/05\/maniaco-da-peruca-juri-popular-e-adiado-no-forum-de-santos"},"wordCount":305,"commentCount":0,"publisher":{"@id":"https:\/\/redenoticiaz.com.br\/litoralsp\/#organization"},"image":{"@id":"https:\/\/redenoticiaz.com.br\/litoralsp\/2022\/04\/05\/maniaco-da-peruca-juri-popular-e-adiado-no-forum-de-santos#primaryimage"},"thumbnailUrl":"https:\/\/redenoticiaz.com.br\/litoralsp\/wp-content\/uploads\/sites\/3\/2022\/04\/whatsapp-image-2022-04-05-at-13-38-09.jpeg","keywords":["F\u00d3RUM DE SANTOS","JULGAMENTO","JULGAMENTO ADIADO","J\u00daRI POPULAR","MAN\u00cdACO DA PERUCA","Santos"],"articleSection":["Justi\u00e7a","Santos"],"inLanguage":"pt-BR","potentialAction":[{"@type":"CommentAction","name":"Comment","target":["https:\/\/redenoticiaz.com.br\/litoralsp\/2022\/04\/05\/maniaco-da-peruca-juri-popular-e-adiado-no-forum-de-santos#respond"]}]},{"@type":"WebPage","@id":"https:\/\/redenoticiaz.com.br\/litoralsp\/2022\/04\/05\/maniaco-da-peruca-juri-popular-e-adiado-no-forum-de-santos","url":"https:\/\/redenoticiaz.com.br\/litoralsp\/2022\/04\/05\/maniaco-da-peruca-juri-popular-e-adiado-no-forum-de-santos","name":"'Man\u00edaco da Peruca': J\u00fari popular \u00e9 adiado no F\u00f3rum de Santos - Litoral SP","isPartOf":{"@id":"https:\/\/redenoticiaz.com.br\/litoralsp\/#website"},"primaryImageOfPage":{"@id":"https:\/\/redenoticiaz.com.br\/litoralsp\/2022\/04\/05\/maniaco-da-peruca-juri-popular-e-adiado-no-forum-de-santos#primaryimage"},"image":{"@id":"https:\/\/redenoticiaz.com.br\/litoralsp\/2022\/04\/05\/maniaco-da-peruca-juri-popular-e-adiado-no-forum-de-santos#primaryimage"},"thumbnailUrl":"https:\/\/redenoticiaz.com.br\/litoralsp\/wp-content\/uploads\/sites\/3\/2022\/04\/whatsapp-image-2022-04-05-at-13-38-09.jpeg","datePublished":"2022-04-05T16:45:13+00:00","description":"Foi adiado nesta ter\u00e7a-feira (5), o j\u00fari popular do caso do 'Man\u00edaco da Peruca'. O julgamento aconteceria no F\u00f3rum de Santos e o r\u00e9u","inLanguage":"pt-BR","potentialAction":[{"@type":"ReadAction","target":["https:\/\/redenoticiaz.com.br\/litoralsp\/2022\/04\/05\/maniaco-da-peruca-juri-popular-e-adiado-no-forum-de-santos"]}]},{"@type":"ImageObject","inLanguage":"pt-BR","@id":"https:\/\/redenoticiaz.com.br\/litoralsp\/2022\/04\/05\/maniaco-da-peruca-juri-popular-e-adiado-no-forum-de-santos#primaryimage","url":"https:\/\/redenoticiaz.com.br\/litoralsp\/wp-content\/uploads\/sites\/3\/2022\/04\/whatsapp-image-2022-04-05-at-13-38-09.jpeg","contentUrl":"https:\/\/redenoticiaz.com.br\/litoralsp\/wp-content\/uploads\/sites\/3\/2022\/04\/whatsapp-image-2022-04-05-at-13-38-09.jpeg","width":1280,"height":960,"caption":"Julgamento ocorreria no F\u00f3rum de Santos e iria durar dois dias. Cr\u00e9ditos: Leonardo Francisco"},{"@type":"WebSite","@id":"https:\/\/redenoticiaz.com.br\/litoralsp\/#website","url":"https:\/\/redenoticiaz.com.br\/litoralsp\/","name":"Litoral SP","description":"Rede NoticiaZ","publisher":{"@id":"https:\/\/redenoticiaz.com.br\/litoralsp\/#organization"},"potentialAction":[{"@type":"SearchAction","target":{"@type":"EntryPoint","urlTemplate":"https:\/\/redenoticiaz.com.br\/litoralsp\/?s={search_term_string}"},"query-input":{"@type":"PropertyValueSpecification","valueRequired":true,"valueName":"search_term_string"}}],"inLanguage":"pt-BR"},{"@type":"Organization","@id":"https:\/\/redenoticiaz.com.br\/litoralsp\/#organization","name":"Litoral SP","url":"https:\/\/redenoticiaz.com.br\/litoralsp\/","logo":{"@type":"ImageObject","inLanguage":"pt-BR","@id":"https:\/\/redenoticiaz.com.br\/litoralsp\/#\/schema\/logo\/image\/","url":"https:\/\/redenoticiaz.com.br\/litoralsp\/wp-content\/uploads\/sites\/3\/2020\/11\/logo.jpg","contentUrl":"https:\/\/redenoticiaz.com.br\/litoralsp\/wp-content\/uploads\/sites\/3\/2020\/11\/logo.jpg","width":400,"height":250,"caption":"Litoral SP"},"image":{"@id":"https:\/\/redenoticiaz.com.br\/litoralsp\/#\/schema\/logo\/image\/"}},{"@type":"Person","@id":"https:\/\/redenoticiaz.com.br\/litoralsp\/#\/schema\/person\/0f0b8a5bdafefe82841e07ae8d81ecb3","name":"Leonardo Francisco","image":{"@type":"ImageObject","inLanguage":"pt-BR","@id":"https:\/\/secure.gravatar.com\/avatar\/a7358cb406a99b682ec6df1e77e31ae82e63601f6784e8a3df411d72b37864da?s=96&d=mm&r=g","url":"https:\/\/secure.gravatar.com\/avatar\/a7358cb406a99b682ec6df1e77e31ae82e63601f6784e8a3df411d72b37864da?s=96&d=mm&r=g","contentUrl":"https:\/\/secure.gravatar.com\/avatar\/a7358cb406a99b682ec6df1e77e31ae82e63601f6784e8a3df411d72b37864da?s=96&d=mm&r=g","caption":"Leonardo Francisco"},"url":"https:\/\/redenoticiaz.com.br\/litoralsp\/author\/leonardo-francisco"}]}},"_links":{"self":[{"href":"https:\/\/redenoticiaz.com.br\/litoralsp\/wp-json\/wp\/v2\/posts\/26081","targetHints":{"allow":["GET"]}}],"collection":[{"href":"https:\/\/redenoticiaz.com.br\/litoralsp\/wp-json\/wp\/v2\/posts"}],"about":[{"href":"https:\/\/redenoticiaz.com.br\/litoralsp\/wp-json\/wp\/v2\/types\/post"}],"author":[{"embeddable":true,"href":"https:\/\/redenoticiaz.com.br\/litoralsp\/wp-json\/wp\/v2\/users\/6"}],"replies":[{"embeddable":true,"href":"https:\/\/redenoticiaz.com.br\/litoralsp\/wp-json\/wp\/v2\/comments?post=26081"}],"version-history":[{"count":1,"href":"https:\/\/redenoticiaz.com.br\/litoralsp\/wp-json\/wp\/v2\/posts\/26081\/revisions"}],"predecessor-version":[{"id":26083,"href":"https:\/\/redenoticiaz.com.br\/litoralsp\/wp-json\/wp\/v2\/posts\/26081\/revisions\/26083"}],"wp:featuredmedia":[{"embeddable":true,"href":"https:\/\/redenoticiaz.com.br\/litoralsp\/wp-json\/wp\/v2\/media\/26082"}],"wp:attachment":[{"href":"https:\/\/redenoticiaz.com.br\/litoralsp\/wp-json\/wp\/v2\/media?parent=26081"}],"wp:term":[{"taxonomy":"category","embeddable":true,"href":"https:\/\/redenoticiaz.com.br\/litoralsp\/wp-json\/wp\/v2\/categories?post=26081"},{"taxonomy":"post_tag","embeddable":true,"href":"https:\/\/redenoticiaz.com.br\/litoralsp\/wp-json\/wp\/v2\/tags?post=26081"}],"curies":[{"name":"wp","href":"https:\/\/api.w.org\/{rel}","templated":true}]}}