{"id":26224,"date":"2022-04-07T12:50:36","date_gmt":"2022-04-07T15:50:36","guid":{"rendered":"https:\/\/redenoticiaz.com.br\/litoralsp\/?p=26224"},"modified":"2022-04-07T12:51:24","modified_gmt":"2022-04-07T15:51:24","slug":"video-prefeito-de-guaruja-presta-depoimento-na-policia-federal","status":"publish","type":"post","link":"https:\/\/redenoticiaz.com.br\/litoralsp\/2022\/04\/07\/video-prefeito-de-guaruja-presta-depoimento-na-policia-federal","title":{"rendered":"V\u00cdDEO &#8211; Prefeito de Guaruj\u00e1 presta depoimento na Pol\u00edcia Federal"},"content":{"rendered":"<p>Nesta quinta-feira (7), o prefeito de <a href=\"https:\/\/www.guaruja.sp.gov.br\/\">Guaruj\u00e1<\/a>, V\u00e1lter Suman (PSDB), foi<strong> flagrado indo para a sede da Pol\u00edcia Federal de Santos<\/strong> para prestar depoimento. Ele \u00e9 acusado de ser um dos l\u00edderes de uma organiza\u00e7\u00e3o que desviava recursos da Sa\u00fade e Educa\u00e7\u00e3o e \u00e9 um dos investigados da segunda fase da Opera\u00e7\u00e3o N\u00e1car.<\/p>\n<p>O prefeito de Guaruj\u00e1 est\u00e1 afastado do cargo devido as investiga\u00e7\u00f5es da Pol\u00edcia Federal. Adiana Machado (PSD), vice-prefeita, assumiu o cargo de forma interina na prefeitura.<\/p>\n<p>Na ter\u00e7a-feira (5), a C\u00e2mara Municipal de Guaruj\u00e1 votou a abertura de uma Comiss\u00e3o Processante para autorizar o impeachment, devido aos crimes de desvio de dinheiro na Sa\u00fade e tamb\u00e9m na Educa\u00e7\u00e3o. V\u00e1lter Suman e a esposa, Edna Suman teriam gastado R$ 3 milh\u00f5es comprando roupas e joias.<\/p>\n<p>A <strong><em>Rede Not\u00edciaz<\/em><\/strong> esteve na porta da Delegacia da Pol\u00edcia Federal, para apurar uma opera\u00e7\u00e3o contra o tr\u00e1fico internacional de drogas. Mas por volta das 10h da manh\u00e3 desta quinta-feira (7), o prefeito de Guaruj\u00e1 foi visto chegando \u00e0s pressas para prestar depoimento, junto com o advogado. V\u00e1lter Suman est\u00e1 sendo monitorado eletronicamente e n\u00e3o pode entrar em contato com outros investigados.<\/p>\n<p><strong>Veja o v\u00eddeo:<\/strong><\/p>\n<div class=\"wp-playlist wp-video-playlist wp-playlist-light\">\n\t\t<video controls=\"controls\" preload=\"none\" width=\"640\"\n\t\t height=\"352\"\t><\/video>\n\t<div class=\"wp-playlist-next\"><\/div>\n\t<div class=\"wp-playlist-prev\"><\/div>\n\t<noscript>\n\t<ol>\n\t\t<li><a href='https:\/\/redenoticiaz.com.br\/litoralsp\/wp-content\/uploads\/sites\/3\/2022\/04\/whatsapp-video-2022-04-07-at-10-24-31.mp4'>Sum\u00e1n com o advogado<\/a><\/li><li><a href='https:\/\/redenoticiaz.com.br\/litoralsp\/wp-content\/uploads\/sites\/3\/2022\/04\/whatsapp-video-2022-04-07-at-10-24-26.mp4'>Prefeito na Pol\u00edcia Federal<\/a><\/li>\t<\/ol>\n\t<\/noscript>\n\t<script type=\"application\/json\" class=\"wp-playlist-script\">{\"type\":\"video\",\"tracklist\":true,\"tracknumbers\":true,\"images\":true,\"artists\":true,\"tracks\":[{\"src\":\"https:\/\/redenoticiaz.com.br\/litoralsp\/wp-content\/uploads\/sites\/3\/2022\/04\/whatsapp-video-2022-04-07-at-10-24-31.mp4\",\"type\":\"video\/mp4\",\"title\":\"Sum\\u00e1n com o advogado\",\"caption\":\"\",\"description\":\"\",\"meta\":{\"length_formatted\":\"0:06\"},\"dimensions\":{\"original\":{\"width\":640,\"height\":352},\"resized\":{\"width\":640,\"height\":352}},\"image\":{\"src\":\"https:\/\/redenoticiaz.com.br\/litoralsp\/wp-includes\/images\/media\/video.svg\",\"width\":48,\"height\":64},\"thumb\":{\"src\":\"https:\/\/redenoticiaz.com.br\/litoralsp\/wp-includes\/images\/media\/video.svg\",\"width\":48,\"height\":64}},{\"src\":\"https:\/\/redenoticiaz.com.br\/litoralsp\/wp-content\/uploads\/sites\/3\/2022\/04\/whatsapp-video-2022-04-07-at-10-24-26.mp4\",\"type\":\"video\/mp4\",\"title\":\"Prefeito na Pol\\u00edcia Federal\",\"caption\":\"\",\"description\":\"\",\"meta\":{\"length_formatted\":\"0:13\"},\"dimensions\":{\"original\":{\"width\":640,\"height\":352},\"resized\":{\"width\":640,\"height\":352}},\"image\":{\"src\":\"https:\/\/redenoticiaz.com.br\/litoralsp\/wp-includes\/images\/media\/video.svg\",\"width\":48,\"height\":64},\"thumb\":{\"src\":\"https:\/\/redenoticiaz.com.br\/litoralsp\/wp-includes\/images\/media\/video.svg\",\"width\":48,\"height\":64}}]}<\/script>\n<\/div>\n\t\n<p><strong>LEIA TAMB\u00c9M<\/strong><\/p>\n<p><a href=\"https:\/\/redenoticiaz.com.br\/litoralsp\/2022\/04\/05\/comissao-processante-de-pedido-de-impeachment-do-prefeito-de-guaruja-e-autorizada\">Comiss\u00e3o Processante de pedido de impeachment do prefeito de Guaruj\u00e1 \u00e9 autorizada<\/a><\/p>\n","protected":false},"excerpt":{"rendered":"<p>Nesta quinta-feira (7), o prefeito de Guaruj\u00e1, V\u00e1lter Suman (PSDB), foi flagrado indo para a sede da Pol\u00edcia Federal de Santos para prestar depoimento. Ele \u00e9 acusado de ser um dos l\u00edderes de uma organiza\u00e7\u00e3o que desviava recursos da Sa\u00fade e Educa\u00e7\u00e3o e \u00e9 um dos investigados da segunda fase da Opera\u00e7\u00e3o N\u00e1car. O prefeito &hellip;<\/p>\n","protected":false},"author":6,"featured_media":18157,"comment_status":"open","ping_status":"closed","sticky":false,"template":"","format":"standard","meta":{"footnotes":""},"categories":[187,10,180],"tags":[53407,1006,34741,34332,986,1007],"class_list":["post-26224","post","type-post","status-publish","format-standard","has-post-thumbnail","hentry","category-guaruja","category-policia","category-santos","tag-delegacia-da-policia-federal","tag-guaruja","tag-operacao-nacar","tag-prefeito-de-guaruja","tag-santos","tag-valter-suman"],"yoast_head":"<!-- This site is optimized with the Yoast SEO plugin v27.5 - https:\/\/yoast.com\/product\/yoast-seo-wordpress\/ -->\n<title>V\u00cdDEO - Prefeito de Guaruj\u00e1 presta depoimento na Pol\u00edcia Federal - Litoral SP<\/title>\n<meta name=\"description\" content=\"Nesta quinta-feira (7), o prefeito de Guaruj\u00e1, V\u00e1lter Suman (PSDB), foi flagrado indo para a sede da Pol\u00edcia Federal de Santos para prestar\" \/>\n<meta name=\"robots\" content=\"index, follow, max-snippet:-1, max-image-preview:large, max-video-preview:-1\" \/>\n<link rel=\"canonical\" href=\"https:\/\/redenoticiaz.com.br\/litoralsp\/2022\/04\/07\/video-prefeito-de-guaruja-presta-depoimento-na-policia-federal\" \/>\n<meta property=\"og:locale\" content=\"pt_BR\" \/>\n<meta property=\"og:type\" content=\"article\" \/>\n<meta property=\"og:title\" content=\"V\u00cdDEO - Prefeito de Guaruj\u00e1 presta depoimento na Pol\u00edcia Federal - Litoral SP\" \/>\n<meta property=\"og:description\" content=\"Nesta quinta-feira (7), o prefeito de Guaruj\u00e1, V\u00e1lter Suman (PSDB), foi flagrado indo para a sede da Pol\u00edcia Federal de Santos para prestar\" \/>\n<meta property=\"og:url\" content=\"https:\/\/redenoticiaz.com.br\/litoralsp\/2022\/04\/07\/video-prefeito-de-guaruja-presta-depoimento-na-policia-federal\" \/>\n<meta property=\"og:site_name\" content=\"Litoral SP\" \/>\n<meta property=\"article:published_time\" content=\"2022-04-07T15:50:36+00:00\" \/>\n<meta property=\"article:modified_time\" content=\"2022-04-07T15:51:24+00:00\" \/>\n<meta property=\"og:image\" content=\"https:\/\/redenoticiaz.com.br\/litoralsp\/wp-content\/uploads\/sites\/3\/2021\/11\/valter-suman-2-1.jpeg\" \/>\n\t<meta property=\"og:image:width\" content=\"1000\" \/>\n\t<meta property=\"og:image:height\" content=\"750\" \/>\n\t<meta property=\"og:image:type\" content=\"image\/jpeg\" \/>\n<meta name=\"author\" content=\"Leonardo Francisco\" \/>\n<meta name=\"twitter:card\" content=\"summary_large_image\" \/>\n<meta name=\"twitter:label1\" content=\"Escrito por\" \/>\n\t<meta name=\"twitter:data1\" content=\"Leonardo Francisco\" \/>\n\t<meta name=\"twitter:label2\" content=\"Est. tempo de leitura\" \/>\n\t<meta name=\"twitter:data2\" content=\"1 minuto\" \/>\n<script type=\"application\/ld+json\" class=\"yoast-schema-graph\">{\"@context\":\"https:\\\/\\\/schema.org\",\"@graph\":[{\"@type\":\"Article\",\"@id\":\"https:\\\/\\\/redenoticiaz.com.br\\\/litoralsp\\\/2022\\\/04\\\/07\\\/video-prefeito-de-guaruja-presta-depoimento-na-policia-federal#article\",\"isPartOf\":{\"@id\":\"https:\\\/\\\/redenoticiaz.com.br\\\/litoralsp\\\/2022\\\/04\\\/07\\\/video-prefeito-de-guaruja-presta-depoimento-na-policia-federal\"},\"author\":{\"name\":\"Leonardo Francisco\",\"@id\":\"https:\\\/\\\/redenoticiaz.com.br\\\/litoralsp\\\/#\\\/schema\\\/person\\\/0f0b8a5bdafefe82841e07ae8d81ecb3\"},\"headline\":\"V\u00cdDEO &#8211; Prefeito de Guaruj\u00e1 presta depoimento na Pol\u00edcia Federal\",\"datePublished\":\"2022-04-07T15:50:36+00:00\",\"dateModified\":\"2022-04-07T15:51:24+00:00\",\"mainEntityOfPage\":{\"@id\":\"https:\\\/\\\/redenoticiaz.com.br\\\/litoralsp\\\/2022\\\/04\\\/07\\\/video-prefeito-de-guaruja-presta-depoimento-na-policia-federal\"},\"wordCount\":242,\"commentCount\":0,\"publisher\":{\"@id\":\"https:\\\/\\\/redenoticiaz.com.br\\\/litoralsp\\\/#organization\"},\"image\":{\"@id\":\"https:\\\/\\\/redenoticiaz.com.br\\\/litoralsp\\\/2022\\\/04\\\/07\\\/video-prefeito-de-guaruja-presta-depoimento-na-policia-federal#primaryimage\"},\"thumbnailUrl\":\"https:\\\/\\\/redenoticiaz.com.br\\\/litoralsp\\\/wp-content\\\/uploads\\\/sites\\\/3\\\/2021\\\/11\\\/valter-suman-2-1.jpeg\",\"keywords\":[\"DELEGACIA DA POL\u00cdCIA FEDERAL\",\"GUARUJ\u00c1\",\"OPERA\u00c7\u00c3O N\u00c1CAR\",\"PREFEITO DE GUARUJ\u00c1\",\"Santos\",\"V\u00c1LTER SUMAN\"],\"articleSection\":[\"Guaruj\u00e1\",\"Pol\u00edcia\",\"Santos\"],\"inLanguage\":\"pt-BR\",\"potentialAction\":[{\"@type\":\"CommentAction\",\"name\":\"Comment\",\"target\":[\"https:\\\/\\\/redenoticiaz.com.br\\\/litoralsp\\\/2022\\\/04\\\/07\\\/video-prefeito-de-guaruja-presta-depoimento-na-policia-federal#respond\"]}]},{\"@type\":\"WebPage\",\"@id\":\"https:\\\/\\\/redenoticiaz.com.br\\\/litoralsp\\\/2022\\\/04\\\/07\\\/video-prefeito-de-guaruja-presta-depoimento-na-policia-federal\",\"url\":\"https:\\\/\\\/redenoticiaz.com.br\\\/litoralsp\\\/2022\\\/04\\\/07\\\/video-prefeito-de-guaruja-presta-depoimento-na-policia-federal\",\"name\":\"V\u00cdDEO - Prefeito de Guaruj\u00e1 presta depoimento na Pol\u00edcia Federal - Litoral SP\",\"isPartOf\":{\"@id\":\"https:\\\/\\\/redenoticiaz.com.br\\\/litoralsp\\\/#website\"},\"primaryImageOfPage\":{\"@id\":\"https:\\\/\\\/redenoticiaz.com.br\\\/litoralsp\\\/2022\\\/04\\\/07\\\/video-prefeito-de-guaruja-presta-depoimento-na-policia-federal#primaryimage\"},\"image\":{\"@id\":\"https:\\\/\\\/redenoticiaz.com.br\\\/litoralsp\\\/2022\\\/04\\\/07\\\/video-prefeito-de-guaruja-presta-depoimento-na-policia-federal#primaryimage\"},\"thumbnailUrl\":\"https:\\\/\\\/redenoticiaz.com.br\\\/litoralsp\\\/wp-content\\\/uploads\\\/sites\\\/3\\\/2021\\\/11\\\/valter-suman-2-1.jpeg\",\"datePublished\":\"2022-04-07T15:50:36+00:00\",\"dateModified\":\"2022-04-07T15:51:24+00:00\",\"description\":\"Nesta quinta-feira (7), o prefeito de Guaruj\u00e1, V\u00e1lter Suman (PSDB), foi flagrado indo para a sede da Pol\u00edcia Federal de Santos para prestar\",\"inLanguage\":\"pt-BR\",\"potentialAction\":[{\"@type\":\"ReadAction\",\"target\":[\"https:\\\/\\\/redenoticiaz.com.br\\\/litoralsp\\\/2022\\\/04\\\/07\\\/video-prefeito-de-guaruja-presta-depoimento-na-policia-federal\"]}]},{\"@type\":\"ImageObject\",\"inLanguage\":\"pt-BR\",\"@id\":\"https:\\\/\\\/redenoticiaz.com.br\\\/litoralsp\\\/2022\\\/04\\\/07\\\/video-prefeito-de-guaruja-presta-depoimento-na-policia-federal#primaryimage\",\"url\":\"https:\\\/\\\/redenoticiaz.com.br\\\/litoralsp\\\/wp-content\\\/uploads\\\/sites\\\/3\\\/2021\\\/11\\\/valter-suman-2-1.jpeg\",\"contentUrl\":\"https:\\\/\\\/redenoticiaz.com.br\\\/litoralsp\\\/wp-content\\\/uploads\\\/sites\\\/3\\\/2021\\\/11\\\/valter-suman-2-1.jpeg\",\"width\":1000,\"height\":750,\"caption\":\"Cr\u00e9ditos: Reprodu\u00e7\u00e3o\"},{\"@type\":\"WebSite\",\"@id\":\"https:\\\/\\\/redenoticiaz.com.br\\\/litoralsp\\\/#website\",\"url\":\"https:\\\/\\\/redenoticiaz.com.br\\\/litoralsp\\\/\",\"name\":\"Litoral SP\",\"description\":\"Rede NoticiaZ\",\"publisher\":{\"@id\":\"https:\\\/\\\/redenoticiaz.com.br\\\/litoralsp\\\/#organization\"},\"potentialAction\":[{\"@type\":\"SearchAction\",\"target\":{\"@type\":\"EntryPoint\",\"urlTemplate\":\"https:\\\/\\\/redenoticiaz.com.br\\\/litoralsp\\\/?s={search_term_string}\"},\"query-input\":{\"@type\":\"PropertyValueSpecification\",\"valueRequired\":true,\"valueName\":\"search_term_string\"}}],\"inLanguage\":\"pt-BR\"},{\"@type\":\"Organization\",\"@id\":\"https:\\\/\\\/redenoticiaz.com.br\\\/litoralsp\\\/#organization\",\"name\":\"Litoral SP\",\"url\":\"https:\\\/\\\/redenoticiaz.com.br\\\/litoralsp\\\/\",\"logo\":{\"@type\":\"ImageObject\",\"inLanguage\":\"pt-BR\",\"@id\":\"https:\\\/\\\/redenoticiaz.com.br\\\/litoralsp\\\/#\\\/schema\\\/logo\\\/image\\\/\",\"url\":\"https:\\\/\\\/redenoticiaz.com.br\\\/litoralsp\\\/wp-content\\\/uploads\\\/sites\\\/3\\\/2020\\\/11\\\/logo.jpg\",\"contentUrl\":\"https:\\\/\\\/redenoticiaz.com.br\\\/litoralsp\\\/wp-content\\\/uploads\\\/sites\\\/3\\\/2020\\\/11\\\/logo.jpg\",\"width\":400,\"height\":250,\"caption\":\"Litoral SP\"},\"image\":{\"@id\":\"https:\\\/\\\/redenoticiaz.com.br\\\/litoralsp\\\/#\\\/schema\\\/logo\\\/image\\\/\"}},{\"@type\":\"Person\",\"@id\":\"https:\\\/\\\/redenoticiaz.com.br\\\/litoralsp\\\/#\\\/schema\\\/person\\\/0f0b8a5bdafefe82841e07ae8d81ecb3\",\"name\":\"Leonardo Francisco\",\"image\":{\"@type\":\"ImageObject\",\"inLanguage\":\"pt-BR\",\"@id\":\"https:\\\/\\\/secure.gravatar.com\\\/avatar\\\/a7358cb406a99b682ec6df1e77e31ae82e63601f6784e8a3df411d72b37864da?s=96&d=mm&r=g\",\"url\":\"https:\\\/\\\/secure.gravatar.com\\\/avatar\\\/a7358cb406a99b682ec6df1e77e31ae82e63601f6784e8a3df411d72b37864da?s=96&d=mm&r=g\",\"contentUrl\":\"https:\\\/\\\/secure.gravatar.com\\\/avatar\\\/a7358cb406a99b682ec6df1e77e31ae82e63601f6784e8a3df411d72b37864da?s=96&d=mm&r=g\",\"caption\":\"Leonardo Francisco\"},\"url\":\"https:\\\/\\\/redenoticiaz.com.br\\\/litoralsp\\\/author\\\/leonardo-francisco\"}]}<\/script>\n<!-- \/ Yoast SEO plugin. -->","yoast_head_json":{"title":"V\u00cdDEO - Prefeito de Guaruj\u00e1 presta depoimento na Pol\u00edcia Federal - Litoral SP","description":"Nesta quinta-feira (7), o prefeito de Guaruj\u00e1, V\u00e1lter Suman (PSDB), foi flagrado indo para a sede da Pol\u00edcia Federal de Santos para prestar","robots":{"index":"index","follow":"follow","max-snippet":"max-snippet:-1","max-image-preview":"max-image-preview:large","max-video-preview":"max-video-preview:-1"},"canonical":"https:\/\/redenoticiaz.com.br\/litoralsp\/2022\/04\/07\/video-prefeito-de-guaruja-presta-depoimento-na-policia-federal","og_locale":"pt_BR","og_type":"article","og_title":"V\u00cdDEO - Prefeito de Guaruj\u00e1 presta depoimento na Pol\u00edcia Federal - Litoral SP","og_description":"Nesta quinta-feira (7), o prefeito de Guaruj\u00e1, V\u00e1lter Suman (PSDB), foi flagrado indo para a sede da Pol\u00edcia Federal de Santos para prestar","og_url":"https:\/\/redenoticiaz.com.br\/litoralsp\/2022\/04\/07\/video-prefeito-de-guaruja-presta-depoimento-na-policia-federal","og_site_name":"Litoral SP","article_published_time":"2022-04-07T15:50:36+00:00","article_modified_time":"2022-04-07T15:51:24+00:00","og_image":[{"width":1000,"height":750,"url":"https:\/\/redenoticiaz.com.br\/litoralsp\/wp-content\/uploads\/sites\/3\/2021\/11\/valter-suman-2-1.jpeg","type":"image\/jpeg"}],"author":"Leonardo Francisco","twitter_card":"summary_large_image","twitter_misc":{"Escrito por":"Leonardo Francisco","Est. tempo de leitura":"1 minuto"},"schema":{"@context":"https:\/\/schema.org","@graph":[{"@type":"Article","@id":"https:\/\/redenoticiaz.com.br\/litoralsp\/2022\/04\/07\/video-prefeito-de-guaruja-presta-depoimento-na-policia-federal#article","isPartOf":{"@id":"https:\/\/redenoticiaz.com.br\/litoralsp\/2022\/04\/07\/video-prefeito-de-guaruja-presta-depoimento-na-policia-federal"},"author":{"name":"Leonardo Francisco","@id":"https:\/\/redenoticiaz.com.br\/litoralsp\/#\/schema\/person\/0f0b8a5bdafefe82841e07ae8d81ecb3"},"headline":"V\u00cdDEO &#8211; Prefeito de Guaruj\u00e1 presta depoimento na Pol\u00edcia Federal","datePublished":"2022-04-07T15:50:36+00:00","dateModified":"2022-04-07T15:51:24+00:00","mainEntityOfPage":{"@id":"https:\/\/redenoticiaz.com.br\/litoralsp\/2022\/04\/07\/video-prefeito-de-guaruja-presta-depoimento-na-policia-federal"},"wordCount":242,"commentCount":0,"publisher":{"@id":"https:\/\/redenoticiaz.com.br\/litoralsp\/#organization"},"image":{"@id":"https:\/\/redenoticiaz.com.br\/litoralsp\/2022\/04\/07\/video-prefeito-de-guaruja-presta-depoimento-na-policia-federal#primaryimage"},"thumbnailUrl":"https:\/\/redenoticiaz.com.br\/litoralsp\/wp-content\/uploads\/sites\/3\/2021\/11\/valter-suman-2-1.jpeg","keywords":["DELEGACIA DA POL\u00cdCIA FEDERAL","GUARUJ\u00c1","OPERA\u00c7\u00c3O N\u00c1CAR","PREFEITO DE GUARUJ\u00c1","Santos","V\u00c1LTER SUMAN"],"articleSection":["Guaruj\u00e1","Pol\u00edcia","Santos"],"inLanguage":"pt-BR","potentialAction":[{"@type":"CommentAction","name":"Comment","target":["https:\/\/redenoticiaz.com.br\/litoralsp\/2022\/04\/07\/video-prefeito-de-guaruja-presta-depoimento-na-policia-federal#respond"]}]},{"@type":"WebPage","@id":"https:\/\/redenoticiaz.com.br\/litoralsp\/2022\/04\/07\/video-prefeito-de-guaruja-presta-depoimento-na-policia-federal","url":"https:\/\/redenoticiaz.com.br\/litoralsp\/2022\/04\/07\/video-prefeito-de-guaruja-presta-depoimento-na-policia-federal","name":"V\u00cdDEO - Prefeito de Guaruj\u00e1 presta depoimento na Pol\u00edcia Federal - Litoral SP","isPartOf":{"@id":"https:\/\/redenoticiaz.com.br\/litoralsp\/#website"},"primaryImageOfPage":{"@id":"https:\/\/redenoticiaz.com.br\/litoralsp\/2022\/04\/07\/video-prefeito-de-guaruja-presta-depoimento-na-policia-federal#primaryimage"},"image":{"@id":"https:\/\/redenoticiaz.com.br\/litoralsp\/2022\/04\/07\/video-prefeito-de-guaruja-presta-depoimento-na-policia-federal#primaryimage"},"thumbnailUrl":"https:\/\/redenoticiaz.com.br\/litoralsp\/wp-content\/uploads\/sites\/3\/2021\/11\/valter-suman-2-1.jpeg","datePublished":"2022-04-07T15:50:36+00:00","dateModified":"2022-04-07T15:51:24+00:00","description":"Nesta quinta-feira (7), o prefeito de Guaruj\u00e1, V\u00e1lter Suman (PSDB), foi flagrado indo para a sede da Pol\u00edcia Federal de Santos para prestar","inLanguage":"pt-BR","potentialAction":[{"@type":"ReadAction","target":["https:\/\/redenoticiaz.com.br\/litoralsp\/2022\/04\/07\/video-prefeito-de-guaruja-presta-depoimento-na-policia-federal"]}]},{"@type":"ImageObject","inLanguage":"pt-BR","@id":"https:\/\/redenoticiaz.com.br\/litoralsp\/2022\/04\/07\/video-prefeito-de-guaruja-presta-depoimento-na-policia-federal#primaryimage","url":"https:\/\/redenoticiaz.com.br\/litoralsp\/wp-content\/uploads\/sites\/3\/2021\/11\/valter-suman-2-1.jpeg","contentUrl":"https:\/\/redenoticiaz.com.br\/litoralsp\/wp-content\/uploads\/sites\/3\/2021\/11\/valter-suman-2-1.jpeg","width":1000,"height":750,"caption":"Cr\u00e9ditos: Reprodu\u00e7\u00e3o"},{"@type":"WebSite","@id":"https:\/\/redenoticiaz.com.br\/litoralsp\/#website","url":"https:\/\/redenoticiaz.com.br\/litoralsp\/","name":"Litoral SP","description":"Rede NoticiaZ","publisher":{"@id":"https:\/\/redenoticiaz.com.br\/litoralsp\/#organization"},"potentialAction":[{"@type":"SearchAction","target":{"@type":"EntryPoint","urlTemplate":"https:\/\/redenoticiaz.com.br\/litoralsp\/?s={search_term_string}"},"query-input":{"@type":"PropertyValueSpecification","valueRequired":true,"valueName":"search_term_string"}}],"inLanguage":"pt-BR"},{"@type":"Organization","@id":"https:\/\/redenoticiaz.com.br\/litoralsp\/#organization","name":"Litoral SP","url":"https:\/\/redenoticiaz.com.br\/litoralsp\/","logo":{"@type":"ImageObject","inLanguage":"pt-BR","@id":"https:\/\/redenoticiaz.com.br\/litoralsp\/#\/schema\/logo\/image\/","url":"https:\/\/redenoticiaz.com.br\/litoralsp\/wp-content\/uploads\/sites\/3\/2020\/11\/logo.jpg","contentUrl":"https:\/\/redenoticiaz.com.br\/litoralsp\/wp-content\/uploads\/sites\/3\/2020\/11\/logo.jpg","width":400,"height":250,"caption":"Litoral SP"},"image":{"@id":"https:\/\/redenoticiaz.com.br\/litoralsp\/#\/schema\/logo\/image\/"}},{"@type":"Person","@id":"https:\/\/redenoticiaz.com.br\/litoralsp\/#\/schema\/person\/0f0b8a5bdafefe82841e07ae8d81ecb3","name":"Leonardo Francisco","image":{"@type":"ImageObject","inLanguage":"pt-BR","@id":"https:\/\/secure.gravatar.com\/avatar\/a7358cb406a99b682ec6df1e77e31ae82e63601f6784e8a3df411d72b37864da?s=96&d=mm&r=g","url":"https:\/\/secure.gravatar.com\/avatar\/a7358cb406a99b682ec6df1e77e31ae82e63601f6784e8a3df411d72b37864da?s=96&d=mm&r=g","contentUrl":"https:\/\/secure.gravatar.com\/avatar\/a7358cb406a99b682ec6df1e77e31ae82e63601f6784e8a3df411d72b37864da?s=96&d=mm&r=g","caption":"Leonardo Francisco"},"url":"https:\/\/redenoticiaz.com.br\/litoralsp\/author\/leonardo-francisco"}]}},"_links":{"self":[{"href":"https:\/\/redenoticiaz.com.br\/litoralsp\/wp-json\/wp\/v2\/posts\/26224","targetHints":{"allow":["GET"]}}],"collection":[{"href":"https:\/\/redenoticiaz.com.br\/litoralsp\/wp-json\/wp\/v2\/posts"}],"about":[{"href":"https:\/\/redenoticiaz.com.br\/litoralsp\/wp-json\/wp\/v2\/types\/post"}],"author":[{"embeddable":true,"href":"https:\/\/redenoticiaz.com.br\/litoralsp\/wp-json\/wp\/v2\/users\/6"}],"replies":[{"embeddable":true,"href":"https:\/\/redenoticiaz.com.br\/litoralsp\/wp-json\/wp\/v2\/comments?post=26224"}],"version-history":[{"count":2,"href":"https:\/\/redenoticiaz.com.br\/litoralsp\/wp-json\/wp\/v2\/posts\/26224\/revisions"}],"predecessor-version":[{"id":26231,"href":"https:\/\/redenoticiaz.com.br\/litoralsp\/wp-json\/wp\/v2\/posts\/26224\/revisions\/26231"}],"wp:featuredmedia":[{"embeddable":true,"href":"https:\/\/redenoticiaz.com.br\/litoralsp\/wp-json\/wp\/v2\/media\/18157"}],"wp:attachment":[{"href":"https:\/\/redenoticiaz.com.br\/litoralsp\/wp-json\/wp\/v2\/media?parent=26224"}],"wp:term":[{"taxonomy":"category","embeddable":true,"href":"https:\/\/redenoticiaz.com.br\/litoralsp\/wp-json\/wp\/v2\/categories?post=26224"},{"taxonomy":"post_tag","embeddable":true,"href":"https:\/\/redenoticiaz.com.br\/litoralsp\/wp-json\/wp\/v2\/tags?post=26224"}],"curies":[{"name":"wp","href":"https:\/\/api.w.org\/{rel}","templated":true}]}}