{"id":26388,"date":"2022-04-10T10:30:00","date_gmt":"2022-04-10T13:30:00","guid":{"rendered":"https:\/\/redenoticiaz.com.br\/litoralsp\/2022\/04\/10\/palmeiras-estreia-no-brasileirao-com-derrota-para-o-ceara"},"modified":"2022-04-10T10:30:00","modified_gmt":"2022-04-10T13:30:00","slug":"palmeiras-estreia-no-brasileirao-com-derrota-para-o-ceara","status":"publish","type":"post","link":"https:\/\/redenoticiaz.com.br\/litoralsp\/2022\/04\/10\/palmeiras-estreia-no-brasileirao-com-derrota-para-o-ceara","title":{"rendered":"Palmeiras estreia no Brasileir\u00e3o com derrota para o Cear\u00e1"},"content":{"rendered":"<p>O <strong>Palmeiras<\/strong> estreou no <a href=\"https:\/\/www.cbf.com.br\/\">Campeonato Brasileiro<\/a> nesse s\u00e1bado (9) e em sua casa, no Allianz Parque, deu a expectativa de apresentar mais uma grande atua\u00e7\u00e3o ap\u00f3s o t\u00edtulo do Paulist\u00e3o e a goleada na Libertadores da Am\u00e9rica. S\u00f3 que faltou combinar com o <strong>Cear\u00e1<\/strong>, que foi surpreendente e venceu o Verd\u00e3o, tirando a invencibilidade de 2022. Al\u00e9m disso, o Voz\u00e3o teve a primeira vit\u00f3ria contra os paulistas.<\/p>\n<p>Logo nos primeiros minutos de jogo o Cear\u00e1 veio para cima do Palmeiras, sufocando a sa\u00edda de bola e contou com o atacante Steve Mendonza em noite inspirada. Ele participou dos dois primeiros gols logo de cara. Primeiro aos seis minutos, quando cruzou para a \u00e1rea e Jorge fez gol contra a favor do Cear\u00e1. Sete minutos mais tarde, ap\u00f3s cobran\u00e7a de escanteio, a bola ficou pipocando na \u00e1rea e Mendonza apareceu para fazer 2 a 0.<\/p>\n<p>O t\u00e9cnico Abel Ferreira ficou bastante irritado e cobrou uma rea\u00e7\u00e3o da equipe. E ela aconteceu e com categoria, ap\u00f3s o meia bater de fora da \u00e1rea. Ainda no primeiro tempo, o Alviverde quase empatou com Rony, ap\u00f3s boa tabela. S\u00f3 que o Cear\u00e1 seguiu perigoso e com postas em contra-ataques.<\/p>\n<h3>Segundo tempo<\/h3>\n<p>O t\u00e9cnico Abel Ferreira colocou Atuesta e Rafael Navarro nos lugares de Jorge e Z\u00e9 Rafael, como inten\u00e7\u00e3o de deixar o time mais ofensivo. Mas o Cear\u00e1 seguiu melhor e perdendo chances boas de ampliar o placar. E de tanto insistir, o terceiro gol aconteceu. Lucas Ribeiro, enfim, marcou para o Cear\u00e1 ap\u00f3s jogada puxada por Vina. O 3 a 1 parecia definitivo at\u00e9 um p\u00eanalti bobo de Gabriel Veron convertido por Gustavo G\u00f3mez. Depois disso, confus\u00f5es dentro e fora de campo e uma arbitragem perdida fizeram o jogo se estender at\u00e9 os 57 minutos.<\/p>\n<p>O Cear\u00e1 jamais havia vencido o Palmeiras como visitante \u2013 eram 13 jogos no total. Neste s\u00e1bado, mostrou intensidade e contou com noite inspirada de Mendoza e Vina para jogar de igual para igual, agredir bastante o rival e buscar gols com naturalidade. Vit\u00f3ria mai\u00fascula, a segunda do t\u00e9cnico Dorival J\u00fanior em apenas dois jogos no comando.<\/p>\n<p>J\u00e1 o Palmeiras perdeu a invencibilidade do ano. Foram 10 jogos realizados, foram dez vit\u00f3rias, inclusive a goleada contra o S\u00e3o Paulo na final do Campeonato Paulista. O Palmeiras volta a campo na pr\u00f3xima ter\u00e7a-feira (12) para enfrentar o Independiente Petrolero, \u00e0s 21h30, novamente no Allianz Parque, pela segunda rodada do Grupo A da Libertadores. J\u00e1 o Cear\u00e1 visita o La Guaira tamb\u00e9m na ter\u00e7a, \u00e0s 19h15, na Venezuela, pela segunda rodada do Grupo G da Sul-Americana.<\/p>\n<p><strong>LEIA TAMB\u00c9M<\/strong><\/p>\n<p><a href=\"https:\/\/redenoticiaz.com.br\/blog\/2022\/04\/09\/fluminense-e-santos-abrem-o-campeonato-brasileiro-com-empate\">Fluminense e Santos abrem o Campeonato Brasileiro com empate<\/a><\/p>\n","protected":false},"excerpt":{"rendered":"<p>O Palmeiras estreou no Campeonato Brasileiro nesse s\u00e1bado (9) e em sua casa, no Allianz Parque, deu a expectativa de apresentar mais uma grande atua\u00e7\u00e3o ap\u00f3s o t\u00edtulo do Paulist\u00e3o e a goleada na Libertadores da Am\u00e9rica. S\u00f3 que faltou combinar com o Cear\u00e1, que foi surpreendente e venceu o Verd\u00e3o, tirando a invencibilidade de &hellip;<\/p>\n","protected":false},"author":6,"featured_media":26389,"comment_status":"open","ping_status":"closed","sticky":false,"template":"","format":"standard","meta":{"footnotes":""},"categories":[35],"tags":[20729,53518,3088,38491,1416],"class_list":["post-26388","post","type-post","status-publish","format-standard","has-post-thumbnail","hentry","category-esporte","tag-allianz-parque","tag-brasileirao-2022","tag-campeonato-brasileiro","tag-ceara-sc","tag-palmeiras"],"yoast_head":"<!-- This site is optimized with the Yoast SEO plugin v27.4 - https:\/\/yoast.com\/product\/yoast-seo-wordpress\/ -->\n<title>Palmeiras estreia no Brasileir\u00e3o com derrota para o Cear\u00e1 - Litoral SP<\/title>\n<meta name=\"description\" content=\"mais uma grande atua\u00e7\u00e3o ap\u00f3s o t\u00edtulo do Paulist\u00e3o e a goleada na Libertadores da Am\u00e9rica. S\u00f3 que faltou combinar com o Cear\u00e1,\" \/>\n<meta name=\"robots\" content=\"index, follow, max-snippet:-1, max-image-preview:large, max-video-preview:-1\" \/>\n<link rel=\"canonical\" href=\"https:\/\/redenoticiaz.com.br\/litoralsp\/2022\/04\/10\/palmeiras-estreia-no-brasileirao-com-derrota-para-o-ceara\" \/>\n<meta property=\"og:locale\" content=\"pt_BR\" \/>\n<meta property=\"og:type\" content=\"article\" \/>\n<meta property=\"og:title\" content=\"Palmeiras estreia no Brasileir\u00e3o com derrota para o Cear\u00e1 - Litoral SP\" \/>\n<meta property=\"og:description\" content=\"mais uma grande atua\u00e7\u00e3o ap\u00f3s o t\u00edtulo do Paulist\u00e3o e a goleada na Libertadores da Am\u00e9rica. S\u00f3 que faltou combinar com o Cear\u00e1,\" \/>\n<meta property=\"og:url\" content=\"https:\/\/redenoticiaz.com.br\/litoralsp\/2022\/04\/10\/palmeiras-estreia-no-brasileirao-com-derrota-para-o-ceara\" \/>\n<meta property=\"og:site_name\" content=\"Litoral SP\" \/>\n<meta property=\"article:published_time\" content=\"2022-04-10T13:30:00+00:00\" \/>\n<meta name=\"author\" content=\"Leonardo Francisco\" \/>\n<meta name=\"twitter:card\" content=\"summary_large_image\" \/>\n<meta name=\"twitter:image\" content=\"https:\/\/redenoticiaz.com.br\/litoralsp\/wp-content\/uploads\/sites\/3\/2022\/04\/ceara.jpeg?v=1649597339\" \/>\n<meta name=\"twitter:label1\" content=\"Escrito por\" \/>\n\t<meta name=\"twitter:data1\" content=\"Leonardo Francisco\" \/>\n\t<meta name=\"twitter:label2\" content=\"Est. tempo de leitura\" \/>\n\t<meta name=\"twitter:data2\" content=\"2 minutos\" \/>\n<script type=\"application\/ld+json\" class=\"yoast-schema-graph\">{\"@context\":\"https:\\\/\\\/schema.org\",\"@graph\":[{\"@type\":\"Article\",\"@id\":\"https:\\\/\\\/redenoticiaz.com.br\\\/litoralsp\\\/2022\\\/04\\\/10\\\/palmeiras-estreia-no-brasileirao-com-derrota-para-o-ceara#article\",\"isPartOf\":{\"@id\":\"https:\\\/\\\/redenoticiaz.com.br\\\/litoralsp\\\/2022\\\/04\\\/10\\\/palmeiras-estreia-no-brasileirao-com-derrota-para-o-ceara\"},\"author\":{\"name\":\"Leonardo Francisco\",\"@id\":\"https:\\\/\\\/redenoticiaz.com.br\\\/litoralsp\\\/#\\\/schema\\\/person\\\/0f0b8a5bdafefe82841e07ae8d81ecb3\"},\"headline\":\"Palmeiras estreia no Brasileir\u00e3o com derrota para o Cear\u00e1\",\"datePublished\":\"2022-04-10T13:30:00+00:00\",\"mainEntityOfPage\":{\"@id\":\"https:\\\/\\\/redenoticiaz.com.br\\\/litoralsp\\\/2022\\\/04\\\/10\\\/palmeiras-estreia-no-brasileirao-com-derrota-para-o-ceara\"},\"wordCount\":471,\"commentCount\":0,\"publisher\":{\"@id\":\"https:\\\/\\\/redenoticiaz.com.br\\\/litoralsp\\\/#organization\"},\"image\":{\"@id\":\"https:\\\/\\\/redenoticiaz.com.br\\\/litoralsp\\\/2022\\\/04\\\/10\\\/palmeiras-estreia-no-brasileirao-com-derrota-para-o-ceara#primaryimage\"},\"thumbnailUrl\":\"https:\\\/\\\/redenoticiaz.com.br\\\/litoralsp\\\/wp-content\\\/uploads\\\/sites\\\/3\\\/2022\\\/04\\\/ceara.jpeg?v=1649597339\",\"keywords\":[\"ALLIANZ PARQUE\",\"BRASILEIR\u00c3O 2022\",\"CAMPEONATO BRASILEIRO\",\"CEAR\u00c1 SC\",\"Palmeiras\"],\"articleSection\":[\"Esporte\"],\"inLanguage\":\"pt-BR\",\"potentialAction\":[{\"@type\":\"CommentAction\",\"name\":\"Comment\",\"target\":[\"https:\\\/\\\/redenoticiaz.com.br\\\/litoralsp\\\/2022\\\/04\\\/10\\\/palmeiras-estreia-no-brasileirao-com-derrota-para-o-ceara#respond\"]}]},{\"@type\":\"WebPage\",\"@id\":\"https:\\\/\\\/redenoticiaz.com.br\\\/litoralsp\\\/2022\\\/04\\\/10\\\/palmeiras-estreia-no-brasileirao-com-derrota-para-o-ceara\",\"url\":\"https:\\\/\\\/redenoticiaz.com.br\\\/litoralsp\\\/2022\\\/04\\\/10\\\/palmeiras-estreia-no-brasileirao-com-derrota-para-o-ceara\",\"name\":\"Palmeiras estreia no Brasileir\u00e3o com derrota para o Cear\u00e1 - Litoral SP\",\"isPartOf\":{\"@id\":\"https:\\\/\\\/redenoticiaz.com.br\\\/litoralsp\\\/#website\"},\"primaryImageOfPage\":{\"@id\":\"https:\\\/\\\/redenoticiaz.com.br\\\/litoralsp\\\/2022\\\/04\\\/10\\\/palmeiras-estreia-no-brasileirao-com-derrota-para-o-ceara#primaryimage\"},\"image\":{\"@id\":\"https:\\\/\\\/redenoticiaz.com.br\\\/litoralsp\\\/2022\\\/04\\\/10\\\/palmeiras-estreia-no-brasileirao-com-derrota-para-o-ceara#primaryimage\"},\"thumbnailUrl\":\"https:\\\/\\\/redenoticiaz.com.br\\\/litoralsp\\\/wp-content\\\/uploads\\\/sites\\\/3\\\/2022\\\/04\\\/ceara.jpeg?v=1649597339\",\"datePublished\":\"2022-04-10T13:30:00+00:00\",\"description\":\"mais uma grande atua\u00e7\u00e3o ap\u00f3s o t\u00edtulo do Paulist\u00e3o e a goleada na Libertadores da Am\u00e9rica. S\u00f3 que faltou combinar com o Cear\u00e1,\",\"inLanguage\":\"pt-BR\",\"potentialAction\":[{\"@type\":\"ReadAction\",\"target\":[\"https:\\\/\\\/redenoticiaz.com.br\\\/litoralsp\\\/2022\\\/04\\\/10\\\/palmeiras-estreia-no-brasileirao-com-derrota-para-o-ceara\"]}]},{\"@type\":\"ImageObject\",\"inLanguage\":\"pt-BR\",\"@id\":\"https:\\\/\\\/redenoticiaz.com.br\\\/litoralsp\\\/2022\\\/04\\\/10\\\/palmeiras-estreia-no-brasileirao-com-derrota-para-o-ceara#primaryimage\",\"url\":\"https:\\\/\\\/redenoticiaz.com.br\\\/litoralsp\\\/wp-content\\\/uploads\\\/sites\\\/3\\\/2022\\\/04\\\/ceara.jpeg?v=1649597339\",\"contentUrl\":\"https:\\\/\\\/redenoticiaz.com.br\\\/litoralsp\\\/wp-content\\\/uploads\\\/sites\\\/3\\\/2022\\\/04\\\/ceara.jpeg?v=1649597339\",\"width\":910,\"height\":455,\"caption\":\"O Voz\u00e3o foi superior ao Palmeiras em boa parte da partida. Cr\u00e9ditos: Divulga\u00e7\u00e3o\\\/AGIF\"},{\"@type\":\"WebSite\",\"@id\":\"https:\\\/\\\/redenoticiaz.com.br\\\/litoralsp\\\/#website\",\"url\":\"https:\\\/\\\/redenoticiaz.com.br\\\/litoralsp\\\/\",\"name\":\"Litoral SP\",\"description\":\"Rede NoticiaZ\",\"publisher\":{\"@id\":\"https:\\\/\\\/redenoticiaz.com.br\\\/litoralsp\\\/#organization\"},\"potentialAction\":[{\"@type\":\"SearchAction\",\"target\":{\"@type\":\"EntryPoint\",\"urlTemplate\":\"https:\\\/\\\/redenoticiaz.com.br\\\/litoralsp\\\/?s={search_term_string}\"},\"query-input\":{\"@type\":\"PropertyValueSpecification\",\"valueRequired\":true,\"valueName\":\"search_term_string\"}}],\"inLanguage\":\"pt-BR\"},{\"@type\":\"Organization\",\"@id\":\"https:\\\/\\\/redenoticiaz.com.br\\\/litoralsp\\\/#organization\",\"name\":\"Litoral SP\",\"url\":\"https:\\\/\\\/redenoticiaz.com.br\\\/litoralsp\\\/\",\"logo\":{\"@type\":\"ImageObject\",\"inLanguage\":\"pt-BR\",\"@id\":\"https:\\\/\\\/redenoticiaz.com.br\\\/litoralsp\\\/#\\\/schema\\\/logo\\\/image\\\/\",\"url\":\"https:\\\/\\\/redenoticiaz.com.br\\\/litoralsp\\\/wp-content\\\/uploads\\\/sites\\\/3\\\/2020\\\/11\\\/logo.jpg\",\"contentUrl\":\"https:\\\/\\\/redenoticiaz.com.br\\\/litoralsp\\\/wp-content\\\/uploads\\\/sites\\\/3\\\/2020\\\/11\\\/logo.jpg\",\"width\":400,\"height\":250,\"caption\":\"Litoral SP\"},\"image\":{\"@id\":\"https:\\\/\\\/redenoticiaz.com.br\\\/litoralsp\\\/#\\\/schema\\\/logo\\\/image\\\/\"}},{\"@type\":\"Person\",\"@id\":\"https:\\\/\\\/redenoticiaz.com.br\\\/litoralsp\\\/#\\\/schema\\\/person\\\/0f0b8a5bdafefe82841e07ae8d81ecb3\",\"name\":\"Leonardo Francisco\",\"image\":{\"@type\":\"ImageObject\",\"inLanguage\":\"pt-BR\",\"@id\":\"https:\\\/\\\/secure.gravatar.com\\\/avatar\\\/a7358cb406a99b682ec6df1e77e31ae82e63601f6784e8a3df411d72b37864da?s=96&d=mm&r=g\",\"url\":\"https:\\\/\\\/secure.gravatar.com\\\/avatar\\\/a7358cb406a99b682ec6df1e77e31ae82e63601f6784e8a3df411d72b37864da?s=96&d=mm&r=g\",\"contentUrl\":\"https:\\\/\\\/secure.gravatar.com\\\/avatar\\\/a7358cb406a99b682ec6df1e77e31ae82e63601f6784e8a3df411d72b37864da?s=96&d=mm&r=g\",\"caption\":\"Leonardo Francisco\"},\"url\":\"https:\\\/\\\/redenoticiaz.com.br\\\/litoralsp\\\/author\\\/leonardo-francisco\"}]}<\/script>\n<!-- \/ Yoast SEO plugin. -->","yoast_head_json":{"title":"Palmeiras estreia no Brasileir\u00e3o com derrota para o Cear\u00e1 - Litoral SP","description":"mais uma grande atua\u00e7\u00e3o ap\u00f3s o t\u00edtulo do Paulist\u00e3o e a goleada na Libertadores da Am\u00e9rica. S\u00f3 que faltou combinar com o Cear\u00e1,","robots":{"index":"index","follow":"follow","max-snippet":"max-snippet:-1","max-image-preview":"max-image-preview:large","max-video-preview":"max-video-preview:-1"},"canonical":"https:\/\/redenoticiaz.com.br\/litoralsp\/2022\/04\/10\/palmeiras-estreia-no-brasileirao-com-derrota-para-o-ceara","og_locale":"pt_BR","og_type":"article","og_title":"Palmeiras estreia no Brasileir\u00e3o com derrota para o Cear\u00e1 - Litoral SP","og_description":"mais uma grande atua\u00e7\u00e3o ap\u00f3s o t\u00edtulo do Paulist\u00e3o e a goleada na Libertadores da Am\u00e9rica. S\u00f3 que faltou combinar com o Cear\u00e1,","og_url":"https:\/\/redenoticiaz.com.br\/litoralsp\/2022\/04\/10\/palmeiras-estreia-no-brasileirao-com-derrota-para-o-ceara","og_site_name":"Litoral SP","article_published_time":"2022-04-10T13:30:00+00:00","author":"Leonardo Francisco","twitter_card":"summary_large_image","twitter_image":"https:\/\/redenoticiaz.com.br\/litoralsp\/wp-content\/uploads\/sites\/3\/2022\/04\/ceara.jpeg?v=1649597339","twitter_misc":{"Escrito por":"Leonardo Francisco","Est. tempo de leitura":"2 minutos"},"schema":{"@context":"https:\/\/schema.org","@graph":[{"@type":"Article","@id":"https:\/\/redenoticiaz.com.br\/litoralsp\/2022\/04\/10\/palmeiras-estreia-no-brasileirao-com-derrota-para-o-ceara#article","isPartOf":{"@id":"https:\/\/redenoticiaz.com.br\/litoralsp\/2022\/04\/10\/palmeiras-estreia-no-brasileirao-com-derrota-para-o-ceara"},"author":{"name":"Leonardo Francisco","@id":"https:\/\/redenoticiaz.com.br\/litoralsp\/#\/schema\/person\/0f0b8a5bdafefe82841e07ae8d81ecb3"},"headline":"Palmeiras estreia no Brasileir\u00e3o com derrota para o Cear\u00e1","datePublished":"2022-04-10T13:30:00+00:00","mainEntityOfPage":{"@id":"https:\/\/redenoticiaz.com.br\/litoralsp\/2022\/04\/10\/palmeiras-estreia-no-brasileirao-com-derrota-para-o-ceara"},"wordCount":471,"commentCount":0,"publisher":{"@id":"https:\/\/redenoticiaz.com.br\/litoralsp\/#organization"},"image":{"@id":"https:\/\/redenoticiaz.com.br\/litoralsp\/2022\/04\/10\/palmeiras-estreia-no-brasileirao-com-derrota-para-o-ceara#primaryimage"},"thumbnailUrl":"https:\/\/redenoticiaz.com.br\/litoralsp\/wp-content\/uploads\/sites\/3\/2022\/04\/ceara.jpeg?v=1649597339","keywords":["ALLIANZ PARQUE","BRASILEIR\u00c3O 2022","CAMPEONATO BRASILEIRO","CEAR\u00c1 SC","Palmeiras"],"articleSection":["Esporte"],"inLanguage":"pt-BR","potentialAction":[{"@type":"CommentAction","name":"Comment","target":["https:\/\/redenoticiaz.com.br\/litoralsp\/2022\/04\/10\/palmeiras-estreia-no-brasileirao-com-derrota-para-o-ceara#respond"]}]},{"@type":"WebPage","@id":"https:\/\/redenoticiaz.com.br\/litoralsp\/2022\/04\/10\/palmeiras-estreia-no-brasileirao-com-derrota-para-o-ceara","url":"https:\/\/redenoticiaz.com.br\/litoralsp\/2022\/04\/10\/palmeiras-estreia-no-brasileirao-com-derrota-para-o-ceara","name":"Palmeiras estreia no Brasileir\u00e3o com derrota para o Cear\u00e1 - Litoral SP","isPartOf":{"@id":"https:\/\/redenoticiaz.com.br\/litoralsp\/#website"},"primaryImageOfPage":{"@id":"https:\/\/redenoticiaz.com.br\/litoralsp\/2022\/04\/10\/palmeiras-estreia-no-brasileirao-com-derrota-para-o-ceara#primaryimage"},"image":{"@id":"https:\/\/redenoticiaz.com.br\/litoralsp\/2022\/04\/10\/palmeiras-estreia-no-brasileirao-com-derrota-para-o-ceara#primaryimage"},"thumbnailUrl":"https:\/\/redenoticiaz.com.br\/litoralsp\/wp-content\/uploads\/sites\/3\/2022\/04\/ceara.jpeg?v=1649597339","datePublished":"2022-04-10T13:30:00+00:00","description":"mais uma grande atua\u00e7\u00e3o ap\u00f3s o t\u00edtulo do Paulist\u00e3o e a goleada na Libertadores da Am\u00e9rica. S\u00f3 que faltou combinar com o Cear\u00e1,","inLanguage":"pt-BR","potentialAction":[{"@type":"ReadAction","target":["https:\/\/redenoticiaz.com.br\/litoralsp\/2022\/04\/10\/palmeiras-estreia-no-brasileirao-com-derrota-para-o-ceara"]}]},{"@type":"ImageObject","inLanguage":"pt-BR","@id":"https:\/\/redenoticiaz.com.br\/litoralsp\/2022\/04\/10\/palmeiras-estreia-no-brasileirao-com-derrota-para-o-ceara#primaryimage","url":"https:\/\/redenoticiaz.com.br\/litoralsp\/wp-content\/uploads\/sites\/3\/2022\/04\/ceara.jpeg?v=1649597339","contentUrl":"https:\/\/redenoticiaz.com.br\/litoralsp\/wp-content\/uploads\/sites\/3\/2022\/04\/ceara.jpeg?v=1649597339","width":910,"height":455,"caption":"O Voz\u00e3o foi superior ao Palmeiras em boa parte da partida. Cr\u00e9ditos: Divulga\u00e7\u00e3o\/AGIF"},{"@type":"WebSite","@id":"https:\/\/redenoticiaz.com.br\/litoralsp\/#website","url":"https:\/\/redenoticiaz.com.br\/litoralsp\/","name":"Litoral SP","description":"Rede NoticiaZ","publisher":{"@id":"https:\/\/redenoticiaz.com.br\/litoralsp\/#organization"},"potentialAction":[{"@type":"SearchAction","target":{"@type":"EntryPoint","urlTemplate":"https:\/\/redenoticiaz.com.br\/litoralsp\/?s={search_term_string}"},"query-input":{"@type":"PropertyValueSpecification","valueRequired":true,"valueName":"search_term_string"}}],"inLanguage":"pt-BR"},{"@type":"Organization","@id":"https:\/\/redenoticiaz.com.br\/litoralsp\/#organization","name":"Litoral SP","url":"https:\/\/redenoticiaz.com.br\/litoralsp\/","logo":{"@type":"ImageObject","inLanguage":"pt-BR","@id":"https:\/\/redenoticiaz.com.br\/litoralsp\/#\/schema\/logo\/image\/","url":"https:\/\/redenoticiaz.com.br\/litoralsp\/wp-content\/uploads\/sites\/3\/2020\/11\/logo.jpg","contentUrl":"https:\/\/redenoticiaz.com.br\/litoralsp\/wp-content\/uploads\/sites\/3\/2020\/11\/logo.jpg","width":400,"height":250,"caption":"Litoral SP"},"image":{"@id":"https:\/\/redenoticiaz.com.br\/litoralsp\/#\/schema\/logo\/image\/"}},{"@type":"Person","@id":"https:\/\/redenoticiaz.com.br\/litoralsp\/#\/schema\/person\/0f0b8a5bdafefe82841e07ae8d81ecb3","name":"Leonardo Francisco","image":{"@type":"ImageObject","inLanguage":"pt-BR","@id":"https:\/\/secure.gravatar.com\/avatar\/a7358cb406a99b682ec6df1e77e31ae82e63601f6784e8a3df411d72b37864da?s=96&d=mm&r=g","url":"https:\/\/secure.gravatar.com\/avatar\/a7358cb406a99b682ec6df1e77e31ae82e63601f6784e8a3df411d72b37864da?s=96&d=mm&r=g","contentUrl":"https:\/\/secure.gravatar.com\/avatar\/a7358cb406a99b682ec6df1e77e31ae82e63601f6784e8a3df411d72b37864da?s=96&d=mm&r=g","caption":"Leonardo Francisco"},"url":"https:\/\/redenoticiaz.com.br\/litoralsp\/author\/leonardo-francisco"}]}},"_links":{"self":[{"href":"https:\/\/redenoticiaz.com.br\/litoralsp\/wp-json\/wp\/v2\/posts\/26388","targetHints":{"allow":["GET"]}}],"collection":[{"href":"https:\/\/redenoticiaz.com.br\/litoralsp\/wp-json\/wp\/v2\/posts"}],"about":[{"href":"https:\/\/redenoticiaz.com.br\/litoralsp\/wp-json\/wp\/v2\/types\/post"}],"author":[{"embeddable":true,"href":"https:\/\/redenoticiaz.com.br\/litoralsp\/wp-json\/wp\/v2\/users\/6"}],"replies":[{"embeddable":true,"href":"https:\/\/redenoticiaz.com.br\/litoralsp\/wp-json\/wp\/v2\/comments?post=26388"}],"version-history":[{"count":0,"href":"https:\/\/redenoticiaz.com.br\/litoralsp\/wp-json\/wp\/v2\/posts\/26388\/revisions"}],"wp:featuredmedia":[{"embeddable":true,"href":"https:\/\/redenoticiaz.com.br\/litoralsp\/wp-json\/wp\/v2\/media\/26389"}],"wp:attachment":[{"href":"https:\/\/redenoticiaz.com.br\/litoralsp\/wp-json\/wp\/v2\/media?parent=26388"}],"wp:term":[{"taxonomy":"category","embeddable":true,"href":"https:\/\/redenoticiaz.com.br\/litoralsp\/wp-json\/wp\/v2\/categories?post=26388"},{"taxonomy":"post_tag","embeddable":true,"href":"https:\/\/redenoticiaz.com.br\/litoralsp\/wp-json\/wp\/v2\/tags?post=26388"}],"curies":[{"name":"wp","href":"https:\/\/api.w.org\/{rel}","templated":true}]}}