{"id":26528,"date":"2022-04-12T16:45:32","date_gmt":"2022-04-12T19:45:32","guid":{"rendered":"https:\/\/redenoticiaz.com.br\/litoralsp\/?p=26528"},"modified":"2022-04-12T16:45:32","modified_gmt":"2022-04-12T19:45:32","slug":"fim-de-semana-da-pascoa-deve-ser-de-chuva-na-baixada-santista","status":"publish","type":"post","link":"https:\/\/redenoticiaz.com.br\/litoralsp\/2022\/04\/12\/fim-de-semana-da-pascoa-deve-ser-de-chuva-na-baixada-santista","title":{"rendered":"Fim de semana da P\u00e1scoa deve ser de chuva na Baixada Santista"},"content":{"rendered":"<p>Para quem espera curtir o feriado da P\u00e1scoa na Baixada Santista e aproveitando a praia, \u00e9 bom levar o guarda chuva e uma blusa. Uma <strong>frente fria<\/strong> \u00e9 esperada para vir nesta quinta-feira (14) e com ela chuva, ventos intensos e a ressaca do mar. Al\u00e9m disso, a mar\u00e9 alta tamb\u00e9m deve atingir a regi\u00e3o na sexta-feira (15).<\/p>\n<p>O Instituto Nacional de Meteorologia (Inmet) informa que a frente fria deve chegar na regi\u00e3o na quinta-feira. Existe a previs\u00e3o de muitas nuvens com pancadas de chuva e trovoadas isoladas. Na sexta-feira e no s\u00e1bado, o tempo continua inst\u00e1vel com nuvens e chuvas isoladas.<\/p>\n<div class=\"mc-column content-text active-extra-styles \" data-block-type=\"unstyled\" data-block-weight=\"47\" data-block-id=\"4\">\n<p class=\"content-text__container \" data-track-category=\"Link no Texto\" data-track-links=\"\">Segundo o N\u00facleo de Pesquisas Hidrodin\u00e2micas da Universidade Santa Cec\u00edlia (NPH-Unisanta), a\u00a0mar\u00e9\u00a0poder\u00e1 ultrapassar 1,9 metros na Ba\u00eda de Santos e 2,0 metros no interior do estu\u00e1rio, por volta de 14h de sexta-feira, representando um aumento de 60 cm em rela\u00e7\u00e3o \u00e0 t\u00e1bua de mar\u00e9s.<\/p>\n<div class=\"mc-column content-text active-extra-styles \" data-block-type=\"unstyled\" data-block-weight=\"46\" data-block-id=\"6\">\n<p class=\"content-text__container \" data-track-category=\"Link no Texto\" data-track-links=\"\">De acordo com o Plano Municipal de Conting\u00eancia para Ressacas e Inunda\u00e7\u00f5es de Santos, o estado \u00e9 de aten\u00e7\u00e3o devido \u00e0 previs\u00e3o de n\u00edvel do mar. As\u00a0ondas\u00a0do quadrante sul podem variar de 0,5 metros a 1,9 metros de altura entre quinta-feira e s\u00e1bado.<\/p>\n<\/div>\n<div class=\"mc-column content-text active-extra-styles \" data-block-type=\"unstyled\" data-block-weight=\"30\" data-block-id=\"7\">\n<p class=\"content-text__container \" data-track-category=\"Link no Texto\" data-track-links=\"\">Ainda segundo a previs\u00e3o do NPH-Unisanta, haver\u00e1 possibilidades de alagamentos em alguns pontos da cidade, por conta da mar\u00e9 elevada, principalmente, se estiver associada a n\u00edveis de chuvas fortes.<\/p>\n<p data-track-category=\"Link no Texto\" data-track-links=\"\"><strong>LEIA TAMB\u00c9M<\/strong><\/p>\n<p data-track-category=\"Link no Texto\" data-track-links=\"\"><a href=\"https:\/\/redenoticiaz.com.br\/litoralsp\/2022\/04\/11\/hoteis-da-baixada-santista-devem-ter-90-de-ocupacao-para-os-feriados-da-pascoa-e-tiradentes\">Hot\u00e9is da Baixada Santista devem ter 90% de ocupa\u00e7\u00e3o para os feriados da P\u00e1scoa e Tiradentes<\/a><\/p>\n<\/div>\n<\/div>\n","protected":false},"excerpt":{"rendered":"<p>Para quem espera curtir o feriado da P\u00e1scoa na Baixada Santista e aproveitando a praia, \u00e9 bom levar o guarda chuva e uma blusa. Uma frente fria \u00e9 esperada para vir nesta quinta-feira (14) e com ela chuva, ventos intensos e a ressaca do mar. Al\u00e9m disso, a mar\u00e9 alta tamb\u00e9m deve atingir a regi\u00e3o &hellip;<\/p>\n","protected":false},"author":6,"featured_media":26529,"comment_status":"open","ping_status":"closed","sticky":false,"template":"","format":"standard","meta":{"footnotes":""},"categories":[26798,180],"tags":[1149,17393,10996,28875,18601,986],"class_list":["post-26528","post","type-post","status-publish","format-standard","has-post-thumbnail","hentry","category-climatologia","category-santos","tag-chuvas","tag-feriado-da-pascoa","tag-frente-fria","tag-nph-unisanta","tag-nucleo-de-pesquisas-hidrodinamicas","tag-santos"],"yoast_head":"<!-- This site is optimized with the Yoast SEO plugin v27.4 - https:\/\/yoast.com\/product\/yoast-seo-wordpress\/ -->\n<title>Fim de semana da P\u00e1scoa deve ser de chuva na Baixada Santista - Litoral SP<\/title>\n<meta name=\"description\" content=\"curtir o feriado da P\u00e1scoa na Baixada Santista e aproveitando a praia, \u00e9 bom levar o guarda chuva e uma blusa. Uma frente fria \u00e9 esperada\" \/>\n<meta name=\"robots\" content=\"index, follow, max-snippet:-1, max-image-preview:large, max-video-preview:-1\" \/>\n<link rel=\"canonical\" href=\"https:\/\/redenoticiaz.com.br\/litoralsp\/2022\/04\/12\/fim-de-semana-da-pascoa-deve-ser-de-chuva-na-baixada-santista\" \/>\n<meta property=\"og:locale\" content=\"pt_BR\" \/>\n<meta property=\"og:type\" content=\"article\" \/>\n<meta property=\"og:title\" content=\"Fim de semana da P\u00e1scoa deve ser de chuva na Baixada Santista - Litoral SP\" \/>\n<meta property=\"og:description\" content=\"curtir o feriado da P\u00e1scoa na Baixada Santista e aproveitando a praia, \u00e9 bom levar o guarda chuva e uma blusa. Uma frente fria \u00e9 esperada\" \/>\n<meta property=\"og:url\" content=\"https:\/\/redenoticiaz.com.br\/litoralsp\/2022\/04\/12\/fim-de-semana-da-pascoa-deve-ser-de-chuva-na-baixada-santista\" \/>\n<meta property=\"og:site_name\" content=\"Litoral SP\" \/>\n<meta property=\"article:published_time\" content=\"2022-04-12T19:45:32+00:00\" \/>\n<meta property=\"og:image\" content=\"https:\/\/redenoticiaz.com.br\/litoralsp\/wp-content\/uploads\/sites\/3\/2022\/04\/whatsapp-image-2022-04-12-at-16-23-21.jpeg\" \/>\n\t<meta property=\"og:image:width\" content=\"1280\" \/>\n\t<meta property=\"og:image:height\" content=\"960\" \/>\n\t<meta property=\"og:image:type\" content=\"image\/jpeg\" \/>\n<meta name=\"author\" content=\"Leonardo Francisco\" \/>\n<meta name=\"twitter:card\" content=\"summary_large_image\" \/>\n<meta name=\"twitter:label1\" content=\"Escrito por\" \/>\n\t<meta name=\"twitter:data1\" content=\"Leonardo Francisco\" \/>\n\t<meta name=\"twitter:label2\" content=\"Est. tempo de leitura\" \/>\n\t<meta name=\"twitter:data2\" content=\"1 minuto\" \/>\n<script type=\"application\/ld+json\" class=\"yoast-schema-graph\">{\"@context\":\"https:\\\/\\\/schema.org\",\"@graph\":[{\"@type\":\"Article\",\"@id\":\"https:\\\/\\\/redenoticiaz.com.br\\\/litoralsp\\\/2022\\\/04\\\/12\\\/fim-de-semana-da-pascoa-deve-ser-de-chuva-na-baixada-santista#article\",\"isPartOf\":{\"@id\":\"https:\\\/\\\/redenoticiaz.com.br\\\/litoralsp\\\/2022\\\/04\\\/12\\\/fim-de-semana-da-pascoa-deve-ser-de-chuva-na-baixada-santista\"},\"author\":{\"name\":\"Leonardo Francisco\",\"@id\":\"https:\\\/\\\/redenoticiaz.com.br\\\/litoralsp\\\/#\\\/schema\\\/person\\\/0f0b8a5bdafefe82841e07ae8d81ecb3\"},\"headline\":\"Fim de semana da P\u00e1scoa deve ser de chuva na Baixada Santista\",\"datePublished\":\"2022-04-12T19:45:32+00:00\",\"mainEntityOfPage\":{\"@id\":\"https:\\\/\\\/redenoticiaz.com.br\\\/litoralsp\\\/2022\\\/04\\\/12\\\/fim-de-semana-da-pascoa-deve-ser-de-chuva-na-baixada-santista\"},\"wordCount\":268,\"commentCount\":0,\"publisher\":{\"@id\":\"https:\\\/\\\/redenoticiaz.com.br\\\/litoralsp\\\/#organization\"},\"image\":{\"@id\":\"https:\\\/\\\/redenoticiaz.com.br\\\/litoralsp\\\/2022\\\/04\\\/12\\\/fim-de-semana-da-pascoa-deve-ser-de-chuva-na-baixada-santista#primaryimage\"},\"thumbnailUrl\":\"https:\\\/\\\/redenoticiaz.com.br\\\/litoralsp\\\/wp-content\\\/uploads\\\/sites\\\/3\\\/2022\\\/04\\\/whatsapp-image-2022-04-12-at-16-23-21.jpeg\",\"keywords\":[\"Chuvas\",\"FERIADO DA P\u00c1SCOA\",\"FRENTE FRIA\",\"NPH-UNISANTA\",\"N\u00daCLEO DE PESQUISAS HIDRODIN\u00c2MICAS\",\"Santos\"],\"articleSection\":[\"Climatologia\",\"Santos\"],\"inLanguage\":\"pt-BR\",\"potentialAction\":[{\"@type\":\"CommentAction\",\"name\":\"Comment\",\"target\":[\"https:\\\/\\\/redenoticiaz.com.br\\\/litoralsp\\\/2022\\\/04\\\/12\\\/fim-de-semana-da-pascoa-deve-ser-de-chuva-na-baixada-santista#respond\"]}]},{\"@type\":\"WebPage\",\"@id\":\"https:\\\/\\\/redenoticiaz.com.br\\\/litoralsp\\\/2022\\\/04\\\/12\\\/fim-de-semana-da-pascoa-deve-ser-de-chuva-na-baixada-santista\",\"url\":\"https:\\\/\\\/redenoticiaz.com.br\\\/litoralsp\\\/2022\\\/04\\\/12\\\/fim-de-semana-da-pascoa-deve-ser-de-chuva-na-baixada-santista\",\"name\":\"Fim de semana da P\u00e1scoa deve ser de chuva na Baixada Santista - Litoral SP\",\"isPartOf\":{\"@id\":\"https:\\\/\\\/redenoticiaz.com.br\\\/litoralsp\\\/#website\"},\"primaryImageOfPage\":{\"@id\":\"https:\\\/\\\/redenoticiaz.com.br\\\/litoralsp\\\/2022\\\/04\\\/12\\\/fim-de-semana-da-pascoa-deve-ser-de-chuva-na-baixada-santista#primaryimage\"},\"image\":{\"@id\":\"https:\\\/\\\/redenoticiaz.com.br\\\/litoralsp\\\/2022\\\/04\\\/12\\\/fim-de-semana-da-pascoa-deve-ser-de-chuva-na-baixada-santista#primaryimage\"},\"thumbnailUrl\":\"https:\\\/\\\/redenoticiaz.com.br\\\/litoralsp\\\/wp-content\\\/uploads\\\/sites\\\/3\\\/2022\\\/04\\\/whatsapp-image-2022-04-12-at-16-23-21.jpeg\",\"datePublished\":\"2022-04-12T19:45:32+00:00\",\"description\":\"curtir o feriado da P\u00e1scoa na Baixada Santista e aproveitando a praia, \u00e9 bom levar o guarda chuva e uma blusa. Uma frente fria \u00e9 esperada\",\"inLanguage\":\"pt-BR\",\"potentialAction\":[{\"@type\":\"ReadAction\",\"target\":[\"https:\\\/\\\/redenoticiaz.com.br\\\/litoralsp\\\/2022\\\/04\\\/12\\\/fim-de-semana-da-pascoa-deve-ser-de-chuva-na-baixada-santista\"]}]},{\"@type\":\"ImageObject\",\"inLanguage\":\"pt-BR\",\"@id\":\"https:\\\/\\\/redenoticiaz.com.br\\\/litoralsp\\\/2022\\\/04\\\/12\\\/fim-de-semana-da-pascoa-deve-ser-de-chuva-na-baixada-santista#primaryimage\",\"url\":\"https:\\\/\\\/redenoticiaz.com.br\\\/litoralsp\\\/wp-content\\\/uploads\\\/sites\\\/3\\\/2022\\\/04\\\/whatsapp-image-2022-04-12-at-16-23-21.jpeg\",\"contentUrl\":\"https:\\\/\\\/redenoticiaz.com.br\\\/litoralsp\\\/wp-content\\\/uploads\\\/sites\\\/3\\\/2022\\\/04\\\/whatsapp-image-2022-04-12-at-16-23-21.jpeg\",\"width\":1280,\"height\":960,\"caption\":\"Tend\u00eancia \u00e9 de tempo fechaod e inst\u00e1vel. Cr\u00e9ditos: Leonardo Francisco.\"},{\"@type\":\"WebSite\",\"@id\":\"https:\\\/\\\/redenoticiaz.com.br\\\/litoralsp\\\/#website\",\"url\":\"https:\\\/\\\/redenoticiaz.com.br\\\/litoralsp\\\/\",\"name\":\"Litoral SP\",\"description\":\"Rede NoticiaZ\",\"publisher\":{\"@id\":\"https:\\\/\\\/redenoticiaz.com.br\\\/litoralsp\\\/#organization\"},\"potentialAction\":[{\"@type\":\"SearchAction\",\"target\":{\"@type\":\"EntryPoint\",\"urlTemplate\":\"https:\\\/\\\/redenoticiaz.com.br\\\/litoralsp\\\/?s={search_term_string}\"},\"query-input\":{\"@type\":\"PropertyValueSpecification\",\"valueRequired\":true,\"valueName\":\"search_term_string\"}}],\"inLanguage\":\"pt-BR\"},{\"@type\":\"Organization\",\"@id\":\"https:\\\/\\\/redenoticiaz.com.br\\\/litoralsp\\\/#organization\",\"name\":\"Litoral SP\",\"url\":\"https:\\\/\\\/redenoticiaz.com.br\\\/litoralsp\\\/\",\"logo\":{\"@type\":\"ImageObject\",\"inLanguage\":\"pt-BR\",\"@id\":\"https:\\\/\\\/redenoticiaz.com.br\\\/litoralsp\\\/#\\\/schema\\\/logo\\\/image\\\/\",\"url\":\"https:\\\/\\\/redenoticiaz.com.br\\\/litoralsp\\\/wp-content\\\/uploads\\\/sites\\\/3\\\/2020\\\/11\\\/logo.jpg\",\"contentUrl\":\"https:\\\/\\\/redenoticiaz.com.br\\\/litoralsp\\\/wp-content\\\/uploads\\\/sites\\\/3\\\/2020\\\/11\\\/logo.jpg\",\"width\":400,\"height\":250,\"caption\":\"Litoral SP\"},\"image\":{\"@id\":\"https:\\\/\\\/redenoticiaz.com.br\\\/litoralsp\\\/#\\\/schema\\\/logo\\\/image\\\/\"}},{\"@type\":\"Person\",\"@id\":\"https:\\\/\\\/redenoticiaz.com.br\\\/litoralsp\\\/#\\\/schema\\\/person\\\/0f0b8a5bdafefe82841e07ae8d81ecb3\",\"name\":\"Leonardo Francisco\",\"image\":{\"@type\":\"ImageObject\",\"inLanguage\":\"pt-BR\",\"@id\":\"https:\\\/\\\/secure.gravatar.com\\\/avatar\\\/a7358cb406a99b682ec6df1e77e31ae82e63601f6784e8a3df411d72b37864da?s=96&d=mm&r=g\",\"url\":\"https:\\\/\\\/secure.gravatar.com\\\/avatar\\\/a7358cb406a99b682ec6df1e77e31ae82e63601f6784e8a3df411d72b37864da?s=96&d=mm&r=g\",\"contentUrl\":\"https:\\\/\\\/secure.gravatar.com\\\/avatar\\\/a7358cb406a99b682ec6df1e77e31ae82e63601f6784e8a3df411d72b37864da?s=96&d=mm&r=g\",\"caption\":\"Leonardo Francisco\"},\"url\":\"https:\\\/\\\/redenoticiaz.com.br\\\/litoralsp\\\/author\\\/leonardo-francisco\"}]}<\/script>\n<!-- \/ Yoast SEO plugin. -->","yoast_head_json":{"title":"Fim de semana da P\u00e1scoa deve ser de chuva na Baixada Santista - Litoral SP","description":"curtir o feriado da P\u00e1scoa na Baixada Santista e aproveitando a praia, \u00e9 bom levar o guarda chuva e uma blusa. Uma frente fria \u00e9 esperada","robots":{"index":"index","follow":"follow","max-snippet":"max-snippet:-1","max-image-preview":"max-image-preview:large","max-video-preview":"max-video-preview:-1"},"canonical":"https:\/\/redenoticiaz.com.br\/litoralsp\/2022\/04\/12\/fim-de-semana-da-pascoa-deve-ser-de-chuva-na-baixada-santista","og_locale":"pt_BR","og_type":"article","og_title":"Fim de semana da P\u00e1scoa deve ser de chuva na Baixada Santista - Litoral SP","og_description":"curtir o feriado da P\u00e1scoa na Baixada Santista e aproveitando a praia, \u00e9 bom levar o guarda chuva e uma blusa. Uma frente fria \u00e9 esperada","og_url":"https:\/\/redenoticiaz.com.br\/litoralsp\/2022\/04\/12\/fim-de-semana-da-pascoa-deve-ser-de-chuva-na-baixada-santista","og_site_name":"Litoral SP","article_published_time":"2022-04-12T19:45:32+00:00","og_image":[{"width":1280,"height":960,"url":"https:\/\/redenoticiaz.com.br\/litoralsp\/wp-content\/uploads\/sites\/3\/2022\/04\/whatsapp-image-2022-04-12-at-16-23-21.jpeg","type":"image\/jpeg"}],"author":"Leonardo Francisco","twitter_card":"summary_large_image","twitter_misc":{"Escrito por":"Leonardo Francisco","Est. tempo de leitura":"1 minuto"},"schema":{"@context":"https:\/\/schema.org","@graph":[{"@type":"Article","@id":"https:\/\/redenoticiaz.com.br\/litoralsp\/2022\/04\/12\/fim-de-semana-da-pascoa-deve-ser-de-chuva-na-baixada-santista#article","isPartOf":{"@id":"https:\/\/redenoticiaz.com.br\/litoralsp\/2022\/04\/12\/fim-de-semana-da-pascoa-deve-ser-de-chuva-na-baixada-santista"},"author":{"name":"Leonardo Francisco","@id":"https:\/\/redenoticiaz.com.br\/litoralsp\/#\/schema\/person\/0f0b8a5bdafefe82841e07ae8d81ecb3"},"headline":"Fim de semana da P\u00e1scoa deve ser de chuva na Baixada Santista","datePublished":"2022-04-12T19:45:32+00:00","mainEntityOfPage":{"@id":"https:\/\/redenoticiaz.com.br\/litoralsp\/2022\/04\/12\/fim-de-semana-da-pascoa-deve-ser-de-chuva-na-baixada-santista"},"wordCount":268,"commentCount":0,"publisher":{"@id":"https:\/\/redenoticiaz.com.br\/litoralsp\/#organization"},"image":{"@id":"https:\/\/redenoticiaz.com.br\/litoralsp\/2022\/04\/12\/fim-de-semana-da-pascoa-deve-ser-de-chuva-na-baixada-santista#primaryimage"},"thumbnailUrl":"https:\/\/redenoticiaz.com.br\/litoralsp\/wp-content\/uploads\/sites\/3\/2022\/04\/whatsapp-image-2022-04-12-at-16-23-21.jpeg","keywords":["Chuvas","FERIADO DA P\u00c1SCOA","FRENTE FRIA","NPH-UNISANTA","N\u00daCLEO DE PESQUISAS HIDRODIN\u00c2MICAS","Santos"],"articleSection":["Climatologia","Santos"],"inLanguage":"pt-BR","potentialAction":[{"@type":"CommentAction","name":"Comment","target":["https:\/\/redenoticiaz.com.br\/litoralsp\/2022\/04\/12\/fim-de-semana-da-pascoa-deve-ser-de-chuva-na-baixada-santista#respond"]}]},{"@type":"WebPage","@id":"https:\/\/redenoticiaz.com.br\/litoralsp\/2022\/04\/12\/fim-de-semana-da-pascoa-deve-ser-de-chuva-na-baixada-santista","url":"https:\/\/redenoticiaz.com.br\/litoralsp\/2022\/04\/12\/fim-de-semana-da-pascoa-deve-ser-de-chuva-na-baixada-santista","name":"Fim de semana da P\u00e1scoa deve ser de chuva na Baixada Santista - Litoral SP","isPartOf":{"@id":"https:\/\/redenoticiaz.com.br\/litoralsp\/#website"},"primaryImageOfPage":{"@id":"https:\/\/redenoticiaz.com.br\/litoralsp\/2022\/04\/12\/fim-de-semana-da-pascoa-deve-ser-de-chuva-na-baixada-santista#primaryimage"},"image":{"@id":"https:\/\/redenoticiaz.com.br\/litoralsp\/2022\/04\/12\/fim-de-semana-da-pascoa-deve-ser-de-chuva-na-baixada-santista#primaryimage"},"thumbnailUrl":"https:\/\/redenoticiaz.com.br\/litoralsp\/wp-content\/uploads\/sites\/3\/2022\/04\/whatsapp-image-2022-04-12-at-16-23-21.jpeg","datePublished":"2022-04-12T19:45:32+00:00","description":"curtir o feriado da P\u00e1scoa na Baixada Santista e aproveitando a praia, \u00e9 bom levar o guarda chuva e uma blusa. Uma frente fria \u00e9 esperada","inLanguage":"pt-BR","potentialAction":[{"@type":"ReadAction","target":["https:\/\/redenoticiaz.com.br\/litoralsp\/2022\/04\/12\/fim-de-semana-da-pascoa-deve-ser-de-chuva-na-baixada-santista"]}]},{"@type":"ImageObject","inLanguage":"pt-BR","@id":"https:\/\/redenoticiaz.com.br\/litoralsp\/2022\/04\/12\/fim-de-semana-da-pascoa-deve-ser-de-chuva-na-baixada-santista#primaryimage","url":"https:\/\/redenoticiaz.com.br\/litoralsp\/wp-content\/uploads\/sites\/3\/2022\/04\/whatsapp-image-2022-04-12-at-16-23-21.jpeg","contentUrl":"https:\/\/redenoticiaz.com.br\/litoralsp\/wp-content\/uploads\/sites\/3\/2022\/04\/whatsapp-image-2022-04-12-at-16-23-21.jpeg","width":1280,"height":960,"caption":"Tend\u00eancia \u00e9 de tempo fechaod e inst\u00e1vel. Cr\u00e9ditos: Leonardo Francisco."},{"@type":"WebSite","@id":"https:\/\/redenoticiaz.com.br\/litoralsp\/#website","url":"https:\/\/redenoticiaz.com.br\/litoralsp\/","name":"Litoral SP","description":"Rede NoticiaZ","publisher":{"@id":"https:\/\/redenoticiaz.com.br\/litoralsp\/#organization"},"potentialAction":[{"@type":"SearchAction","target":{"@type":"EntryPoint","urlTemplate":"https:\/\/redenoticiaz.com.br\/litoralsp\/?s={search_term_string}"},"query-input":{"@type":"PropertyValueSpecification","valueRequired":true,"valueName":"search_term_string"}}],"inLanguage":"pt-BR"},{"@type":"Organization","@id":"https:\/\/redenoticiaz.com.br\/litoralsp\/#organization","name":"Litoral SP","url":"https:\/\/redenoticiaz.com.br\/litoralsp\/","logo":{"@type":"ImageObject","inLanguage":"pt-BR","@id":"https:\/\/redenoticiaz.com.br\/litoralsp\/#\/schema\/logo\/image\/","url":"https:\/\/redenoticiaz.com.br\/litoralsp\/wp-content\/uploads\/sites\/3\/2020\/11\/logo.jpg","contentUrl":"https:\/\/redenoticiaz.com.br\/litoralsp\/wp-content\/uploads\/sites\/3\/2020\/11\/logo.jpg","width":400,"height":250,"caption":"Litoral SP"},"image":{"@id":"https:\/\/redenoticiaz.com.br\/litoralsp\/#\/schema\/logo\/image\/"}},{"@type":"Person","@id":"https:\/\/redenoticiaz.com.br\/litoralsp\/#\/schema\/person\/0f0b8a5bdafefe82841e07ae8d81ecb3","name":"Leonardo Francisco","image":{"@type":"ImageObject","inLanguage":"pt-BR","@id":"https:\/\/secure.gravatar.com\/avatar\/a7358cb406a99b682ec6df1e77e31ae82e63601f6784e8a3df411d72b37864da?s=96&d=mm&r=g","url":"https:\/\/secure.gravatar.com\/avatar\/a7358cb406a99b682ec6df1e77e31ae82e63601f6784e8a3df411d72b37864da?s=96&d=mm&r=g","contentUrl":"https:\/\/secure.gravatar.com\/avatar\/a7358cb406a99b682ec6df1e77e31ae82e63601f6784e8a3df411d72b37864da?s=96&d=mm&r=g","caption":"Leonardo Francisco"},"url":"https:\/\/redenoticiaz.com.br\/litoralsp\/author\/leonardo-francisco"}]}},"_links":{"self":[{"href":"https:\/\/redenoticiaz.com.br\/litoralsp\/wp-json\/wp\/v2\/posts\/26528","targetHints":{"allow":["GET"]}}],"collection":[{"href":"https:\/\/redenoticiaz.com.br\/litoralsp\/wp-json\/wp\/v2\/posts"}],"about":[{"href":"https:\/\/redenoticiaz.com.br\/litoralsp\/wp-json\/wp\/v2\/types\/post"}],"author":[{"embeddable":true,"href":"https:\/\/redenoticiaz.com.br\/litoralsp\/wp-json\/wp\/v2\/users\/6"}],"replies":[{"embeddable":true,"href":"https:\/\/redenoticiaz.com.br\/litoralsp\/wp-json\/wp\/v2\/comments?post=26528"}],"version-history":[{"count":1,"href":"https:\/\/redenoticiaz.com.br\/litoralsp\/wp-json\/wp\/v2\/posts\/26528\/revisions"}],"predecessor-version":[{"id":26530,"href":"https:\/\/redenoticiaz.com.br\/litoralsp\/wp-json\/wp\/v2\/posts\/26528\/revisions\/26530"}],"wp:featuredmedia":[{"embeddable":true,"href":"https:\/\/redenoticiaz.com.br\/litoralsp\/wp-json\/wp\/v2\/media\/26529"}],"wp:attachment":[{"href":"https:\/\/redenoticiaz.com.br\/litoralsp\/wp-json\/wp\/v2\/media?parent=26528"}],"wp:term":[{"taxonomy":"category","embeddable":true,"href":"https:\/\/redenoticiaz.com.br\/litoralsp\/wp-json\/wp\/v2\/categories?post=26528"},{"taxonomy":"post_tag","embeddable":true,"href":"https:\/\/redenoticiaz.com.br\/litoralsp\/wp-json\/wp\/v2\/tags?post=26528"}],"curies":[{"name":"wp","href":"https:\/\/api.w.org\/{rel}","templated":true}]}}