{"id":26536,"date":"2022-04-12T18:26:34","date_gmt":"2022-04-12T21:26:34","guid":{"rendered":"https:\/\/redenoticiaz.com.br\/litoralsp\/?p=26536"},"modified":"2022-04-12T18:26:34","modified_gmt":"2022-04-12T21:26:34","slug":"video-trio-acusado-de-matar-vendedor-em-sao-vicente-e-preso","status":"publish","type":"post","link":"https:\/\/redenoticiaz.com.br\/litoralsp\/2022\/04\/12\/video-trio-acusado-de-matar-vendedor-em-sao-vicente-e-preso","title":{"rendered":"V\u00cdDEO &#8211; Trio acusado de matar vendedor em S\u00e3o Vicente \u00e9 preso"},"content":{"rendered":"<p>Tr\u00eas homens foram presos nesta ter\u00e7a-feira (12) em <a href=\"https:\/\/www.saovicente.sp.gov.br\/onepage\">S\u00e3o Vicente<\/a>. Eles s\u00e3o acusados de <strong>torturarem e matarem um vendedor de 39 anos<\/strong>. O crime aconteceu em mar\u00e7o deste ano e ele teria sido confundido com um policial do Corpo de Bombeiros. A v\u00edtima foi encontrada esquartejada no bairro J\u00f3quei Clube, em S\u00e3o Vicente.<\/p>\n<p>De acordo com a Pol\u00edcia Civil, equipes da Delegacia de Investiga\u00e7\u00f5es Gerais (DIG) de Praia Grande, junto com as pol\u00edcias Civil e Militar da cidade e tamb\u00e9m de S\u00e3o Vicente, junto com o Grupo de Opera\u00e7\u00f5es Especiais (GOE) de Santos, participaram da a\u00e7\u00e3o. As investiga\u00e7\u00f5es feitas ap\u00f3s a noite do crime conseguiram identidficar os suspeitos e em seguida os policiais cumpriram os mandados de pris\u00e3o preventiva e tamb\u00e9m de busca e apreens\u00e3o domiciliar.<\/p>\n<p>Ao chegarem na Pra\u00e7a Dom Bosco, um homem de 44 anos foi encontrado e preso. Com ele foram encontrados quatro celulares, 17 capsulas de coca\u00edna, al\u00e9m de R$ 35 em dinheiro. Ele foi preso devido ao homic\u00eddio, mas tamb\u00e9m foi acusado de tr\u00e1fico de drogas.<\/p>\n<p>Em outro ponto do J\u00f3quei Clube, mas na Avenida Sambaiatuba, um homem de 41 anos foi encontrado e preso. Com ele, um celular foi apreendido. E na Rua Helv\u00e9tia os policiais prenderam um homem de 38 anos. Em sua resid\u00eancia foi apreendida pequena por\u00e7\u00e3o de maconha e cinco aparelhos celulares.<\/p>\n<p>Os suspeitos foram presos, mas a investiga\u00e7\u00e3o continua, agora para encontrar os ooutros suspeitos envolvidos na tortura e na morte.<\/p>\n<h5>Veja o v\u00eddeo:<\/h5>\n<div style=\"width: 640px;\" class=\"wp-video\"><video class=\"wp-video-shortcode\" id=\"video-26536-1\" width=\"640\" height=\"288\" preload=\"metadata\" controls=\"controls\"><source type=\"video\/mp4\" src=\"https:\/\/redenoticiaz.com.br\/litoralsp\/wp-content\/uploads\/sites\/3\/2022\/04\/whatsapp-video-2022-04-12-at-17-37-19.mp4?_=1\" \/><a href=\"https:\/\/redenoticiaz.com.br\/litoralsp\/wp-content\/uploads\/sites\/3\/2022\/04\/whatsapp-video-2022-04-12-at-17-37-19.mp4\">https:\/\/redenoticiaz.com.br\/litoralsp\/wp-content\/uploads\/sites\/3\/2022\/04\/whatsapp-video-2022-04-12-at-17-37-19.mp4<\/a><\/video><\/div>\n<h3>Relembre o crime<\/h3>\n<p>No dia 6 de mar\u00e7o os criminosos sequestraram um homem e cometeram tortura, antes de mat\u00e1-lo. O crime ocorreu no mesmo J\u00f3quei Clube e o corpo dele foi encontrado esquartejado em uma via do bairro.<\/p>\n<p><strong>LEIA TAMB\u00c9M<\/strong><\/p>\n<p><a href=\"https:\/\/redenoticiaz.com.br\/litoralsp\/2022\/03\/07\/corpo-esquartejado-e-encontrado-em-rua-do-litoral\">Corpo esquartejado \u00e9 encontrado em rua do Litoral<\/a><\/p>\n","protected":false},"excerpt":{"rendered":"<p>Tr\u00eas homens foram presos nesta ter\u00e7a-feira (12) em S\u00e3o Vicente. Eles s\u00e3o acusados de torturarem e matarem um vendedor de 39 anos. O crime aconteceu em mar\u00e7o deste ano e ele teria sido confundido com um policial do Corpo de Bombeiros. A v\u00edtima foi encontrada esquartejada no bairro J\u00f3quei Clube, em S\u00e3o Vicente. De acordo &hellip;<\/p>\n","protected":false},"author":6,"featured_media":26538,"comment_status":"open","ping_status":"closed","sticky":false,"template":"","format":"standard","meta":{"footnotes":""},"categories":[10,181],"tags":[49891,53821,1762,33,27077],"class_list":["post-26536","post","type-post","status-publish","format-standard","has-post-thumbnail","hentry","category-policia","category-sao-vicente","tag-corpo-esquartejado","tag-goe-santos","tag-policia-civil","tag-sao-vicente","tag-trio-preso"],"yoast_head":"<!-- This site is optimized with the Yoast SEO plugin v27.4 - https:\/\/yoast.com\/product\/yoast-seo-wordpress\/ -->\n<title>V\u00cdDEO - Trio acusado de matar vendedor em S\u00e3o Vicente \u00e9 preso - Litoral SP<\/title>\n<meta name=\"description\" content=\"homens foram presos nesta ter\u00e7a-feira (12) em S\u00e3o Vicente. Eles s\u00e3o acusados de torturarem e matarem um vendedor de 39 anos. O crime\" \/>\n<meta name=\"robots\" content=\"index, follow, max-snippet:-1, max-image-preview:large, max-video-preview:-1\" \/>\n<link rel=\"canonical\" href=\"https:\/\/redenoticiaz.com.br\/litoralsp\/2022\/04\/12\/video-trio-acusado-de-matar-vendedor-em-sao-vicente-e-preso\" \/>\n<meta property=\"og:locale\" content=\"pt_BR\" \/>\n<meta property=\"og:type\" content=\"article\" \/>\n<meta property=\"og:title\" content=\"V\u00cdDEO - Trio acusado de matar vendedor em S\u00e3o Vicente \u00e9 preso - Litoral SP\" \/>\n<meta property=\"og:description\" content=\"homens foram presos nesta ter\u00e7a-feira (12) em S\u00e3o Vicente. Eles s\u00e3o acusados de torturarem e matarem um vendedor de 39 anos. O crime\" \/>\n<meta property=\"og:url\" content=\"https:\/\/redenoticiaz.com.br\/litoralsp\/2022\/04\/12\/video-trio-acusado-de-matar-vendedor-em-sao-vicente-e-preso\" \/>\n<meta property=\"og:site_name\" content=\"Litoral SP\" \/>\n<meta property=\"article:published_time\" content=\"2022-04-12T21:26:34+00:00\" \/>\n<meta property=\"og:image\" content=\"https:\/\/redenoticiaz.com.br\/litoralsp\/wp-content\/uploads\/sites\/3\/2022\/04\/whatsapp-image-2022-04-12-at-17-37-41.jpeg\" \/>\n\t<meta property=\"og:image:width\" content=\"1024\" \/>\n\t<meta property=\"og:image:height\" content=\"768\" \/>\n\t<meta property=\"og:image:type\" content=\"image\/jpeg\" \/>\n<meta name=\"author\" content=\"Leonardo Francisco\" \/>\n<meta name=\"twitter:card\" content=\"summary_large_image\" \/>\n<meta name=\"twitter:label1\" content=\"Escrito por\" \/>\n\t<meta name=\"twitter:data1\" content=\"Leonardo Francisco\" \/>\n\t<meta name=\"twitter:label2\" content=\"Est. tempo de leitura\" \/>\n\t<meta name=\"twitter:data2\" content=\"2 minutos\" \/>\n<script type=\"application\/ld+json\" class=\"yoast-schema-graph\">{\"@context\":\"https:\\\/\\\/schema.org\",\"@graph\":[{\"@type\":\"Article\",\"@id\":\"https:\\\/\\\/redenoticiaz.com.br\\\/litoralsp\\\/2022\\\/04\\\/12\\\/video-trio-acusado-de-matar-vendedor-em-sao-vicente-e-preso#article\",\"isPartOf\":{\"@id\":\"https:\\\/\\\/redenoticiaz.com.br\\\/litoralsp\\\/2022\\\/04\\\/12\\\/video-trio-acusado-de-matar-vendedor-em-sao-vicente-e-preso\"},\"author\":{\"name\":\"Leonardo Francisco\",\"@id\":\"https:\\\/\\\/redenoticiaz.com.br\\\/litoralsp\\\/#\\\/schema\\\/person\\\/0f0b8a5bdafefe82841e07ae8d81ecb3\"},\"headline\":\"V\u00cdDEO &#8211; Trio acusado de matar vendedor em S\u00e3o Vicente \u00e9 preso\",\"datePublished\":\"2022-04-12T21:26:34+00:00\",\"mainEntityOfPage\":{\"@id\":\"https:\\\/\\\/redenoticiaz.com.br\\\/litoralsp\\\/2022\\\/04\\\/12\\\/video-trio-acusado-de-matar-vendedor-em-sao-vicente-e-preso\"},\"wordCount\":352,\"commentCount\":0,\"publisher\":{\"@id\":\"https:\\\/\\\/redenoticiaz.com.br\\\/litoralsp\\\/#organization\"},\"image\":{\"@id\":\"https:\\\/\\\/redenoticiaz.com.br\\\/litoralsp\\\/2022\\\/04\\\/12\\\/video-trio-acusado-de-matar-vendedor-em-sao-vicente-e-preso#primaryimage\"},\"thumbnailUrl\":\"https:\\\/\\\/redenoticiaz.com.br\\\/litoralsp\\\/wp-content\\\/uploads\\\/sites\\\/3\\\/2022\\\/04\\\/whatsapp-image-2022-04-12-at-17-37-41.jpeg\",\"keywords\":[\"CORPO ESQUARTEJADO\",\"GOE SANTOS\",\"POL\u00cdCIA CIVIL\",\"S\u00e3o Vicente\",\"TRIO PRESO\"],\"articleSection\":[\"Pol\u00edcia\",\"S\u00e3o Vicente\"],\"inLanguage\":\"pt-BR\",\"potentialAction\":[{\"@type\":\"CommentAction\",\"name\":\"Comment\",\"target\":[\"https:\\\/\\\/redenoticiaz.com.br\\\/litoralsp\\\/2022\\\/04\\\/12\\\/video-trio-acusado-de-matar-vendedor-em-sao-vicente-e-preso#respond\"]}]},{\"@type\":\"WebPage\",\"@id\":\"https:\\\/\\\/redenoticiaz.com.br\\\/litoralsp\\\/2022\\\/04\\\/12\\\/video-trio-acusado-de-matar-vendedor-em-sao-vicente-e-preso\",\"url\":\"https:\\\/\\\/redenoticiaz.com.br\\\/litoralsp\\\/2022\\\/04\\\/12\\\/video-trio-acusado-de-matar-vendedor-em-sao-vicente-e-preso\",\"name\":\"V\u00cdDEO - Trio acusado de matar vendedor em S\u00e3o Vicente \u00e9 preso - Litoral SP\",\"isPartOf\":{\"@id\":\"https:\\\/\\\/redenoticiaz.com.br\\\/litoralsp\\\/#website\"},\"primaryImageOfPage\":{\"@id\":\"https:\\\/\\\/redenoticiaz.com.br\\\/litoralsp\\\/2022\\\/04\\\/12\\\/video-trio-acusado-de-matar-vendedor-em-sao-vicente-e-preso#primaryimage\"},\"image\":{\"@id\":\"https:\\\/\\\/redenoticiaz.com.br\\\/litoralsp\\\/2022\\\/04\\\/12\\\/video-trio-acusado-de-matar-vendedor-em-sao-vicente-e-preso#primaryimage\"},\"thumbnailUrl\":\"https:\\\/\\\/redenoticiaz.com.br\\\/litoralsp\\\/wp-content\\\/uploads\\\/sites\\\/3\\\/2022\\\/04\\\/whatsapp-image-2022-04-12-at-17-37-41.jpeg\",\"datePublished\":\"2022-04-12T21:26:34+00:00\",\"description\":\"homens foram presos nesta ter\u00e7a-feira (12) em S\u00e3o Vicente. Eles s\u00e3o acusados de torturarem e matarem um vendedor de 39 anos. O crime\",\"inLanguage\":\"pt-BR\",\"potentialAction\":[{\"@type\":\"ReadAction\",\"target\":[\"https:\\\/\\\/redenoticiaz.com.br\\\/litoralsp\\\/2022\\\/04\\\/12\\\/video-trio-acusado-de-matar-vendedor-em-sao-vicente-e-preso\"]}]},{\"@type\":\"ImageObject\",\"inLanguage\":\"pt-BR\",\"@id\":\"https:\\\/\\\/redenoticiaz.com.br\\\/litoralsp\\\/2022\\\/04\\\/12\\\/video-trio-acusado-de-matar-vendedor-em-sao-vicente-e-preso#primaryimage\",\"url\":\"https:\\\/\\\/redenoticiaz.com.br\\\/litoralsp\\\/wp-content\\\/uploads\\\/sites\\\/3\\\/2022\\\/04\\\/whatsapp-image-2022-04-12-at-17-37-41.jpeg\",\"contentUrl\":\"https:\\\/\\\/redenoticiaz.com.br\\\/litoralsp\\\/wp-content\\\/uploads\\\/sites\\\/3\\\/2022\\\/04\\\/whatsapp-image-2022-04-12-at-17-37-41.jpeg\",\"width\":1024,\"height\":768,\"caption\":\"Equipes policiais e do GOE fizeram a opera\u00e7\u00e3o pelo J\u00f3quei Clube. Cr\u00e9ditos: Divulga\u00e7\u00e3o\\\/Pol\u00edcia Civil\"},{\"@type\":\"WebSite\",\"@id\":\"https:\\\/\\\/redenoticiaz.com.br\\\/litoralsp\\\/#website\",\"url\":\"https:\\\/\\\/redenoticiaz.com.br\\\/litoralsp\\\/\",\"name\":\"Litoral SP\",\"description\":\"Rede NoticiaZ\",\"publisher\":{\"@id\":\"https:\\\/\\\/redenoticiaz.com.br\\\/litoralsp\\\/#organization\"},\"potentialAction\":[{\"@type\":\"SearchAction\",\"target\":{\"@type\":\"EntryPoint\",\"urlTemplate\":\"https:\\\/\\\/redenoticiaz.com.br\\\/litoralsp\\\/?s={search_term_string}\"},\"query-input\":{\"@type\":\"PropertyValueSpecification\",\"valueRequired\":true,\"valueName\":\"search_term_string\"}}],\"inLanguage\":\"pt-BR\"},{\"@type\":\"Organization\",\"@id\":\"https:\\\/\\\/redenoticiaz.com.br\\\/litoralsp\\\/#organization\",\"name\":\"Litoral SP\",\"url\":\"https:\\\/\\\/redenoticiaz.com.br\\\/litoralsp\\\/\",\"logo\":{\"@type\":\"ImageObject\",\"inLanguage\":\"pt-BR\",\"@id\":\"https:\\\/\\\/redenoticiaz.com.br\\\/litoralsp\\\/#\\\/schema\\\/logo\\\/image\\\/\",\"url\":\"https:\\\/\\\/redenoticiaz.com.br\\\/litoralsp\\\/wp-content\\\/uploads\\\/sites\\\/3\\\/2020\\\/11\\\/logo.jpg\",\"contentUrl\":\"https:\\\/\\\/redenoticiaz.com.br\\\/litoralsp\\\/wp-content\\\/uploads\\\/sites\\\/3\\\/2020\\\/11\\\/logo.jpg\",\"width\":400,\"height\":250,\"caption\":\"Litoral SP\"},\"image\":{\"@id\":\"https:\\\/\\\/redenoticiaz.com.br\\\/litoralsp\\\/#\\\/schema\\\/logo\\\/image\\\/\"}},{\"@type\":\"Person\",\"@id\":\"https:\\\/\\\/redenoticiaz.com.br\\\/litoralsp\\\/#\\\/schema\\\/person\\\/0f0b8a5bdafefe82841e07ae8d81ecb3\",\"name\":\"Leonardo Francisco\",\"image\":{\"@type\":\"ImageObject\",\"inLanguage\":\"pt-BR\",\"@id\":\"https:\\\/\\\/secure.gravatar.com\\\/avatar\\\/a7358cb406a99b682ec6df1e77e31ae82e63601f6784e8a3df411d72b37864da?s=96&d=mm&r=g\",\"url\":\"https:\\\/\\\/secure.gravatar.com\\\/avatar\\\/a7358cb406a99b682ec6df1e77e31ae82e63601f6784e8a3df411d72b37864da?s=96&d=mm&r=g\",\"contentUrl\":\"https:\\\/\\\/secure.gravatar.com\\\/avatar\\\/a7358cb406a99b682ec6df1e77e31ae82e63601f6784e8a3df411d72b37864da?s=96&d=mm&r=g\",\"caption\":\"Leonardo Francisco\"},\"url\":\"https:\\\/\\\/redenoticiaz.com.br\\\/litoralsp\\\/author\\\/leonardo-francisco\"}]}<\/script>\n<!-- \/ Yoast SEO plugin. -->","yoast_head_json":{"title":"V\u00cdDEO - Trio acusado de matar vendedor em S\u00e3o Vicente \u00e9 preso - Litoral SP","description":"homens foram presos nesta ter\u00e7a-feira (12) em S\u00e3o Vicente. Eles s\u00e3o acusados de torturarem e matarem um vendedor de 39 anos. O crime","robots":{"index":"index","follow":"follow","max-snippet":"max-snippet:-1","max-image-preview":"max-image-preview:large","max-video-preview":"max-video-preview:-1"},"canonical":"https:\/\/redenoticiaz.com.br\/litoralsp\/2022\/04\/12\/video-trio-acusado-de-matar-vendedor-em-sao-vicente-e-preso","og_locale":"pt_BR","og_type":"article","og_title":"V\u00cdDEO - Trio acusado de matar vendedor em S\u00e3o Vicente \u00e9 preso - Litoral SP","og_description":"homens foram presos nesta ter\u00e7a-feira (12) em S\u00e3o Vicente. Eles s\u00e3o acusados de torturarem e matarem um vendedor de 39 anos. O crime","og_url":"https:\/\/redenoticiaz.com.br\/litoralsp\/2022\/04\/12\/video-trio-acusado-de-matar-vendedor-em-sao-vicente-e-preso","og_site_name":"Litoral SP","article_published_time":"2022-04-12T21:26:34+00:00","og_image":[{"width":1024,"height":768,"url":"https:\/\/redenoticiaz.com.br\/litoralsp\/wp-content\/uploads\/sites\/3\/2022\/04\/whatsapp-image-2022-04-12-at-17-37-41.jpeg","type":"image\/jpeg"}],"author":"Leonardo Francisco","twitter_card":"summary_large_image","twitter_misc":{"Escrito por":"Leonardo Francisco","Est. tempo de leitura":"2 minutos"},"schema":{"@context":"https:\/\/schema.org","@graph":[{"@type":"Article","@id":"https:\/\/redenoticiaz.com.br\/litoralsp\/2022\/04\/12\/video-trio-acusado-de-matar-vendedor-em-sao-vicente-e-preso#article","isPartOf":{"@id":"https:\/\/redenoticiaz.com.br\/litoralsp\/2022\/04\/12\/video-trio-acusado-de-matar-vendedor-em-sao-vicente-e-preso"},"author":{"name":"Leonardo Francisco","@id":"https:\/\/redenoticiaz.com.br\/litoralsp\/#\/schema\/person\/0f0b8a5bdafefe82841e07ae8d81ecb3"},"headline":"V\u00cdDEO &#8211; Trio acusado de matar vendedor em S\u00e3o Vicente \u00e9 preso","datePublished":"2022-04-12T21:26:34+00:00","mainEntityOfPage":{"@id":"https:\/\/redenoticiaz.com.br\/litoralsp\/2022\/04\/12\/video-trio-acusado-de-matar-vendedor-em-sao-vicente-e-preso"},"wordCount":352,"commentCount":0,"publisher":{"@id":"https:\/\/redenoticiaz.com.br\/litoralsp\/#organization"},"image":{"@id":"https:\/\/redenoticiaz.com.br\/litoralsp\/2022\/04\/12\/video-trio-acusado-de-matar-vendedor-em-sao-vicente-e-preso#primaryimage"},"thumbnailUrl":"https:\/\/redenoticiaz.com.br\/litoralsp\/wp-content\/uploads\/sites\/3\/2022\/04\/whatsapp-image-2022-04-12-at-17-37-41.jpeg","keywords":["CORPO ESQUARTEJADO","GOE SANTOS","POL\u00cdCIA CIVIL","S\u00e3o Vicente","TRIO PRESO"],"articleSection":["Pol\u00edcia","S\u00e3o Vicente"],"inLanguage":"pt-BR","potentialAction":[{"@type":"CommentAction","name":"Comment","target":["https:\/\/redenoticiaz.com.br\/litoralsp\/2022\/04\/12\/video-trio-acusado-de-matar-vendedor-em-sao-vicente-e-preso#respond"]}]},{"@type":"WebPage","@id":"https:\/\/redenoticiaz.com.br\/litoralsp\/2022\/04\/12\/video-trio-acusado-de-matar-vendedor-em-sao-vicente-e-preso","url":"https:\/\/redenoticiaz.com.br\/litoralsp\/2022\/04\/12\/video-trio-acusado-de-matar-vendedor-em-sao-vicente-e-preso","name":"V\u00cdDEO - Trio acusado de matar vendedor em S\u00e3o Vicente \u00e9 preso - Litoral SP","isPartOf":{"@id":"https:\/\/redenoticiaz.com.br\/litoralsp\/#website"},"primaryImageOfPage":{"@id":"https:\/\/redenoticiaz.com.br\/litoralsp\/2022\/04\/12\/video-trio-acusado-de-matar-vendedor-em-sao-vicente-e-preso#primaryimage"},"image":{"@id":"https:\/\/redenoticiaz.com.br\/litoralsp\/2022\/04\/12\/video-trio-acusado-de-matar-vendedor-em-sao-vicente-e-preso#primaryimage"},"thumbnailUrl":"https:\/\/redenoticiaz.com.br\/litoralsp\/wp-content\/uploads\/sites\/3\/2022\/04\/whatsapp-image-2022-04-12-at-17-37-41.jpeg","datePublished":"2022-04-12T21:26:34+00:00","description":"homens foram presos nesta ter\u00e7a-feira (12) em S\u00e3o Vicente. Eles s\u00e3o acusados de torturarem e matarem um vendedor de 39 anos. O crime","inLanguage":"pt-BR","potentialAction":[{"@type":"ReadAction","target":["https:\/\/redenoticiaz.com.br\/litoralsp\/2022\/04\/12\/video-trio-acusado-de-matar-vendedor-em-sao-vicente-e-preso"]}]},{"@type":"ImageObject","inLanguage":"pt-BR","@id":"https:\/\/redenoticiaz.com.br\/litoralsp\/2022\/04\/12\/video-trio-acusado-de-matar-vendedor-em-sao-vicente-e-preso#primaryimage","url":"https:\/\/redenoticiaz.com.br\/litoralsp\/wp-content\/uploads\/sites\/3\/2022\/04\/whatsapp-image-2022-04-12-at-17-37-41.jpeg","contentUrl":"https:\/\/redenoticiaz.com.br\/litoralsp\/wp-content\/uploads\/sites\/3\/2022\/04\/whatsapp-image-2022-04-12-at-17-37-41.jpeg","width":1024,"height":768,"caption":"Equipes policiais e do GOE fizeram a opera\u00e7\u00e3o pelo J\u00f3quei Clube. Cr\u00e9ditos: Divulga\u00e7\u00e3o\/Pol\u00edcia Civil"},{"@type":"WebSite","@id":"https:\/\/redenoticiaz.com.br\/litoralsp\/#website","url":"https:\/\/redenoticiaz.com.br\/litoralsp\/","name":"Litoral SP","description":"Rede NoticiaZ","publisher":{"@id":"https:\/\/redenoticiaz.com.br\/litoralsp\/#organization"},"potentialAction":[{"@type":"SearchAction","target":{"@type":"EntryPoint","urlTemplate":"https:\/\/redenoticiaz.com.br\/litoralsp\/?s={search_term_string}"},"query-input":{"@type":"PropertyValueSpecification","valueRequired":true,"valueName":"search_term_string"}}],"inLanguage":"pt-BR"},{"@type":"Organization","@id":"https:\/\/redenoticiaz.com.br\/litoralsp\/#organization","name":"Litoral SP","url":"https:\/\/redenoticiaz.com.br\/litoralsp\/","logo":{"@type":"ImageObject","inLanguage":"pt-BR","@id":"https:\/\/redenoticiaz.com.br\/litoralsp\/#\/schema\/logo\/image\/","url":"https:\/\/redenoticiaz.com.br\/litoralsp\/wp-content\/uploads\/sites\/3\/2020\/11\/logo.jpg","contentUrl":"https:\/\/redenoticiaz.com.br\/litoralsp\/wp-content\/uploads\/sites\/3\/2020\/11\/logo.jpg","width":400,"height":250,"caption":"Litoral SP"},"image":{"@id":"https:\/\/redenoticiaz.com.br\/litoralsp\/#\/schema\/logo\/image\/"}},{"@type":"Person","@id":"https:\/\/redenoticiaz.com.br\/litoralsp\/#\/schema\/person\/0f0b8a5bdafefe82841e07ae8d81ecb3","name":"Leonardo Francisco","image":{"@type":"ImageObject","inLanguage":"pt-BR","@id":"https:\/\/secure.gravatar.com\/avatar\/a7358cb406a99b682ec6df1e77e31ae82e63601f6784e8a3df411d72b37864da?s=96&d=mm&r=g","url":"https:\/\/secure.gravatar.com\/avatar\/a7358cb406a99b682ec6df1e77e31ae82e63601f6784e8a3df411d72b37864da?s=96&d=mm&r=g","contentUrl":"https:\/\/secure.gravatar.com\/avatar\/a7358cb406a99b682ec6df1e77e31ae82e63601f6784e8a3df411d72b37864da?s=96&d=mm&r=g","caption":"Leonardo Francisco"},"url":"https:\/\/redenoticiaz.com.br\/litoralsp\/author\/leonardo-francisco"}]}},"_links":{"self":[{"href":"https:\/\/redenoticiaz.com.br\/litoralsp\/wp-json\/wp\/v2\/posts\/26536","targetHints":{"allow":["GET"]}}],"collection":[{"href":"https:\/\/redenoticiaz.com.br\/litoralsp\/wp-json\/wp\/v2\/posts"}],"about":[{"href":"https:\/\/redenoticiaz.com.br\/litoralsp\/wp-json\/wp\/v2\/types\/post"}],"author":[{"embeddable":true,"href":"https:\/\/redenoticiaz.com.br\/litoralsp\/wp-json\/wp\/v2\/users\/6"}],"replies":[{"embeddable":true,"href":"https:\/\/redenoticiaz.com.br\/litoralsp\/wp-json\/wp\/v2\/comments?post=26536"}],"version-history":[{"count":1,"href":"https:\/\/redenoticiaz.com.br\/litoralsp\/wp-json\/wp\/v2\/posts\/26536\/revisions"}],"predecessor-version":[{"id":26540,"href":"https:\/\/redenoticiaz.com.br\/litoralsp\/wp-json\/wp\/v2\/posts\/26536\/revisions\/26540"}],"wp:featuredmedia":[{"embeddable":true,"href":"https:\/\/redenoticiaz.com.br\/litoralsp\/wp-json\/wp\/v2\/media\/26538"}],"wp:attachment":[{"href":"https:\/\/redenoticiaz.com.br\/litoralsp\/wp-json\/wp\/v2\/media?parent=26536"}],"wp:term":[{"taxonomy":"category","embeddable":true,"href":"https:\/\/redenoticiaz.com.br\/litoralsp\/wp-json\/wp\/v2\/categories?post=26536"},{"taxonomy":"post_tag","embeddable":true,"href":"https:\/\/redenoticiaz.com.br\/litoralsp\/wp-json\/wp\/v2\/tags?post=26536"}],"curies":[{"name":"wp","href":"https:\/\/api.w.org\/{rel}","templated":true}]}}